{"id":4376,"date":"2025-05-09T10:49:55","date_gmt":"2025-05-09T08:49:55","guid":{"rendered":"https:\/\/nordnesrepublikken.no\/index.php\/2025\/05\/09\/fordi-han-valgte-navnet-inspirert-av-leone-xiii\/"},"modified":"2025-05-09T10:49:55","modified_gmt":"2025-05-09T08:49:55","slug":"fordi-han-valgte-navnet-inspirert-av-leone-xiii","status":"publish","type":"post","link":"https:\/\/nordnesrepublikken.no\/index.php\/2025\/05\/09\/fordi-han-valgte-navnet-inspirert-av-leone-xiii\/","title":{"rendered":"Fordi han valgte navnet inspirert av Leone XIII"},"content":{"rendered":"<div>\n<div class=\"cp_wrapper cp_wrapper--fw mb-30 mb-20@tablet\">\n<figure class=\"mm\"><picture class=\"img\" style=\"padding-top:56.25%\"><source  media=\"(min-width: 1024px)\"><source  media=\"(min-width: 768px)\"><\/source><\/source><\/picture><\/figure>\n<\/p><\/div>\n<p><strong>Robert Francis Prevost<\/strong>valgt <strong>Pave Leone XIV<\/strong>er den f\u00f8rste nordamerikanske paven valgt av en konklave og <strong>F\u00f8rste Augustinian Pontiff<\/strong> i historien. F\u00f8dt i <strong>Chicago<\/strong> I<strong> 1955<\/strong>gikk inn i den augustinske ordren som ten\u00e5ring og i 1982 ble han ordinert til prest. Siden den gang har han delt livet <strong>mellom USA og Peru<\/strong>Et land der han bodde i mange \u00e5r og som han eier statsborgerskap. I 2023 kalte Francesco ham til Roma og utnevnte kardinal. Nettopp valgt han valgte \u00e5 <strong>Ring Leone<\/strong>sannsynligvis i hyllest til <strong>L\u00f8ve<\/strong> <strong>Xiii<\/strong>paven som p\u00e5 slutten av det nittende \u00e5rhundre ga ut <strong><em>Rerum Novarum<\/em><\/strong>det f\u00f8rste leksikonet som er dedikert til det sosiale sp\u00f8rsm\u00e5let.<\/p>\n<p>Prevost regnes som en <strong>Moderat progressiv<\/strong>: godtar ikke store endringer i l\u00e6ren og i &laquo;ledelsen&raquo; av kirken, men er utplassert p\u00e5 \u00e5pningsposisjoner for sosiale sp\u00f8rsm\u00e5l som <strong>migrasjon<\/strong> Og for dette befant han seg i motsetning til Trump -administrasjonen.<\/p>\n<h2>Biografi om den nye paven: Robert Prevosts opprinnelse og studier<\/h2>\n<p>Robert Francis Prevost ble f\u00f8dt i <strong>Chicago 14. september 1955<\/strong> Og han tilbrakte barndommen i a <strong>Tegnet<\/strong>i byens innlandet. Tilh\u00f8rer en <strong>Multietnisk familie<\/strong>: Far Louis Marius hadde italiensk og fransk opprinnelse, mor Mildred Martinez var av spansk opprinnelse. Som ten\u00e5ring gikk Robert inn p\u00e5 et seminar av <strong>Augustinian Friars<\/strong> Og i 1973 fikk han vitnem\u00e5let sitt. Senere ble han uteksaminert i matematikk fra Villanova University i Filadelfia. I 1982 ble han ordinert til prest.<\/p>\n<div class=\"cp_wrapper cp_wrapper--fw mb-50\">\n<figure class=\"mm\"><picture class=\"img\" style=\"padding-top:75%\"><source  media=\"(min-width: 1024px)\"><source  media=\"(min-width: 768px)\"><img decoding=\"async\" loading=\"lazy\" src=\"https:\/\/nordnesrepublikken.no\/wp-content\/uploads\/2025\/05\/1746780592_435_Fordi-han-valgte-navnet-inspirert-av-Leone-XIII.jpg\" alt=\"Huset der Robert Prevost tilbrakte barndommen\" width=\"1920\" height=\"1440\"><\/source><\/source><\/picture><\/figure>\n<\/p><\/div>\n<h2><strong>Som er augustinerne<\/strong><\/h2>\n<p>Robert Francis Prevost er <strong>F\u00f8rste augustinske pave<\/strong> i historien til den katolske kirken. Augustinerne er medlemmer av<strong>Orden av Sant&#8217;agostino,<\/strong> Grunnlagt i det fjerne 1256, og er basert p\u00e5 ydmykhet og p\u00e5 en sterk spiritualitet som understreker interi\u00f8ret og s\u00f8ket etter sannhet. De er inspirert av l\u00e6ren til Sant&#8217;agostino d&#8217;Appona, IV Century Christian teolog og filosof.<\/p>\n<p>Ordren er dedikert til <strong>samfunnslivet<\/strong>til b\u00f8nn, studere og forkynne, fremme <strong>veldedighet<\/strong>The <strong>rettferdighet<\/strong> Og kj\u00e6rlighet til Gud og til andre, som overf\u00f8rer i forskjellige land i verden med utdanning, misjon og pastoral omsorg.<\/p>\n<h2><strong>Misjon\u00e6r i Peru<\/strong><\/h2>\n<p>I 1985 kom Prevost for f\u00f8rste gang i et land som skulle bli hans andre hjem: Peru. Hans overordnede av den augustinske orden tildelte ham oppdraget til <strong>bisped\u00f8mme i Chulucanas<\/strong>Suffragana fra erkebisped\u00f8mmet Piura.<\/p>\n<div class=\"cp_wrapper cp_wrapper--fw mb-50\">\n<figure class=\"mm\"><picture class=\"img\" style=\"padding-top:133.30078125%\"><source  media=\"(min-width: 1024px)\"><source  media=\"(min-width: 768px)\"><img decoding=\"async\" loading=\"lazy\" src=\"https:\/\/nordnesrepublikken.no\/wp-content\/uploads\/2025\/05\/1746780593_514_Fordi-han-valgte-navnet-inspirert-av-Leone-XIII.jpg\" alt=\"Katedralen i Piura (krediterer Pitxiquin via Wikimedia Commons)\" width=\"1024\" height=\"1365\" class=\"js-seedtag-img\"><\/source><\/source><\/picture><\/figure>\n<\/p><\/div>\n<p>Prevost forble i Peru til \u00e5ret etter, senere fikk han en doktorgrad ved San Tommaso d&#8217;Aquino University og kom tilbake til USA. I 1988 flyttet han til Peru igjen: han ble utnevnt til direkt\u00f8r for <strong>Agostinsk seminar av Trujillo<\/strong> Og han ble v\u00e6rende i det latinamerikanske landet i ti \u00e5r, frem til 1998. Da han kom tilbake til USA, hadde han en karriere i augustinsk orden: han ble utnevnt til provinsiell far til Chicago og i 2001 ble han <strong>tidligere general<\/strong>et slags &laquo;hode&raquo; av ordren. Han holdt oppdraget for to seks \u00e5rlige mandater, frem til 2013.<\/p>\n<h2><strong>Karrieren til Prevost i kirken og ankomst til Roma<\/strong><\/h2>\n<p>I 2014 oppn\u00e5dde Prevost <strong>Utnevnelse til biskop<\/strong> Og han kom tilbake til Peru som en apostolisk administrator, og senere biskop, av <strong>bisped\u00f8mme i Chiclayo<\/strong>. Det forble ved roret til bisped\u00f8mmet frem til 2023, og antok ogs\u00e5 stillingen som visepresident for den peruanske Episcopal -konferansen. I 2023 kalte Francesco ham til Roma, utnevnte ham til kardinal og overlot ham viktige stillinger i den romerske curia: prefekt av <strong>Dicasteri for biskopene<\/strong> og president for <strong>Pontifical Commission for Latin America<\/strong>.<\/p>\n<p>I mars i fjor ble Prevost beskyldt av en amerikansk forening for \u00e5 ha dekket <strong>Seksuelle overgrep<\/strong> P\u00e5 mindre\u00e5rige b\u00e5de i Chicago og i Peru. Anklagene ble imidlertid ikke bevist.<\/p>\n<h2><strong>Fordi Prevost valgte Leone som et pontifisk navn<\/strong><\/h2>\n<p>Robert Prevost ble valgt til pave 8. mai 2025 kl <strong>Fjerde stemmeseddel<\/strong> av konklaven. P\u00e5 tampen av avstemningen ble det ikke betraktet som en av de &laquo;mest kvalifiserte&raquo;. Journalistiske indiskresjoner vil at den skal velges fordi favoritten, <strong>Pietro parolin<\/strong>trukket tilbake sitt kandidatur da han inns\u00e5 at han ikke hadde de n\u00f8dvendige stemmer, og at han risikerte \u00e5 skape et brudd i kirken. Det som er sikkert er at nettopp valgt, har kardinal prevost valgt \u00e5 bli kalt <strong>Leo xiv<\/strong>.<\/p>\n<p>Mange hevder at dette valget representerer en kontinuitetshandling med hensyn til den siste pontiffen med dette navnet, <strong>Leo xiii<\/strong>i vervet fra 1878 til 1903, kjent for sitt engasjement for sosiale sp\u00f8rsm\u00e5l. I 1891 utstedte han leksikon <em>Rerum Novarum<\/em>som fokuserte p\u00e5 forholdene til arbeiderne, ford\u00f8mmer sosialisme og revolusjonerende perspektiver, men ogs\u00e5 bekrefter behovet for at arbeidsforholdene skal forbedre seg og at mastergraden den dencely behandlet sine ansatte. Starter fra <em>Rerum Novarum<\/em> de <strong>Kirkens sosial l\u00e6re<\/strong> Og assosiasjonene til katolske arbeidere har styrket seg.<\/p>\n<div class=\"cp_wrapper cp_wrapper--fw mb-50\">\n<figure class=\"mm\"><picture class=\"img\" style=\"padding-top:150%\"><source  media=\"(min-width: 1024px)\"><source  media=\"(min-width: 768px)\"><img decoding=\"async\" loading=\"lazy\" src=\"https:\/\/nordnesrepublikken.no\/wp-content\/uploads\/2025\/05\/Fordi-han-valgte-navnet-inspirert-av-Leone-XIII.jpeg\" alt=\"Leo xiii\" width=\"1024\" height=\"1536\"><\/source><\/source><\/picture><\/figure>\n<\/p><\/div>\n<p>I sin f\u00f8rste tale som pave har Leone XIV imidlertid gjentatte ganger p\u00e5kalt verdensfred, men har ikke referert til sosiale sp\u00f8rsm\u00e5l.<\/p>\n<h2><strong>De politiske stillingene til Leone XIV og forholdet til Trump -administrasjonen<\/strong><\/h2>\n<p>Den nye paven regnes som en <strong>Moderat progressiv<\/strong>ganske n\u00e6r Bergoglio. P\u00e5 doktrin\u00e6re sp\u00f8rsm\u00e5l ble det vist <strong>Lite tilgjengelig for radikale endringer<\/strong>: Han uttrykte seg mot ideen om at kvinner f\u00e5r tilgang til prested\u00f8mmet og tok p\u00e5 seg et sted som ikke er veldig definert p\u00e5 hendelsen av <strong>&laquo;Innr\u00f8mme&raquo; homoseksuelle i kirken<\/strong>: Selv om han tidligere tydelig hadde uttrykt seg mot &laquo;tro og praksis som motsier evangeliet&raquo;, i 2023 valgte han \u00e5 <strong>Ikke st\u00f8tter eller nekt erkl\u00e6ringen om tillit til erkl\u00e6ringen <\/strong>(som Holy See har \u00e5pnet for muligheten for \u00e5 velsigne mennesker som er en del av homoseksuelle par). Faktisk hevdet han at de individuelle episkopale konferansene m\u00e5 tolke dokumentet som tar hensyn til konteksten de opererer i. I stedet uttrykte han seg ikke p\u00e5 sp\u00f8rsm\u00e5let om <strong>kirkelig s\u00f8libat<\/strong>.<\/p>\n<p>P\u00e5 andre temaer ser Leo XIV ut til \u00e5 ha ideer som ligner p\u00e5 Francesco, og fant seg derfor uenig med administrasjonen av Donald Trump. P\u00e5 sp\u00f8rsm\u00e5let om <strong>migrasjon<\/strong>Vi skrupler ikke for \u00e5 kritisere presidentens politiske valg (som som vi vet startet en deportasjonsplan for migranter) og i fjor delte han et brev fra Francesco p\u00e5 sine sosiale nettverk som som <strong>Han kritiserte noen uttalelser fra visepresident JD Vance<\/strong>.<\/p>\n<p>Ogs\u00e5 p\u00e5 <strong>milj\u00f8sp\u00f8rsm\u00e5l <\/strong>Leone XIV st\u00f8tter stillinger som ligner p\u00e5 Francesco, som tydelig hadde utplassert til fordel for kampen mot klimaendringer.<\/p>\n<div class=\"cp_wrapper cp_wrapper--fw mb-50\">\n<figure class=\"mm\"><picture class=\"img\" style=\"padding-top:129.39453125%\"><source  media=\"(min-width: 1024px)\"><source  media=\"(min-width: 768px)\"><img decoding=\"async\" loading=\"lazy\" src=\"https:\/\/nordnesrepublikken.no\/wp-content\/uploads\/2025\/05\/1746780595_484_Fordi-han-valgte-navnet-inspirert-av-Leone-XIII.jpg\" alt=\"Visepresident Vance\" width=\"1024\" height=\"1325\" class=\"js-seedtag-img\"><\/source><\/source><\/picture><\/figure>\n<\/p><\/div>\n<p>Dessuten ser det ikke ut til at den nye Pontiffen er i direkte kontakt med Donald Trump, og heller ikke har funnet bekreftelse p\u00e5 indiskretjonen som den amerikanske presidenten ville ha gitt en donasjon til den hellige se for \u00e5 p\u00e5virke konklaven. Trump uttrykte <strong>tilfredshet for valget av en amerikansk pave<\/strong>men som tidligere sagt at Leone XIV er utplassert p\u00e5 stillinger som er ganske forskjellige fra hans, og if\u00f8lge noen analytikere ble han valgt nettopp til \u00e5 motvirke det hegemoniske prosjektet til den amerikanske administrasjonen med kristendommens verdier. Bare tiden vil fortelle oss hva som vil v\u00e6re betonghandlingene til pontiffen og hans forhold til verdens mektige.<\/p>\n<\/p><\/div>\n","protected":false},"excerpt":{"rendered":"<p>Robert Francis Prevostvalgt Pave Leone XIVer den f\u00f8rste nordamerikanske paven valgt av en konklave og<\/p>\n","protected":false},"author":1,"featured_media":4377,"comment_status":"closed","ping_status":"open","sticky":false,"template":"","format":"standard","meta":{"footnotes":""},"categories":[104],"tags":[83,592,2016,2239,2238,2237,2240],"class_list":["post-4376","post","type-post","status-publish","format-standard","has-post-thumbnail","hentry","category-samfunn","tag-fordi","tag-han","tag-inspirert","tag-leone","tag-navnet","tag-valgte","tag-xiii","generate-columns","tablet-grid-50","mobile-grid-100","grid-parent","grid-33","resize-featured-image"],"yoast_head":"<!-- This site is optimized with the Yoast SEO plugin v24.4 - https:\/\/yoast.com\/wordpress\/plugins\/seo\/ -->\n<title>Fordi han valgte navnet inspirert av Leone XIII - Nordnesrepublikken<\/title>\n<meta name=\"robots\" content=\"index, follow, max-snippet:-1, max-image-preview:large, max-video-preview:-1\" \/>\n<link rel=\"canonical\" href=\"https:\/\/nordnesrepublikken.no\/index.php\/2025\/05\/09\/fordi-han-valgte-navnet-inspirert-av-leone-xiii\/\" \/>\n<meta property=\"og:locale\" content=\"nb_NO\" \/>\n<meta property=\"og:type\" content=\"article\" \/>\n<meta property=\"og:title\" content=\"Fordi han valgte navnet inspirert av Leone XIII - Nordnesrepublikken\" \/>\n<meta property=\"og:description\" content=\"Robert Francis Prevostvalgt Pave Leone XIVer den f\u00f8rste nordamerikanske paven valgt av en konklave og\" \/>\n<meta property=\"og:url\" content=\"https:\/\/nordnesrepublikken.no\/index.php\/2025\/05\/09\/fordi-han-valgte-navnet-inspirert-av-leone-xiii\/\" \/>\n<meta property=\"og:site_name\" content=\"Nordnesrepublikken\" \/>\n<meta property=\"article:published_time\" content=\"2025-05-09T08:49:55+00:00\" \/>\n<meta property=\"og:image\" content=\"https:\/\/nordnesrepublikken.no\/wp-content\/uploads\/2025\/05\/1746780595_Fordi-han-valgte-navnet-inspirert-av-Leone-XIII.jpg\" \/>\n\t<meta property=\"og:image:width\" content=\"1024\" \/>\n\t<meta property=\"og:image:height\" content=\"654\" \/>\n\t<meta property=\"og:image:type\" content=\"image\/jpeg\" \/>\n<meta name=\"author\" content=\"Ole Andersen\" \/>\n<meta name=\"twitter:card\" content=\"summary_large_image\" \/>\n<meta name=\"twitter:label1\" content=\"Skrevet av\" \/>\n\t<meta name=\"twitter:data1\" content=\"Ole Andersen\" \/>\n\t<meta name=\"twitter:label2\" content=\"Ansl. lesetid\" \/>\n\t<meta name=\"twitter:data2\" content=\"6 minutter\" \/>\n<script type=\"application\/ld+json\" class=\"yoast-schema-graph\">{\"@context\":\"https:\/\/schema.org\",\"@graph\":[{\"@type\":\"Article\",\"@id\":\"https:\/\/nordnesrepublikken.no\/index.php\/2025\/05\/09\/fordi-han-valgte-navnet-inspirert-av-leone-xiii\/#article\",\"isPartOf\":{\"@id\":\"https:\/\/nordnesrepublikken.no\/index.php\/2025\/05\/09\/fordi-han-valgte-navnet-inspirert-av-leone-xiii\/\"},\"author\":{\"name\":\"Ole Andersen\",\"@id\":\"https:\/\/nordnesrepublikken.no\/#\/schema\/person\/2e7e81935bab77882fffb79296240ff1\"},\"headline\":\"Fordi han valgte navnet inspirert av Leone XIII\",\"datePublished\":\"2025-05-09T08:49:55+00:00\",\"mainEntityOfPage\":{\"@id\":\"https:\/\/nordnesrepublikken.no\/index.php\/2025\/05\/09\/fordi-han-valgte-navnet-inspirert-av-leone-xiii\/\"},\"wordCount\":1136,\"publisher\":{\"@id\":\"https:\/\/nordnesrepublikken.no\/#organization\"},\"image\":{\"@id\":\"https:\/\/nordnesrepublikken.no\/index.php\/2025\/05\/09\/fordi-han-valgte-navnet-inspirert-av-leone-xiii\/#primaryimage\"},\"thumbnailUrl\":\"https:\/\/nordnesrepublikken.no\/wp-content\/uploads\/2025\/05\/1746780595_Fordi-han-valgte-navnet-inspirert-av-Leone-XIII.jpg\",\"keywords\":[\"Fordi\",\"Han\",\"inspirert\",\"Leone\",\"navnet\",\"valgte\",\"XIII\"],\"articleSection\":[\"Samfunn\"],\"inLanguage\":\"nb-NO\"},{\"@type\":\"WebPage\",\"@id\":\"https:\/\/nordnesrepublikken.no\/index.php\/2025\/05\/09\/fordi-han-valgte-navnet-inspirert-av-leone-xiii\/\",\"url\":\"https:\/\/nordnesrepublikken.no\/index.php\/2025\/05\/09\/fordi-han-valgte-navnet-inspirert-av-leone-xiii\/\",\"name\":\"Fordi han valgte navnet inspirert av Leone XIII - Nordnesrepublikken\",\"isPartOf\":{\"@id\":\"https:\/\/nordnesrepublikken.no\/#website\"},\"primaryImageOfPage\":{\"@id\":\"https:\/\/nordnesrepublikken.no\/index.php\/2025\/05\/09\/fordi-han-valgte-navnet-inspirert-av-leone-xiii\/#primaryimage\"},\"image\":{\"@id\":\"https:\/\/nordnesrepublikken.no\/index.php\/2025\/05\/09\/fordi-han-valgte-navnet-inspirert-av-leone-xiii\/#primaryimage\"},\"thumbnailUrl\":\"https:\/\/nordnesrepublikken.no\/wp-content\/uploads\/2025\/05\/1746780595_Fordi-han-valgte-navnet-inspirert-av-Leone-XIII.jpg\",\"datePublished\":\"2025-05-09T08:49:55+00:00\",\"breadcrumb\":{\"@id\":\"https:\/\/nordnesrepublikken.no\/index.php\/2025\/05\/09\/fordi-han-valgte-navnet-inspirert-av-leone-xiii\/#breadcrumb\"},\"inLanguage\":\"nb-NO\",\"potentialAction\":[{\"@type\":\"ReadAction\",\"target\":[\"https:\/\/nordnesrepublikken.no\/index.php\/2025\/05\/09\/fordi-han-valgte-navnet-inspirert-av-leone-xiii\/\"]}]},{\"@type\":\"ImageObject\",\"inLanguage\":\"nb-NO\",\"@id\":\"https:\/\/nordnesrepublikken.no\/index.php\/2025\/05\/09\/fordi-han-valgte-navnet-inspirert-av-leone-xiii\/#primaryimage\",\"url\":\"https:\/\/nordnesrepublikken.no\/wp-content\/uploads\/2025\/05\/1746780595_Fordi-han-valgte-navnet-inspirert-av-Leone-XIII.jpg\",\"contentUrl\":\"https:\/\/nordnesrepublikken.no\/wp-content\/uploads\/2025\/05\/1746780595_Fordi-han-valgte-navnet-inspirert-av-Leone-XIII.jpg\",\"width\":1024,\"height\":654,\"caption\":\"Prevost Copertina\"},{\"@type\":\"BreadcrumbList\",\"@id\":\"https:\/\/nordnesrepublikken.no\/index.php\/2025\/05\/09\/fordi-han-valgte-navnet-inspirert-av-leone-xiii\/#breadcrumb\",\"itemListElement\":[{\"@type\":\"ListItem\",\"position\":1,\"name\":\"Home\",\"item\":\"https:\/\/nordnesrepublikken.no\/\"},{\"@type\":\"ListItem\",\"position\":2,\"name\":\"Fordi han valgte navnet inspirert av Leone XIII\"}]},{\"@type\":\"WebSite\",\"@id\":\"https:\/\/nordnesrepublikken.no\/#website\",\"url\":\"https:\/\/nordnesrepublikken.no\/\",\"name\":\"Nordnesrepublikken\",\"description\":\"Stemmer og Visjoner fra Republikkens Hjerte\",\"publisher\":{\"@id\":\"https:\/\/nordnesrepublikken.no\/#organization\"},\"potentialAction\":[{\"@type\":\"SearchAction\",\"target\":{\"@type\":\"EntryPoint\",\"urlTemplate\":\"https:\/\/nordnesrepublikken.no\/?s={search_term_string}\"},\"query-input\":{\"@type\":\"PropertyValueSpecification\",\"valueRequired\":true,\"valueName\":\"search_term_string\"}}],\"inLanguage\":\"nb-NO\"},{\"@type\":\"Organization\",\"@id\":\"https:\/\/nordnesrepublikken.no\/#organization\",\"name\":\"Nordnesrepublikken\",\"url\":\"https:\/\/nordnesrepublikken.no\/\",\"logo\":{\"@type\":\"ImageObject\",\"inLanguage\":\"nb-NO\",\"@id\":\"https:\/\/nordnesrepublikken.no\/#\/schema\/logo\/image\/\",\"url\":\"https:\/\/nordnesrepublikken.no\/wp-content\/uploads\/2025\/02\/cropped-nordnesrepublikken-2.png\",\"contentUrl\":\"https:\/\/nordnesrepublikken.no\/wp-content\/uploads\/2025\/02\/cropped-nordnesrepublikken-2.png\",\"width\":1248,\"height\":362,\"caption\":\"Nordnesrepublikken\"},\"image\":{\"@id\":\"https:\/\/nordnesrepublikken.no\/#\/schema\/logo\/image\/\"}},{\"@type\":\"Person\",\"@id\":\"https:\/\/nordnesrepublikken.no\/#\/schema\/person\/2e7e81935bab77882fffb79296240ff1\",\"name\":\"Ole Andersen\",\"image\":{\"@type\":\"ImageObject\",\"inLanguage\":\"nb-NO\",\"@id\":\"https:\/\/nordnesrepublikken.no\/#\/schema\/person\/image\/\",\"url\":\"https:\/\/nordnesrepublikken.no\/wp-content\/uploads\/2025\/02\/nordnesrepublikken-2-2-150x150.jpg\",\"contentUrl\":\"https:\/\/nordnesrepublikken.no\/wp-content\/uploads\/2025\/02\/nordnesrepublikken-2-2-150x150.jpg\",\"caption\":\"Ole Andersen\"},\"description\":\"Ettersom jeg vokste opp i Oslo, har jeg alltid v\u00e6rt fascinert av ordenes kraft og deres evne til \u00e5 skape endringer. Etter \u00e5 ha fullf\u00f8rt min utdannelse i kommunikasjon ved Universitetet i Bergen, fikk jeg muligheten til \u00e5 jobbe innen ulike medier, der jeg har s\u00f8kt \u00e5 belyse viktige samfunnssp\u00f8rsm\u00e5l. I dag, som redakt\u00f8r for Nordnesrepublikken, pr\u00f8ver jeg \u00e5 forene min kj\u00e6rlighet for journalistikk med min lidenskap for innovasjon og eventyr.\",\"sameAs\":[\"https:\/\/nordnesrepublikken.no\/\"]}]}<\/script>\n<!-- \/ Yoast SEO plugin. -->","yoast_head_json":{"title":"Fordi han valgte navnet inspirert av Leone XIII - Nordnesrepublikken","robots":{"index":"index","follow":"follow","max-snippet":"max-snippet:-1","max-image-preview":"max-image-preview:large","max-video-preview":"max-video-preview:-1"},"canonical":"https:\/\/nordnesrepublikken.no\/index.php\/2025\/05\/09\/fordi-han-valgte-navnet-inspirert-av-leone-xiii\/","og_locale":"nb_NO","og_type":"article","og_title":"Fordi han valgte navnet inspirert av Leone XIII - Nordnesrepublikken","og_description":"Robert Francis Prevostvalgt Pave Leone XIVer den f\u00f8rste nordamerikanske paven valgt av en konklave og","og_url":"https:\/\/nordnesrepublikken.no\/index.php\/2025\/05\/09\/fordi-han-valgte-navnet-inspirert-av-leone-xiii\/","og_site_name":"Nordnesrepublikken","article_published_time":"2025-05-09T08:49:55+00:00","og_image":[{"width":1024,"height":654,"url":"https:\/\/nordnesrepublikken.no\/wp-content\/uploads\/2025\/05\/1746780595_Fordi-han-valgte-navnet-inspirert-av-Leone-XIII.jpg","type":"image\/jpeg"}],"author":"Ole Andersen","twitter_card":"summary_large_image","twitter_misc":{"Skrevet av":"Ole Andersen","Ansl. lesetid":"6 minutter"},"schema":{"@context":"https:\/\/schema.org","@graph":[{"@type":"Article","@id":"https:\/\/nordnesrepublikken.no\/index.php\/2025\/05\/09\/fordi-han-valgte-navnet-inspirert-av-leone-xiii\/#article","isPartOf":{"@id":"https:\/\/nordnesrepublikken.no\/index.php\/2025\/05\/09\/fordi-han-valgte-navnet-inspirert-av-leone-xiii\/"},"author":{"name":"Ole Andersen","@id":"https:\/\/nordnesrepublikken.no\/#\/schema\/person\/2e7e81935bab77882fffb79296240ff1"},"headline":"Fordi han valgte navnet inspirert av Leone XIII","datePublished":"2025-05-09T08:49:55+00:00","mainEntityOfPage":{"@id":"https:\/\/nordnesrepublikken.no\/index.php\/2025\/05\/09\/fordi-han-valgte-navnet-inspirert-av-leone-xiii\/"},"wordCount":1136,"publisher":{"@id":"https:\/\/nordnesrepublikken.no\/#organization"},"image":{"@id":"https:\/\/nordnesrepublikken.no\/index.php\/2025\/05\/09\/fordi-han-valgte-navnet-inspirert-av-leone-xiii\/#primaryimage"},"thumbnailUrl":"https:\/\/nordnesrepublikken.no\/wp-content\/uploads\/2025\/05\/1746780595_Fordi-han-valgte-navnet-inspirert-av-Leone-XIII.jpg","keywords":["Fordi","Han","inspirert","Leone","navnet","valgte","XIII"],"articleSection":["Samfunn"],"inLanguage":"nb-NO"},{"@type":"WebPage","@id":"https:\/\/nordnesrepublikken.no\/index.php\/2025\/05\/09\/fordi-han-valgte-navnet-inspirert-av-leone-xiii\/","url":"https:\/\/nordnesrepublikken.no\/index.php\/2025\/05\/09\/fordi-han-valgte-navnet-inspirert-av-leone-xiii\/","name":"Fordi han valgte navnet inspirert av Leone XIII - Nordnesrepublikken","isPartOf":{"@id":"https:\/\/nordnesrepublikken.no\/#website"},"primaryImageOfPage":{"@id":"https:\/\/nordnesrepublikken.no\/index.php\/2025\/05\/09\/fordi-han-valgte-navnet-inspirert-av-leone-xiii\/#primaryimage"},"image":{"@id":"https:\/\/nordnesrepublikken.no\/index.php\/2025\/05\/09\/fordi-han-valgte-navnet-inspirert-av-leone-xiii\/#primaryimage"},"thumbnailUrl":"https:\/\/nordnesrepublikken.no\/wp-content\/uploads\/2025\/05\/1746780595_Fordi-han-valgte-navnet-inspirert-av-Leone-XIII.jpg","datePublished":"2025-05-09T08:49:55+00:00","breadcrumb":{"@id":"https:\/\/nordnesrepublikken.no\/index.php\/2025\/05\/09\/fordi-han-valgte-navnet-inspirert-av-leone-xiii\/#breadcrumb"},"inLanguage":"nb-NO","potentialAction":[{"@type":"ReadAction","target":["https:\/\/nordnesrepublikken.no\/index.php\/2025\/05\/09\/fordi-han-valgte-navnet-inspirert-av-leone-xiii\/"]}]},{"@type":"ImageObject","inLanguage":"nb-NO","@id":"https:\/\/nordnesrepublikken.no\/index.php\/2025\/05\/09\/fordi-han-valgte-navnet-inspirert-av-leone-xiii\/#primaryimage","url":"https:\/\/nordnesrepublikken.no\/wp-content\/uploads\/2025\/05\/1746780595_Fordi-han-valgte-navnet-inspirert-av-Leone-XIII.jpg","contentUrl":"https:\/\/nordnesrepublikken.no\/wp-content\/uploads\/2025\/05\/1746780595_Fordi-han-valgte-navnet-inspirert-av-Leone-XIII.jpg","width":1024,"height":654,"caption":"Prevost Copertina"},{"@type":"BreadcrumbList","@id":"https:\/\/nordnesrepublikken.no\/index.php\/2025\/05\/09\/fordi-han-valgte-navnet-inspirert-av-leone-xiii\/#breadcrumb","itemListElement":[{"@type":"ListItem","position":1,"name":"Home","item":"https:\/\/nordnesrepublikken.no\/"},{"@type":"ListItem","position":2,"name":"Fordi han valgte navnet inspirert av Leone XIII"}]},{"@type":"WebSite","@id":"https:\/\/nordnesrepublikken.no\/#website","url":"https:\/\/nordnesrepublikken.no\/","name":"Nordnesrepublikken","description":"Stemmer og Visjoner fra Republikkens Hjerte","publisher":{"@id":"https:\/\/nordnesrepublikken.no\/#organization"},"potentialAction":[{"@type":"SearchAction","target":{"@type":"EntryPoint","urlTemplate":"https:\/\/nordnesrepublikken.no\/?s={search_term_string}"},"query-input":{"@type":"PropertyValueSpecification","valueRequired":true,"valueName":"search_term_string"}}],"inLanguage":"nb-NO"},{"@type":"Organization","@id":"https:\/\/nordnesrepublikken.no\/#organization","name":"Nordnesrepublikken","url":"https:\/\/nordnesrepublikken.no\/","logo":{"@type":"ImageObject","inLanguage":"nb-NO","@id":"https:\/\/nordnesrepublikken.no\/#\/schema\/logo\/image\/","url":"https:\/\/nordnesrepublikken.no\/wp-content\/uploads\/2025\/02\/cropped-nordnesrepublikken-2.png","contentUrl":"https:\/\/nordnesrepublikken.no\/wp-content\/uploads\/2025\/02\/cropped-nordnesrepublikken-2.png","width":1248,"height":362,"caption":"Nordnesrepublikken"},"image":{"@id":"https:\/\/nordnesrepublikken.no\/#\/schema\/logo\/image\/"}},{"@type":"Person","@id":"https:\/\/nordnesrepublikken.no\/#\/schema\/person\/2e7e81935bab77882fffb79296240ff1","name":"Ole Andersen","image":{"@type":"ImageObject","inLanguage":"nb-NO","@id":"https:\/\/nordnesrepublikken.no\/#\/schema\/person\/image\/","url":"https:\/\/nordnesrepublikken.no\/wp-content\/uploads\/2025\/02\/nordnesrepublikken-2-2-150x150.jpg","contentUrl":"https:\/\/nordnesrepublikken.no\/wp-content\/uploads\/2025\/02\/nordnesrepublikken-2-2-150x150.jpg","caption":"Ole Andersen"},"description":"Ettersom jeg vokste opp i Oslo, har jeg alltid v\u00e6rt fascinert av ordenes kraft og deres evne til \u00e5 skape endringer. Etter \u00e5 ha fullf\u00f8rt min utdannelse i kommunikasjon ved Universitetet i Bergen, fikk jeg muligheten til \u00e5 jobbe innen ulike medier, der jeg har s\u00f8kt \u00e5 belyse viktige samfunnssp\u00f8rsm\u00e5l. I dag, som redakt\u00f8r for Nordnesrepublikken, pr\u00f8ver jeg \u00e5 forene min kj\u00e6rlighet for journalistikk med min lidenskap for innovasjon og eventyr.","sameAs":["https:\/\/nordnesrepublikken.no\/"]}]}},"_links":{"self":[{"href":"https:\/\/nordnesrepublikken.no\/index.php\/wp-json\/wp\/v2\/posts\/4376","targetHints":{"allow":["GET"]}}],"collection":[{"href":"https:\/\/nordnesrepublikken.no\/index.php\/wp-json\/wp\/v2\/posts"}],"about":[{"href":"https:\/\/nordnesrepublikken.no\/index.php\/wp-json\/wp\/v2\/types\/post"}],"author":[{"embeddable":true,"href":"https:\/\/nordnesrepublikken.no\/index.php\/wp-json\/wp\/v2\/users\/1"}],"replies":[{"embeddable":true,"href":"https:\/\/nordnesrepublikken.no\/index.php\/wp-json\/wp\/v2\/comments?post=4376"}],"version-history":[{"count":1,"href":"https:\/\/nordnesrepublikken.no\/index.php\/wp-json\/wp\/v2\/posts\/4376\/revisions"}],"predecessor-version":[{"id":4378,"href":"https:\/\/nordnesrepublikken.no\/index.php\/wp-json\/wp\/v2\/posts\/4376\/revisions\/4378"}],"wp:featuredmedia":[{"embeddable":true,"href":"https:\/\/nordnesrepublikken.no\/index.php\/wp-json\/wp\/v2\/media\/4377"}],"wp:attachment":[{"href":"https:\/\/nordnesrepublikken.no\/index.php\/wp-json\/wp\/v2\/media?parent=4376"}],"wp:term":[{"taxonomy":"category","embeddable":true,"href":"https:\/\/nordnesrepublikken.no\/index.php\/wp-json\/wp\/v2\/categories?post=4376"},{"taxonomy":"post_tag","embeddable":true,"href":"https:\/\/nordnesrepublikken.no\/index.php\/wp-json\/wp\/v2\/tags?post=4376"}],"curies":[{"name":"wp","href":"https:\/\/api.w.org\/{rel}","templated":true}]}}