{"id":4364,"date":"2025-05-09T03:49:32","date_gmt":"2025-05-09T01:49:32","guid":{"rendered":"https:\/\/nordnesrepublikken.no\/index.php\/2025\/05\/09\/etymologi-og-forskjell-mellom-disse-to-begrepene\/"},"modified":"2025-05-09T03:49:35","modified_gmt":"2025-05-09T01:49:35","slug":"etymologi-og-forskjell-mellom-disse-to-begrepene","status":"publish","type":"post","link":"https:\/\/nordnesrepublikken.no\/index.php\/2025\/05\/09\/etymologi-og-forskjell-mellom-disse-to-begrepene\/","title":{"rendered":"etymologi og forskjell mellom disse to begrepene"},"content":{"rendered":"<div>\n<div class=\"cp_wrapper cp_wrapper--fw mb-30 mb-20@tablet\">\n<figure class=\"mm\"><picture class=\"img\" style=\"padding-top:56.25%\"><source  media=\"(min-width: 1024px)\"><source  media=\"(min-width: 768px)\"><\/source><\/source><\/picture><\/figure>\n<\/p><\/div>\n<p>Vilk\u00e5rene <strong>Pappa<\/strong> Og <strong>Pontiff<\/strong> Dette er to synonymer som indikerer den hellige far, det vil si biskopen av Roma som representerer den h\u00f8yeste religi\u00f8se autoriteten e <strong>sjef<\/strong> fra <strong>Katolsk kirke,<\/strong> s\u00e5 vel som absolutt suveren av staten Vatikanets by. Disse to begrepene, til tross for at de har en identisk betydning, har to forskjellige <strong>Etymologiske avledninger<\/strong> som har r\u00f8ttene sine i historien.<\/p>\n<p>Den italienske uttrykket <strong><em>Pave<\/em><\/strong>  stammer fra det samme latinske ordet <em>Pave<\/em>p\u00e5 sin side stammer <strong>fra det greske \u03c0\u03ac\u03c0\u03c0\u03b1\u03c2<\/strong> (<em>p\u00e0ppas)<\/em>et familiebegrep som betydde <strong>&laquo;far&raquo;<\/strong>. Dette begrepet var allerede utbredt i antikken, b\u00e5de i \u00f8st og i vest, med noen forskjeller: i \u00f8st ble det brukt likegyldig for \u00e5 vende seg til <strong>ethvert kirkelig medlem,<\/strong> Mens det i Vesten opprinnelig ble brukt til \u00e5 appellere til biskopene f\u00f8rst og deretter, fra det fjerde \u00e5rhundre etter Kristus, bare til biskopen av Roma.<\/p>\n<p>Begrepet <strong><em>Pontiff<\/em>,<\/strong> I stedet har den sine r\u00f8tter i<strong>Antikkens Roma<\/strong>hvor det indikerte hver av <strong>Medlemmer av Legal-Aceredoral College<\/strong>faktisk ogs\u00e5 kalt &laquo;College of the Pontiffs&raquo;, som ble ledet av <em><strong>Massimo Pontiff<\/strong><\/em><strong>.<\/strong> P\u00e5 den tiden hadde Pontiffs oppgaven med \u00e5 f\u00f8re tilsyn med b\u00e5de religi\u00f8se og juridiske tradisjoner i en by. Dette var faktisk de f\u00f8rste juristene i romersk historie.<\/p>\n<p>Det latinske uttrykket <em>Pontifex<\/em> (bokstavelig talt &laquo;byggherre av broer&raquo;) En sammensetning av de to blir vurdert <strong>Latinske vilk\u00e5r<\/strong> <em><strong>Pontis<\/strong> <\/em>(dvs. bro) e <strong><em>gj\u00f8re<\/em><\/strong>  (dvs. \u00e5 gj\u00f8re), og kan derfor tolkes som<strong> &laquo;Han som tok seg av byggingen av broen (p\u00e5 Tiber)&raquo;<\/strong>. Begrepet var da med den tid som ble anskaffet av den katolske kirken som i en viss forstand opprettholdt betydningen av &laquo;religi\u00f8s tilsyn&raquo;, og i henhold til rekonstruksjonene ble det brukt som en appellasjon for biskopen av Roma for det f\u00f8rste av Tertullian, og deretter konsolidert som et synonym av paven rundt det femte \u00e5rhundre etter Kristus.<\/p>\n<\/p><\/div>\n","protected":false},"excerpt":{"rendered":"<p>Vilk\u00e5rene Pappa Og Pontiff Dette er to synonymer som indikerer den hellige far, det vil<\/p>\n","protected":false},"author":1,"featured_media":4365,"comment_status":"closed","ping_status":"open","sticky":false,"template":"","format":"standard","meta":{"footnotes":""},"categories":[104],"tags":[1775,1767,2229,1967,212],"class_list":["post-4364","post","type-post","status-publish","format-standard","has-post-thumbnail","hentry","category-samfunn","tag-begrepene","tag-disse","tag-etymologi","tag-forskjell","tag-mellom","generate-columns","tablet-grid-50","mobile-grid-100","grid-parent","grid-33","resize-featured-image"],"yoast_head":"<!-- This site is optimized with the Yoast SEO plugin v24.4 - https:\/\/yoast.com\/wordpress\/plugins\/seo\/ -->\n<title>etymologi og forskjell mellom disse to begrepene - Nordnesrepublikken<\/title>\n<meta name=\"robots\" content=\"index, follow, max-snippet:-1, max-image-preview:large, max-video-preview:-1\" \/>\n<link rel=\"canonical\" href=\"https:\/\/nordnesrepublikken.no\/index.php\/2025\/05\/09\/etymologi-og-forskjell-mellom-disse-to-begrepene\/\" \/>\n<meta property=\"og:locale\" content=\"nb_NO\" \/>\n<meta property=\"og:type\" content=\"article\" \/>\n<meta property=\"og:title\" content=\"etymologi og forskjell mellom disse to begrepene - Nordnesrepublikken\" \/>\n<meta property=\"og:description\" content=\"Vilk\u00e5rene Pappa Og Pontiff Dette er to synonymer som indikerer den hellige far, det vil\" \/>\n<meta property=\"og:url\" content=\"https:\/\/nordnesrepublikken.no\/index.php\/2025\/05\/09\/etymologi-og-forskjell-mellom-disse-to-begrepene\/\" \/>\n<meta property=\"og:site_name\" content=\"Nordnesrepublikken\" \/>\n<meta property=\"article:published_time\" content=\"2025-05-09T01:49:32+00:00\" \/>\n<meta property=\"article:modified_time\" content=\"2025-05-09T01:49:35+00:00\" \/>\n<meta property=\"og:image\" content=\"https:\/\/nordnesrepublikken.no\/wp-content\/uploads\/2025\/05\/1746755372_etymologi-og-forskjell-mellom-disse-to-begrepene.jpg\" \/>\n\t<meta property=\"og:image:width\" content=\"2141\" \/>\n\t<meta property=\"og:image:height\" content=\"1400\" \/>\n\t<meta property=\"og:image:type\" content=\"image\/jpeg\" \/>\n<meta name=\"author\" content=\"Ole Andersen\" \/>\n<meta name=\"twitter:card\" content=\"summary_large_image\" \/>\n<meta name=\"twitter:label1\" content=\"Skrevet av\" \/>\n\t<meta name=\"twitter:data1\" content=\"Ole Andersen\" \/>\n\t<meta name=\"twitter:label2\" content=\"Ansl. lesetid\" \/>\n\t<meta name=\"twitter:data2\" content=\"2 minutter\" \/>\n<script type=\"application\/ld+json\" class=\"yoast-schema-graph\">{\"@context\":\"https:\/\/schema.org\",\"@graph\":[{\"@type\":\"Article\",\"@id\":\"https:\/\/nordnesrepublikken.no\/index.php\/2025\/05\/09\/etymologi-og-forskjell-mellom-disse-to-begrepene\/#article\",\"isPartOf\":{\"@id\":\"https:\/\/nordnesrepublikken.no\/index.php\/2025\/05\/09\/etymologi-og-forskjell-mellom-disse-to-begrepene\/\"},\"author\":{\"name\":\"Ole Andersen\",\"@id\":\"https:\/\/nordnesrepublikken.no\/#\/schema\/person\/2e7e81935bab77882fffb79296240ff1\"},\"headline\":\"etymologi og forskjell mellom disse to begrepene\",\"datePublished\":\"2025-05-09T01:49:32+00:00\",\"dateModified\":\"2025-05-09T01:49:35+00:00\",\"mainEntityOfPage\":{\"@id\":\"https:\/\/nordnesrepublikken.no\/index.php\/2025\/05\/09\/etymologi-og-forskjell-mellom-disse-to-begrepene\/\"},\"wordCount\":317,\"publisher\":{\"@id\":\"https:\/\/nordnesrepublikken.no\/#organization\"},\"image\":{\"@id\":\"https:\/\/nordnesrepublikken.no\/index.php\/2025\/05\/09\/etymologi-og-forskjell-mellom-disse-to-begrepene\/#primaryimage\"},\"thumbnailUrl\":\"https:\/\/nordnesrepublikken.no\/wp-content\/uploads\/2025\/05\/1746755372_etymologi-og-forskjell-mellom-disse-to-begrepene.jpg\",\"keywords\":[\"begrepene\",\"disse\",\"etymologi\",\"forskjell\",\"mellom\"],\"articleSection\":[\"Samfunn\"],\"inLanguage\":\"nb-NO\"},{\"@type\":\"WebPage\",\"@id\":\"https:\/\/nordnesrepublikken.no\/index.php\/2025\/05\/09\/etymologi-og-forskjell-mellom-disse-to-begrepene\/\",\"url\":\"https:\/\/nordnesrepublikken.no\/index.php\/2025\/05\/09\/etymologi-og-forskjell-mellom-disse-to-begrepene\/\",\"name\":\"etymologi og forskjell mellom disse to begrepene - Nordnesrepublikken\",\"isPartOf\":{\"@id\":\"https:\/\/nordnesrepublikken.no\/#website\"},\"primaryImageOfPage\":{\"@id\":\"https:\/\/nordnesrepublikken.no\/index.php\/2025\/05\/09\/etymologi-og-forskjell-mellom-disse-to-begrepene\/#primaryimage\"},\"image\":{\"@id\":\"https:\/\/nordnesrepublikken.no\/index.php\/2025\/05\/09\/etymologi-og-forskjell-mellom-disse-to-begrepene\/#primaryimage\"},\"thumbnailUrl\":\"https:\/\/nordnesrepublikken.no\/wp-content\/uploads\/2025\/05\/1746755372_etymologi-og-forskjell-mellom-disse-to-begrepene.jpg\",\"datePublished\":\"2025-05-09T01:49:32+00:00\",\"dateModified\":\"2025-05-09T01:49:35+00:00\",\"breadcrumb\":{\"@id\":\"https:\/\/nordnesrepublikken.no\/index.php\/2025\/05\/09\/etymologi-og-forskjell-mellom-disse-to-begrepene\/#breadcrumb\"},\"inLanguage\":\"nb-NO\",\"potentialAction\":[{\"@type\":\"ReadAction\",\"target\":[\"https:\/\/nordnesrepublikken.no\/index.php\/2025\/05\/09\/etymologi-og-forskjell-mellom-disse-to-begrepene\/\"]}]},{\"@type\":\"ImageObject\",\"inLanguage\":\"nb-NO\",\"@id\":\"https:\/\/nordnesrepublikken.no\/index.php\/2025\/05\/09\/etymologi-og-forskjell-mellom-disse-to-begrepene\/#primaryimage\",\"url\":\"https:\/\/nordnesrepublikken.no\/wp-content\/uploads\/2025\/05\/1746755372_etymologi-og-forskjell-mellom-disse-to-begrepene.jpg\",\"contentUrl\":\"https:\/\/nordnesrepublikken.no\/wp-content\/uploads\/2025\/05\/1746755372_etymologi-og-forskjell-mellom-disse-to-begrepene.jpg\",\"width\":2141,\"height\":1400,\"caption\":\"papa pontefice etimologia\"},{\"@type\":\"BreadcrumbList\",\"@id\":\"https:\/\/nordnesrepublikken.no\/index.php\/2025\/05\/09\/etymologi-og-forskjell-mellom-disse-to-begrepene\/#breadcrumb\",\"itemListElement\":[{\"@type\":\"ListItem\",\"position\":1,\"name\":\"Home\",\"item\":\"https:\/\/nordnesrepublikken.no\/\"},{\"@type\":\"ListItem\",\"position\":2,\"name\":\"etymologi og forskjell mellom disse to begrepene\"}]},{\"@type\":\"WebSite\",\"@id\":\"https:\/\/nordnesrepublikken.no\/#website\",\"url\":\"https:\/\/nordnesrepublikken.no\/\",\"name\":\"Nordnesrepublikken\",\"description\":\"Stemmer og Visjoner fra Republikkens Hjerte\",\"publisher\":{\"@id\":\"https:\/\/nordnesrepublikken.no\/#organization\"},\"potentialAction\":[{\"@type\":\"SearchAction\",\"target\":{\"@type\":\"EntryPoint\",\"urlTemplate\":\"https:\/\/nordnesrepublikken.no\/?s={search_term_string}\"},\"query-input\":{\"@type\":\"PropertyValueSpecification\",\"valueRequired\":true,\"valueName\":\"search_term_string\"}}],\"inLanguage\":\"nb-NO\"},{\"@type\":\"Organization\",\"@id\":\"https:\/\/nordnesrepublikken.no\/#organization\",\"name\":\"Nordnesrepublikken\",\"url\":\"https:\/\/nordnesrepublikken.no\/\",\"logo\":{\"@type\":\"ImageObject\",\"inLanguage\":\"nb-NO\",\"@id\":\"https:\/\/nordnesrepublikken.no\/#\/schema\/logo\/image\/\",\"url\":\"https:\/\/nordnesrepublikken.no\/wp-content\/uploads\/2025\/02\/cropped-nordnesrepublikken-2.png\",\"contentUrl\":\"https:\/\/nordnesrepublikken.no\/wp-content\/uploads\/2025\/02\/cropped-nordnesrepublikken-2.png\",\"width\":1248,\"height\":362,\"caption\":\"Nordnesrepublikken\"},\"image\":{\"@id\":\"https:\/\/nordnesrepublikken.no\/#\/schema\/logo\/image\/\"}},{\"@type\":\"Person\",\"@id\":\"https:\/\/nordnesrepublikken.no\/#\/schema\/person\/2e7e81935bab77882fffb79296240ff1\",\"name\":\"Ole Andersen\",\"image\":{\"@type\":\"ImageObject\",\"inLanguage\":\"nb-NO\",\"@id\":\"https:\/\/nordnesrepublikken.no\/#\/schema\/person\/image\/\",\"url\":\"https:\/\/nordnesrepublikken.no\/wp-content\/uploads\/2025\/02\/nordnesrepublikken-2-2-150x150.jpg\",\"contentUrl\":\"https:\/\/nordnesrepublikken.no\/wp-content\/uploads\/2025\/02\/nordnesrepublikken-2-2-150x150.jpg\",\"caption\":\"Ole Andersen\"},\"description\":\"Ettersom jeg vokste opp i Oslo, har jeg alltid v\u00e6rt fascinert av ordenes kraft og deres evne til \u00e5 skape endringer. Etter \u00e5 ha fullf\u00f8rt min utdannelse i kommunikasjon ved Universitetet i Bergen, fikk jeg muligheten til \u00e5 jobbe innen ulike medier, der jeg har s\u00f8kt \u00e5 belyse viktige samfunnssp\u00f8rsm\u00e5l. I dag, som redakt\u00f8r for Nordnesrepublikken, pr\u00f8ver jeg \u00e5 forene min kj\u00e6rlighet for journalistikk med min lidenskap for innovasjon og eventyr.\",\"sameAs\":[\"https:\/\/nordnesrepublikken.no\/\"]}]}<\/script>\n<!-- \/ Yoast SEO plugin. -->","yoast_head_json":{"title":"etymologi og forskjell mellom disse to begrepene - Nordnesrepublikken","robots":{"index":"index","follow":"follow","max-snippet":"max-snippet:-1","max-image-preview":"max-image-preview:large","max-video-preview":"max-video-preview:-1"},"canonical":"https:\/\/nordnesrepublikken.no\/index.php\/2025\/05\/09\/etymologi-og-forskjell-mellom-disse-to-begrepene\/","og_locale":"nb_NO","og_type":"article","og_title":"etymologi og forskjell mellom disse to begrepene - Nordnesrepublikken","og_description":"Vilk\u00e5rene Pappa Og Pontiff Dette er to synonymer som indikerer den hellige far, det vil","og_url":"https:\/\/nordnesrepublikken.no\/index.php\/2025\/05\/09\/etymologi-og-forskjell-mellom-disse-to-begrepene\/","og_site_name":"Nordnesrepublikken","article_published_time":"2025-05-09T01:49:32+00:00","article_modified_time":"2025-05-09T01:49:35+00:00","og_image":[{"width":2141,"height":1400,"url":"https:\/\/nordnesrepublikken.no\/wp-content\/uploads\/2025\/05\/1746755372_etymologi-og-forskjell-mellom-disse-to-begrepene.jpg","type":"image\/jpeg"}],"author":"Ole Andersen","twitter_card":"summary_large_image","twitter_misc":{"Skrevet av":"Ole Andersen","Ansl. lesetid":"2 minutter"},"schema":{"@context":"https:\/\/schema.org","@graph":[{"@type":"Article","@id":"https:\/\/nordnesrepublikken.no\/index.php\/2025\/05\/09\/etymologi-og-forskjell-mellom-disse-to-begrepene\/#article","isPartOf":{"@id":"https:\/\/nordnesrepublikken.no\/index.php\/2025\/05\/09\/etymologi-og-forskjell-mellom-disse-to-begrepene\/"},"author":{"name":"Ole Andersen","@id":"https:\/\/nordnesrepublikken.no\/#\/schema\/person\/2e7e81935bab77882fffb79296240ff1"},"headline":"etymologi og forskjell mellom disse to begrepene","datePublished":"2025-05-09T01:49:32+00:00","dateModified":"2025-05-09T01:49:35+00:00","mainEntityOfPage":{"@id":"https:\/\/nordnesrepublikken.no\/index.php\/2025\/05\/09\/etymologi-og-forskjell-mellom-disse-to-begrepene\/"},"wordCount":317,"publisher":{"@id":"https:\/\/nordnesrepublikken.no\/#organization"},"image":{"@id":"https:\/\/nordnesrepublikken.no\/index.php\/2025\/05\/09\/etymologi-og-forskjell-mellom-disse-to-begrepene\/#primaryimage"},"thumbnailUrl":"https:\/\/nordnesrepublikken.no\/wp-content\/uploads\/2025\/05\/1746755372_etymologi-og-forskjell-mellom-disse-to-begrepene.jpg","keywords":["begrepene","disse","etymologi","forskjell","mellom"],"articleSection":["Samfunn"],"inLanguage":"nb-NO"},{"@type":"WebPage","@id":"https:\/\/nordnesrepublikken.no\/index.php\/2025\/05\/09\/etymologi-og-forskjell-mellom-disse-to-begrepene\/","url":"https:\/\/nordnesrepublikken.no\/index.php\/2025\/05\/09\/etymologi-og-forskjell-mellom-disse-to-begrepene\/","name":"etymologi og forskjell mellom disse to begrepene - Nordnesrepublikken","isPartOf":{"@id":"https:\/\/nordnesrepublikken.no\/#website"},"primaryImageOfPage":{"@id":"https:\/\/nordnesrepublikken.no\/index.php\/2025\/05\/09\/etymologi-og-forskjell-mellom-disse-to-begrepene\/#primaryimage"},"image":{"@id":"https:\/\/nordnesrepublikken.no\/index.php\/2025\/05\/09\/etymologi-og-forskjell-mellom-disse-to-begrepene\/#primaryimage"},"thumbnailUrl":"https:\/\/nordnesrepublikken.no\/wp-content\/uploads\/2025\/05\/1746755372_etymologi-og-forskjell-mellom-disse-to-begrepene.jpg","datePublished":"2025-05-09T01:49:32+00:00","dateModified":"2025-05-09T01:49:35+00:00","breadcrumb":{"@id":"https:\/\/nordnesrepublikken.no\/index.php\/2025\/05\/09\/etymologi-og-forskjell-mellom-disse-to-begrepene\/#breadcrumb"},"inLanguage":"nb-NO","potentialAction":[{"@type":"ReadAction","target":["https:\/\/nordnesrepublikken.no\/index.php\/2025\/05\/09\/etymologi-og-forskjell-mellom-disse-to-begrepene\/"]}]},{"@type":"ImageObject","inLanguage":"nb-NO","@id":"https:\/\/nordnesrepublikken.no\/index.php\/2025\/05\/09\/etymologi-og-forskjell-mellom-disse-to-begrepene\/#primaryimage","url":"https:\/\/nordnesrepublikken.no\/wp-content\/uploads\/2025\/05\/1746755372_etymologi-og-forskjell-mellom-disse-to-begrepene.jpg","contentUrl":"https:\/\/nordnesrepublikken.no\/wp-content\/uploads\/2025\/05\/1746755372_etymologi-og-forskjell-mellom-disse-to-begrepene.jpg","width":2141,"height":1400,"caption":"papa pontefice etimologia"},{"@type":"BreadcrumbList","@id":"https:\/\/nordnesrepublikken.no\/index.php\/2025\/05\/09\/etymologi-og-forskjell-mellom-disse-to-begrepene\/#breadcrumb","itemListElement":[{"@type":"ListItem","position":1,"name":"Home","item":"https:\/\/nordnesrepublikken.no\/"},{"@type":"ListItem","position":2,"name":"etymologi og forskjell mellom disse to begrepene"}]},{"@type":"WebSite","@id":"https:\/\/nordnesrepublikken.no\/#website","url":"https:\/\/nordnesrepublikken.no\/","name":"Nordnesrepublikken","description":"Stemmer og Visjoner fra Republikkens Hjerte","publisher":{"@id":"https:\/\/nordnesrepublikken.no\/#organization"},"potentialAction":[{"@type":"SearchAction","target":{"@type":"EntryPoint","urlTemplate":"https:\/\/nordnesrepublikken.no\/?s={search_term_string}"},"query-input":{"@type":"PropertyValueSpecification","valueRequired":true,"valueName":"search_term_string"}}],"inLanguage":"nb-NO"},{"@type":"Organization","@id":"https:\/\/nordnesrepublikken.no\/#organization","name":"Nordnesrepublikken","url":"https:\/\/nordnesrepublikken.no\/","logo":{"@type":"ImageObject","inLanguage":"nb-NO","@id":"https:\/\/nordnesrepublikken.no\/#\/schema\/logo\/image\/","url":"https:\/\/nordnesrepublikken.no\/wp-content\/uploads\/2025\/02\/cropped-nordnesrepublikken-2.png","contentUrl":"https:\/\/nordnesrepublikken.no\/wp-content\/uploads\/2025\/02\/cropped-nordnesrepublikken-2.png","width":1248,"height":362,"caption":"Nordnesrepublikken"},"image":{"@id":"https:\/\/nordnesrepublikken.no\/#\/schema\/logo\/image\/"}},{"@type":"Person","@id":"https:\/\/nordnesrepublikken.no\/#\/schema\/person\/2e7e81935bab77882fffb79296240ff1","name":"Ole Andersen","image":{"@type":"ImageObject","inLanguage":"nb-NO","@id":"https:\/\/nordnesrepublikken.no\/#\/schema\/person\/image\/","url":"https:\/\/nordnesrepublikken.no\/wp-content\/uploads\/2025\/02\/nordnesrepublikken-2-2-150x150.jpg","contentUrl":"https:\/\/nordnesrepublikken.no\/wp-content\/uploads\/2025\/02\/nordnesrepublikken-2-2-150x150.jpg","caption":"Ole Andersen"},"description":"Ettersom jeg vokste opp i Oslo, har jeg alltid v\u00e6rt fascinert av ordenes kraft og deres evne til \u00e5 skape endringer. Etter \u00e5 ha fullf\u00f8rt min utdannelse i kommunikasjon ved Universitetet i Bergen, fikk jeg muligheten til \u00e5 jobbe innen ulike medier, der jeg har s\u00f8kt \u00e5 belyse viktige samfunnssp\u00f8rsm\u00e5l. I dag, som redakt\u00f8r for Nordnesrepublikken, pr\u00f8ver jeg \u00e5 forene min kj\u00e6rlighet for journalistikk med min lidenskap for innovasjon og eventyr.","sameAs":["https:\/\/nordnesrepublikken.no\/"]}]}},"_links":{"self":[{"href":"https:\/\/nordnesrepublikken.no\/index.php\/wp-json\/wp\/v2\/posts\/4364","targetHints":{"allow":["GET"]}}],"collection":[{"href":"https:\/\/nordnesrepublikken.no\/index.php\/wp-json\/wp\/v2\/posts"}],"about":[{"href":"https:\/\/nordnesrepublikken.no\/index.php\/wp-json\/wp\/v2\/types\/post"}],"author":[{"embeddable":true,"href":"https:\/\/nordnesrepublikken.no\/index.php\/wp-json\/wp\/v2\/users\/1"}],"replies":[{"embeddable":true,"href":"https:\/\/nordnesrepublikken.no\/index.php\/wp-json\/wp\/v2\/comments?post=4364"}],"version-history":[{"count":1,"href":"https:\/\/nordnesrepublikken.no\/index.php\/wp-json\/wp\/v2\/posts\/4364\/revisions"}],"predecessor-version":[{"id":4366,"href":"https:\/\/nordnesrepublikken.no\/index.php\/wp-json\/wp\/v2\/posts\/4364\/revisions\/4366"}],"wp:featuredmedia":[{"embeddable":true,"href":"https:\/\/nordnesrepublikken.no\/index.php\/wp-json\/wp\/v2\/media\/4365"}],"wp:attachment":[{"href":"https:\/\/nordnesrepublikken.no\/index.php\/wp-json\/wp\/v2\/media?parent=4364"}],"wp:term":[{"taxonomy":"category","embeddable":true,"href":"https:\/\/nordnesrepublikken.no\/index.php\/wp-json\/wp\/v2\/categories?post=4364"},{"taxonomy":"post_tag","embeddable":true,"href":"https:\/\/nordnesrepublikken.no\/index.php\/wp-json\/wp\/v2\/tags?post=4364"}],"curies":[{"name":"wp","href":"https:\/\/api.w.org\/{rel}","templated":true}]}}