{"id":4355,"date":"2025-05-08T22:49:38","date_gmt":"2025-05-08T20:49:38","guid":{"rendered":"https:\/\/nordnesrepublikken.no\/index.php\/2025\/05\/08\/avtrapping-begrenset-gjengjeldelse-og-krig\/"},"modified":"2025-05-08T22:49:41","modified_gmt":"2025-05-08T20:49:41","slug":"avtrapping-begrenset-gjengjeldelse-og-krig","status":"publish","type":"post","link":"https:\/\/nordnesrepublikken.no\/index.php\/2025\/05\/08\/avtrapping-begrenset-gjengjeldelse-og-krig\/","title":{"rendered":"Avtrapping, begrenset gjengjeldelse og krig"},"content":{"rendered":"<div>\n<div class=\"cp_wrapper cp_wrapper--fw mb-30 mb-20@tablet\">\n<figure class=\"mm\"><picture class=\"img\" style=\"padding-top:56.25%\"><source  media=\"(min-width: 1024px)\"><source  media=\"(min-width: 768px)\"><\/source><\/source><\/picture><\/figure>\n<\/p><\/div>\n<p>Luftangrepene med missiloppskytninger laget av<strong>India<\/strong> mot <strong>Pakistan<\/strong> p\u00e5 det omstridte territoriet til <strong>Kashmir<\/strong> Om natten mellom 6. og 7. mai 2025, som fant sted som et svar p\u00e5 massakren p\u00e5 turister i Pahalgam 22. april, for\u00e5rsaket de minst 34 ofre og l\u00f8snet motangrep fra Pakistan, og for\u00e5rsaket effektivt en utveksling av angrep med droner og fly. Det er fryktet for <strong>Risiko for opptrapping<\/strong>spesielt p\u00e5 grunnlag av det faktum at begge landene &#8211; hvis spenninger har vart i flere ti\u00e5r &#8211; hold <strong>Nuclear Arsenals<\/strong>.<\/p>\n<p>I en s\u00e5 delikat situasjon er det n\u00f8dvendig med katastrofisme, men appellerer ogs\u00e5 til en betydelig dose politisk realisme. Den s\u00e5 -kallede &laquo;Shadow of Nuclear Power&raquo; kan i seg selv v\u00e6re et insentiv for \u00e5 unng\u00e5 de mest bustete scenariene. Det er imidlertid n\u00f8dvendig \u00e5 understreke det faktum at India og Pakistan ikke kjemper mot en <strong>&laquo;Kald krig&raquo;<\/strong>men er i stedet involvert i en <strong>ekte konflikt <\/strong>Motivert av frykt, interesser og reelle p\u00e5stander.<\/p>\n<p>For \u00f8yeblikket er det selvf\u00f8lgelig nesten umulig \u00e5 lage detaljerte prognoser, men vi kan spore konturene til <strong>Tre viktigste fremtidige scenarier<\/strong> som ogs\u00e5 er konfigurert i lys av den geopolitiske konteksten til dette omr\u00e5det av verden.<\/p>\n<h2><b>F\u00f8rste scenario: avtrappingen<\/b><\/h2>\n<p>I dette scenariet politisk ledelse og fremfor alt den milit\u00e6re som driver <strong>&laquo;Puri Country&raquo;<\/strong> (Etymologisk betydning av begrepet <strong>&laquo;Pakistan&raquo;<\/strong>) Han bestemmer seg for ikke \u00e5 svare p\u00e5 den indiske provokasjonen, og begrense seg til et styrkeshow (troppebevegelser, lyn\u00f8velser og s\u00e5 videre) og lage en stor stemme, men uten \u00e5 g\u00e5 til handling, og deretter fortsette til en langsom, men p\u00e5 vakt mot normaliseringsprosessen for \u00e5 bringe spenningen tilbake til det eksisterende niv\u00e5et f\u00f8r Pahalgam -angrepet. Dette er <strong>Det mest optimistiske scenariet<\/strong> Hva som vil mest.<\/p>\n<h2><b>Andre scenario: Begrenset gjengjeldelse<\/b><\/h2>\n<p>Kanskje representerer det scenariet at Pachistani i dette \u00f8yeblikket tar Anratte i betraktning, og at ved n\u00e6rmere inspeksjon allerede har implementert i det siste overfor India (<strong>&laquo;Swift Retort&raquo; -operasjon<\/strong> Etter bombingen av <strong>Balakot 26. februar 2019<\/strong>) og mot Iran (<strong>&laquo;Bar Sarmachar&raquo; -operasjon<\/strong> Etter missilangrepet fra Pasdaran mot terrorm\u00e5l i territoriet til <strong>Beluchistan Pachistano, 16. januar 2024<\/strong>). Dette er scenariet som etterlater de viktigste ukjente fordi det kan starte en spiral av handlinger og reaksjoner som kan komme tilbake eller ende opp av kontroll.<\/p>\n<h2><b>Tredje scenario: opptrapping og krig<\/b><\/h2>\n<p>Dette scenariet bestemmer at Pakistan reagerer p\u00e5 den indiske provokasjonen med en<strong> Milit\u00e6r respons uten begrensninger<\/strong> av noe slag, og transformerer sammenligningen til en reell krig, da den ikke har skjedd siden 1971. Den store frykten knyttet til dette scenariet er knyttet til muligheten &#8211; for \u00f8yeblikket spesielt fjernt &#8211; det fra fra <strong>&laquo;Konvensjonelle utvekslinger&raquo;<\/strong> du kan g\u00e5 videre til en <strong>Termonukle\u00e6r krig<\/strong>siden begge land faktisk er atommakter.<\/p>\n<h2><b>Geopolitisk asymmetri i konflikten mellom India og Pakistan<\/b><\/h2>\n<p>Indo-Pachistano-konflikten varer fra <strong>1947<\/strong>det vil si, siden de to landene fikk uavhengighet fra det britiske koloniale domenet, og fremfor alt gjelder Kashmirs tilh\u00f8righet, omstridt mellom de to landene. Siden den gang har India og Pakistan kjempet <strong>Fire kriger<\/strong>i tillegg til mange <strong>Frontierulykker<\/strong> Og <strong>\u00d8yeblikk av opplyst spenning<\/strong>. Selv om Pakistan i over to ti\u00e5r klarte \u00e5 holde fremveksten av den mektige rivalen i sjakk, det katastrofale nederlaget i <strong>Krig fra 1971 <\/strong>f\u00f8rte til \u00e5 skaffe <strong>1974<\/strong> av statusen til <strong>atomkraft<\/strong> av India (<strong>&laquo;Smilende Buddha&raquo; -operasjon<\/strong>), og henvise Pakistan til rangering av <strong>Andre ordens kraft<\/strong> at ikke engang oppn\u00e5elsen av statusen til <strong>kjernefysisk status<\/strong> I <strong>1998<\/strong> (<strong>&laquo;Chagai-i&raquo; og &laquo;Chagai-II&raquo; -operasjoner<\/strong>) Han klarte \u00e5 endre.<\/p>\n<p>Etter nesten \u00e5tti \u00e5r med separat og parallell historie, netto av uendelige problemer og interne motsetninger som griper dem, og som ser ut til \u00e5 ikke ha noen l\u00f8sning, presenterer de to gigantene i det indiske subkontinentet en betydelig asymmetri i den s\u00e5 -kalt <strong>&laquo;Hard Power&raquo;<\/strong>. I tillegg til \u00e5 v\u00e6re mindre utvidet territorielt og mye mindre utstyrt med naturressurser, bryr seg Pakistan demografisk p\u00e5 konferansene i India. Dette f\u00f8rer til at India overvinner Pakistan som en <strong>Totalt BNP <\/strong>Og <strong>BNP per innbygger<\/strong>s\u00e5 vel som i milit\u00e6r holdning, med Pakistan som har en tredjedel av <strong>V\u00e6pnede og sikkerhetskrefter<\/strong> India.<\/p>\n<p>Forskjellene i &laquo;vekt&raquo; mellom de to landene er slik at han antyder at konklusjonen, hvis Pakistan hadde oppn\u00e5dd atomv\u00e5pen, hadde han ikke klokt og hensynsl\u00f8st brukt <strong>Internasjonal terrorisme av islamsk matrise<\/strong> Til skade for naboen og ikke hadde v\u00e6rt spesielt dyktig til \u00e5 etablere diplomatisk og l\u00f8nnsomt samarbeid, ville nesten helt sikkert allerede blitt knust av India og forsvunnet av geografiske kart.<\/p>\n<div class=\"cp_wrapper cp_wrapper--fw mb-50\">\n<figure class=\"mm\"><picture class=\"img\" style=\"padding-top:107%\"><source  media=\"(min-width: 1024px)\"><source  media=\"(min-width: 768px)\"><img decoding=\"async\" loading=\"lazy\" src=\"https:\/\/nordnesrepublikken.no\/wp-content\/uploads\/2025\/05\/1746737378_192_Avtrapping-begrenset-gjengjeldelse-og-krig.jpg\" alt=\"Bilde\" width=\"800\" height=\"856\"><\/source><\/source><\/picture><\/figure>\n<\/p><\/div>\n<p>Der <strong>Kashmir -tvist<\/strong>som ser b\u00e5de New Delhi og Islamabad for \u00e5 kreve kontroll over helheten i Kashmiro -territoriet, for eksempel, har en strategisk betydning som ikke tillater noe skritt tilbake til de to ledelsene. Ogs\u00e5 motsatt ideologiske skyver (<strong>Politisk islamisme i Pakistan og Hindutva i India<\/strong>) Ikke legg mye mye rom for alle de som i stedet tar til orde for et system med &laquo;fredelig sameksistens&raquo; mellom to stater som, for bedre eller verre, i alle fall representerer den &laquo;etniske og kulturelle fortsettelsen&raquo; hverandre.<\/p>\n<p>I denne flokken av historiske hendelser og like og motsatte geopolitiske interesser, er alt som gjenst\u00e5r \u00e5 fortsette \u00e5 overv\u00e5ke situasjonen som pr\u00f8ver \u00e5 tolke dagens og fremtidige trekk fra det motsatte ledelsen, i h\u00e5p om det beste, men uten \u00e5 ekskludere den verste a priori.<\/p>\n<\/p><\/div>\n","protected":false},"excerpt":{"rendered":"<p>Luftangrepene med missiloppskytninger laget avIndia mot Pakistan p\u00e5 det omstridte territoriet til Kashmir Om natten<\/p>\n","protected":false},"author":1,"featured_media":4356,"comment_status":"closed","ping_status":"open","sticky":false,"template":"","format":"standard","meta":{"footnotes":""},"categories":[23],"tags":[2219,2220,2221,903],"class_list":["post-4355","post","type-post","status-publish","format-standard","has-post-thumbnail","hentry","category-politikk","tag-avtrapping","tag-begrenset","tag-gjengjeldelse","tag-krig","generate-columns","tablet-grid-50","mobile-grid-100","grid-parent","grid-33","resize-featured-image"],"yoast_head":"<!-- This site is optimized with the Yoast SEO plugin v24.4 - https:\/\/yoast.com\/wordpress\/plugins\/seo\/ -->\n<title>Avtrapping, begrenset gjengjeldelse og krig - Nordnesrepublikken<\/title>\n<meta name=\"robots\" content=\"index, follow, max-snippet:-1, max-image-preview:large, max-video-preview:-1\" \/>\n<link rel=\"canonical\" href=\"https:\/\/nordnesrepublikken.no\/index.php\/2025\/05\/08\/avtrapping-begrenset-gjengjeldelse-og-krig\/\" \/>\n<meta property=\"og:locale\" content=\"nb_NO\" \/>\n<meta property=\"og:type\" content=\"article\" \/>\n<meta property=\"og:title\" content=\"Avtrapping, begrenset gjengjeldelse og krig - Nordnesrepublikken\" \/>\n<meta property=\"og:description\" content=\"Luftangrepene med missiloppskytninger laget avIndia mot Pakistan p\u00e5 det omstridte territoriet til Kashmir Om natten\" \/>\n<meta property=\"og:url\" content=\"https:\/\/nordnesrepublikken.no\/index.php\/2025\/05\/08\/avtrapping-begrenset-gjengjeldelse-og-krig\/\" \/>\n<meta property=\"og:site_name\" content=\"Nordnesrepublikken\" \/>\n<meta property=\"article:published_time\" content=\"2025-05-08T20:49:38+00:00\" \/>\n<meta property=\"article:modified_time\" content=\"2025-05-08T20:49:41+00:00\" \/>\n<meta property=\"og:image\" content=\"https:\/\/nordnesrepublikken.no\/wp-content\/uploads\/2025\/05\/1746737378_Avtrapping-begrenset-gjengjeldelse-og-krig.jpg\" \/>\n\t<meta property=\"og:image:width\" content=\"2359\" \/>\n\t<meta property=\"og:image:height\" content=\"1270\" \/>\n\t<meta property=\"og:image:type\" content=\"image\/jpeg\" \/>\n<meta name=\"author\" content=\"Ole Andersen\" \/>\n<meta name=\"twitter:card\" content=\"summary_large_image\" \/>\n<meta name=\"twitter:label1\" content=\"Skrevet av\" \/>\n\t<meta name=\"twitter:data1\" content=\"Ole Andersen\" \/>\n\t<meta name=\"twitter:label2\" content=\"Ansl. lesetid\" \/>\n\t<meta name=\"twitter:data2\" content=\"4 minutter\" \/>\n<script type=\"application\/ld+json\" class=\"yoast-schema-graph\">{\"@context\":\"https:\/\/schema.org\",\"@graph\":[{\"@type\":\"Article\",\"@id\":\"https:\/\/nordnesrepublikken.no\/index.php\/2025\/05\/08\/avtrapping-begrenset-gjengjeldelse-og-krig\/#article\",\"isPartOf\":{\"@id\":\"https:\/\/nordnesrepublikken.no\/index.php\/2025\/05\/08\/avtrapping-begrenset-gjengjeldelse-og-krig\/\"},\"author\":{\"name\":\"Ole Andersen\",\"@id\":\"https:\/\/nordnesrepublikken.no\/#\/schema\/person\/2e7e81935bab77882fffb79296240ff1\"},\"headline\":\"Avtrapping, begrenset gjengjeldelse og krig\",\"datePublished\":\"2025-05-08T20:49:38+00:00\",\"dateModified\":\"2025-05-08T20:49:41+00:00\",\"mainEntityOfPage\":{\"@id\":\"https:\/\/nordnesrepublikken.no\/index.php\/2025\/05\/08\/avtrapping-begrenset-gjengjeldelse-og-krig\/\"},\"wordCount\":866,\"publisher\":{\"@id\":\"https:\/\/nordnesrepublikken.no\/#organization\"},\"image\":{\"@id\":\"https:\/\/nordnesrepublikken.no\/index.php\/2025\/05\/08\/avtrapping-begrenset-gjengjeldelse-og-krig\/#primaryimage\"},\"thumbnailUrl\":\"https:\/\/nordnesrepublikken.no\/wp-content\/uploads\/2025\/05\/1746737378_Avtrapping-begrenset-gjengjeldelse-og-krig.jpg\",\"keywords\":[\"Avtrapping\",\"begrenset\",\"gjengjeldelse\",\"krig\"],\"articleSection\":[\"Politikk\"],\"inLanguage\":\"nb-NO\"},{\"@type\":\"WebPage\",\"@id\":\"https:\/\/nordnesrepublikken.no\/index.php\/2025\/05\/08\/avtrapping-begrenset-gjengjeldelse-og-krig\/\",\"url\":\"https:\/\/nordnesrepublikken.no\/index.php\/2025\/05\/08\/avtrapping-begrenset-gjengjeldelse-og-krig\/\",\"name\":\"Avtrapping, begrenset gjengjeldelse og krig - Nordnesrepublikken\",\"isPartOf\":{\"@id\":\"https:\/\/nordnesrepublikken.no\/#website\"},\"primaryImageOfPage\":{\"@id\":\"https:\/\/nordnesrepublikken.no\/index.php\/2025\/05\/08\/avtrapping-begrenset-gjengjeldelse-og-krig\/#primaryimage\"},\"image\":{\"@id\":\"https:\/\/nordnesrepublikken.no\/index.php\/2025\/05\/08\/avtrapping-begrenset-gjengjeldelse-og-krig\/#primaryimage\"},\"thumbnailUrl\":\"https:\/\/nordnesrepublikken.no\/wp-content\/uploads\/2025\/05\/1746737378_Avtrapping-begrenset-gjengjeldelse-og-krig.jpg\",\"datePublished\":\"2025-05-08T20:49:38+00:00\",\"dateModified\":\"2025-05-08T20:49:41+00:00\",\"breadcrumb\":{\"@id\":\"https:\/\/nordnesrepublikken.no\/index.php\/2025\/05\/08\/avtrapping-begrenset-gjengjeldelse-og-krig\/#breadcrumb\"},\"inLanguage\":\"nb-NO\",\"potentialAction\":[{\"@type\":\"ReadAction\",\"target\":[\"https:\/\/nordnesrepublikken.no\/index.php\/2025\/05\/08\/avtrapping-begrenset-gjengjeldelse-og-krig\/\"]}]},{\"@type\":\"ImageObject\",\"inLanguage\":\"nb-NO\",\"@id\":\"https:\/\/nordnesrepublikken.no\/index.php\/2025\/05\/08\/avtrapping-begrenset-gjengjeldelse-og-krig\/#primaryimage\",\"url\":\"https:\/\/nordnesrepublikken.no\/wp-content\/uploads\/2025\/05\/1746737378_Avtrapping-begrenset-gjengjeldelse-og-krig.jpg\",\"contentUrl\":\"https:\/\/nordnesrepublikken.no\/wp-content\/uploads\/2025\/05\/1746737378_Avtrapping-begrenset-gjengjeldelse-og-krig.jpg\",\"width\":2359,\"height\":1270,\"caption\":\"scenari conflitto india pakistan\"},{\"@type\":\"BreadcrumbList\",\"@id\":\"https:\/\/nordnesrepublikken.no\/index.php\/2025\/05\/08\/avtrapping-begrenset-gjengjeldelse-og-krig\/#breadcrumb\",\"itemListElement\":[{\"@type\":\"ListItem\",\"position\":1,\"name\":\"Home\",\"item\":\"https:\/\/nordnesrepublikken.no\/\"},{\"@type\":\"ListItem\",\"position\":2,\"name\":\"Avtrapping, begrenset gjengjeldelse og krig\"}]},{\"@type\":\"WebSite\",\"@id\":\"https:\/\/nordnesrepublikken.no\/#website\",\"url\":\"https:\/\/nordnesrepublikken.no\/\",\"name\":\"Nordnesrepublikken\",\"description\":\"Stemmer og Visjoner fra Republikkens Hjerte\",\"publisher\":{\"@id\":\"https:\/\/nordnesrepublikken.no\/#organization\"},\"potentialAction\":[{\"@type\":\"SearchAction\",\"target\":{\"@type\":\"EntryPoint\",\"urlTemplate\":\"https:\/\/nordnesrepublikken.no\/?s={search_term_string}\"},\"query-input\":{\"@type\":\"PropertyValueSpecification\",\"valueRequired\":true,\"valueName\":\"search_term_string\"}}],\"inLanguage\":\"nb-NO\"},{\"@type\":\"Organization\",\"@id\":\"https:\/\/nordnesrepublikken.no\/#organization\",\"name\":\"Nordnesrepublikken\",\"url\":\"https:\/\/nordnesrepublikken.no\/\",\"logo\":{\"@type\":\"ImageObject\",\"inLanguage\":\"nb-NO\",\"@id\":\"https:\/\/nordnesrepublikken.no\/#\/schema\/logo\/image\/\",\"url\":\"https:\/\/nordnesrepublikken.no\/wp-content\/uploads\/2025\/02\/cropped-nordnesrepublikken-2.png\",\"contentUrl\":\"https:\/\/nordnesrepublikken.no\/wp-content\/uploads\/2025\/02\/cropped-nordnesrepublikken-2.png\",\"width\":1248,\"height\":362,\"caption\":\"Nordnesrepublikken\"},\"image\":{\"@id\":\"https:\/\/nordnesrepublikken.no\/#\/schema\/logo\/image\/\"}},{\"@type\":\"Person\",\"@id\":\"https:\/\/nordnesrepublikken.no\/#\/schema\/person\/2e7e81935bab77882fffb79296240ff1\",\"name\":\"Ole Andersen\",\"image\":{\"@type\":\"ImageObject\",\"inLanguage\":\"nb-NO\",\"@id\":\"https:\/\/nordnesrepublikken.no\/#\/schema\/person\/image\/\",\"url\":\"https:\/\/nordnesrepublikken.no\/wp-content\/uploads\/2025\/02\/nordnesrepublikken-2-2-150x150.jpg\",\"contentUrl\":\"https:\/\/nordnesrepublikken.no\/wp-content\/uploads\/2025\/02\/nordnesrepublikken-2-2-150x150.jpg\",\"caption\":\"Ole Andersen\"},\"description\":\"Ettersom jeg vokste opp i Oslo, har jeg alltid v\u00e6rt fascinert av ordenes kraft og deres evne til \u00e5 skape endringer. Etter \u00e5 ha fullf\u00f8rt min utdannelse i kommunikasjon ved Universitetet i Bergen, fikk jeg muligheten til \u00e5 jobbe innen ulike medier, der jeg har s\u00f8kt \u00e5 belyse viktige samfunnssp\u00f8rsm\u00e5l. I dag, som redakt\u00f8r for Nordnesrepublikken, pr\u00f8ver jeg \u00e5 forene min kj\u00e6rlighet for journalistikk med min lidenskap for innovasjon og eventyr.\",\"sameAs\":[\"https:\/\/nordnesrepublikken.no\/\"]}]}<\/script>\n<!-- \/ Yoast SEO plugin. -->","yoast_head_json":{"title":"Avtrapping, begrenset gjengjeldelse og krig - Nordnesrepublikken","robots":{"index":"index","follow":"follow","max-snippet":"max-snippet:-1","max-image-preview":"max-image-preview:large","max-video-preview":"max-video-preview:-1"},"canonical":"https:\/\/nordnesrepublikken.no\/index.php\/2025\/05\/08\/avtrapping-begrenset-gjengjeldelse-og-krig\/","og_locale":"nb_NO","og_type":"article","og_title":"Avtrapping, begrenset gjengjeldelse og krig - Nordnesrepublikken","og_description":"Luftangrepene med missiloppskytninger laget avIndia mot Pakistan p\u00e5 det omstridte territoriet til Kashmir Om natten","og_url":"https:\/\/nordnesrepublikken.no\/index.php\/2025\/05\/08\/avtrapping-begrenset-gjengjeldelse-og-krig\/","og_site_name":"Nordnesrepublikken","article_published_time":"2025-05-08T20:49:38+00:00","article_modified_time":"2025-05-08T20:49:41+00:00","og_image":[{"width":2359,"height":1270,"url":"https:\/\/nordnesrepublikken.no\/wp-content\/uploads\/2025\/05\/1746737378_Avtrapping-begrenset-gjengjeldelse-og-krig.jpg","type":"image\/jpeg"}],"author":"Ole Andersen","twitter_card":"summary_large_image","twitter_misc":{"Skrevet av":"Ole Andersen","Ansl. lesetid":"4 minutter"},"schema":{"@context":"https:\/\/schema.org","@graph":[{"@type":"Article","@id":"https:\/\/nordnesrepublikken.no\/index.php\/2025\/05\/08\/avtrapping-begrenset-gjengjeldelse-og-krig\/#article","isPartOf":{"@id":"https:\/\/nordnesrepublikken.no\/index.php\/2025\/05\/08\/avtrapping-begrenset-gjengjeldelse-og-krig\/"},"author":{"name":"Ole Andersen","@id":"https:\/\/nordnesrepublikken.no\/#\/schema\/person\/2e7e81935bab77882fffb79296240ff1"},"headline":"Avtrapping, begrenset gjengjeldelse og krig","datePublished":"2025-05-08T20:49:38+00:00","dateModified":"2025-05-08T20:49:41+00:00","mainEntityOfPage":{"@id":"https:\/\/nordnesrepublikken.no\/index.php\/2025\/05\/08\/avtrapping-begrenset-gjengjeldelse-og-krig\/"},"wordCount":866,"publisher":{"@id":"https:\/\/nordnesrepublikken.no\/#organization"},"image":{"@id":"https:\/\/nordnesrepublikken.no\/index.php\/2025\/05\/08\/avtrapping-begrenset-gjengjeldelse-og-krig\/#primaryimage"},"thumbnailUrl":"https:\/\/nordnesrepublikken.no\/wp-content\/uploads\/2025\/05\/1746737378_Avtrapping-begrenset-gjengjeldelse-og-krig.jpg","keywords":["Avtrapping","begrenset","gjengjeldelse","krig"],"articleSection":["Politikk"],"inLanguage":"nb-NO"},{"@type":"WebPage","@id":"https:\/\/nordnesrepublikken.no\/index.php\/2025\/05\/08\/avtrapping-begrenset-gjengjeldelse-og-krig\/","url":"https:\/\/nordnesrepublikken.no\/index.php\/2025\/05\/08\/avtrapping-begrenset-gjengjeldelse-og-krig\/","name":"Avtrapping, begrenset gjengjeldelse og krig - Nordnesrepublikken","isPartOf":{"@id":"https:\/\/nordnesrepublikken.no\/#website"},"primaryImageOfPage":{"@id":"https:\/\/nordnesrepublikken.no\/index.php\/2025\/05\/08\/avtrapping-begrenset-gjengjeldelse-og-krig\/#primaryimage"},"image":{"@id":"https:\/\/nordnesrepublikken.no\/index.php\/2025\/05\/08\/avtrapping-begrenset-gjengjeldelse-og-krig\/#primaryimage"},"thumbnailUrl":"https:\/\/nordnesrepublikken.no\/wp-content\/uploads\/2025\/05\/1746737378_Avtrapping-begrenset-gjengjeldelse-og-krig.jpg","datePublished":"2025-05-08T20:49:38+00:00","dateModified":"2025-05-08T20:49:41+00:00","breadcrumb":{"@id":"https:\/\/nordnesrepublikken.no\/index.php\/2025\/05\/08\/avtrapping-begrenset-gjengjeldelse-og-krig\/#breadcrumb"},"inLanguage":"nb-NO","potentialAction":[{"@type":"ReadAction","target":["https:\/\/nordnesrepublikken.no\/index.php\/2025\/05\/08\/avtrapping-begrenset-gjengjeldelse-og-krig\/"]}]},{"@type":"ImageObject","inLanguage":"nb-NO","@id":"https:\/\/nordnesrepublikken.no\/index.php\/2025\/05\/08\/avtrapping-begrenset-gjengjeldelse-og-krig\/#primaryimage","url":"https:\/\/nordnesrepublikken.no\/wp-content\/uploads\/2025\/05\/1746737378_Avtrapping-begrenset-gjengjeldelse-og-krig.jpg","contentUrl":"https:\/\/nordnesrepublikken.no\/wp-content\/uploads\/2025\/05\/1746737378_Avtrapping-begrenset-gjengjeldelse-og-krig.jpg","width":2359,"height":1270,"caption":"scenari conflitto india pakistan"},{"@type":"BreadcrumbList","@id":"https:\/\/nordnesrepublikken.no\/index.php\/2025\/05\/08\/avtrapping-begrenset-gjengjeldelse-og-krig\/#breadcrumb","itemListElement":[{"@type":"ListItem","position":1,"name":"Home","item":"https:\/\/nordnesrepublikken.no\/"},{"@type":"ListItem","position":2,"name":"Avtrapping, begrenset gjengjeldelse og krig"}]},{"@type":"WebSite","@id":"https:\/\/nordnesrepublikken.no\/#website","url":"https:\/\/nordnesrepublikken.no\/","name":"Nordnesrepublikken","description":"Stemmer og Visjoner fra Republikkens Hjerte","publisher":{"@id":"https:\/\/nordnesrepublikken.no\/#organization"},"potentialAction":[{"@type":"SearchAction","target":{"@type":"EntryPoint","urlTemplate":"https:\/\/nordnesrepublikken.no\/?s={search_term_string}"},"query-input":{"@type":"PropertyValueSpecification","valueRequired":true,"valueName":"search_term_string"}}],"inLanguage":"nb-NO"},{"@type":"Organization","@id":"https:\/\/nordnesrepublikken.no\/#organization","name":"Nordnesrepublikken","url":"https:\/\/nordnesrepublikken.no\/","logo":{"@type":"ImageObject","inLanguage":"nb-NO","@id":"https:\/\/nordnesrepublikken.no\/#\/schema\/logo\/image\/","url":"https:\/\/nordnesrepublikken.no\/wp-content\/uploads\/2025\/02\/cropped-nordnesrepublikken-2.png","contentUrl":"https:\/\/nordnesrepublikken.no\/wp-content\/uploads\/2025\/02\/cropped-nordnesrepublikken-2.png","width":1248,"height":362,"caption":"Nordnesrepublikken"},"image":{"@id":"https:\/\/nordnesrepublikken.no\/#\/schema\/logo\/image\/"}},{"@type":"Person","@id":"https:\/\/nordnesrepublikken.no\/#\/schema\/person\/2e7e81935bab77882fffb79296240ff1","name":"Ole Andersen","image":{"@type":"ImageObject","inLanguage":"nb-NO","@id":"https:\/\/nordnesrepublikken.no\/#\/schema\/person\/image\/","url":"https:\/\/nordnesrepublikken.no\/wp-content\/uploads\/2025\/02\/nordnesrepublikken-2-2-150x150.jpg","contentUrl":"https:\/\/nordnesrepublikken.no\/wp-content\/uploads\/2025\/02\/nordnesrepublikken-2-2-150x150.jpg","caption":"Ole Andersen"},"description":"Ettersom jeg vokste opp i Oslo, har jeg alltid v\u00e6rt fascinert av ordenes kraft og deres evne til \u00e5 skape endringer. Etter \u00e5 ha fullf\u00f8rt min utdannelse i kommunikasjon ved Universitetet i Bergen, fikk jeg muligheten til \u00e5 jobbe innen ulike medier, der jeg har s\u00f8kt \u00e5 belyse viktige samfunnssp\u00f8rsm\u00e5l. I dag, som redakt\u00f8r for Nordnesrepublikken, pr\u00f8ver jeg \u00e5 forene min kj\u00e6rlighet for journalistikk med min lidenskap for innovasjon og eventyr.","sameAs":["https:\/\/nordnesrepublikken.no\/"]}]}},"_links":{"self":[{"href":"https:\/\/nordnesrepublikken.no\/index.php\/wp-json\/wp\/v2\/posts\/4355","targetHints":{"allow":["GET"]}}],"collection":[{"href":"https:\/\/nordnesrepublikken.no\/index.php\/wp-json\/wp\/v2\/posts"}],"about":[{"href":"https:\/\/nordnesrepublikken.no\/index.php\/wp-json\/wp\/v2\/types\/post"}],"author":[{"embeddable":true,"href":"https:\/\/nordnesrepublikken.no\/index.php\/wp-json\/wp\/v2\/users\/1"}],"replies":[{"embeddable":true,"href":"https:\/\/nordnesrepublikken.no\/index.php\/wp-json\/wp\/v2\/comments?post=4355"}],"version-history":[{"count":1,"href":"https:\/\/nordnesrepublikken.no\/index.php\/wp-json\/wp\/v2\/posts\/4355\/revisions"}],"predecessor-version":[{"id":4357,"href":"https:\/\/nordnesrepublikken.no\/index.php\/wp-json\/wp\/v2\/posts\/4355\/revisions\/4357"}],"wp:featuredmedia":[{"embeddable":true,"href":"https:\/\/nordnesrepublikken.no\/index.php\/wp-json\/wp\/v2\/media\/4356"}],"wp:attachment":[{"href":"https:\/\/nordnesrepublikken.no\/index.php\/wp-json\/wp\/v2\/media?parent=4355"}],"wp:term":[{"taxonomy":"category","embeddable":true,"href":"https:\/\/nordnesrepublikken.no\/index.php\/wp-json\/wp\/v2\/categories?post=4355"},{"taxonomy":"post_tag","embeddable":true,"href":"https:\/\/nordnesrepublikken.no\/index.php\/wp-json\/wp\/v2\/tags?post=4355"}],"curies":[{"name":"wp","href":"https:\/\/api.w.org\/{rel}","templated":true}]}}