{"id":4349,"date":"2025-05-08T20:49:45","date_gmt":"2025-05-08T18:49:45","guid":{"rendered":"https:\/\/nordnesrepublikken.no\/index.php\/2025\/05\/08\/hvorfor-kaller-david-di-donatello-det-historien-til-den-italienske-oscar\/"},"modified":"2025-05-08T20:49:52","modified_gmt":"2025-05-08T18:49:52","slug":"hvorfor-kaller-david-di-donatello-det-historien-til-den-italienske-oscar","status":"publish","type":"post","link":"https:\/\/nordnesrepublikken.no\/index.php\/2025\/05\/08\/hvorfor-kaller-david-di-donatello-det-historien-til-den-italienske-oscar\/","title":{"rendered":"Hvorfor kaller David di Donatello det? Historien til den italienske &laquo;Oscar&raquo;"},"content":{"rendered":"<div>\n<div class=\"cp_wrapper cp_wrapper--fw mb-30 mb-20@tablet\">\n<figure class=\"mm\"><picture class=\"img\" style=\"padding-top:56.25%\"><source  media=\"(min-width: 1024px)\"><source  media=\"(min-width: 768px)\"><\/source><\/source><\/picture><\/figure>\n<\/p><\/div>\n<p>De <strong>David Di Donatello<\/strong>Italiensk kinopris hvis f\u00f8rste utgave stammer tilbake til <strong>1956<\/strong>regnes som en av de mest prestisjefylte prisene for den syvende kunsten internasjonalt. Grunnlagt av <strong>Italo Gemini<\/strong> Og <strong>Paolo Grassi<\/strong> P\u00e5 linjene til den amerikanske Oscars er det tildelt av Academy of Italian Cinema for \u00e5 fremme konkurranse om filmproduksjon b\u00e5de fra et kunstnerisk og teknisk synspunkt. Statuetten som blir levert til vinnerne er en miniatyregjengivelse av &#8211; faktisk &#8211; den <strong>David Di Donatello<\/strong>Statue funnet \u00e5 <strong>Florence i National Museum of Bargello<\/strong>.<\/p>\n<p>Statuetten, opprinnelig laget i <strong>Gull av Bulgari<\/strong>i dag er i messing, veier <strong>ca 2 kg<\/strong>og det er det <strong>30,3 cm h\u00f8y<\/strong>: Reproduksjon av David har en vekt p\u00e5 <strong>ca 1150 gram<\/strong>og det er det <strong>21,8 centimeter h\u00f8ye<\/strong>. Basen er derimot i hvit marmor, finert med malakitt, og har en vekt p\u00e5 1050 gram.<\/p>\n<p>Vinnerne er valgt av en <strong>Jury sammensatt av omtrent tusen fremtredende personligheter<\/strong> av den kinematografiske scenen, kandidater og vinnere av tidligere utgaver og eksponenter for kultur og samfunn.<\/p>\n<h2>David Di Donatello: Hvordan ble ideen til?<\/h2>\n<p>Roma, 1950 -tallet. De <strong>Open Gate Club<\/strong>et sted designet for \u00e5 samle italienske intellektuelle med den utenlandske offentligheten, med sikte p\u00e5 \u00e5 gjenopplive <strong>Kunst og kultur i hovedstaden<\/strong> etter andre verdenskrig.<\/p>\n<p>Det er takket v\u00e6re de kulturelle utvekslingene og forurensningene til den \u00e5pne porten at i 1953, med sikte p\u00e5 \u00e5 lage en internasjonal kunst og kultur i landet v\u00e5rt, vet det, den <strong>Komit\u00e9 for kunst og kultur<\/strong> Og \u00e5ret etter, <strong>International Cinema Circle<\/strong> som i 1955 blir <strong>International Cinema Club<\/strong>. Italienske filmer begynner \u00e5 projisere, og for gjestene i rommet blir det levert en papp som de kan uttrykke meninger: Initiativet har en grandiose suksess, s\u00e5 mye som \u00e5 bringe <strong>Paolo Grassi<\/strong> Og <strong>Italo Gemini<\/strong> \u00e5 forestille seg en pris \u00e5 bli tildelt <strong>Beste film<\/strong> P\u00e5 slutten av anslagssesongen.<\/p>\n<p>Ideen ble f\u00f8dt tydelig fra Hollywood Oscars, men i stedet for en ridder som holder et sverd, representerer statuetten tildelt vinnerne <strong>Ber\u00f8mt verk av Donatello<\/strong>. Opprettelsen av prisen er avhengig av Bulgari High Jewellery House: Statuen vil v\u00e6re i gull, og vil bli ledsaget av en plakett som sertifiserer <strong>kategori som prisen ble vunnet<\/strong>.<\/p>\n<h2>Den f\u00f8rste utgaven av David Di Donatello i 1956<\/h2>\n<p>5. juli 1956 Al <strong>Fiamma Cinema of Roma<\/strong> Den f\u00f8rste utgaven av dette nye initiativet arrangeres. Syv kategorier er planlagt:<\/p>\n<ul>\n<li>Beste regiss\u00f8r<\/li>\n<li>Beste skuespiller<\/li>\n<li>Beste skuespillerinne<\/li>\n<li>Beste produsent<\/li>\n<li>Beste utenlandske produsent<\/li>\n<li>Golden Plaque and French Ambassy Prize for den beste sentimentale filmen.<\/li>\n<\/ul>\n<p>Den beste skuespillerinnen vil v\u00e6re <strong>Gina Lollobrigida<\/strong>bel\u00f8nnet for <em>Den vakreste kvinnen i verden<\/em> Av Robert Z. Leonard. Vunnet statuetten var <strong>Auksjon sl\u00e5tt i 2013<\/strong> Fra Sotheby&#8217;s.<\/p>\n<h2>David Award Ceremony, fra 1956 til i dag<\/h2>\n<p>Fra den andre utgaven, i 1957, flyttet hovedkvarteret for prisutdelingen fra Roma til det gresk-romerske teateret i Taormina, siden det kobles til <strong>Internasjonal filmanmeldelse av Messina<\/strong>. I 1971, i 1978 og 1979, fant han imidlertid sted i 1979. I 1981 fant den endelige hendelsen imidlertid sted i to forskjellige \u00f8yeblikk: begge p\u00e5 Teatro Dell&#8217;Opera di Roma og p\u00e5 Palazzo Vecchio i Firenze, for \u00e5 bel\u00f8nne den europeiske David og David oppkalt etter Luchino Visconti. Siden 1982 flyttet David -arrangementet definitivt til Roma.<\/p>\n<p>Fra &#8217;56 til i dag har seks presidenter fulgt:<\/p>\n<ul>\n<li><strong>Italo Gemini<\/strong>kinematografisk gr\u00fcnder, fra 1955 til 1970<\/li>\n<li><strong>Eatel Monaco<\/strong>advokat og filmprodusent, fra 1971 til 1977<\/li>\n<li><strong>Paolo Grassi<\/strong>journalist, impresario og teaterdirekt\u00f8r, fra 1978 til 1980<\/li>\n<li><strong>Gian Luigi Rondi<\/strong>Cinematographic Critic, fra 1981 til 2016<\/li>\n<li><strong>Giuliano Montaldo<\/strong>Regiss\u00f8r, manusforfatter og skuespiller, president for midlertidig fra 2016 til 2017<\/li>\n<li><strong>Piera Detassis<\/strong>Journalist og filmkritikk, fra 2018 til i dag.<\/li>\n<\/ul>\n<h2>David Di Donatello: Hvordan stemmer du og hvem velger vinnerne?<\/h2>\n<p>Akkurat som forklart i tildelingsforskriften, foreg\u00e5r utvalget i <strong>To skift:<\/strong><\/p>\n<ul>\n<li><strong>I f\u00f8rste runde<\/strong>Jurymedlemmene rapporterer filmene de anser som mest gyldige for hver kategori. Hver, basert p\u00e5 sitt eget kompetanseomr\u00e5de &#8211; med personlig og hemmelig avstemning &#8211; kan rapportere opptil tre filmer. De mest stemte filmene kommer f\u00f8rst inn i en kort liste, deretter i den endelige Cinquina, der det derfor er offisielt nominerte filmer. I denne f\u00f8rste runden er prisen allerede tildelt den beste internasjonale filmen, prisen <strong>David Giovani<\/strong> I stedet blir han tildelt av elever p\u00e5 videreg\u00e5ende skole. For kortfilmer best\u00e5r imidlertid juryen av en spesifikk kommisjon, og for dokumentaren stemmer den imidlertid juryen, men p\u00e5 en allerede valgt rose.<\/li>\n<li><strong>I andre runde<\/strong>p\u00e5 den annen side, jurymedlemmene stemmer for filmen som nominerte som vinner.<\/li>\n<\/ul>\n<p>David Di Donatello -juryen er komponert mellom kandidater og vinnere av prisen i tidligere utgaver og kultur- og samfunnseksperter. Blant navnene finner vi Diego Abatantuono, Antonio Albanese, Ambra Angiolini, Lino Banfi, Alessandro Baricco, Roberto Benigni, Cristina Comencini, Anna Foglietta, Pierfrances Favino, Paolo Fresu, Corado Guzzanti, Pierfrancy Pandolf, Paolo Porcino, Pierfranco, Piervin, Piervin, Pierfranco, Piervin, Pierfranco, Piervin, Pierfranco, Piervino, Pierfranco, Piervin, Pierfranco, Piervin, Pierfranco, Piervin, Pierfranco, Piervino, Pierfranco, Pierfranco, Pierfranco, Pierfranco, Pierfranco, Pierfranco, Pierfranco, Pierfranco, Pierfranco. Rossellini og mange andre navn p\u00e5 kinoscenen i kinoscenen og italiensk kultur.<\/p>\n<\/p><\/div>\n","protected":false},"excerpt":{"rendered":"<p>De David Di DonatelloItaliensk kinopris hvis f\u00f8rste utgave stammer tilbake til 1956regnes som en av<\/p>\n","protected":false},"author":1,"featured_media":4350,"comment_status":"closed","ping_status":"open","sticky":false,"template":"","format":"standard","meta":{"footnotes":""},"categories":[104],"tags":[2214,74,66,2215,521,101,782,709,2216,117],"class_list":["post-4349","post","type-post","status-publish","format-standard","has-post-thumbnail","hentry","category-samfunn","tag-david","tag-den","tag-det","tag-donatello","tag-historien","tag-hvorfor","tag-italienske","tag-kaller","tag-oscar","tag-til","generate-columns","tablet-grid-50","mobile-grid-100","grid-parent","grid-33","resize-featured-image"],"yoast_head":"<!-- This site is optimized with the Yoast SEO plugin v24.4 - https:\/\/yoast.com\/wordpress\/plugins\/seo\/ -->\n<title>Hvorfor kaller David di Donatello det? Historien til den italienske &quot;Oscar&quot; - Nordnesrepublikken<\/title>\n<meta name=\"robots\" content=\"index, follow, max-snippet:-1, max-image-preview:large, max-video-preview:-1\" \/>\n<link rel=\"canonical\" href=\"https:\/\/nordnesrepublikken.no\/index.php\/2025\/05\/08\/hvorfor-kaller-david-di-donatello-det-historien-til-den-italienske-oscar\/\" \/>\n<meta property=\"og:locale\" content=\"nb_NO\" \/>\n<meta property=\"og:type\" content=\"article\" \/>\n<meta property=\"og:title\" content=\"Hvorfor kaller David di Donatello det? Historien til den italienske &quot;Oscar&quot; - Nordnesrepublikken\" \/>\n<meta property=\"og:description\" content=\"De David Di DonatelloItaliensk kinopris hvis f\u00f8rste utgave stammer tilbake til 1956regnes som en av\" \/>\n<meta property=\"og:url\" content=\"https:\/\/nordnesrepublikken.no\/index.php\/2025\/05\/08\/hvorfor-kaller-david-di-donatello-det-historien-til-den-italienske-oscar\/\" \/>\n<meta property=\"og:site_name\" content=\"Nordnesrepublikken\" \/>\n<meta property=\"article:published_time\" content=\"2025-05-08T18:49:45+00:00\" \/>\n<meta property=\"article:modified_time\" content=\"2025-05-08T18:49:52+00:00\" \/>\n<meta property=\"og:image\" content=\"https:\/\/nordnesrepublikken.no\/wp-content\/uploads\/2025\/05\/1746730185_Hvorfor-kaller-David-di-Donatello-det-Historien-til-den-italienske-scaled.jpg\" \/>\n\t<meta property=\"og:image:width\" content=\"2560\" \/>\n\t<meta property=\"og:image:height\" content=\"1488\" \/>\n\t<meta property=\"og:image:type\" content=\"image\/jpeg\" \/>\n<meta name=\"author\" content=\"Ole Andersen\" \/>\n<meta name=\"twitter:card\" content=\"summary_large_image\" \/>\n<meta name=\"twitter:label1\" content=\"Skrevet av\" \/>\n\t<meta name=\"twitter:data1\" content=\"Ole Andersen\" \/>\n\t<meta name=\"twitter:label2\" content=\"Ansl. lesetid\" \/>\n\t<meta name=\"twitter:data2\" content=\"4 minutter\" \/>\n<script type=\"application\/ld+json\" class=\"yoast-schema-graph\">{\"@context\":\"https:\/\/schema.org\",\"@graph\":[{\"@type\":\"Article\",\"@id\":\"https:\/\/nordnesrepublikken.no\/index.php\/2025\/05\/08\/hvorfor-kaller-david-di-donatello-det-historien-til-den-italienske-oscar\/#article\",\"isPartOf\":{\"@id\":\"https:\/\/nordnesrepublikken.no\/index.php\/2025\/05\/08\/hvorfor-kaller-david-di-donatello-det-historien-til-den-italienske-oscar\/\"},\"author\":{\"name\":\"Ole Andersen\",\"@id\":\"https:\/\/nordnesrepublikken.no\/#\/schema\/person\/2e7e81935bab77882fffb79296240ff1\"},\"headline\":\"Hvorfor kaller David di Donatello det? Historien til den italienske &laquo;Oscar&raquo;\",\"datePublished\":\"2025-05-08T18:49:45+00:00\",\"dateModified\":\"2025-05-08T18:49:52+00:00\",\"mainEntityOfPage\":{\"@id\":\"https:\/\/nordnesrepublikken.no\/index.php\/2025\/05\/08\/hvorfor-kaller-david-di-donatello-det-historien-til-den-italienske-oscar\/\"},\"wordCount\":803,\"publisher\":{\"@id\":\"https:\/\/nordnesrepublikken.no\/#organization\"},\"image\":{\"@id\":\"https:\/\/nordnesrepublikken.no\/index.php\/2025\/05\/08\/hvorfor-kaller-david-di-donatello-det-historien-til-den-italienske-oscar\/#primaryimage\"},\"thumbnailUrl\":\"https:\/\/nordnesrepublikken.no\/wp-content\/uploads\/2025\/05\/1746730185_Hvorfor-kaller-David-di-Donatello-det-Historien-til-den-italienske-scaled.jpg\",\"keywords\":[\"David\",\"den\",\"Det\",\"Donatello\",\"Historien\",\"hvorfor\",\"italienske\",\"kaller\",\"Oscar\",\"til\"],\"articleSection\":[\"Samfunn\"],\"inLanguage\":\"nb-NO\"},{\"@type\":\"WebPage\",\"@id\":\"https:\/\/nordnesrepublikken.no\/index.php\/2025\/05\/08\/hvorfor-kaller-david-di-donatello-det-historien-til-den-italienske-oscar\/\",\"url\":\"https:\/\/nordnesrepublikken.no\/index.php\/2025\/05\/08\/hvorfor-kaller-david-di-donatello-det-historien-til-den-italienske-oscar\/\",\"name\":\"Hvorfor kaller David di Donatello det? Historien til den italienske \\\"Oscar\\\" - Nordnesrepublikken\",\"isPartOf\":{\"@id\":\"https:\/\/nordnesrepublikken.no\/#website\"},\"primaryImageOfPage\":{\"@id\":\"https:\/\/nordnesrepublikken.no\/index.php\/2025\/05\/08\/hvorfor-kaller-david-di-donatello-det-historien-til-den-italienske-oscar\/#primaryimage\"},\"image\":{\"@id\":\"https:\/\/nordnesrepublikken.no\/index.php\/2025\/05\/08\/hvorfor-kaller-david-di-donatello-det-historien-til-den-italienske-oscar\/#primaryimage\"},\"thumbnailUrl\":\"https:\/\/nordnesrepublikken.no\/wp-content\/uploads\/2025\/05\/1746730185_Hvorfor-kaller-David-di-Donatello-det-Historien-til-den-italienske-scaled.jpg\",\"datePublished\":\"2025-05-08T18:49:45+00:00\",\"dateModified\":\"2025-05-08T18:49:52+00:00\",\"breadcrumb\":{\"@id\":\"https:\/\/nordnesrepublikken.no\/index.php\/2025\/05\/08\/hvorfor-kaller-david-di-donatello-det-historien-til-den-italienske-oscar\/#breadcrumb\"},\"inLanguage\":\"nb-NO\",\"potentialAction\":[{\"@type\":\"ReadAction\",\"target\":[\"https:\/\/nordnesrepublikken.no\/index.php\/2025\/05\/08\/hvorfor-kaller-david-di-donatello-det-historien-til-den-italienske-oscar\/\"]}]},{\"@type\":\"ImageObject\",\"inLanguage\":\"nb-NO\",\"@id\":\"https:\/\/nordnesrepublikken.no\/index.php\/2025\/05\/08\/hvorfor-kaller-david-di-donatello-det-historien-til-den-italienske-oscar\/#primaryimage\",\"url\":\"https:\/\/nordnesrepublikken.no\/wp-content\/uploads\/2025\/05\/1746730185_Hvorfor-kaller-David-di-Donatello-det-Historien-til-den-italienske-scaled.jpg\",\"contentUrl\":\"https:\/\/nordnesrepublikken.no\/wp-content\/uploads\/2025\/05\/1746730185_Hvorfor-kaller-David-di-Donatello-det-Historien-til-den-italienske-scaled.jpg\",\"width\":2560,\"height\":1488,\"caption\":\"david donatello\"},{\"@type\":\"BreadcrumbList\",\"@id\":\"https:\/\/nordnesrepublikken.no\/index.php\/2025\/05\/08\/hvorfor-kaller-david-di-donatello-det-historien-til-den-italienske-oscar\/#breadcrumb\",\"itemListElement\":[{\"@type\":\"ListItem\",\"position\":1,\"name\":\"Home\",\"item\":\"https:\/\/nordnesrepublikken.no\/\"},{\"@type\":\"ListItem\",\"position\":2,\"name\":\"Hvorfor kaller David di Donatello det? Historien til den italienske &laquo;Oscar&raquo;\"}]},{\"@type\":\"WebSite\",\"@id\":\"https:\/\/nordnesrepublikken.no\/#website\",\"url\":\"https:\/\/nordnesrepublikken.no\/\",\"name\":\"Nordnesrepublikken\",\"description\":\"Stemmer og Visjoner fra Republikkens Hjerte\",\"publisher\":{\"@id\":\"https:\/\/nordnesrepublikken.no\/#organization\"},\"potentialAction\":[{\"@type\":\"SearchAction\",\"target\":{\"@type\":\"EntryPoint\",\"urlTemplate\":\"https:\/\/nordnesrepublikken.no\/?s={search_term_string}\"},\"query-input\":{\"@type\":\"PropertyValueSpecification\",\"valueRequired\":true,\"valueName\":\"search_term_string\"}}],\"inLanguage\":\"nb-NO\"},{\"@type\":\"Organization\",\"@id\":\"https:\/\/nordnesrepublikken.no\/#organization\",\"name\":\"Nordnesrepublikken\",\"url\":\"https:\/\/nordnesrepublikken.no\/\",\"logo\":{\"@type\":\"ImageObject\",\"inLanguage\":\"nb-NO\",\"@id\":\"https:\/\/nordnesrepublikken.no\/#\/schema\/logo\/image\/\",\"url\":\"https:\/\/nordnesrepublikken.no\/wp-content\/uploads\/2025\/02\/cropped-nordnesrepublikken-2.png\",\"contentUrl\":\"https:\/\/nordnesrepublikken.no\/wp-content\/uploads\/2025\/02\/cropped-nordnesrepublikken-2.png\",\"width\":1248,\"height\":362,\"caption\":\"Nordnesrepublikken\"},\"image\":{\"@id\":\"https:\/\/nordnesrepublikken.no\/#\/schema\/logo\/image\/\"}},{\"@type\":\"Person\",\"@id\":\"https:\/\/nordnesrepublikken.no\/#\/schema\/person\/2e7e81935bab77882fffb79296240ff1\",\"name\":\"Ole Andersen\",\"image\":{\"@type\":\"ImageObject\",\"inLanguage\":\"nb-NO\",\"@id\":\"https:\/\/nordnesrepublikken.no\/#\/schema\/person\/image\/\",\"url\":\"https:\/\/nordnesrepublikken.no\/wp-content\/uploads\/2025\/02\/nordnesrepublikken-2-2-150x150.jpg\",\"contentUrl\":\"https:\/\/nordnesrepublikken.no\/wp-content\/uploads\/2025\/02\/nordnesrepublikken-2-2-150x150.jpg\",\"caption\":\"Ole Andersen\"},\"description\":\"Ettersom jeg vokste opp i Oslo, har jeg alltid v\u00e6rt fascinert av ordenes kraft og deres evne til \u00e5 skape endringer. Etter \u00e5 ha fullf\u00f8rt min utdannelse i kommunikasjon ved Universitetet i Bergen, fikk jeg muligheten til \u00e5 jobbe innen ulike medier, der jeg har s\u00f8kt \u00e5 belyse viktige samfunnssp\u00f8rsm\u00e5l. I dag, som redakt\u00f8r for Nordnesrepublikken, pr\u00f8ver jeg \u00e5 forene min kj\u00e6rlighet for journalistikk med min lidenskap for innovasjon og eventyr.\",\"sameAs\":[\"https:\/\/nordnesrepublikken.no\/\"]}]}<\/script>\n<!-- \/ Yoast SEO plugin. -->","yoast_head_json":{"title":"Hvorfor kaller David di Donatello det? Historien til den italienske \"Oscar\" - Nordnesrepublikken","robots":{"index":"index","follow":"follow","max-snippet":"max-snippet:-1","max-image-preview":"max-image-preview:large","max-video-preview":"max-video-preview:-1"},"canonical":"https:\/\/nordnesrepublikken.no\/index.php\/2025\/05\/08\/hvorfor-kaller-david-di-donatello-det-historien-til-den-italienske-oscar\/","og_locale":"nb_NO","og_type":"article","og_title":"Hvorfor kaller David di Donatello det? Historien til den italienske \"Oscar\" - Nordnesrepublikken","og_description":"De David Di DonatelloItaliensk kinopris hvis f\u00f8rste utgave stammer tilbake til 1956regnes som en av","og_url":"https:\/\/nordnesrepublikken.no\/index.php\/2025\/05\/08\/hvorfor-kaller-david-di-donatello-det-historien-til-den-italienske-oscar\/","og_site_name":"Nordnesrepublikken","article_published_time":"2025-05-08T18:49:45+00:00","article_modified_time":"2025-05-08T18:49:52+00:00","og_image":[{"width":2560,"height":1488,"url":"https:\/\/nordnesrepublikken.no\/wp-content\/uploads\/2025\/05\/1746730185_Hvorfor-kaller-David-di-Donatello-det-Historien-til-den-italienske-scaled.jpg","type":"image\/jpeg"}],"author":"Ole Andersen","twitter_card":"summary_large_image","twitter_misc":{"Skrevet av":"Ole Andersen","Ansl. lesetid":"4 minutter"},"schema":{"@context":"https:\/\/schema.org","@graph":[{"@type":"Article","@id":"https:\/\/nordnesrepublikken.no\/index.php\/2025\/05\/08\/hvorfor-kaller-david-di-donatello-det-historien-til-den-italienske-oscar\/#article","isPartOf":{"@id":"https:\/\/nordnesrepublikken.no\/index.php\/2025\/05\/08\/hvorfor-kaller-david-di-donatello-det-historien-til-den-italienske-oscar\/"},"author":{"name":"Ole Andersen","@id":"https:\/\/nordnesrepublikken.no\/#\/schema\/person\/2e7e81935bab77882fffb79296240ff1"},"headline":"Hvorfor kaller David di Donatello det? Historien til den italienske &laquo;Oscar&raquo;","datePublished":"2025-05-08T18:49:45+00:00","dateModified":"2025-05-08T18:49:52+00:00","mainEntityOfPage":{"@id":"https:\/\/nordnesrepublikken.no\/index.php\/2025\/05\/08\/hvorfor-kaller-david-di-donatello-det-historien-til-den-italienske-oscar\/"},"wordCount":803,"publisher":{"@id":"https:\/\/nordnesrepublikken.no\/#organization"},"image":{"@id":"https:\/\/nordnesrepublikken.no\/index.php\/2025\/05\/08\/hvorfor-kaller-david-di-donatello-det-historien-til-den-italienske-oscar\/#primaryimage"},"thumbnailUrl":"https:\/\/nordnesrepublikken.no\/wp-content\/uploads\/2025\/05\/1746730185_Hvorfor-kaller-David-di-Donatello-det-Historien-til-den-italienske-scaled.jpg","keywords":["David","den","Det","Donatello","Historien","hvorfor","italienske","kaller","Oscar","til"],"articleSection":["Samfunn"],"inLanguage":"nb-NO"},{"@type":"WebPage","@id":"https:\/\/nordnesrepublikken.no\/index.php\/2025\/05\/08\/hvorfor-kaller-david-di-donatello-det-historien-til-den-italienske-oscar\/","url":"https:\/\/nordnesrepublikken.no\/index.php\/2025\/05\/08\/hvorfor-kaller-david-di-donatello-det-historien-til-den-italienske-oscar\/","name":"Hvorfor kaller David di Donatello det? Historien til den italienske \"Oscar\" - Nordnesrepublikken","isPartOf":{"@id":"https:\/\/nordnesrepublikken.no\/#website"},"primaryImageOfPage":{"@id":"https:\/\/nordnesrepublikken.no\/index.php\/2025\/05\/08\/hvorfor-kaller-david-di-donatello-det-historien-til-den-italienske-oscar\/#primaryimage"},"image":{"@id":"https:\/\/nordnesrepublikken.no\/index.php\/2025\/05\/08\/hvorfor-kaller-david-di-donatello-det-historien-til-den-italienske-oscar\/#primaryimage"},"thumbnailUrl":"https:\/\/nordnesrepublikken.no\/wp-content\/uploads\/2025\/05\/1746730185_Hvorfor-kaller-David-di-Donatello-det-Historien-til-den-italienske-scaled.jpg","datePublished":"2025-05-08T18:49:45+00:00","dateModified":"2025-05-08T18:49:52+00:00","breadcrumb":{"@id":"https:\/\/nordnesrepublikken.no\/index.php\/2025\/05\/08\/hvorfor-kaller-david-di-donatello-det-historien-til-den-italienske-oscar\/#breadcrumb"},"inLanguage":"nb-NO","potentialAction":[{"@type":"ReadAction","target":["https:\/\/nordnesrepublikken.no\/index.php\/2025\/05\/08\/hvorfor-kaller-david-di-donatello-det-historien-til-den-italienske-oscar\/"]}]},{"@type":"ImageObject","inLanguage":"nb-NO","@id":"https:\/\/nordnesrepublikken.no\/index.php\/2025\/05\/08\/hvorfor-kaller-david-di-donatello-det-historien-til-den-italienske-oscar\/#primaryimage","url":"https:\/\/nordnesrepublikken.no\/wp-content\/uploads\/2025\/05\/1746730185_Hvorfor-kaller-David-di-Donatello-det-Historien-til-den-italienske-scaled.jpg","contentUrl":"https:\/\/nordnesrepublikken.no\/wp-content\/uploads\/2025\/05\/1746730185_Hvorfor-kaller-David-di-Donatello-det-Historien-til-den-italienske-scaled.jpg","width":2560,"height":1488,"caption":"david donatello"},{"@type":"BreadcrumbList","@id":"https:\/\/nordnesrepublikken.no\/index.php\/2025\/05\/08\/hvorfor-kaller-david-di-donatello-det-historien-til-den-italienske-oscar\/#breadcrumb","itemListElement":[{"@type":"ListItem","position":1,"name":"Home","item":"https:\/\/nordnesrepublikken.no\/"},{"@type":"ListItem","position":2,"name":"Hvorfor kaller David di Donatello det? Historien til den italienske &laquo;Oscar&raquo;"}]},{"@type":"WebSite","@id":"https:\/\/nordnesrepublikken.no\/#website","url":"https:\/\/nordnesrepublikken.no\/","name":"Nordnesrepublikken","description":"Stemmer og Visjoner fra Republikkens Hjerte","publisher":{"@id":"https:\/\/nordnesrepublikken.no\/#organization"},"potentialAction":[{"@type":"SearchAction","target":{"@type":"EntryPoint","urlTemplate":"https:\/\/nordnesrepublikken.no\/?s={search_term_string}"},"query-input":{"@type":"PropertyValueSpecification","valueRequired":true,"valueName":"search_term_string"}}],"inLanguage":"nb-NO"},{"@type":"Organization","@id":"https:\/\/nordnesrepublikken.no\/#organization","name":"Nordnesrepublikken","url":"https:\/\/nordnesrepublikken.no\/","logo":{"@type":"ImageObject","inLanguage":"nb-NO","@id":"https:\/\/nordnesrepublikken.no\/#\/schema\/logo\/image\/","url":"https:\/\/nordnesrepublikken.no\/wp-content\/uploads\/2025\/02\/cropped-nordnesrepublikken-2.png","contentUrl":"https:\/\/nordnesrepublikken.no\/wp-content\/uploads\/2025\/02\/cropped-nordnesrepublikken-2.png","width":1248,"height":362,"caption":"Nordnesrepublikken"},"image":{"@id":"https:\/\/nordnesrepublikken.no\/#\/schema\/logo\/image\/"}},{"@type":"Person","@id":"https:\/\/nordnesrepublikken.no\/#\/schema\/person\/2e7e81935bab77882fffb79296240ff1","name":"Ole Andersen","image":{"@type":"ImageObject","inLanguage":"nb-NO","@id":"https:\/\/nordnesrepublikken.no\/#\/schema\/person\/image\/","url":"https:\/\/nordnesrepublikken.no\/wp-content\/uploads\/2025\/02\/nordnesrepublikken-2-2-150x150.jpg","contentUrl":"https:\/\/nordnesrepublikken.no\/wp-content\/uploads\/2025\/02\/nordnesrepublikken-2-2-150x150.jpg","caption":"Ole Andersen"},"description":"Ettersom jeg vokste opp i Oslo, har jeg alltid v\u00e6rt fascinert av ordenes kraft og deres evne til \u00e5 skape endringer. Etter \u00e5 ha fullf\u00f8rt min utdannelse i kommunikasjon ved Universitetet i Bergen, fikk jeg muligheten til \u00e5 jobbe innen ulike medier, der jeg har s\u00f8kt \u00e5 belyse viktige samfunnssp\u00f8rsm\u00e5l. I dag, som redakt\u00f8r for Nordnesrepublikken, pr\u00f8ver jeg \u00e5 forene min kj\u00e6rlighet for journalistikk med min lidenskap for innovasjon og eventyr.","sameAs":["https:\/\/nordnesrepublikken.no\/"]}]}},"_links":{"self":[{"href":"https:\/\/nordnesrepublikken.no\/index.php\/wp-json\/wp\/v2\/posts\/4349","targetHints":{"allow":["GET"]}}],"collection":[{"href":"https:\/\/nordnesrepublikken.no\/index.php\/wp-json\/wp\/v2\/posts"}],"about":[{"href":"https:\/\/nordnesrepublikken.no\/index.php\/wp-json\/wp\/v2\/types\/post"}],"author":[{"embeddable":true,"href":"https:\/\/nordnesrepublikken.no\/index.php\/wp-json\/wp\/v2\/users\/1"}],"replies":[{"embeddable":true,"href":"https:\/\/nordnesrepublikken.no\/index.php\/wp-json\/wp\/v2\/comments?post=4349"}],"version-history":[{"count":1,"href":"https:\/\/nordnesrepublikken.no\/index.php\/wp-json\/wp\/v2\/posts\/4349\/revisions"}],"predecessor-version":[{"id":4351,"href":"https:\/\/nordnesrepublikken.no\/index.php\/wp-json\/wp\/v2\/posts\/4349\/revisions\/4351"}],"wp:featuredmedia":[{"embeddable":true,"href":"https:\/\/nordnesrepublikken.no\/index.php\/wp-json\/wp\/v2\/media\/4350"}],"wp:attachment":[{"href":"https:\/\/nordnesrepublikken.no\/index.php\/wp-json\/wp\/v2\/media?parent=4349"}],"wp:term":[{"taxonomy":"category","embeddable":true,"href":"https:\/\/nordnesrepublikken.no\/index.php\/wp-json\/wp\/v2\/categories?post=4349"},{"taxonomy":"post_tag","embeddable":true,"href":"https:\/\/nordnesrepublikken.no\/index.php\/wp-json\/wp\/v2\/tags?post=4349"}],"curies":[{"name":"wp","href":"https:\/\/api.w.org\/{rel}","templated":true}]}}