{"id":4343,"date":"2025-05-08T16:49:58","date_gmt":"2025-05-08T14:49:58","guid":{"rendered":"https:\/\/nordnesrepublikken.no\/index.php\/2025\/05\/08\/den-svarte-royken-kommer-ikke-bare-fra-de-brente-kortene-men-ogsa-fra-en-ekte-royk\/"},"modified":"2025-05-08T16:49:58","modified_gmt":"2025-05-08T14:49:58","slug":"den-svarte-royken-kommer-ikke-bare-fra-de-brente-kortene-men-ogsa-fra-en-ekte-royk","status":"publish","type":"post","link":"https:\/\/nordnesrepublikken.no\/index.php\/2025\/05\/08\/den-svarte-royken-kommer-ikke-bare-fra-de-brente-kortene-men-ogsa-fra-en-ekte-royk\/","title":{"rendered":"Den svarte r\u00f8yken kommer ikke bare fra de brente kortene, men ogs\u00e5 fra en ekte r\u00f8yk"},"content":{"rendered":"<div>\n<div class=\"cp_wrapper cp_wrapper--fw mb-30 mb-20@tablet\">\n<figure class=\"mm\"><picture class=\"img\" style=\"padding-top:56.25%\"><source  media=\"(min-width: 1024px)\"><source  media=\"(min-width: 768px)\"><\/source><\/source><\/picture><\/figure>\n<\/p><\/div>\n<p>Den svarte r\u00f8yken som i g\u00e5r 07. mai og i dag 8. mai slapp unna skorsteinen p\u00e5 det sixtinske kapellet, er signalet som kirken kunngj\u00f8r manglende valg av den nye Pontiff p\u00e5 slutten av en stemmesesjon. Men hvordan produseres det? Hva brenner for \u00e5 f\u00e5 den tette og m\u00f8rke r\u00f8yken?<\/p>\n<p>I f\u00f8lge <strong>Erkl\u00e6ringer<\/strong> av Father Federico Lombardi under en pressekonferanse og fra informasjonen om komfyren til konklaven publisert i 2005, i Sistine Chapel det er <strong>To ovner<\/strong>: en <strong>eldre komfyr<\/strong>rund form, som brukes til \u00e5 brenne kortene som inneholder kardinalene, og ett <strong>Mer moderne komfyr<\/strong> designet <strong>Spesielt<\/strong> \u00c5 \u00f8ke <strong>synlighet<\/strong> av r\u00f8ykene. I den moderne komfyren a <strong>patron<\/strong> av st\u00f8rrelse 25x15x7 cm, inneholder <strong>5 kontorer<\/strong>som er aktivert etter hverandre gjennom en <strong>elektronisk enhet<\/strong>. Hver kostnad varer omtrent <strong>1 minutt<\/strong>for totalt <strong>5 minutter<\/strong> Produksjon av svart r\u00f8yk.<\/p>\n<p>Den kjemiske sammensetningen av blandingen som produserer den svarte r\u00f8yken vil omfatte:<\/p>\n<ul>\n<li><strong>Perchorato di Potassio (Kclo\u2084)<\/strong>: oksidantmiddel som er i stand til \u00e5 utl\u00f8se den delvise forbrenningen av anthracept;<\/li>\n<li><strong>Antracene (C\u2081\u2084h\u2081\u2080)<\/strong>: en aromatisk polysyklisk hydrokarbonforbrenning som produserer <strong>Svart r\u00f8yk<\/strong>som vi husker at vi var en aerosol som best\u00e5r av sm\u00e5 faste partikler;<\/li>\n<li><strong>Zolfo (S)<\/strong>: Et element som bidrar til \u00e5 gj\u00f8re forbrenning mer kraftig, da det lett er oksidabelt til svovel og svovel.<\/li>\n<\/ul>\n<p>Imidlertid er det viktig \u00e5 spesifisere at produsenten eller den n\u00f8yaktige r\u00f8yken ikke er kjent. Informasjonen som er rapportert kommer utelukkende fra erkl\u00e6ringen til far Lombardi, og det er ingen absolutt sikkerhet ang\u00e5ende sammensetningen og opprinnelsen til materialet. I tillegg er det informasjon om i 2005 -konklaven, og vi vet ikke om det er gjort endringer i l\u00f8pet av disse 20 \u00e5rene.<\/p>\n<p>I alle fall er de nevnte komponentene absolutt plausible, gitt at det er lignende stoffer i industrielle svarte r\u00f8ykbomber, for eksempel klorat kalium og kull.<\/p>\n<p>Hvis du vil vite mer om funksjonen til konklaven, vil du her finne en av v\u00e5re interessante videoer.<\/p>\n<\/p><\/div>\n","protected":false},"excerpt":{"rendered":"<p>Den svarte r\u00f8yken som i g\u00e5r 07. mai og i dag 8. mai slapp unna<\/p>\n","protected":false},"author":1,"featured_media":4344,"comment_status":"closed","ping_status":"open","sticky":false,"template":"","format":"standard","meta":{"footnotes":""},"categories":[24],"tags":[1930,2208,74,2210,125,187,1046,2209,355,753,1920,2207,2206],"class_list":["post-4343","post","type-post","status-publish","format-standard","has-post-thumbnail","hentry","category-vitenskap","tag-bare","tag-brente","tag-den","tag-ekte","tag-fra","tag-ikke","tag-kommer","tag-kortene","tag-men","tag-ogsa","tag-royk","tag-royken","tag-svarte","generate-columns","tablet-grid-50","mobile-grid-100","grid-parent","grid-33","resize-featured-image"],"yoast_head":"<!-- This site is optimized with the Yoast SEO plugin v24.4 - https:\/\/yoast.com\/wordpress\/plugins\/seo\/ -->\n<title>Den svarte r\u00f8yken kommer ikke bare fra de brente kortene, men ogs\u00e5 fra en ekte r\u00f8yk - Nordnesrepublikken<\/title>\n<meta name=\"robots\" content=\"index, follow, max-snippet:-1, max-image-preview:large, max-video-preview:-1\" \/>\n<link rel=\"canonical\" href=\"https:\/\/nordnesrepublikken.no\/index.php\/2025\/05\/08\/den-svarte-royken-kommer-ikke-bare-fra-de-brente-kortene-men-ogsa-fra-en-ekte-royk\/\" \/>\n<meta property=\"og:locale\" content=\"nb_NO\" \/>\n<meta property=\"og:type\" content=\"article\" \/>\n<meta property=\"og:title\" content=\"Den svarte r\u00f8yken kommer ikke bare fra de brente kortene, men ogs\u00e5 fra en ekte r\u00f8yk - Nordnesrepublikken\" \/>\n<meta property=\"og:description\" content=\"Den svarte r\u00f8yken som i g\u00e5r 07. mai og i dag 8. mai slapp unna\" \/>\n<meta property=\"og:url\" content=\"https:\/\/nordnesrepublikken.no\/index.php\/2025\/05\/08\/den-svarte-royken-kommer-ikke-bare-fra-de-brente-kortene-men-ogsa-fra-en-ekte-royk\/\" \/>\n<meta property=\"og:site_name\" content=\"Nordnesrepublikken\" \/>\n<meta property=\"article:published_time\" content=\"2025-05-08T14:49:58+00:00\" \/>\n<meta property=\"og:image\" content=\"https:\/\/nordnesrepublikken.no\/wp-content\/uploads\/2025\/05\/1746715798_Den-svarte-royken-kommer-ikke-bare-fra-de-brente-kortene.jpg\" \/>\n\t<meta property=\"og:image:width\" content=\"500\" \/>\n\t<meta property=\"og:image:height\" content=\"355\" \/>\n\t<meta property=\"og:image:type\" content=\"image\/jpeg\" \/>\n<meta name=\"author\" content=\"Ole Andersen\" \/>\n<meta name=\"twitter:card\" content=\"summary_large_image\" \/>\n<meta name=\"twitter:label1\" content=\"Skrevet av\" \/>\n\t<meta name=\"twitter:data1\" content=\"Ole Andersen\" \/>\n\t<meta name=\"twitter:label2\" content=\"Ansl. lesetid\" \/>\n\t<meta name=\"twitter:data2\" content=\"2 minutter\" \/>\n<script type=\"application\/ld+json\" class=\"yoast-schema-graph\">{\"@context\":\"https:\/\/schema.org\",\"@graph\":[{\"@type\":\"Article\",\"@id\":\"https:\/\/nordnesrepublikken.no\/index.php\/2025\/05\/08\/den-svarte-royken-kommer-ikke-bare-fra-de-brente-kortene-men-ogsa-fra-en-ekte-royk\/#article\",\"isPartOf\":{\"@id\":\"https:\/\/nordnesrepublikken.no\/index.php\/2025\/05\/08\/den-svarte-royken-kommer-ikke-bare-fra-de-brente-kortene-men-ogsa-fra-en-ekte-royk\/\"},\"author\":{\"name\":\"Ole Andersen\",\"@id\":\"https:\/\/nordnesrepublikken.no\/#\/schema\/person\/2e7e81935bab77882fffb79296240ff1\"},\"headline\":\"Den svarte r\u00f8yken kommer ikke bare fra de brente kortene, men ogs\u00e5 fra en ekte r\u00f8yk\",\"datePublished\":\"2025-05-08T14:49:58+00:00\",\"mainEntityOfPage\":{\"@id\":\"https:\/\/nordnesrepublikken.no\/index.php\/2025\/05\/08\/den-svarte-royken-kommer-ikke-bare-fra-de-brente-kortene-men-ogsa-fra-en-ekte-royk\/\"},\"wordCount\":342,\"publisher\":{\"@id\":\"https:\/\/nordnesrepublikken.no\/#organization\"},\"image\":{\"@id\":\"https:\/\/nordnesrepublikken.no\/index.php\/2025\/05\/08\/den-svarte-royken-kommer-ikke-bare-fra-de-brente-kortene-men-ogsa-fra-en-ekte-royk\/#primaryimage\"},\"thumbnailUrl\":\"https:\/\/nordnesrepublikken.no\/wp-content\/uploads\/2025\/05\/1746715798_Den-svarte-royken-kommer-ikke-bare-fra-de-brente-kortene.jpg\",\"keywords\":[\"bare\",\"brente\",\"den\",\"ekte\",\"fra\",\"ikke\",\"kommer\",\"kortene\",\"men\",\"ogs\u00e5\",\"r\u00f8yk\",\"r\u00f8yken\",\"svarte\"],\"articleSection\":[\"Vitenskap\"],\"inLanguage\":\"nb-NO\"},{\"@type\":\"WebPage\",\"@id\":\"https:\/\/nordnesrepublikken.no\/index.php\/2025\/05\/08\/den-svarte-royken-kommer-ikke-bare-fra-de-brente-kortene-men-ogsa-fra-en-ekte-royk\/\",\"url\":\"https:\/\/nordnesrepublikken.no\/index.php\/2025\/05\/08\/den-svarte-royken-kommer-ikke-bare-fra-de-brente-kortene-men-ogsa-fra-en-ekte-royk\/\",\"name\":\"Den svarte r\u00f8yken kommer ikke bare fra de brente kortene, men ogs\u00e5 fra en ekte r\u00f8yk - Nordnesrepublikken\",\"isPartOf\":{\"@id\":\"https:\/\/nordnesrepublikken.no\/#website\"},\"primaryImageOfPage\":{\"@id\":\"https:\/\/nordnesrepublikken.no\/index.php\/2025\/05\/08\/den-svarte-royken-kommer-ikke-bare-fra-de-brente-kortene-men-ogsa-fra-en-ekte-royk\/#primaryimage\"},\"image\":{\"@id\":\"https:\/\/nordnesrepublikken.no\/index.php\/2025\/05\/08\/den-svarte-royken-kommer-ikke-bare-fra-de-brente-kortene-men-ogsa-fra-en-ekte-royk\/#primaryimage\"},\"thumbnailUrl\":\"https:\/\/nordnesrepublikken.no\/wp-content\/uploads\/2025\/05\/1746715798_Den-svarte-royken-kommer-ikke-bare-fra-de-brente-kortene.jpg\",\"datePublished\":\"2025-05-08T14:49:58+00:00\",\"breadcrumb\":{\"@id\":\"https:\/\/nordnesrepublikken.no\/index.php\/2025\/05\/08\/den-svarte-royken-kommer-ikke-bare-fra-de-brente-kortene-men-ogsa-fra-en-ekte-royk\/#breadcrumb\"},\"inLanguage\":\"nb-NO\",\"potentialAction\":[{\"@type\":\"ReadAction\",\"target\":[\"https:\/\/nordnesrepublikken.no\/index.php\/2025\/05\/08\/den-svarte-royken-kommer-ikke-bare-fra-de-brente-kortene-men-ogsa-fra-en-ekte-royk\/\"]}]},{\"@type\":\"ImageObject\",\"inLanguage\":\"nb-NO\",\"@id\":\"https:\/\/nordnesrepublikken.no\/index.php\/2025\/05\/08\/den-svarte-royken-kommer-ikke-bare-fra-de-brente-kortene-men-ogsa-fra-en-ekte-royk\/#primaryimage\",\"url\":\"https:\/\/nordnesrepublikken.no\/wp-content\/uploads\/2025\/05\/1746715798_Den-svarte-royken-kommer-ikke-bare-fra-de-brente-kortene.jpg\",\"contentUrl\":\"https:\/\/nordnesrepublikken.no\/wp-content\/uploads\/2025\/05\/1746715798_Den-svarte-royken-kommer-ikke-bare-fra-de-brente-kortene.jpg\",\"width\":500,\"height\":355,\"caption\":\"fumata nera composizione chimica\"},{\"@type\":\"BreadcrumbList\",\"@id\":\"https:\/\/nordnesrepublikken.no\/index.php\/2025\/05\/08\/den-svarte-royken-kommer-ikke-bare-fra-de-brente-kortene-men-ogsa-fra-en-ekte-royk\/#breadcrumb\",\"itemListElement\":[{\"@type\":\"ListItem\",\"position\":1,\"name\":\"Home\",\"item\":\"https:\/\/nordnesrepublikken.no\/\"},{\"@type\":\"ListItem\",\"position\":2,\"name\":\"Den svarte r\u00f8yken kommer ikke bare fra de brente kortene, men ogs\u00e5 fra en ekte r\u00f8yk\"}]},{\"@type\":\"WebSite\",\"@id\":\"https:\/\/nordnesrepublikken.no\/#website\",\"url\":\"https:\/\/nordnesrepublikken.no\/\",\"name\":\"Nordnesrepublikken\",\"description\":\"Stemmer og Visjoner fra Republikkens Hjerte\",\"publisher\":{\"@id\":\"https:\/\/nordnesrepublikken.no\/#organization\"},\"potentialAction\":[{\"@type\":\"SearchAction\",\"target\":{\"@type\":\"EntryPoint\",\"urlTemplate\":\"https:\/\/nordnesrepublikken.no\/?s={search_term_string}\"},\"query-input\":{\"@type\":\"PropertyValueSpecification\",\"valueRequired\":true,\"valueName\":\"search_term_string\"}}],\"inLanguage\":\"nb-NO\"},{\"@type\":\"Organization\",\"@id\":\"https:\/\/nordnesrepublikken.no\/#organization\",\"name\":\"Nordnesrepublikken\",\"url\":\"https:\/\/nordnesrepublikken.no\/\",\"logo\":{\"@type\":\"ImageObject\",\"inLanguage\":\"nb-NO\",\"@id\":\"https:\/\/nordnesrepublikken.no\/#\/schema\/logo\/image\/\",\"url\":\"https:\/\/nordnesrepublikken.no\/wp-content\/uploads\/2025\/02\/cropped-nordnesrepublikken-2.png\",\"contentUrl\":\"https:\/\/nordnesrepublikken.no\/wp-content\/uploads\/2025\/02\/cropped-nordnesrepublikken-2.png\",\"width\":1248,\"height\":362,\"caption\":\"Nordnesrepublikken\"},\"image\":{\"@id\":\"https:\/\/nordnesrepublikken.no\/#\/schema\/logo\/image\/\"}},{\"@type\":\"Person\",\"@id\":\"https:\/\/nordnesrepublikken.no\/#\/schema\/person\/2e7e81935bab77882fffb79296240ff1\",\"name\":\"Ole Andersen\",\"image\":{\"@type\":\"ImageObject\",\"inLanguage\":\"nb-NO\",\"@id\":\"https:\/\/nordnesrepublikken.no\/#\/schema\/person\/image\/\",\"url\":\"https:\/\/nordnesrepublikken.no\/wp-content\/uploads\/2025\/02\/nordnesrepublikken-2-2-150x150.jpg\",\"contentUrl\":\"https:\/\/nordnesrepublikken.no\/wp-content\/uploads\/2025\/02\/nordnesrepublikken-2-2-150x150.jpg\",\"caption\":\"Ole Andersen\"},\"description\":\"Ettersom jeg vokste opp i Oslo, har jeg alltid v\u00e6rt fascinert av ordenes kraft og deres evne til \u00e5 skape endringer. Etter \u00e5 ha fullf\u00f8rt min utdannelse i kommunikasjon ved Universitetet i Bergen, fikk jeg muligheten til \u00e5 jobbe innen ulike medier, der jeg har s\u00f8kt \u00e5 belyse viktige samfunnssp\u00f8rsm\u00e5l. I dag, som redakt\u00f8r for Nordnesrepublikken, pr\u00f8ver jeg \u00e5 forene min kj\u00e6rlighet for journalistikk med min lidenskap for innovasjon og eventyr.\",\"sameAs\":[\"https:\/\/nordnesrepublikken.no\/\"]}]}<\/script>\n<!-- \/ Yoast SEO plugin. -->","yoast_head_json":{"title":"Den svarte r\u00f8yken kommer ikke bare fra de brente kortene, men ogs\u00e5 fra en ekte r\u00f8yk - Nordnesrepublikken","robots":{"index":"index","follow":"follow","max-snippet":"max-snippet:-1","max-image-preview":"max-image-preview:large","max-video-preview":"max-video-preview:-1"},"canonical":"https:\/\/nordnesrepublikken.no\/index.php\/2025\/05\/08\/den-svarte-royken-kommer-ikke-bare-fra-de-brente-kortene-men-ogsa-fra-en-ekte-royk\/","og_locale":"nb_NO","og_type":"article","og_title":"Den svarte r\u00f8yken kommer ikke bare fra de brente kortene, men ogs\u00e5 fra en ekte r\u00f8yk - Nordnesrepublikken","og_description":"Den svarte r\u00f8yken som i g\u00e5r 07. mai og i dag 8. mai slapp unna","og_url":"https:\/\/nordnesrepublikken.no\/index.php\/2025\/05\/08\/den-svarte-royken-kommer-ikke-bare-fra-de-brente-kortene-men-ogsa-fra-en-ekte-royk\/","og_site_name":"Nordnesrepublikken","article_published_time":"2025-05-08T14:49:58+00:00","og_image":[{"width":500,"height":355,"url":"https:\/\/nordnesrepublikken.no\/wp-content\/uploads\/2025\/05\/1746715798_Den-svarte-royken-kommer-ikke-bare-fra-de-brente-kortene.jpg","type":"image\/jpeg"}],"author":"Ole Andersen","twitter_card":"summary_large_image","twitter_misc":{"Skrevet av":"Ole Andersen","Ansl. lesetid":"2 minutter"},"schema":{"@context":"https:\/\/schema.org","@graph":[{"@type":"Article","@id":"https:\/\/nordnesrepublikken.no\/index.php\/2025\/05\/08\/den-svarte-royken-kommer-ikke-bare-fra-de-brente-kortene-men-ogsa-fra-en-ekte-royk\/#article","isPartOf":{"@id":"https:\/\/nordnesrepublikken.no\/index.php\/2025\/05\/08\/den-svarte-royken-kommer-ikke-bare-fra-de-brente-kortene-men-ogsa-fra-en-ekte-royk\/"},"author":{"name":"Ole Andersen","@id":"https:\/\/nordnesrepublikken.no\/#\/schema\/person\/2e7e81935bab77882fffb79296240ff1"},"headline":"Den svarte r\u00f8yken kommer ikke bare fra de brente kortene, men ogs\u00e5 fra en ekte r\u00f8yk","datePublished":"2025-05-08T14:49:58+00:00","mainEntityOfPage":{"@id":"https:\/\/nordnesrepublikken.no\/index.php\/2025\/05\/08\/den-svarte-royken-kommer-ikke-bare-fra-de-brente-kortene-men-ogsa-fra-en-ekte-royk\/"},"wordCount":342,"publisher":{"@id":"https:\/\/nordnesrepublikken.no\/#organization"},"image":{"@id":"https:\/\/nordnesrepublikken.no\/index.php\/2025\/05\/08\/den-svarte-royken-kommer-ikke-bare-fra-de-brente-kortene-men-ogsa-fra-en-ekte-royk\/#primaryimage"},"thumbnailUrl":"https:\/\/nordnesrepublikken.no\/wp-content\/uploads\/2025\/05\/1746715798_Den-svarte-royken-kommer-ikke-bare-fra-de-brente-kortene.jpg","keywords":["bare","brente","den","ekte","fra","ikke","kommer","kortene","men","ogs\u00e5","r\u00f8yk","r\u00f8yken","svarte"],"articleSection":["Vitenskap"],"inLanguage":"nb-NO"},{"@type":"WebPage","@id":"https:\/\/nordnesrepublikken.no\/index.php\/2025\/05\/08\/den-svarte-royken-kommer-ikke-bare-fra-de-brente-kortene-men-ogsa-fra-en-ekte-royk\/","url":"https:\/\/nordnesrepublikken.no\/index.php\/2025\/05\/08\/den-svarte-royken-kommer-ikke-bare-fra-de-brente-kortene-men-ogsa-fra-en-ekte-royk\/","name":"Den svarte r\u00f8yken kommer ikke bare fra de brente kortene, men ogs\u00e5 fra en ekte r\u00f8yk - Nordnesrepublikken","isPartOf":{"@id":"https:\/\/nordnesrepublikken.no\/#website"},"primaryImageOfPage":{"@id":"https:\/\/nordnesrepublikken.no\/index.php\/2025\/05\/08\/den-svarte-royken-kommer-ikke-bare-fra-de-brente-kortene-men-ogsa-fra-en-ekte-royk\/#primaryimage"},"image":{"@id":"https:\/\/nordnesrepublikken.no\/index.php\/2025\/05\/08\/den-svarte-royken-kommer-ikke-bare-fra-de-brente-kortene-men-ogsa-fra-en-ekte-royk\/#primaryimage"},"thumbnailUrl":"https:\/\/nordnesrepublikken.no\/wp-content\/uploads\/2025\/05\/1746715798_Den-svarte-royken-kommer-ikke-bare-fra-de-brente-kortene.jpg","datePublished":"2025-05-08T14:49:58+00:00","breadcrumb":{"@id":"https:\/\/nordnesrepublikken.no\/index.php\/2025\/05\/08\/den-svarte-royken-kommer-ikke-bare-fra-de-brente-kortene-men-ogsa-fra-en-ekte-royk\/#breadcrumb"},"inLanguage":"nb-NO","potentialAction":[{"@type":"ReadAction","target":["https:\/\/nordnesrepublikken.no\/index.php\/2025\/05\/08\/den-svarte-royken-kommer-ikke-bare-fra-de-brente-kortene-men-ogsa-fra-en-ekte-royk\/"]}]},{"@type":"ImageObject","inLanguage":"nb-NO","@id":"https:\/\/nordnesrepublikken.no\/index.php\/2025\/05\/08\/den-svarte-royken-kommer-ikke-bare-fra-de-brente-kortene-men-ogsa-fra-en-ekte-royk\/#primaryimage","url":"https:\/\/nordnesrepublikken.no\/wp-content\/uploads\/2025\/05\/1746715798_Den-svarte-royken-kommer-ikke-bare-fra-de-brente-kortene.jpg","contentUrl":"https:\/\/nordnesrepublikken.no\/wp-content\/uploads\/2025\/05\/1746715798_Den-svarte-royken-kommer-ikke-bare-fra-de-brente-kortene.jpg","width":500,"height":355,"caption":"fumata nera composizione chimica"},{"@type":"BreadcrumbList","@id":"https:\/\/nordnesrepublikken.no\/index.php\/2025\/05\/08\/den-svarte-royken-kommer-ikke-bare-fra-de-brente-kortene-men-ogsa-fra-en-ekte-royk\/#breadcrumb","itemListElement":[{"@type":"ListItem","position":1,"name":"Home","item":"https:\/\/nordnesrepublikken.no\/"},{"@type":"ListItem","position":2,"name":"Den svarte r\u00f8yken kommer ikke bare fra de brente kortene, men ogs\u00e5 fra en ekte r\u00f8yk"}]},{"@type":"WebSite","@id":"https:\/\/nordnesrepublikken.no\/#website","url":"https:\/\/nordnesrepublikken.no\/","name":"Nordnesrepublikken","description":"Stemmer og Visjoner fra Republikkens Hjerte","publisher":{"@id":"https:\/\/nordnesrepublikken.no\/#organization"},"potentialAction":[{"@type":"SearchAction","target":{"@type":"EntryPoint","urlTemplate":"https:\/\/nordnesrepublikken.no\/?s={search_term_string}"},"query-input":{"@type":"PropertyValueSpecification","valueRequired":true,"valueName":"search_term_string"}}],"inLanguage":"nb-NO"},{"@type":"Organization","@id":"https:\/\/nordnesrepublikken.no\/#organization","name":"Nordnesrepublikken","url":"https:\/\/nordnesrepublikken.no\/","logo":{"@type":"ImageObject","inLanguage":"nb-NO","@id":"https:\/\/nordnesrepublikken.no\/#\/schema\/logo\/image\/","url":"https:\/\/nordnesrepublikken.no\/wp-content\/uploads\/2025\/02\/cropped-nordnesrepublikken-2.png","contentUrl":"https:\/\/nordnesrepublikken.no\/wp-content\/uploads\/2025\/02\/cropped-nordnesrepublikken-2.png","width":1248,"height":362,"caption":"Nordnesrepublikken"},"image":{"@id":"https:\/\/nordnesrepublikken.no\/#\/schema\/logo\/image\/"}},{"@type":"Person","@id":"https:\/\/nordnesrepublikken.no\/#\/schema\/person\/2e7e81935bab77882fffb79296240ff1","name":"Ole Andersen","image":{"@type":"ImageObject","inLanguage":"nb-NO","@id":"https:\/\/nordnesrepublikken.no\/#\/schema\/person\/image\/","url":"https:\/\/nordnesrepublikken.no\/wp-content\/uploads\/2025\/02\/nordnesrepublikken-2-2-150x150.jpg","contentUrl":"https:\/\/nordnesrepublikken.no\/wp-content\/uploads\/2025\/02\/nordnesrepublikken-2-2-150x150.jpg","caption":"Ole Andersen"},"description":"Ettersom jeg vokste opp i Oslo, har jeg alltid v\u00e6rt fascinert av ordenes kraft og deres evne til \u00e5 skape endringer. Etter \u00e5 ha fullf\u00f8rt min utdannelse i kommunikasjon ved Universitetet i Bergen, fikk jeg muligheten til \u00e5 jobbe innen ulike medier, der jeg har s\u00f8kt \u00e5 belyse viktige samfunnssp\u00f8rsm\u00e5l. I dag, som redakt\u00f8r for Nordnesrepublikken, pr\u00f8ver jeg \u00e5 forene min kj\u00e6rlighet for journalistikk med min lidenskap for innovasjon og eventyr.","sameAs":["https:\/\/nordnesrepublikken.no\/"]}]}},"_links":{"self":[{"href":"https:\/\/nordnesrepublikken.no\/index.php\/wp-json\/wp\/v2\/posts\/4343","targetHints":{"allow":["GET"]}}],"collection":[{"href":"https:\/\/nordnesrepublikken.no\/index.php\/wp-json\/wp\/v2\/posts"}],"about":[{"href":"https:\/\/nordnesrepublikken.no\/index.php\/wp-json\/wp\/v2\/types\/post"}],"author":[{"embeddable":true,"href":"https:\/\/nordnesrepublikken.no\/index.php\/wp-json\/wp\/v2\/users\/1"}],"replies":[{"embeddable":true,"href":"https:\/\/nordnesrepublikken.no\/index.php\/wp-json\/wp\/v2\/comments?post=4343"}],"version-history":[{"count":1,"href":"https:\/\/nordnesrepublikken.no\/index.php\/wp-json\/wp\/v2\/posts\/4343\/revisions"}],"predecessor-version":[{"id":4345,"href":"https:\/\/nordnesrepublikken.no\/index.php\/wp-json\/wp\/v2\/posts\/4343\/revisions\/4345"}],"wp:featuredmedia":[{"embeddable":true,"href":"https:\/\/nordnesrepublikken.no\/index.php\/wp-json\/wp\/v2\/media\/4344"}],"wp:attachment":[{"href":"https:\/\/nordnesrepublikken.no\/index.php\/wp-json\/wp\/v2\/media?parent=4343"}],"wp:term":[{"taxonomy":"category","embeddable":true,"href":"https:\/\/nordnesrepublikken.no\/index.php\/wp-json\/wp\/v2\/categories?post=4343"},{"taxonomy":"post_tag","embeddable":true,"href":"https:\/\/nordnesrepublikken.no\/index.php\/wp-json\/wp\/v2\/tags?post=4343"}],"curies":[{"name":"wp","href":"https:\/\/api.w.org\/{rel}","templated":true}]}}