{"id":4319,"date":"2025-05-08T12:50:14","date_gmt":"2025-05-08T10:50:14","guid":{"rendered":"https:\/\/nordnesrepublikken.no\/index.php\/2025\/05\/08\/toyota-styreleder-tviler-pa-ev-future-tid-vil-bevise-oss-riktig\/"},"modified":"2025-05-08T12:50:15","modified_gmt":"2025-05-08T10:50:15","slug":"toyota-styreleder-tviler-pa-ev-future-tid-vil-bevise-oss-riktig","status":"publish","type":"post","link":"https:\/\/nordnesrepublikken.no\/index.php\/2025\/05\/08\/toyota-styreleder-tviler-pa-ev-future-tid-vil-bevise-oss-riktig\/","title":{"rendered":"Toyota styreleder tviler p\u00e5 EV Future: \u201cTid vil bevise oss riktig\u201d"},"content":{"rendered":"<p><\/p>\n<div class=\"wordpress-content\">\n                    <!-- Article Start --><\/p>\n<p><strong>Toyota har blitt verdens mest solgte bilmerket for femte \u00e5ret l\u00f8p, takket v\u00e6re sin forpliktelse til hybridkj\u00f8ret\u00f8yer, men den tidligere administrerende direkt\u00f8ren ble styreleder fortsetter \u00e5 stille tvil om elbiler.<\/strong><\/p>\n<p>Mens mange bilprodusenter lader full fart i produksjonen av elektrisk kj\u00f8ret\u00f8y (EV), dobler Toyota seg p\u00e5 hybrider. If\u00f8lge <em>Mundo Deportivo<\/em>I 2024 ble 41 prosent av alle to Toyotas som ble solgt elektrifisert-for det meste ikke-plugg-in-hybrider-og det ser ut til \u00e5 fungere.<\/p>\n<h2><strong>Toyota leder globale og europeiske markeder<\/strong><\/h2>\n<ul>\n<li>Globalt salg: Toyota solgte 10,8 millioner biler over hele verden i 2024, og opprettholdt sin posisjon som verdens mest solgte bilprodusent for femte \u00e5r p\u00e5 rad.<\/li>\n<li>Europeisk salg: I Europa oppn\u00e5dde Toyota Motor Europe 1.217.132 Toyota og Lexus-kj\u00f8ret\u00f8ysalget i 2024, og markerte en \u00f8kning p\u00e5 4 prosent.<\/li>\n<li>Spania Salg: I Spania, 2024, ble det registrert et enormt 103.627 Toyota -salg.<\/li>\n<\/ul>\n<h2><strong>Toyotas \u00f8konomiske dukkert til tross for salgssuksess<\/strong><\/h2>\n<p>Til tross for rekordmottak i 2024, var det en nedgang p\u00e5 3,7 prosent i total gruppesalg. Toyota har advart om \u00f8konomisk press fremover p\u00e5 grunn av \u00f8kte investerings- og markedsutfordringer. Prognose for FY2025: Toyota forventer at driftsresultatet vil falle med 21 prosent, med henvisning til stigende kostnader og amerikanske tollsatser, if\u00f8lge <em>\u00d8konomiske tider<\/em>.<\/p>\n<div class=\"sra_unit\"><link rel=\"stylesheet\" id=\"block-sra\" href=\"https:\/\/euroweeklynews.com\/wp-content\/plugins\/snack-related-articles\/dist\/css\/snack-related.min.css?250312-193541\" type=\"text\/css\" media=\"all\">\n<\/div>\n<h2><strong>Toyotas tidligere administrerende direkt\u00f8rs holdning til elektriske sportsbiler<\/strong><\/h2>\n<p>Toyota Group Tidligere administrerende direkt\u00f8r Akio Toyoda (n\u00e5 styreleder i Toyota Motor Corporation) har gjort sin holdning til EVS klar. &laquo;Min definisjon av en sportsbil er noe som lukter bensin og har en st\u00f8yende motor,&raquo; fortalte Toyoda <em>Bilnyheter.<\/em><\/p>\n<p>Han sa at Toyota ikke vil bygge en elektrisk sportsbil f\u00f8r &laquo;rimelige batterier&raquo; er tilgjengelige. Han er ogs\u00e5 skeptisk til ettersp\u00f8rsel:<\/p>\n<p>&laquo;Tid vil bevise oss rett,&raquo; har Toyoda sagt, og insisterer p\u00e5 at EVS aldri vil overstige en tredjedel av det globale bilsalget, if\u00f8lge <em>Xataka<\/em>.<\/p>\n<h2><strong>EUs elbilfrist utgj\u00f8r risiko for Toyotas hybridstrategi<\/strong><\/h2>\n<p>Toyotas strategi kan m\u00f8te problemer ettersom EU mandater 100 prosent elektrisk nye bilsalg innen 2035. Selv om selskapet har lansert elektriske modeller som BZ4X, er det fremdeles sterkt fokusert p\u00e5 hybrider.<\/p>\n<p>Lanseringen av BZ4x sto overfor tilbakeslag, inkludert h\u00f8ye kostnader og tidlige sikkerhetsproblemer som involverer hjul som faller av. I mellomtiden fortsetter Toyotas Camry Hybrid \u00e5 prestere godt, og kutter drivstoffbruk med opptil 50 prosent i byer, if\u00f8lge tester i Australia, sitert av <em>Daily Mail<\/em>.<\/p>\n<p>Med sterkt globalt salg, men et stadig mer evfokusert marked, er Toyotas hybrid-f\u00f8rste modell for tiden en suksess, men ogs\u00e5 en gamble.<\/p>\n<p>Se alle bilnyheter.<\/p>\n<p>                    <!-- Article End --><\/p><\/div>\n","protected":false},"excerpt":{"rendered":"<p>Toyota har blitt verdens mest solgte bilmerket for femte \u00e5ret l\u00f8p, takket v\u00e6re sin forpliktelse<\/p>\n","protected":false},"author":1,"featured_media":4320,"comment_status":"closed","ping_status":"open","sticky":false,"template":"","format":"standard","meta":{"footnotes":""},"categories":[105],"tags":[2201,2200,657,81,2202,2198,636,2197,2199,149],"class_list":["post-4319","post","type-post","status-publish","format-standard","has-post-thumbnail","hentry","category-livsstil","tag-bevise","tag-future","tag-oss","tag-pa","tag-riktig","tag-styreleder","tag-tid","tag-toyota","tag-tviler","tag-vil","generate-columns","tablet-grid-50","mobile-grid-100","grid-parent","grid-33","resize-featured-image"],"yoast_head":"<!-- This site is optimized with the Yoast SEO plugin v24.4 - https:\/\/yoast.com\/wordpress\/plugins\/seo\/ -->\n<title>Toyota styreleder tviler p\u00e5 EV Future: \u201cTid vil bevise oss riktig\u201d - Nordnesrepublikken<\/title>\n<meta name=\"robots\" content=\"index, follow, max-snippet:-1, max-image-preview:large, max-video-preview:-1\" \/>\n<link rel=\"canonical\" href=\"https:\/\/nordnesrepublikken.no\/index.php\/2025\/05\/08\/toyota-styreleder-tviler-pa-ev-future-tid-vil-bevise-oss-riktig\/\" \/>\n<meta property=\"og:locale\" content=\"nb_NO\" \/>\n<meta property=\"og:type\" content=\"article\" \/>\n<meta property=\"og:title\" content=\"Toyota styreleder tviler p\u00e5 EV Future: \u201cTid vil bevise oss riktig\u201d - Nordnesrepublikken\" \/>\n<meta property=\"og:description\" content=\"Toyota har blitt verdens mest solgte bilmerket for femte \u00e5ret l\u00f8p, takket v\u00e6re sin forpliktelse\" \/>\n<meta property=\"og:url\" content=\"https:\/\/nordnesrepublikken.no\/index.php\/2025\/05\/08\/toyota-styreleder-tviler-pa-ev-future-tid-vil-bevise-oss-riktig\/\" \/>\n<meta property=\"og:site_name\" content=\"Nordnesrepublikken\" \/>\n<meta property=\"article:published_time\" content=\"2025-05-08T10:50:14+00:00\" \/>\n<meta property=\"article:modified_time\" content=\"2025-05-08T10:50:15+00:00\" \/>\n<meta property=\"og:image\" content=\"https:\/\/nordnesrepublikken.no\/wp-content\/uploads\/2025\/05\/1746701415_Toyota-styreleder-tviler-pa-EV-Future-Tid-vil-bevise-oss.jpg\" \/>\n\t<meta property=\"og:image:width\" content=\"1200\" \/>\n\t<meta property=\"og:image:height\" content=\"799\" \/>\n\t<meta property=\"og:image:type\" content=\"image\/jpeg\" \/>\n<meta name=\"author\" content=\"Ole Andersen\" \/>\n<meta name=\"twitter:card\" content=\"summary_large_image\" \/>\n<meta name=\"twitter:label1\" content=\"Skrevet av\" \/>\n\t<meta name=\"twitter:data1\" content=\"Ole Andersen\" \/>\n\t<meta name=\"twitter:label2\" content=\"Ansl. lesetid\" \/>\n\t<meta name=\"twitter:data2\" content=\"2 minutter\" \/>\n<script type=\"application\/ld+json\" class=\"yoast-schema-graph\">{\"@context\":\"https:\/\/schema.org\",\"@graph\":[{\"@type\":\"Article\",\"@id\":\"https:\/\/nordnesrepublikken.no\/index.php\/2025\/05\/08\/toyota-styreleder-tviler-pa-ev-future-tid-vil-bevise-oss-riktig\/#article\",\"isPartOf\":{\"@id\":\"https:\/\/nordnesrepublikken.no\/index.php\/2025\/05\/08\/toyota-styreleder-tviler-pa-ev-future-tid-vil-bevise-oss-riktig\/\"},\"author\":{\"name\":\"Ole Andersen\",\"@id\":\"https:\/\/nordnesrepublikken.no\/#\/schema\/person\/2e7e81935bab77882fffb79296240ff1\"},\"headline\":\"Toyota styreleder tviler p\u00e5 EV Future: \u201cTid vil bevise oss riktig\u201d\",\"datePublished\":\"2025-05-08T10:50:14+00:00\",\"dateModified\":\"2025-05-08T10:50:15+00:00\",\"mainEntityOfPage\":{\"@id\":\"https:\/\/nordnesrepublikken.no\/index.php\/2025\/05\/08\/toyota-styreleder-tviler-pa-ev-future-tid-vil-bevise-oss-riktig\/\"},\"wordCount\":413,\"publisher\":{\"@id\":\"https:\/\/nordnesrepublikken.no\/#organization\"},\"image\":{\"@id\":\"https:\/\/nordnesrepublikken.no\/index.php\/2025\/05\/08\/toyota-styreleder-tviler-pa-ev-future-tid-vil-bevise-oss-riktig\/#primaryimage\"},\"thumbnailUrl\":\"https:\/\/nordnesrepublikken.no\/wp-content\/uploads\/2025\/05\/1746701415_Toyota-styreleder-tviler-pa-EV-Future-Tid-vil-bevise-oss.jpg\",\"keywords\":[\"bevise\",\"Future\",\"oss\",\"p\u00e5\",\"riktig\",\"styreleder\",\"tid\",\"Toyota\",\"tviler\",\"vil\"],\"articleSection\":[\"Livsstil\"],\"inLanguage\":\"nb-NO\"},{\"@type\":\"WebPage\",\"@id\":\"https:\/\/nordnesrepublikken.no\/index.php\/2025\/05\/08\/toyota-styreleder-tviler-pa-ev-future-tid-vil-bevise-oss-riktig\/\",\"url\":\"https:\/\/nordnesrepublikken.no\/index.php\/2025\/05\/08\/toyota-styreleder-tviler-pa-ev-future-tid-vil-bevise-oss-riktig\/\",\"name\":\"Toyota styreleder tviler p\u00e5 EV Future: \u201cTid vil bevise oss riktig\u201d - Nordnesrepublikken\",\"isPartOf\":{\"@id\":\"https:\/\/nordnesrepublikken.no\/#website\"},\"primaryImageOfPage\":{\"@id\":\"https:\/\/nordnesrepublikken.no\/index.php\/2025\/05\/08\/toyota-styreleder-tviler-pa-ev-future-tid-vil-bevise-oss-riktig\/#primaryimage\"},\"image\":{\"@id\":\"https:\/\/nordnesrepublikken.no\/index.php\/2025\/05\/08\/toyota-styreleder-tviler-pa-ev-future-tid-vil-bevise-oss-riktig\/#primaryimage\"},\"thumbnailUrl\":\"https:\/\/nordnesrepublikken.no\/wp-content\/uploads\/2025\/05\/1746701415_Toyota-styreleder-tviler-pa-EV-Future-Tid-vil-bevise-oss.jpg\",\"datePublished\":\"2025-05-08T10:50:14+00:00\",\"dateModified\":\"2025-05-08T10:50:15+00:00\",\"breadcrumb\":{\"@id\":\"https:\/\/nordnesrepublikken.no\/index.php\/2025\/05\/08\/toyota-styreleder-tviler-pa-ev-future-tid-vil-bevise-oss-riktig\/#breadcrumb\"},\"inLanguage\":\"nb-NO\",\"potentialAction\":[{\"@type\":\"ReadAction\",\"target\":[\"https:\/\/nordnesrepublikken.no\/index.php\/2025\/05\/08\/toyota-styreleder-tviler-pa-ev-future-tid-vil-bevise-oss-riktig\/\"]}]},{\"@type\":\"ImageObject\",\"inLanguage\":\"nb-NO\",\"@id\":\"https:\/\/nordnesrepublikken.no\/index.php\/2025\/05\/08\/toyota-styreleder-tviler-pa-ev-future-tid-vil-bevise-oss-riktig\/#primaryimage\",\"url\":\"https:\/\/nordnesrepublikken.no\/wp-content\/uploads\/2025\/05\/1746701415_Toyota-styreleder-tviler-pa-EV-Future-Tid-vil-bevise-oss.jpg\",\"contentUrl\":\"https:\/\/nordnesrepublikken.no\/wp-content\/uploads\/2025\/05\/1746701415_Toyota-styreleder-tviler-pa-EV-Future-Tid-vil-bevise-oss.jpg\",\"width\":1200,\"height\":799,\"caption\":\"Toyota styreleder tviler p\u00e5 EV Future: \u201cTid vil bevise oss riktig\u201d\"},{\"@type\":\"BreadcrumbList\",\"@id\":\"https:\/\/nordnesrepublikken.no\/index.php\/2025\/05\/08\/toyota-styreleder-tviler-pa-ev-future-tid-vil-bevise-oss-riktig\/#breadcrumb\",\"itemListElement\":[{\"@type\":\"ListItem\",\"position\":1,\"name\":\"Home\",\"item\":\"https:\/\/nordnesrepublikken.no\/\"},{\"@type\":\"ListItem\",\"position\":2,\"name\":\"Toyota styreleder tviler p\u00e5 EV Future: \u201cTid vil bevise oss riktig\u201d\"}]},{\"@type\":\"WebSite\",\"@id\":\"https:\/\/nordnesrepublikken.no\/#website\",\"url\":\"https:\/\/nordnesrepublikken.no\/\",\"name\":\"Nordnesrepublikken\",\"description\":\"Stemmer og Visjoner fra Republikkens Hjerte\",\"publisher\":{\"@id\":\"https:\/\/nordnesrepublikken.no\/#organization\"},\"potentialAction\":[{\"@type\":\"SearchAction\",\"target\":{\"@type\":\"EntryPoint\",\"urlTemplate\":\"https:\/\/nordnesrepublikken.no\/?s={search_term_string}\"},\"query-input\":{\"@type\":\"PropertyValueSpecification\",\"valueRequired\":true,\"valueName\":\"search_term_string\"}}],\"inLanguage\":\"nb-NO\"},{\"@type\":\"Organization\",\"@id\":\"https:\/\/nordnesrepublikken.no\/#organization\",\"name\":\"Nordnesrepublikken\",\"url\":\"https:\/\/nordnesrepublikken.no\/\",\"logo\":{\"@type\":\"ImageObject\",\"inLanguage\":\"nb-NO\",\"@id\":\"https:\/\/nordnesrepublikken.no\/#\/schema\/logo\/image\/\",\"url\":\"https:\/\/nordnesrepublikken.no\/wp-content\/uploads\/2025\/02\/cropped-nordnesrepublikken-2.png\",\"contentUrl\":\"https:\/\/nordnesrepublikken.no\/wp-content\/uploads\/2025\/02\/cropped-nordnesrepublikken-2.png\",\"width\":1248,\"height\":362,\"caption\":\"Nordnesrepublikken\"},\"image\":{\"@id\":\"https:\/\/nordnesrepublikken.no\/#\/schema\/logo\/image\/\"}},{\"@type\":\"Person\",\"@id\":\"https:\/\/nordnesrepublikken.no\/#\/schema\/person\/2e7e81935bab77882fffb79296240ff1\",\"name\":\"Ole Andersen\",\"image\":{\"@type\":\"ImageObject\",\"inLanguage\":\"nb-NO\",\"@id\":\"https:\/\/nordnesrepublikken.no\/#\/schema\/person\/image\/\",\"url\":\"https:\/\/nordnesrepublikken.no\/wp-content\/uploads\/2025\/02\/nordnesrepublikken-2-2-150x150.jpg\",\"contentUrl\":\"https:\/\/nordnesrepublikken.no\/wp-content\/uploads\/2025\/02\/nordnesrepublikken-2-2-150x150.jpg\",\"caption\":\"Ole Andersen\"},\"description\":\"Ettersom jeg vokste opp i Oslo, har jeg alltid v\u00e6rt fascinert av ordenes kraft og deres evne til \u00e5 skape endringer. Etter \u00e5 ha fullf\u00f8rt min utdannelse i kommunikasjon ved Universitetet i Bergen, fikk jeg muligheten til \u00e5 jobbe innen ulike medier, der jeg har s\u00f8kt \u00e5 belyse viktige samfunnssp\u00f8rsm\u00e5l. I dag, som redakt\u00f8r for Nordnesrepublikken, pr\u00f8ver jeg \u00e5 forene min kj\u00e6rlighet for journalistikk med min lidenskap for innovasjon og eventyr.\",\"sameAs\":[\"https:\/\/nordnesrepublikken.no\/\"]}]}<\/script>\n<!-- \/ Yoast SEO plugin. -->","yoast_head_json":{"title":"Toyota styreleder tviler p\u00e5 EV Future: \u201cTid vil bevise oss riktig\u201d - Nordnesrepublikken","robots":{"index":"index","follow":"follow","max-snippet":"max-snippet:-1","max-image-preview":"max-image-preview:large","max-video-preview":"max-video-preview:-1"},"canonical":"https:\/\/nordnesrepublikken.no\/index.php\/2025\/05\/08\/toyota-styreleder-tviler-pa-ev-future-tid-vil-bevise-oss-riktig\/","og_locale":"nb_NO","og_type":"article","og_title":"Toyota styreleder tviler p\u00e5 EV Future: \u201cTid vil bevise oss riktig\u201d - Nordnesrepublikken","og_description":"Toyota har blitt verdens mest solgte bilmerket for femte \u00e5ret l\u00f8p, takket v\u00e6re sin forpliktelse","og_url":"https:\/\/nordnesrepublikken.no\/index.php\/2025\/05\/08\/toyota-styreleder-tviler-pa-ev-future-tid-vil-bevise-oss-riktig\/","og_site_name":"Nordnesrepublikken","article_published_time":"2025-05-08T10:50:14+00:00","article_modified_time":"2025-05-08T10:50:15+00:00","og_image":[{"width":1200,"height":799,"url":"https:\/\/nordnesrepublikken.no\/wp-content\/uploads\/2025\/05\/1746701415_Toyota-styreleder-tviler-pa-EV-Future-Tid-vil-bevise-oss.jpg","type":"image\/jpeg"}],"author":"Ole Andersen","twitter_card":"summary_large_image","twitter_misc":{"Skrevet av":"Ole Andersen","Ansl. lesetid":"2 minutter"},"schema":{"@context":"https:\/\/schema.org","@graph":[{"@type":"Article","@id":"https:\/\/nordnesrepublikken.no\/index.php\/2025\/05\/08\/toyota-styreleder-tviler-pa-ev-future-tid-vil-bevise-oss-riktig\/#article","isPartOf":{"@id":"https:\/\/nordnesrepublikken.no\/index.php\/2025\/05\/08\/toyota-styreleder-tviler-pa-ev-future-tid-vil-bevise-oss-riktig\/"},"author":{"name":"Ole Andersen","@id":"https:\/\/nordnesrepublikken.no\/#\/schema\/person\/2e7e81935bab77882fffb79296240ff1"},"headline":"Toyota styreleder tviler p\u00e5 EV Future: \u201cTid vil bevise oss riktig\u201d","datePublished":"2025-05-08T10:50:14+00:00","dateModified":"2025-05-08T10:50:15+00:00","mainEntityOfPage":{"@id":"https:\/\/nordnesrepublikken.no\/index.php\/2025\/05\/08\/toyota-styreleder-tviler-pa-ev-future-tid-vil-bevise-oss-riktig\/"},"wordCount":413,"publisher":{"@id":"https:\/\/nordnesrepublikken.no\/#organization"},"image":{"@id":"https:\/\/nordnesrepublikken.no\/index.php\/2025\/05\/08\/toyota-styreleder-tviler-pa-ev-future-tid-vil-bevise-oss-riktig\/#primaryimage"},"thumbnailUrl":"https:\/\/nordnesrepublikken.no\/wp-content\/uploads\/2025\/05\/1746701415_Toyota-styreleder-tviler-pa-EV-Future-Tid-vil-bevise-oss.jpg","keywords":["bevise","Future","oss","p\u00e5","riktig","styreleder","tid","Toyota","tviler","vil"],"articleSection":["Livsstil"],"inLanguage":"nb-NO"},{"@type":"WebPage","@id":"https:\/\/nordnesrepublikken.no\/index.php\/2025\/05\/08\/toyota-styreleder-tviler-pa-ev-future-tid-vil-bevise-oss-riktig\/","url":"https:\/\/nordnesrepublikken.no\/index.php\/2025\/05\/08\/toyota-styreleder-tviler-pa-ev-future-tid-vil-bevise-oss-riktig\/","name":"Toyota styreleder tviler p\u00e5 EV Future: \u201cTid vil bevise oss riktig\u201d - Nordnesrepublikken","isPartOf":{"@id":"https:\/\/nordnesrepublikken.no\/#website"},"primaryImageOfPage":{"@id":"https:\/\/nordnesrepublikken.no\/index.php\/2025\/05\/08\/toyota-styreleder-tviler-pa-ev-future-tid-vil-bevise-oss-riktig\/#primaryimage"},"image":{"@id":"https:\/\/nordnesrepublikken.no\/index.php\/2025\/05\/08\/toyota-styreleder-tviler-pa-ev-future-tid-vil-bevise-oss-riktig\/#primaryimage"},"thumbnailUrl":"https:\/\/nordnesrepublikken.no\/wp-content\/uploads\/2025\/05\/1746701415_Toyota-styreleder-tviler-pa-EV-Future-Tid-vil-bevise-oss.jpg","datePublished":"2025-05-08T10:50:14+00:00","dateModified":"2025-05-08T10:50:15+00:00","breadcrumb":{"@id":"https:\/\/nordnesrepublikken.no\/index.php\/2025\/05\/08\/toyota-styreleder-tviler-pa-ev-future-tid-vil-bevise-oss-riktig\/#breadcrumb"},"inLanguage":"nb-NO","potentialAction":[{"@type":"ReadAction","target":["https:\/\/nordnesrepublikken.no\/index.php\/2025\/05\/08\/toyota-styreleder-tviler-pa-ev-future-tid-vil-bevise-oss-riktig\/"]}]},{"@type":"ImageObject","inLanguage":"nb-NO","@id":"https:\/\/nordnesrepublikken.no\/index.php\/2025\/05\/08\/toyota-styreleder-tviler-pa-ev-future-tid-vil-bevise-oss-riktig\/#primaryimage","url":"https:\/\/nordnesrepublikken.no\/wp-content\/uploads\/2025\/05\/1746701415_Toyota-styreleder-tviler-pa-EV-Future-Tid-vil-bevise-oss.jpg","contentUrl":"https:\/\/nordnesrepublikken.no\/wp-content\/uploads\/2025\/05\/1746701415_Toyota-styreleder-tviler-pa-EV-Future-Tid-vil-bevise-oss.jpg","width":1200,"height":799,"caption":"Toyota styreleder tviler p\u00e5 EV Future: \u201cTid vil bevise oss riktig\u201d"},{"@type":"BreadcrumbList","@id":"https:\/\/nordnesrepublikken.no\/index.php\/2025\/05\/08\/toyota-styreleder-tviler-pa-ev-future-tid-vil-bevise-oss-riktig\/#breadcrumb","itemListElement":[{"@type":"ListItem","position":1,"name":"Home","item":"https:\/\/nordnesrepublikken.no\/"},{"@type":"ListItem","position":2,"name":"Toyota styreleder tviler p\u00e5 EV Future: \u201cTid vil bevise oss riktig\u201d"}]},{"@type":"WebSite","@id":"https:\/\/nordnesrepublikken.no\/#website","url":"https:\/\/nordnesrepublikken.no\/","name":"Nordnesrepublikken","description":"Stemmer og Visjoner fra Republikkens Hjerte","publisher":{"@id":"https:\/\/nordnesrepublikken.no\/#organization"},"potentialAction":[{"@type":"SearchAction","target":{"@type":"EntryPoint","urlTemplate":"https:\/\/nordnesrepublikken.no\/?s={search_term_string}"},"query-input":{"@type":"PropertyValueSpecification","valueRequired":true,"valueName":"search_term_string"}}],"inLanguage":"nb-NO"},{"@type":"Organization","@id":"https:\/\/nordnesrepublikken.no\/#organization","name":"Nordnesrepublikken","url":"https:\/\/nordnesrepublikken.no\/","logo":{"@type":"ImageObject","inLanguage":"nb-NO","@id":"https:\/\/nordnesrepublikken.no\/#\/schema\/logo\/image\/","url":"https:\/\/nordnesrepublikken.no\/wp-content\/uploads\/2025\/02\/cropped-nordnesrepublikken-2.png","contentUrl":"https:\/\/nordnesrepublikken.no\/wp-content\/uploads\/2025\/02\/cropped-nordnesrepublikken-2.png","width":1248,"height":362,"caption":"Nordnesrepublikken"},"image":{"@id":"https:\/\/nordnesrepublikken.no\/#\/schema\/logo\/image\/"}},{"@type":"Person","@id":"https:\/\/nordnesrepublikken.no\/#\/schema\/person\/2e7e81935bab77882fffb79296240ff1","name":"Ole Andersen","image":{"@type":"ImageObject","inLanguage":"nb-NO","@id":"https:\/\/nordnesrepublikken.no\/#\/schema\/person\/image\/","url":"https:\/\/nordnesrepublikken.no\/wp-content\/uploads\/2025\/02\/nordnesrepublikken-2-2-150x150.jpg","contentUrl":"https:\/\/nordnesrepublikken.no\/wp-content\/uploads\/2025\/02\/nordnesrepublikken-2-2-150x150.jpg","caption":"Ole Andersen"},"description":"Ettersom jeg vokste opp i Oslo, har jeg alltid v\u00e6rt fascinert av ordenes kraft og deres evne til \u00e5 skape endringer. Etter \u00e5 ha fullf\u00f8rt min utdannelse i kommunikasjon ved Universitetet i Bergen, fikk jeg muligheten til \u00e5 jobbe innen ulike medier, der jeg har s\u00f8kt \u00e5 belyse viktige samfunnssp\u00f8rsm\u00e5l. I dag, som redakt\u00f8r for Nordnesrepublikken, pr\u00f8ver jeg \u00e5 forene min kj\u00e6rlighet for journalistikk med min lidenskap for innovasjon og eventyr.","sameAs":["https:\/\/nordnesrepublikken.no\/"]}]}},"_links":{"self":[{"href":"https:\/\/nordnesrepublikken.no\/index.php\/wp-json\/wp\/v2\/posts\/4319","targetHints":{"allow":["GET"]}}],"collection":[{"href":"https:\/\/nordnesrepublikken.no\/index.php\/wp-json\/wp\/v2\/posts"}],"about":[{"href":"https:\/\/nordnesrepublikken.no\/index.php\/wp-json\/wp\/v2\/types\/post"}],"author":[{"embeddable":true,"href":"https:\/\/nordnesrepublikken.no\/index.php\/wp-json\/wp\/v2\/users\/1"}],"replies":[{"embeddable":true,"href":"https:\/\/nordnesrepublikken.no\/index.php\/wp-json\/wp\/v2\/comments?post=4319"}],"version-history":[{"count":1,"href":"https:\/\/nordnesrepublikken.no\/index.php\/wp-json\/wp\/v2\/posts\/4319\/revisions"}],"predecessor-version":[{"id":4321,"href":"https:\/\/nordnesrepublikken.no\/index.php\/wp-json\/wp\/v2\/posts\/4319\/revisions\/4321"}],"wp:featuredmedia":[{"embeddable":true,"href":"https:\/\/nordnesrepublikken.no\/index.php\/wp-json\/wp\/v2\/media\/4320"}],"wp:attachment":[{"href":"https:\/\/nordnesrepublikken.no\/index.php\/wp-json\/wp\/v2\/media?parent=4319"}],"wp:term":[{"taxonomy":"category","embeddable":true,"href":"https:\/\/nordnesrepublikken.no\/index.php\/wp-json\/wp\/v2\/categories?post=4319"},{"taxonomy":"post_tag","embeddable":true,"href":"https:\/\/nordnesrepublikken.no\/index.php\/wp-json\/wp\/v2\/tags?post=4319"}],"curies":[{"name":"wp","href":"https:\/\/api.w.org\/{rel}","templated":true}]}}