{"id":4313,"date":"2025-05-08T10:49:48","date_gmt":"2025-05-08T08:49:48","guid":{"rendered":"https:\/\/nordnesrepublikken.no\/index.php\/2025\/05\/08\/fra-de-sveitsiske-vaktene-til-vatikanets-bibliotek\/"},"modified":"2025-05-08T10:49:55","modified_gmt":"2025-05-08T08:49:55","slug":"fra-de-sveitsiske-vaktene-til-vatikanets-bibliotek","status":"publish","type":"post","link":"https:\/\/nordnesrepublikken.no\/index.php\/2025\/05\/08\/fra-de-sveitsiske-vaktene-til-vatikanets-bibliotek\/","title":{"rendered":"Fra de sveitsiske vaktene til Vatikanets bibliotek"},"content":{"rendered":"<div>\n<div class=\"cp_wrapper cp_wrapper--fw mb-30 mb-20@tablet\">\n<figure class=\"mm\"><picture class=\"img\" style=\"padding-top:56.25%\"><source  media=\"(min-width: 1024px)\"><source  media=\"(min-width: 768px)\"><\/source><\/source><\/picture><\/figure>\n<\/p><\/div>\n<p>De <strong>Staten Vatikanets by<\/strong> er en <strong>bystat<\/strong> som ligger i hjertet av den italienske halv\u00f8ya, for \u00e5 v\u00e6re n\u00f8yaktig, i hjertet av byen <strong>Roma<\/strong>I <strong>Lazio<\/strong>. N\u00e5r vi snakker om bystater, refererer vi til en <strong>Tilstand<\/strong> <strong>autonome<\/strong> P\u00e5 alle m\u00e5ter tilsvarer territoriell forlengelse utelukkende den for den eneste byen som komponerer den. Vatikanbyen er kjent over hele verden, fremfor alt, \u00e5 v\u00e6re den <strong>\u00c5ndelig sentrum av den katolske kirken <\/strong>Og stedet der St. Peter ble gravlagt: statens suverene er faktisk den <strong>Sammendrag<\/strong> <strong>Pontiff<\/strong>kjent av de fleste som <strong>Pappa<\/strong>.<\/p>\n<p> <!-- SUMMARY --> <\/p>\n<h2 id=\"1-lo-stato-piu-piccolo-del-mondo\">1. Den minste staten i verden<\/h2>\n<p>\u00c5 v\u00e6re en <strong>bystat<\/strong>Vatikanbyen er forutsigbart blant de minste suverene statene p\u00e5 hele planeten. Men i dette tilfellet snakker vi virkelig om <strong>mindre noensinne<\/strong>og for <strong>flate<\/strong> begge for <strong>befolkning<\/strong>. Utvidelsen av territoriet, fullstendig urbanisert, er lik <strong>0,44 kvadratkilometer<\/strong>; Befolkningen inkluderer derimot mindre enn 1000 innbyggere: for \u00e5 v\u00e6re n\u00f8yaktig inkluderer det det <strong>882<\/strong>. Gitt den virkelig begrensede utvidelsen av territoriet, er tetthetstettheten som stammer fra det <strong>ekstremt<\/strong> <strong>h\u00f8y<\/strong>nemlig det vil si til <strong>2004,6<\/strong> <strong>Innbyggere for kvadratkilometer<\/strong>. Vi husker i denne forbindelse at vi snakker om en<strong>tiln\u00e6rming<\/strong> <strong>matematikk<\/strong>som gir oss ideen om konsentrasjonen av mennesker i omr\u00e5det og ikke et reelt tall, siden den resulterende tettheten er h\u00f8yere enn de faktiske innbyggerne og den virkelige forlengelsen av staten er lavere enn for en kvadratkilometer. S\u00e5 tettheten vi rapporterte er den som Vatikanbyen ville ha, hvis i proporsjon, ble utvidet i minst en kvadratkilometer.<\/p>\n<h2 id=\"2-enclave-sul-territorio-italiano\">2. enklave p\u00e5 italiensk territorium<\/h2>\n<p>Vatikanbyen er imidlertid en uavhengig stat, som bokstavelig talt omringet, for ikke \u00e5 nevne territoriet til et annet land, nemlig v\u00e5rt. Denne tilstanden er vanligvis definert <em>enklave <\/em>Og i Italia kan vi finne en annen: <strong>San<\/strong> <strong>Marine<\/strong>hvis offisielle navn er <strong>Serenissima Republic of San Marino<\/strong>ansett som en av de eldste republikkene i verden som fremdeles eksisterer. Vatikanbyen har i stedet en mye nyere opprinnelse og ble faktisk grunnlagt i <strong>Juni 1929<\/strong>med abonnementet, som fant sted noen m\u00e5neder tidligere, av <strong>Pakter<\/strong> <strong>Laterangian<\/strong>som forhold mellom de to institusjonene i <strong>Konged\u00f8mme<\/strong> <strong>av Italia<\/strong> og av <strong>Hellig<\/strong> <strong>Nettsted<\/strong>.<\/p>\n<h2 id=\"3-la-citta-del-vaticano-e-una-monarchia-assoluta\">3. Vatikanbyen er et absolutt monarki<\/h2>\n<p>Som vi sa, er staten i Vatikanbyen en uavhengig stat i alle henseender og av denne grunn, i tillegg til en <strong>territorium<\/strong> og en <strong>befolkning<\/strong>m\u00e5 forst\u00e5 sin egen <strong>system<\/strong> <strong>juridisk<\/strong>. Staten har derfor sin egen <strong>regjeringsform<\/strong> som i dette tilfellet er en <strong>Monarki<\/strong> <strong>Absolutt<\/strong> Med hodet &#8230; pr\u00f8v \u00e5 gjette hvem? Ingenting mindre enn <strong>Pappa<\/strong>. Den \u00f8verste pontiffen er faktisk ikke bare<strong> Maksimum \u00e5ndelig autoritet i den katolske kirken<\/strong>men det er ogs\u00e5 sjefen for hele staten som gir opp alle kreftene i det statlige rettssystemet. Valget av monarken sammenfaller \u00e5penbart med valget av den nye paven, det vil si etter <strong>Konklave<\/strong>.<\/p>\n<h2 id=\"4-il-conclave-come-viene-eletto-il-sommo-pontefice\">4. Konklaven: Hvordan den \u00f8verste pontiffen er valgt<\/h2>\n<p>Valget av en ny pave, i tillegg til en ny suveren av staten i Vatikanets by, finner sted gjennom valg under den velkjente konklaven. Selv om valget av den nye paven opprinnelig fant sted p\u00e5 m\u00e5ter som var veldig forskjellige fra de vi kjenner i dag, siden <strong>1059<\/strong> Valget av den \u00f8verste pontiffen er eksklusiv for en<strong>Kardinalmontering<\/strong>.<\/p>\n<p>Femten dager etter avgangen til den forrige paven, m\u00f8tes faktisk kardinalene i konklaven for en <strong>stemme<\/strong> <strong>hemmelig<\/strong>: Ordet &laquo;<em>Konklave<\/em>&laquo;Det stammer fra latin <em>Cum<\/em> <em>Clave<\/em>det vil si &laquo;med n\u00f8kkelen&raquo;. Begrepet refererer til det faktum at kardinalene ikke kan ha kontakter med utsiden til de definitivt oppn\u00e5r en avtale.<br \/>Hver dag blir de holdt opp til <strong>fire<\/strong> <strong>avstemning<\/strong>: Hver kardinal skriver navnet p\u00e5 kandidaten p\u00e5 et kort og setter det inn i en urn. For \u00e5 bli valgt til pave, m\u00e5 en kandidat f\u00e5 to tredjedeler av stemmene. Etter hver avstemning blir kortene brent: Hvis valget ikke fant sted, fra skorsteinen til <strong>Kapell<\/strong> <strong>SISTINE<\/strong> Svart r\u00f8yk vil komme ut; Hvis paven er valgt, vil r\u00f8yken i stedet v\u00e6re hvit.<\/p>\n<div class=\"cp_wrapper cp_wrapper--fw mb-50\">\n<figure class=\"mm\"><picture class=\"img\" style=\"padding-top:66.545849945632%\"><source  media=\"(min-width: 1024px)\"><source  media=\"(min-width: 768px)\"><img decoding=\"async\" loading=\"lazy\" src=\"https:\/\/nordnesrepublikken.no\/wp-content\/uploads\/2025\/05\/1746694188_957_Fra-de-sveitsiske-vaktene-til-Vatikanets-bibliotek.jpg\" alt=\"Bilde\" width=\"2759\" height=\"1836\"><\/source><\/source><\/picture><\/figure>\n<\/p><\/div>\n<h2 id=\"5-la-biblioteca-vaticana\">5. Vatikanets bibliotek<\/h2>\n<p>Vatikanets bibliotek, hvis offisielle navn er <strong>Bibliotek<\/strong> <strong>Apostolisk<\/strong> <strong>Vatikanet<\/strong>\u00f8nsker velkommen en virkelig imponerende samling i, en av de st\u00f8rste i verden, av <strong>Antikke tekster <\/strong>Latin, gresk og j\u00f8disk, funn og <strong>kunstverk<\/strong> av alle slag. Legender og mysterier ble f\u00f8dt rundt samlingen, grunnlagt i <strong>1475<\/strong>og har drevet ber\u00f8mmelsen gjennom \u00e5rene. Det som er sikkert er at arven av historie og kunnskap som den inneholder virkelig er uforholdsmessig: <strong>1,6 millioner bind<\/strong> <strong>trykt<\/strong>Nesten <strong>10 tusen b\u00f8ker trykt gjennom mobil karakterteknikk<\/strong> og mer enn <strong>200 tusen manuskripter og dokumenter<\/strong> De er ledsaget av andre tusenvis av kunstgjenstander av alle slag.<br \/>Biblioteket er stengt for allmennheten og tilgangen er bare forbeholdt universitetsforskere og l\u00e6rere. Imidlertid er det en online katalog over de trykte volumene i samlingen.<\/p>\n<h2 id=\"6-le-guardie-svizzere-i-protettori-del-papa\">6. De sveitsiske vaktene: Pavens beskyttere<\/h2>\n<p>Paven og hans bolig forsvares av den ber\u00f8mte v\u00e6pnede styrken av <strong>Pontifical Swiss Guard<\/strong>. Vi snakker om et spesielt organ grunnlagt i 1506 som teller <strong>135 medlemmer<\/strong> og vurdert <strong>Den eldste styrken i permanent tjeneste i verden<\/strong>siden tjenesten aldri har blitt avbrutt siden institusjonen.<\/p>\n<p>Men hvorfor sveitsisk? La oss ta et lite hopp tilbake i historien, i 1506, da pave Giulio valgte noen medlemmer av den sveitsiske h\u00e6ren, som i Europa ble ansett som en av de beste kroppene til leiesoldatsoldater fra tiden, kjent fremfor alt for milit\u00e6re ferdigheter, lojalitet, mot og disiplin.<\/p>\n<p>Med det ikoniske <strong>halberd<\/strong> og <strong>tradisjonell<\/strong> <strong>uniform<\/strong> Renessanseinspirasjon med bl\u00e5, r\u00f8de og gule band, de sveitsiske vaktene, i motsetning til det du tror, \u200b\u200ber ikke lenger bare en seremoniell kropp, men teller blant deres godt forberedte milit\u00e6re rekker ogs\u00e5 trent i bruk av moderne v\u00e5pen. De er en del av den pavelige sveitsiske vakten<strong> Bare sveitsiske borgere s\u00f8libat<\/strong>mellom 19 og 30 \u00e5r, en meter og \u00e5tti, katolikker og som har fullf\u00f8rt den grunnleggende milit\u00e6re oppl\u00e6ringen.<\/p>\n<div class=\"cp_wrapper cp_wrapper--fw mb-50\">\n<figure class=\"mm\"><picture class=\"img\" style=\"padding-top:66.666666666667%\"><source  media=\"(min-width: 1024px)\"><source  media=\"(min-width: 768px)\"><img decoding=\"async\" loading=\"lazy\" src=\"https:\/\/nordnesrepublikken.no\/wp-content\/uploads\/2025\/05\/1746694188_489_Fra-de-sveitsiske-vaktene-til-Vatikanets-bibliotek.jpg\" alt=\"Bilde\" width=\"4200\" height=\"2800\" class=\"js-seedtag-img\"><\/source><\/source><\/picture><\/figure>\n<\/p><\/div>\n<h2 id=\"7-il-latino\">7. Latin<\/h2>\n<p>Staten Vatikanbyen er det eneste landet i verden som har <strong>Latin<\/strong> som et offisielt spr\u00e5k, i tillegg til italiensk. Dette skyldes \u00e5penbart den n\u00e6re forbindelsen mellom statens identitet og den katolske kirken: Latin har faktisk v\u00e6rt et universelt spr\u00e5k for kulturen til den kristne religionen og <strong>kommunikasjon<\/strong> Han er <strong>Offisielle dokumenter<\/strong>.<\/p>\n<p>Latin er fremdeles utbredt i forskjellige offisielle og religi\u00f8se sammenhenger i staten. Mange dokumenter fra kirken som <strong>leksikon<\/strong> (de sirkul\u00e6re bokstavene som han sender til biskopene) og <strong>Lover<\/strong> <strong>kanonisk<\/strong> (dvs. de juridiske reglene utstedt av den kirkelige myndighet) er vanligvis i <strong>tunge<\/strong> <strong>Latin<\/strong>akkurat som noen er<strong> Kommunikasjon mellom Vatikanets kontor<\/strong> og sikkert <strong>Annonser<\/strong> <strong>offiserer<\/strong> (La oss tenke p\u00e5 den velkjente <em>Habemus Papam<\/em>). Men vi finner ogs\u00e5 latin i visse medier. For eksempel <strong>Radio<\/strong> <strong>Vatikanet<\/strong>den katolske radiostasjonen for Holy See, overf\u00f8rer et ukentlig nyhetsprogram p\u00e5 dette spr\u00e5ket, og magasinet <em>Latinitas<\/em> Det inkluderer vitenskapelige bidrag skrevet p\u00e5 latin og p\u00e5 andre moderne spr\u00e5k. Ved \u00e5 sl\u00e5 p\u00e5 gatene i Vatikanets by kunne vi til og med komme over en minibank i Vatikanbanken som rapporterer instruksjoner for bruk p\u00e5 latin!<\/p>\n<h2 id=\"8-lalto-tasso-di-criminalita-del-vaticano\">8. &laquo;The High&raquo; Vatikanets kriminalitetsrate<\/h2>\n<p>I gjennomsnitt, innenfor staten Vatikanbyen er de laget <strong>sm\u00e5 forbrytelser<\/strong>som <strong>Snatch<\/strong> Og <strong>poser<\/strong>hovedsakelig til skade for de millioner turistene som krysser d\u00f8rene hvert \u00e5r. Alt dette er en del av kategorien av <strong>Michroc -kriminalitet<\/strong> Og i absolutte vilk\u00e5r er antall forbrytelser ikke engang s\u00e6rlig h\u00f8yt, til tross for at de er vanskelig \u00e5 tallfeste et presist antall p\u00e5 grunn av mangel p\u00e5 data.<\/p>\n<p>Ved mer enn \u00e9n anledning har det imidlertid blitt utf\u00f8rt studier der de dukket opp <strong>ekstremt h\u00f8ye kriminalitetsrater<\/strong>veldig over de fra noe annet vestlig land. Dette er ikke et sp\u00f8rsm\u00e5l om abonnement eller overdrivelser, men enkle <strong>analyser<\/strong> <strong>statistikk<\/strong>: Som vi har sett, faktisk er staten i Vatikanbyen staten med det minste antall innbyggere i verden, vi snakker om mindre enn 1000 mennesker. S\u00e5 n\u00e5r du analyserer dataene om sm\u00e5kriminalitet i forhold til det totale antallet innbyggere, er det en ekstremt h\u00f8y pris per innbygger!<\/p>\n<h2 id=\"9-la-ferrovia-internazionale-piu-corta-del-mondo\">9. Den korteste internasjonale jernbanen i verden<\/h2>\n<p>Som vi godt kan forestille oss fra utvidelsen av territoriet, er ikke infrastrukturen i Vatikanets by spesielt utviklet. Der <strong>jernbane<\/strong> <strong>Vatikanet<\/strong> Det er faktisk den korteste internasjonale jernbanen i verden og forbinder Roma San Pietro -stasjonen til Vatikanets by: med en samlet lengde p\u00e5 <strong>1200 meter<\/strong>g\u00e5r inn p\u00e5 sistnevntes territorium bare for en kort strekning av <strong>200 meter<\/strong>!<\/p>\n<div class=\"cp_wrapper cp_wrapper--fw mb-50\">\n<figure class=\"mm\"><picture class=\"img\" style=\"padding-top:66.640625%\"><source  media=\"(min-width: 1024px)\"><source  media=\"(min-width: 768px)\"><img decoding=\"async\" loading=\"lazy\" src=\"https:\/\/nordnesrepublikken.no\/wp-content\/uploads\/2025\/05\/1746694188_473_Fra-de-sveitsiske-vaktene-til-Vatikanets-bibliotek.jpg\" alt=\"Bilde\" width=\"1280\" height=\"853\"><\/source><\/source><\/picture><\/figure>\n<\/p><\/div>\n<h2 id=\"10-un-intero-paese-patrimonio-dellumanita\">10. Et helt land med menneskehetsarv<\/h2>\n<p>Vatikanbyen er helt innskrevet i<strong> Liste over UNESCOs verdensarvsted<\/strong> Siden 1984. Dette har gjort staten <strong>Den eneste staten i verden som blir satt inn i sin helhet i listen<\/strong>. Blant \u00e5rsakene indikert av UNESCO leste vi:<\/p>\n<blockquote>\n<p><em>Vatikanets by, et av de helligste stedene i kristendommen, vitner om en stor historie og en formidabel \u00e5ndelig virksomhet. En unik samling av kunstneriske og arkitektoniske mesterverk ligger innenfor grensene til denne lille staten. I sentrum st\u00e5r basilikaen i San Pietro, med den doble kolonnaden og et sirkul\u00e6rt firkant foran, omgitt av bygninger og hager. Basilikaen, reist over graven til San Pietro Apostolo, er den st\u00f8rste religi\u00f8se bygningen i verden, resultatet av det kombinerte geniet til Bramante, Raffaello, Michelangelo, Bernini og Maderno.<\/em><\/p>\n<\/blockquote>\n<p>Den st\u00f8rste religi\u00f8se bygningen i verden etter overflate er faktisk basilikaen i San Pietro. Basilikaen har en indre overflate p\u00e5 ca. <strong>2300 kvadratmeter<\/strong>en h\u00f8yde til kuppelen av <strong>132,30 meter<\/strong> og kan v\u00e6re vert <strong>Titusenvis av trofaste<\/strong> samtidig.<\/p>\n<div class=\"cp_wrapper cp_wrapper--fw mb-50\">\n<figure class=\"mm\"><picture class=\"img\" style=\"padding-top:67.22972972973%\"><source  media=\"(min-width: 1024px)\"><source  media=\"(min-width: 768px)\"><img decoding=\"async\" loading=\"lazy\" src=\"https:\/\/nordnesrepublikken.no\/wp-content\/uploads\/2025\/05\/1746694188_853_Fra-de-sveitsiske-vaktene-til-Vatikanets-bibliotek.jpg\" alt=\"Bilde\" width=\"3848\" height=\"2587\" class=\"js-seedtag-img\"><\/source><\/source><\/picture><\/figure>\n<\/p><\/div>\n<\/p><\/div>\n","protected":false},"excerpt":{"rendered":"<p>De Staten Vatikanets by er en bystat som ligger i hjertet av den italienske halv\u00f8ya,<\/p>\n","protected":false},"author":1,"featured_media":4314,"comment_status":"closed","ping_status":"open","sticky":false,"template":"","format":"standard","meta":{"footnotes":""},"categories":[26],"tags":[2194,125,1617,117,2192,2193],"class_list":["post-4313","post","type-post","status-publish","format-standard","has-post-thumbnail","hentry","category-miljo","tag-bibliotek","tag-fra","tag-sveitsiske","tag-til","tag-vaktene","tag-vatikanets","generate-columns","tablet-grid-50","mobile-grid-100","grid-parent","grid-33","resize-featured-image"],"yoast_head":"<!-- This site is optimized with the Yoast SEO plugin v24.4 - https:\/\/yoast.com\/wordpress\/plugins\/seo\/ -->\n<title>Fra de sveitsiske vaktene til Vatikanets bibliotek - Nordnesrepublikken<\/title>\n<meta name=\"robots\" content=\"index, follow, max-snippet:-1, max-image-preview:large, max-video-preview:-1\" \/>\n<link rel=\"canonical\" href=\"https:\/\/nordnesrepublikken.no\/index.php\/2025\/05\/08\/fra-de-sveitsiske-vaktene-til-vatikanets-bibliotek\/\" \/>\n<meta property=\"og:locale\" content=\"nb_NO\" \/>\n<meta property=\"og:type\" content=\"article\" \/>\n<meta property=\"og:title\" content=\"Fra de sveitsiske vaktene til Vatikanets bibliotek - Nordnesrepublikken\" \/>\n<meta property=\"og:description\" content=\"De Staten Vatikanets by er en bystat som ligger i hjertet av den italienske halv\u00f8ya,\" \/>\n<meta property=\"og:url\" content=\"https:\/\/nordnesrepublikken.no\/index.php\/2025\/05\/08\/fra-de-sveitsiske-vaktene-til-vatikanets-bibliotek\/\" \/>\n<meta property=\"og:site_name\" content=\"Nordnesrepublikken\" \/>\n<meta property=\"article:published_time\" content=\"2025-05-08T08:49:48+00:00\" \/>\n<meta property=\"article:modified_time\" content=\"2025-05-08T08:49:55+00:00\" \/>\n<meta property=\"og:image\" content=\"https:\/\/nordnesrepublikken.no\/wp-content\/uploads\/2025\/05\/1746694188_Fra-de-sveitsiske-vaktene-til-Vatikanets-bibliotek-scaled.jpg\" \/>\n\t<meta property=\"og:image:width\" content=\"2560\" \/>\n\t<meta property=\"og:image:height\" content=\"1707\" \/>\n\t<meta property=\"og:image:type\" content=\"image\/jpeg\" \/>\n<meta name=\"author\" content=\"Ole Andersen\" \/>\n<meta name=\"twitter:card\" content=\"summary_large_image\" \/>\n<meta name=\"twitter:label1\" content=\"Skrevet av\" \/>\n\t<meta name=\"twitter:data1\" content=\"Ole Andersen\" \/>\n\t<meta name=\"twitter:label2\" content=\"Ansl. lesetid\" \/>\n\t<meta name=\"twitter:data2\" content=\"8 minutter\" \/>\n<script type=\"application\/ld+json\" class=\"yoast-schema-graph\">{\"@context\":\"https:\/\/schema.org\",\"@graph\":[{\"@type\":\"Article\",\"@id\":\"https:\/\/nordnesrepublikken.no\/index.php\/2025\/05\/08\/fra-de-sveitsiske-vaktene-til-vatikanets-bibliotek\/#article\",\"isPartOf\":{\"@id\":\"https:\/\/nordnesrepublikken.no\/index.php\/2025\/05\/08\/fra-de-sveitsiske-vaktene-til-vatikanets-bibliotek\/\"},\"author\":{\"name\":\"Ole Andersen\",\"@id\":\"https:\/\/nordnesrepublikken.no\/#\/schema\/person\/2e7e81935bab77882fffb79296240ff1\"},\"headline\":\"Fra de sveitsiske vaktene til Vatikanets bibliotek\",\"datePublished\":\"2025-05-08T08:49:48+00:00\",\"dateModified\":\"2025-05-08T08:49:55+00:00\",\"mainEntityOfPage\":{\"@id\":\"https:\/\/nordnesrepublikken.no\/index.php\/2025\/05\/08\/fra-de-sveitsiske-vaktene-til-vatikanets-bibliotek\/\"},\"wordCount\":1519,\"publisher\":{\"@id\":\"https:\/\/nordnesrepublikken.no\/#organization\"},\"image\":{\"@id\":\"https:\/\/nordnesrepublikken.no\/index.php\/2025\/05\/08\/fra-de-sveitsiske-vaktene-til-vatikanets-bibliotek\/#primaryimage\"},\"thumbnailUrl\":\"https:\/\/nordnesrepublikken.no\/wp-content\/uploads\/2025\/05\/1746694188_Fra-de-sveitsiske-vaktene-til-Vatikanets-bibliotek-scaled.jpg\",\"keywords\":[\"bibliotek\",\"fra\",\"sveitsiske\",\"til\",\"vaktene\",\"Vatikanets\"],\"articleSection\":[\"Milj\u00f8\"],\"inLanguage\":\"nb-NO\"},{\"@type\":\"WebPage\",\"@id\":\"https:\/\/nordnesrepublikken.no\/index.php\/2025\/05\/08\/fra-de-sveitsiske-vaktene-til-vatikanets-bibliotek\/\",\"url\":\"https:\/\/nordnesrepublikken.no\/index.php\/2025\/05\/08\/fra-de-sveitsiske-vaktene-til-vatikanets-bibliotek\/\",\"name\":\"Fra de sveitsiske vaktene til Vatikanets bibliotek - Nordnesrepublikken\",\"isPartOf\":{\"@id\":\"https:\/\/nordnesrepublikken.no\/#website\"},\"primaryImageOfPage\":{\"@id\":\"https:\/\/nordnesrepublikken.no\/index.php\/2025\/05\/08\/fra-de-sveitsiske-vaktene-til-vatikanets-bibliotek\/#primaryimage\"},\"image\":{\"@id\":\"https:\/\/nordnesrepublikken.no\/index.php\/2025\/05\/08\/fra-de-sveitsiske-vaktene-til-vatikanets-bibliotek\/#primaryimage\"},\"thumbnailUrl\":\"https:\/\/nordnesrepublikken.no\/wp-content\/uploads\/2025\/05\/1746694188_Fra-de-sveitsiske-vaktene-til-Vatikanets-bibliotek-scaled.jpg\",\"datePublished\":\"2025-05-08T08:49:48+00:00\",\"dateModified\":\"2025-05-08T08:49:55+00:00\",\"breadcrumb\":{\"@id\":\"https:\/\/nordnesrepublikken.no\/index.php\/2025\/05\/08\/fra-de-sveitsiske-vaktene-til-vatikanets-bibliotek\/#breadcrumb\"},\"inLanguage\":\"nb-NO\",\"potentialAction\":[{\"@type\":\"ReadAction\",\"target\":[\"https:\/\/nordnesrepublikken.no\/index.php\/2025\/05\/08\/fra-de-sveitsiske-vaktene-til-vatikanets-bibliotek\/\"]}]},{\"@type\":\"ImageObject\",\"inLanguage\":\"nb-NO\",\"@id\":\"https:\/\/nordnesrepublikken.no\/index.php\/2025\/05\/08\/fra-de-sveitsiske-vaktene-til-vatikanets-bibliotek\/#primaryimage\",\"url\":\"https:\/\/nordnesrepublikken.no\/wp-content\/uploads\/2025\/05\/1746694188_Fra-de-sveitsiske-vaktene-til-Vatikanets-bibliotek-scaled.jpg\",\"contentUrl\":\"https:\/\/nordnesrepublikken.no\/wp-content\/uploads\/2025\/05\/1746694188_Fra-de-sveitsiske-vaktene-til-Vatikanets-bibliotek-scaled.jpg\",\"width\":2560,\"height\":1707,\"caption\":\"Immagine\"},{\"@type\":\"BreadcrumbList\",\"@id\":\"https:\/\/nordnesrepublikken.no\/index.php\/2025\/05\/08\/fra-de-sveitsiske-vaktene-til-vatikanets-bibliotek\/#breadcrumb\",\"itemListElement\":[{\"@type\":\"ListItem\",\"position\":1,\"name\":\"Home\",\"item\":\"https:\/\/nordnesrepublikken.no\/\"},{\"@type\":\"ListItem\",\"position\":2,\"name\":\"Fra de sveitsiske vaktene til Vatikanets bibliotek\"}]},{\"@type\":\"WebSite\",\"@id\":\"https:\/\/nordnesrepublikken.no\/#website\",\"url\":\"https:\/\/nordnesrepublikken.no\/\",\"name\":\"Nordnesrepublikken\",\"description\":\"Stemmer og Visjoner fra Republikkens Hjerte\",\"publisher\":{\"@id\":\"https:\/\/nordnesrepublikken.no\/#organization\"},\"potentialAction\":[{\"@type\":\"SearchAction\",\"target\":{\"@type\":\"EntryPoint\",\"urlTemplate\":\"https:\/\/nordnesrepublikken.no\/?s={search_term_string}\"},\"query-input\":{\"@type\":\"PropertyValueSpecification\",\"valueRequired\":true,\"valueName\":\"search_term_string\"}}],\"inLanguage\":\"nb-NO\"},{\"@type\":\"Organization\",\"@id\":\"https:\/\/nordnesrepublikken.no\/#organization\",\"name\":\"Nordnesrepublikken\",\"url\":\"https:\/\/nordnesrepublikken.no\/\",\"logo\":{\"@type\":\"ImageObject\",\"inLanguage\":\"nb-NO\",\"@id\":\"https:\/\/nordnesrepublikken.no\/#\/schema\/logo\/image\/\",\"url\":\"https:\/\/nordnesrepublikken.no\/wp-content\/uploads\/2025\/02\/cropped-nordnesrepublikken-2.png\",\"contentUrl\":\"https:\/\/nordnesrepublikken.no\/wp-content\/uploads\/2025\/02\/cropped-nordnesrepublikken-2.png\",\"width\":1248,\"height\":362,\"caption\":\"Nordnesrepublikken\"},\"image\":{\"@id\":\"https:\/\/nordnesrepublikken.no\/#\/schema\/logo\/image\/\"}},{\"@type\":\"Person\",\"@id\":\"https:\/\/nordnesrepublikken.no\/#\/schema\/person\/2e7e81935bab77882fffb79296240ff1\",\"name\":\"Ole Andersen\",\"image\":{\"@type\":\"ImageObject\",\"inLanguage\":\"nb-NO\",\"@id\":\"https:\/\/nordnesrepublikken.no\/#\/schema\/person\/image\/\",\"url\":\"https:\/\/nordnesrepublikken.no\/wp-content\/uploads\/2025\/02\/nordnesrepublikken-2-2-150x150.jpg\",\"contentUrl\":\"https:\/\/nordnesrepublikken.no\/wp-content\/uploads\/2025\/02\/nordnesrepublikken-2-2-150x150.jpg\",\"caption\":\"Ole Andersen\"},\"description\":\"Ettersom jeg vokste opp i Oslo, har jeg alltid v\u00e6rt fascinert av ordenes kraft og deres evne til \u00e5 skape endringer. Etter \u00e5 ha fullf\u00f8rt min utdannelse i kommunikasjon ved Universitetet i Bergen, fikk jeg muligheten til \u00e5 jobbe innen ulike medier, der jeg har s\u00f8kt \u00e5 belyse viktige samfunnssp\u00f8rsm\u00e5l. I dag, som redakt\u00f8r for Nordnesrepublikken, pr\u00f8ver jeg \u00e5 forene min kj\u00e6rlighet for journalistikk med min lidenskap for innovasjon og eventyr.\",\"sameAs\":[\"https:\/\/nordnesrepublikken.no\/\"]}]}<\/script>\n<!-- \/ Yoast SEO plugin. -->","yoast_head_json":{"title":"Fra de sveitsiske vaktene til Vatikanets bibliotek - Nordnesrepublikken","robots":{"index":"index","follow":"follow","max-snippet":"max-snippet:-1","max-image-preview":"max-image-preview:large","max-video-preview":"max-video-preview:-1"},"canonical":"https:\/\/nordnesrepublikken.no\/index.php\/2025\/05\/08\/fra-de-sveitsiske-vaktene-til-vatikanets-bibliotek\/","og_locale":"nb_NO","og_type":"article","og_title":"Fra de sveitsiske vaktene til Vatikanets bibliotek - Nordnesrepublikken","og_description":"De Staten Vatikanets by er en bystat som ligger i hjertet av den italienske halv\u00f8ya,","og_url":"https:\/\/nordnesrepublikken.no\/index.php\/2025\/05\/08\/fra-de-sveitsiske-vaktene-til-vatikanets-bibliotek\/","og_site_name":"Nordnesrepublikken","article_published_time":"2025-05-08T08:49:48+00:00","article_modified_time":"2025-05-08T08:49:55+00:00","og_image":[{"width":2560,"height":1707,"url":"https:\/\/nordnesrepublikken.no\/wp-content\/uploads\/2025\/05\/1746694188_Fra-de-sveitsiske-vaktene-til-Vatikanets-bibliotek-scaled.jpg","type":"image\/jpeg"}],"author":"Ole Andersen","twitter_card":"summary_large_image","twitter_misc":{"Skrevet av":"Ole Andersen","Ansl. lesetid":"8 minutter"},"schema":{"@context":"https:\/\/schema.org","@graph":[{"@type":"Article","@id":"https:\/\/nordnesrepublikken.no\/index.php\/2025\/05\/08\/fra-de-sveitsiske-vaktene-til-vatikanets-bibliotek\/#article","isPartOf":{"@id":"https:\/\/nordnesrepublikken.no\/index.php\/2025\/05\/08\/fra-de-sveitsiske-vaktene-til-vatikanets-bibliotek\/"},"author":{"name":"Ole Andersen","@id":"https:\/\/nordnesrepublikken.no\/#\/schema\/person\/2e7e81935bab77882fffb79296240ff1"},"headline":"Fra de sveitsiske vaktene til Vatikanets bibliotek","datePublished":"2025-05-08T08:49:48+00:00","dateModified":"2025-05-08T08:49:55+00:00","mainEntityOfPage":{"@id":"https:\/\/nordnesrepublikken.no\/index.php\/2025\/05\/08\/fra-de-sveitsiske-vaktene-til-vatikanets-bibliotek\/"},"wordCount":1519,"publisher":{"@id":"https:\/\/nordnesrepublikken.no\/#organization"},"image":{"@id":"https:\/\/nordnesrepublikken.no\/index.php\/2025\/05\/08\/fra-de-sveitsiske-vaktene-til-vatikanets-bibliotek\/#primaryimage"},"thumbnailUrl":"https:\/\/nordnesrepublikken.no\/wp-content\/uploads\/2025\/05\/1746694188_Fra-de-sveitsiske-vaktene-til-Vatikanets-bibliotek-scaled.jpg","keywords":["bibliotek","fra","sveitsiske","til","vaktene","Vatikanets"],"articleSection":["Milj\u00f8"],"inLanguage":"nb-NO"},{"@type":"WebPage","@id":"https:\/\/nordnesrepublikken.no\/index.php\/2025\/05\/08\/fra-de-sveitsiske-vaktene-til-vatikanets-bibliotek\/","url":"https:\/\/nordnesrepublikken.no\/index.php\/2025\/05\/08\/fra-de-sveitsiske-vaktene-til-vatikanets-bibliotek\/","name":"Fra de sveitsiske vaktene til Vatikanets bibliotek - Nordnesrepublikken","isPartOf":{"@id":"https:\/\/nordnesrepublikken.no\/#website"},"primaryImageOfPage":{"@id":"https:\/\/nordnesrepublikken.no\/index.php\/2025\/05\/08\/fra-de-sveitsiske-vaktene-til-vatikanets-bibliotek\/#primaryimage"},"image":{"@id":"https:\/\/nordnesrepublikken.no\/index.php\/2025\/05\/08\/fra-de-sveitsiske-vaktene-til-vatikanets-bibliotek\/#primaryimage"},"thumbnailUrl":"https:\/\/nordnesrepublikken.no\/wp-content\/uploads\/2025\/05\/1746694188_Fra-de-sveitsiske-vaktene-til-Vatikanets-bibliotek-scaled.jpg","datePublished":"2025-05-08T08:49:48+00:00","dateModified":"2025-05-08T08:49:55+00:00","breadcrumb":{"@id":"https:\/\/nordnesrepublikken.no\/index.php\/2025\/05\/08\/fra-de-sveitsiske-vaktene-til-vatikanets-bibliotek\/#breadcrumb"},"inLanguage":"nb-NO","potentialAction":[{"@type":"ReadAction","target":["https:\/\/nordnesrepublikken.no\/index.php\/2025\/05\/08\/fra-de-sveitsiske-vaktene-til-vatikanets-bibliotek\/"]}]},{"@type":"ImageObject","inLanguage":"nb-NO","@id":"https:\/\/nordnesrepublikken.no\/index.php\/2025\/05\/08\/fra-de-sveitsiske-vaktene-til-vatikanets-bibliotek\/#primaryimage","url":"https:\/\/nordnesrepublikken.no\/wp-content\/uploads\/2025\/05\/1746694188_Fra-de-sveitsiske-vaktene-til-Vatikanets-bibliotek-scaled.jpg","contentUrl":"https:\/\/nordnesrepublikken.no\/wp-content\/uploads\/2025\/05\/1746694188_Fra-de-sveitsiske-vaktene-til-Vatikanets-bibliotek-scaled.jpg","width":2560,"height":1707,"caption":"Immagine"},{"@type":"BreadcrumbList","@id":"https:\/\/nordnesrepublikken.no\/index.php\/2025\/05\/08\/fra-de-sveitsiske-vaktene-til-vatikanets-bibliotek\/#breadcrumb","itemListElement":[{"@type":"ListItem","position":1,"name":"Home","item":"https:\/\/nordnesrepublikken.no\/"},{"@type":"ListItem","position":2,"name":"Fra de sveitsiske vaktene til Vatikanets bibliotek"}]},{"@type":"WebSite","@id":"https:\/\/nordnesrepublikken.no\/#website","url":"https:\/\/nordnesrepublikken.no\/","name":"Nordnesrepublikken","description":"Stemmer og Visjoner fra Republikkens Hjerte","publisher":{"@id":"https:\/\/nordnesrepublikken.no\/#organization"},"potentialAction":[{"@type":"SearchAction","target":{"@type":"EntryPoint","urlTemplate":"https:\/\/nordnesrepublikken.no\/?s={search_term_string}"},"query-input":{"@type":"PropertyValueSpecification","valueRequired":true,"valueName":"search_term_string"}}],"inLanguage":"nb-NO"},{"@type":"Organization","@id":"https:\/\/nordnesrepublikken.no\/#organization","name":"Nordnesrepublikken","url":"https:\/\/nordnesrepublikken.no\/","logo":{"@type":"ImageObject","inLanguage":"nb-NO","@id":"https:\/\/nordnesrepublikken.no\/#\/schema\/logo\/image\/","url":"https:\/\/nordnesrepublikken.no\/wp-content\/uploads\/2025\/02\/cropped-nordnesrepublikken-2.png","contentUrl":"https:\/\/nordnesrepublikken.no\/wp-content\/uploads\/2025\/02\/cropped-nordnesrepublikken-2.png","width":1248,"height":362,"caption":"Nordnesrepublikken"},"image":{"@id":"https:\/\/nordnesrepublikken.no\/#\/schema\/logo\/image\/"}},{"@type":"Person","@id":"https:\/\/nordnesrepublikken.no\/#\/schema\/person\/2e7e81935bab77882fffb79296240ff1","name":"Ole Andersen","image":{"@type":"ImageObject","inLanguage":"nb-NO","@id":"https:\/\/nordnesrepublikken.no\/#\/schema\/person\/image\/","url":"https:\/\/nordnesrepublikken.no\/wp-content\/uploads\/2025\/02\/nordnesrepublikken-2-2-150x150.jpg","contentUrl":"https:\/\/nordnesrepublikken.no\/wp-content\/uploads\/2025\/02\/nordnesrepublikken-2-2-150x150.jpg","caption":"Ole Andersen"},"description":"Ettersom jeg vokste opp i Oslo, har jeg alltid v\u00e6rt fascinert av ordenes kraft og deres evne til \u00e5 skape endringer. Etter \u00e5 ha fullf\u00f8rt min utdannelse i kommunikasjon ved Universitetet i Bergen, fikk jeg muligheten til \u00e5 jobbe innen ulike medier, der jeg har s\u00f8kt \u00e5 belyse viktige samfunnssp\u00f8rsm\u00e5l. I dag, som redakt\u00f8r for Nordnesrepublikken, pr\u00f8ver jeg \u00e5 forene min kj\u00e6rlighet for journalistikk med min lidenskap for innovasjon og eventyr.","sameAs":["https:\/\/nordnesrepublikken.no\/"]}]}},"_links":{"self":[{"href":"https:\/\/nordnesrepublikken.no\/index.php\/wp-json\/wp\/v2\/posts\/4313","targetHints":{"allow":["GET"]}}],"collection":[{"href":"https:\/\/nordnesrepublikken.no\/index.php\/wp-json\/wp\/v2\/posts"}],"about":[{"href":"https:\/\/nordnesrepublikken.no\/index.php\/wp-json\/wp\/v2\/types\/post"}],"author":[{"embeddable":true,"href":"https:\/\/nordnesrepublikken.no\/index.php\/wp-json\/wp\/v2\/users\/1"}],"replies":[{"embeddable":true,"href":"https:\/\/nordnesrepublikken.no\/index.php\/wp-json\/wp\/v2\/comments?post=4313"}],"version-history":[{"count":1,"href":"https:\/\/nordnesrepublikken.no\/index.php\/wp-json\/wp\/v2\/posts\/4313\/revisions"}],"predecessor-version":[{"id":4315,"href":"https:\/\/nordnesrepublikken.no\/index.php\/wp-json\/wp\/v2\/posts\/4313\/revisions\/4315"}],"wp:featuredmedia":[{"embeddable":true,"href":"https:\/\/nordnesrepublikken.no\/index.php\/wp-json\/wp\/v2\/media\/4314"}],"wp:attachment":[{"href":"https:\/\/nordnesrepublikken.no\/index.php\/wp-json\/wp\/v2\/media?parent=4313"}],"wp:term":[{"taxonomy":"category","embeddable":true,"href":"https:\/\/nordnesrepublikken.no\/index.php\/wp-json\/wp\/v2\/categories?post=4313"},{"taxonomy":"post_tag","embeddable":true,"href":"https:\/\/nordnesrepublikken.no\/index.php\/wp-json\/wp\/v2\/tags?post=4313"}],"curies":[{"name":"wp","href":"https:\/\/api.w.org\/{rel}","templated":true}]}}