{"id":4304,"date":"2025-05-08T06:49:59","date_gmt":"2025-05-08T04:49:59","guid":{"rendered":"https:\/\/nordnesrepublikken.no\/index.php\/2025\/05\/08\/tegnene-pa-bitene-pa-beinene\/"},"modified":"2025-05-08T06:50:00","modified_gmt":"2025-05-08T04:50:00","slug":"tegnene-pa-bitene-pa-beinene","status":"publish","type":"post","link":"https:\/\/nordnesrepublikken.no\/index.php\/2025\/05\/08\/tegnene-pa-bitene-pa-beinene\/","title":{"rendered":"Tegnene p\u00e5 bitene p\u00e5 beinene"},"content":{"rendered":"<div>\n<div class=\"cp_wrapper cp_wrapper--fw mb-30 mb-20@tablet\">\n<figure class=\"mm\"><picture class=\"img\" style=\"padding-top:56.25%\"><source  media=\"(min-width: 1024px)\"><source  media=\"(min-width: 768px)\"><\/source><\/source><\/picture><\/figure>\n<\/p><\/div>\n<p>EN <strong>Ny studie<\/strong>nylig publisert i magasinet <em>PLoS One<\/em>derimot demonstrerte tilstedev\u00e6relsen av <strong>skade <\/strong>tilskrives en <strong>Kamp med en l\u00f8ve<\/strong> P\u00e5 skjelettet forblir p\u00e5 nytt i York av en<strong> Gladiator<\/strong> bodde p\u00e5 slutten av<strong> III Century D C.<\/strong> i <strong>Roman Britannia<\/strong>. Forskningen ble utf\u00f8rt av et britisk team ledet av antropologen <strong>Timothy Thompson<\/strong>fra <strong>Maynooth University<\/strong>. Blant <strong>Gladiators <\/strong>av<strong>Antikkens Roma<\/strong>veldig utbredt var <strong><em>venationes<\/em><\/strong>eller jeg <strong>Kjemper mot dyr<\/strong>. Inntil nylig, de eneste testene av kampene mellom gladiatorer og <strong>Lions<\/strong> Spesielt var de de <strong>ikonografisk<\/strong> Han er <strong>rapporter<\/strong> av eldgamle forfattere.<\/p>\n<p>TIL <strong>York<\/strong>det eldgamle <strong><em>Eburacum<\/em><\/strong>i Nord -England, i 2004 ble det funnet en gammel <strong>Romersk kirkeg\u00e5rd<\/strong>daterbar <strong>Mellom II og 4. \u00e5rhundre. A.d<\/strong> De fleste av personene begravet i denne nekropolen <strong>Det ser ut til \u00e5 ha lidd et stort antall traumer i live<\/strong>ivaretatt og deretter helbredet; En stor del ser da ut til \u00e5 ha blitt drept gjennom <strong>halshugging<\/strong>og ogs\u00e5 <strong>Nesten alle rester ville tilh\u00f8re mannlige individer som d\u00f8de mellom 20 og 45 \u00e5r gamle<\/strong>fra forskjellige deler av imperiet. Alle disse egenskapene og tilstedev\u00e6relsen av sv\u00e6rt f\u00e5 eiendeler i settet fikk britiske arkeologer til \u00e5 tro at den som ble funnet i York var en <strong>Kirkeg\u00e5rd for gladiatorer<\/strong>. I romertiden, <em>Eburacum<\/em> det var en av <strong>hovedbyer<\/strong> av Britannia, og tilstedev\u00e6relsen av en &#8216;<strong>arena<\/strong> For Gladiator Games.<\/p>\n<div class=\"cp_wrapper cp_wrapper--fw mb-50\">\n<figure class=\"mm\"><picture class=\"img\" style=\"padding-top:40.156555772994%\"><source  media=\"(min-width: 1024px)\"><source  media=\"(min-width: 768px)\"><img decoding=\"async\" loading=\"lazy\" src=\"https:\/\/nordnesrepublikken.no\/wp-content\/uploads\/2025\/05\/1746679798_143_Tegnene-pa-bitene-pa-beinene.jpg\" alt=\"Bilde\" width=\"2555\" height=\"1026\"><\/source><\/source><\/picture><\/figure>\n<\/p><\/div>\n<p>Liket som forskningen p\u00e5 Thompson -teamet ble konsentrert p\u00e5, er utnevnt p\u00e5 <strong>6DT19<\/strong>og ble gravlagt sammen med to andre, sannsynligvis <strong>I andre halvdel av det tredje \u00e5rhundre. A.d<\/strong> Det var en mannlig person, som d\u00f8de halshugget mellom 24 og 35 \u00e5r gammel. \u00c5 p\u00e5virke l\u00e6rde oppmerksomhet var tilstedev\u00e6relsen av <strong>Noen spesielle s\u00e5r p\u00e5 begge iliac bein<\/strong> (hoftebenet, mer presist p\u00e5 den utst\u00e5ende delen av siden), kompatibel med sporene som kan etterlates av <strong>bit av en stor kj\u00f8ttetende<\/strong>. Ikke presentert spor av regenerering av stoffene, m\u00e5tte disse s\u00e5rene ha blitt p\u00e5f\u00f8rt <strong>Kort tid f\u00f8r d\u00f8den<\/strong>. Halshuggingen skjedde sannsynligvis rett etter kampen, kanskje for <strong>f\u00e5 slutt p\u00e5 lidelse <\/strong>av den d\u00f8ende gladiatoren.<\/p>\n<div class=\"cp_wrapper cp_wrapper--fw mb-50\">\n<figure class=\"mm\"><picture class=\"img\" style=\"padding-top:166.77777777778%\"><source  media=\"(min-width: 1024px)\"><source  media=\"(min-width: 768px)\"><img decoding=\"async\" loading=\"lazy\" src=\"https:\/\/nordnesrepublikken.no\/wp-content\/uploads\/2025\/05\/1746679798_80_Tegnene-pa-bitene-pa-beinene.jpg\" alt=\"Bilde\" width=\"1800\" height=\"3002\" class=\"js-seedtag-img\"><\/source><\/source><\/picture><\/figure>\n<\/p><\/div>\n<p>Basert p\u00e5 <strong>Sammenligninger<\/strong> Med sporene som er igjen p\u00e5 beinene av bitt av forskjellige dyr, hevder forskerteamet at s\u00e5rene kan ha blitt for\u00e5rsaket av en <strong>Stor feline<\/strong>sannsynligvis en <strong>l\u00f8ve<\/strong>. I ikonografien i den romerske tiden <strong>Representasjonene av kamp mellom gladiatorer og store felines er ganske vanlige<\/strong> Og i mange bilder ser det ut til at angrepsm\u00e5ten er lik den som er beskrevet for 6DT19, eller <strong>biter ved siden av<\/strong>.<\/p>\n<div class=\"cp_wrapper cp_wrapper--fw mb-50\">\n<figure class=\"mm\"><picture class=\"img\" style=\"padding-top:172%\"><source  media=\"(min-width: 1024px)\"><source  media=\"(min-width: 768px)\"><img decoding=\"async\" loading=\"lazy\" src=\"https:\/\/nordnesrepublikken.no\/wp-content\/uploads\/2025\/05\/1746679799_395_Tegnene-pa-bitene-pa-beinene.jpg\" alt=\"Bilde\" width=\"1800\" height=\"3096\"><\/source><\/source><\/picture><\/figure>\n<\/p><\/div>\n<p>Tilstedev\u00e6relsen av en l\u00f8ve i Nord -England i romertiden m\u00e5 ikke bli overrasket: i det tredje \u00e5rhundre. A.d <em>Eburacum<\/em> det var en <strong>Milit\u00e6r garnison<\/strong> Av stor betydning og ofte ble tilstedev\u00e6relsen av en arena i provinsbyene knyttet til en i\u00f8ynefallende garnison av milit\u00e6r, med n\u00e6re b\u00e5nd med <strong>Kulturell sf\u00e6re av Nord -Afrika Romano<\/strong>. Mange offiserer og soldater i tjeneste i Storbritannia <strong>De kom fra disse fjerne regionene<\/strong>og det kan ikke utelukkes det <strong>har f\u00e5tt med seg bruksomr\u00e5der, tradisjoner og til og med dyr<\/strong>selv i den grusomme praksisen til Gladiator -spill.<\/p>\n<\/p><\/div>\n","protected":false},"excerpt":{"rendered":"<p>EN Ny studienylig publisert i magasinet PLoS Onederimot demonstrerte tilstedev\u00e6relsen av skade tilskrives en Kamp<\/p>\n","protected":false},"author":1,"featured_media":4305,"comment_status":"closed","ping_status":"open","sticky":false,"template":"","format":"standard","meta":{"footnotes":""},"categories":[104],"tags":[2186,2185,81,1627],"class_list":["post-4304","post","type-post","status-publish","format-standard","has-post-thumbnail","hentry","category-samfunn","tag-beinene","tag-bitene","tag-pa","tag-tegnene","generate-columns","tablet-grid-50","mobile-grid-100","grid-parent","grid-33","resize-featured-image"],"yoast_head":"<!-- This site is optimized with the Yoast SEO plugin v24.4 - https:\/\/yoast.com\/wordpress\/plugins\/seo\/ -->\n<title>Tegnene p\u00e5 bitene p\u00e5 beinene - Nordnesrepublikken<\/title>\n<meta name=\"robots\" content=\"index, follow, max-snippet:-1, max-image-preview:large, max-video-preview:-1\" \/>\n<link rel=\"canonical\" href=\"https:\/\/nordnesrepublikken.no\/index.php\/2025\/05\/08\/tegnene-pa-bitene-pa-beinene\/\" \/>\n<meta property=\"og:locale\" content=\"nb_NO\" \/>\n<meta property=\"og:type\" content=\"article\" \/>\n<meta property=\"og:title\" content=\"Tegnene p\u00e5 bitene p\u00e5 beinene - Nordnesrepublikken\" \/>\n<meta property=\"og:description\" content=\"EN Ny studienylig publisert i magasinet PLoS Onederimot demonstrerte tilstedev\u00e6relsen av skade tilskrives en Kamp\" \/>\n<meta property=\"og:url\" content=\"https:\/\/nordnesrepublikken.no\/index.php\/2025\/05\/08\/tegnene-pa-bitene-pa-beinene\/\" \/>\n<meta property=\"og:site_name\" content=\"Nordnesrepublikken\" \/>\n<meta property=\"article:published_time\" content=\"2025-05-08T04:49:59+00:00\" \/>\n<meta property=\"article:modified_time\" content=\"2025-05-08T04:50:00+00:00\" \/>\n<meta property=\"og:image\" content=\"https:\/\/nordnesrepublikken.no\/wp-content\/uploads\/2025\/05\/1746679800_Tegnene-pa-bitene-pa-beinene.jpg\" \/>\n\t<meta property=\"og:image:width\" content=\"960\" \/>\n\t<meta property=\"og:image:height\" content=\"698\" \/>\n\t<meta property=\"og:image:type\" content=\"image\/jpeg\" \/>\n<meta name=\"author\" content=\"Ole Andersen\" \/>\n<meta name=\"twitter:card\" content=\"summary_large_image\" \/>\n<meta name=\"twitter:label1\" content=\"Skrevet av\" \/>\n\t<meta name=\"twitter:data1\" content=\"Ole Andersen\" \/>\n\t<meta name=\"twitter:label2\" content=\"Ansl. lesetid\" \/>\n\t<meta name=\"twitter:data2\" content=\"3 minutter\" \/>\n<script type=\"application\/ld+json\" class=\"yoast-schema-graph\">{\"@context\":\"https:\/\/schema.org\",\"@graph\":[{\"@type\":\"Article\",\"@id\":\"https:\/\/nordnesrepublikken.no\/index.php\/2025\/05\/08\/tegnene-pa-bitene-pa-beinene\/#article\",\"isPartOf\":{\"@id\":\"https:\/\/nordnesrepublikken.no\/index.php\/2025\/05\/08\/tegnene-pa-bitene-pa-beinene\/\"},\"author\":{\"name\":\"Ole Andersen\",\"@id\":\"https:\/\/nordnesrepublikken.no\/#\/schema\/person\/2e7e81935bab77882fffb79296240ff1\"},\"headline\":\"Tegnene p\u00e5 bitene p\u00e5 beinene\",\"datePublished\":\"2025-05-08T04:49:59+00:00\",\"dateModified\":\"2025-05-08T04:50:00+00:00\",\"mainEntityOfPage\":{\"@id\":\"https:\/\/nordnesrepublikken.no\/index.php\/2025\/05\/08\/tegnene-pa-bitene-pa-beinene\/\"},\"wordCount\":520,\"publisher\":{\"@id\":\"https:\/\/nordnesrepublikken.no\/#organization\"},\"image\":{\"@id\":\"https:\/\/nordnesrepublikken.no\/index.php\/2025\/05\/08\/tegnene-pa-bitene-pa-beinene\/#primaryimage\"},\"thumbnailUrl\":\"https:\/\/nordnesrepublikken.no\/wp-content\/uploads\/2025\/05\/1746679800_Tegnene-pa-bitene-pa-beinene.jpg\",\"keywords\":[\"beinene\",\"bitene\",\"p\u00e5\",\"tegnene\"],\"articleSection\":[\"Samfunn\"],\"inLanguage\":\"nb-NO\"},{\"@type\":\"WebPage\",\"@id\":\"https:\/\/nordnesrepublikken.no\/index.php\/2025\/05\/08\/tegnene-pa-bitene-pa-beinene\/\",\"url\":\"https:\/\/nordnesrepublikken.no\/index.php\/2025\/05\/08\/tegnene-pa-bitene-pa-beinene\/\",\"name\":\"Tegnene p\u00e5 bitene p\u00e5 beinene - Nordnesrepublikken\",\"isPartOf\":{\"@id\":\"https:\/\/nordnesrepublikken.no\/#website\"},\"primaryImageOfPage\":{\"@id\":\"https:\/\/nordnesrepublikken.no\/index.php\/2025\/05\/08\/tegnene-pa-bitene-pa-beinene\/#primaryimage\"},\"image\":{\"@id\":\"https:\/\/nordnesrepublikken.no\/index.php\/2025\/05\/08\/tegnene-pa-bitene-pa-beinene\/#primaryimage\"},\"thumbnailUrl\":\"https:\/\/nordnesrepublikken.no\/wp-content\/uploads\/2025\/05\/1746679800_Tegnene-pa-bitene-pa-beinene.jpg\",\"datePublished\":\"2025-05-08T04:49:59+00:00\",\"dateModified\":\"2025-05-08T04:50:00+00:00\",\"breadcrumb\":{\"@id\":\"https:\/\/nordnesrepublikken.no\/index.php\/2025\/05\/08\/tegnene-pa-bitene-pa-beinene\/#breadcrumb\"},\"inLanguage\":\"nb-NO\",\"potentialAction\":[{\"@type\":\"ReadAction\",\"target\":[\"https:\/\/nordnesrepublikken.no\/index.php\/2025\/05\/08\/tegnene-pa-bitene-pa-beinene\/\"]}]},{\"@type\":\"ImageObject\",\"inLanguage\":\"nb-NO\",\"@id\":\"https:\/\/nordnesrepublikken.no\/index.php\/2025\/05\/08\/tegnene-pa-bitene-pa-beinene\/#primaryimage\",\"url\":\"https:\/\/nordnesrepublikken.no\/wp-content\/uploads\/2025\/05\/1746679800_Tegnene-pa-bitene-pa-beinene.jpg\",\"contentUrl\":\"https:\/\/nordnesrepublikken.no\/wp-content\/uploads\/2025\/05\/1746679800_Tegnene-pa-bitene-pa-beinene.jpg\",\"width\":960,\"height\":698,\"caption\":\"Immagine\"},{\"@type\":\"BreadcrumbList\",\"@id\":\"https:\/\/nordnesrepublikken.no\/index.php\/2025\/05\/08\/tegnene-pa-bitene-pa-beinene\/#breadcrumb\",\"itemListElement\":[{\"@type\":\"ListItem\",\"position\":1,\"name\":\"Home\",\"item\":\"https:\/\/nordnesrepublikken.no\/\"},{\"@type\":\"ListItem\",\"position\":2,\"name\":\"Tegnene p\u00e5 bitene p\u00e5 beinene\"}]},{\"@type\":\"WebSite\",\"@id\":\"https:\/\/nordnesrepublikken.no\/#website\",\"url\":\"https:\/\/nordnesrepublikken.no\/\",\"name\":\"Nordnesrepublikken\",\"description\":\"Stemmer og Visjoner fra Republikkens Hjerte\",\"publisher\":{\"@id\":\"https:\/\/nordnesrepublikken.no\/#organization\"},\"potentialAction\":[{\"@type\":\"SearchAction\",\"target\":{\"@type\":\"EntryPoint\",\"urlTemplate\":\"https:\/\/nordnesrepublikken.no\/?s={search_term_string}\"},\"query-input\":{\"@type\":\"PropertyValueSpecification\",\"valueRequired\":true,\"valueName\":\"search_term_string\"}}],\"inLanguage\":\"nb-NO\"},{\"@type\":\"Organization\",\"@id\":\"https:\/\/nordnesrepublikken.no\/#organization\",\"name\":\"Nordnesrepublikken\",\"url\":\"https:\/\/nordnesrepublikken.no\/\",\"logo\":{\"@type\":\"ImageObject\",\"inLanguage\":\"nb-NO\",\"@id\":\"https:\/\/nordnesrepublikken.no\/#\/schema\/logo\/image\/\",\"url\":\"https:\/\/nordnesrepublikken.no\/wp-content\/uploads\/2025\/02\/cropped-nordnesrepublikken-2.png\",\"contentUrl\":\"https:\/\/nordnesrepublikken.no\/wp-content\/uploads\/2025\/02\/cropped-nordnesrepublikken-2.png\",\"width\":1248,\"height\":362,\"caption\":\"Nordnesrepublikken\"},\"image\":{\"@id\":\"https:\/\/nordnesrepublikken.no\/#\/schema\/logo\/image\/\"}},{\"@type\":\"Person\",\"@id\":\"https:\/\/nordnesrepublikken.no\/#\/schema\/person\/2e7e81935bab77882fffb79296240ff1\",\"name\":\"Ole Andersen\",\"image\":{\"@type\":\"ImageObject\",\"inLanguage\":\"nb-NO\",\"@id\":\"https:\/\/nordnesrepublikken.no\/#\/schema\/person\/image\/\",\"url\":\"https:\/\/nordnesrepublikken.no\/wp-content\/uploads\/2025\/02\/nordnesrepublikken-2-2-150x150.jpg\",\"contentUrl\":\"https:\/\/nordnesrepublikken.no\/wp-content\/uploads\/2025\/02\/nordnesrepublikken-2-2-150x150.jpg\",\"caption\":\"Ole Andersen\"},\"description\":\"Ettersom jeg vokste opp i Oslo, har jeg alltid v\u00e6rt fascinert av ordenes kraft og deres evne til \u00e5 skape endringer. Etter \u00e5 ha fullf\u00f8rt min utdannelse i kommunikasjon ved Universitetet i Bergen, fikk jeg muligheten til \u00e5 jobbe innen ulike medier, der jeg har s\u00f8kt \u00e5 belyse viktige samfunnssp\u00f8rsm\u00e5l. I dag, som redakt\u00f8r for Nordnesrepublikken, pr\u00f8ver jeg \u00e5 forene min kj\u00e6rlighet for journalistikk med min lidenskap for innovasjon og eventyr.\",\"sameAs\":[\"https:\/\/nordnesrepublikken.no\/\"]}]}<\/script>\n<!-- \/ Yoast SEO plugin. -->","yoast_head_json":{"title":"Tegnene p\u00e5 bitene p\u00e5 beinene - Nordnesrepublikken","robots":{"index":"index","follow":"follow","max-snippet":"max-snippet:-1","max-image-preview":"max-image-preview:large","max-video-preview":"max-video-preview:-1"},"canonical":"https:\/\/nordnesrepublikken.no\/index.php\/2025\/05\/08\/tegnene-pa-bitene-pa-beinene\/","og_locale":"nb_NO","og_type":"article","og_title":"Tegnene p\u00e5 bitene p\u00e5 beinene - Nordnesrepublikken","og_description":"EN Ny studienylig publisert i magasinet PLoS Onederimot demonstrerte tilstedev\u00e6relsen av skade tilskrives en Kamp","og_url":"https:\/\/nordnesrepublikken.no\/index.php\/2025\/05\/08\/tegnene-pa-bitene-pa-beinene\/","og_site_name":"Nordnesrepublikken","article_published_time":"2025-05-08T04:49:59+00:00","article_modified_time":"2025-05-08T04:50:00+00:00","og_image":[{"width":960,"height":698,"url":"https:\/\/nordnesrepublikken.no\/wp-content\/uploads\/2025\/05\/1746679800_Tegnene-pa-bitene-pa-beinene.jpg","type":"image\/jpeg"}],"author":"Ole Andersen","twitter_card":"summary_large_image","twitter_misc":{"Skrevet av":"Ole Andersen","Ansl. lesetid":"3 minutter"},"schema":{"@context":"https:\/\/schema.org","@graph":[{"@type":"Article","@id":"https:\/\/nordnesrepublikken.no\/index.php\/2025\/05\/08\/tegnene-pa-bitene-pa-beinene\/#article","isPartOf":{"@id":"https:\/\/nordnesrepublikken.no\/index.php\/2025\/05\/08\/tegnene-pa-bitene-pa-beinene\/"},"author":{"name":"Ole Andersen","@id":"https:\/\/nordnesrepublikken.no\/#\/schema\/person\/2e7e81935bab77882fffb79296240ff1"},"headline":"Tegnene p\u00e5 bitene p\u00e5 beinene","datePublished":"2025-05-08T04:49:59+00:00","dateModified":"2025-05-08T04:50:00+00:00","mainEntityOfPage":{"@id":"https:\/\/nordnesrepublikken.no\/index.php\/2025\/05\/08\/tegnene-pa-bitene-pa-beinene\/"},"wordCount":520,"publisher":{"@id":"https:\/\/nordnesrepublikken.no\/#organization"},"image":{"@id":"https:\/\/nordnesrepublikken.no\/index.php\/2025\/05\/08\/tegnene-pa-bitene-pa-beinene\/#primaryimage"},"thumbnailUrl":"https:\/\/nordnesrepublikken.no\/wp-content\/uploads\/2025\/05\/1746679800_Tegnene-pa-bitene-pa-beinene.jpg","keywords":["beinene","bitene","p\u00e5","tegnene"],"articleSection":["Samfunn"],"inLanguage":"nb-NO"},{"@type":"WebPage","@id":"https:\/\/nordnesrepublikken.no\/index.php\/2025\/05\/08\/tegnene-pa-bitene-pa-beinene\/","url":"https:\/\/nordnesrepublikken.no\/index.php\/2025\/05\/08\/tegnene-pa-bitene-pa-beinene\/","name":"Tegnene p\u00e5 bitene p\u00e5 beinene - Nordnesrepublikken","isPartOf":{"@id":"https:\/\/nordnesrepublikken.no\/#website"},"primaryImageOfPage":{"@id":"https:\/\/nordnesrepublikken.no\/index.php\/2025\/05\/08\/tegnene-pa-bitene-pa-beinene\/#primaryimage"},"image":{"@id":"https:\/\/nordnesrepublikken.no\/index.php\/2025\/05\/08\/tegnene-pa-bitene-pa-beinene\/#primaryimage"},"thumbnailUrl":"https:\/\/nordnesrepublikken.no\/wp-content\/uploads\/2025\/05\/1746679800_Tegnene-pa-bitene-pa-beinene.jpg","datePublished":"2025-05-08T04:49:59+00:00","dateModified":"2025-05-08T04:50:00+00:00","breadcrumb":{"@id":"https:\/\/nordnesrepublikken.no\/index.php\/2025\/05\/08\/tegnene-pa-bitene-pa-beinene\/#breadcrumb"},"inLanguage":"nb-NO","potentialAction":[{"@type":"ReadAction","target":["https:\/\/nordnesrepublikken.no\/index.php\/2025\/05\/08\/tegnene-pa-bitene-pa-beinene\/"]}]},{"@type":"ImageObject","inLanguage":"nb-NO","@id":"https:\/\/nordnesrepublikken.no\/index.php\/2025\/05\/08\/tegnene-pa-bitene-pa-beinene\/#primaryimage","url":"https:\/\/nordnesrepublikken.no\/wp-content\/uploads\/2025\/05\/1746679800_Tegnene-pa-bitene-pa-beinene.jpg","contentUrl":"https:\/\/nordnesrepublikken.no\/wp-content\/uploads\/2025\/05\/1746679800_Tegnene-pa-bitene-pa-beinene.jpg","width":960,"height":698,"caption":"Immagine"},{"@type":"BreadcrumbList","@id":"https:\/\/nordnesrepublikken.no\/index.php\/2025\/05\/08\/tegnene-pa-bitene-pa-beinene\/#breadcrumb","itemListElement":[{"@type":"ListItem","position":1,"name":"Home","item":"https:\/\/nordnesrepublikken.no\/"},{"@type":"ListItem","position":2,"name":"Tegnene p\u00e5 bitene p\u00e5 beinene"}]},{"@type":"WebSite","@id":"https:\/\/nordnesrepublikken.no\/#website","url":"https:\/\/nordnesrepublikken.no\/","name":"Nordnesrepublikken","description":"Stemmer og Visjoner fra Republikkens Hjerte","publisher":{"@id":"https:\/\/nordnesrepublikken.no\/#organization"},"potentialAction":[{"@type":"SearchAction","target":{"@type":"EntryPoint","urlTemplate":"https:\/\/nordnesrepublikken.no\/?s={search_term_string}"},"query-input":{"@type":"PropertyValueSpecification","valueRequired":true,"valueName":"search_term_string"}}],"inLanguage":"nb-NO"},{"@type":"Organization","@id":"https:\/\/nordnesrepublikken.no\/#organization","name":"Nordnesrepublikken","url":"https:\/\/nordnesrepublikken.no\/","logo":{"@type":"ImageObject","inLanguage":"nb-NO","@id":"https:\/\/nordnesrepublikken.no\/#\/schema\/logo\/image\/","url":"https:\/\/nordnesrepublikken.no\/wp-content\/uploads\/2025\/02\/cropped-nordnesrepublikken-2.png","contentUrl":"https:\/\/nordnesrepublikken.no\/wp-content\/uploads\/2025\/02\/cropped-nordnesrepublikken-2.png","width":1248,"height":362,"caption":"Nordnesrepublikken"},"image":{"@id":"https:\/\/nordnesrepublikken.no\/#\/schema\/logo\/image\/"}},{"@type":"Person","@id":"https:\/\/nordnesrepublikken.no\/#\/schema\/person\/2e7e81935bab77882fffb79296240ff1","name":"Ole Andersen","image":{"@type":"ImageObject","inLanguage":"nb-NO","@id":"https:\/\/nordnesrepublikken.no\/#\/schema\/person\/image\/","url":"https:\/\/nordnesrepublikken.no\/wp-content\/uploads\/2025\/02\/nordnesrepublikken-2-2-150x150.jpg","contentUrl":"https:\/\/nordnesrepublikken.no\/wp-content\/uploads\/2025\/02\/nordnesrepublikken-2-2-150x150.jpg","caption":"Ole Andersen"},"description":"Ettersom jeg vokste opp i Oslo, har jeg alltid v\u00e6rt fascinert av ordenes kraft og deres evne til \u00e5 skape endringer. Etter \u00e5 ha fullf\u00f8rt min utdannelse i kommunikasjon ved Universitetet i Bergen, fikk jeg muligheten til \u00e5 jobbe innen ulike medier, der jeg har s\u00f8kt \u00e5 belyse viktige samfunnssp\u00f8rsm\u00e5l. I dag, som redakt\u00f8r for Nordnesrepublikken, pr\u00f8ver jeg \u00e5 forene min kj\u00e6rlighet for journalistikk med min lidenskap for innovasjon og eventyr.","sameAs":["https:\/\/nordnesrepublikken.no\/"]}]}},"_links":{"self":[{"href":"https:\/\/nordnesrepublikken.no\/index.php\/wp-json\/wp\/v2\/posts\/4304","targetHints":{"allow":["GET"]}}],"collection":[{"href":"https:\/\/nordnesrepublikken.no\/index.php\/wp-json\/wp\/v2\/posts"}],"about":[{"href":"https:\/\/nordnesrepublikken.no\/index.php\/wp-json\/wp\/v2\/types\/post"}],"author":[{"embeddable":true,"href":"https:\/\/nordnesrepublikken.no\/index.php\/wp-json\/wp\/v2\/users\/1"}],"replies":[{"embeddable":true,"href":"https:\/\/nordnesrepublikken.no\/index.php\/wp-json\/wp\/v2\/comments?post=4304"}],"version-history":[{"count":1,"href":"https:\/\/nordnesrepublikken.no\/index.php\/wp-json\/wp\/v2\/posts\/4304\/revisions"}],"predecessor-version":[{"id":4306,"href":"https:\/\/nordnesrepublikken.no\/index.php\/wp-json\/wp\/v2\/posts\/4304\/revisions\/4306"}],"wp:featuredmedia":[{"embeddable":true,"href":"https:\/\/nordnesrepublikken.no\/index.php\/wp-json\/wp\/v2\/media\/4305"}],"wp:attachment":[{"href":"https:\/\/nordnesrepublikken.no\/index.php\/wp-json\/wp\/v2\/media?parent=4304"}],"wp:term":[{"taxonomy":"category","embeddable":true,"href":"https:\/\/nordnesrepublikken.no\/index.php\/wp-json\/wp\/v2\/categories?post=4304"},{"taxonomy":"post_tag","embeddable":true,"href":"https:\/\/nordnesrepublikken.no\/index.php\/wp-json\/wp\/v2\/tags?post=4304"}],"curies":[{"name":"wp","href":"https:\/\/api.w.org\/{rel}","templated":true}]}}