{"id":4286,"date":"2025-05-07T19:49:41","date_gmt":"2025-05-07T17:49:41","guid":{"rendered":"https:\/\/nordnesrepublikken.no\/index.php\/2025\/05\/07\/mesterverk-arkitektur-frescoed-av-michelangelo\/"},"modified":"2025-05-07T19:49:44","modified_gmt":"2025-05-07T17:49:44","slug":"mesterverk-arkitektur-frescoed-av-michelangelo","status":"publish","type":"post","link":"https:\/\/nordnesrepublikken.no\/index.php\/2025\/05\/07\/mesterverk-arkitektur-frescoed-av-michelangelo\/","title":{"rendered":"Mesterverk arkitektur frescoed av Michelangelo"},"content":{"rendered":"<div>\n<div class=\"cp_wrapper cp_wrapper--fw mb-30 mb-20@tablet\">\n<figure class=\"mm\"><picture class=\"img\" style=\"padding-top:56.25%\"><source  media=\"(min-width: 1024px)\"><source  media=\"(min-width: 768px)\"><\/source><\/source><\/picture><\/figure>\n<\/p><\/div>\n<p>7. mai 2025 begynte <strong>Konklave<\/strong> for valg av etterf\u00f8lgeren av <strong>Pave Francis<\/strong>. Som per tradisjon<em>,<\/em> Valget av den nye paven finner sted i <strong>SISTINE CHAPEL<\/strong> Innenfor<strong> Vatikanets museer<\/strong>. Som kjent foreg\u00e5r disse spesielle valgene gjennom en<strong>Kardinalmontering<\/strong> &laquo;Bak lukkede d\u00f8rer&raquo;. Ikke desto mindre representerer det sixtinske kapellet, som tar navnet sitt fra pave Sixtus IV, et av de mest ber\u00f8mte og bes\u00f8kte verkene fra alle Vatikanbyen, begge for dets fantastiske <strong>Takstrukturer<\/strong>som for tilstedev\u00e6relsen av det ber\u00f8mte<strong> Renaissance Frescoes<\/strong> Av <strong>Michelangelo Buonarroti<\/strong>.<\/p>\n<h2>Den strukturelle og arkitektoniske delen av det sixtinske kapell<\/h2>\n<p>Kapellet utvikler seg p\u00e5 ett<strong> Overflaten p\u00e5 nesten 500 kvadratmeter<\/strong>med en lengde p\u00e5 <strong>40 meter<\/strong> og en bredde p\u00e5<strong> 13 meter<\/strong>. Formen, derfor hovedsakelig rektangul\u00e6r langstrakt med et nesten 1 til 4 -forhold, er vert for en imponerende <strong>t\u00f8nne <em>Lunette<\/em><\/strong>  som laster ned vekten (og den fra de overliggende lagene) p\u00e5 <strong>Viktige omkretsvegger omtrent tjue meter h\u00f8ye. <\/strong>Takoverflaten er derfor buet og representerer en konstruktiv typologi som er mye brukt historisk for \u00e5 dekke viktige lys, i dette tilfellet de omtrent 13 meter p\u00e5 nedsiden.<\/p>\n<p>De <em>Lunette<\/em> de danner geometrisk gjennom<strong>skj\u00e6ringspunkt mellom semicylinder med lavere diameter enn hovedhvelvet<\/strong>. Denne nye geometriske konformasjonen som dannes gir riktig robusthet til taket for \u00e5 sikre<strong>vindus\u00e5pning <\/strong>langs den langsg\u00e5ende utviklingen (langsiden). Disse representerer den eneste kilden til naturlig lys som er til stede i de indre rommene i kapellet.<\/p>\n<p>Den vertikale belastningsstrukturen er derfor i murverk, med enkle og effektive omkretsvegger. Disse, selv om de er av viktig h\u00f8yde, ser ut til \u00e5 ha tykkelser som er mye st\u00f8rre enn de som faktisk er n\u00f8dvendige for \u00e5 motst\u00e5 vekten p\u00e5 dekningen: denne konstruktive detaljene ser ut til \u00e5 skyldes det faktum at historisk sett<strong> kapell <\/strong>servert av<strong> Beskyttelse mot eventuelle angrep<\/strong>og identifiserer seg derfor som et sted for sikker tilflukt under farlige forhold.<\/p>\n<h2>Michelangelos fresker<\/h2>\n<p>Som nevnt bevarer strukturen til det sixtinske kapell sin tidl\u00f8se historiske sjarm, spesielt for<strong>viktig antall fresker til stede<\/strong> p\u00e5 veggene og p\u00e5 de hvelvede dekningsstrukturene. Blant disse m\u00e5 de som er laget av Michelangelo absolutt huskes. Vi husker for eksempel:<\/p>\n<ul>\n<li>der <strong>Representasjon av den universelle dommen<\/strong>som kanskje representerer en av de mest ber\u00f8mte dekorasjonene som er til stede, som ligger p\u00e5 veggen bak alteret. Arbeidet ble startet i 1536 &#8211; under Pontificate of Paul III &#8211; og ble fullf\u00f8rt i andre halvdel av 1541.<\/li>\n<li>det like ber\u00f8mte arbeidet kjent som<strong> Opprettelse av Adam<\/strong>. Det samme ble laget i cirka 1511 og ligger i hvelvet til kapellet. Den ble fullf\u00f8rt p\u00e5 16 dager.<\/li>\n<\/ul>\n<p><a href=\"https:\/\/www.youtube.com\/watch?v=7jhyghvhss\">https:\/\/www.youtube.com\/watch?v=7jhyghvhss<\/a><\/p>\n<h2>SISTINE KAPEL: Hvem ville ha det og hvor det er<\/h2>\n<p>Arver navnet fra <strong>Pope Sixtus IV Della Rovere<\/strong> &#8211; i vervet fra 1471 til 1484 &#8211; som \u00f8nsket at byggingen starter fra renoveringen av den allerede eksisterende<strong> Magna kapell<\/strong>Det sixtinske kapell er et av verkene som er en del av Vatikanmuseene, til stede i Vatikanbyen, men bare tilgjengelig fra <strong>Papal Palace<\/strong>. Imidlertid, hvis du vil bla n\u00e6rmere, kan du ta en virtuell omvisning i kapellet p\u00e5 nettet: du kan f\u00e5 tilgang til det via lenken som vises i referansene til denne artikkelen. Gjennom turen er det mulig \u00e5 se de utallige fresker til stede i veldig h\u00f8y oppl\u00f8sning, samt bla gjennom detaljene i hver vegg og se dens relevante historiske informasjon.<\/p>\n<p>Selv om det hovedsakelig husket for utviklingen av konklaven, har det fordel at kapellet kan bes\u00f8kes etter kj\u00f8p av en billett, men samtidig som strukturen som er vert for den \u00e5rlige feiringen av LA <strong>Feast of the Dapt of the Lord, <\/strong>Det vil si den f\u00f8rste s\u00f8ndagen etter epifanien der paven d\u00f8per spedbarn. I tillegg er andre offisielle seremonier av paven ogs\u00e5 arrangert.<\/p>\n<\/p><\/div>\n","protected":false},"excerpt":{"rendered":"<p>7. mai 2025 begynte Konklave for valg av etterf\u00f8lgeren av Pave Francis. Som per tradisjon,<\/p>\n","protected":false},"author":1,"featured_media":4287,"comment_status":"closed","ping_status":"open","sticky":false,"template":"","format":"standard","meta":{"footnotes":""},"categories":[24],"tags":[2172,2173,2171,1937],"class_list":["post-4286","post","type-post","status-publish","format-standard","has-post-thumbnail","hentry","category-vitenskap","tag-arkitektur","tag-frescoed","tag-mesterverk","tag-michelangelo","generate-columns","tablet-grid-50","mobile-grid-100","grid-parent","grid-33","resize-featured-image"],"yoast_head":"<!-- This site is optimized with the Yoast SEO plugin v24.4 - https:\/\/yoast.com\/wordpress\/plugins\/seo\/ -->\n<title>Mesterverk arkitektur frescoed av Michelangelo - Nordnesrepublikken<\/title>\n<meta name=\"robots\" content=\"index, follow, max-snippet:-1, max-image-preview:large, max-video-preview:-1\" \/>\n<link rel=\"canonical\" href=\"https:\/\/nordnesrepublikken.no\/index.php\/2025\/05\/07\/mesterverk-arkitektur-frescoed-av-michelangelo\/\" \/>\n<meta property=\"og:locale\" content=\"nb_NO\" \/>\n<meta property=\"og:type\" content=\"article\" \/>\n<meta property=\"og:title\" content=\"Mesterverk arkitektur frescoed av Michelangelo - Nordnesrepublikken\" \/>\n<meta property=\"og:description\" content=\"7. mai 2025 begynte Konklave for valg av etterf\u00f8lgeren av Pave Francis. Som per tradisjon,\" \/>\n<meta property=\"og:url\" content=\"https:\/\/nordnesrepublikken.no\/index.php\/2025\/05\/07\/mesterverk-arkitektur-frescoed-av-michelangelo\/\" \/>\n<meta property=\"og:site_name\" content=\"Nordnesrepublikken\" \/>\n<meta property=\"article:published_time\" content=\"2025-05-07T17:49:41+00:00\" \/>\n<meta property=\"article:modified_time\" content=\"2025-05-07T17:49:44+00:00\" \/>\n<meta property=\"og:image\" content=\"https:\/\/nordnesrepublikken.no\/wp-content\/uploads\/2025\/05\/1746640181_Mesterverk-arkitektur-frescoed-av-Michelangelo.jpg\" \/>\n\t<meta property=\"og:image:width\" content=\"2549\" \/>\n\t<meta property=\"og:image:height\" content=\"1491\" \/>\n\t<meta property=\"og:image:type\" content=\"image\/jpeg\" \/>\n<meta name=\"author\" content=\"Ole Andersen\" \/>\n<meta name=\"twitter:card\" content=\"summary_large_image\" \/>\n<meta name=\"twitter:label1\" content=\"Skrevet av\" \/>\n\t<meta name=\"twitter:data1\" content=\"Ole Andersen\" \/>\n\t<meta name=\"twitter:label2\" content=\"Ansl. lesetid\" \/>\n\t<meta name=\"twitter:data2\" content=\"3 minutter\" \/>\n<script type=\"application\/ld+json\" class=\"yoast-schema-graph\">{\"@context\":\"https:\/\/schema.org\",\"@graph\":[{\"@type\":\"Article\",\"@id\":\"https:\/\/nordnesrepublikken.no\/index.php\/2025\/05\/07\/mesterverk-arkitektur-frescoed-av-michelangelo\/#article\",\"isPartOf\":{\"@id\":\"https:\/\/nordnesrepublikken.no\/index.php\/2025\/05\/07\/mesterverk-arkitektur-frescoed-av-michelangelo\/\"},\"author\":{\"name\":\"Ole Andersen\",\"@id\":\"https:\/\/nordnesrepublikken.no\/#\/schema\/person\/2e7e81935bab77882fffb79296240ff1\"},\"headline\":\"Mesterverk arkitektur frescoed av Michelangelo\",\"datePublished\":\"2025-05-07T17:49:41+00:00\",\"dateModified\":\"2025-05-07T17:49:44+00:00\",\"mainEntityOfPage\":{\"@id\":\"https:\/\/nordnesrepublikken.no\/index.php\/2025\/05\/07\/mesterverk-arkitektur-frescoed-av-michelangelo\/\"},\"wordCount\":619,\"publisher\":{\"@id\":\"https:\/\/nordnesrepublikken.no\/#organization\"},\"image\":{\"@id\":\"https:\/\/nordnesrepublikken.no\/index.php\/2025\/05\/07\/mesterverk-arkitektur-frescoed-av-michelangelo\/#primaryimage\"},\"thumbnailUrl\":\"https:\/\/nordnesrepublikken.no\/wp-content\/uploads\/2025\/05\/1746640181_Mesterverk-arkitektur-frescoed-av-Michelangelo.jpg\",\"keywords\":[\"arkitektur\",\"frescoed\",\"Mesterverk\",\"Michelangelo\"],\"articleSection\":[\"Vitenskap\"],\"inLanguage\":\"nb-NO\"},{\"@type\":\"WebPage\",\"@id\":\"https:\/\/nordnesrepublikken.no\/index.php\/2025\/05\/07\/mesterverk-arkitektur-frescoed-av-michelangelo\/\",\"url\":\"https:\/\/nordnesrepublikken.no\/index.php\/2025\/05\/07\/mesterverk-arkitektur-frescoed-av-michelangelo\/\",\"name\":\"Mesterverk arkitektur frescoed av Michelangelo - Nordnesrepublikken\",\"isPartOf\":{\"@id\":\"https:\/\/nordnesrepublikken.no\/#website\"},\"primaryImageOfPage\":{\"@id\":\"https:\/\/nordnesrepublikken.no\/index.php\/2025\/05\/07\/mesterverk-arkitektur-frescoed-av-michelangelo\/#primaryimage\"},\"image\":{\"@id\":\"https:\/\/nordnesrepublikken.no\/index.php\/2025\/05\/07\/mesterverk-arkitektur-frescoed-av-michelangelo\/#primaryimage\"},\"thumbnailUrl\":\"https:\/\/nordnesrepublikken.no\/wp-content\/uploads\/2025\/05\/1746640181_Mesterverk-arkitektur-frescoed-av-Michelangelo.jpg\",\"datePublished\":\"2025-05-07T17:49:41+00:00\",\"dateModified\":\"2025-05-07T17:49:44+00:00\",\"breadcrumb\":{\"@id\":\"https:\/\/nordnesrepublikken.no\/index.php\/2025\/05\/07\/mesterverk-arkitektur-frescoed-av-michelangelo\/#breadcrumb\"},\"inLanguage\":\"nb-NO\",\"potentialAction\":[{\"@type\":\"ReadAction\",\"target\":[\"https:\/\/nordnesrepublikken.no\/index.php\/2025\/05\/07\/mesterverk-arkitektur-frescoed-av-michelangelo\/\"]}]},{\"@type\":\"ImageObject\",\"inLanguage\":\"nb-NO\",\"@id\":\"https:\/\/nordnesrepublikken.no\/index.php\/2025\/05\/07\/mesterverk-arkitektur-frescoed-av-michelangelo\/#primaryimage\",\"url\":\"https:\/\/nordnesrepublikken.no\/wp-content\/uploads\/2025\/05\/1746640181_Mesterverk-arkitektur-frescoed-av-Michelangelo.jpg\",\"contentUrl\":\"https:\/\/nordnesrepublikken.no\/wp-content\/uploads\/2025\/05\/1746640181_Mesterverk-arkitektur-frescoed-av-Michelangelo.jpg\",\"width\":2549,\"height\":1491,\"caption\":\"Immagine\"},{\"@type\":\"BreadcrumbList\",\"@id\":\"https:\/\/nordnesrepublikken.no\/index.php\/2025\/05\/07\/mesterverk-arkitektur-frescoed-av-michelangelo\/#breadcrumb\",\"itemListElement\":[{\"@type\":\"ListItem\",\"position\":1,\"name\":\"Home\",\"item\":\"https:\/\/nordnesrepublikken.no\/\"},{\"@type\":\"ListItem\",\"position\":2,\"name\":\"Mesterverk arkitektur frescoed av Michelangelo\"}]},{\"@type\":\"WebSite\",\"@id\":\"https:\/\/nordnesrepublikken.no\/#website\",\"url\":\"https:\/\/nordnesrepublikken.no\/\",\"name\":\"Nordnesrepublikken\",\"description\":\"Stemmer og Visjoner fra Republikkens Hjerte\",\"publisher\":{\"@id\":\"https:\/\/nordnesrepublikken.no\/#organization\"},\"potentialAction\":[{\"@type\":\"SearchAction\",\"target\":{\"@type\":\"EntryPoint\",\"urlTemplate\":\"https:\/\/nordnesrepublikken.no\/?s={search_term_string}\"},\"query-input\":{\"@type\":\"PropertyValueSpecification\",\"valueRequired\":true,\"valueName\":\"search_term_string\"}}],\"inLanguage\":\"nb-NO\"},{\"@type\":\"Organization\",\"@id\":\"https:\/\/nordnesrepublikken.no\/#organization\",\"name\":\"Nordnesrepublikken\",\"url\":\"https:\/\/nordnesrepublikken.no\/\",\"logo\":{\"@type\":\"ImageObject\",\"inLanguage\":\"nb-NO\",\"@id\":\"https:\/\/nordnesrepublikken.no\/#\/schema\/logo\/image\/\",\"url\":\"https:\/\/nordnesrepublikken.no\/wp-content\/uploads\/2025\/02\/cropped-nordnesrepublikken-2.png\",\"contentUrl\":\"https:\/\/nordnesrepublikken.no\/wp-content\/uploads\/2025\/02\/cropped-nordnesrepublikken-2.png\",\"width\":1248,\"height\":362,\"caption\":\"Nordnesrepublikken\"},\"image\":{\"@id\":\"https:\/\/nordnesrepublikken.no\/#\/schema\/logo\/image\/\"}},{\"@type\":\"Person\",\"@id\":\"https:\/\/nordnesrepublikken.no\/#\/schema\/person\/2e7e81935bab77882fffb79296240ff1\",\"name\":\"Ole Andersen\",\"image\":{\"@type\":\"ImageObject\",\"inLanguage\":\"nb-NO\",\"@id\":\"https:\/\/nordnesrepublikken.no\/#\/schema\/person\/image\/\",\"url\":\"https:\/\/nordnesrepublikken.no\/wp-content\/uploads\/2025\/02\/nordnesrepublikken-2-2-150x150.jpg\",\"contentUrl\":\"https:\/\/nordnesrepublikken.no\/wp-content\/uploads\/2025\/02\/nordnesrepublikken-2-2-150x150.jpg\",\"caption\":\"Ole Andersen\"},\"description\":\"Ettersom jeg vokste opp i Oslo, har jeg alltid v\u00e6rt fascinert av ordenes kraft og deres evne til \u00e5 skape endringer. Etter \u00e5 ha fullf\u00f8rt min utdannelse i kommunikasjon ved Universitetet i Bergen, fikk jeg muligheten til \u00e5 jobbe innen ulike medier, der jeg har s\u00f8kt \u00e5 belyse viktige samfunnssp\u00f8rsm\u00e5l. I dag, som redakt\u00f8r for Nordnesrepublikken, pr\u00f8ver jeg \u00e5 forene min kj\u00e6rlighet for journalistikk med min lidenskap for innovasjon og eventyr.\",\"sameAs\":[\"https:\/\/nordnesrepublikken.no\/\"]}]}<\/script>\n<!-- \/ Yoast SEO plugin. -->","yoast_head_json":{"title":"Mesterverk arkitektur frescoed av Michelangelo - Nordnesrepublikken","robots":{"index":"index","follow":"follow","max-snippet":"max-snippet:-1","max-image-preview":"max-image-preview:large","max-video-preview":"max-video-preview:-1"},"canonical":"https:\/\/nordnesrepublikken.no\/index.php\/2025\/05\/07\/mesterverk-arkitektur-frescoed-av-michelangelo\/","og_locale":"nb_NO","og_type":"article","og_title":"Mesterverk arkitektur frescoed av Michelangelo - Nordnesrepublikken","og_description":"7. mai 2025 begynte Konklave for valg av etterf\u00f8lgeren av Pave Francis. Som per tradisjon,","og_url":"https:\/\/nordnesrepublikken.no\/index.php\/2025\/05\/07\/mesterverk-arkitektur-frescoed-av-michelangelo\/","og_site_name":"Nordnesrepublikken","article_published_time":"2025-05-07T17:49:41+00:00","article_modified_time":"2025-05-07T17:49:44+00:00","og_image":[{"width":2549,"height":1491,"url":"https:\/\/nordnesrepublikken.no\/wp-content\/uploads\/2025\/05\/1746640181_Mesterverk-arkitektur-frescoed-av-Michelangelo.jpg","type":"image\/jpeg"}],"author":"Ole Andersen","twitter_card":"summary_large_image","twitter_misc":{"Skrevet av":"Ole Andersen","Ansl. lesetid":"3 minutter"},"schema":{"@context":"https:\/\/schema.org","@graph":[{"@type":"Article","@id":"https:\/\/nordnesrepublikken.no\/index.php\/2025\/05\/07\/mesterverk-arkitektur-frescoed-av-michelangelo\/#article","isPartOf":{"@id":"https:\/\/nordnesrepublikken.no\/index.php\/2025\/05\/07\/mesterverk-arkitektur-frescoed-av-michelangelo\/"},"author":{"name":"Ole Andersen","@id":"https:\/\/nordnesrepublikken.no\/#\/schema\/person\/2e7e81935bab77882fffb79296240ff1"},"headline":"Mesterverk arkitektur frescoed av Michelangelo","datePublished":"2025-05-07T17:49:41+00:00","dateModified":"2025-05-07T17:49:44+00:00","mainEntityOfPage":{"@id":"https:\/\/nordnesrepublikken.no\/index.php\/2025\/05\/07\/mesterverk-arkitektur-frescoed-av-michelangelo\/"},"wordCount":619,"publisher":{"@id":"https:\/\/nordnesrepublikken.no\/#organization"},"image":{"@id":"https:\/\/nordnesrepublikken.no\/index.php\/2025\/05\/07\/mesterverk-arkitektur-frescoed-av-michelangelo\/#primaryimage"},"thumbnailUrl":"https:\/\/nordnesrepublikken.no\/wp-content\/uploads\/2025\/05\/1746640181_Mesterverk-arkitektur-frescoed-av-Michelangelo.jpg","keywords":["arkitektur","frescoed","Mesterverk","Michelangelo"],"articleSection":["Vitenskap"],"inLanguage":"nb-NO"},{"@type":"WebPage","@id":"https:\/\/nordnesrepublikken.no\/index.php\/2025\/05\/07\/mesterverk-arkitektur-frescoed-av-michelangelo\/","url":"https:\/\/nordnesrepublikken.no\/index.php\/2025\/05\/07\/mesterverk-arkitektur-frescoed-av-michelangelo\/","name":"Mesterverk arkitektur frescoed av Michelangelo - Nordnesrepublikken","isPartOf":{"@id":"https:\/\/nordnesrepublikken.no\/#website"},"primaryImageOfPage":{"@id":"https:\/\/nordnesrepublikken.no\/index.php\/2025\/05\/07\/mesterverk-arkitektur-frescoed-av-michelangelo\/#primaryimage"},"image":{"@id":"https:\/\/nordnesrepublikken.no\/index.php\/2025\/05\/07\/mesterverk-arkitektur-frescoed-av-michelangelo\/#primaryimage"},"thumbnailUrl":"https:\/\/nordnesrepublikken.no\/wp-content\/uploads\/2025\/05\/1746640181_Mesterverk-arkitektur-frescoed-av-Michelangelo.jpg","datePublished":"2025-05-07T17:49:41+00:00","dateModified":"2025-05-07T17:49:44+00:00","breadcrumb":{"@id":"https:\/\/nordnesrepublikken.no\/index.php\/2025\/05\/07\/mesterverk-arkitektur-frescoed-av-michelangelo\/#breadcrumb"},"inLanguage":"nb-NO","potentialAction":[{"@type":"ReadAction","target":["https:\/\/nordnesrepublikken.no\/index.php\/2025\/05\/07\/mesterverk-arkitektur-frescoed-av-michelangelo\/"]}]},{"@type":"ImageObject","inLanguage":"nb-NO","@id":"https:\/\/nordnesrepublikken.no\/index.php\/2025\/05\/07\/mesterverk-arkitektur-frescoed-av-michelangelo\/#primaryimage","url":"https:\/\/nordnesrepublikken.no\/wp-content\/uploads\/2025\/05\/1746640181_Mesterverk-arkitektur-frescoed-av-Michelangelo.jpg","contentUrl":"https:\/\/nordnesrepublikken.no\/wp-content\/uploads\/2025\/05\/1746640181_Mesterverk-arkitektur-frescoed-av-Michelangelo.jpg","width":2549,"height":1491,"caption":"Immagine"},{"@type":"BreadcrumbList","@id":"https:\/\/nordnesrepublikken.no\/index.php\/2025\/05\/07\/mesterverk-arkitektur-frescoed-av-michelangelo\/#breadcrumb","itemListElement":[{"@type":"ListItem","position":1,"name":"Home","item":"https:\/\/nordnesrepublikken.no\/"},{"@type":"ListItem","position":2,"name":"Mesterverk arkitektur frescoed av Michelangelo"}]},{"@type":"WebSite","@id":"https:\/\/nordnesrepublikken.no\/#website","url":"https:\/\/nordnesrepublikken.no\/","name":"Nordnesrepublikken","description":"Stemmer og Visjoner fra Republikkens Hjerte","publisher":{"@id":"https:\/\/nordnesrepublikken.no\/#organization"},"potentialAction":[{"@type":"SearchAction","target":{"@type":"EntryPoint","urlTemplate":"https:\/\/nordnesrepublikken.no\/?s={search_term_string}"},"query-input":{"@type":"PropertyValueSpecification","valueRequired":true,"valueName":"search_term_string"}}],"inLanguage":"nb-NO"},{"@type":"Organization","@id":"https:\/\/nordnesrepublikken.no\/#organization","name":"Nordnesrepublikken","url":"https:\/\/nordnesrepublikken.no\/","logo":{"@type":"ImageObject","inLanguage":"nb-NO","@id":"https:\/\/nordnesrepublikken.no\/#\/schema\/logo\/image\/","url":"https:\/\/nordnesrepublikken.no\/wp-content\/uploads\/2025\/02\/cropped-nordnesrepublikken-2.png","contentUrl":"https:\/\/nordnesrepublikken.no\/wp-content\/uploads\/2025\/02\/cropped-nordnesrepublikken-2.png","width":1248,"height":362,"caption":"Nordnesrepublikken"},"image":{"@id":"https:\/\/nordnesrepublikken.no\/#\/schema\/logo\/image\/"}},{"@type":"Person","@id":"https:\/\/nordnesrepublikken.no\/#\/schema\/person\/2e7e81935bab77882fffb79296240ff1","name":"Ole Andersen","image":{"@type":"ImageObject","inLanguage":"nb-NO","@id":"https:\/\/nordnesrepublikken.no\/#\/schema\/person\/image\/","url":"https:\/\/nordnesrepublikken.no\/wp-content\/uploads\/2025\/02\/nordnesrepublikken-2-2-150x150.jpg","contentUrl":"https:\/\/nordnesrepublikken.no\/wp-content\/uploads\/2025\/02\/nordnesrepublikken-2-2-150x150.jpg","caption":"Ole Andersen"},"description":"Ettersom jeg vokste opp i Oslo, har jeg alltid v\u00e6rt fascinert av ordenes kraft og deres evne til \u00e5 skape endringer. Etter \u00e5 ha fullf\u00f8rt min utdannelse i kommunikasjon ved Universitetet i Bergen, fikk jeg muligheten til \u00e5 jobbe innen ulike medier, der jeg har s\u00f8kt \u00e5 belyse viktige samfunnssp\u00f8rsm\u00e5l. I dag, som redakt\u00f8r for Nordnesrepublikken, pr\u00f8ver jeg \u00e5 forene min kj\u00e6rlighet for journalistikk med min lidenskap for innovasjon og eventyr.","sameAs":["https:\/\/nordnesrepublikken.no\/"]}]}},"_links":{"self":[{"href":"https:\/\/nordnesrepublikken.no\/index.php\/wp-json\/wp\/v2\/posts\/4286","targetHints":{"allow":["GET"]}}],"collection":[{"href":"https:\/\/nordnesrepublikken.no\/index.php\/wp-json\/wp\/v2\/posts"}],"about":[{"href":"https:\/\/nordnesrepublikken.no\/index.php\/wp-json\/wp\/v2\/types\/post"}],"author":[{"embeddable":true,"href":"https:\/\/nordnesrepublikken.no\/index.php\/wp-json\/wp\/v2\/users\/1"}],"replies":[{"embeddable":true,"href":"https:\/\/nordnesrepublikken.no\/index.php\/wp-json\/wp\/v2\/comments?post=4286"}],"version-history":[{"count":1,"href":"https:\/\/nordnesrepublikken.no\/index.php\/wp-json\/wp\/v2\/posts\/4286\/revisions"}],"predecessor-version":[{"id":4288,"href":"https:\/\/nordnesrepublikken.no\/index.php\/wp-json\/wp\/v2\/posts\/4286\/revisions\/4288"}],"wp:featuredmedia":[{"embeddable":true,"href":"https:\/\/nordnesrepublikken.no\/index.php\/wp-json\/wp\/v2\/media\/4287"}],"wp:attachment":[{"href":"https:\/\/nordnesrepublikken.no\/index.php\/wp-json\/wp\/v2\/media?parent=4286"}],"wp:term":[{"taxonomy":"category","embeddable":true,"href":"https:\/\/nordnesrepublikken.no\/index.php\/wp-json\/wp\/v2\/categories?post=4286"},{"taxonomy":"post_tag","embeddable":true,"href":"https:\/\/nordnesrepublikken.no\/index.php\/wp-json\/wp\/v2\/tags?post=4286"}],"curies":[{"name":"wp","href":"https:\/\/api.w.org\/{rel}","templated":true}]}}