{"id":4265,"date":"2025-05-07T10:50:13","date_gmt":"2025-05-07T08:50:13","guid":{"rendered":"https:\/\/nordnesrepublikken.no\/index.php\/2025\/05\/07\/downvote-nokkelen-i-kommentarene-er-tilbake-pa-facebook-men-ikke-kaller-det-jeg-liker-det-ikke-det-er-det-det-brukes-til\/"},"modified":"2025-05-07T10:50:14","modified_gmt":"2025-05-07T08:50:14","slug":"downvote-nokkelen-i-kommentarene-er-tilbake-pa-facebook-men-ikke-kaller-det-jeg-liker-det-ikke-det-er-det-det-brukes-til","status":"publish","type":"post","link":"https:\/\/nordnesrepublikken.no\/index.php\/2025\/05\/07\/downvote-nokkelen-i-kommentarene-er-tilbake-pa-facebook-men-ikke-kaller-det-jeg-liker-det-ikke-det-er-det-det-brukes-til\/","title":{"rendered":"Downvote -n\u00f8kkelen i kommentarene er tilbake p\u00e5 Facebook, men ikke kaller det &laquo;Jeg liker det ikke&raquo;: Det er det det brukes til"},"content":{"rendered":"<div>\n<div class=\"cp_wrapper cp_wrapper--fw mb-30 mb-20@tablet\">\n<figure class=\"mm\"><picture class=\"img\" style=\"padding-top:56.25%\"><source  media=\"(min-width: 1024px)\"><source  media=\"(min-width: 768px)\"><\/source><\/source><\/picture><\/figure>\n<\/p><\/div>\n<p><strong>Facebook<\/strong> Etter mange \u00e5rs foresp\u00f8rsler, kontrovers og aborterte fors\u00f8k, pr\u00f8ver han igjen, <strong>Halv<\/strong> tester en knapp igjen <strong>Downvote<\/strong>. Men ikke kall det &laquo;<strong>Jeg liker ikke<\/strong>\u201d, Er funksjonen, for tiden i eksperimentfasen, designet for <strong>Rapporter kommentarer ansett som ikke veldig nyttige<\/strong> Og ikke \u00e5 uttrykke uenighet eller forakt. Denne knappen, bare synlig i kommentarene og ikke i innleggene, er representert av en <strong>Pil vendt nedover<\/strong> og ikke fra en <strong>tommel mot<\/strong>og vil tillate brukere \u00e5 indikere i anonymt form kommentarene som etter deres mening ikke gir verdi til samtalen. I motsetning til knappen <strong>&laquo;Jeg liker&raquo;<\/strong>f\u00f8dt i <strong>2009<\/strong> Og bli et symbol p\u00e5 digital kommunikasjon, vil downvoten ikke ha offentlig synlighet og b\u00f8r ikke stimulere konfliktdynamikk. Snarere vil det tjene som en konstruktiv rapport, en slags tilbakemelding for \u00e5 hjelpe algoritmer til \u00e5 bel\u00f8nne det mest relevante innholdet og moderate overfl\u00f8dige eller villedende.<\/p>\n<h2>Hva er Facebook Downvote -knappen og hva den er for<\/h2>\n<p>\u00d8nsket om \u00e5 kunne si &laquo;Jeg liker ikke&raquo; <strong>Facebook<\/strong> Den er nesten like gammel som selve &laquo;jeg liker&raquo; n\u00f8kkelen. Introdusert i <strong>2009<\/strong>den ber\u00f8mte <strong>Tommelen opp<\/strong> Det ble umiddelbart den enkleste og mest umiddelbare m\u00e5ten \u00e5 samhandle med forskjellige innlegg og innhold, men har ogs\u00e5 vist noen av sine grenser. Hva skal jeg gj\u00f8re, for eksempel foran stillingen som en venn som forteller tapet av ens katt? Eller foran en tragisk nyhet, som en kj\u00e6res d\u00f8d? Mange fant seg ukomfortable med \u00e5 m\u00e5tte legge &laquo;like&raquo; til noe som i virkeligheten vakte langt mer komplekse f\u00f8lelser. Derav den lange debatten om innf\u00f8ring av et motsatt alternativ, som imidlertid alltid har unng\u00e5tt Facebook.<\/p>\n<p>Selskapets plassering var tydelig: I en digital verden der f\u00f8lelser lett blir forsterket, kunne en eksplisitt avvisningsknapp ha blitt et v\u00e5pen for troll, hatere og koordinerte trakasseringskampanjer. Dette demonstreres av opplevelsen av <strong>YouTube<\/strong>over tid <strong>Han m\u00e5tte gj\u00f8re tellingen av &laquo;misliker&raquo; usynlig<\/strong> Bare for \u00e5 unng\u00e5 m\u00e5lrettede angrep, spesielt mot mindre eller bare nye skapere.<\/p>\n<p>Den nye downvote som Facebook tester i dag, er imidlertid annerledes. Det er ikke n\u00f8dvendig \u00e5 si &laquo;Jeg liker ikke&raquo;, men mye enklere \u00e5 rapportere at en kommentar ikke er veldig nyttig for samtale. Ingen offentlig synlighet, ingen tall \u00e5 samle eller vinke. Bare et lite verkt\u00f8y med sosial moderasjon, designet for \u00e5 bidra til \u00e5 skille konstruktive bidrag fra de irrelevante eller skadelige. En kort bildetekst vises under knappen som tydeliggj\u00f8r dens form\u00e5l: &laquo;<em>La oss f\u00e5 vite hvilke kommentarer som ikke er nyttige. Dette er anonymt<\/em>\u00bb. En m\u00e5te \u00e5 unng\u00e5 misforst\u00e5elser og \u00e5 veilede bevisst bruk av denne funksjonen.<\/p>\n<p><strong>Facebook<\/strong> Han hadde allerede opplevd en lignende versjon i <strong>2018<\/strong>i en test begrenset til USA, men har aldri gjort den tilgjengelig i stor skala. Ogs\u00e5 p\u00e5 Messenger, i <strong>2017<\/strong>en emoji med tommelen mot, mer for \u00e5 uttrykke uenighet under samtalene hadde blitt testet enn som et tegn p\u00e5 moderasjon. Og til og med <strong>Instagram<\/strong>alltid eid av Meta, testet nylig nedturen i kommentarene. Kort sagt, konseptet er ikke nytt. Men f\u00f8lsomheten som det foresl\u00e5s i dag virker annerledes: mer orientert mot kvaliteten p\u00e5 interaksjonene enn til det enkle uttrykket av en negativ mening.<\/p>\n<div class=\"cp_wrapper cp_wrapper--fw mb-50\">\n<figure class=\"mm\"><picture class=\"img\" style=\"padding-top:87%\"><source  media=\"(min-width: 1024px)\"><source  media=\"(min-width: 768px)\"><img decoding=\"async\" loading=\"lazy\" src=\"https:\/\/nordnesrepublikken.no\/wp-content\/uploads\/2025\/05\/Downvote-nokkelen-i-kommentarene-er-tilbake-pa-Facebook-men-ikke.jpeg\" alt=\"Bilde\" width=\"700\" height=\"609\"><\/source><\/source><\/picture><\/figure>\n<\/p><\/div>\n<h2>Problemene med \u00e5 introdusere &laquo;Jeg liker ikke&raquo; p\u00e5 Facebook<\/h2>\n<p>Gjennom \u00e5rene har Facebook alltid s\u00f8kt nye m\u00e5ter \u00e5 gi brukerne en rekke forskjellige alternativer for \u00e5 uttrykke sine f\u00f8lelser p\u00e5 plattformen. I <strong>2016<\/strong> de <strong>&laquo;Reaksjoner&raquo;<\/strong>det vil si emojiene som lar deg g\u00e5 utover de enkle &laquo;likes&raquo;: kj\u00e6rlighet, latter, overraskelse, tristhet, sinne. Disse tilleggene oppst\u00e5r nettopp av bevisstheten om at f\u00f8lelsene v\u00e5re ikke kan kondenseres p\u00e5 en enkel lignende. Ideen om \u00e5 introdusere et nedvote -alternativ passer inn i denne samme logikken: \u00e5 tilby et ekstra verkt\u00f8y for \u00e5 gj\u00f8re interaksjonene mer nyanserte, men uten \u00e5 falle i gratis negativitet.<\/p>\n<p>Historien om &laquo;Jeg liker ikke&raquo;, derimot, hadde ogs\u00e5 problematiske implikasjoner. I <strong>2012<\/strong>For eksempel har svindlere utnyttet \u00f8nsket om at brukere skal ha den knappen for \u00e5 distribuere <strong>Adware<\/strong>det vil si u\u00f8nsket reklameprogramvare. Lovet \u00e5 aktivere en fantom forretter p\u00e5 det ber\u00f8mte sosiale nettverket, de fikk folk til \u00e5 <strong>Installer ondsinnede utvidelser i nettleserne<\/strong>. Dette bidro ogs\u00e5 til Meta -forsvarligheten ved aldri \u00e5 ville offisielt lansere en slik funksjon.<\/p>\n<\/p><\/div>\n","protected":false},"excerpt":{"rendered":"<p>Facebook Etter mange \u00e5rs foresp\u00f8rsler, kontrovers og aborterte fors\u00f8k, pr\u00f8ver han igjen, Halv tester en<\/p>\n","protected":false},"author":1,"featured_media":4266,"comment_status":"closed","ping_status":"open","sticky":false,"template":"","format":"standard","meta":{"footnotes":""},"categories":[25],"tags":[396,66,2148,2150,187,813,709,2149,1641,355,768,81,117,825],"class_list":["post-4265","post","type-post","status-publish","format-standard","has-post-thumbnail","hentry","category-teknologi","tag-brukes","tag-det","tag-downvote","tag-facebook","tag-ikke","tag-jeg","tag-kaller","tag-kommentarene","tag-liker","tag-men","tag-nokkelen","tag-pa","tag-til","tag-tilbake","generate-columns","tablet-grid-50","mobile-grid-100","grid-parent","grid-33","resize-featured-image"],"yoast_head":"<!-- This site is optimized with the Yoast SEO plugin v24.4 - https:\/\/yoast.com\/wordpress\/plugins\/seo\/ -->\n<title>Downvote -n\u00f8kkelen i kommentarene er tilbake p\u00e5 Facebook, men ikke kaller det &quot;Jeg liker det ikke&quot;: Det er det det brukes til - Nordnesrepublikken<\/title>\n<meta name=\"robots\" content=\"index, follow, max-snippet:-1, max-image-preview:large, max-video-preview:-1\" \/>\n<link rel=\"canonical\" href=\"https:\/\/nordnesrepublikken.no\/index.php\/2025\/05\/07\/downvote-nokkelen-i-kommentarene-er-tilbake-pa-facebook-men-ikke-kaller-det-jeg-liker-det-ikke-det-er-det-det-brukes-til\/\" \/>\n<meta property=\"og:locale\" content=\"nb_NO\" \/>\n<meta property=\"og:type\" content=\"article\" \/>\n<meta property=\"og:title\" content=\"Downvote -n\u00f8kkelen i kommentarene er tilbake p\u00e5 Facebook, men ikke kaller det &quot;Jeg liker det ikke&quot;: Det er det det brukes til - Nordnesrepublikken\" \/>\n<meta property=\"og:description\" content=\"Facebook Etter mange \u00e5rs foresp\u00f8rsler, kontrovers og aborterte fors\u00f8k, pr\u00f8ver han igjen, Halv tester en\" \/>\n<meta property=\"og:url\" content=\"https:\/\/nordnesrepublikken.no\/index.php\/2025\/05\/07\/downvote-nokkelen-i-kommentarene-er-tilbake-pa-facebook-men-ikke-kaller-det-jeg-liker-det-ikke-det-er-det-det-brukes-til\/\" \/>\n<meta property=\"og:site_name\" content=\"Nordnesrepublikken\" \/>\n<meta property=\"article:published_time\" content=\"2025-05-07T08:50:13+00:00\" \/>\n<meta property=\"article:modified_time\" content=\"2025-05-07T08:50:14+00:00\" \/>\n<meta property=\"og:image\" content=\"https:\/\/nordnesrepublikken.no\/wp-content\/uploads\/2025\/05\/1746607813_Downvote-nokkelen-i-kommentarene-er-tilbake-pa-Facebook-men-ikke.jpg\" \/>\n\t<meta property=\"og:image:width\" content=\"1532\" \/>\n\t<meta property=\"og:image:height\" content=\"858\" \/>\n\t<meta property=\"og:image:type\" content=\"image\/jpeg\" \/>\n<meta name=\"author\" content=\"Ole Andersen\" \/>\n<meta name=\"twitter:card\" content=\"summary_large_image\" \/>\n<meta name=\"twitter:label1\" content=\"Skrevet av\" \/>\n\t<meta name=\"twitter:data1\" content=\"Ole Andersen\" \/>\n\t<meta name=\"twitter:label2\" content=\"Ansl. lesetid\" \/>\n\t<meta name=\"twitter:data2\" content=\"3 minutter\" \/>\n<script type=\"application\/ld+json\" class=\"yoast-schema-graph\">{\"@context\":\"https:\/\/schema.org\",\"@graph\":[{\"@type\":\"Article\",\"@id\":\"https:\/\/nordnesrepublikken.no\/index.php\/2025\/05\/07\/downvote-nokkelen-i-kommentarene-er-tilbake-pa-facebook-men-ikke-kaller-det-jeg-liker-det-ikke-det-er-det-det-brukes-til\/#article\",\"isPartOf\":{\"@id\":\"https:\/\/nordnesrepublikken.no\/index.php\/2025\/05\/07\/downvote-nokkelen-i-kommentarene-er-tilbake-pa-facebook-men-ikke-kaller-det-jeg-liker-det-ikke-det-er-det-det-brukes-til\/\"},\"author\":{\"name\":\"Ole Andersen\",\"@id\":\"https:\/\/nordnesrepublikken.no\/#\/schema\/person\/2e7e81935bab77882fffb79296240ff1\"},\"headline\":\"Downvote -n\u00f8kkelen i kommentarene er tilbake p\u00e5 Facebook, men ikke kaller det &laquo;Jeg liker det ikke&raquo;: Det er det det brukes til\",\"datePublished\":\"2025-05-07T08:50:13+00:00\",\"dateModified\":\"2025-05-07T08:50:14+00:00\",\"mainEntityOfPage\":{\"@id\":\"https:\/\/nordnesrepublikken.no\/index.php\/2025\/05\/07\/downvote-nokkelen-i-kommentarene-er-tilbake-pa-facebook-men-ikke-kaller-det-jeg-liker-det-ikke-det-er-det-det-brukes-til\/\"},\"wordCount\":711,\"publisher\":{\"@id\":\"https:\/\/nordnesrepublikken.no\/#organization\"},\"image\":{\"@id\":\"https:\/\/nordnesrepublikken.no\/index.php\/2025\/05\/07\/downvote-nokkelen-i-kommentarene-er-tilbake-pa-facebook-men-ikke-kaller-det-jeg-liker-det-ikke-det-er-det-det-brukes-til\/#primaryimage\"},\"thumbnailUrl\":\"https:\/\/nordnesrepublikken.no\/wp-content\/uploads\/2025\/05\/1746607813_Downvote-nokkelen-i-kommentarene-er-tilbake-pa-Facebook-men-ikke.jpg\",\"keywords\":[\"brukes\",\"Det\",\"Downvote\",\"Facebook\",\"ikke\",\"jeg\",\"kaller\",\"kommentarene\",\"liker\",\"men\",\"n\u00f8kkelen\",\"p\u00e5\",\"til\",\"tilbake\"],\"articleSection\":[\"Teknologi\"],\"inLanguage\":\"nb-NO\"},{\"@type\":\"WebPage\",\"@id\":\"https:\/\/nordnesrepublikken.no\/index.php\/2025\/05\/07\/downvote-nokkelen-i-kommentarene-er-tilbake-pa-facebook-men-ikke-kaller-det-jeg-liker-det-ikke-det-er-det-det-brukes-til\/\",\"url\":\"https:\/\/nordnesrepublikken.no\/index.php\/2025\/05\/07\/downvote-nokkelen-i-kommentarene-er-tilbake-pa-facebook-men-ikke-kaller-det-jeg-liker-det-ikke-det-er-det-det-brukes-til\/\",\"name\":\"Downvote -n\u00f8kkelen i kommentarene er tilbake p\u00e5 Facebook, men ikke kaller det \\\"Jeg liker det ikke\\\": Det er det det brukes til - Nordnesrepublikken\",\"isPartOf\":{\"@id\":\"https:\/\/nordnesrepublikken.no\/#website\"},\"primaryImageOfPage\":{\"@id\":\"https:\/\/nordnesrepublikken.no\/index.php\/2025\/05\/07\/downvote-nokkelen-i-kommentarene-er-tilbake-pa-facebook-men-ikke-kaller-det-jeg-liker-det-ikke-det-er-det-det-brukes-til\/#primaryimage\"},\"image\":{\"@id\":\"https:\/\/nordnesrepublikken.no\/index.php\/2025\/05\/07\/downvote-nokkelen-i-kommentarene-er-tilbake-pa-facebook-men-ikke-kaller-det-jeg-liker-det-ikke-det-er-det-det-brukes-til\/#primaryimage\"},\"thumbnailUrl\":\"https:\/\/nordnesrepublikken.no\/wp-content\/uploads\/2025\/05\/1746607813_Downvote-nokkelen-i-kommentarene-er-tilbake-pa-Facebook-men-ikke.jpg\",\"datePublished\":\"2025-05-07T08:50:13+00:00\",\"dateModified\":\"2025-05-07T08:50:14+00:00\",\"breadcrumb\":{\"@id\":\"https:\/\/nordnesrepublikken.no\/index.php\/2025\/05\/07\/downvote-nokkelen-i-kommentarene-er-tilbake-pa-facebook-men-ikke-kaller-det-jeg-liker-det-ikke-det-er-det-det-brukes-til\/#breadcrumb\"},\"inLanguage\":\"nb-NO\",\"potentialAction\":[{\"@type\":\"ReadAction\",\"target\":[\"https:\/\/nordnesrepublikken.no\/index.php\/2025\/05\/07\/downvote-nokkelen-i-kommentarene-er-tilbake-pa-facebook-men-ikke-kaller-det-jeg-liker-det-ikke-det-er-det-det-brukes-til\/\"]}]},{\"@type\":\"ImageObject\",\"inLanguage\":\"nb-NO\",\"@id\":\"https:\/\/nordnesrepublikken.no\/index.php\/2025\/05\/07\/downvote-nokkelen-i-kommentarene-er-tilbake-pa-facebook-men-ikke-kaller-det-jeg-liker-det-ikke-det-er-det-det-brukes-til\/#primaryimage\",\"url\":\"https:\/\/nordnesrepublikken.no\/wp-content\/uploads\/2025\/05\/1746607813_Downvote-nokkelen-i-kommentarene-er-tilbake-pa-Facebook-men-ikke.jpg\",\"contentUrl\":\"https:\/\/nordnesrepublikken.no\/wp-content\/uploads\/2025\/05\/1746607813_Downvote-nokkelen-i-kommentarene-er-tilbake-pa-Facebook-men-ikke.jpg\",\"width\":1532,\"height\":858,\"caption\":\"Immagine\"},{\"@type\":\"BreadcrumbList\",\"@id\":\"https:\/\/nordnesrepublikken.no\/index.php\/2025\/05\/07\/downvote-nokkelen-i-kommentarene-er-tilbake-pa-facebook-men-ikke-kaller-det-jeg-liker-det-ikke-det-er-det-det-brukes-til\/#breadcrumb\",\"itemListElement\":[{\"@type\":\"ListItem\",\"position\":1,\"name\":\"Home\",\"item\":\"https:\/\/nordnesrepublikken.no\/\"},{\"@type\":\"ListItem\",\"position\":2,\"name\":\"Downvote -n\u00f8kkelen i kommentarene er tilbake p\u00e5 Facebook, men ikke kaller det &laquo;Jeg liker det ikke&raquo;: Det er det det brukes til\"}]},{\"@type\":\"WebSite\",\"@id\":\"https:\/\/nordnesrepublikken.no\/#website\",\"url\":\"https:\/\/nordnesrepublikken.no\/\",\"name\":\"Nordnesrepublikken\",\"description\":\"Stemmer og Visjoner fra Republikkens Hjerte\",\"publisher\":{\"@id\":\"https:\/\/nordnesrepublikken.no\/#organization\"},\"potentialAction\":[{\"@type\":\"SearchAction\",\"target\":{\"@type\":\"EntryPoint\",\"urlTemplate\":\"https:\/\/nordnesrepublikken.no\/?s={search_term_string}\"},\"query-input\":{\"@type\":\"PropertyValueSpecification\",\"valueRequired\":true,\"valueName\":\"search_term_string\"}}],\"inLanguage\":\"nb-NO\"},{\"@type\":\"Organization\",\"@id\":\"https:\/\/nordnesrepublikken.no\/#organization\",\"name\":\"Nordnesrepublikken\",\"url\":\"https:\/\/nordnesrepublikken.no\/\",\"logo\":{\"@type\":\"ImageObject\",\"inLanguage\":\"nb-NO\",\"@id\":\"https:\/\/nordnesrepublikken.no\/#\/schema\/logo\/image\/\",\"url\":\"https:\/\/nordnesrepublikken.no\/wp-content\/uploads\/2025\/02\/cropped-nordnesrepublikken-2.png\",\"contentUrl\":\"https:\/\/nordnesrepublikken.no\/wp-content\/uploads\/2025\/02\/cropped-nordnesrepublikken-2.png\",\"width\":1248,\"height\":362,\"caption\":\"Nordnesrepublikken\"},\"image\":{\"@id\":\"https:\/\/nordnesrepublikken.no\/#\/schema\/logo\/image\/\"}},{\"@type\":\"Person\",\"@id\":\"https:\/\/nordnesrepublikken.no\/#\/schema\/person\/2e7e81935bab77882fffb79296240ff1\",\"name\":\"Ole Andersen\",\"image\":{\"@type\":\"ImageObject\",\"inLanguage\":\"nb-NO\",\"@id\":\"https:\/\/nordnesrepublikken.no\/#\/schema\/person\/image\/\",\"url\":\"https:\/\/nordnesrepublikken.no\/wp-content\/uploads\/2025\/02\/nordnesrepublikken-2-2-150x150.jpg\",\"contentUrl\":\"https:\/\/nordnesrepublikken.no\/wp-content\/uploads\/2025\/02\/nordnesrepublikken-2-2-150x150.jpg\",\"caption\":\"Ole Andersen\"},\"description\":\"Ettersom jeg vokste opp i Oslo, har jeg alltid v\u00e6rt fascinert av ordenes kraft og deres evne til \u00e5 skape endringer. Etter \u00e5 ha fullf\u00f8rt min utdannelse i kommunikasjon ved Universitetet i Bergen, fikk jeg muligheten til \u00e5 jobbe innen ulike medier, der jeg har s\u00f8kt \u00e5 belyse viktige samfunnssp\u00f8rsm\u00e5l. I dag, som redakt\u00f8r for Nordnesrepublikken, pr\u00f8ver jeg \u00e5 forene min kj\u00e6rlighet for journalistikk med min lidenskap for innovasjon og eventyr.\",\"sameAs\":[\"https:\/\/nordnesrepublikken.no\/\"]}]}<\/script>\n<!-- \/ Yoast SEO plugin. -->","yoast_head_json":{"title":"Downvote -n\u00f8kkelen i kommentarene er tilbake p\u00e5 Facebook, men ikke kaller det \"Jeg liker det ikke\": Det er det det brukes til - Nordnesrepublikken","robots":{"index":"index","follow":"follow","max-snippet":"max-snippet:-1","max-image-preview":"max-image-preview:large","max-video-preview":"max-video-preview:-1"},"canonical":"https:\/\/nordnesrepublikken.no\/index.php\/2025\/05\/07\/downvote-nokkelen-i-kommentarene-er-tilbake-pa-facebook-men-ikke-kaller-det-jeg-liker-det-ikke-det-er-det-det-brukes-til\/","og_locale":"nb_NO","og_type":"article","og_title":"Downvote -n\u00f8kkelen i kommentarene er tilbake p\u00e5 Facebook, men ikke kaller det \"Jeg liker det ikke\": Det er det det brukes til - Nordnesrepublikken","og_description":"Facebook Etter mange \u00e5rs foresp\u00f8rsler, kontrovers og aborterte fors\u00f8k, pr\u00f8ver han igjen, Halv tester en","og_url":"https:\/\/nordnesrepublikken.no\/index.php\/2025\/05\/07\/downvote-nokkelen-i-kommentarene-er-tilbake-pa-facebook-men-ikke-kaller-det-jeg-liker-det-ikke-det-er-det-det-brukes-til\/","og_site_name":"Nordnesrepublikken","article_published_time":"2025-05-07T08:50:13+00:00","article_modified_time":"2025-05-07T08:50:14+00:00","og_image":[{"width":1532,"height":858,"url":"https:\/\/nordnesrepublikken.no\/wp-content\/uploads\/2025\/05\/1746607813_Downvote-nokkelen-i-kommentarene-er-tilbake-pa-Facebook-men-ikke.jpg","type":"image\/jpeg"}],"author":"Ole Andersen","twitter_card":"summary_large_image","twitter_misc":{"Skrevet av":"Ole Andersen","Ansl. lesetid":"3 minutter"},"schema":{"@context":"https:\/\/schema.org","@graph":[{"@type":"Article","@id":"https:\/\/nordnesrepublikken.no\/index.php\/2025\/05\/07\/downvote-nokkelen-i-kommentarene-er-tilbake-pa-facebook-men-ikke-kaller-det-jeg-liker-det-ikke-det-er-det-det-brukes-til\/#article","isPartOf":{"@id":"https:\/\/nordnesrepublikken.no\/index.php\/2025\/05\/07\/downvote-nokkelen-i-kommentarene-er-tilbake-pa-facebook-men-ikke-kaller-det-jeg-liker-det-ikke-det-er-det-det-brukes-til\/"},"author":{"name":"Ole Andersen","@id":"https:\/\/nordnesrepublikken.no\/#\/schema\/person\/2e7e81935bab77882fffb79296240ff1"},"headline":"Downvote -n\u00f8kkelen i kommentarene er tilbake p\u00e5 Facebook, men ikke kaller det &laquo;Jeg liker det ikke&raquo;: Det er det det brukes til","datePublished":"2025-05-07T08:50:13+00:00","dateModified":"2025-05-07T08:50:14+00:00","mainEntityOfPage":{"@id":"https:\/\/nordnesrepublikken.no\/index.php\/2025\/05\/07\/downvote-nokkelen-i-kommentarene-er-tilbake-pa-facebook-men-ikke-kaller-det-jeg-liker-det-ikke-det-er-det-det-brukes-til\/"},"wordCount":711,"publisher":{"@id":"https:\/\/nordnesrepublikken.no\/#organization"},"image":{"@id":"https:\/\/nordnesrepublikken.no\/index.php\/2025\/05\/07\/downvote-nokkelen-i-kommentarene-er-tilbake-pa-facebook-men-ikke-kaller-det-jeg-liker-det-ikke-det-er-det-det-brukes-til\/#primaryimage"},"thumbnailUrl":"https:\/\/nordnesrepublikken.no\/wp-content\/uploads\/2025\/05\/1746607813_Downvote-nokkelen-i-kommentarene-er-tilbake-pa-Facebook-men-ikke.jpg","keywords":["brukes","Det","Downvote","Facebook","ikke","jeg","kaller","kommentarene","liker","men","n\u00f8kkelen","p\u00e5","til","tilbake"],"articleSection":["Teknologi"],"inLanguage":"nb-NO"},{"@type":"WebPage","@id":"https:\/\/nordnesrepublikken.no\/index.php\/2025\/05\/07\/downvote-nokkelen-i-kommentarene-er-tilbake-pa-facebook-men-ikke-kaller-det-jeg-liker-det-ikke-det-er-det-det-brukes-til\/","url":"https:\/\/nordnesrepublikken.no\/index.php\/2025\/05\/07\/downvote-nokkelen-i-kommentarene-er-tilbake-pa-facebook-men-ikke-kaller-det-jeg-liker-det-ikke-det-er-det-det-brukes-til\/","name":"Downvote -n\u00f8kkelen i kommentarene er tilbake p\u00e5 Facebook, men ikke kaller det \"Jeg liker det ikke\": Det er det det brukes til - Nordnesrepublikken","isPartOf":{"@id":"https:\/\/nordnesrepublikken.no\/#website"},"primaryImageOfPage":{"@id":"https:\/\/nordnesrepublikken.no\/index.php\/2025\/05\/07\/downvote-nokkelen-i-kommentarene-er-tilbake-pa-facebook-men-ikke-kaller-det-jeg-liker-det-ikke-det-er-det-det-brukes-til\/#primaryimage"},"image":{"@id":"https:\/\/nordnesrepublikken.no\/index.php\/2025\/05\/07\/downvote-nokkelen-i-kommentarene-er-tilbake-pa-facebook-men-ikke-kaller-det-jeg-liker-det-ikke-det-er-det-det-brukes-til\/#primaryimage"},"thumbnailUrl":"https:\/\/nordnesrepublikken.no\/wp-content\/uploads\/2025\/05\/1746607813_Downvote-nokkelen-i-kommentarene-er-tilbake-pa-Facebook-men-ikke.jpg","datePublished":"2025-05-07T08:50:13+00:00","dateModified":"2025-05-07T08:50:14+00:00","breadcrumb":{"@id":"https:\/\/nordnesrepublikken.no\/index.php\/2025\/05\/07\/downvote-nokkelen-i-kommentarene-er-tilbake-pa-facebook-men-ikke-kaller-det-jeg-liker-det-ikke-det-er-det-det-brukes-til\/#breadcrumb"},"inLanguage":"nb-NO","potentialAction":[{"@type":"ReadAction","target":["https:\/\/nordnesrepublikken.no\/index.php\/2025\/05\/07\/downvote-nokkelen-i-kommentarene-er-tilbake-pa-facebook-men-ikke-kaller-det-jeg-liker-det-ikke-det-er-det-det-brukes-til\/"]}]},{"@type":"ImageObject","inLanguage":"nb-NO","@id":"https:\/\/nordnesrepublikken.no\/index.php\/2025\/05\/07\/downvote-nokkelen-i-kommentarene-er-tilbake-pa-facebook-men-ikke-kaller-det-jeg-liker-det-ikke-det-er-det-det-brukes-til\/#primaryimage","url":"https:\/\/nordnesrepublikken.no\/wp-content\/uploads\/2025\/05\/1746607813_Downvote-nokkelen-i-kommentarene-er-tilbake-pa-Facebook-men-ikke.jpg","contentUrl":"https:\/\/nordnesrepublikken.no\/wp-content\/uploads\/2025\/05\/1746607813_Downvote-nokkelen-i-kommentarene-er-tilbake-pa-Facebook-men-ikke.jpg","width":1532,"height":858,"caption":"Immagine"},{"@type":"BreadcrumbList","@id":"https:\/\/nordnesrepublikken.no\/index.php\/2025\/05\/07\/downvote-nokkelen-i-kommentarene-er-tilbake-pa-facebook-men-ikke-kaller-det-jeg-liker-det-ikke-det-er-det-det-brukes-til\/#breadcrumb","itemListElement":[{"@type":"ListItem","position":1,"name":"Home","item":"https:\/\/nordnesrepublikken.no\/"},{"@type":"ListItem","position":2,"name":"Downvote -n\u00f8kkelen i kommentarene er tilbake p\u00e5 Facebook, men ikke kaller det &laquo;Jeg liker det ikke&raquo;: Det er det det brukes til"}]},{"@type":"WebSite","@id":"https:\/\/nordnesrepublikken.no\/#website","url":"https:\/\/nordnesrepublikken.no\/","name":"Nordnesrepublikken","description":"Stemmer og Visjoner fra Republikkens Hjerte","publisher":{"@id":"https:\/\/nordnesrepublikken.no\/#organization"},"potentialAction":[{"@type":"SearchAction","target":{"@type":"EntryPoint","urlTemplate":"https:\/\/nordnesrepublikken.no\/?s={search_term_string}"},"query-input":{"@type":"PropertyValueSpecification","valueRequired":true,"valueName":"search_term_string"}}],"inLanguage":"nb-NO"},{"@type":"Organization","@id":"https:\/\/nordnesrepublikken.no\/#organization","name":"Nordnesrepublikken","url":"https:\/\/nordnesrepublikken.no\/","logo":{"@type":"ImageObject","inLanguage":"nb-NO","@id":"https:\/\/nordnesrepublikken.no\/#\/schema\/logo\/image\/","url":"https:\/\/nordnesrepublikken.no\/wp-content\/uploads\/2025\/02\/cropped-nordnesrepublikken-2.png","contentUrl":"https:\/\/nordnesrepublikken.no\/wp-content\/uploads\/2025\/02\/cropped-nordnesrepublikken-2.png","width":1248,"height":362,"caption":"Nordnesrepublikken"},"image":{"@id":"https:\/\/nordnesrepublikken.no\/#\/schema\/logo\/image\/"}},{"@type":"Person","@id":"https:\/\/nordnesrepublikken.no\/#\/schema\/person\/2e7e81935bab77882fffb79296240ff1","name":"Ole Andersen","image":{"@type":"ImageObject","inLanguage":"nb-NO","@id":"https:\/\/nordnesrepublikken.no\/#\/schema\/person\/image\/","url":"https:\/\/nordnesrepublikken.no\/wp-content\/uploads\/2025\/02\/nordnesrepublikken-2-2-150x150.jpg","contentUrl":"https:\/\/nordnesrepublikken.no\/wp-content\/uploads\/2025\/02\/nordnesrepublikken-2-2-150x150.jpg","caption":"Ole Andersen"},"description":"Ettersom jeg vokste opp i Oslo, har jeg alltid v\u00e6rt fascinert av ordenes kraft og deres evne til \u00e5 skape endringer. Etter \u00e5 ha fullf\u00f8rt min utdannelse i kommunikasjon ved Universitetet i Bergen, fikk jeg muligheten til \u00e5 jobbe innen ulike medier, der jeg har s\u00f8kt \u00e5 belyse viktige samfunnssp\u00f8rsm\u00e5l. I dag, som redakt\u00f8r for Nordnesrepublikken, pr\u00f8ver jeg \u00e5 forene min kj\u00e6rlighet for journalistikk med min lidenskap for innovasjon og eventyr.","sameAs":["https:\/\/nordnesrepublikken.no\/"]}]}},"_links":{"self":[{"href":"https:\/\/nordnesrepublikken.no\/index.php\/wp-json\/wp\/v2\/posts\/4265","targetHints":{"allow":["GET"]}}],"collection":[{"href":"https:\/\/nordnesrepublikken.no\/index.php\/wp-json\/wp\/v2\/posts"}],"about":[{"href":"https:\/\/nordnesrepublikken.no\/index.php\/wp-json\/wp\/v2\/types\/post"}],"author":[{"embeddable":true,"href":"https:\/\/nordnesrepublikken.no\/index.php\/wp-json\/wp\/v2\/users\/1"}],"replies":[{"embeddable":true,"href":"https:\/\/nordnesrepublikken.no\/index.php\/wp-json\/wp\/v2\/comments?post=4265"}],"version-history":[{"count":1,"href":"https:\/\/nordnesrepublikken.no\/index.php\/wp-json\/wp\/v2\/posts\/4265\/revisions"}],"predecessor-version":[{"id":4267,"href":"https:\/\/nordnesrepublikken.no\/index.php\/wp-json\/wp\/v2\/posts\/4265\/revisions\/4267"}],"wp:featuredmedia":[{"embeddable":true,"href":"https:\/\/nordnesrepublikken.no\/index.php\/wp-json\/wp\/v2\/media\/4266"}],"wp:attachment":[{"href":"https:\/\/nordnesrepublikken.no\/index.php\/wp-json\/wp\/v2\/media?parent=4265"}],"wp:term":[{"taxonomy":"category","embeddable":true,"href":"https:\/\/nordnesrepublikken.no\/index.php\/wp-json\/wp\/v2\/categories?post=4265"},{"taxonomy":"post_tag","embeddable":true,"href":"https:\/\/nordnesrepublikken.no\/index.php\/wp-json\/wp\/v2\/tags?post=4265"}],"curies":[{"name":"wp","href":"https:\/\/api.w.org\/{rel}","templated":true}]}}