{"id":4259,"date":"2025-05-07T08:49:33","date_gmt":"2025-05-07T06:49:33","guid":{"rendered":"https:\/\/nordnesrepublikken.no\/index.php\/2025\/05\/07\/nyer-du-i-sollys-det-kalles-psr-og-forskere-er-forvirrede\/"},"modified":"2025-05-07T08:49:34","modified_gmt":"2025-05-07T06:49:34","slug":"nyer-du-i-sollys-det-kalles-psr-og-forskere-er-forvirrede","status":"publish","type":"post","link":"https:\/\/nordnesrepublikken.no\/index.php\/2025\/05\/07\/nyer-du-i-sollys-det-kalles-psr-og-forskere-er-forvirrede\/","title":{"rendered":"Nyer du i sollys? Det kalles PSR og forskere er forvirrede"},"content":{"rendered":"<p><\/p>\n<div class=\"wordpress-content\">\n                    <!-- Article Start --><\/p>\n<p><strong>Hvis du finner ut at n\u00e5r du g\u00e5r ut i sterkt sollys, nyser du, kan du v\u00e6re en del av rundt 25 prosent av befolkningen som har det som kalles <em>Fotisk nysrefleks<\/em> (PSR). <\/strong><\/p>\n<p>Det er ikke en allergi mot solen, men en refleksrespons. Til tross for at de er dokumentert i over et \u00e5rhundre, kl\u00f8r forskere fremdeles p\u00e5 hodet over hvorfor det skjer.<\/p>\n<h2><strong>Hva er den fotiske nysrefleksen (PSR)?<\/strong><\/h2>\n<p>PSR er en ufrivillig reaksjon utl\u00f8st av eksponering for sterkt lys &#8211; spesielt sollys. Det er ofte arvelig og har til og med tjent kallenavnet \u201cAchoo syndrom\u201d (forkortelse for autosomal dominerende overbevisende helio-oftalmisk utbrudd).<\/p>\n<div class=\"sra_unit\"><link rel=\"stylesheet\" id=\"block-sra\" href=\"https:\/\/euroweeklynews.com\/wp-content\/plugins\/snack-related-articles\/dist\/css\/snack-related.min.css?250312-193541\" type=\"text\/css\" media=\"all\">\n<\/div>\n<p>Men hva for\u00e5rsaker det?<\/p>\n<p>En nylig anmeldelse i <em>Eksperimentell hjerneforskning (2025)<\/em> trukket sammen over hundre \u00e5r med funn og moderne laboratorieunders\u00f8kelser, og resultatene er uoverensstemmende. Flere teorier pr\u00f8ver \u00e5 forklare PSR:<\/p>\n<ul>\n<li>Optisk-trigeminal summasjonsteori: sterkt lys stimulerer synsnerven, som kan &laquo;krysse-snakk&raquo; med den n\u00e6rliggende trigeminal nerven (som kontrollerer nysing), som en nevrologisk kortslutning.<\/li>\n<li>Parasympatisk overf\u00f8lsomhet: Noen mennesker kan ha et generelt overf\u00f8lsomt parasympatisk nervesystem.<\/li>\n<li>Generalisert parasympatisk respons: sterkt lys utl\u00f8ser andre relaterte reflekser (som elever innsnevring), noe som kan smitte over til nysing.<\/li>\n<\/ul>\n<p>Til tross for at han h\u00f8rtes plausible, har ingen av disse blitt bevist endelig.<\/p>\n<p>Generelt sett utgj\u00f8r PSR liten risiko. Imidlertid, hvis du kj\u00f8rer eller flyr et fly og plutselig finner deg selvsang ukontrollert, kan konsekvensene v\u00e6re alvorlige. Dette er grunnen til at milit\u00e6re forskere har studert refleksen i piloter.<\/p>\n<p>\u00c5 forst\u00e5 PSR kan bidra til bredere forskning p\u00e5 reflekser, sensoriske lidelser og til og med tilstander som fotofobi (lysf\u00f8lsomhet). Men akkurat n\u00e5 sier forskere at det er n\u00f8dvendig med flere kontrollerte studier. Parametere som lysintensitet, fargespekter, varighet og vinkel har fremdeles ikke blitt testet systematisk.<\/p>\n<p>Se alle helse- og skj\u00f8nnhetsartikler.<\/p>\n<p>Se alle artikler av Letara Draghia.<\/p>\n<p>                    <!-- Article End --><\/p><\/div>\n","protected":false},"excerpt":{"rendered":"<p>Hvis du finner ut at n\u00e5r du g\u00e5r ut i sterkt sollys, nyser du, kan<\/p>\n","protected":false},"author":1,"featured_media":4260,"comment_status":"closed","ping_status":"open","sticky":false,"template":"","format":"standard","meta":{"footnotes":""},"categories":[105],"tags":[66,2142,2143,2140,2139,2141,2124],"class_list":["post-4259","post","type-post","status-publish","format-standard","has-post-thumbnail","hentry","category-livsstil","tag-det","tag-forskere","tag-forvirrede","tag-kalles","tag-nyer","tag-psr","tag-sollys","generate-columns","tablet-grid-50","mobile-grid-100","grid-parent","grid-33","resize-featured-image"],"yoast_head":"<!-- This site is optimized with the Yoast SEO plugin v24.4 - https:\/\/yoast.com\/wordpress\/plugins\/seo\/ -->\n<title>Nyer du i sollys? Det kalles PSR og forskere er forvirrede - Nordnesrepublikken<\/title>\n<meta name=\"robots\" content=\"index, follow, max-snippet:-1, max-image-preview:large, max-video-preview:-1\" \/>\n<link rel=\"canonical\" href=\"https:\/\/nordnesrepublikken.no\/index.php\/2025\/05\/07\/nyer-du-i-sollys-det-kalles-psr-og-forskere-er-forvirrede\/\" \/>\n<meta property=\"og:locale\" content=\"nb_NO\" \/>\n<meta property=\"og:type\" content=\"article\" \/>\n<meta property=\"og:title\" content=\"Nyer du i sollys? Det kalles PSR og forskere er forvirrede - Nordnesrepublikken\" \/>\n<meta property=\"og:description\" content=\"Hvis du finner ut at n\u00e5r du g\u00e5r ut i sterkt sollys, nyser du, kan\" \/>\n<meta property=\"og:url\" content=\"https:\/\/nordnesrepublikken.no\/index.php\/2025\/05\/07\/nyer-du-i-sollys-det-kalles-psr-og-forskere-er-forvirrede\/\" \/>\n<meta property=\"og:site_name\" content=\"Nordnesrepublikken\" \/>\n<meta property=\"article:published_time\" content=\"2025-05-07T06:49:33+00:00\" \/>\n<meta property=\"article:modified_time\" content=\"2025-05-07T06:49:34+00:00\" \/>\n<meta property=\"og:image\" content=\"https:\/\/nordnesrepublikken.no\/wp-content\/uploads\/2025\/05\/1746600573_Nyer-du-i-sollys-Det-kalles-PSR-og-forskere-er.jpg\" \/>\n\t<meta property=\"og:image:width\" content=\"1199\" \/>\n\t<meta property=\"og:image:height\" content=\"800\" \/>\n\t<meta property=\"og:image:type\" content=\"image\/jpeg\" \/>\n<meta name=\"author\" content=\"Ole Andersen\" \/>\n<meta name=\"twitter:card\" content=\"summary_large_image\" \/>\n<meta name=\"twitter:label1\" content=\"Skrevet av\" \/>\n\t<meta name=\"twitter:data1\" content=\"Ole Andersen\" \/>\n\t<meta name=\"twitter:label2\" content=\"Ansl. lesetid\" \/>\n\t<meta name=\"twitter:data2\" content=\"2 minutter\" \/>\n<script type=\"application\/ld+json\" class=\"yoast-schema-graph\">{\"@context\":\"https:\/\/schema.org\",\"@graph\":[{\"@type\":\"Article\",\"@id\":\"https:\/\/nordnesrepublikken.no\/index.php\/2025\/05\/07\/nyer-du-i-sollys-det-kalles-psr-og-forskere-er-forvirrede\/#article\",\"isPartOf\":{\"@id\":\"https:\/\/nordnesrepublikken.no\/index.php\/2025\/05\/07\/nyer-du-i-sollys-det-kalles-psr-og-forskere-er-forvirrede\/\"},\"author\":{\"name\":\"Ole Andersen\",\"@id\":\"https:\/\/nordnesrepublikken.no\/#\/schema\/person\/2e7e81935bab77882fffb79296240ff1\"},\"headline\":\"Nyer du i sollys? Det kalles PSR og forskere er forvirrede\",\"datePublished\":\"2025-05-07T06:49:33+00:00\",\"dateModified\":\"2025-05-07T06:49:34+00:00\",\"mainEntityOfPage\":{\"@id\":\"https:\/\/nordnesrepublikken.no\/index.php\/2025\/05\/07\/nyer-du-i-sollys-det-kalles-psr-og-forskere-er-forvirrede\/\"},\"wordCount\":319,\"publisher\":{\"@id\":\"https:\/\/nordnesrepublikken.no\/#organization\"},\"image\":{\"@id\":\"https:\/\/nordnesrepublikken.no\/index.php\/2025\/05\/07\/nyer-du-i-sollys-det-kalles-psr-og-forskere-er-forvirrede\/#primaryimage\"},\"thumbnailUrl\":\"https:\/\/nordnesrepublikken.no\/wp-content\/uploads\/2025\/05\/1746600573_Nyer-du-i-sollys-Det-kalles-PSR-og-forskere-er.jpg\",\"keywords\":[\"Det\",\"forskere\",\"forvirrede\",\"kalles\",\"Nyer\",\"PSR\",\"sollys\"],\"articleSection\":[\"Livsstil\"],\"inLanguage\":\"nb-NO\"},{\"@type\":\"WebPage\",\"@id\":\"https:\/\/nordnesrepublikken.no\/index.php\/2025\/05\/07\/nyer-du-i-sollys-det-kalles-psr-og-forskere-er-forvirrede\/\",\"url\":\"https:\/\/nordnesrepublikken.no\/index.php\/2025\/05\/07\/nyer-du-i-sollys-det-kalles-psr-og-forskere-er-forvirrede\/\",\"name\":\"Nyer du i sollys? Det kalles PSR og forskere er forvirrede - Nordnesrepublikken\",\"isPartOf\":{\"@id\":\"https:\/\/nordnesrepublikken.no\/#website\"},\"primaryImageOfPage\":{\"@id\":\"https:\/\/nordnesrepublikken.no\/index.php\/2025\/05\/07\/nyer-du-i-sollys-det-kalles-psr-og-forskere-er-forvirrede\/#primaryimage\"},\"image\":{\"@id\":\"https:\/\/nordnesrepublikken.no\/index.php\/2025\/05\/07\/nyer-du-i-sollys-det-kalles-psr-og-forskere-er-forvirrede\/#primaryimage\"},\"thumbnailUrl\":\"https:\/\/nordnesrepublikken.no\/wp-content\/uploads\/2025\/05\/1746600573_Nyer-du-i-sollys-Det-kalles-PSR-og-forskere-er.jpg\",\"datePublished\":\"2025-05-07T06:49:33+00:00\",\"dateModified\":\"2025-05-07T06:49:34+00:00\",\"breadcrumb\":{\"@id\":\"https:\/\/nordnesrepublikken.no\/index.php\/2025\/05\/07\/nyer-du-i-sollys-det-kalles-psr-og-forskere-er-forvirrede\/#breadcrumb\"},\"inLanguage\":\"nb-NO\",\"potentialAction\":[{\"@type\":\"ReadAction\",\"target\":[\"https:\/\/nordnesrepublikken.no\/index.php\/2025\/05\/07\/nyer-du-i-sollys-det-kalles-psr-og-forskere-er-forvirrede\/\"]}]},{\"@type\":\"ImageObject\",\"inLanguage\":\"nb-NO\",\"@id\":\"https:\/\/nordnesrepublikken.no\/index.php\/2025\/05\/07\/nyer-du-i-sollys-det-kalles-psr-og-forskere-er-forvirrede\/#primaryimage\",\"url\":\"https:\/\/nordnesrepublikken.no\/wp-content\/uploads\/2025\/05\/1746600573_Nyer-du-i-sollys-Det-kalles-PSR-og-forskere-er.jpg\",\"contentUrl\":\"https:\/\/nordnesrepublikken.no\/wp-content\/uploads\/2025\/05\/1746600573_Nyer-du-i-sollys-Det-kalles-PSR-og-forskere-er.jpg\",\"width\":1199,\"height\":800,\"caption\":\"Nyer du i sollys? Det kalles PSR og forskere er forvirrede\"},{\"@type\":\"BreadcrumbList\",\"@id\":\"https:\/\/nordnesrepublikken.no\/index.php\/2025\/05\/07\/nyer-du-i-sollys-det-kalles-psr-og-forskere-er-forvirrede\/#breadcrumb\",\"itemListElement\":[{\"@type\":\"ListItem\",\"position\":1,\"name\":\"Home\",\"item\":\"https:\/\/nordnesrepublikken.no\/\"},{\"@type\":\"ListItem\",\"position\":2,\"name\":\"Nyer du i sollys? Det kalles PSR og forskere er forvirrede\"}]},{\"@type\":\"WebSite\",\"@id\":\"https:\/\/nordnesrepublikken.no\/#website\",\"url\":\"https:\/\/nordnesrepublikken.no\/\",\"name\":\"Nordnesrepublikken\",\"description\":\"Stemmer og Visjoner fra Republikkens Hjerte\",\"publisher\":{\"@id\":\"https:\/\/nordnesrepublikken.no\/#organization\"},\"potentialAction\":[{\"@type\":\"SearchAction\",\"target\":{\"@type\":\"EntryPoint\",\"urlTemplate\":\"https:\/\/nordnesrepublikken.no\/?s={search_term_string}\"},\"query-input\":{\"@type\":\"PropertyValueSpecification\",\"valueRequired\":true,\"valueName\":\"search_term_string\"}}],\"inLanguage\":\"nb-NO\"},{\"@type\":\"Organization\",\"@id\":\"https:\/\/nordnesrepublikken.no\/#organization\",\"name\":\"Nordnesrepublikken\",\"url\":\"https:\/\/nordnesrepublikken.no\/\",\"logo\":{\"@type\":\"ImageObject\",\"inLanguage\":\"nb-NO\",\"@id\":\"https:\/\/nordnesrepublikken.no\/#\/schema\/logo\/image\/\",\"url\":\"https:\/\/nordnesrepublikken.no\/wp-content\/uploads\/2025\/02\/cropped-nordnesrepublikken-2.png\",\"contentUrl\":\"https:\/\/nordnesrepublikken.no\/wp-content\/uploads\/2025\/02\/cropped-nordnesrepublikken-2.png\",\"width\":1248,\"height\":362,\"caption\":\"Nordnesrepublikken\"},\"image\":{\"@id\":\"https:\/\/nordnesrepublikken.no\/#\/schema\/logo\/image\/\"}},{\"@type\":\"Person\",\"@id\":\"https:\/\/nordnesrepublikken.no\/#\/schema\/person\/2e7e81935bab77882fffb79296240ff1\",\"name\":\"Ole Andersen\",\"image\":{\"@type\":\"ImageObject\",\"inLanguage\":\"nb-NO\",\"@id\":\"https:\/\/nordnesrepublikken.no\/#\/schema\/person\/image\/\",\"url\":\"https:\/\/nordnesrepublikken.no\/wp-content\/uploads\/2025\/02\/nordnesrepublikken-2-2-150x150.jpg\",\"contentUrl\":\"https:\/\/nordnesrepublikken.no\/wp-content\/uploads\/2025\/02\/nordnesrepublikken-2-2-150x150.jpg\",\"caption\":\"Ole Andersen\"},\"description\":\"Ettersom jeg vokste opp i Oslo, har jeg alltid v\u00e6rt fascinert av ordenes kraft og deres evne til \u00e5 skape endringer. Etter \u00e5 ha fullf\u00f8rt min utdannelse i kommunikasjon ved Universitetet i Bergen, fikk jeg muligheten til \u00e5 jobbe innen ulike medier, der jeg har s\u00f8kt \u00e5 belyse viktige samfunnssp\u00f8rsm\u00e5l. I dag, som redakt\u00f8r for Nordnesrepublikken, pr\u00f8ver jeg \u00e5 forene min kj\u00e6rlighet for journalistikk med min lidenskap for innovasjon og eventyr.\",\"sameAs\":[\"https:\/\/nordnesrepublikken.no\/\"]}]}<\/script>\n<!-- \/ Yoast SEO plugin. -->","yoast_head_json":{"title":"Nyer du i sollys? Det kalles PSR og forskere er forvirrede - Nordnesrepublikken","robots":{"index":"index","follow":"follow","max-snippet":"max-snippet:-1","max-image-preview":"max-image-preview:large","max-video-preview":"max-video-preview:-1"},"canonical":"https:\/\/nordnesrepublikken.no\/index.php\/2025\/05\/07\/nyer-du-i-sollys-det-kalles-psr-og-forskere-er-forvirrede\/","og_locale":"nb_NO","og_type":"article","og_title":"Nyer du i sollys? Det kalles PSR og forskere er forvirrede - Nordnesrepublikken","og_description":"Hvis du finner ut at n\u00e5r du g\u00e5r ut i sterkt sollys, nyser du, kan","og_url":"https:\/\/nordnesrepublikken.no\/index.php\/2025\/05\/07\/nyer-du-i-sollys-det-kalles-psr-og-forskere-er-forvirrede\/","og_site_name":"Nordnesrepublikken","article_published_time":"2025-05-07T06:49:33+00:00","article_modified_time":"2025-05-07T06:49:34+00:00","og_image":[{"width":1199,"height":800,"url":"https:\/\/nordnesrepublikken.no\/wp-content\/uploads\/2025\/05\/1746600573_Nyer-du-i-sollys-Det-kalles-PSR-og-forskere-er.jpg","type":"image\/jpeg"}],"author":"Ole Andersen","twitter_card":"summary_large_image","twitter_misc":{"Skrevet av":"Ole Andersen","Ansl. lesetid":"2 minutter"},"schema":{"@context":"https:\/\/schema.org","@graph":[{"@type":"Article","@id":"https:\/\/nordnesrepublikken.no\/index.php\/2025\/05\/07\/nyer-du-i-sollys-det-kalles-psr-og-forskere-er-forvirrede\/#article","isPartOf":{"@id":"https:\/\/nordnesrepublikken.no\/index.php\/2025\/05\/07\/nyer-du-i-sollys-det-kalles-psr-og-forskere-er-forvirrede\/"},"author":{"name":"Ole Andersen","@id":"https:\/\/nordnesrepublikken.no\/#\/schema\/person\/2e7e81935bab77882fffb79296240ff1"},"headline":"Nyer du i sollys? Det kalles PSR og forskere er forvirrede","datePublished":"2025-05-07T06:49:33+00:00","dateModified":"2025-05-07T06:49:34+00:00","mainEntityOfPage":{"@id":"https:\/\/nordnesrepublikken.no\/index.php\/2025\/05\/07\/nyer-du-i-sollys-det-kalles-psr-og-forskere-er-forvirrede\/"},"wordCount":319,"publisher":{"@id":"https:\/\/nordnesrepublikken.no\/#organization"},"image":{"@id":"https:\/\/nordnesrepublikken.no\/index.php\/2025\/05\/07\/nyer-du-i-sollys-det-kalles-psr-og-forskere-er-forvirrede\/#primaryimage"},"thumbnailUrl":"https:\/\/nordnesrepublikken.no\/wp-content\/uploads\/2025\/05\/1746600573_Nyer-du-i-sollys-Det-kalles-PSR-og-forskere-er.jpg","keywords":["Det","forskere","forvirrede","kalles","Nyer","PSR","sollys"],"articleSection":["Livsstil"],"inLanguage":"nb-NO"},{"@type":"WebPage","@id":"https:\/\/nordnesrepublikken.no\/index.php\/2025\/05\/07\/nyer-du-i-sollys-det-kalles-psr-og-forskere-er-forvirrede\/","url":"https:\/\/nordnesrepublikken.no\/index.php\/2025\/05\/07\/nyer-du-i-sollys-det-kalles-psr-og-forskere-er-forvirrede\/","name":"Nyer du i sollys? Det kalles PSR og forskere er forvirrede - Nordnesrepublikken","isPartOf":{"@id":"https:\/\/nordnesrepublikken.no\/#website"},"primaryImageOfPage":{"@id":"https:\/\/nordnesrepublikken.no\/index.php\/2025\/05\/07\/nyer-du-i-sollys-det-kalles-psr-og-forskere-er-forvirrede\/#primaryimage"},"image":{"@id":"https:\/\/nordnesrepublikken.no\/index.php\/2025\/05\/07\/nyer-du-i-sollys-det-kalles-psr-og-forskere-er-forvirrede\/#primaryimage"},"thumbnailUrl":"https:\/\/nordnesrepublikken.no\/wp-content\/uploads\/2025\/05\/1746600573_Nyer-du-i-sollys-Det-kalles-PSR-og-forskere-er.jpg","datePublished":"2025-05-07T06:49:33+00:00","dateModified":"2025-05-07T06:49:34+00:00","breadcrumb":{"@id":"https:\/\/nordnesrepublikken.no\/index.php\/2025\/05\/07\/nyer-du-i-sollys-det-kalles-psr-og-forskere-er-forvirrede\/#breadcrumb"},"inLanguage":"nb-NO","potentialAction":[{"@type":"ReadAction","target":["https:\/\/nordnesrepublikken.no\/index.php\/2025\/05\/07\/nyer-du-i-sollys-det-kalles-psr-og-forskere-er-forvirrede\/"]}]},{"@type":"ImageObject","inLanguage":"nb-NO","@id":"https:\/\/nordnesrepublikken.no\/index.php\/2025\/05\/07\/nyer-du-i-sollys-det-kalles-psr-og-forskere-er-forvirrede\/#primaryimage","url":"https:\/\/nordnesrepublikken.no\/wp-content\/uploads\/2025\/05\/1746600573_Nyer-du-i-sollys-Det-kalles-PSR-og-forskere-er.jpg","contentUrl":"https:\/\/nordnesrepublikken.no\/wp-content\/uploads\/2025\/05\/1746600573_Nyer-du-i-sollys-Det-kalles-PSR-og-forskere-er.jpg","width":1199,"height":800,"caption":"Nyer du i sollys? Det kalles PSR og forskere er forvirrede"},{"@type":"BreadcrumbList","@id":"https:\/\/nordnesrepublikken.no\/index.php\/2025\/05\/07\/nyer-du-i-sollys-det-kalles-psr-og-forskere-er-forvirrede\/#breadcrumb","itemListElement":[{"@type":"ListItem","position":1,"name":"Home","item":"https:\/\/nordnesrepublikken.no\/"},{"@type":"ListItem","position":2,"name":"Nyer du i sollys? Det kalles PSR og forskere er forvirrede"}]},{"@type":"WebSite","@id":"https:\/\/nordnesrepublikken.no\/#website","url":"https:\/\/nordnesrepublikken.no\/","name":"Nordnesrepublikken","description":"Stemmer og Visjoner fra Republikkens Hjerte","publisher":{"@id":"https:\/\/nordnesrepublikken.no\/#organization"},"potentialAction":[{"@type":"SearchAction","target":{"@type":"EntryPoint","urlTemplate":"https:\/\/nordnesrepublikken.no\/?s={search_term_string}"},"query-input":{"@type":"PropertyValueSpecification","valueRequired":true,"valueName":"search_term_string"}}],"inLanguage":"nb-NO"},{"@type":"Organization","@id":"https:\/\/nordnesrepublikken.no\/#organization","name":"Nordnesrepublikken","url":"https:\/\/nordnesrepublikken.no\/","logo":{"@type":"ImageObject","inLanguage":"nb-NO","@id":"https:\/\/nordnesrepublikken.no\/#\/schema\/logo\/image\/","url":"https:\/\/nordnesrepublikken.no\/wp-content\/uploads\/2025\/02\/cropped-nordnesrepublikken-2.png","contentUrl":"https:\/\/nordnesrepublikken.no\/wp-content\/uploads\/2025\/02\/cropped-nordnesrepublikken-2.png","width":1248,"height":362,"caption":"Nordnesrepublikken"},"image":{"@id":"https:\/\/nordnesrepublikken.no\/#\/schema\/logo\/image\/"}},{"@type":"Person","@id":"https:\/\/nordnesrepublikken.no\/#\/schema\/person\/2e7e81935bab77882fffb79296240ff1","name":"Ole Andersen","image":{"@type":"ImageObject","inLanguage":"nb-NO","@id":"https:\/\/nordnesrepublikken.no\/#\/schema\/person\/image\/","url":"https:\/\/nordnesrepublikken.no\/wp-content\/uploads\/2025\/02\/nordnesrepublikken-2-2-150x150.jpg","contentUrl":"https:\/\/nordnesrepublikken.no\/wp-content\/uploads\/2025\/02\/nordnesrepublikken-2-2-150x150.jpg","caption":"Ole Andersen"},"description":"Ettersom jeg vokste opp i Oslo, har jeg alltid v\u00e6rt fascinert av ordenes kraft og deres evne til \u00e5 skape endringer. Etter \u00e5 ha fullf\u00f8rt min utdannelse i kommunikasjon ved Universitetet i Bergen, fikk jeg muligheten til \u00e5 jobbe innen ulike medier, der jeg har s\u00f8kt \u00e5 belyse viktige samfunnssp\u00f8rsm\u00e5l. I dag, som redakt\u00f8r for Nordnesrepublikken, pr\u00f8ver jeg \u00e5 forene min kj\u00e6rlighet for journalistikk med min lidenskap for innovasjon og eventyr.","sameAs":["https:\/\/nordnesrepublikken.no\/"]}]}},"_links":{"self":[{"href":"https:\/\/nordnesrepublikken.no\/index.php\/wp-json\/wp\/v2\/posts\/4259","targetHints":{"allow":["GET"]}}],"collection":[{"href":"https:\/\/nordnesrepublikken.no\/index.php\/wp-json\/wp\/v2\/posts"}],"about":[{"href":"https:\/\/nordnesrepublikken.no\/index.php\/wp-json\/wp\/v2\/types\/post"}],"author":[{"embeddable":true,"href":"https:\/\/nordnesrepublikken.no\/index.php\/wp-json\/wp\/v2\/users\/1"}],"replies":[{"embeddable":true,"href":"https:\/\/nordnesrepublikken.no\/index.php\/wp-json\/wp\/v2\/comments?post=4259"}],"version-history":[{"count":1,"href":"https:\/\/nordnesrepublikken.no\/index.php\/wp-json\/wp\/v2\/posts\/4259\/revisions"}],"predecessor-version":[{"id":4261,"href":"https:\/\/nordnesrepublikken.no\/index.php\/wp-json\/wp\/v2\/posts\/4259\/revisions\/4261"}],"wp:featuredmedia":[{"embeddable":true,"href":"https:\/\/nordnesrepublikken.no\/index.php\/wp-json\/wp\/v2\/media\/4260"}],"wp:attachment":[{"href":"https:\/\/nordnesrepublikken.no\/index.php\/wp-json\/wp\/v2\/media?parent=4259"}],"wp:term":[{"taxonomy":"category","embeddable":true,"href":"https:\/\/nordnesrepublikken.no\/index.php\/wp-json\/wp\/v2\/categories?post=4259"},{"taxonomy":"post_tag","embeddable":true,"href":"https:\/\/nordnesrepublikken.no\/index.php\/wp-json\/wp\/v2\/tags?post=4259"}],"curies":[{"name":"wp","href":"https:\/\/api.w.org\/{rel}","templated":true}]}}