{"id":4250,"date":"2025-05-06T22:49:38","date_gmt":"2025-05-06T20:49:38","guid":{"rendered":"https:\/\/nordnesrepublikken.no\/index.php\/2025\/05\/06\/praktiske-og-vitenskapelige-midler-for-a-forhindre-og-behandle-symptomer\/"},"modified":"2025-05-06T22:49:43","modified_gmt":"2025-05-06T20:49:43","slug":"praktiske-og-vitenskapelige-midler-for-a-forhindre-og-behandle-symptomer","status":"publish","type":"post","link":"https:\/\/nordnesrepublikken.no\/index.php\/2025\/05\/06\/praktiske-og-vitenskapelige-midler-for-a-forhindre-og-behandle-symptomer\/","title":{"rendered":"Praktiske og vitenskapelige midler for \u00e5 forhindre og behandle symptomer"},"content":{"rendered":"<div>\n<div class=\"cp_wrapper cp_wrapper--fw mb-30 mb-20@tablet\">\n<figure class=\"mm\"><picture class=\"img\" style=\"padding-top:56.25%\"><source  media=\"(min-width: 1024px)\"><source  media=\"(min-width: 768px)\"><\/source><\/source><\/picture><\/figure>\n<\/p><\/div>\n<p>V\u00e5rsesongen for mange kan bety ankomst av <strong>irriterende<\/strong> <strong>symptomer<\/strong> fra allergi til pollen, som de heldigvis kan bli funnet effektive <strong>rettsmidler<\/strong>. Riving, nysing, kl\u00f8e i \u00f8ynene og neset lunger er bare noen av <strong>ulempe<\/strong> som plager de som lider av allergisk rhinitt. Men hvordan kan vi effektivt m\u00f8te disse irritasjonene? Det er forskjellige teknikker og triks, for eksempel masker og <strong>antihistamin<\/strong>som kan bidra til \u00e5 bedre h\u00e5ndtere allergien, og det er nettopp p\u00e5 disse vi \u00f8nsker \u00e5 konsentrere oss.<\/p>\n<blockquote>\n<p><strong>Ansvarsfraskrivelse:<\/strong> Informasjonen i denne artikkelen er til utelukkende popul\u00e6re form\u00e5l. For eventuelle medisinske behov er det viktig \u00e5 kontakte legen din.<\/p>\n<\/blockquote>\n<h2>Forhindre kontakt med pollen: Det mest effektive middelet mot allergi<\/h2>\n<p>I f\u00f8lge det som rapporteres av Istituto Superiore di Sanit\u00e0, metoden <strong>mer effektiv<\/strong> \u00c5 bekjempe allergien mot pollen er &laquo;<em>Unng\u00e5 kontakt med selve allergenet<\/em>&laquo;Men hvordan vi kan gj\u00f8re det, med tanke p\u00e5 at pollen er det <strong>overalt<\/strong> Om v\u00e5ren? Svaret er enkelt: \u00e5 beskytte oss selv <strong>fysisk<\/strong>. Hvis vi m\u00e5 ut utend\u00f8rs, bruk av en <strong>maske<\/strong> (helst FFP2) er viktig for <strong>filter<\/strong> Pollenpartiklene i luften. Selv om det kan virke som en ubevisst l\u00f8sning, er det absolutt den mest effektive \u00e5 begrense direkte kontakt med pollen.<\/p>\n<p>De <strong>briller<\/strong> fra <strong>sol <\/strong>Da er de et annet nyttig verkt\u00f8y, men for total beskyttelse <strong>briller<\/strong> fra <strong>basseng<\/strong> De kan bedre dekke omr\u00e5det rundt \u00f8ynene, og blokkerer enhver mulighet for kontakt med <strong>partikler<\/strong>. Vitenskap tenker ikke p\u00e5 estetikk, evaluer deg er verdt det.<\/p>\n<div class=\"cp_wrapper cp_wrapper--fw mb-50\">\n<figure class=\"mm\"><picture class=\"img\" style=\"padding-top:66.666666666667%\"><source  media=\"(min-width: 1024px)\"><source  media=\"(min-width: 768px)\"><img decoding=\"async\" loading=\"lazy\" src=\"https:\/\/nordnesrepublikken.no\/wp-content\/uploads\/2025\/05\/1746564578_41_Praktiske-og-vitenskapelige-midler-for-a-forhindre-og-behandle-symptomer.jpg\" alt=\"briller og maske\" width=\"3864\" height=\"2576\"><\/source><\/source><\/picture><\/figure>\n<\/p><\/div>\n<h2>Hvordan du kan beskytte deg hjemme mot pollen<\/h2>\n<p>I l\u00f8pet av den allergiske sesongen er det viktig \u00e5 forhindre at pollen kommer inn i huset. N\u00e5r du \u00e5pner <strong>vindu<\/strong> Til <strong>endre<\/strong> <strong>luft<\/strong>det anbefales \u00e5 gj\u00f8re det i ikke mer enn 10-15 minutter om morgenen, og deretter <strong>Lukk den<\/strong> Umiddelbart bare for \u00e5 unng\u00e5 at konsentrasjonen av pollen i huset \u00f8ker.<\/p>\n<p>Bruk av &laquo;<strong>Luftrensere<\/strong>&laquo;med <strong>HEPA -filtre<\/strong> Det er et annet tiltak som kan bidra til \u00e5 redusere tilstedev\u00e6relsen av pollen inne i huset. Disse enhetene er designet for <strong>filter<\/strong> mikroskopiske partikler, inkludert i <strong>Pollen<\/strong>. Det er viktig \u00e5 huske <strong>rengj\u00f8re<\/strong> regelmessig filtrene for \u00e5 beholde<strong>effektivitet<\/strong>.<\/p>\n<p>En annen ting \u00e5 vurdere er <strong>rengj\u00f8ring<\/strong> <strong>personale<\/strong>. Siden pollen lett angriper <strong>kl\u00e6r<\/strong> og til <strong>h\u00e5r<\/strong>Det anbefales \u00e5 vaske og skifte kl\u00e6r hver gang du drar hjem etter \u00e5 ha v\u00e6rt utend\u00f8rs. En nesevask med<strong>foss<\/strong> <strong>fysiologisk<\/strong> Det kan ogs\u00e5 v\u00e6re nyttig for \u00e5 eliminere pollen som har avsatt p\u00e5 nasale slimhinner.<\/p>\n<div class=\"cp_wrapper cp_wrapper--fw mb-50\">\n<figure class=\"mm\"><picture class=\"img\" style=\"padding-top:66.692546583851%\"><source  media=\"(min-width: 1024px)\"><source  media=\"(min-width: 768px)\"><img decoding=\"async\" loading=\"lazy\" src=\"https:\/\/nordnesrepublikken.no\/wp-content\/uploads\/2025\/05\/1746564578_22_Praktiske-og-vitenskapelige-midler-for-a-forhindre-og-behandle-symptomer.jpg\" alt=\"Luftrensere\" width=\"3864\" height=\"2577\" class=\"js-seedtag-img\"><\/source><\/source><\/picture><\/figure>\n<\/p><\/div>\n<h2>Hvordan roe allergien mot pollen: n\u00e5r og hvorfor bruke antihistaminer<\/h2>\n<blockquote>\n<p>Liten forutsetning: F\u00f8r du tar noe medikament, anbefales det alltid \u00e5 konsultere legen din, som kan foreskrive den mest passende l\u00f8sningen p\u00e5 den spesifikke saken.<\/p>\n<\/blockquote>\n<p>De <strong>antihistamin<\/strong> De er en av de vanligste l\u00f8sningene for \u00e5 bekjempe <strong>symptomer<\/strong> av allergien mot pollen. Disse medisinene blokkerer virkningen av istamin, et kjemisk stoff produsert av kroppen v\u00e5r som respons p\u00e5 allergen, noe som for\u00e5rsaker <strong>betennelse<\/strong> Og <strong>irritasjon<\/strong> slimhinner. Det er forskjellige typer antihistaminer, som er delt inn i to hovedkategorier:<\/p>\n<ul>\n<li>Antistamin av <strong>F\u00f8r<\/strong> Generasjon: Disse stoffene er veldig effektive, men har bivirkningen av \u00e5 provosere <strong>d\u00f8sighet<\/strong>ettersom de kan krysse den blodbaliske barrieren og ogs\u00e5 handle p\u00e5 <strong>reseptorer<\/strong> sove i hjernen.<\/li>\n<li>Antistamin av <strong>sekund<\/strong> Generasjon: De har en struktur <strong>kjemi<\/strong> Ulike som reduserer muligheten for \u00e5 krysse den blodfale barrieren, derfor har de en tendens til \u00e5 for\u00e5rsake s\u00f8vnighet og er generelt foretrukket for daglig bruk.<\/li>\n<\/ul>\n<p>I alvorlige tilfeller kan legen anbefale en behandling av <strong>Immunoterapi <\/strong>(<strong>Hypo-sensibilisering <\/strong>eller<strong> desensibilisering<\/strong>) som inneb\u00e6rer \u00e5 ta sm\u00e5 mengder av <strong>allergen<\/strong> (som pollen) for \u00e5 gradvis \u00f8ke <strong>toleranse<\/strong> av kroppen. Denne behandlingen kan utf\u00f8res gjennom <strong>injeksjoner<\/strong> <strong>subkutan<\/strong> eller tabletter <strong>sublingual<\/strong>men krever lang tid for \u00e5 f\u00e5 resultater.<\/p>\n<\/p><\/div>\n","protected":false},"excerpt":{"rendered":"<p>V\u00e5rsesongen for mange kan bety ankomst av irriterende symptomer fra allergi til pollen, som de<\/p>\n","protected":false},"author":1,"featured_media":4251,"comment_status":"closed","ping_status":"open","sticky":false,"template":"","format":"standard","meta":{"footnotes":""},"categories":[24],"tags":[2130,1220,2129,1144,2131,2128],"class_list":["post-4250","post","type-post","status-publish","format-standard","has-post-thumbnail","hentry","category-vitenskap","tag-behandle","tag-forhindre","tag-midler","tag-praktiske","tag-symptomer","tag-vitenskapelige","generate-columns","tablet-grid-50","mobile-grid-100","grid-parent","grid-33","resize-featured-image"],"yoast_head":"<!-- This site is optimized with the Yoast SEO plugin v24.4 - https:\/\/yoast.com\/wordpress\/plugins\/seo\/ -->\n<title>Praktiske og vitenskapelige midler for \u00e5 forhindre og behandle symptomer - Nordnesrepublikken<\/title>\n<meta name=\"robots\" content=\"index, follow, max-snippet:-1, max-image-preview:large, max-video-preview:-1\" \/>\n<link rel=\"canonical\" href=\"https:\/\/nordnesrepublikken.no\/index.php\/2025\/05\/06\/praktiske-og-vitenskapelige-midler-for-a-forhindre-og-behandle-symptomer\/\" \/>\n<meta property=\"og:locale\" content=\"nb_NO\" \/>\n<meta property=\"og:type\" content=\"article\" \/>\n<meta property=\"og:title\" content=\"Praktiske og vitenskapelige midler for \u00e5 forhindre og behandle symptomer - Nordnesrepublikken\" \/>\n<meta property=\"og:description\" content=\"V\u00e5rsesongen for mange kan bety ankomst av irriterende symptomer fra allergi til pollen, som de\" \/>\n<meta property=\"og:url\" content=\"https:\/\/nordnesrepublikken.no\/index.php\/2025\/05\/06\/praktiske-og-vitenskapelige-midler-for-a-forhindre-og-behandle-symptomer\/\" \/>\n<meta property=\"og:site_name\" content=\"Nordnesrepublikken\" \/>\n<meta property=\"article:published_time\" content=\"2025-05-06T20:49:38+00:00\" \/>\n<meta property=\"article:modified_time\" content=\"2025-05-06T20:49:43+00:00\" \/>\n<meta property=\"og:image\" content=\"https:\/\/nordnesrepublikken.no\/wp-content\/uploads\/2025\/05\/1746564578_Praktiske-og-vitenskapelige-midler-for-a-forhindre-og-behandle-symptomer-scaled.jpg\" \/>\n\t<meta property=\"og:image:width\" content=\"2560\" \/>\n\t<meta property=\"og:image:height\" content=\"1440\" \/>\n\t<meta property=\"og:image:type\" content=\"image\/jpeg\" \/>\n<meta name=\"author\" content=\"Ole Andersen\" \/>\n<meta name=\"twitter:card\" content=\"summary_large_image\" \/>\n<meta name=\"twitter:label1\" content=\"Skrevet av\" \/>\n\t<meta name=\"twitter:data1\" content=\"Ole Andersen\" \/>\n\t<meta name=\"twitter:label2\" content=\"Ansl. lesetid\" \/>\n\t<meta name=\"twitter:data2\" content=\"3 minutter\" \/>\n<script type=\"application\/ld+json\" class=\"yoast-schema-graph\">{\"@context\":\"https:\/\/schema.org\",\"@graph\":[{\"@type\":\"Article\",\"@id\":\"https:\/\/nordnesrepublikken.no\/index.php\/2025\/05\/06\/praktiske-og-vitenskapelige-midler-for-a-forhindre-og-behandle-symptomer\/#article\",\"isPartOf\":{\"@id\":\"https:\/\/nordnesrepublikken.no\/index.php\/2025\/05\/06\/praktiske-og-vitenskapelige-midler-for-a-forhindre-og-behandle-symptomer\/\"},\"author\":{\"name\":\"Ole Andersen\",\"@id\":\"https:\/\/nordnesrepublikken.no\/#\/schema\/person\/2e7e81935bab77882fffb79296240ff1\"},\"headline\":\"Praktiske og vitenskapelige midler for \u00e5 forhindre og behandle symptomer\",\"datePublished\":\"2025-05-06T20:49:38+00:00\",\"dateModified\":\"2025-05-06T20:49:43+00:00\",\"mainEntityOfPage\":{\"@id\":\"https:\/\/nordnesrepublikken.no\/index.php\/2025\/05\/06\/praktiske-og-vitenskapelige-midler-for-a-forhindre-og-behandle-symptomer\/\"},\"wordCount\":618,\"publisher\":{\"@id\":\"https:\/\/nordnesrepublikken.no\/#organization\"},\"image\":{\"@id\":\"https:\/\/nordnesrepublikken.no\/index.php\/2025\/05\/06\/praktiske-og-vitenskapelige-midler-for-a-forhindre-og-behandle-symptomer\/#primaryimage\"},\"thumbnailUrl\":\"https:\/\/nordnesrepublikken.no\/wp-content\/uploads\/2025\/05\/1746564578_Praktiske-og-vitenskapelige-midler-for-a-forhindre-og-behandle-symptomer-scaled.jpg\",\"keywords\":[\"behandle\",\"forhindre\",\"midler\",\"praktiske\",\"symptomer\",\"vitenskapelige\"],\"articleSection\":[\"Vitenskap\"],\"inLanguage\":\"nb-NO\"},{\"@type\":\"WebPage\",\"@id\":\"https:\/\/nordnesrepublikken.no\/index.php\/2025\/05\/06\/praktiske-og-vitenskapelige-midler-for-a-forhindre-og-behandle-symptomer\/\",\"url\":\"https:\/\/nordnesrepublikken.no\/index.php\/2025\/05\/06\/praktiske-og-vitenskapelige-midler-for-a-forhindre-og-behandle-symptomer\/\",\"name\":\"Praktiske og vitenskapelige midler for \u00e5 forhindre og behandle symptomer - Nordnesrepublikken\",\"isPartOf\":{\"@id\":\"https:\/\/nordnesrepublikken.no\/#website\"},\"primaryImageOfPage\":{\"@id\":\"https:\/\/nordnesrepublikken.no\/index.php\/2025\/05\/06\/praktiske-og-vitenskapelige-midler-for-a-forhindre-og-behandle-symptomer\/#primaryimage\"},\"image\":{\"@id\":\"https:\/\/nordnesrepublikken.no\/index.php\/2025\/05\/06\/praktiske-og-vitenskapelige-midler-for-a-forhindre-og-behandle-symptomer\/#primaryimage\"},\"thumbnailUrl\":\"https:\/\/nordnesrepublikken.no\/wp-content\/uploads\/2025\/05\/1746564578_Praktiske-og-vitenskapelige-midler-for-a-forhindre-og-behandle-symptomer-scaled.jpg\",\"datePublished\":\"2025-05-06T20:49:38+00:00\",\"dateModified\":\"2025-05-06T20:49:43+00:00\",\"breadcrumb\":{\"@id\":\"https:\/\/nordnesrepublikken.no\/index.php\/2025\/05\/06\/praktiske-og-vitenskapelige-midler-for-a-forhindre-og-behandle-symptomer\/#breadcrumb\"},\"inLanguage\":\"nb-NO\",\"potentialAction\":[{\"@type\":\"ReadAction\",\"target\":[\"https:\/\/nordnesrepublikken.no\/index.php\/2025\/05\/06\/praktiske-og-vitenskapelige-midler-for-a-forhindre-og-behandle-symptomer\/\"]}]},{\"@type\":\"ImageObject\",\"inLanguage\":\"nb-NO\",\"@id\":\"https:\/\/nordnesrepublikken.no\/index.php\/2025\/05\/06\/praktiske-og-vitenskapelige-midler-for-a-forhindre-og-behandle-symptomer\/#primaryimage\",\"url\":\"https:\/\/nordnesrepublikken.no\/wp-content\/uploads\/2025\/05\/1746564578_Praktiske-og-vitenskapelige-midler-for-a-forhindre-og-behandle-symptomer-scaled.jpg\",\"contentUrl\":\"https:\/\/nordnesrepublikken.no\/wp-content\/uploads\/2025\/05\/1746564578_Praktiske-og-vitenskapelige-midler-for-a-forhindre-og-behandle-symptomer-scaled.jpg\",\"width\":2560,\"height\":1440,\"caption\":\"rimedi efficaci allergia pollini\"},{\"@type\":\"BreadcrumbList\",\"@id\":\"https:\/\/nordnesrepublikken.no\/index.php\/2025\/05\/06\/praktiske-og-vitenskapelige-midler-for-a-forhindre-og-behandle-symptomer\/#breadcrumb\",\"itemListElement\":[{\"@type\":\"ListItem\",\"position\":1,\"name\":\"Home\",\"item\":\"https:\/\/nordnesrepublikken.no\/\"},{\"@type\":\"ListItem\",\"position\":2,\"name\":\"Praktiske og vitenskapelige midler for \u00e5 forhindre og behandle symptomer\"}]},{\"@type\":\"WebSite\",\"@id\":\"https:\/\/nordnesrepublikken.no\/#website\",\"url\":\"https:\/\/nordnesrepublikken.no\/\",\"name\":\"Nordnesrepublikken\",\"description\":\"Stemmer og Visjoner fra Republikkens Hjerte\",\"publisher\":{\"@id\":\"https:\/\/nordnesrepublikken.no\/#organization\"},\"potentialAction\":[{\"@type\":\"SearchAction\",\"target\":{\"@type\":\"EntryPoint\",\"urlTemplate\":\"https:\/\/nordnesrepublikken.no\/?s={search_term_string}\"},\"query-input\":{\"@type\":\"PropertyValueSpecification\",\"valueRequired\":true,\"valueName\":\"search_term_string\"}}],\"inLanguage\":\"nb-NO\"},{\"@type\":\"Organization\",\"@id\":\"https:\/\/nordnesrepublikken.no\/#organization\",\"name\":\"Nordnesrepublikken\",\"url\":\"https:\/\/nordnesrepublikken.no\/\",\"logo\":{\"@type\":\"ImageObject\",\"inLanguage\":\"nb-NO\",\"@id\":\"https:\/\/nordnesrepublikken.no\/#\/schema\/logo\/image\/\",\"url\":\"https:\/\/nordnesrepublikken.no\/wp-content\/uploads\/2025\/02\/cropped-nordnesrepublikken-2.png\",\"contentUrl\":\"https:\/\/nordnesrepublikken.no\/wp-content\/uploads\/2025\/02\/cropped-nordnesrepublikken-2.png\",\"width\":1248,\"height\":362,\"caption\":\"Nordnesrepublikken\"},\"image\":{\"@id\":\"https:\/\/nordnesrepublikken.no\/#\/schema\/logo\/image\/\"}},{\"@type\":\"Person\",\"@id\":\"https:\/\/nordnesrepublikken.no\/#\/schema\/person\/2e7e81935bab77882fffb79296240ff1\",\"name\":\"Ole Andersen\",\"image\":{\"@type\":\"ImageObject\",\"inLanguage\":\"nb-NO\",\"@id\":\"https:\/\/nordnesrepublikken.no\/#\/schema\/person\/image\/\",\"url\":\"https:\/\/nordnesrepublikken.no\/wp-content\/uploads\/2025\/02\/nordnesrepublikken-2-2-150x150.jpg\",\"contentUrl\":\"https:\/\/nordnesrepublikken.no\/wp-content\/uploads\/2025\/02\/nordnesrepublikken-2-2-150x150.jpg\",\"caption\":\"Ole Andersen\"},\"description\":\"Ettersom jeg vokste opp i Oslo, har jeg alltid v\u00e6rt fascinert av ordenes kraft og deres evne til \u00e5 skape endringer. Etter \u00e5 ha fullf\u00f8rt min utdannelse i kommunikasjon ved Universitetet i Bergen, fikk jeg muligheten til \u00e5 jobbe innen ulike medier, der jeg har s\u00f8kt \u00e5 belyse viktige samfunnssp\u00f8rsm\u00e5l. I dag, som redakt\u00f8r for Nordnesrepublikken, pr\u00f8ver jeg \u00e5 forene min kj\u00e6rlighet for journalistikk med min lidenskap for innovasjon og eventyr.\",\"sameAs\":[\"https:\/\/nordnesrepublikken.no\/\"]}]}<\/script>\n<!-- \/ Yoast SEO plugin. -->","yoast_head_json":{"title":"Praktiske og vitenskapelige midler for \u00e5 forhindre og behandle symptomer - Nordnesrepublikken","robots":{"index":"index","follow":"follow","max-snippet":"max-snippet:-1","max-image-preview":"max-image-preview:large","max-video-preview":"max-video-preview:-1"},"canonical":"https:\/\/nordnesrepublikken.no\/index.php\/2025\/05\/06\/praktiske-og-vitenskapelige-midler-for-a-forhindre-og-behandle-symptomer\/","og_locale":"nb_NO","og_type":"article","og_title":"Praktiske og vitenskapelige midler for \u00e5 forhindre og behandle symptomer - Nordnesrepublikken","og_description":"V\u00e5rsesongen for mange kan bety ankomst av irriterende symptomer fra allergi til pollen, som de","og_url":"https:\/\/nordnesrepublikken.no\/index.php\/2025\/05\/06\/praktiske-og-vitenskapelige-midler-for-a-forhindre-og-behandle-symptomer\/","og_site_name":"Nordnesrepublikken","article_published_time":"2025-05-06T20:49:38+00:00","article_modified_time":"2025-05-06T20:49:43+00:00","og_image":[{"width":2560,"height":1440,"url":"https:\/\/nordnesrepublikken.no\/wp-content\/uploads\/2025\/05\/1746564578_Praktiske-og-vitenskapelige-midler-for-a-forhindre-og-behandle-symptomer-scaled.jpg","type":"image\/jpeg"}],"author":"Ole Andersen","twitter_card":"summary_large_image","twitter_misc":{"Skrevet av":"Ole Andersen","Ansl. lesetid":"3 minutter"},"schema":{"@context":"https:\/\/schema.org","@graph":[{"@type":"Article","@id":"https:\/\/nordnesrepublikken.no\/index.php\/2025\/05\/06\/praktiske-og-vitenskapelige-midler-for-a-forhindre-og-behandle-symptomer\/#article","isPartOf":{"@id":"https:\/\/nordnesrepublikken.no\/index.php\/2025\/05\/06\/praktiske-og-vitenskapelige-midler-for-a-forhindre-og-behandle-symptomer\/"},"author":{"name":"Ole Andersen","@id":"https:\/\/nordnesrepublikken.no\/#\/schema\/person\/2e7e81935bab77882fffb79296240ff1"},"headline":"Praktiske og vitenskapelige midler for \u00e5 forhindre og behandle symptomer","datePublished":"2025-05-06T20:49:38+00:00","dateModified":"2025-05-06T20:49:43+00:00","mainEntityOfPage":{"@id":"https:\/\/nordnesrepublikken.no\/index.php\/2025\/05\/06\/praktiske-og-vitenskapelige-midler-for-a-forhindre-og-behandle-symptomer\/"},"wordCount":618,"publisher":{"@id":"https:\/\/nordnesrepublikken.no\/#organization"},"image":{"@id":"https:\/\/nordnesrepublikken.no\/index.php\/2025\/05\/06\/praktiske-og-vitenskapelige-midler-for-a-forhindre-og-behandle-symptomer\/#primaryimage"},"thumbnailUrl":"https:\/\/nordnesrepublikken.no\/wp-content\/uploads\/2025\/05\/1746564578_Praktiske-og-vitenskapelige-midler-for-a-forhindre-og-behandle-symptomer-scaled.jpg","keywords":["behandle","forhindre","midler","praktiske","symptomer","vitenskapelige"],"articleSection":["Vitenskap"],"inLanguage":"nb-NO"},{"@type":"WebPage","@id":"https:\/\/nordnesrepublikken.no\/index.php\/2025\/05\/06\/praktiske-og-vitenskapelige-midler-for-a-forhindre-og-behandle-symptomer\/","url":"https:\/\/nordnesrepublikken.no\/index.php\/2025\/05\/06\/praktiske-og-vitenskapelige-midler-for-a-forhindre-og-behandle-symptomer\/","name":"Praktiske og vitenskapelige midler for \u00e5 forhindre og behandle symptomer - Nordnesrepublikken","isPartOf":{"@id":"https:\/\/nordnesrepublikken.no\/#website"},"primaryImageOfPage":{"@id":"https:\/\/nordnesrepublikken.no\/index.php\/2025\/05\/06\/praktiske-og-vitenskapelige-midler-for-a-forhindre-og-behandle-symptomer\/#primaryimage"},"image":{"@id":"https:\/\/nordnesrepublikken.no\/index.php\/2025\/05\/06\/praktiske-og-vitenskapelige-midler-for-a-forhindre-og-behandle-symptomer\/#primaryimage"},"thumbnailUrl":"https:\/\/nordnesrepublikken.no\/wp-content\/uploads\/2025\/05\/1746564578_Praktiske-og-vitenskapelige-midler-for-a-forhindre-og-behandle-symptomer-scaled.jpg","datePublished":"2025-05-06T20:49:38+00:00","dateModified":"2025-05-06T20:49:43+00:00","breadcrumb":{"@id":"https:\/\/nordnesrepublikken.no\/index.php\/2025\/05\/06\/praktiske-og-vitenskapelige-midler-for-a-forhindre-og-behandle-symptomer\/#breadcrumb"},"inLanguage":"nb-NO","potentialAction":[{"@type":"ReadAction","target":["https:\/\/nordnesrepublikken.no\/index.php\/2025\/05\/06\/praktiske-og-vitenskapelige-midler-for-a-forhindre-og-behandle-symptomer\/"]}]},{"@type":"ImageObject","inLanguage":"nb-NO","@id":"https:\/\/nordnesrepublikken.no\/index.php\/2025\/05\/06\/praktiske-og-vitenskapelige-midler-for-a-forhindre-og-behandle-symptomer\/#primaryimage","url":"https:\/\/nordnesrepublikken.no\/wp-content\/uploads\/2025\/05\/1746564578_Praktiske-og-vitenskapelige-midler-for-a-forhindre-og-behandle-symptomer-scaled.jpg","contentUrl":"https:\/\/nordnesrepublikken.no\/wp-content\/uploads\/2025\/05\/1746564578_Praktiske-og-vitenskapelige-midler-for-a-forhindre-og-behandle-symptomer-scaled.jpg","width":2560,"height":1440,"caption":"rimedi efficaci allergia pollini"},{"@type":"BreadcrumbList","@id":"https:\/\/nordnesrepublikken.no\/index.php\/2025\/05\/06\/praktiske-og-vitenskapelige-midler-for-a-forhindre-og-behandle-symptomer\/#breadcrumb","itemListElement":[{"@type":"ListItem","position":1,"name":"Home","item":"https:\/\/nordnesrepublikken.no\/"},{"@type":"ListItem","position":2,"name":"Praktiske og vitenskapelige midler for \u00e5 forhindre og behandle symptomer"}]},{"@type":"WebSite","@id":"https:\/\/nordnesrepublikken.no\/#website","url":"https:\/\/nordnesrepublikken.no\/","name":"Nordnesrepublikken","description":"Stemmer og Visjoner fra Republikkens Hjerte","publisher":{"@id":"https:\/\/nordnesrepublikken.no\/#organization"},"potentialAction":[{"@type":"SearchAction","target":{"@type":"EntryPoint","urlTemplate":"https:\/\/nordnesrepublikken.no\/?s={search_term_string}"},"query-input":{"@type":"PropertyValueSpecification","valueRequired":true,"valueName":"search_term_string"}}],"inLanguage":"nb-NO"},{"@type":"Organization","@id":"https:\/\/nordnesrepublikken.no\/#organization","name":"Nordnesrepublikken","url":"https:\/\/nordnesrepublikken.no\/","logo":{"@type":"ImageObject","inLanguage":"nb-NO","@id":"https:\/\/nordnesrepublikken.no\/#\/schema\/logo\/image\/","url":"https:\/\/nordnesrepublikken.no\/wp-content\/uploads\/2025\/02\/cropped-nordnesrepublikken-2.png","contentUrl":"https:\/\/nordnesrepublikken.no\/wp-content\/uploads\/2025\/02\/cropped-nordnesrepublikken-2.png","width":1248,"height":362,"caption":"Nordnesrepublikken"},"image":{"@id":"https:\/\/nordnesrepublikken.no\/#\/schema\/logo\/image\/"}},{"@type":"Person","@id":"https:\/\/nordnesrepublikken.no\/#\/schema\/person\/2e7e81935bab77882fffb79296240ff1","name":"Ole Andersen","image":{"@type":"ImageObject","inLanguage":"nb-NO","@id":"https:\/\/nordnesrepublikken.no\/#\/schema\/person\/image\/","url":"https:\/\/nordnesrepublikken.no\/wp-content\/uploads\/2025\/02\/nordnesrepublikken-2-2-150x150.jpg","contentUrl":"https:\/\/nordnesrepublikken.no\/wp-content\/uploads\/2025\/02\/nordnesrepublikken-2-2-150x150.jpg","caption":"Ole Andersen"},"description":"Ettersom jeg vokste opp i Oslo, har jeg alltid v\u00e6rt fascinert av ordenes kraft og deres evne til \u00e5 skape endringer. Etter \u00e5 ha fullf\u00f8rt min utdannelse i kommunikasjon ved Universitetet i Bergen, fikk jeg muligheten til \u00e5 jobbe innen ulike medier, der jeg har s\u00f8kt \u00e5 belyse viktige samfunnssp\u00f8rsm\u00e5l. I dag, som redakt\u00f8r for Nordnesrepublikken, pr\u00f8ver jeg \u00e5 forene min kj\u00e6rlighet for journalistikk med min lidenskap for innovasjon og eventyr.","sameAs":["https:\/\/nordnesrepublikken.no\/"]}]}},"_links":{"self":[{"href":"https:\/\/nordnesrepublikken.no\/index.php\/wp-json\/wp\/v2\/posts\/4250","targetHints":{"allow":["GET"]}}],"collection":[{"href":"https:\/\/nordnesrepublikken.no\/index.php\/wp-json\/wp\/v2\/posts"}],"about":[{"href":"https:\/\/nordnesrepublikken.no\/index.php\/wp-json\/wp\/v2\/types\/post"}],"author":[{"embeddable":true,"href":"https:\/\/nordnesrepublikken.no\/index.php\/wp-json\/wp\/v2\/users\/1"}],"replies":[{"embeddable":true,"href":"https:\/\/nordnesrepublikken.no\/index.php\/wp-json\/wp\/v2\/comments?post=4250"}],"version-history":[{"count":1,"href":"https:\/\/nordnesrepublikken.no\/index.php\/wp-json\/wp\/v2\/posts\/4250\/revisions"}],"predecessor-version":[{"id":4252,"href":"https:\/\/nordnesrepublikken.no\/index.php\/wp-json\/wp\/v2\/posts\/4250\/revisions\/4252"}],"wp:featuredmedia":[{"embeddable":true,"href":"https:\/\/nordnesrepublikken.no\/index.php\/wp-json\/wp\/v2\/media\/4251"}],"wp:attachment":[{"href":"https:\/\/nordnesrepublikken.no\/index.php\/wp-json\/wp\/v2\/media?parent=4250"}],"wp:term":[{"taxonomy":"category","embeddable":true,"href":"https:\/\/nordnesrepublikken.no\/index.php\/wp-json\/wp\/v2\/categories?post=4250"},{"taxonomy":"post_tag","embeddable":true,"href":"https:\/\/nordnesrepublikken.no\/index.php\/wp-json\/wp\/v2\/tags?post=4250"}],"curies":[{"name":"wp","href":"https:\/\/api.w.org\/{rel}","templated":true}]}}