{"id":4186,"date":"2025-05-05T11:51:22","date_gmt":"2025-05-05T09:51:22","guid":{"rendered":"https:\/\/nordnesrepublikken.no\/index.php\/2025\/05\/05\/jordskjelv-i-provinsen-piacenza-i-emilia-romagna-storrelsens-sjokk-36-med-episenter-i-morfasso\/"},"modified":"2025-05-05T11:51:23","modified_gmt":"2025-05-05T09:51:23","slug":"jordskjelv-i-provinsen-piacenza-i-emilia-romagna-storrelsens-sjokk-36-med-episenter-i-morfasso","status":"publish","type":"post","link":"https:\/\/nordnesrepublikken.no\/index.php\/2025\/05\/05\/jordskjelv-i-provinsen-piacenza-i-emilia-romagna-storrelsens-sjokk-36-med-episenter-i-morfasso\/","title":{"rendered":"Jordskjelv i provinsen Piacenza i Emilia Romagna, St\u00f8rrelsens sjokk 3,6 med episenter i Morfasso"},"content":{"rendered":"<div>\n<div class=\"cp_wrapper cp_wrapper--fw mb-30 mb-20@tablet\">\n<figure class=\"mm\"><picture class=\"img\" style=\"padding-top:56.25%\"><source  media=\"(min-width: 1024px)\"><source  media=\"(min-width: 768px)\"><\/source><\/source><\/picture><\/figure>\n<\/p><\/div>\n<p>Et jordskjelv av st\u00f8rrelsesorden <strong>3.6<\/strong> Provinsen Piacenza traff episenteret i g\u00e5r s\u00f8ndag 4. mai l\u00e5 i et omr\u00e5de 6 km fra kommunen i kommunen <strong>Morfass<\/strong> i <strong>Emilia Romagna<\/strong>som rapportert av INGV. Jordskjelvet, med et ganske overfladisk hypocenter og lik <strong>25 km<\/strong>har blitt advart i hele omr\u00e5det, selv om s\u00e6rlig skade p\u00e5 ting eller mennesker ikke er rapportert. Blant omr\u00e5dene der det er advart mer, kan vi nevne Castell&#8217;arquato, Ponte Dell&#8217;olio, Piacenza, Gropparello, Bobbio og Fiorenzuola d&#8217;Adda.<\/p>\n<p>Fra et geologisk synspunkt er det et omr\u00e5de A <strong>Lav seismisk fare<\/strong>. Dette bekreftes ogs\u00e5 av de historiske dataene fra INGV: i bildet under dagens episenter er det indikert med en stjerne, mens det i omgivelsene er sm\u00e5 firkanter som representerer historiske seismer. Gitt st\u00f8rrelsen p\u00e5 boksene, kan vi utlede at dette er sjokk med en styrke p\u00e5 mindre enn 5,0.<\/p>\n<div class=\"cp_wrapper cp_wrapper--fw mb-50\">\n<figure class=\"mm\"><picture class=\"img\" style=\"padding-top:115.25%\"><source  media=\"(min-width: 1024px)\"><source  media=\"(min-width: 768px)\"><img decoding=\"async\" loading=\"lazy\" src=\"https:\/\/nordnesrepublikken.no\/wp-content\/uploads\/2025\/05\/1746438682_403_Jordskjelv-i-provinsen-Piacenza-i-Emilia-Romagna-Storrelsens-sjokk-36.jpg\" alt=\"Bilde\" width=\"1200\" height=\"1383\"><\/source><\/source><\/picture><\/figure>\n<\/p><\/div>\n<p>Men hvorfor er det s\u00e5 mange jordskjelv i Italia? For \u00e5 avklare, her er en ad hoc -video om emnet:<\/p>\n<div class=\"embed-container ymv-embed-wrap ymv-embed-wrap--format-16_9 ymv-embed-wrap--has-bar\">\n<div class=\"ym-embed-megaride\" data-hot=\"0\" data-ap=\"0\" data-bar=\"1\" data-video=\"Y_M_TOSwWFp6qT_D\" data-css=\"geopop\" data-n-parag=\"8\" data-site-page=\"articolo_standard\" data-site=\"geopop\" data-category=\"geopop_it\" data-vpr=\"updated\" data-audio-on=\"0\" data-do-redirect=\"1\" data-thumb-plh=\"cp_ymv-thumb--681889bca9a78\"><picture id=\"cp_ymv-thumb--681889bca9a78\"><source  media=\"(min-width: 1024px)\"><img decoding=\"async\" src=\"https:\/\/nordnesrepublikken.no\/wp-content\/uploads\/2025\/05\/1746438682_402_Jordskjelv-i-provinsen-Piacenza-i-Emilia-Romagna-Storrelsens-sjokk-36.jpg\" alt=\"Miniatyrbilde\" loading=\"lazy\"><\/source><\/picture><\/div>\n<\/p><\/div>\n<\/p><\/div>\n","protected":false},"excerpt":{"rendered":"<p>Et jordskjelv av st\u00f8rrelsesorden 3.6 Provinsen Piacenza traff episenteret i g\u00e5r s\u00f8ndag 4. mai l\u00e5<\/p>\n","protected":false},"author":1,"featured_media":4187,"comment_status":"closed","ping_status":"open","sticky":false,"template":"","format":"standard","meta":{"footnotes":""},"categories":[24],"tags":[471,2076,137,79,2077,2074,2073,472,557,2075],"class_list":["post-4186","post","type-post","status-publish","format-standard","has-post-thumbnail","hentry","category-vitenskap","tag-emilia","tag-episenter","tag-jordskjelv","tag-med","tag-morfasso","tag-piacenza","tag-provinsen","tag-romagna","tag-sjokk","tag-storrelsens","generate-columns","tablet-grid-50","mobile-grid-100","grid-parent","grid-33","resize-featured-image"],"yoast_head":"<!-- This site is optimized with the Yoast SEO plugin v24.4 - https:\/\/yoast.com\/wordpress\/plugins\/seo\/ -->\n<title>Jordskjelv i provinsen Piacenza i Emilia Romagna, St\u00f8rrelsens sjokk 3,6 med episenter i Morfasso - Nordnesrepublikken<\/title>\n<meta name=\"robots\" content=\"index, follow, max-snippet:-1, max-image-preview:large, max-video-preview:-1\" \/>\n<link rel=\"canonical\" href=\"https:\/\/nordnesrepublikken.no\/index.php\/2025\/05\/05\/jordskjelv-i-provinsen-piacenza-i-emilia-romagna-storrelsens-sjokk-36-med-episenter-i-morfasso\/\" \/>\n<meta property=\"og:locale\" content=\"nb_NO\" \/>\n<meta property=\"og:type\" content=\"article\" \/>\n<meta property=\"og:title\" content=\"Jordskjelv i provinsen Piacenza i Emilia Romagna, St\u00f8rrelsens sjokk 3,6 med episenter i Morfasso - Nordnesrepublikken\" \/>\n<meta property=\"og:description\" content=\"Et jordskjelv av st\u00f8rrelsesorden 3.6 Provinsen Piacenza traff episenteret i g\u00e5r s\u00f8ndag 4. mai l\u00e5\" \/>\n<meta property=\"og:url\" content=\"https:\/\/nordnesrepublikken.no\/index.php\/2025\/05\/05\/jordskjelv-i-provinsen-piacenza-i-emilia-romagna-storrelsens-sjokk-36-med-episenter-i-morfasso\/\" \/>\n<meta property=\"og:site_name\" content=\"Nordnesrepublikken\" \/>\n<meta property=\"article:published_time\" content=\"2025-05-05T09:51:22+00:00\" \/>\n<meta property=\"article:modified_time\" content=\"2025-05-05T09:51:23+00:00\" \/>\n<meta property=\"og:image\" content=\"https:\/\/nordnesrepublikken.no\/wp-content\/uploads\/2025\/05\/1746438683_Jordskjelv-i-provinsen-Piacenza-i-Emilia-Romagna-Storrelsens-sjokk-36.jpg\" \/>\n\t<meta property=\"og:image:width\" content=\"1280\" \/>\n\t<meta property=\"og:image:height\" content=\"720\" \/>\n\t<meta property=\"og:image:type\" content=\"image\/jpeg\" \/>\n<meta name=\"author\" content=\"Ole Andersen\" \/>\n<meta name=\"twitter:card\" content=\"summary_large_image\" \/>\n<meta name=\"twitter:label1\" content=\"Skrevet av\" \/>\n\t<meta name=\"twitter:data1\" content=\"Ole Andersen\" \/>\n\t<meta name=\"twitter:label2\" content=\"Ansl. lesetid\" \/>\n\t<meta name=\"twitter:data2\" content=\"1 minutt\" \/>\n<script type=\"application\/ld+json\" class=\"yoast-schema-graph\">{\"@context\":\"https:\/\/schema.org\",\"@graph\":[{\"@type\":\"Article\",\"@id\":\"https:\/\/nordnesrepublikken.no\/index.php\/2025\/05\/05\/jordskjelv-i-provinsen-piacenza-i-emilia-romagna-storrelsens-sjokk-36-med-episenter-i-morfasso\/#article\",\"isPartOf\":{\"@id\":\"https:\/\/nordnesrepublikken.no\/index.php\/2025\/05\/05\/jordskjelv-i-provinsen-piacenza-i-emilia-romagna-storrelsens-sjokk-36-med-episenter-i-morfasso\/\"},\"author\":{\"name\":\"Ole Andersen\",\"@id\":\"https:\/\/nordnesrepublikken.no\/#\/schema\/person\/2e7e81935bab77882fffb79296240ff1\"},\"headline\":\"Jordskjelv i provinsen Piacenza i Emilia Romagna, St\u00f8rrelsens sjokk 3,6 med episenter i Morfasso\",\"datePublished\":\"2025-05-05T09:51:22+00:00\",\"dateModified\":\"2025-05-05T09:51:23+00:00\",\"mainEntityOfPage\":{\"@id\":\"https:\/\/nordnesrepublikken.no\/index.php\/2025\/05\/05\/jordskjelv-i-provinsen-piacenza-i-emilia-romagna-storrelsens-sjokk-36-med-episenter-i-morfasso\/\"},\"wordCount\":177,\"publisher\":{\"@id\":\"https:\/\/nordnesrepublikken.no\/#organization\"},\"image\":{\"@id\":\"https:\/\/nordnesrepublikken.no\/index.php\/2025\/05\/05\/jordskjelv-i-provinsen-piacenza-i-emilia-romagna-storrelsens-sjokk-36-med-episenter-i-morfasso\/#primaryimage\"},\"thumbnailUrl\":\"https:\/\/nordnesrepublikken.no\/wp-content\/uploads\/2025\/05\/1746438683_Jordskjelv-i-provinsen-Piacenza-i-Emilia-Romagna-Storrelsens-sjokk-36.jpg\",\"keywords\":[\"Emilia\",\"episenter\",\"Jordskjelv\",\"med\",\"Morfasso\",\"Piacenza\",\"provinsen\",\"Romagna\",\"sjokk\",\"St\u00f8rrelsens\"],\"articleSection\":[\"Vitenskap\"],\"inLanguage\":\"nb-NO\"},{\"@type\":\"WebPage\",\"@id\":\"https:\/\/nordnesrepublikken.no\/index.php\/2025\/05\/05\/jordskjelv-i-provinsen-piacenza-i-emilia-romagna-storrelsens-sjokk-36-med-episenter-i-morfasso\/\",\"url\":\"https:\/\/nordnesrepublikken.no\/index.php\/2025\/05\/05\/jordskjelv-i-provinsen-piacenza-i-emilia-romagna-storrelsens-sjokk-36-med-episenter-i-morfasso\/\",\"name\":\"Jordskjelv i provinsen Piacenza i Emilia Romagna, St\u00f8rrelsens sjokk 3,6 med episenter i Morfasso - Nordnesrepublikken\",\"isPartOf\":{\"@id\":\"https:\/\/nordnesrepublikken.no\/#website\"},\"primaryImageOfPage\":{\"@id\":\"https:\/\/nordnesrepublikken.no\/index.php\/2025\/05\/05\/jordskjelv-i-provinsen-piacenza-i-emilia-romagna-storrelsens-sjokk-36-med-episenter-i-morfasso\/#primaryimage\"},\"image\":{\"@id\":\"https:\/\/nordnesrepublikken.no\/index.php\/2025\/05\/05\/jordskjelv-i-provinsen-piacenza-i-emilia-romagna-storrelsens-sjokk-36-med-episenter-i-morfasso\/#primaryimage\"},\"thumbnailUrl\":\"https:\/\/nordnesrepublikken.no\/wp-content\/uploads\/2025\/05\/1746438683_Jordskjelv-i-provinsen-Piacenza-i-Emilia-Romagna-Storrelsens-sjokk-36.jpg\",\"datePublished\":\"2025-05-05T09:51:22+00:00\",\"dateModified\":\"2025-05-05T09:51:23+00:00\",\"breadcrumb\":{\"@id\":\"https:\/\/nordnesrepublikken.no\/index.php\/2025\/05\/05\/jordskjelv-i-provinsen-piacenza-i-emilia-romagna-storrelsens-sjokk-36-med-episenter-i-morfasso\/#breadcrumb\"},\"inLanguage\":\"nb-NO\",\"potentialAction\":[{\"@type\":\"ReadAction\",\"target\":[\"https:\/\/nordnesrepublikken.no\/index.php\/2025\/05\/05\/jordskjelv-i-provinsen-piacenza-i-emilia-romagna-storrelsens-sjokk-36-med-episenter-i-morfasso\/\"]}]},{\"@type\":\"ImageObject\",\"inLanguage\":\"nb-NO\",\"@id\":\"https:\/\/nordnesrepublikken.no\/index.php\/2025\/05\/05\/jordskjelv-i-provinsen-piacenza-i-emilia-romagna-storrelsens-sjokk-36-med-episenter-i-morfasso\/#primaryimage\",\"url\":\"https:\/\/nordnesrepublikken.no\/wp-content\/uploads\/2025\/05\/1746438683_Jordskjelv-i-provinsen-Piacenza-i-Emilia-Romagna-Storrelsens-sjokk-36.jpg\",\"contentUrl\":\"https:\/\/nordnesrepublikken.no\/wp-content\/uploads\/2025\/05\/1746438683_Jordskjelv-i-provinsen-Piacenza-i-Emilia-Romagna-Storrelsens-sjokk-36.jpg\",\"width\":1280,\"height\":720,\"caption\":\"Immagine\"},{\"@type\":\"BreadcrumbList\",\"@id\":\"https:\/\/nordnesrepublikken.no\/index.php\/2025\/05\/05\/jordskjelv-i-provinsen-piacenza-i-emilia-romagna-storrelsens-sjokk-36-med-episenter-i-morfasso\/#breadcrumb\",\"itemListElement\":[{\"@type\":\"ListItem\",\"position\":1,\"name\":\"Home\",\"item\":\"https:\/\/nordnesrepublikken.no\/\"},{\"@type\":\"ListItem\",\"position\":2,\"name\":\"Jordskjelv i provinsen Piacenza i Emilia Romagna, St\u00f8rrelsens sjokk 3,6 med episenter i Morfasso\"}]},{\"@type\":\"WebSite\",\"@id\":\"https:\/\/nordnesrepublikken.no\/#website\",\"url\":\"https:\/\/nordnesrepublikken.no\/\",\"name\":\"Nordnesrepublikken\",\"description\":\"Stemmer og Visjoner fra Republikkens Hjerte\",\"publisher\":{\"@id\":\"https:\/\/nordnesrepublikken.no\/#organization\"},\"potentialAction\":[{\"@type\":\"SearchAction\",\"target\":{\"@type\":\"EntryPoint\",\"urlTemplate\":\"https:\/\/nordnesrepublikken.no\/?s={search_term_string}\"},\"query-input\":{\"@type\":\"PropertyValueSpecification\",\"valueRequired\":true,\"valueName\":\"search_term_string\"}}],\"inLanguage\":\"nb-NO\"},{\"@type\":\"Organization\",\"@id\":\"https:\/\/nordnesrepublikken.no\/#organization\",\"name\":\"Nordnesrepublikken\",\"url\":\"https:\/\/nordnesrepublikken.no\/\",\"logo\":{\"@type\":\"ImageObject\",\"inLanguage\":\"nb-NO\",\"@id\":\"https:\/\/nordnesrepublikken.no\/#\/schema\/logo\/image\/\",\"url\":\"https:\/\/nordnesrepublikken.no\/wp-content\/uploads\/2025\/02\/cropped-nordnesrepublikken-2.png\",\"contentUrl\":\"https:\/\/nordnesrepublikken.no\/wp-content\/uploads\/2025\/02\/cropped-nordnesrepublikken-2.png\",\"width\":1248,\"height\":362,\"caption\":\"Nordnesrepublikken\"},\"image\":{\"@id\":\"https:\/\/nordnesrepublikken.no\/#\/schema\/logo\/image\/\"}},{\"@type\":\"Person\",\"@id\":\"https:\/\/nordnesrepublikken.no\/#\/schema\/person\/2e7e81935bab77882fffb79296240ff1\",\"name\":\"Ole Andersen\",\"image\":{\"@type\":\"ImageObject\",\"inLanguage\":\"nb-NO\",\"@id\":\"https:\/\/nordnesrepublikken.no\/#\/schema\/person\/image\/\",\"url\":\"https:\/\/nordnesrepublikken.no\/wp-content\/uploads\/2025\/02\/nordnesrepublikken-2-2-150x150.jpg\",\"contentUrl\":\"https:\/\/nordnesrepublikken.no\/wp-content\/uploads\/2025\/02\/nordnesrepublikken-2-2-150x150.jpg\",\"caption\":\"Ole Andersen\"},\"description\":\"Ettersom jeg vokste opp i Oslo, har jeg alltid v\u00e6rt fascinert av ordenes kraft og deres evne til \u00e5 skape endringer. Etter \u00e5 ha fullf\u00f8rt min utdannelse i kommunikasjon ved Universitetet i Bergen, fikk jeg muligheten til \u00e5 jobbe innen ulike medier, der jeg har s\u00f8kt \u00e5 belyse viktige samfunnssp\u00f8rsm\u00e5l. I dag, som redakt\u00f8r for Nordnesrepublikken, pr\u00f8ver jeg \u00e5 forene min kj\u00e6rlighet for journalistikk med min lidenskap for innovasjon og eventyr.\",\"sameAs\":[\"https:\/\/nordnesrepublikken.no\/\"]}]}<\/script>\n<!-- \/ Yoast SEO plugin. -->","yoast_head_json":{"title":"Jordskjelv i provinsen Piacenza i Emilia Romagna, St\u00f8rrelsens sjokk 3,6 med episenter i Morfasso - Nordnesrepublikken","robots":{"index":"index","follow":"follow","max-snippet":"max-snippet:-1","max-image-preview":"max-image-preview:large","max-video-preview":"max-video-preview:-1"},"canonical":"https:\/\/nordnesrepublikken.no\/index.php\/2025\/05\/05\/jordskjelv-i-provinsen-piacenza-i-emilia-romagna-storrelsens-sjokk-36-med-episenter-i-morfasso\/","og_locale":"nb_NO","og_type":"article","og_title":"Jordskjelv i provinsen Piacenza i Emilia Romagna, St\u00f8rrelsens sjokk 3,6 med episenter i Morfasso - Nordnesrepublikken","og_description":"Et jordskjelv av st\u00f8rrelsesorden 3.6 Provinsen Piacenza traff episenteret i g\u00e5r s\u00f8ndag 4. mai l\u00e5","og_url":"https:\/\/nordnesrepublikken.no\/index.php\/2025\/05\/05\/jordskjelv-i-provinsen-piacenza-i-emilia-romagna-storrelsens-sjokk-36-med-episenter-i-morfasso\/","og_site_name":"Nordnesrepublikken","article_published_time":"2025-05-05T09:51:22+00:00","article_modified_time":"2025-05-05T09:51:23+00:00","og_image":[{"width":1280,"height":720,"url":"https:\/\/nordnesrepublikken.no\/wp-content\/uploads\/2025\/05\/1746438683_Jordskjelv-i-provinsen-Piacenza-i-Emilia-Romagna-Storrelsens-sjokk-36.jpg","type":"image\/jpeg"}],"author":"Ole Andersen","twitter_card":"summary_large_image","twitter_misc":{"Skrevet av":"Ole Andersen","Ansl. lesetid":"1 minutt"},"schema":{"@context":"https:\/\/schema.org","@graph":[{"@type":"Article","@id":"https:\/\/nordnesrepublikken.no\/index.php\/2025\/05\/05\/jordskjelv-i-provinsen-piacenza-i-emilia-romagna-storrelsens-sjokk-36-med-episenter-i-morfasso\/#article","isPartOf":{"@id":"https:\/\/nordnesrepublikken.no\/index.php\/2025\/05\/05\/jordskjelv-i-provinsen-piacenza-i-emilia-romagna-storrelsens-sjokk-36-med-episenter-i-morfasso\/"},"author":{"name":"Ole Andersen","@id":"https:\/\/nordnesrepublikken.no\/#\/schema\/person\/2e7e81935bab77882fffb79296240ff1"},"headline":"Jordskjelv i provinsen Piacenza i Emilia Romagna, St\u00f8rrelsens sjokk 3,6 med episenter i Morfasso","datePublished":"2025-05-05T09:51:22+00:00","dateModified":"2025-05-05T09:51:23+00:00","mainEntityOfPage":{"@id":"https:\/\/nordnesrepublikken.no\/index.php\/2025\/05\/05\/jordskjelv-i-provinsen-piacenza-i-emilia-romagna-storrelsens-sjokk-36-med-episenter-i-morfasso\/"},"wordCount":177,"publisher":{"@id":"https:\/\/nordnesrepublikken.no\/#organization"},"image":{"@id":"https:\/\/nordnesrepublikken.no\/index.php\/2025\/05\/05\/jordskjelv-i-provinsen-piacenza-i-emilia-romagna-storrelsens-sjokk-36-med-episenter-i-morfasso\/#primaryimage"},"thumbnailUrl":"https:\/\/nordnesrepublikken.no\/wp-content\/uploads\/2025\/05\/1746438683_Jordskjelv-i-provinsen-Piacenza-i-Emilia-Romagna-Storrelsens-sjokk-36.jpg","keywords":["Emilia","episenter","Jordskjelv","med","Morfasso","Piacenza","provinsen","Romagna","sjokk","St\u00f8rrelsens"],"articleSection":["Vitenskap"],"inLanguage":"nb-NO"},{"@type":"WebPage","@id":"https:\/\/nordnesrepublikken.no\/index.php\/2025\/05\/05\/jordskjelv-i-provinsen-piacenza-i-emilia-romagna-storrelsens-sjokk-36-med-episenter-i-morfasso\/","url":"https:\/\/nordnesrepublikken.no\/index.php\/2025\/05\/05\/jordskjelv-i-provinsen-piacenza-i-emilia-romagna-storrelsens-sjokk-36-med-episenter-i-morfasso\/","name":"Jordskjelv i provinsen Piacenza i Emilia Romagna, St\u00f8rrelsens sjokk 3,6 med episenter i Morfasso - Nordnesrepublikken","isPartOf":{"@id":"https:\/\/nordnesrepublikken.no\/#website"},"primaryImageOfPage":{"@id":"https:\/\/nordnesrepublikken.no\/index.php\/2025\/05\/05\/jordskjelv-i-provinsen-piacenza-i-emilia-romagna-storrelsens-sjokk-36-med-episenter-i-morfasso\/#primaryimage"},"image":{"@id":"https:\/\/nordnesrepublikken.no\/index.php\/2025\/05\/05\/jordskjelv-i-provinsen-piacenza-i-emilia-romagna-storrelsens-sjokk-36-med-episenter-i-morfasso\/#primaryimage"},"thumbnailUrl":"https:\/\/nordnesrepublikken.no\/wp-content\/uploads\/2025\/05\/1746438683_Jordskjelv-i-provinsen-Piacenza-i-Emilia-Romagna-Storrelsens-sjokk-36.jpg","datePublished":"2025-05-05T09:51:22+00:00","dateModified":"2025-05-05T09:51:23+00:00","breadcrumb":{"@id":"https:\/\/nordnesrepublikken.no\/index.php\/2025\/05\/05\/jordskjelv-i-provinsen-piacenza-i-emilia-romagna-storrelsens-sjokk-36-med-episenter-i-morfasso\/#breadcrumb"},"inLanguage":"nb-NO","potentialAction":[{"@type":"ReadAction","target":["https:\/\/nordnesrepublikken.no\/index.php\/2025\/05\/05\/jordskjelv-i-provinsen-piacenza-i-emilia-romagna-storrelsens-sjokk-36-med-episenter-i-morfasso\/"]}]},{"@type":"ImageObject","inLanguage":"nb-NO","@id":"https:\/\/nordnesrepublikken.no\/index.php\/2025\/05\/05\/jordskjelv-i-provinsen-piacenza-i-emilia-romagna-storrelsens-sjokk-36-med-episenter-i-morfasso\/#primaryimage","url":"https:\/\/nordnesrepublikken.no\/wp-content\/uploads\/2025\/05\/1746438683_Jordskjelv-i-provinsen-Piacenza-i-Emilia-Romagna-Storrelsens-sjokk-36.jpg","contentUrl":"https:\/\/nordnesrepublikken.no\/wp-content\/uploads\/2025\/05\/1746438683_Jordskjelv-i-provinsen-Piacenza-i-Emilia-Romagna-Storrelsens-sjokk-36.jpg","width":1280,"height":720,"caption":"Immagine"},{"@type":"BreadcrumbList","@id":"https:\/\/nordnesrepublikken.no\/index.php\/2025\/05\/05\/jordskjelv-i-provinsen-piacenza-i-emilia-romagna-storrelsens-sjokk-36-med-episenter-i-morfasso\/#breadcrumb","itemListElement":[{"@type":"ListItem","position":1,"name":"Home","item":"https:\/\/nordnesrepublikken.no\/"},{"@type":"ListItem","position":2,"name":"Jordskjelv i provinsen Piacenza i Emilia Romagna, St\u00f8rrelsens sjokk 3,6 med episenter i Morfasso"}]},{"@type":"WebSite","@id":"https:\/\/nordnesrepublikken.no\/#website","url":"https:\/\/nordnesrepublikken.no\/","name":"Nordnesrepublikken","description":"Stemmer og Visjoner fra Republikkens Hjerte","publisher":{"@id":"https:\/\/nordnesrepublikken.no\/#organization"},"potentialAction":[{"@type":"SearchAction","target":{"@type":"EntryPoint","urlTemplate":"https:\/\/nordnesrepublikken.no\/?s={search_term_string}"},"query-input":{"@type":"PropertyValueSpecification","valueRequired":true,"valueName":"search_term_string"}}],"inLanguage":"nb-NO"},{"@type":"Organization","@id":"https:\/\/nordnesrepublikken.no\/#organization","name":"Nordnesrepublikken","url":"https:\/\/nordnesrepublikken.no\/","logo":{"@type":"ImageObject","inLanguage":"nb-NO","@id":"https:\/\/nordnesrepublikken.no\/#\/schema\/logo\/image\/","url":"https:\/\/nordnesrepublikken.no\/wp-content\/uploads\/2025\/02\/cropped-nordnesrepublikken-2.png","contentUrl":"https:\/\/nordnesrepublikken.no\/wp-content\/uploads\/2025\/02\/cropped-nordnesrepublikken-2.png","width":1248,"height":362,"caption":"Nordnesrepublikken"},"image":{"@id":"https:\/\/nordnesrepublikken.no\/#\/schema\/logo\/image\/"}},{"@type":"Person","@id":"https:\/\/nordnesrepublikken.no\/#\/schema\/person\/2e7e81935bab77882fffb79296240ff1","name":"Ole Andersen","image":{"@type":"ImageObject","inLanguage":"nb-NO","@id":"https:\/\/nordnesrepublikken.no\/#\/schema\/person\/image\/","url":"https:\/\/nordnesrepublikken.no\/wp-content\/uploads\/2025\/02\/nordnesrepublikken-2-2-150x150.jpg","contentUrl":"https:\/\/nordnesrepublikken.no\/wp-content\/uploads\/2025\/02\/nordnesrepublikken-2-2-150x150.jpg","caption":"Ole Andersen"},"description":"Ettersom jeg vokste opp i Oslo, har jeg alltid v\u00e6rt fascinert av ordenes kraft og deres evne til \u00e5 skape endringer. Etter \u00e5 ha fullf\u00f8rt min utdannelse i kommunikasjon ved Universitetet i Bergen, fikk jeg muligheten til \u00e5 jobbe innen ulike medier, der jeg har s\u00f8kt \u00e5 belyse viktige samfunnssp\u00f8rsm\u00e5l. I dag, som redakt\u00f8r for Nordnesrepublikken, pr\u00f8ver jeg \u00e5 forene min kj\u00e6rlighet for journalistikk med min lidenskap for innovasjon og eventyr.","sameAs":["https:\/\/nordnesrepublikken.no\/"]}]}},"_links":{"self":[{"href":"https:\/\/nordnesrepublikken.no\/index.php\/wp-json\/wp\/v2\/posts\/4186","targetHints":{"allow":["GET"]}}],"collection":[{"href":"https:\/\/nordnesrepublikken.no\/index.php\/wp-json\/wp\/v2\/posts"}],"about":[{"href":"https:\/\/nordnesrepublikken.no\/index.php\/wp-json\/wp\/v2\/types\/post"}],"author":[{"embeddable":true,"href":"https:\/\/nordnesrepublikken.no\/index.php\/wp-json\/wp\/v2\/users\/1"}],"replies":[{"embeddable":true,"href":"https:\/\/nordnesrepublikken.no\/index.php\/wp-json\/wp\/v2\/comments?post=4186"}],"version-history":[{"count":1,"href":"https:\/\/nordnesrepublikken.no\/index.php\/wp-json\/wp\/v2\/posts\/4186\/revisions"}],"predecessor-version":[{"id":4188,"href":"https:\/\/nordnesrepublikken.no\/index.php\/wp-json\/wp\/v2\/posts\/4186\/revisions\/4188"}],"wp:featuredmedia":[{"embeddable":true,"href":"https:\/\/nordnesrepublikken.no\/index.php\/wp-json\/wp\/v2\/media\/4187"}],"wp:attachment":[{"href":"https:\/\/nordnesrepublikken.no\/index.php\/wp-json\/wp\/v2\/media?parent=4186"}],"wp:term":[{"taxonomy":"category","embeddable":true,"href":"https:\/\/nordnesrepublikken.no\/index.php\/wp-json\/wp\/v2\/categories?post=4186"},{"taxonomy":"post_tag","embeddable":true,"href":"https:\/\/nordnesrepublikken.no\/index.php\/wp-json\/wp\/v2\/tags?post=4186"}],"curies":[{"name":"wp","href":"https:\/\/api.w.org\/{rel}","templated":true}]}}