{"id":4183,"date":"2025-05-05T08:49:39","date_gmt":"2025-05-05T06:49:39","guid":{"rendered":"https:\/\/nordnesrepublikken.no\/index.php\/2025\/05\/05\/hvorfor-kler-kardinalene-rode-slik-ble-tradisjonen-fodt\/"},"modified":"2025-05-05T08:49:42","modified_gmt":"2025-05-05T06:49:42","slug":"hvorfor-kler-kardinalene-rode-slik-ble-tradisjonen-fodt","status":"publish","type":"post","link":"https:\/\/nordnesrepublikken.no\/index.php\/2025\/05\/05\/hvorfor-kler-kardinalene-rode-slik-ble-tradisjonen-fodt\/","title":{"rendered":"Hvorfor kler kardinalene r\u00f8de? Slik ble tradisjonen f\u00f8dt"},"content":{"rendered":"<div>\n<div class=\"cp_wrapper cp_wrapper--fw mb-30 mb-20@tablet\">\n<figure class=\"mm\"><picture class=\"img\" style=\"padding-top:56.25%\"><source  media=\"(min-width: 1024px)\"><source  media=\"(min-width: 768px)\"><\/source><\/source><\/picture><\/figure>\n<\/p><\/div>\n<p>Kjolen til <strong>Kardinaler<\/strong> Det er ekstremt gjenkjennelig p\u00e5 grunn av den typiske fargen <strong>knallr\u00f8d<\/strong>. Dette representerer ikke bare et estetisk og symbolsk valg som representerer tilgjengeligheten av martyrdom, men ogs\u00e5 <strong>hierarkisk<\/strong>: som b\u00e6rer den identifiserer seg umiddelbart som en kardinal, i motsetning til for eksempel <strong>biskoper<\/strong>som vanligvis kler seg for <strong>Viola<\/strong> &#8211; eller rettere sagt, av &laquo;<em>Paonazzo<\/em>&laquo;. I motsetning til det som ofte rapporterte <strong>r\u00f8d<\/strong> brukt er ikke \u00e5 forveksle med <strong>lilla,<\/strong> som i stedet har en m\u00f8rkere nyanse. Nettopp av denne grunn er dette faktisk innsidere av de kirkelige skreddersene som indikerer denne fargen som &laquo;<em>Kardinal r\u00f8d<\/em>&laquo;eller&raquo;<em>panner<\/em>&raquo; &#8211; som stammer fra det franske ordet <em>Puceau<\/em> Som er for valmue r\u00f8d, en veldig levende nyanse. De <strong>Galero<\/strong> er karakteristikken <strong>kardinalhatt<\/strong>: En rund r\u00f8d filt hodeplagg, gitt av paven p\u00e5 tidspunktet for utnevnelsen i kardinal.<\/p>\n<p>Der <strong>Valg av r\u00f8d farge<\/strong> Det har sine r\u00f8tter i historien: Siden f\u00f8nikernes tid var realiseringen av denne fargen mye <strong>dyr<\/strong> Og nettopp av denne grunn var det bare assosiert med statens h\u00f8yeste posisjoner. I f\u00f8lge Bibelen, under Kristi lidenskap, ble han kastet p\u00e5 skuldrene en skarlagen kappe akkurat som et forakttegn mot hans guddommelige avstamning. Den r\u00f8de av kardinalene &#8211; sannsynligvis adoptert i en periode mellom middelalderen og renessansen &#8211; ville gjenoppta denne symbolikken, noe som indikerer dedikasjonen og offeret til den accelesiastiske for kirken.<\/p>\n<p>Dette bekreftes ogs\u00e5 av pavens ord <strong>Benedict XVI<\/strong> I anledning opprettelsen av nye kardinaler <strong>24. november 2007<\/strong>:<\/p>\n<blockquote>\n<p>Kj\u00e6re br\u00f8dre, som blir en del av College of Cardinals, ber Herren deg og overlater deg kj\u00e6rlighetens tjeneste: Kj\u00e6rlighet til Gud, kj\u00e6rlighet til sin kirke, kj\u00e6rlighet til br\u00f8dre med et maksimalt og ubetinget engasjement, Usque til Sanguinis effusjon, (opp til den blodbaserte), det vil si opp til martyrdommen, som den stenger.<\/p>\n<\/blockquote>\n<p>Det er forskjellige varianter av denne kjolen, og den mer gjenkjennelige er utvilsomt den kor, som best\u00e5r av:<\/p>\n<ul>\n<li><strong>r\u00f8d<\/strong> (dvs. Cassock);<\/li>\n<li><strong>r\u00f8dt band;<\/strong><\/li>\n<li><strong>Rocchetto Bianco<\/strong> med blonder (dvs. ovennevnte);<\/li>\n<li><strong>r\u00f8d mozzette<\/strong> (dvs. kappen brakt til skuldrene);<\/li>\n<li><strong>Pettoral cross;<\/strong><\/li>\n<li><strong>Skullcap<\/strong> Og <strong>Rossi Cap<\/strong>.<\/li>\n<\/ul>\n<div class=\"cp_wrapper cp_wrapper--fw mb-50\">\n<figure class=\"mm\"><picture class=\"img\" style=\"padding-top:134.72727272727%\"><source  media=\"(min-width: 1024px)\"><source  media=\"(min-width: 768px)\"><img decoding=\"async\" loading=\"lazy\" src=\"https:\/\/nordnesrepublikken.no\/wp-content\/uploads\/2025\/05\/1746427779_43_Hvorfor-kler-kardinalene-rode-Slik-ble-tradisjonen-fodt.jpg\" alt=\"Kardinal korkjole\" width=\"550\" height=\"741\"><\/source><\/source><\/picture><\/figure>\n<\/p><\/div>\n<p>Det er ogs\u00e5 varianter, for eksempel den med svart eller hvit fortelling, men med r\u00f8d hem.<\/p>\n<\/p><\/div>\n","protected":false},"excerpt":{"rendered":"<p>Kjolen til Kardinaler Det er ekstremt gjenkjennelig p\u00e5 grunn av den typiske fargen knallr\u00f8d. Dette<\/p>\n","protected":false},"author":1,"featured_media":4184,"comment_status":"closed","ping_status":"open","sticky":false,"template":"","format":"standard","meta":{"footnotes":""},"categories":[104],"tags":[373,97,101,1895,2070,2071,818,2072],"class_list":["post-4183","post","type-post","status-publish","format-standard","has-post-thumbnail","hentry","category-samfunn","tag-ble","tag-fodt","tag-hvorfor","tag-kardinalene","tag-kler","tag-rode","tag-slik","tag-tradisjonen","generate-columns","tablet-grid-50","mobile-grid-100","grid-parent","grid-33","resize-featured-image"],"yoast_head":"<!-- This site is optimized with the Yoast SEO plugin v24.4 - https:\/\/yoast.com\/wordpress\/plugins\/seo\/ -->\n<title>Hvorfor kler kardinalene r\u00f8de? Slik ble tradisjonen f\u00f8dt - Nordnesrepublikken<\/title>\n<meta name=\"robots\" content=\"index, follow, max-snippet:-1, max-image-preview:large, max-video-preview:-1\" \/>\n<link rel=\"canonical\" href=\"https:\/\/nordnesrepublikken.no\/index.php\/2025\/05\/05\/hvorfor-kler-kardinalene-rode-slik-ble-tradisjonen-fodt\/\" \/>\n<meta property=\"og:locale\" content=\"nb_NO\" \/>\n<meta property=\"og:type\" content=\"article\" \/>\n<meta property=\"og:title\" content=\"Hvorfor kler kardinalene r\u00f8de? Slik ble tradisjonen f\u00f8dt - Nordnesrepublikken\" \/>\n<meta property=\"og:description\" content=\"Kjolen til Kardinaler Det er ekstremt gjenkjennelig p\u00e5 grunn av den typiske fargen knallr\u00f8d. Dette\" \/>\n<meta property=\"og:url\" content=\"https:\/\/nordnesrepublikken.no\/index.php\/2025\/05\/05\/hvorfor-kler-kardinalene-rode-slik-ble-tradisjonen-fodt\/\" \/>\n<meta property=\"og:site_name\" content=\"Nordnesrepublikken\" \/>\n<meta property=\"article:published_time\" content=\"2025-05-05T06:49:39+00:00\" \/>\n<meta property=\"article:modified_time\" content=\"2025-05-05T06:49:42+00:00\" \/>\n<meta property=\"og:image\" content=\"https:\/\/nordnesrepublikken.no\/wp-content\/uploads\/2025\/05\/1746427779_Hvorfor-kler-kardinalene-rode-Slik-ble-tradisjonen-fodt.jpg\" \/>\n\t<meta property=\"og:image:width\" content=\"2549\" \/>\n\t<meta property=\"og:image:height\" content=\"1491\" \/>\n\t<meta property=\"og:image:type\" content=\"image\/jpeg\" \/>\n<meta name=\"author\" content=\"Ole Andersen\" \/>\n<meta name=\"twitter:card\" content=\"summary_large_image\" \/>\n<meta name=\"twitter:label1\" content=\"Skrevet av\" \/>\n\t<meta name=\"twitter:data1\" content=\"Ole Andersen\" \/>\n\t<meta name=\"twitter:label2\" content=\"Ansl. lesetid\" \/>\n\t<meta name=\"twitter:data2\" content=\"2 minutter\" \/>\n<script type=\"application\/ld+json\" class=\"yoast-schema-graph\">{\"@context\":\"https:\/\/schema.org\",\"@graph\":[{\"@type\":\"Article\",\"@id\":\"https:\/\/nordnesrepublikken.no\/index.php\/2025\/05\/05\/hvorfor-kler-kardinalene-rode-slik-ble-tradisjonen-fodt\/#article\",\"isPartOf\":{\"@id\":\"https:\/\/nordnesrepublikken.no\/index.php\/2025\/05\/05\/hvorfor-kler-kardinalene-rode-slik-ble-tradisjonen-fodt\/\"},\"author\":{\"name\":\"Ole Andersen\",\"@id\":\"https:\/\/nordnesrepublikken.no\/#\/schema\/person\/2e7e81935bab77882fffb79296240ff1\"},\"headline\":\"Hvorfor kler kardinalene r\u00f8de? Slik ble tradisjonen f\u00f8dt\",\"datePublished\":\"2025-05-05T06:49:39+00:00\",\"dateModified\":\"2025-05-05T06:49:42+00:00\",\"mainEntityOfPage\":{\"@id\":\"https:\/\/nordnesrepublikken.no\/index.php\/2025\/05\/05\/hvorfor-kler-kardinalene-rode-slik-ble-tradisjonen-fodt\/\"},\"wordCount\":380,\"publisher\":{\"@id\":\"https:\/\/nordnesrepublikken.no\/#organization\"},\"image\":{\"@id\":\"https:\/\/nordnesrepublikken.no\/index.php\/2025\/05\/05\/hvorfor-kler-kardinalene-rode-slik-ble-tradisjonen-fodt\/#primaryimage\"},\"thumbnailUrl\":\"https:\/\/nordnesrepublikken.no\/wp-content\/uploads\/2025\/05\/1746427779_Hvorfor-kler-kardinalene-rode-Slik-ble-tradisjonen-fodt.jpg\",\"keywords\":[\"ble\",\"f\u00f8dt\",\"hvorfor\",\"kardinalene\",\"kler\",\"r\u00f8de\",\"Slik\",\"tradisjonen\"],\"articleSection\":[\"Samfunn\"],\"inLanguage\":\"nb-NO\"},{\"@type\":\"WebPage\",\"@id\":\"https:\/\/nordnesrepublikken.no\/index.php\/2025\/05\/05\/hvorfor-kler-kardinalene-rode-slik-ble-tradisjonen-fodt\/\",\"url\":\"https:\/\/nordnesrepublikken.no\/index.php\/2025\/05\/05\/hvorfor-kler-kardinalene-rode-slik-ble-tradisjonen-fodt\/\",\"name\":\"Hvorfor kler kardinalene r\u00f8de? Slik ble tradisjonen f\u00f8dt - Nordnesrepublikken\",\"isPartOf\":{\"@id\":\"https:\/\/nordnesrepublikken.no\/#website\"},\"primaryImageOfPage\":{\"@id\":\"https:\/\/nordnesrepublikken.no\/index.php\/2025\/05\/05\/hvorfor-kler-kardinalene-rode-slik-ble-tradisjonen-fodt\/#primaryimage\"},\"image\":{\"@id\":\"https:\/\/nordnesrepublikken.no\/index.php\/2025\/05\/05\/hvorfor-kler-kardinalene-rode-slik-ble-tradisjonen-fodt\/#primaryimage\"},\"thumbnailUrl\":\"https:\/\/nordnesrepublikken.no\/wp-content\/uploads\/2025\/05\/1746427779_Hvorfor-kler-kardinalene-rode-Slik-ble-tradisjonen-fodt.jpg\",\"datePublished\":\"2025-05-05T06:49:39+00:00\",\"dateModified\":\"2025-05-05T06:49:42+00:00\",\"breadcrumb\":{\"@id\":\"https:\/\/nordnesrepublikken.no\/index.php\/2025\/05\/05\/hvorfor-kler-kardinalene-rode-slik-ble-tradisjonen-fodt\/#breadcrumb\"},\"inLanguage\":\"nb-NO\",\"potentialAction\":[{\"@type\":\"ReadAction\",\"target\":[\"https:\/\/nordnesrepublikken.no\/index.php\/2025\/05\/05\/hvorfor-kler-kardinalene-rode-slik-ble-tradisjonen-fodt\/\"]}]},{\"@type\":\"ImageObject\",\"inLanguage\":\"nb-NO\",\"@id\":\"https:\/\/nordnesrepublikken.no\/index.php\/2025\/05\/05\/hvorfor-kler-kardinalene-rode-slik-ble-tradisjonen-fodt\/#primaryimage\",\"url\":\"https:\/\/nordnesrepublikken.no\/wp-content\/uploads\/2025\/05\/1746427779_Hvorfor-kler-kardinalene-rode-Slik-ble-tradisjonen-fodt.jpg\",\"contentUrl\":\"https:\/\/nordnesrepublikken.no\/wp-content\/uploads\/2025\/05\/1746427779_Hvorfor-kler-kardinalene-rode-Slik-ble-tradisjonen-fodt.jpg\",\"width\":2549,\"height\":1491,\"caption\":\"Immagine\"},{\"@type\":\"BreadcrumbList\",\"@id\":\"https:\/\/nordnesrepublikken.no\/index.php\/2025\/05\/05\/hvorfor-kler-kardinalene-rode-slik-ble-tradisjonen-fodt\/#breadcrumb\",\"itemListElement\":[{\"@type\":\"ListItem\",\"position\":1,\"name\":\"Home\",\"item\":\"https:\/\/nordnesrepublikken.no\/\"},{\"@type\":\"ListItem\",\"position\":2,\"name\":\"Hvorfor kler kardinalene r\u00f8de? Slik ble tradisjonen f\u00f8dt\"}]},{\"@type\":\"WebSite\",\"@id\":\"https:\/\/nordnesrepublikken.no\/#website\",\"url\":\"https:\/\/nordnesrepublikken.no\/\",\"name\":\"Nordnesrepublikken\",\"description\":\"Stemmer og Visjoner fra Republikkens Hjerte\",\"publisher\":{\"@id\":\"https:\/\/nordnesrepublikken.no\/#organization\"},\"potentialAction\":[{\"@type\":\"SearchAction\",\"target\":{\"@type\":\"EntryPoint\",\"urlTemplate\":\"https:\/\/nordnesrepublikken.no\/?s={search_term_string}\"},\"query-input\":{\"@type\":\"PropertyValueSpecification\",\"valueRequired\":true,\"valueName\":\"search_term_string\"}}],\"inLanguage\":\"nb-NO\"},{\"@type\":\"Organization\",\"@id\":\"https:\/\/nordnesrepublikken.no\/#organization\",\"name\":\"Nordnesrepublikken\",\"url\":\"https:\/\/nordnesrepublikken.no\/\",\"logo\":{\"@type\":\"ImageObject\",\"inLanguage\":\"nb-NO\",\"@id\":\"https:\/\/nordnesrepublikken.no\/#\/schema\/logo\/image\/\",\"url\":\"https:\/\/nordnesrepublikken.no\/wp-content\/uploads\/2025\/02\/cropped-nordnesrepublikken-2.png\",\"contentUrl\":\"https:\/\/nordnesrepublikken.no\/wp-content\/uploads\/2025\/02\/cropped-nordnesrepublikken-2.png\",\"width\":1248,\"height\":362,\"caption\":\"Nordnesrepublikken\"},\"image\":{\"@id\":\"https:\/\/nordnesrepublikken.no\/#\/schema\/logo\/image\/\"}},{\"@type\":\"Person\",\"@id\":\"https:\/\/nordnesrepublikken.no\/#\/schema\/person\/2e7e81935bab77882fffb79296240ff1\",\"name\":\"Ole Andersen\",\"image\":{\"@type\":\"ImageObject\",\"inLanguage\":\"nb-NO\",\"@id\":\"https:\/\/nordnesrepublikken.no\/#\/schema\/person\/image\/\",\"url\":\"https:\/\/nordnesrepublikken.no\/wp-content\/uploads\/2025\/02\/nordnesrepublikken-2-2-150x150.jpg\",\"contentUrl\":\"https:\/\/nordnesrepublikken.no\/wp-content\/uploads\/2025\/02\/nordnesrepublikken-2-2-150x150.jpg\",\"caption\":\"Ole Andersen\"},\"description\":\"Ettersom jeg vokste opp i Oslo, har jeg alltid v\u00e6rt fascinert av ordenes kraft og deres evne til \u00e5 skape endringer. Etter \u00e5 ha fullf\u00f8rt min utdannelse i kommunikasjon ved Universitetet i Bergen, fikk jeg muligheten til \u00e5 jobbe innen ulike medier, der jeg har s\u00f8kt \u00e5 belyse viktige samfunnssp\u00f8rsm\u00e5l. I dag, som redakt\u00f8r for Nordnesrepublikken, pr\u00f8ver jeg \u00e5 forene min kj\u00e6rlighet for journalistikk med min lidenskap for innovasjon og eventyr.\",\"sameAs\":[\"https:\/\/nordnesrepublikken.no\/\"]}]}<\/script>\n<!-- \/ Yoast SEO plugin. -->","yoast_head_json":{"title":"Hvorfor kler kardinalene r\u00f8de? Slik ble tradisjonen f\u00f8dt - Nordnesrepublikken","robots":{"index":"index","follow":"follow","max-snippet":"max-snippet:-1","max-image-preview":"max-image-preview:large","max-video-preview":"max-video-preview:-1"},"canonical":"https:\/\/nordnesrepublikken.no\/index.php\/2025\/05\/05\/hvorfor-kler-kardinalene-rode-slik-ble-tradisjonen-fodt\/","og_locale":"nb_NO","og_type":"article","og_title":"Hvorfor kler kardinalene r\u00f8de? Slik ble tradisjonen f\u00f8dt - Nordnesrepublikken","og_description":"Kjolen til Kardinaler Det er ekstremt gjenkjennelig p\u00e5 grunn av den typiske fargen knallr\u00f8d. Dette","og_url":"https:\/\/nordnesrepublikken.no\/index.php\/2025\/05\/05\/hvorfor-kler-kardinalene-rode-slik-ble-tradisjonen-fodt\/","og_site_name":"Nordnesrepublikken","article_published_time":"2025-05-05T06:49:39+00:00","article_modified_time":"2025-05-05T06:49:42+00:00","og_image":[{"width":2549,"height":1491,"url":"https:\/\/nordnesrepublikken.no\/wp-content\/uploads\/2025\/05\/1746427779_Hvorfor-kler-kardinalene-rode-Slik-ble-tradisjonen-fodt.jpg","type":"image\/jpeg"}],"author":"Ole Andersen","twitter_card":"summary_large_image","twitter_misc":{"Skrevet av":"Ole Andersen","Ansl. lesetid":"2 minutter"},"schema":{"@context":"https:\/\/schema.org","@graph":[{"@type":"Article","@id":"https:\/\/nordnesrepublikken.no\/index.php\/2025\/05\/05\/hvorfor-kler-kardinalene-rode-slik-ble-tradisjonen-fodt\/#article","isPartOf":{"@id":"https:\/\/nordnesrepublikken.no\/index.php\/2025\/05\/05\/hvorfor-kler-kardinalene-rode-slik-ble-tradisjonen-fodt\/"},"author":{"name":"Ole Andersen","@id":"https:\/\/nordnesrepublikken.no\/#\/schema\/person\/2e7e81935bab77882fffb79296240ff1"},"headline":"Hvorfor kler kardinalene r\u00f8de? Slik ble tradisjonen f\u00f8dt","datePublished":"2025-05-05T06:49:39+00:00","dateModified":"2025-05-05T06:49:42+00:00","mainEntityOfPage":{"@id":"https:\/\/nordnesrepublikken.no\/index.php\/2025\/05\/05\/hvorfor-kler-kardinalene-rode-slik-ble-tradisjonen-fodt\/"},"wordCount":380,"publisher":{"@id":"https:\/\/nordnesrepublikken.no\/#organization"},"image":{"@id":"https:\/\/nordnesrepublikken.no\/index.php\/2025\/05\/05\/hvorfor-kler-kardinalene-rode-slik-ble-tradisjonen-fodt\/#primaryimage"},"thumbnailUrl":"https:\/\/nordnesrepublikken.no\/wp-content\/uploads\/2025\/05\/1746427779_Hvorfor-kler-kardinalene-rode-Slik-ble-tradisjonen-fodt.jpg","keywords":["ble","f\u00f8dt","hvorfor","kardinalene","kler","r\u00f8de","Slik","tradisjonen"],"articleSection":["Samfunn"],"inLanguage":"nb-NO"},{"@type":"WebPage","@id":"https:\/\/nordnesrepublikken.no\/index.php\/2025\/05\/05\/hvorfor-kler-kardinalene-rode-slik-ble-tradisjonen-fodt\/","url":"https:\/\/nordnesrepublikken.no\/index.php\/2025\/05\/05\/hvorfor-kler-kardinalene-rode-slik-ble-tradisjonen-fodt\/","name":"Hvorfor kler kardinalene r\u00f8de? Slik ble tradisjonen f\u00f8dt - Nordnesrepublikken","isPartOf":{"@id":"https:\/\/nordnesrepublikken.no\/#website"},"primaryImageOfPage":{"@id":"https:\/\/nordnesrepublikken.no\/index.php\/2025\/05\/05\/hvorfor-kler-kardinalene-rode-slik-ble-tradisjonen-fodt\/#primaryimage"},"image":{"@id":"https:\/\/nordnesrepublikken.no\/index.php\/2025\/05\/05\/hvorfor-kler-kardinalene-rode-slik-ble-tradisjonen-fodt\/#primaryimage"},"thumbnailUrl":"https:\/\/nordnesrepublikken.no\/wp-content\/uploads\/2025\/05\/1746427779_Hvorfor-kler-kardinalene-rode-Slik-ble-tradisjonen-fodt.jpg","datePublished":"2025-05-05T06:49:39+00:00","dateModified":"2025-05-05T06:49:42+00:00","breadcrumb":{"@id":"https:\/\/nordnesrepublikken.no\/index.php\/2025\/05\/05\/hvorfor-kler-kardinalene-rode-slik-ble-tradisjonen-fodt\/#breadcrumb"},"inLanguage":"nb-NO","potentialAction":[{"@type":"ReadAction","target":["https:\/\/nordnesrepublikken.no\/index.php\/2025\/05\/05\/hvorfor-kler-kardinalene-rode-slik-ble-tradisjonen-fodt\/"]}]},{"@type":"ImageObject","inLanguage":"nb-NO","@id":"https:\/\/nordnesrepublikken.no\/index.php\/2025\/05\/05\/hvorfor-kler-kardinalene-rode-slik-ble-tradisjonen-fodt\/#primaryimage","url":"https:\/\/nordnesrepublikken.no\/wp-content\/uploads\/2025\/05\/1746427779_Hvorfor-kler-kardinalene-rode-Slik-ble-tradisjonen-fodt.jpg","contentUrl":"https:\/\/nordnesrepublikken.no\/wp-content\/uploads\/2025\/05\/1746427779_Hvorfor-kler-kardinalene-rode-Slik-ble-tradisjonen-fodt.jpg","width":2549,"height":1491,"caption":"Immagine"},{"@type":"BreadcrumbList","@id":"https:\/\/nordnesrepublikken.no\/index.php\/2025\/05\/05\/hvorfor-kler-kardinalene-rode-slik-ble-tradisjonen-fodt\/#breadcrumb","itemListElement":[{"@type":"ListItem","position":1,"name":"Home","item":"https:\/\/nordnesrepublikken.no\/"},{"@type":"ListItem","position":2,"name":"Hvorfor kler kardinalene r\u00f8de? Slik ble tradisjonen f\u00f8dt"}]},{"@type":"WebSite","@id":"https:\/\/nordnesrepublikken.no\/#website","url":"https:\/\/nordnesrepublikken.no\/","name":"Nordnesrepublikken","description":"Stemmer og Visjoner fra Republikkens Hjerte","publisher":{"@id":"https:\/\/nordnesrepublikken.no\/#organization"},"potentialAction":[{"@type":"SearchAction","target":{"@type":"EntryPoint","urlTemplate":"https:\/\/nordnesrepublikken.no\/?s={search_term_string}"},"query-input":{"@type":"PropertyValueSpecification","valueRequired":true,"valueName":"search_term_string"}}],"inLanguage":"nb-NO"},{"@type":"Organization","@id":"https:\/\/nordnesrepublikken.no\/#organization","name":"Nordnesrepublikken","url":"https:\/\/nordnesrepublikken.no\/","logo":{"@type":"ImageObject","inLanguage":"nb-NO","@id":"https:\/\/nordnesrepublikken.no\/#\/schema\/logo\/image\/","url":"https:\/\/nordnesrepublikken.no\/wp-content\/uploads\/2025\/02\/cropped-nordnesrepublikken-2.png","contentUrl":"https:\/\/nordnesrepublikken.no\/wp-content\/uploads\/2025\/02\/cropped-nordnesrepublikken-2.png","width":1248,"height":362,"caption":"Nordnesrepublikken"},"image":{"@id":"https:\/\/nordnesrepublikken.no\/#\/schema\/logo\/image\/"}},{"@type":"Person","@id":"https:\/\/nordnesrepublikken.no\/#\/schema\/person\/2e7e81935bab77882fffb79296240ff1","name":"Ole Andersen","image":{"@type":"ImageObject","inLanguage":"nb-NO","@id":"https:\/\/nordnesrepublikken.no\/#\/schema\/person\/image\/","url":"https:\/\/nordnesrepublikken.no\/wp-content\/uploads\/2025\/02\/nordnesrepublikken-2-2-150x150.jpg","contentUrl":"https:\/\/nordnesrepublikken.no\/wp-content\/uploads\/2025\/02\/nordnesrepublikken-2-2-150x150.jpg","caption":"Ole Andersen"},"description":"Ettersom jeg vokste opp i Oslo, har jeg alltid v\u00e6rt fascinert av ordenes kraft og deres evne til \u00e5 skape endringer. Etter \u00e5 ha fullf\u00f8rt min utdannelse i kommunikasjon ved Universitetet i Bergen, fikk jeg muligheten til \u00e5 jobbe innen ulike medier, der jeg har s\u00f8kt \u00e5 belyse viktige samfunnssp\u00f8rsm\u00e5l. I dag, som redakt\u00f8r for Nordnesrepublikken, pr\u00f8ver jeg \u00e5 forene min kj\u00e6rlighet for journalistikk med min lidenskap for innovasjon og eventyr.","sameAs":["https:\/\/nordnesrepublikken.no\/"]}]}},"_links":{"self":[{"href":"https:\/\/nordnesrepublikken.no\/index.php\/wp-json\/wp\/v2\/posts\/4183","targetHints":{"allow":["GET"]}}],"collection":[{"href":"https:\/\/nordnesrepublikken.no\/index.php\/wp-json\/wp\/v2\/posts"}],"about":[{"href":"https:\/\/nordnesrepublikken.no\/index.php\/wp-json\/wp\/v2\/types\/post"}],"author":[{"embeddable":true,"href":"https:\/\/nordnesrepublikken.no\/index.php\/wp-json\/wp\/v2\/users\/1"}],"replies":[{"embeddable":true,"href":"https:\/\/nordnesrepublikken.no\/index.php\/wp-json\/wp\/v2\/comments?post=4183"}],"version-history":[{"count":1,"href":"https:\/\/nordnesrepublikken.no\/index.php\/wp-json\/wp\/v2\/posts\/4183\/revisions"}],"predecessor-version":[{"id":4185,"href":"https:\/\/nordnesrepublikken.no\/index.php\/wp-json\/wp\/v2\/posts\/4183\/revisions\/4185"}],"wp:featuredmedia":[{"embeddable":true,"href":"https:\/\/nordnesrepublikken.no\/index.php\/wp-json\/wp\/v2\/media\/4184"}],"wp:attachment":[{"href":"https:\/\/nordnesrepublikken.no\/index.php\/wp-json\/wp\/v2\/media?parent=4183"}],"wp:term":[{"taxonomy":"category","embeddable":true,"href":"https:\/\/nordnesrepublikken.no\/index.php\/wp-json\/wp\/v2\/categories?post=4183"},{"taxonomy":"post_tag","embeddable":true,"href":"https:\/\/nordnesrepublikken.no\/index.php\/wp-json\/wp\/v2\/tags?post=4183"}],"curies":[{"name":"wp","href":"https:\/\/api.w.org\/{rel}","templated":true}]}}