{"id":4108,"date":"2025-05-03T11:49:34","date_gmt":"2025-05-03T09:49:34","guid":{"rendered":"https:\/\/nordnesrepublikken.no\/index.php\/2025\/05\/03\/fra-den-eldste-nasjonalparken-i-europa-til-valle-daosta-baseball\/"},"modified":"2025-05-03T11:49:42","modified_gmt":"2025-05-03T09:49:42","slug":"fra-den-eldste-nasjonalparken-i-europa-til-valle-daosta-baseball","status":"publish","type":"post","link":"https:\/\/nordnesrepublikken.no\/index.php\/2025\/05\/03\/fra-den-eldste-nasjonalparken-i-europa-til-valle-daosta-baseball\/","title":{"rendered":"Fra den eldste nasjonalparken i Europa til Valle d&#8217;Aosta baseball"},"content":{"rendered":"<div>\n<div class=\"cp_wrapper cp_wrapper--fw mb-30 mb-20@tablet\">\n<figure class=\"mm\"><picture class=\"img\" style=\"padding-top:56.25%\"><source  media=\"(min-width: 1024px)\"><source  media=\"(min-width: 768px)\"><\/source><\/source><\/picture><\/figure>\n<\/p><\/div>\n<p>Der <strong>Valle d&#8217;Aosta<\/strong> Det er en region med en spesiell lov av<strong>Nordvest-Italia<\/strong>. Hans identitet er sterkt betinget av <strong>territorium<\/strong> <strong>fjell<\/strong> som den st\u00e5r p\u00e5: regionen er faktisk den minste i Italia etter overflate (<strong>3 258,61 km<sup>2<\/sup><\/strong>) og er helt innelukket av de h\u00f8yeste relieffene av alpinbuen, spesielt av seksjonene av <strong>Alper<\/strong> <strong>Anheng<\/strong> Og <strong>Gr\u00e5<\/strong>i sektoren av <strong>Vestlige alper<\/strong>.<\/p>\n<p>Den vanlige fantasien som refererer til Aosta -dalen er ikke s\u00e5 forskjellig fra landskapet og kulturell virkeligheten i territoriet. De <strong>Alper<\/strong>med 4 topper over 4000 meter -Mont Bianco, Monte Rosa, Matterhorn, Gran Paradiso -, ramme hvert hj\u00f8rne av regionen betraktet som taket i Europa og preget av en viktig tilstedev\u00e6relse av <strong>milj\u00f8<\/strong> <strong>vill<\/strong>samtidig emblematisk og diversifisert. Irce Peaks sl\u00e5tt av vinden, gr\u00f8nne alpine beiteomr\u00e5der, omfattende skoger, bekker og islag er konteksten der mange historiske og kulturelle skatter i regionen settes inn. Mellom legender og typiske retter ser vi de 10 nysgjerrighetene.<\/p>\n<p> <!-- SUMMARY --><\/p>\n<div class=\"cp_wrapper mb-20 mb-40@desktop\">\n<div class=\"smy\" data-sticky-btn-text=\"\">\n<p>10 nysgjerrigheter om Aosta -dalen<\/p>\n<\/div>\n<\/div>\n<h2 id=\"1-il-nome-della-regione\">1. Fordi Aosta -dalen kalles det<\/h2>\n<p>I motsetning til kirkesamfunn av mange andre italienske regioner, hvis nebulous opprinnelse g\u00e5r tapt i t\u00e5ken av tid, mellom navn p\u00e5 eldgamle befolkninger og toponymer p\u00e5 glemte spr\u00e5k,<strong>Opprinnelsen til Aosta -dalen er ganske intuitiv<\/strong>.<br \/>Navnet stammer faktisk fra byen og hovedstaden <strong>Aosta<\/strong>transformasjon av <em>Augusta Praetoria<\/em>grunnlagt av romerne i 25 AC under den progressive erobringen av Gallia. Valle d&#8217;Aosta refererer bokstavelig talt til dalen rundt byen Aosta.<\/p>\n<div class=\"cp_wrapper cp_wrapper--fw mb-50\">\n<figure class=\"mm\"><picture class=\"img\" style=\"padding-top:66.666666666667%\"><source  media=\"(min-width: 1024px)\"><source  media=\"(min-width: 768px)\"><img decoding=\"async\" loading=\"lazy\" src=\"https:\/\/nordnesrepublikken.no\/wp-content\/uploads\/2025\/05\/1746265773_680_Fra-den-eldste-nasjonalparken-i-Europa-til-Valle-dAosta-baseball.jpg\" alt=\"Roman Theatre - Aosta, Valle d'Aosta, Italia\" width=\"5616\" height=\"3744\"><\/source><\/source><\/picture><\/figure>\n<\/p><\/div>\n<h2 id=\"2-la-regione-piu-piccola-ditalia\">2. den minste regionen i Italia<\/h2>\n<p>Aosta -dalen er <strong>Den minste regionen i Italia<\/strong> Fra alle synspunkter. Overflaten lik <strong>3 258,61 km<sup>2<\/sup><\/strong> Det er den minste av de i alle tjue italienske regioner, og det er befolkningen i <strong>122 714 innbyggere<\/strong>. For \u00e5 sammenligne med de st\u00f8rste regionene, er overflaten av Aosta -dalen omtrent <strong>8 ganger mindre<\/strong> av Sicilia (som har den st\u00f8rste utvidelsen), mens befolkningen er lite mer enn<strong>1%<\/strong> av Lombardy (den mest folkerike regionen i landet). Befolkningstettheten, til tross for det skruppell\u00f8se territoriet, er av <strong>38 innbyggere per kvadratkilometer<\/strong>. Igjen er tetthet den laveste av hele halv\u00f8ya.<\/p>\n<div class=\"cp_wrapper cp_wrapper--fw mb-50\">\n<figure class=\"mm\"><picture class=\"img\" style=\"padding-top:64.928668478261%\"><source  media=\"(min-width: 1024px)\"><source  media=\"(min-width: 768px)\"><img decoding=\"async\" loading=\"lazy\" src=\"https:\/\/nordnesrepublikken.no\/wp-content\/uploads\/2025\/05\/1746265773_430_Fra-den-eldste-nasjonalparken-i-Europa-til-Valle-dAosta-baseball.jpg\" alt=\"Courmayeur\" width=\"5888\" height=\"3823\" class=\"js-seedtag-img\"><\/source><\/source><\/picture><\/figure>\n<\/p><\/div>\n<h2 id=\"3-la-valle-daosta-non-ha-province\">3. Aosta -dalen har ingen provinser<\/h2>\n<p>Regionen er den eneste i Italia a <strong>Ikke bli delt inn i provinsene<\/strong> (eller i andre tilsvarende administrative organer). Gitt den reduserte forlengelsen av territoriet, tilsvarer hele den regionale grensen omtrent med innflytelsesomr\u00e5det og styringen av territoriet p\u00e5 dette niv\u00e5et koordineres direkte av de regionale kontorene. Delingen til kommuner er like til stede og Aosta -dalen teller for den <strong>74<\/strong>.<\/p>\n<div class=\"cp_wrapper cp_wrapper--fw mb-50\">\n<figure class=\"mm\"><picture class=\"img\" style=\"padding-top:52.599909173479%\"><source  media=\"(min-width: 1024px)\"><source  media=\"(min-width: 768px)\"><img decoding=\"async\" loading=\"lazy\" src=\"https:\/\/nordnesrepublikken.no\/wp-content\/uploads\/2025\/05\/1746265773_606_Fra-den-eldste-nasjonalparken-i-Europa-til-Valle-dAosta-baseball.jpg\" alt=\"Alpine landsby Lillianes i Valle d'Aosta,\" width=\"8808\" height=\"4633\"><\/source><\/source><\/picture><\/figure>\n<\/p><\/div>\n<h2 id=\"4-il-tetto-deuropa\">4. Europas tak<\/h2>\n<p>Hvis Aosta -dalen fra et antropisk synspunkt er for tall til de siste stillingene i den italienske rangeringen, fra et geografisk synspunkt, bringer det regionale territoriet oss helt motsatte poster. Regionen er ofte forbundet med appellasjonen som ogs\u00e5 brukes til \u00e5 indikere <strong>Mont Bianco<\/strong> nemlig det av &laquo;<strong>Tak av Europa<\/strong>&laquo;. Dette er fordi regionen inkluderer i sine grenser i <strong>lettelser (eller deres porsjoner) h\u00f8yest i Italia og Europa<\/strong>f\u00f8rst av alt, faktisk, <strong>Mont Bianco<\/strong>med hans <strong>4 805,59 meter over havet<\/strong>. I tillegg til dette er det regionale territoriet <strong>Fjell<\/strong> <strong>Rose<\/strong> (<strong>4 634 moh<\/strong>), ogs\u00e5 delt med Sveits og Piedmont, og Matterhorn (<strong>4 478 m<\/strong>), alltid p\u00e5 grensen til Sveits. Aosta -dalen kan ogs\u00e5 skryte av<strong>H\u00f8yere gjennomsnittlig h\u00f8yde av hele landet<\/strong>2 100 meter.<\/p>\n<div class=\"cp_wrapper cp_wrapper--fw mb-50\">\n<figure class=\"mm\"><picture class=\"img\" style=\"padding-top:66.666666666667%\"><source  media=\"(min-width: 1024px)\"><source  media=\"(min-width: 768px)\"><img decoding=\"async\" loading=\"lazy\" src=\"https:\/\/nordnesrepublikken.no\/wp-content\/uploads\/2025\/05\/1746265773_628_Fra-den-eldste-nasjonalparken-i-Europa-til-Valle-dAosta-baseball.jpg\" alt=\"Mont Bianco\" width=\"5931\" height=\"3954\" class=\"js-seedtag-img\"><\/source><\/source><\/picture><\/figure>\n<\/p><\/div>\n<h2 id=\"5-il-parco-nazionale-piu-vecchio-deuropa\">5. Den eldste nasjonalparken i Europa<\/h2>\n<p>Mellom Valle d&#8217;Aosta og Piedmont finner vi<strong> Gran Paradiso nasjonalpark, <\/strong>nasjonalparken <strong>Eldre i Italia og Europa<\/strong>. Etablert i en f\u00f8rste form i 1821, og det beskyttede omr\u00e5det hadde som m\u00e5l <strong>Ivaretakelse av IBEX<\/strong>p\u00e5 den tiden utryddelse p\u00e5 grunn av den ukontrollerte jakten. Det virkelig nysgjerrige faktum er at valget om \u00e5 etablere parken ikke ble beveget av en generell bevissthet om milj\u00f8problemene til de alpine \u00f8kosystemene, men av det enkle \u00f8nsket om de dav\u00e6rende suverene i <strong>Hus<\/strong> <strong>Savoy<\/strong> \u00e5 utgj\u00f8re en<strong>Eksklusiv privat h\u00f8yre reserve<\/strong>. Det i dag har faktisk liten betydning, da dette tillot <strong>Overlevelse av Alpene iBexcies<\/strong>som har blitt et symbol p\u00e5 det beskyttede omr\u00e5det i dag.<\/p>\n<p>Gran Paradiso nasjonalpark ble offisielt innf\u00f8rt <strong>3. desember 1922<\/strong> (den f\u00f8rste i Europa) fra<strong> King Vittorio Emanuele III, <\/strong>nev\u00f8 av den f\u00f8rste kongen av Italia. I dag inkluderer en over overflate<strong> 700 km<sup>2<\/sup><\/strong>  Av fjellmilj\u00f8et modellert av de store isbed\u00f8mmene av kvart\u00e6r og mange plante- og dyrearter: I tillegg til den ber\u00f8mte Ibex, kan vi finne Chamois, Marmots, Foxes, Real Eagles, Bitters, Allied, Owls og mange arter av reptiler og amfibier.<\/p>\n<div class=\"cp_wrapper cp_wrapper--fw mb-50\">\n<figure class=\"mm\"><picture class=\"img\" style=\"padding-top:66.666666666667%\"><source  media=\"(min-width: 1024px)\"><source  media=\"(min-width: 768px)\"><img decoding=\"async\" loading=\"lazy\" src=\"https:\/\/nordnesrepublikken.no\/wp-content\/uploads\/2025\/05\/1746265774_129_Fra-den-eldste-nasjonalparken-i-Europa-til-Valle-dAosta-baseball.jpg\" alt=\"ibex\" width=\"6000\" height=\"4000\"><\/source><\/source><\/picture><\/figure>\n<\/p><\/div>\n<h2 id=\"6-i-ghiacciai-della-valle-daosta\">6. Glaciers of the Aosta Valley<\/h2>\n<p>I en av de mest fjellrike regionene i Italia kunne de tydeligvis ikke mangle <strong>isbreer<\/strong>. Aosta -dalen betyr godt <strong>184<\/strong> dekker et omr\u00e5de p\u00e5 omtrent <strong>120 km<sup>2<\/sup><\/strong>: Mer enn halvparten av utvidelsen av isbreer i hele landet! De fleste finnes i de viktigste massivene, de av <strong>Fjell<\/strong> <strong>Rose<\/strong>av <strong>Fjell<\/strong> <strong>Hvit<\/strong> og av <strong>Stor<\/strong> <strong>Paradis<\/strong>som inkluderer et stort utvalg av disse fler\u00e5rige sn\u00f8formasjonene, som ikke bare utgj\u00f8r en viktig milj\u00f8messig skatt og en bemerkelsesverdig reserve av ferskvann, men ogs\u00e5 et geologisk kompleks av stor vitenskapelig interesse.<\/p>\n<div class=\"cp_wrapper cp_wrapper--fw mb-50\">\n<figure class=\"mm\"><picture class=\"img\" style=\"padding-top:66.666666666667%\"><source  media=\"(min-width: 1024px)\"><source  media=\"(min-width: 768px)\"><img decoding=\"async\" loading=\"lazy\" src=\"https:\/\/nordnesrepublikken.no\/wp-content\/uploads\/2025\/05\/1746265774_716_Fra-den-eldste-nasjonalparken-i-Europa-til-Valle-dAosta-baseball.jpg\" alt=\"Mont Bianco Glacier\" width=\"6000\" height=\"4000\" class=\"js-seedtag-img\"><\/source><\/source><\/picture><\/figure>\n<\/p><\/div>\n<h2 id=\"7-il-monte-rosa-non-e-rosa\">7. Monte Rosa er ikke rosa<\/h2>\n<p>Selv om du ofte tenker at begrepet <strong>rose<\/strong> Av fjellet med samme navn er assosiert med fargelegging av lettelsen under daggry og solnedgang, er sannheten en annen. La oss imidlertid gj\u00f8re en avklaring: Fra PO -dalen kan du virkelig observere dette imponerende massivet belagt med nyanser <strong>r\u00f8d<\/strong>, <strong>rose<\/strong> Og <strong>oransje<\/strong> I l\u00f8pet av timene n\u00e5r solen stiger eller faller, men valget av navnet har et helt annet opphav. Det moderne uttrykket, som for f\u00f8rste gang vises mellom det femtende og sekstende \u00e5rhundre (Monte della Roisa), ser ut til \u00e5 referere til den gamle etymologien til <em>Roiza<\/em> eller <em>Roiza<\/em> Og det er <strong>Glacier<\/strong>eller, <strong>is<\/strong>. Monte Rosa vil derfor bety mer enn noe annet, &laquo;<strong>fjell<\/strong> <strong>iskald<\/strong>&laquo;.<\/p>\n<div class=\"cp_wrapper cp_wrapper--fw mb-50\">\n<figure class=\"mm\"><picture class=\"img\" style=\"padding-top:66.666666666667%\"><source  media=\"(min-width: 1024px)\"><source  media=\"(min-width: 768px)\"><img decoding=\"async\" loading=\"lazy\" src=\"https:\/\/nordnesrepublikken.no\/wp-content\/uploads\/2025\/05\/1746265774_826_Fra-den-eldste-nasjonalparken-i-Europa-til-Valle-dAosta-baseball.jpg\" alt=\"Monte Rosa\" width=\"4368\" height=\"2912\"><\/source><\/source><\/picture><\/figure>\n<\/p><\/div>\n<h2 id=\"8-il-patois\">8. Patois<\/h2>\n<p>I kraft av sitt ugjennomtrengelige fjellterritorium, st\u00f8rrelse og fremfor alt er dens grenseposisjon, Aosta -dalen en <strong>Region med spesiell lov<\/strong>. Regionen inkluderer to offisielle spr\u00e5k,<strong>Italiensk<\/strong> og <strong>Fransk<\/strong>som blir lagt til en <strong>Francoprovenzale spr\u00e5klig variasjon<\/strong> kjent som <em><strong>patois<\/strong> <\/em>(uttales patu\u00e0). Aosta Valley Potois er<strong> fremdeles utbredt p\u00e5 forskjellige dalssteder<\/strong>. Det er et gammelt spr\u00e5k, som har blitt overlevert fra generasjon til generasjon og som fremdeles karakteriserer en sterk identitet i lokal kultur. Det brukes under noen religi\u00f8se feiringer og ogs\u00e5 i media, for eksempel tidsskrifter, TV -nettverk og radio.<\/p>\n<h2 id=\"9-lo-tsan-il-baseball-valdostano\">9. Lo Tsan, The Valle d&#8217;Aosta Baseball<\/h2>\n<p>Aosta -dalen kan skryte av flere <strong>tradisjonell idrett<\/strong>blant dem finner vi mer eller mindre kjent <em><strong>tsan<\/strong><\/em>. Navnet stammer fra <em>patois<\/em> og refererer til det alpine &laquo;feltet&raquo; som det historisk spilles, er det en idrett som har sine r\u00f8tter i <strong>Bondekultur av fjellsamfunn<\/strong>. Vi snakker om en lagsport som minner om den kjente baseball, der to formasjoner av 12 spillere hver veksler i trinn i <strong>angrep<\/strong> Og <strong>forsvar<\/strong>treffe og avskj\u00e6re, i forskjellige \u00f8yeblikk av spill, det <strong>tsan<\/strong>som ogs\u00e5 gir navnet til trekulen.<\/p>\n<p>De <strong>Tre -spillverkt\u00f8y<\/strong> er tradisjonelt laget p\u00e5 en h\u00e5ndverksmessig m\u00e5te og inkluderer: <em>Pertse<\/em>en fr\u00f8plante noen f\u00e5 meter lang og buet som tjener til \u00e5 st\u00f8tte <em>tsan<\/em> I l\u00f8pet av taktfasen, og <em>Stafettpinne<\/em>en <strong>tre flaggermus<\/strong> som tsanen st\u00f8ttet pertse blir rammet av. Kildene siterer det <em>tsan<\/em> Allerede i dokumenter fra 1600 -tallet, men siden aktiviteten ble praktisert i \u00e5rhundrer av hyrdene under de lange stoppene i engen til de mest avsidesliggende fjellstedene, er det perfekt logisk \u00e5 forestille seg at det i stedet er mye eldre.<\/p>\n<h2 id=\"10-il-forte-di-bard-e-la-sede-dellhydra-in-avengers-age-of-ultron\">10<\/h2>\n<p>Aosta -dalen er landet til <strong>festningsverk<\/strong> som dateres tilbake til de mest forskjellige historiske periodene og <strong>Styrket av Bard<\/strong> Det er absolutt et av de mest kjente slottene. Den imponerende konstruksjonen, som dominerer den homonyme landsbyen med sin st\u00f8rrelse, er et befestet kompleks bygget p\u00e5 1800 -tallet av dynastiet i <strong>Savoy<\/strong> p\u00e5 grunnlag av tidligere festningsverk som ser ut til \u00e5 spore tiden for den germanske befolkningen i <strong>Ostrogots<\/strong>. Stillingen er faktisk historisk strategisk og setter <strong>Po Valley<\/strong> med <strong>S\u00f8rsiden av de vestlige Alpene<\/strong>.<\/p>\n<p>Landskapseffekten som returnerer forsterkningen er s\u00e5 effektfull at fortet Bard til og med ble valgt som stedet i det amerikanske kolossale<strong> Avengers: Age of Ultron<\/strong>der han vises i de aller f\u00f8rste sekvensene av filmen som grunnlaget for den fryktede Hydra under beleiringen av de ber\u00f8mte Avengers.<\/p>\n<div class=\"cp_wrapper cp_wrapper--fw mb-50\">\n<figure class=\"mm\"><picture class=\"img\" style=\"padding-top:65.25988449578%\"><source  media=\"(min-width: 1024px)\"><source  media=\"(min-width: 768px)\"><img decoding=\"async\" loading=\"lazy\" src=\"https:\/\/nordnesrepublikken.no\/wp-content\/uploads\/2025\/05\/1746265774_846_Fra-den-eldste-nasjonalparken-i-Europa-til-Valle-dAosta-baseball.jpg\" alt=\"Styrket av Bard\" width=\"4502\" height=\"2938\" class=\"js-seedtag-img\"><\/source><\/source><\/picture><\/figure>\n<\/p><\/div>\n<\/p><\/div>\n","protected":false},"excerpt":{"rendered":"<p>Der Valle d&#8217;Aosta Det er en region med en spesiell lov avNordvest-Italia. Hans identitet er<\/p>\n","protected":false},"author":1,"featured_media":4109,"comment_status":"closed","ping_status":"open","sticky":false,"template":"","format":"standard","meta":{"footnotes":""},"categories":[26],"tags":[1978,1977,74,1189,642,125,1975,117,1976],"class_list":["post-4108","post","type-post","status-publish","format-standard","has-post-thumbnail","hentry","category-miljo","tag-baseball","tag-daosta","tag-den","tag-eldste","tag-europa","tag-fra","tag-nasjonalparken","tag-til","tag-valle","generate-columns","tablet-grid-50","mobile-grid-100","grid-parent","grid-33","resize-featured-image"],"yoast_head":"<!-- This site is optimized with the Yoast SEO plugin v24.4 - https:\/\/yoast.com\/wordpress\/plugins\/seo\/ -->\n<title>Fra den eldste nasjonalparken i Europa til Valle d&#039;Aosta baseball - Nordnesrepublikken<\/title>\n<meta name=\"robots\" content=\"index, follow, max-snippet:-1, max-image-preview:large, max-video-preview:-1\" \/>\n<link rel=\"canonical\" href=\"https:\/\/nordnesrepublikken.no\/index.php\/2025\/05\/03\/fra-den-eldste-nasjonalparken-i-europa-til-valle-daosta-baseball\/\" \/>\n<meta property=\"og:locale\" content=\"nb_NO\" \/>\n<meta property=\"og:type\" content=\"article\" \/>\n<meta property=\"og:title\" content=\"Fra den eldste nasjonalparken i Europa til Valle d&#039;Aosta baseball - Nordnesrepublikken\" \/>\n<meta property=\"og:description\" content=\"Der Valle d&#8217;Aosta Det er en region med en spesiell lov avNordvest-Italia. Hans identitet er\" \/>\n<meta property=\"og:url\" content=\"https:\/\/nordnesrepublikken.no\/index.php\/2025\/05\/03\/fra-den-eldste-nasjonalparken-i-europa-til-valle-daosta-baseball\/\" \/>\n<meta property=\"og:site_name\" content=\"Nordnesrepublikken\" \/>\n<meta property=\"article:published_time\" content=\"2025-05-03T09:49:34+00:00\" \/>\n<meta property=\"article:modified_time\" content=\"2025-05-03T09:49:42+00:00\" \/>\n<meta property=\"og:image\" content=\"https:\/\/nordnesrepublikken.no\/wp-content\/uploads\/2025\/05\/1746265774_Fra-den-eldste-nasjonalparken-i-Europa-til-Valle-dAosta-baseball-scaled.jpg\" \/>\n\t<meta property=\"og:image:width\" content=\"2560\" \/>\n\t<meta property=\"og:image:height\" content=\"1707\" \/>\n\t<meta property=\"og:image:type\" content=\"image\/jpeg\" \/>\n<meta name=\"author\" content=\"Ole Andersen\" \/>\n<meta name=\"twitter:card\" content=\"summary_large_image\" \/>\n<meta name=\"twitter:label1\" content=\"Skrevet av\" \/>\n\t<meta name=\"twitter:data1\" content=\"Ole Andersen\" \/>\n\t<meta name=\"twitter:label2\" content=\"Ansl. lesetid\" \/>\n\t<meta name=\"twitter:data2\" content=\"7 minutter\" \/>\n<script type=\"application\/ld+json\" class=\"yoast-schema-graph\">{\"@context\":\"https:\/\/schema.org\",\"@graph\":[{\"@type\":\"Article\",\"@id\":\"https:\/\/nordnesrepublikken.no\/index.php\/2025\/05\/03\/fra-den-eldste-nasjonalparken-i-europa-til-valle-daosta-baseball\/#article\",\"isPartOf\":{\"@id\":\"https:\/\/nordnesrepublikken.no\/index.php\/2025\/05\/03\/fra-den-eldste-nasjonalparken-i-europa-til-valle-daosta-baseball\/\"},\"author\":{\"name\":\"Ole Andersen\",\"@id\":\"https:\/\/nordnesrepublikken.no\/#\/schema\/person\/2e7e81935bab77882fffb79296240ff1\"},\"headline\":\"Fra den eldste nasjonalparken i Europa til Valle d&#8217;Aosta baseball\",\"datePublished\":\"2025-05-03T09:49:34+00:00\",\"dateModified\":\"2025-05-03T09:49:42+00:00\",\"mainEntityOfPage\":{\"@id\":\"https:\/\/nordnesrepublikken.no\/index.php\/2025\/05\/03\/fra-den-eldste-nasjonalparken-i-europa-til-valle-daosta-baseball\/\"},\"wordCount\":1338,\"publisher\":{\"@id\":\"https:\/\/nordnesrepublikken.no\/#organization\"},\"image\":{\"@id\":\"https:\/\/nordnesrepublikken.no\/index.php\/2025\/05\/03\/fra-den-eldste-nasjonalparken-i-europa-til-valle-daosta-baseball\/#primaryimage\"},\"thumbnailUrl\":\"https:\/\/nordnesrepublikken.no\/wp-content\/uploads\/2025\/05\/1746265774_Fra-den-eldste-nasjonalparken-i-Europa-til-Valle-dAosta-baseball-scaled.jpg\",\"keywords\":[\"baseball\",\"dAosta\",\"den\",\"eldste\",\"Europa\",\"fra\",\"nasjonalparken\",\"til\",\"Valle\"],\"articleSection\":[\"Milj\u00f8\"],\"inLanguage\":\"nb-NO\"},{\"@type\":\"WebPage\",\"@id\":\"https:\/\/nordnesrepublikken.no\/index.php\/2025\/05\/03\/fra-den-eldste-nasjonalparken-i-europa-til-valle-daosta-baseball\/\",\"url\":\"https:\/\/nordnesrepublikken.no\/index.php\/2025\/05\/03\/fra-den-eldste-nasjonalparken-i-europa-til-valle-daosta-baseball\/\",\"name\":\"Fra den eldste nasjonalparken i Europa til Valle d'Aosta baseball - Nordnesrepublikken\",\"isPartOf\":{\"@id\":\"https:\/\/nordnesrepublikken.no\/#website\"},\"primaryImageOfPage\":{\"@id\":\"https:\/\/nordnesrepublikken.no\/index.php\/2025\/05\/03\/fra-den-eldste-nasjonalparken-i-europa-til-valle-daosta-baseball\/#primaryimage\"},\"image\":{\"@id\":\"https:\/\/nordnesrepublikken.no\/index.php\/2025\/05\/03\/fra-den-eldste-nasjonalparken-i-europa-til-valle-daosta-baseball\/#primaryimage\"},\"thumbnailUrl\":\"https:\/\/nordnesrepublikken.no\/wp-content\/uploads\/2025\/05\/1746265774_Fra-den-eldste-nasjonalparken-i-Europa-til-Valle-dAosta-baseball-scaled.jpg\",\"datePublished\":\"2025-05-03T09:49:34+00:00\",\"dateModified\":\"2025-05-03T09:49:42+00:00\",\"breadcrumb\":{\"@id\":\"https:\/\/nordnesrepublikken.no\/index.php\/2025\/05\/03\/fra-den-eldste-nasjonalparken-i-europa-til-valle-daosta-baseball\/#breadcrumb\"},\"inLanguage\":\"nb-NO\",\"potentialAction\":[{\"@type\":\"ReadAction\",\"target\":[\"https:\/\/nordnesrepublikken.no\/index.php\/2025\/05\/03\/fra-den-eldste-nasjonalparken-i-europa-til-valle-daosta-baseball\/\"]}]},{\"@type\":\"ImageObject\",\"inLanguage\":\"nb-NO\",\"@id\":\"https:\/\/nordnesrepublikken.no\/index.php\/2025\/05\/03\/fra-den-eldste-nasjonalparken-i-europa-til-valle-daosta-baseball\/#primaryimage\",\"url\":\"https:\/\/nordnesrepublikken.no\/wp-content\/uploads\/2025\/05\/1746265774_Fra-den-eldste-nasjonalparken-i-Europa-til-Valle-dAosta-baseball-scaled.jpg\",\"contentUrl\":\"https:\/\/nordnesrepublikken.no\/wp-content\/uploads\/2025\/05\/1746265774_Fra-den-eldste-nasjonalparken-i-Europa-til-Valle-dAosta-baseball-scaled.jpg\",\"width\":2560,\"height\":1707,\"caption\":\"valle d&#039;aosta\"},{\"@type\":\"BreadcrumbList\",\"@id\":\"https:\/\/nordnesrepublikken.no\/index.php\/2025\/05\/03\/fra-den-eldste-nasjonalparken-i-europa-til-valle-daosta-baseball\/#breadcrumb\",\"itemListElement\":[{\"@type\":\"ListItem\",\"position\":1,\"name\":\"Home\",\"item\":\"https:\/\/nordnesrepublikken.no\/\"},{\"@type\":\"ListItem\",\"position\":2,\"name\":\"Fra den eldste nasjonalparken i Europa til Valle d&#8217;Aosta baseball\"}]},{\"@type\":\"WebSite\",\"@id\":\"https:\/\/nordnesrepublikken.no\/#website\",\"url\":\"https:\/\/nordnesrepublikken.no\/\",\"name\":\"Nordnesrepublikken\",\"description\":\"Stemmer og Visjoner fra Republikkens Hjerte\",\"publisher\":{\"@id\":\"https:\/\/nordnesrepublikken.no\/#organization\"},\"potentialAction\":[{\"@type\":\"SearchAction\",\"target\":{\"@type\":\"EntryPoint\",\"urlTemplate\":\"https:\/\/nordnesrepublikken.no\/?s={search_term_string}\"},\"query-input\":{\"@type\":\"PropertyValueSpecification\",\"valueRequired\":true,\"valueName\":\"search_term_string\"}}],\"inLanguage\":\"nb-NO\"},{\"@type\":\"Organization\",\"@id\":\"https:\/\/nordnesrepublikken.no\/#organization\",\"name\":\"Nordnesrepublikken\",\"url\":\"https:\/\/nordnesrepublikken.no\/\",\"logo\":{\"@type\":\"ImageObject\",\"inLanguage\":\"nb-NO\",\"@id\":\"https:\/\/nordnesrepublikken.no\/#\/schema\/logo\/image\/\",\"url\":\"https:\/\/nordnesrepublikken.no\/wp-content\/uploads\/2025\/02\/cropped-nordnesrepublikken-2.png\",\"contentUrl\":\"https:\/\/nordnesrepublikken.no\/wp-content\/uploads\/2025\/02\/cropped-nordnesrepublikken-2.png\",\"width\":1248,\"height\":362,\"caption\":\"Nordnesrepublikken\"},\"image\":{\"@id\":\"https:\/\/nordnesrepublikken.no\/#\/schema\/logo\/image\/\"}},{\"@type\":\"Person\",\"@id\":\"https:\/\/nordnesrepublikken.no\/#\/schema\/person\/2e7e81935bab77882fffb79296240ff1\",\"name\":\"Ole Andersen\",\"image\":{\"@type\":\"ImageObject\",\"inLanguage\":\"nb-NO\",\"@id\":\"https:\/\/nordnesrepublikken.no\/#\/schema\/person\/image\/\",\"url\":\"https:\/\/nordnesrepublikken.no\/wp-content\/uploads\/2025\/02\/nordnesrepublikken-2-2-150x150.jpg\",\"contentUrl\":\"https:\/\/nordnesrepublikken.no\/wp-content\/uploads\/2025\/02\/nordnesrepublikken-2-2-150x150.jpg\",\"caption\":\"Ole Andersen\"},\"description\":\"Ettersom jeg vokste opp i Oslo, har jeg alltid v\u00e6rt fascinert av ordenes kraft og deres evne til \u00e5 skape endringer. Etter \u00e5 ha fullf\u00f8rt min utdannelse i kommunikasjon ved Universitetet i Bergen, fikk jeg muligheten til \u00e5 jobbe innen ulike medier, der jeg har s\u00f8kt \u00e5 belyse viktige samfunnssp\u00f8rsm\u00e5l. I dag, som redakt\u00f8r for Nordnesrepublikken, pr\u00f8ver jeg \u00e5 forene min kj\u00e6rlighet for journalistikk med min lidenskap for innovasjon og eventyr.\",\"sameAs\":[\"https:\/\/nordnesrepublikken.no\/\"]}]}<\/script>\n<!-- \/ Yoast SEO plugin. -->","yoast_head_json":{"title":"Fra den eldste nasjonalparken i Europa til Valle d'Aosta baseball - Nordnesrepublikken","robots":{"index":"index","follow":"follow","max-snippet":"max-snippet:-1","max-image-preview":"max-image-preview:large","max-video-preview":"max-video-preview:-1"},"canonical":"https:\/\/nordnesrepublikken.no\/index.php\/2025\/05\/03\/fra-den-eldste-nasjonalparken-i-europa-til-valle-daosta-baseball\/","og_locale":"nb_NO","og_type":"article","og_title":"Fra den eldste nasjonalparken i Europa til Valle d'Aosta baseball - Nordnesrepublikken","og_description":"Der Valle d&#8217;Aosta Det er en region med en spesiell lov avNordvest-Italia. Hans identitet er","og_url":"https:\/\/nordnesrepublikken.no\/index.php\/2025\/05\/03\/fra-den-eldste-nasjonalparken-i-europa-til-valle-daosta-baseball\/","og_site_name":"Nordnesrepublikken","article_published_time":"2025-05-03T09:49:34+00:00","article_modified_time":"2025-05-03T09:49:42+00:00","og_image":[{"width":2560,"height":1707,"url":"https:\/\/nordnesrepublikken.no\/wp-content\/uploads\/2025\/05\/1746265774_Fra-den-eldste-nasjonalparken-i-Europa-til-Valle-dAosta-baseball-scaled.jpg","type":"image\/jpeg"}],"author":"Ole Andersen","twitter_card":"summary_large_image","twitter_misc":{"Skrevet av":"Ole Andersen","Ansl. lesetid":"7 minutter"},"schema":{"@context":"https:\/\/schema.org","@graph":[{"@type":"Article","@id":"https:\/\/nordnesrepublikken.no\/index.php\/2025\/05\/03\/fra-den-eldste-nasjonalparken-i-europa-til-valle-daosta-baseball\/#article","isPartOf":{"@id":"https:\/\/nordnesrepublikken.no\/index.php\/2025\/05\/03\/fra-den-eldste-nasjonalparken-i-europa-til-valle-daosta-baseball\/"},"author":{"name":"Ole Andersen","@id":"https:\/\/nordnesrepublikken.no\/#\/schema\/person\/2e7e81935bab77882fffb79296240ff1"},"headline":"Fra den eldste nasjonalparken i Europa til Valle d&#8217;Aosta baseball","datePublished":"2025-05-03T09:49:34+00:00","dateModified":"2025-05-03T09:49:42+00:00","mainEntityOfPage":{"@id":"https:\/\/nordnesrepublikken.no\/index.php\/2025\/05\/03\/fra-den-eldste-nasjonalparken-i-europa-til-valle-daosta-baseball\/"},"wordCount":1338,"publisher":{"@id":"https:\/\/nordnesrepublikken.no\/#organization"},"image":{"@id":"https:\/\/nordnesrepublikken.no\/index.php\/2025\/05\/03\/fra-den-eldste-nasjonalparken-i-europa-til-valle-daosta-baseball\/#primaryimage"},"thumbnailUrl":"https:\/\/nordnesrepublikken.no\/wp-content\/uploads\/2025\/05\/1746265774_Fra-den-eldste-nasjonalparken-i-Europa-til-Valle-dAosta-baseball-scaled.jpg","keywords":["baseball","dAosta","den","eldste","Europa","fra","nasjonalparken","til","Valle"],"articleSection":["Milj\u00f8"],"inLanguage":"nb-NO"},{"@type":"WebPage","@id":"https:\/\/nordnesrepublikken.no\/index.php\/2025\/05\/03\/fra-den-eldste-nasjonalparken-i-europa-til-valle-daosta-baseball\/","url":"https:\/\/nordnesrepublikken.no\/index.php\/2025\/05\/03\/fra-den-eldste-nasjonalparken-i-europa-til-valle-daosta-baseball\/","name":"Fra den eldste nasjonalparken i Europa til Valle d'Aosta baseball - Nordnesrepublikken","isPartOf":{"@id":"https:\/\/nordnesrepublikken.no\/#website"},"primaryImageOfPage":{"@id":"https:\/\/nordnesrepublikken.no\/index.php\/2025\/05\/03\/fra-den-eldste-nasjonalparken-i-europa-til-valle-daosta-baseball\/#primaryimage"},"image":{"@id":"https:\/\/nordnesrepublikken.no\/index.php\/2025\/05\/03\/fra-den-eldste-nasjonalparken-i-europa-til-valle-daosta-baseball\/#primaryimage"},"thumbnailUrl":"https:\/\/nordnesrepublikken.no\/wp-content\/uploads\/2025\/05\/1746265774_Fra-den-eldste-nasjonalparken-i-Europa-til-Valle-dAosta-baseball-scaled.jpg","datePublished":"2025-05-03T09:49:34+00:00","dateModified":"2025-05-03T09:49:42+00:00","breadcrumb":{"@id":"https:\/\/nordnesrepublikken.no\/index.php\/2025\/05\/03\/fra-den-eldste-nasjonalparken-i-europa-til-valle-daosta-baseball\/#breadcrumb"},"inLanguage":"nb-NO","potentialAction":[{"@type":"ReadAction","target":["https:\/\/nordnesrepublikken.no\/index.php\/2025\/05\/03\/fra-den-eldste-nasjonalparken-i-europa-til-valle-daosta-baseball\/"]}]},{"@type":"ImageObject","inLanguage":"nb-NO","@id":"https:\/\/nordnesrepublikken.no\/index.php\/2025\/05\/03\/fra-den-eldste-nasjonalparken-i-europa-til-valle-daosta-baseball\/#primaryimage","url":"https:\/\/nordnesrepublikken.no\/wp-content\/uploads\/2025\/05\/1746265774_Fra-den-eldste-nasjonalparken-i-Europa-til-Valle-dAosta-baseball-scaled.jpg","contentUrl":"https:\/\/nordnesrepublikken.no\/wp-content\/uploads\/2025\/05\/1746265774_Fra-den-eldste-nasjonalparken-i-Europa-til-Valle-dAosta-baseball-scaled.jpg","width":2560,"height":1707,"caption":"valle d&#039;aosta"},{"@type":"BreadcrumbList","@id":"https:\/\/nordnesrepublikken.no\/index.php\/2025\/05\/03\/fra-den-eldste-nasjonalparken-i-europa-til-valle-daosta-baseball\/#breadcrumb","itemListElement":[{"@type":"ListItem","position":1,"name":"Home","item":"https:\/\/nordnesrepublikken.no\/"},{"@type":"ListItem","position":2,"name":"Fra den eldste nasjonalparken i Europa til Valle d&#8217;Aosta baseball"}]},{"@type":"WebSite","@id":"https:\/\/nordnesrepublikken.no\/#website","url":"https:\/\/nordnesrepublikken.no\/","name":"Nordnesrepublikken","description":"Stemmer og Visjoner fra Republikkens Hjerte","publisher":{"@id":"https:\/\/nordnesrepublikken.no\/#organization"},"potentialAction":[{"@type":"SearchAction","target":{"@type":"EntryPoint","urlTemplate":"https:\/\/nordnesrepublikken.no\/?s={search_term_string}"},"query-input":{"@type":"PropertyValueSpecification","valueRequired":true,"valueName":"search_term_string"}}],"inLanguage":"nb-NO"},{"@type":"Organization","@id":"https:\/\/nordnesrepublikken.no\/#organization","name":"Nordnesrepublikken","url":"https:\/\/nordnesrepublikken.no\/","logo":{"@type":"ImageObject","inLanguage":"nb-NO","@id":"https:\/\/nordnesrepublikken.no\/#\/schema\/logo\/image\/","url":"https:\/\/nordnesrepublikken.no\/wp-content\/uploads\/2025\/02\/cropped-nordnesrepublikken-2.png","contentUrl":"https:\/\/nordnesrepublikken.no\/wp-content\/uploads\/2025\/02\/cropped-nordnesrepublikken-2.png","width":1248,"height":362,"caption":"Nordnesrepublikken"},"image":{"@id":"https:\/\/nordnesrepublikken.no\/#\/schema\/logo\/image\/"}},{"@type":"Person","@id":"https:\/\/nordnesrepublikken.no\/#\/schema\/person\/2e7e81935bab77882fffb79296240ff1","name":"Ole Andersen","image":{"@type":"ImageObject","inLanguage":"nb-NO","@id":"https:\/\/nordnesrepublikken.no\/#\/schema\/person\/image\/","url":"https:\/\/nordnesrepublikken.no\/wp-content\/uploads\/2025\/02\/nordnesrepublikken-2-2-150x150.jpg","contentUrl":"https:\/\/nordnesrepublikken.no\/wp-content\/uploads\/2025\/02\/nordnesrepublikken-2-2-150x150.jpg","caption":"Ole Andersen"},"description":"Ettersom jeg vokste opp i Oslo, har jeg alltid v\u00e6rt fascinert av ordenes kraft og deres evne til \u00e5 skape endringer. Etter \u00e5 ha fullf\u00f8rt min utdannelse i kommunikasjon ved Universitetet i Bergen, fikk jeg muligheten til \u00e5 jobbe innen ulike medier, der jeg har s\u00f8kt \u00e5 belyse viktige samfunnssp\u00f8rsm\u00e5l. I dag, som redakt\u00f8r for Nordnesrepublikken, pr\u00f8ver jeg \u00e5 forene min kj\u00e6rlighet for journalistikk med min lidenskap for innovasjon og eventyr.","sameAs":["https:\/\/nordnesrepublikken.no\/"]}]}},"_links":{"self":[{"href":"https:\/\/nordnesrepublikken.no\/index.php\/wp-json\/wp\/v2\/posts\/4108","targetHints":{"allow":["GET"]}}],"collection":[{"href":"https:\/\/nordnesrepublikken.no\/index.php\/wp-json\/wp\/v2\/posts"}],"about":[{"href":"https:\/\/nordnesrepublikken.no\/index.php\/wp-json\/wp\/v2\/types\/post"}],"author":[{"embeddable":true,"href":"https:\/\/nordnesrepublikken.no\/index.php\/wp-json\/wp\/v2\/users\/1"}],"replies":[{"embeddable":true,"href":"https:\/\/nordnesrepublikken.no\/index.php\/wp-json\/wp\/v2\/comments?post=4108"}],"version-history":[{"count":1,"href":"https:\/\/nordnesrepublikken.no\/index.php\/wp-json\/wp\/v2\/posts\/4108\/revisions"}],"predecessor-version":[{"id":4110,"href":"https:\/\/nordnesrepublikken.no\/index.php\/wp-json\/wp\/v2\/posts\/4108\/revisions\/4110"}],"wp:featuredmedia":[{"embeddable":true,"href":"https:\/\/nordnesrepublikken.no\/index.php\/wp-json\/wp\/v2\/media\/4109"}],"wp:attachment":[{"href":"https:\/\/nordnesrepublikken.no\/index.php\/wp-json\/wp\/v2\/media?parent=4108"}],"wp:term":[{"taxonomy":"category","embeddable":true,"href":"https:\/\/nordnesrepublikken.no\/index.php\/wp-json\/wp\/v2\/categories?post=4108"},{"taxonomy":"post_tag","embeddable":true,"href":"https:\/\/nordnesrepublikken.no\/index.php\/wp-json\/wp\/v2\/tags?post=4108"}],"curies":[{"name":"wp","href":"https:\/\/api.w.org\/{rel}","templated":true}]}}