{"id":4069,"date":"2025-05-02T09:49:29","date_gmt":"2025-05-02T07:49:29","guid":{"rendered":"https:\/\/nordnesrepublikken.no\/index.php\/2025\/05\/02\/dgt-kan-ha-det-bra-for-camping-i-bilen-eller-varebilen-din\/"},"modified":"2025-05-02T09:49:29","modified_gmt":"2025-05-02T07:49:29","slug":"dgt-kan-ha-det-bra-for-camping-i-bilen-eller-varebilen-din","status":"publish","type":"post","link":"https:\/\/nordnesrepublikken.no\/index.php\/2025\/05\/02\/dgt-kan-ha-det-bra-for-camping-i-bilen-eller-varebilen-din\/","title":{"rendered":"DGT kan ha det bra for camping i bilen eller varebilen din"},"content":{"rendered":"<p><\/p>\n<div class=\"wordpress-content\">\n                    <!-- Article Start --><\/p>\n<p><span style=\"font-weight: 400\">Siden Covid-19-pandemien har Spania sett en betydelig \u00f8kning i individer og familier som tar campingturer i varebiler og bobiler. <\/span><\/p>\n<p><span style=\"font-weight: 400\">Denne reisestilen har blitt popul\u00e6r blant de som foretrekker en direkte forbindelse med naturen fremfor folkemengder p\u00e5 trendy steder.  <\/span><span style=\"font-weight: 400\">Flere rapporter estimert camping i hele landet har \u00f8kt med opptil 40 prosent i 2024 sammenlignet med 2023, noe som har f\u00f8rt til at General Directorate of Traffic (DGT) forsterker normer ang\u00e5ende hvor og hvordan det er tillatt \u00e5 sove i kj\u00f8ret\u00f8yer.<\/span><\/p>\n<p><span style=\"font-weight: 400\">En av de viktigste tvilene p\u00e5 campingentusiaster har, er ang\u00e5ende forskjellen mellom \u00e5 sove i et kj\u00f8ret\u00f8y og camping utend\u00f8rs. <\/span><span style=\"font-weight: 400\">I f\u00f8lge DGT -tjenestemenn er det lovlige \u00e5 sove i parkerte biler, s\u00e5 lenge spesifikke regler f\u00f8lges, for eksempel \u00e5 parkere kj\u00f8ret\u00f8yet riktig for \u00e5 unng\u00e5 \u00e5 okkupere mer plass enn tillatt. Eksempler inkluderer \u00e5 forlate d\u00f8ren \u00e5pen eller plassere en gjenstand rett utenfor bilen, for eksempel en stol, kj\u00f8ler, telt eller skygge.<\/span><\/p>\n<div class=\"sra_unit\"><link rel=\"stylesheet\" id=\"block-sra\" href=\"https:\/\/euroweeklynews.com\/wp-content\/plugins\/snack-related-articles\/dist\/css\/snack-related.min.css?250312-193541\" type=\"text\/css\" media=\"all\">\n<\/div>\n<p><span style=\"font-weight: 400\">Tvert imot inneb\u00e6rer camping \u00e5 okkupere mer offentlig rom, da det krever \u00e5 sette opp telt eller markiser. Sett ogs\u00e5 opp bord, stoler og et improvisert kj\u00f8kken.<\/span><\/p>\n<h2>B\u00f8ter p\u00e5 opptil 600 euro i ikke-utpekte omr\u00e5der<\/h2>\n<p><span style=\"font-weight: 400\">Imidlertid kan camping i omr\u00e5der som ikke er tillatt eller eksplisitt utpekt for denne utend\u00f8rs aktiviteten, koste deg en bot p\u00e5 opptil 600 euro.<\/span><\/p>\n<p><span style=\"font-weight: 400\">Tiltaket tar sikte p\u00e5 \u00e5 bevare naturlige rom og opprettholde orden i omr\u00e5der som er utpekt for denne typen reisende.<\/span><\/p>\n<p><span style=\"font-weight: 400\">Royal Automobile Club of Spain (Race) har ogs\u00e5 r\u00e5d. Unnlatelse av \u00e5 overholde denne forskriften har sine konsekvenser. Selv om mange sj\u00e5f\u00f8rer tror at med oppdatert forsikring og et gyldig klistremerke for kj\u00f8ret\u00f8y, har de lov til \u00e5 parkere og sove uansett hvor de vil, er sannheten at det kan v\u00e6re dyrt \u00e5 gj\u00f8re det i forbudte omr\u00e5der.<\/span><\/p>\n<h2>Balearene har stivere b\u00f8ter<\/h2>\n<p><span style=\"font-weight: 400\">Mens b\u00f8ter p\u00e5 fastlandet varierer mellom 200 og 600 euro, har Balear -\u00f8yene stivere straffer, p\u00e5 grunn av \u00f8kt turisme, b\u00f8ter for ulovlig camping fra 1500 euro.<\/span><\/p>\n<p><span style=\"font-weight: 400\">Det er unntak verdt \u00e5 merke seg. Politiet kan frafalle en sanksjon hvis personen bor i en bil fordi de er hjeml\u00f8se. De vil selvf\u00f8lgelig kreve \u00e5 holde et gyldig brev fra sosiale tjenester.<\/span><\/p>\n<p><span style=\"font-weight: 400\">Reglene for bruk av bobiler, bobiler og varebiler er forskjellige, avhengig av hvilken kommune, provins eller fellesskap du er i, s\u00e5 selv om noe kan v\u00e6re lovlig p\u00e5 ett sted, kan det v\u00e6re ulovlig andre steder. S\u00e5 sjekk DGT <\/span><span style=\"font-weight: 400\">nettsted<\/span><span style=\"font-weight: 400\">  for mer informasjon.<\/span><\/p>\n<p>                    <!-- Article End --><\/p><\/div>\n","protected":false},"excerpt":{"rendered":"<p>Siden Covid-19-pandemien har Spania sett en betydelig \u00f8kning i individer og familier som tar campingturer<\/p>\n","protected":false},"author":1,"featured_media":4070,"comment_status":"closed","ping_status":"open","sticky":false,"template":"","format":"standard","meta":{"footnotes":""},"categories":[105],"tags":[1942,1637,928,66,1599,584,1156,339,1943],"class_list":["post-4069","post","type-post","status-publish","format-standard","has-post-thumbnail","hentry","category-livsstil","tag-bilen","tag-bra","tag-camping","tag-det","tag-dgt","tag-din","tag-eller","tag-kan","tag-varebilen","generate-columns","tablet-grid-50","mobile-grid-100","grid-parent","grid-33","resize-featured-image"],"yoast_head":"<!-- This site is optimized with the Yoast SEO plugin v24.4 - https:\/\/yoast.com\/wordpress\/plugins\/seo\/ -->\n<title>DGT kan ha det bra for camping i bilen eller varebilen din - Nordnesrepublikken<\/title>\n<meta name=\"robots\" content=\"index, follow, max-snippet:-1, max-image-preview:large, max-video-preview:-1\" \/>\n<link rel=\"canonical\" href=\"https:\/\/nordnesrepublikken.no\/index.php\/2025\/05\/02\/dgt-kan-ha-det-bra-for-camping-i-bilen-eller-varebilen-din\/\" \/>\n<meta property=\"og:locale\" content=\"nb_NO\" \/>\n<meta property=\"og:type\" content=\"article\" \/>\n<meta property=\"og:title\" content=\"DGT kan ha det bra for camping i bilen eller varebilen din - Nordnesrepublikken\" \/>\n<meta property=\"og:description\" content=\"Siden Covid-19-pandemien har Spania sett en betydelig \u00f8kning i individer og familier som tar campingturer\" \/>\n<meta property=\"og:url\" content=\"https:\/\/nordnesrepublikken.no\/index.php\/2025\/05\/02\/dgt-kan-ha-det-bra-for-camping-i-bilen-eller-varebilen-din\/\" \/>\n<meta property=\"og:site_name\" content=\"Nordnesrepublikken\" \/>\n<meta property=\"article:published_time\" content=\"2025-05-02T07:49:29+00:00\" \/>\n<meta property=\"og:image\" content=\"https:\/\/nordnesrepublikken.no\/wp-content\/uploads\/2025\/05\/1746172169_DGT-kan-ha-det-bra-for-camping-i-bilen-eller.jpeg\" \/>\n\t<meta property=\"og:image:width\" content=\"1000\" \/>\n\t<meta property=\"og:image:height\" content=\"666\" \/>\n\t<meta property=\"og:image:type\" content=\"image\/jpeg\" \/>\n<meta name=\"author\" content=\"Ole Andersen\" \/>\n<meta name=\"twitter:card\" content=\"summary_large_image\" \/>\n<meta name=\"twitter:label1\" content=\"Skrevet av\" \/>\n\t<meta name=\"twitter:data1\" content=\"Ole Andersen\" \/>\n\t<meta name=\"twitter:label2\" content=\"Ansl. lesetid\" \/>\n\t<meta name=\"twitter:data2\" content=\"2 minutter\" \/>\n<script type=\"application\/ld+json\" class=\"yoast-schema-graph\">{\"@context\":\"https:\/\/schema.org\",\"@graph\":[{\"@type\":\"Article\",\"@id\":\"https:\/\/nordnesrepublikken.no\/index.php\/2025\/05\/02\/dgt-kan-ha-det-bra-for-camping-i-bilen-eller-varebilen-din\/#article\",\"isPartOf\":{\"@id\":\"https:\/\/nordnesrepublikken.no\/index.php\/2025\/05\/02\/dgt-kan-ha-det-bra-for-camping-i-bilen-eller-varebilen-din\/\"},\"author\":{\"name\":\"Ole Andersen\",\"@id\":\"https:\/\/nordnesrepublikken.no\/#\/schema\/person\/2e7e81935bab77882fffb79296240ff1\"},\"headline\":\"DGT kan ha det bra for camping i bilen eller varebilen din\",\"datePublished\":\"2025-05-02T07:49:29+00:00\",\"mainEntityOfPage\":{\"@id\":\"https:\/\/nordnesrepublikken.no\/index.php\/2025\/05\/02\/dgt-kan-ha-det-bra-for-camping-i-bilen-eller-varebilen-din\/\"},\"wordCount\":426,\"publisher\":{\"@id\":\"https:\/\/nordnesrepublikken.no\/#organization\"},\"image\":{\"@id\":\"https:\/\/nordnesrepublikken.no\/index.php\/2025\/05\/02\/dgt-kan-ha-det-bra-for-camping-i-bilen-eller-varebilen-din\/#primaryimage\"},\"thumbnailUrl\":\"https:\/\/nordnesrepublikken.no\/wp-content\/uploads\/2025\/05\/1746172169_DGT-kan-ha-det-bra-for-camping-i-bilen-eller.jpeg\",\"keywords\":[\"bilen\",\"bra\",\"Camping\",\"Det\",\"DGT\",\"din\",\"eller\",\"kan\",\"varebilen\"],\"articleSection\":[\"Livsstil\"],\"inLanguage\":\"nb-NO\"},{\"@type\":\"WebPage\",\"@id\":\"https:\/\/nordnesrepublikken.no\/index.php\/2025\/05\/02\/dgt-kan-ha-det-bra-for-camping-i-bilen-eller-varebilen-din\/\",\"url\":\"https:\/\/nordnesrepublikken.no\/index.php\/2025\/05\/02\/dgt-kan-ha-det-bra-for-camping-i-bilen-eller-varebilen-din\/\",\"name\":\"DGT kan ha det bra for camping i bilen eller varebilen din - Nordnesrepublikken\",\"isPartOf\":{\"@id\":\"https:\/\/nordnesrepublikken.no\/#website\"},\"primaryImageOfPage\":{\"@id\":\"https:\/\/nordnesrepublikken.no\/index.php\/2025\/05\/02\/dgt-kan-ha-det-bra-for-camping-i-bilen-eller-varebilen-din\/#primaryimage\"},\"image\":{\"@id\":\"https:\/\/nordnesrepublikken.no\/index.php\/2025\/05\/02\/dgt-kan-ha-det-bra-for-camping-i-bilen-eller-varebilen-din\/#primaryimage\"},\"thumbnailUrl\":\"https:\/\/nordnesrepublikken.no\/wp-content\/uploads\/2025\/05\/1746172169_DGT-kan-ha-det-bra-for-camping-i-bilen-eller.jpeg\",\"datePublished\":\"2025-05-02T07:49:29+00:00\",\"breadcrumb\":{\"@id\":\"https:\/\/nordnesrepublikken.no\/index.php\/2025\/05\/02\/dgt-kan-ha-det-bra-for-camping-i-bilen-eller-varebilen-din\/#breadcrumb\"},\"inLanguage\":\"nb-NO\",\"potentialAction\":[{\"@type\":\"ReadAction\",\"target\":[\"https:\/\/nordnesrepublikken.no\/index.php\/2025\/05\/02\/dgt-kan-ha-det-bra-for-camping-i-bilen-eller-varebilen-din\/\"]}]},{\"@type\":\"ImageObject\",\"inLanguage\":\"nb-NO\",\"@id\":\"https:\/\/nordnesrepublikken.no\/index.php\/2025\/05\/02\/dgt-kan-ha-det-bra-for-camping-i-bilen-eller-varebilen-din\/#primaryimage\",\"url\":\"https:\/\/nordnesrepublikken.no\/wp-content\/uploads\/2025\/05\/1746172169_DGT-kan-ha-det-bra-for-camping-i-bilen-eller.jpeg\",\"contentUrl\":\"https:\/\/nordnesrepublikken.no\/wp-content\/uploads\/2025\/05\/1746172169_DGT-kan-ha-det-bra-for-camping-i-bilen-eller.jpeg\",\"width\":1000,\"height\":666,\"caption\":\"DGT kan ha det bra for camping i bilen eller varebilen din\"},{\"@type\":\"BreadcrumbList\",\"@id\":\"https:\/\/nordnesrepublikken.no\/index.php\/2025\/05\/02\/dgt-kan-ha-det-bra-for-camping-i-bilen-eller-varebilen-din\/#breadcrumb\",\"itemListElement\":[{\"@type\":\"ListItem\",\"position\":1,\"name\":\"Home\",\"item\":\"https:\/\/nordnesrepublikken.no\/\"},{\"@type\":\"ListItem\",\"position\":2,\"name\":\"DGT kan ha det bra for camping i bilen eller varebilen din\"}]},{\"@type\":\"WebSite\",\"@id\":\"https:\/\/nordnesrepublikken.no\/#website\",\"url\":\"https:\/\/nordnesrepublikken.no\/\",\"name\":\"Nordnesrepublikken\",\"description\":\"Stemmer og Visjoner fra Republikkens Hjerte\",\"publisher\":{\"@id\":\"https:\/\/nordnesrepublikken.no\/#organization\"},\"potentialAction\":[{\"@type\":\"SearchAction\",\"target\":{\"@type\":\"EntryPoint\",\"urlTemplate\":\"https:\/\/nordnesrepublikken.no\/?s={search_term_string}\"},\"query-input\":{\"@type\":\"PropertyValueSpecification\",\"valueRequired\":true,\"valueName\":\"search_term_string\"}}],\"inLanguage\":\"nb-NO\"},{\"@type\":\"Organization\",\"@id\":\"https:\/\/nordnesrepublikken.no\/#organization\",\"name\":\"Nordnesrepublikken\",\"url\":\"https:\/\/nordnesrepublikken.no\/\",\"logo\":{\"@type\":\"ImageObject\",\"inLanguage\":\"nb-NO\",\"@id\":\"https:\/\/nordnesrepublikken.no\/#\/schema\/logo\/image\/\",\"url\":\"https:\/\/nordnesrepublikken.no\/wp-content\/uploads\/2025\/02\/cropped-nordnesrepublikken-2.png\",\"contentUrl\":\"https:\/\/nordnesrepublikken.no\/wp-content\/uploads\/2025\/02\/cropped-nordnesrepublikken-2.png\",\"width\":1248,\"height\":362,\"caption\":\"Nordnesrepublikken\"},\"image\":{\"@id\":\"https:\/\/nordnesrepublikken.no\/#\/schema\/logo\/image\/\"}},{\"@type\":\"Person\",\"@id\":\"https:\/\/nordnesrepublikken.no\/#\/schema\/person\/2e7e81935bab77882fffb79296240ff1\",\"name\":\"Ole Andersen\",\"image\":{\"@type\":\"ImageObject\",\"inLanguage\":\"nb-NO\",\"@id\":\"https:\/\/nordnesrepublikken.no\/#\/schema\/person\/image\/\",\"url\":\"https:\/\/nordnesrepublikken.no\/wp-content\/uploads\/2025\/02\/nordnesrepublikken-2-2-150x150.jpg\",\"contentUrl\":\"https:\/\/nordnesrepublikken.no\/wp-content\/uploads\/2025\/02\/nordnesrepublikken-2-2-150x150.jpg\",\"caption\":\"Ole Andersen\"},\"description\":\"Ettersom jeg vokste opp i Oslo, har jeg alltid v\u00e6rt fascinert av ordenes kraft og deres evne til \u00e5 skape endringer. Etter \u00e5 ha fullf\u00f8rt min utdannelse i kommunikasjon ved Universitetet i Bergen, fikk jeg muligheten til \u00e5 jobbe innen ulike medier, der jeg har s\u00f8kt \u00e5 belyse viktige samfunnssp\u00f8rsm\u00e5l. I dag, som redakt\u00f8r for Nordnesrepublikken, pr\u00f8ver jeg \u00e5 forene min kj\u00e6rlighet for journalistikk med min lidenskap for innovasjon og eventyr.\",\"sameAs\":[\"https:\/\/nordnesrepublikken.no\/\"]}]}<\/script>\n<!-- \/ Yoast SEO plugin. -->","yoast_head_json":{"title":"DGT kan ha det bra for camping i bilen eller varebilen din - Nordnesrepublikken","robots":{"index":"index","follow":"follow","max-snippet":"max-snippet:-1","max-image-preview":"max-image-preview:large","max-video-preview":"max-video-preview:-1"},"canonical":"https:\/\/nordnesrepublikken.no\/index.php\/2025\/05\/02\/dgt-kan-ha-det-bra-for-camping-i-bilen-eller-varebilen-din\/","og_locale":"nb_NO","og_type":"article","og_title":"DGT kan ha det bra for camping i bilen eller varebilen din - Nordnesrepublikken","og_description":"Siden Covid-19-pandemien har Spania sett en betydelig \u00f8kning i individer og familier som tar campingturer","og_url":"https:\/\/nordnesrepublikken.no\/index.php\/2025\/05\/02\/dgt-kan-ha-det-bra-for-camping-i-bilen-eller-varebilen-din\/","og_site_name":"Nordnesrepublikken","article_published_time":"2025-05-02T07:49:29+00:00","og_image":[{"width":1000,"height":666,"url":"https:\/\/nordnesrepublikken.no\/wp-content\/uploads\/2025\/05\/1746172169_DGT-kan-ha-det-bra-for-camping-i-bilen-eller.jpeg","type":"image\/jpeg"}],"author":"Ole Andersen","twitter_card":"summary_large_image","twitter_misc":{"Skrevet av":"Ole Andersen","Ansl. lesetid":"2 minutter"},"schema":{"@context":"https:\/\/schema.org","@graph":[{"@type":"Article","@id":"https:\/\/nordnesrepublikken.no\/index.php\/2025\/05\/02\/dgt-kan-ha-det-bra-for-camping-i-bilen-eller-varebilen-din\/#article","isPartOf":{"@id":"https:\/\/nordnesrepublikken.no\/index.php\/2025\/05\/02\/dgt-kan-ha-det-bra-for-camping-i-bilen-eller-varebilen-din\/"},"author":{"name":"Ole Andersen","@id":"https:\/\/nordnesrepublikken.no\/#\/schema\/person\/2e7e81935bab77882fffb79296240ff1"},"headline":"DGT kan ha det bra for camping i bilen eller varebilen din","datePublished":"2025-05-02T07:49:29+00:00","mainEntityOfPage":{"@id":"https:\/\/nordnesrepublikken.no\/index.php\/2025\/05\/02\/dgt-kan-ha-det-bra-for-camping-i-bilen-eller-varebilen-din\/"},"wordCount":426,"publisher":{"@id":"https:\/\/nordnesrepublikken.no\/#organization"},"image":{"@id":"https:\/\/nordnesrepublikken.no\/index.php\/2025\/05\/02\/dgt-kan-ha-det-bra-for-camping-i-bilen-eller-varebilen-din\/#primaryimage"},"thumbnailUrl":"https:\/\/nordnesrepublikken.no\/wp-content\/uploads\/2025\/05\/1746172169_DGT-kan-ha-det-bra-for-camping-i-bilen-eller.jpeg","keywords":["bilen","bra","Camping","Det","DGT","din","eller","kan","varebilen"],"articleSection":["Livsstil"],"inLanguage":"nb-NO"},{"@type":"WebPage","@id":"https:\/\/nordnesrepublikken.no\/index.php\/2025\/05\/02\/dgt-kan-ha-det-bra-for-camping-i-bilen-eller-varebilen-din\/","url":"https:\/\/nordnesrepublikken.no\/index.php\/2025\/05\/02\/dgt-kan-ha-det-bra-for-camping-i-bilen-eller-varebilen-din\/","name":"DGT kan ha det bra for camping i bilen eller varebilen din - Nordnesrepublikken","isPartOf":{"@id":"https:\/\/nordnesrepublikken.no\/#website"},"primaryImageOfPage":{"@id":"https:\/\/nordnesrepublikken.no\/index.php\/2025\/05\/02\/dgt-kan-ha-det-bra-for-camping-i-bilen-eller-varebilen-din\/#primaryimage"},"image":{"@id":"https:\/\/nordnesrepublikken.no\/index.php\/2025\/05\/02\/dgt-kan-ha-det-bra-for-camping-i-bilen-eller-varebilen-din\/#primaryimage"},"thumbnailUrl":"https:\/\/nordnesrepublikken.no\/wp-content\/uploads\/2025\/05\/1746172169_DGT-kan-ha-det-bra-for-camping-i-bilen-eller.jpeg","datePublished":"2025-05-02T07:49:29+00:00","breadcrumb":{"@id":"https:\/\/nordnesrepublikken.no\/index.php\/2025\/05\/02\/dgt-kan-ha-det-bra-for-camping-i-bilen-eller-varebilen-din\/#breadcrumb"},"inLanguage":"nb-NO","potentialAction":[{"@type":"ReadAction","target":["https:\/\/nordnesrepublikken.no\/index.php\/2025\/05\/02\/dgt-kan-ha-det-bra-for-camping-i-bilen-eller-varebilen-din\/"]}]},{"@type":"ImageObject","inLanguage":"nb-NO","@id":"https:\/\/nordnesrepublikken.no\/index.php\/2025\/05\/02\/dgt-kan-ha-det-bra-for-camping-i-bilen-eller-varebilen-din\/#primaryimage","url":"https:\/\/nordnesrepublikken.no\/wp-content\/uploads\/2025\/05\/1746172169_DGT-kan-ha-det-bra-for-camping-i-bilen-eller.jpeg","contentUrl":"https:\/\/nordnesrepublikken.no\/wp-content\/uploads\/2025\/05\/1746172169_DGT-kan-ha-det-bra-for-camping-i-bilen-eller.jpeg","width":1000,"height":666,"caption":"DGT kan ha det bra for camping i bilen eller varebilen din"},{"@type":"BreadcrumbList","@id":"https:\/\/nordnesrepublikken.no\/index.php\/2025\/05\/02\/dgt-kan-ha-det-bra-for-camping-i-bilen-eller-varebilen-din\/#breadcrumb","itemListElement":[{"@type":"ListItem","position":1,"name":"Home","item":"https:\/\/nordnesrepublikken.no\/"},{"@type":"ListItem","position":2,"name":"DGT kan ha det bra for camping i bilen eller varebilen din"}]},{"@type":"WebSite","@id":"https:\/\/nordnesrepublikken.no\/#website","url":"https:\/\/nordnesrepublikken.no\/","name":"Nordnesrepublikken","description":"Stemmer og Visjoner fra Republikkens Hjerte","publisher":{"@id":"https:\/\/nordnesrepublikken.no\/#organization"},"potentialAction":[{"@type":"SearchAction","target":{"@type":"EntryPoint","urlTemplate":"https:\/\/nordnesrepublikken.no\/?s={search_term_string}"},"query-input":{"@type":"PropertyValueSpecification","valueRequired":true,"valueName":"search_term_string"}}],"inLanguage":"nb-NO"},{"@type":"Organization","@id":"https:\/\/nordnesrepublikken.no\/#organization","name":"Nordnesrepublikken","url":"https:\/\/nordnesrepublikken.no\/","logo":{"@type":"ImageObject","inLanguage":"nb-NO","@id":"https:\/\/nordnesrepublikken.no\/#\/schema\/logo\/image\/","url":"https:\/\/nordnesrepublikken.no\/wp-content\/uploads\/2025\/02\/cropped-nordnesrepublikken-2.png","contentUrl":"https:\/\/nordnesrepublikken.no\/wp-content\/uploads\/2025\/02\/cropped-nordnesrepublikken-2.png","width":1248,"height":362,"caption":"Nordnesrepublikken"},"image":{"@id":"https:\/\/nordnesrepublikken.no\/#\/schema\/logo\/image\/"}},{"@type":"Person","@id":"https:\/\/nordnesrepublikken.no\/#\/schema\/person\/2e7e81935bab77882fffb79296240ff1","name":"Ole Andersen","image":{"@type":"ImageObject","inLanguage":"nb-NO","@id":"https:\/\/nordnesrepublikken.no\/#\/schema\/person\/image\/","url":"https:\/\/nordnesrepublikken.no\/wp-content\/uploads\/2025\/02\/nordnesrepublikken-2-2-150x150.jpg","contentUrl":"https:\/\/nordnesrepublikken.no\/wp-content\/uploads\/2025\/02\/nordnesrepublikken-2-2-150x150.jpg","caption":"Ole Andersen"},"description":"Ettersom jeg vokste opp i Oslo, har jeg alltid v\u00e6rt fascinert av ordenes kraft og deres evne til \u00e5 skape endringer. Etter \u00e5 ha fullf\u00f8rt min utdannelse i kommunikasjon ved Universitetet i Bergen, fikk jeg muligheten til \u00e5 jobbe innen ulike medier, der jeg har s\u00f8kt \u00e5 belyse viktige samfunnssp\u00f8rsm\u00e5l. I dag, som redakt\u00f8r for Nordnesrepublikken, pr\u00f8ver jeg \u00e5 forene min kj\u00e6rlighet for journalistikk med min lidenskap for innovasjon og eventyr.","sameAs":["https:\/\/nordnesrepublikken.no\/"]}]}},"_links":{"self":[{"href":"https:\/\/nordnesrepublikken.no\/index.php\/wp-json\/wp\/v2\/posts\/4069","targetHints":{"allow":["GET"]}}],"collection":[{"href":"https:\/\/nordnesrepublikken.no\/index.php\/wp-json\/wp\/v2\/posts"}],"about":[{"href":"https:\/\/nordnesrepublikken.no\/index.php\/wp-json\/wp\/v2\/types\/post"}],"author":[{"embeddable":true,"href":"https:\/\/nordnesrepublikken.no\/index.php\/wp-json\/wp\/v2\/users\/1"}],"replies":[{"embeddable":true,"href":"https:\/\/nordnesrepublikken.no\/index.php\/wp-json\/wp\/v2\/comments?post=4069"}],"version-history":[{"count":1,"href":"https:\/\/nordnesrepublikken.no\/index.php\/wp-json\/wp\/v2\/posts\/4069\/revisions"}],"predecessor-version":[{"id":4071,"href":"https:\/\/nordnesrepublikken.no\/index.php\/wp-json\/wp\/v2\/posts\/4069\/revisions\/4071"}],"wp:featuredmedia":[{"embeddable":true,"href":"https:\/\/nordnesrepublikken.no\/index.php\/wp-json\/wp\/v2\/media\/4070"}],"wp:attachment":[{"href":"https:\/\/nordnesrepublikken.no\/index.php\/wp-json\/wp\/v2\/media?parent=4069"}],"wp:term":[{"taxonomy":"category","embeddable":true,"href":"https:\/\/nordnesrepublikken.no\/index.php\/wp-json\/wp\/v2\/categories?post=4069"},{"taxonomy":"post_tag","embeddable":true,"href":"https:\/\/nordnesrepublikken.no\/index.php\/wp-json\/wp\/v2\/tags?post=4069"}],"curies":[{"name":"wp","href":"https:\/\/api.w.org\/{rel}","templated":true}]}}