{"id":4066,"date":"2025-05-02T06:49:48","date_gmt":"2025-05-02T04:49:48","guid":{"rendered":"https:\/\/nordnesrepublikken.no\/index.php\/2025\/05\/02\/fordi-kameler-og-dromedarer-har-pukkel\/"},"modified":"2025-05-02T06:49:52","modified_gmt":"2025-05-02T04:49:52","slug":"fordi-kameler-og-dromedarer-har-pukkel","status":"publish","type":"post","link":"https:\/\/nordnesrepublikken.no\/index.php\/2025\/05\/02\/fordi-kameler-og-dromedarer-har-pukkel\/","title":{"rendered":"Fordi kameler og dromedarer har pukkel"},"content":{"rendered":"<div>\n<div class=\"cp_wrapper cp_wrapper--fw mb-30 mb-20@tablet\">\n<figure class=\"mm\"><picture class=\"img\" style=\"padding-top:56.25%\"><source  media=\"(min-width: 1024px)\"><source  media=\"(min-width: 768px)\"><\/source><\/source><\/picture><\/figure>\n<\/p><\/div>\n<p>Nei, jeg <strong>kameler<\/strong> Han er <strong>dromedarer<\/strong>i motsetning til en utbredt tro, ikke transporter vann til<strong> hull<\/strong> p\u00e5 baksiden, men <strong>fet reserver <\/strong>som med en vekt p\u00e5 til og med 35 kg, gi <strong>energi<\/strong> \u00c5 overleve i lang tid uten vann og mat. Disse dyrene, med kallenavnet &laquo;Desert Ships&raquo;, er en del av Camelid -familien og er n\u00e6re slektninger til Lama og Alpaca. I dag er det tre arter i verden: den <strong>Dromedary<\/strong> (<em>Camelus Dromedarius<\/em>), preget av en enkelt pukkel og utbredt i \u00f8rkenregionene i Afrika og Asia; De <strong>Innenriks Battiano Camel<\/strong> (<em>Camelus Bactrianus<\/em>), med to pukkler og innbyggere i Sentral -Asia; og <strong>Wild Battian Camel<\/strong> (<em>Camelus Ferus<\/em>), en art med risiko for utryddelse med to pukkel, til stede i avsidesliggende omr\u00e5der i Mongolia og Kina. Disse dyrene demonstrerer en ekstraordin\u00e6r evne til \u00e5 tilpasse seg <strong>Ekstrem klima<\/strong>b\u00e5de varmt og kaldt, takket v\u00e6re en serie evolusjonsstrategier som lar dem trives i milj\u00f8er med mangel p\u00e5 vann og vegetasjon.<\/p>\n<h2>Humpene av kameler og dromedarer: en reserve av energi og varme<\/h2>\n<p>De <strong>hull<\/strong> De lar kameler og dromedarer motst\u00e5 i lange perioder uten \u00e5 drikke og spise, men ikke fordi de er vanntanker, men fordi de er viktige <strong>Reserver av fettvev<\/strong>. Fett <strong>energiproduksjon<\/strong>. Gjennom beta-oksidasjonsprosessen omdannes fettsyrer til molekyler som kan brukes av mitokondrier, celler av celler, for \u00e5 produsere energi. N\u00e5r kamelen forbruker dette energipantryet i perioder uten mat, kan pukkelen <strong>t\u00f8mme <\/strong>\u00c5 miste volumet, men vil g\u00e5 tilbake til den opprinnelige tilstanden n\u00e5r kamelen er i stand til \u00e5 friske opp.<\/p>\n<p>I tillegg til dette, fett <strong>akkumulert<\/strong> I et tydelig omr\u00e5de, i motsetning til de andre pattedyrene som fordeler det i hele kroppen, hjelper det disse dyrene a <strong>Juster kroppstemperaturen<\/strong>. Denne funksjonen er grunnleggende i \u00f8rkener der temperaturene kan v\u00e6re veldig h\u00f8ye om dagen og drastisk nedover natten. Med fettet konsentrert p\u00e5 ryggen, lykkes kamelene i <strong>isolere<\/strong> Resten av kroppen er veldig bra p\u00e5 dagtid n\u00e5r det er veldig varmt, mens om natten blir overfl\u00f8dig varme som er akkumulert i hullet spredt ved \u00e5 varme opp hele dyret i l\u00f8pet av de kalde timene.<\/p>\n<div class=\"cp_wrapper cp_wrapper--fw mb-50\">\n<figure class=\"mm\"><picture class=\"img\" style=\"padding-top:66.666666666667%\"><source  media=\"(min-width: 1024px)\"><source  media=\"(min-width: 768px)\"><img decoding=\"async\" loading=\"lazy\" src=\"https:\/\/nordnesrepublikken.no\/wp-content\/uploads\/2025\/05\/1746161388_207_Fordi-kameler-og-dromedarer-har-pukkel.jpg\" alt=\"Dromedary\" width=\"1254\" height=\"836\"><\/source><\/source><\/picture><\/figure>\n<\/p><\/div>\n<h2>Evnen til \u00e5 bevare vann og t\u00e5le dehydrering av kameler<\/h2>\n<p>Kameler og dromedarier, mens de ikke transporterer vann til pukkelen, er kjent for \u00e5 kunne motst\u00e5 lang tid <strong>uten \u00e5 drikke<\/strong>egentlig <strong>uker eller m\u00e5neder<\/strong>klarer \u00e5 motst\u00e5 et tap p\u00e5 30% av kroppsvekten. Denne evnen er gitt av noen evolusjon\u00e6re forholdsregler som har gjort disse dyrene egnet for \u00e5 leve i milj\u00f8er med ekstreme klimatiske forhold.<\/p>\n<p>Disse dyrene klarer \u00e5 minimere vanntap av kroppen sin gjennom:<\/p>\n<ul>\n<li><strong>Minimering av svette<\/strong>: H\u00e5ret danner en ullet kappe som isolerer kroppen og lar dyret n\u00e5 temperaturen p\u00e5 41 \u00b0 C f\u00f8r det svetter og reduserer vanntapet<\/li>\n<li>Produksjon av <strong>urin<\/strong> tett og sirupaktig og av <strong>avf\u00f8ring<\/strong> Veldig t\u00f8rt takket v\u00e6re tarmen til \u00e5 absorbere vann<\/li>\n<li><strong>Nese som avfukter<\/strong>: Luften som vi mennesker utl\u00f8per inneholder vanndamp som blir &laquo;kastet ut&raquo;, kamelnesen i stedet, takket v\u00e6re en stor kontaktflate dannet av bretter og membraner klarer \u00e5 avkj\u00f8le den utg\u00e5ende luften ved \u00e5 kondensere dampen og transformere den til vann som kan bli reabsorbert.<\/li>\n<\/ul>\n<p>Det er ikke over her, tilpasningen av kamelider til \u00f8rkenmilj\u00f8et har ogs\u00e5 endret morfologien til dem p\u00e5 en unik m\u00e5te<strong> R\u00f8de blodlegemer<\/strong>noe som gj\u00f8r dem til et sentralt element for \u00e5 overleve. I motsetning til den avrundede biconcava -formen som er typisk for de r\u00f8de blodlegemene til de fleste pattedyr, inkludert mennesker, har de av kamelider en <strong>oval<\/strong>. Denne formen gir cellene en ekstraordin\u00e6r <strong>Utvidelseskapasitet<\/strong>slik at de kan motst\u00e5 den raske inngangen til store mengder vann uten \u00e5 bryte. Videre, under dehydrering, n\u00e5r blodet har en tendens til \u00e5 bli mer <strong>visk\u00f8s<\/strong>denne spesielle formen og den unike sammensetningen av cellemembranen garanterer at kamelerens blod opprettholder en <strong>Fluiditet<\/strong> tilstrekkelig for sirkulasjon.<\/p>\n<\/p><\/div>\n","protected":false},"excerpt":{"rendered":"<p>Nei, jeg kameler Han er dromedareri motsetning til en utbredt tro, ikke transporter vann til<\/p>\n","protected":false},"author":1,"featured_media":4067,"comment_status":"closed","ping_status":"open","sticky":false,"template":"","format":"standard","meta":{"footnotes":""},"categories":[24],"tags":[1940,83,179,1939,1941],"class_list":["post-4066","post","type-post","status-publish","format-standard","has-post-thumbnail","hentry","category-vitenskap","tag-dromedarer","tag-fordi","tag-har","tag-kameler","tag-pukkel","generate-columns","tablet-grid-50","mobile-grid-100","grid-parent","grid-33","resize-featured-image"],"yoast_head":"<!-- This site is optimized with the Yoast SEO plugin v24.4 - https:\/\/yoast.com\/wordpress\/plugins\/seo\/ -->\n<title>Fordi kameler og dromedarer har pukkel - Nordnesrepublikken<\/title>\n<meta name=\"robots\" content=\"index, follow, max-snippet:-1, max-image-preview:large, max-video-preview:-1\" \/>\n<link rel=\"canonical\" href=\"https:\/\/nordnesrepublikken.no\/index.php\/2025\/05\/02\/fordi-kameler-og-dromedarer-har-pukkel\/\" \/>\n<meta property=\"og:locale\" content=\"nb_NO\" \/>\n<meta property=\"og:type\" content=\"article\" \/>\n<meta property=\"og:title\" content=\"Fordi kameler og dromedarer har pukkel - Nordnesrepublikken\" \/>\n<meta property=\"og:description\" content=\"Nei, jeg kameler Han er dromedareri motsetning til en utbredt tro, ikke transporter vann til\" \/>\n<meta property=\"og:url\" content=\"https:\/\/nordnesrepublikken.no\/index.php\/2025\/05\/02\/fordi-kameler-og-dromedarer-har-pukkel\/\" \/>\n<meta property=\"og:site_name\" content=\"Nordnesrepublikken\" \/>\n<meta property=\"article:published_time\" content=\"2025-05-02T04:49:48+00:00\" \/>\n<meta property=\"article:modified_time\" content=\"2025-05-02T04:49:52+00:00\" \/>\n<meta property=\"og:image\" content=\"https:\/\/nordnesrepublikken.no\/wp-content\/uploads\/2025\/05\/1746161389_Fordi-kameler-og-dromedarer-har-pukkel.jpg\" \/>\n\t<meta property=\"og:image:width\" content=\"2560\" \/>\n\t<meta property=\"og:image:height\" content=\"1920\" \/>\n\t<meta property=\"og:image:type\" content=\"image\/jpeg\" \/>\n<meta name=\"author\" content=\"Ole Andersen\" \/>\n<meta name=\"twitter:card\" content=\"summary_large_image\" \/>\n<meta name=\"twitter:label1\" content=\"Skrevet av\" \/>\n\t<meta name=\"twitter:data1\" content=\"Ole Andersen\" \/>\n\t<meta name=\"twitter:label2\" content=\"Ansl. lesetid\" \/>\n\t<meta name=\"twitter:data2\" content=\"3 minutter\" \/>\n<script type=\"application\/ld+json\" class=\"yoast-schema-graph\">{\"@context\":\"https:\/\/schema.org\",\"@graph\":[{\"@type\":\"Article\",\"@id\":\"https:\/\/nordnesrepublikken.no\/index.php\/2025\/05\/02\/fordi-kameler-og-dromedarer-har-pukkel\/#article\",\"isPartOf\":{\"@id\":\"https:\/\/nordnesrepublikken.no\/index.php\/2025\/05\/02\/fordi-kameler-og-dromedarer-har-pukkel\/\"},\"author\":{\"name\":\"Ole Andersen\",\"@id\":\"https:\/\/nordnesrepublikken.no\/#\/schema\/person\/2e7e81935bab77882fffb79296240ff1\"},\"headline\":\"Fordi kameler og dromedarer har pukkel\",\"datePublished\":\"2025-05-02T04:49:48+00:00\",\"dateModified\":\"2025-05-02T04:49:52+00:00\",\"mainEntityOfPage\":{\"@id\":\"https:\/\/nordnesrepublikken.no\/index.php\/2025\/05\/02\/fordi-kameler-og-dromedarer-har-pukkel\/\"},\"wordCount\":637,\"publisher\":{\"@id\":\"https:\/\/nordnesrepublikken.no\/#organization\"},\"image\":{\"@id\":\"https:\/\/nordnesrepublikken.no\/index.php\/2025\/05\/02\/fordi-kameler-og-dromedarer-har-pukkel\/#primaryimage\"},\"thumbnailUrl\":\"https:\/\/nordnesrepublikken.no\/wp-content\/uploads\/2025\/05\/1746161389_Fordi-kameler-og-dromedarer-har-pukkel.jpg\",\"keywords\":[\"dromedarer\",\"Fordi\",\"har\",\"kameler\",\"pukkel\"],\"articleSection\":[\"Vitenskap\"],\"inLanguage\":\"nb-NO\"},{\"@type\":\"WebPage\",\"@id\":\"https:\/\/nordnesrepublikken.no\/index.php\/2025\/05\/02\/fordi-kameler-og-dromedarer-har-pukkel\/\",\"url\":\"https:\/\/nordnesrepublikken.no\/index.php\/2025\/05\/02\/fordi-kameler-og-dromedarer-har-pukkel\/\",\"name\":\"Fordi kameler og dromedarer har pukkel - Nordnesrepublikken\",\"isPartOf\":{\"@id\":\"https:\/\/nordnesrepublikken.no\/#website\"},\"primaryImageOfPage\":{\"@id\":\"https:\/\/nordnesrepublikken.no\/index.php\/2025\/05\/02\/fordi-kameler-og-dromedarer-har-pukkel\/#primaryimage\"},\"image\":{\"@id\":\"https:\/\/nordnesrepublikken.no\/index.php\/2025\/05\/02\/fordi-kameler-og-dromedarer-har-pukkel\/#primaryimage\"},\"thumbnailUrl\":\"https:\/\/nordnesrepublikken.no\/wp-content\/uploads\/2025\/05\/1746161389_Fordi-kameler-og-dromedarer-har-pukkel.jpg\",\"datePublished\":\"2025-05-02T04:49:48+00:00\",\"dateModified\":\"2025-05-02T04:49:52+00:00\",\"breadcrumb\":{\"@id\":\"https:\/\/nordnesrepublikken.no\/index.php\/2025\/05\/02\/fordi-kameler-og-dromedarer-har-pukkel\/#breadcrumb\"},\"inLanguage\":\"nb-NO\",\"potentialAction\":[{\"@type\":\"ReadAction\",\"target\":[\"https:\/\/nordnesrepublikken.no\/index.php\/2025\/05\/02\/fordi-kameler-og-dromedarer-har-pukkel\/\"]}]},{\"@type\":\"ImageObject\",\"inLanguage\":\"nb-NO\",\"@id\":\"https:\/\/nordnesrepublikken.no\/index.php\/2025\/05\/02\/fordi-kameler-og-dromedarer-har-pukkel\/#primaryimage\",\"url\":\"https:\/\/nordnesrepublikken.no\/wp-content\/uploads\/2025\/05\/1746161389_Fordi-kameler-og-dromedarer-har-pukkel.jpg\",\"contentUrl\":\"https:\/\/nordnesrepublikken.no\/wp-content\/uploads\/2025\/05\/1746161389_Fordi-kameler-og-dromedarer-har-pukkel.jpg\",\"width\":2560,\"height\":1920,\"caption\":\"cammello\"},{\"@type\":\"BreadcrumbList\",\"@id\":\"https:\/\/nordnesrepublikken.no\/index.php\/2025\/05\/02\/fordi-kameler-og-dromedarer-har-pukkel\/#breadcrumb\",\"itemListElement\":[{\"@type\":\"ListItem\",\"position\":1,\"name\":\"Home\",\"item\":\"https:\/\/nordnesrepublikken.no\/\"},{\"@type\":\"ListItem\",\"position\":2,\"name\":\"Fordi kameler og dromedarer har pukkel\"}]},{\"@type\":\"WebSite\",\"@id\":\"https:\/\/nordnesrepublikken.no\/#website\",\"url\":\"https:\/\/nordnesrepublikken.no\/\",\"name\":\"Nordnesrepublikken\",\"description\":\"Stemmer og Visjoner fra Republikkens Hjerte\",\"publisher\":{\"@id\":\"https:\/\/nordnesrepublikken.no\/#organization\"},\"potentialAction\":[{\"@type\":\"SearchAction\",\"target\":{\"@type\":\"EntryPoint\",\"urlTemplate\":\"https:\/\/nordnesrepublikken.no\/?s={search_term_string}\"},\"query-input\":{\"@type\":\"PropertyValueSpecification\",\"valueRequired\":true,\"valueName\":\"search_term_string\"}}],\"inLanguage\":\"nb-NO\"},{\"@type\":\"Organization\",\"@id\":\"https:\/\/nordnesrepublikken.no\/#organization\",\"name\":\"Nordnesrepublikken\",\"url\":\"https:\/\/nordnesrepublikken.no\/\",\"logo\":{\"@type\":\"ImageObject\",\"inLanguage\":\"nb-NO\",\"@id\":\"https:\/\/nordnesrepublikken.no\/#\/schema\/logo\/image\/\",\"url\":\"https:\/\/nordnesrepublikken.no\/wp-content\/uploads\/2025\/02\/cropped-nordnesrepublikken-2.png\",\"contentUrl\":\"https:\/\/nordnesrepublikken.no\/wp-content\/uploads\/2025\/02\/cropped-nordnesrepublikken-2.png\",\"width\":1248,\"height\":362,\"caption\":\"Nordnesrepublikken\"},\"image\":{\"@id\":\"https:\/\/nordnesrepublikken.no\/#\/schema\/logo\/image\/\"}},{\"@type\":\"Person\",\"@id\":\"https:\/\/nordnesrepublikken.no\/#\/schema\/person\/2e7e81935bab77882fffb79296240ff1\",\"name\":\"Ole Andersen\",\"image\":{\"@type\":\"ImageObject\",\"inLanguage\":\"nb-NO\",\"@id\":\"https:\/\/nordnesrepublikken.no\/#\/schema\/person\/image\/\",\"url\":\"https:\/\/nordnesrepublikken.no\/wp-content\/uploads\/2025\/02\/nordnesrepublikken-2-2-150x150.jpg\",\"contentUrl\":\"https:\/\/nordnesrepublikken.no\/wp-content\/uploads\/2025\/02\/nordnesrepublikken-2-2-150x150.jpg\",\"caption\":\"Ole Andersen\"},\"description\":\"Ettersom jeg vokste opp i Oslo, har jeg alltid v\u00e6rt fascinert av ordenes kraft og deres evne til \u00e5 skape endringer. Etter \u00e5 ha fullf\u00f8rt min utdannelse i kommunikasjon ved Universitetet i Bergen, fikk jeg muligheten til \u00e5 jobbe innen ulike medier, der jeg har s\u00f8kt \u00e5 belyse viktige samfunnssp\u00f8rsm\u00e5l. I dag, som redakt\u00f8r for Nordnesrepublikken, pr\u00f8ver jeg \u00e5 forene min kj\u00e6rlighet for journalistikk med min lidenskap for innovasjon og eventyr.\",\"sameAs\":[\"https:\/\/nordnesrepublikken.no\/\"]}]}<\/script>\n<!-- \/ Yoast SEO plugin. -->","yoast_head_json":{"title":"Fordi kameler og dromedarer har pukkel - Nordnesrepublikken","robots":{"index":"index","follow":"follow","max-snippet":"max-snippet:-1","max-image-preview":"max-image-preview:large","max-video-preview":"max-video-preview:-1"},"canonical":"https:\/\/nordnesrepublikken.no\/index.php\/2025\/05\/02\/fordi-kameler-og-dromedarer-har-pukkel\/","og_locale":"nb_NO","og_type":"article","og_title":"Fordi kameler og dromedarer har pukkel - Nordnesrepublikken","og_description":"Nei, jeg kameler Han er dromedareri motsetning til en utbredt tro, ikke transporter vann til","og_url":"https:\/\/nordnesrepublikken.no\/index.php\/2025\/05\/02\/fordi-kameler-og-dromedarer-har-pukkel\/","og_site_name":"Nordnesrepublikken","article_published_time":"2025-05-02T04:49:48+00:00","article_modified_time":"2025-05-02T04:49:52+00:00","og_image":[{"width":2560,"height":1920,"url":"https:\/\/nordnesrepublikken.no\/wp-content\/uploads\/2025\/05\/1746161389_Fordi-kameler-og-dromedarer-har-pukkel.jpg","type":"image\/jpeg"}],"author":"Ole Andersen","twitter_card":"summary_large_image","twitter_misc":{"Skrevet av":"Ole Andersen","Ansl. lesetid":"3 minutter"},"schema":{"@context":"https:\/\/schema.org","@graph":[{"@type":"Article","@id":"https:\/\/nordnesrepublikken.no\/index.php\/2025\/05\/02\/fordi-kameler-og-dromedarer-har-pukkel\/#article","isPartOf":{"@id":"https:\/\/nordnesrepublikken.no\/index.php\/2025\/05\/02\/fordi-kameler-og-dromedarer-har-pukkel\/"},"author":{"name":"Ole Andersen","@id":"https:\/\/nordnesrepublikken.no\/#\/schema\/person\/2e7e81935bab77882fffb79296240ff1"},"headline":"Fordi kameler og dromedarer har pukkel","datePublished":"2025-05-02T04:49:48+00:00","dateModified":"2025-05-02T04:49:52+00:00","mainEntityOfPage":{"@id":"https:\/\/nordnesrepublikken.no\/index.php\/2025\/05\/02\/fordi-kameler-og-dromedarer-har-pukkel\/"},"wordCount":637,"publisher":{"@id":"https:\/\/nordnesrepublikken.no\/#organization"},"image":{"@id":"https:\/\/nordnesrepublikken.no\/index.php\/2025\/05\/02\/fordi-kameler-og-dromedarer-har-pukkel\/#primaryimage"},"thumbnailUrl":"https:\/\/nordnesrepublikken.no\/wp-content\/uploads\/2025\/05\/1746161389_Fordi-kameler-og-dromedarer-har-pukkel.jpg","keywords":["dromedarer","Fordi","har","kameler","pukkel"],"articleSection":["Vitenskap"],"inLanguage":"nb-NO"},{"@type":"WebPage","@id":"https:\/\/nordnesrepublikken.no\/index.php\/2025\/05\/02\/fordi-kameler-og-dromedarer-har-pukkel\/","url":"https:\/\/nordnesrepublikken.no\/index.php\/2025\/05\/02\/fordi-kameler-og-dromedarer-har-pukkel\/","name":"Fordi kameler og dromedarer har pukkel - Nordnesrepublikken","isPartOf":{"@id":"https:\/\/nordnesrepublikken.no\/#website"},"primaryImageOfPage":{"@id":"https:\/\/nordnesrepublikken.no\/index.php\/2025\/05\/02\/fordi-kameler-og-dromedarer-har-pukkel\/#primaryimage"},"image":{"@id":"https:\/\/nordnesrepublikken.no\/index.php\/2025\/05\/02\/fordi-kameler-og-dromedarer-har-pukkel\/#primaryimage"},"thumbnailUrl":"https:\/\/nordnesrepublikken.no\/wp-content\/uploads\/2025\/05\/1746161389_Fordi-kameler-og-dromedarer-har-pukkel.jpg","datePublished":"2025-05-02T04:49:48+00:00","dateModified":"2025-05-02T04:49:52+00:00","breadcrumb":{"@id":"https:\/\/nordnesrepublikken.no\/index.php\/2025\/05\/02\/fordi-kameler-og-dromedarer-har-pukkel\/#breadcrumb"},"inLanguage":"nb-NO","potentialAction":[{"@type":"ReadAction","target":["https:\/\/nordnesrepublikken.no\/index.php\/2025\/05\/02\/fordi-kameler-og-dromedarer-har-pukkel\/"]}]},{"@type":"ImageObject","inLanguage":"nb-NO","@id":"https:\/\/nordnesrepublikken.no\/index.php\/2025\/05\/02\/fordi-kameler-og-dromedarer-har-pukkel\/#primaryimage","url":"https:\/\/nordnesrepublikken.no\/wp-content\/uploads\/2025\/05\/1746161389_Fordi-kameler-og-dromedarer-har-pukkel.jpg","contentUrl":"https:\/\/nordnesrepublikken.no\/wp-content\/uploads\/2025\/05\/1746161389_Fordi-kameler-og-dromedarer-har-pukkel.jpg","width":2560,"height":1920,"caption":"cammello"},{"@type":"BreadcrumbList","@id":"https:\/\/nordnesrepublikken.no\/index.php\/2025\/05\/02\/fordi-kameler-og-dromedarer-har-pukkel\/#breadcrumb","itemListElement":[{"@type":"ListItem","position":1,"name":"Home","item":"https:\/\/nordnesrepublikken.no\/"},{"@type":"ListItem","position":2,"name":"Fordi kameler og dromedarer har pukkel"}]},{"@type":"WebSite","@id":"https:\/\/nordnesrepublikken.no\/#website","url":"https:\/\/nordnesrepublikken.no\/","name":"Nordnesrepublikken","description":"Stemmer og Visjoner fra Republikkens Hjerte","publisher":{"@id":"https:\/\/nordnesrepublikken.no\/#organization"},"potentialAction":[{"@type":"SearchAction","target":{"@type":"EntryPoint","urlTemplate":"https:\/\/nordnesrepublikken.no\/?s={search_term_string}"},"query-input":{"@type":"PropertyValueSpecification","valueRequired":true,"valueName":"search_term_string"}}],"inLanguage":"nb-NO"},{"@type":"Organization","@id":"https:\/\/nordnesrepublikken.no\/#organization","name":"Nordnesrepublikken","url":"https:\/\/nordnesrepublikken.no\/","logo":{"@type":"ImageObject","inLanguage":"nb-NO","@id":"https:\/\/nordnesrepublikken.no\/#\/schema\/logo\/image\/","url":"https:\/\/nordnesrepublikken.no\/wp-content\/uploads\/2025\/02\/cropped-nordnesrepublikken-2.png","contentUrl":"https:\/\/nordnesrepublikken.no\/wp-content\/uploads\/2025\/02\/cropped-nordnesrepublikken-2.png","width":1248,"height":362,"caption":"Nordnesrepublikken"},"image":{"@id":"https:\/\/nordnesrepublikken.no\/#\/schema\/logo\/image\/"}},{"@type":"Person","@id":"https:\/\/nordnesrepublikken.no\/#\/schema\/person\/2e7e81935bab77882fffb79296240ff1","name":"Ole Andersen","image":{"@type":"ImageObject","inLanguage":"nb-NO","@id":"https:\/\/nordnesrepublikken.no\/#\/schema\/person\/image\/","url":"https:\/\/nordnesrepublikken.no\/wp-content\/uploads\/2025\/02\/nordnesrepublikken-2-2-150x150.jpg","contentUrl":"https:\/\/nordnesrepublikken.no\/wp-content\/uploads\/2025\/02\/nordnesrepublikken-2-2-150x150.jpg","caption":"Ole Andersen"},"description":"Ettersom jeg vokste opp i Oslo, har jeg alltid v\u00e6rt fascinert av ordenes kraft og deres evne til \u00e5 skape endringer. Etter \u00e5 ha fullf\u00f8rt min utdannelse i kommunikasjon ved Universitetet i Bergen, fikk jeg muligheten til \u00e5 jobbe innen ulike medier, der jeg har s\u00f8kt \u00e5 belyse viktige samfunnssp\u00f8rsm\u00e5l. I dag, som redakt\u00f8r for Nordnesrepublikken, pr\u00f8ver jeg \u00e5 forene min kj\u00e6rlighet for journalistikk med min lidenskap for innovasjon og eventyr.","sameAs":["https:\/\/nordnesrepublikken.no\/"]}]}},"_links":{"self":[{"href":"https:\/\/nordnesrepublikken.no\/index.php\/wp-json\/wp\/v2\/posts\/4066","targetHints":{"allow":["GET"]}}],"collection":[{"href":"https:\/\/nordnesrepublikken.no\/index.php\/wp-json\/wp\/v2\/posts"}],"about":[{"href":"https:\/\/nordnesrepublikken.no\/index.php\/wp-json\/wp\/v2\/types\/post"}],"author":[{"embeddable":true,"href":"https:\/\/nordnesrepublikken.no\/index.php\/wp-json\/wp\/v2\/users\/1"}],"replies":[{"embeddable":true,"href":"https:\/\/nordnesrepublikken.no\/index.php\/wp-json\/wp\/v2\/comments?post=4066"}],"version-history":[{"count":1,"href":"https:\/\/nordnesrepublikken.no\/index.php\/wp-json\/wp\/v2\/posts\/4066\/revisions"}],"predecessor-version":[{"id":4068,"href":"https:\/\/nordnesrepublikken.no\/index.php\/wp-json\/wp\/v2\/posts\/4066\/revisions\/4068"}],"wp:featuredmedia":[{"embeddable":true,"href":"https:\/\/nordnesrepublikken.no\/index.php\/wp-json\/wp\/v2\/media\/4067"}],"wp:attachment":[{"href":"https:\/\/nordnesrepublikken.no\/index.php\/wp-json\/wp\/v2\/media?parent=4066"}],"wp:term":[{"taxonomy":"category","embeddable":true,"href":"https:\/\/nordnesrepublikken.no\/index.php\/wp-json\/wp\/v2\/categories?post=4066"},{"taxonomy":"post_tag","embeddable":true,"href":"https:\/\/nordnesrepublikken.no\/index.php\/wp-json\/wp\/v2\/tags?post=4066"}],"curies":[{"name":"wp","href":"https:\/\/api.w.org\/{rel}","templated":true}]}}