{"id":4063,"date":"2025-05-02T03:49:32","date_gmt":"2025-05-02T01:49:32","guid":{"rendered":"https:\/\/nordnesrepublikken.no\/index.php\/2025\/05\/02\/historien-om-det-sixtinske-kapellet-der-konklaven-og-de-beromte-fresker-av-michelangelo-blir-holdt\/"},"modified":"2025-05-02T03:49:35","modified_gmt":"2025-05-02T01:49:35","slug":"historien-om-det-sixtinske-kapellet-der-konklaven-og-de-beromte-fresker-av-michelangelo-blir-holdt","status":"publish","type":"post","link":"https:\/\/nordnesrepublikken.no\/index.php\/2025\/05\/02\/historien-om-det-sixtinske-kapellet-der-konklaven-og-de-beromte-fresker-av-michelangelo-blir-holdt\/","title":{"rendered":"Historien om det sixtinske kapellet der konklaven og de ber\u00f8mte fresker av Michelangelo blir holdt"},"content":{"rendered":"<div>\n<div class=\"cp_wrapper cp_wrapper--fw mb-30 mb-20@tablet\">\n<figure class=\"mm\"><picture class=\"img\" style=\"padding-top:56.25%\"><source  media=\"(min-width: 1024px)\"><source  media=\"(min-width: 768px)\"><\/source><\/source><\/picture><\/figure>\n<\/p><\/div>\n<p>Der <strong>SISTINE CHAPEL<\/strong>i Vatikanmuseene, ble bestilt av <strong>Pave Sixtus IV <\/strong>&#8211; hvorfra det tar navnet sitt &#8211; e <strong>Dekorert av Michelangelo<\/strong> P\u00e5 vegne av Julius II. Kjent for hvelvet og <strong>Universell skj\u00f8nn<\/strong>er vert for Conclavi og Papal Ceremonies. I dag som Vatikanet derfor forbereder seg p\u00e5 <strong>Konklave<\/strong>etter begravelsen til <strong>Pave Francis<\/strong>holdt 26. april, <strong>Fra 7. mai 2025 m\u00f8tes College of Cardinals<\/strong> i komplekset til San Pietro, og mer presist <strong>i det sixtinske kapell, <\/strong>\u00c5 velge det nye tallet blant deltakerne med en serie hemmelige stemmer (garantert av anti -institusjonsenhetene).<\/p>\n<div class=\"cp_wrapper cp_wrapper--fw mb-50\">\n<figure class=\"mm\"><picture class=\"img\" style=\"padding-top:46.112600536193%\"><source  media=\"(min-width: 1024px)\"><source  media=\"(min-width: 768px)\"><img decoding=\"async\" loading=\"lazy\" src=\"https:\/\/nordnesrepublikken.no\/wp-content\/uploads\/2025\/05\/1746150571_844_Historien-om-det-sixtinske-kapellet-der-konklaven-og-de-beromte.jpg\" alt=\"Bilde\" width=\"1119\" height=\"516\"><\/source><\/source><\/picture><\/figure>\n<\/p><\/div>\n<h2>Historien til det sixtinske kapell<\/h2>\n<p>Det sixtinske kapell, som ligger inne i Vatikanmuseene, er <strong>Et av de mest kjente mesterverkene av italiensk renessansekunst<\/strong>. Det er dedikert til Maria Assunta i himmelen, det er hovedkapellet i det apostoliske palasset. Skylder navnet sitt <strong>Pope Sixtus IV Della Rovere <\/strong>(P\u00e5 setet fra 1471 til 1484) som fikk det gamle Magna -kapellet til \u00e5 renovere mellom 1477 og 1480. Den femtende \u00e5rhundre dekorasjonen av veggene inkluderer, i tillegg til de falske gardinene, den <strong>Historier om Moses og Kristus og portrettene av pontiffene<\/strong>.<\/p>\n<p>15. august 1483 Sisto IV innviet det nye kapellet som dedikerte det til antagelsen. <strong>Julius II av eiken<\/strong> (Pave fra 1503 til 1513), som var nev\u00f8en til Sixtus IV, bestemte seg deretter for \u00e5 delvis endre dekorasjonen, overlate <strong>I 1508<\/strong> Oppgaven a <strong>Michelangelo Buonarroti<\/strong>som malte hvelvet, den universelle dommen og, p\u00e5 den \u00f8vre delen av veggene, Lunettes. I oktober 1512 ble arbeidet gjort og dagen for alle hellige (f\u00f8rste november) <strong>Julius II innviet Sistine med en h\u00f8ytidelig masse<\/strong>. Her er ikke bare konklavene, men ogs\u00e5<strong> Andre offisielle seremonier av paven<\/strong> (Alle hendelser som selvf\u00f8lgelig f\u00f8rer til at det er nedleggelse for publikum).<\/p>\n<div class=\"cp_wrapper cp_wrapper--fw mb-50\">\n<figure class=\"mm\"><picture class=\"img\" style=\"padding-top:285.07462686567%\"><source  media=\"(min-width: 1024px)\"><source  media=\"(min-width: 768px)\"><img decoding=\"async\" loading=\"lazy\" src=\"https:\/\/nordnesrepublikken.no\/wp-content\/uploads\/2025\/05\/1746150571_301_Historien-om-det-sixtinske-kapellet-der-konklaven-og-de-beromte.jpg\" alt=\"Bilde\" width=\"603\" height=\"1719\" class=\"js-seedtag-img\"><\/source><\/source><\/picture><\/figure>\n<\/p><\/div>\n<h2>Dekorasjonene og hvelvet til kapellet frescoed av Michelangelo<\/h2>\n<p>Interi\u00f8rdekorasjonene til det sixtinske kapell begynte i 1481 og varte til \u00e5ret etter, med fresker laget f\u00f8rst av <strong>Perugian<\/strong> og derfor av noen av de mest omstridte kunstnerne som da er aktive i renessansen Florence: de er <strong>Domenico Ghirandoio<\/strong>,<strong> Sandro Botticelli <\/strong>Og<strong> Cosimo Rosselli<\/strong> (som jobbet, s\u00e5 vel som med butikkene sine, sammen med andre artister som allerede er til stede i Roma inkludert Pinturicchio, Bartolomeo della Gatta og Piero Di Cosimo). I de ni sentrale panelene er historiene om Genesis avbildet, fra skapelsen til menneskets fall, til flommen og den p\u00e5f\u00f8lgende gjenf\u00f8delsen av menneskeheten med Noahs familie.<\/p>\n<p>Der <strong>hvelv av det sixtinske kapell<\/strong> Han er et av de absolutte og viktigste mesterverkene av vestlig kunst, og var <strong>Frescoed<\/strong> Nesten helt og p\u00e5 rekordtid av aretinartisten <strong>Michelangelo Buonarroti<\/strong>. 40 meter lang og 13 bred <strong>Scener av Genesis Book, of Creation (<\/strong>med den ber\u00f8mte scenen til Gud og Adam som ber\u00f8rer indeksene) og <strong>Falling of Man<\/strong>umiddelbart etter flommen. P\u00e5 begge sider, ved siden av hver av disse scenene, er det de store portrettene av <strong>Profeter og Sibille<\/strong> som hadde forutsett Messias komme. Lunettene er avbildet forfedrene til Jesus og historiene om det j\u00f8diske folks tragedie.<\/p>\n<p>Arbeidet var vanskelig for Michelangelo: I mellomtiden hvorfor <strong>Den var veldig ung og hadde aldri malt fresker f\u00f8r<\/strong>for ikke \u00e5 nevne det faktum at <strong>flate<\/strong> det gjelder var <strong>kurve<\/strong> Og perspektivet krevde mer oppmerksomhet enn normalt. Til tross for den n\u00e5 utbredte historien, ville kunstneren ha malt hvelvet som ligger p\u00e5 baksiden, ser det ut til at han faktisk utnyttet <strong>stillas<\/strong> \u00c5 male som vanlig.<\/p>\n<p>Opprinnelig burde Michelangelo ha gjort bare figurene til de 12 apostlene, men p\u00e5 slutten av verkene kunne de telle <strong>Mer enn 300 figurer<\/strong>. Arbeidet var mastodontisk, og det er derfor <strong>Han fikk seg til \u00e5 hjelpe fra mange assistenter<\/strong> For \u00e5 blande malingen og ta dem opp og ned fra stillasene (men det antas at de mest begavede ogs\u00e5 har overlatt til freskomaleri eller sm\u00e5 figurer). Michelangelo gjorde imidlertid ikke bare hvelvet, men ogs\u00e5<strong> Bakgrunnsvegg av kapellet<\/strong>som grandiosen skiller seg ut <strong>Universell skj\u00f8nn<\/strong>malt mellom 1535 og 1541.<\/p>\n<div class=\"cp_wrapper cp_wrapper--fw mb-50\">\n<figure class=\"mm\"><picture class=\"img\" style=\"padding-top:110.10416666667%\"><source  media=\"(min-width: 1024px)\"><source  media=\"(min-width: 768px)\"><img decoding=\"async\" loading=\"lazy\" src=\"https:\/\/nordnesrepublikken.no\/wp-content\/uploads\/2025\/05\/1746150572_473_Historien-om-det-sixtinske-kapellet-der-konklaven-og-de-beromte.jpg\" alt=\"Bilde\" width=\"1920\" height=\"2114\"><\/source><\/source><\/picture><\/figure>\n<\/p><\/div>\n<h2>Sensuren av Michelangelos nakenbilder og fjerning av takene<\/h2>\n<p>Mennene og kvinnene som Michelangelo fremstilte <strong>De var helt nakne<\/strong>: Det er ikke et tilfeldig valg, gitt at i henhold til evangeliene er hovedbudskapet som blir avsl\u00f8rt under dommen n\u00f8yaktig fokusert p\u00e5 oppstandelsen av de utvalgte kj\u00f8ttet. Denne nakenheten, men ,, <strong>laget en skandale<\/strong> i Vatikanet, og indignasjonen vokste i l\u00f8pet av det sekstende \u00e5rhundre: <strong>I 1564<\/strong>\u00e5ret som kunstneren d\u00f8de, kom <strong>Sensurloven for fresker ble godkjent <\/strong>og kunstneren <strong>Daniele Da Volterra<\/strong> (Da ironisk nok kallenavnet &laquo;Bragone&raquo;) fikk i oppdrag \u00e5 dekke nakenhet med litt kl\u00e6r.<\/p>\n<p><strong>Mellom 1990 og 1994<\/strong>Under den komplekse og kontroversielle rengj\u00f8ringen av Michelangelos universelle dom (n\u00e5 svertet og nesten uleselig), fant gjenoppretterne seg som et stort dilemma: <strong>Legg igjen klagene eller ikke<\/strong>igjen vitner om historien? Til slutt ble det besluttet \u00e5 <strong>la noen spor av sensuren<\/strong> som vitnesbyrd om mottakelsen av fresken p\u00e5 den tiden og visuell dokumentasjon av den dominerende mentaliteten i andre halvdel av 1500 -tallet, <strong>mens du gjenoppretter det opprinnelige aspektet av fresken s\u00e5 mye som mulig<\/strong>spesielt n\u00e5r det gjelder utbyttet av fargen, i dag veldig lyst. For \u00e5 finne restene av denne sensuren p\u00e5 den store veggen, bare se p\u00e5 San Pietro, San Bartolomeo eller Santa Caterina di Alessandria.<\/p>\n<h2>Det sixtinske kapellet under konklaven<\/h2>\n<p>I disse dager, og i en uke totalt, er det sixtinske kapell involvert i<strong> Utarbeidelse av konklaven<\/strong> som for anledningen er spesielt sammensatt, fordi den vil delta i forsamlingen <strong>Et uvanlig h\u00f8yt antall kardinaler, 130<\/strong>og vi m\u00e5 finne et sete i sikkerhet for alle.<\/p>\n<p>I tillegg til \u00e5 demontere alle elektroniske instrumenter (og derfor m\u00e5 kameraene som m\u00e5ler turiststr\u00f8mmer, luftfuktighetssensorene og alarmene), i rommet m\u00e5 det monteres <strong>En metallplattform, for \u00e5 &laquo;heve&raquo; 70 centimeter gulvet og niv\u00e5 Sistine <\/strong>F\u00e5 h\u00f8yden p\u00e5 trinnene p\u00e5 alteret. Denne strukturen &#8211; som er symbolsk og har som m\u00e5l \u00e5 ikke skape forskjeller i plassering mellom kardinalene &#8211; bruker et system av <strong>&laquo;uskyldige&raquo; r\u00f8r, det vil si galvaniserte metallr\u00f8r<\/strong> Brukes til konstruksjon av byggestillas, som metallplattformen deretter monteres p\u00e5.<\/p>\n<p>Under forberedelsene er de ogs\u00e5 ordnet<strong> De to ber\u00f8mte ovnerne<\/strong>: Den ene er den &laquo;eldgamle&raquo;, som vil tjene til \u00e5 brenne valgkortene; Mens den andre er den moderne, som skal brukes til \u00e5 gi signalet utenfor ved hjelp av en svart eller hvit r\u00f8ykbombe (som varer 6 og et halvt minutt): svart hvis andre stemmer er n\u00f8dvendig, hvit hvis en kandidat er valgt.<\/p>\n<\/p><\/div>\n","protected":false},"excerpt":{"rendered":"<p>Der SISTINE CHAPELi Vatikanmuseene, ble bestilt av Pave Sixtus IV &#8211; hvorfra det tar navnet<\/p>\n","protected":false},"author":1,"featured_media":4064,"comment_status":"closed","ping_status":"open","sticky":false,"template":"","format":"standard","meta":{"footnotes":""},"categories":[104],"tags":[1633,123,490,66,1936,521,1938,1582,1546,1937,1547],"class_list":["post-4063","post","type-post","status-publish","format-standard","has-post-thumbnail","hentry","category-samfunn","tag-beromte","tag-blir","tag-der","tag-det","tag-fresker","tag-historien","tag-holdt","tag-kapellet","tag-konklaven","tag-michelangelo","tag-sixtinske","generate-columns","tablet-grid-50","mobile-grid-100","grid-parent","grid-33","resize-featured-image"],"yoast_head":"<!-- This site is optimized with the Yoast SEO plugin v24.4 - https:\/\/yoast.com\/wordpress\/plugins\/seo\/ -->\n<title>Historien om det sixtinske kapellet der konklaven og de ber\u00f8mte fresker av Michelangelo blir holdt - Nordnesrepublikken<\/title>\n<meta name=\"robots\" content=\"index, follow, max-snippet:-1, max-image-preview:large, max-video-preview:-1\" \/>\n<link rel=\"canonical\" href=\"https:\/\/nordnesrepublikken.no\/index.php\/2025\/05\/02\/historien-om-det-sixtinske-kapellet-der-konklaven-og-de-beromte-fresker-av-michelangelo-blir-holdt\/\" \/>\n<meta property=\"og:locale\" content=\"nb_NO\" \/>\n<meta property=\"og:type\" content=\"article\" \/>\n<meta property=\"og:title\" content=\"Historien om det sixtinske kapellet der konklaven og de ber\u00f8mte fresker av Michelangelo blir holdt - Nordnesrepublikken\" \/>\n<meta property=\"og:description\" content=\"Der SISTINE CHAPELi Vatikanmuseene, ble bestilt av Pave Sixtus IV &#8211; hvorfra det tar navnet\" \/>\n<meta property=\"og:url\" content=\"https:\/\/nordnesrepublikken.no\/index.php\/2025\/05\/02\/historien-om-det-sixtinske-kapellet-der-konklaven-og-de-beromte-fresker-av-michelangelo-blir-holdt\/\" \/>\n<meta property=\"og:site_name\" content=\"Nordnesrepublikken\" \/>\n<meta property=\"article:published_time\" content=\"2025-05-02T01:49:32+00:00\" \/>\n<meta property=\"article:modified_time\" content=\"2025-05-02T01:49:35+00:00\" \/>\n<meta property=\"og:image\" content=\"https:\/\/nordnesrepublikken.no\/wp-content\/uploads\/2025\/05\/1746150572_Historien-om-det-sixtinske-kapellet-der-konklaven-og-de-beromte.jpg\" \/>\n\t<meta property=\"og:image:width\" content=\"2323\" \/>\n\t<meta property=\"og:image:height\" content=\"1555\" \/>\n\t<meta property=\"og:image:type\" content=\"image\/jpeg\" \/>\n<meta name=\"author\" content=\"Ole Andersen\" \/>\n<meta name=\"twitter:card\" content=\"summary_large_image\" \/>\n<meta name=\"twitter:label1\" content=\"Skrevet av\" \/>\n\t<meta name=\"twitter:data1\" content=\"Ole Andersen\" \/>\n\t<meta name=\"twitter:label2\" content=\"Ansl. lesetid\" \/>\n\t<meta name=\"twitter:data2\" content=\"5 minutter\" \/>\n<script type=\"application\/ld+json\" class=\"yoast-schema-graph\">{\"@context\":\"https:\/\/schema.org\",\"@graph\":[{\"@type\":\"Article\",\"@id\":\"https:\/\/nordnesrepublikken.no\/index.php\/2025\/05\/02\/historien-om-det-sixtinske-kapellet-der-konklaven-og-de-beromte-fresker-av-michelangelo-blir-holdt\/#article\",\"isPartOf\":{\"@id\":\"https:\/\/nordnesrepublikken.no\/index.php\/2025\/05\/02\/historien-om-det-sixtinske-kapellet-der-konklaven-og-de-beromte-fresker-av-michelangelo-blir-holdt\/\"},\"author\":{\"name\":\"Ole Andersen\",\"@id\":\"https:\/\/nordnesrepublikken.no\/#\/schema\/person\/2e7e81935bab77882fffb79296240ff1\"},\"headline\":\"Historien om det sixtinske kapellet der konklaven og de ber\u00f8mte fresker av Michelangelo blir holdt\",\"datePublished\":\"2025-05-02T01:49:32+00:00\",\"dateModified\":\"2025-05-02T01:49:35+00:00\",\"mainEntityOfPage\":{\"@id\":\"https:\/\/nordnesrepublikken.no\/index.php\/2025\/05\/02\/historien-om-det-sixtinske-kapellet-der-konklaven-og-de-beromte-fresker-av-michelangelo-blir-holdt\/\"},\"wordCount\":1040,\"publisher\":{\"@id\":\"https:\/\/nordnesrepublikken.no\/#organization\"},\"image\":{\"@id\":\"https:\/\/nordnesrepublikken.no\/index.php\/2025\/05\/02\/historien-om-det-sixtinske-kapellet-der-konklaven-og-de-beromte-fresker-av-michelangelo-blir-holdt\/#primaryimage\"},\"thumbnailUrl\":\"https:\/\/nordnesrepublikken.no\/wp-content\/uploads\/2025\/05\/1746150572_Historien-om-det-sixtinske-kapellet-der-konklaven-og-de-beromte.jpg\",\"keywords\":[\"ber\u00f8mte\",\"blir\",\"der\",\"Det\",\"fresker\",\"Historien\",\"holdt\",\"kapellet\",\"konklaven\",\"Michelangelo\",\"sixtinske\"],\"articleSection\":[\"Samfunn\"],\"inLanguage\":\"nb-NO\"},{\"@type\":\"WebPage\",\"@id\":\"https:\/\/nordnesrepublikken.no\/index.php\/2025\/05\/02\/historien-om-det-sixtinske-kapellet-der-konklaven-og-de-beromte-fresker-av-michelangelo-blir-holdt\/\",\"url\":\"https:\/\/nordnesrepublikken.no\/index.php\/2025\/05\/02\/historien-om-det-sixtinske-kapellet-der-konklaven-og-de-beromte-fresker-av-michelangelo-blir-holdt\/\",\"name\":\"Historien om det sixtinske kapellet der konklaven og de ber\u00f8mte fresker av Michelangelo blir holdt - Nordnesrepublikken\",\"isPartOf\":{\"@id\":\"https:\/\/nordnesrepublikken.no\/#website\"},\"primaryImageOfPage\":{\"@id\":\"https:\/\/nordnesrepublikken.no\/index.php\/2025\/05\/02\/historien-om-det-sixtinske-kapellet-der-konklaven-og-de-beromte-fresker-av-michelangelo-blir-holdt\/#primaryimage\"},\"image\":{\"@id\":\"https:\/\/nordnesrepublikken.no\/index.php\/2025\/05\/02\/historien-om-det-sixtinske-kapellet-der-konklaven-og-de-beromte-fresker-av-michelangelo-blir-holdt\/#primaryimage\"},\"thumbnailUrl\":\"https:\/\/nordnesrepublikken.no\/wp-content\/uploads\/2025\/05\/1746150572_Historien-om-det-sixtinske-kapellet-der-konklaven-og-de-beromte.jpg\",\"datePublished\":\"2025-05-02T01:49:32+00:00\",\"dateModified\":\"2025-05-02T01:49:35+00:00\",\"breadcrumb\":{\"@id\":\"https:\/\/nordnesrepublikken.no\/index.php\/2025\/05\/02\/historien-om-det-sixtinske-kapellet-der-konklaven-og-de-beromte-fresker-av-michelangelo-blir-holdt\/#breadcrumb\"},\"inLanguage\":\"nb-NO\",\"potentialAction\":[{\"@type\":\"ReadAction\",\"target\":[\"https:\/\/nordnesrepublikken.no\/index.php\/2025\/05\/02\/historien-om-det-sixtinske-kapellet-der-konklaven-og-de-beromte-fresker-av-michelangelo-blir-holdt\/\"]}]},{\"@type\":\"ImageObject\",\"inLanguage\":\"nb-NO\",\"@id\":\"https:\/\/nordnesrepublikken.no\/index.php\/2025\/05\/02\/historien-om-det-sixtinske-kapellet-der-konklaven-og-de-beromte-fresker-av-michelangelo-blir-holdt\/#primaryimage\",\"url\":\"https:\/\/nordnesrepublikken.no\/wp-content\/uploads\/2025\/05\/1746150572_Historien-om-det-sixtinske-kapellet-der-konklaven-og-de-beromte.jpg\",\"contentUrl\":\"https:\/\/nordnesrepublikken.no\/wp-content\/uploads\/2025\/05\/1746150572_Historien-om-det-sixtinske-kapellet-der-konklaven-og-de-beromte.jpg\",\"width\":2323,\"height\":1555,\"caption\":\"Immagine\"},{\"@type\":\"BreadcrumbList\",\"@id\":\"https:\/\/nordnesrepublikken.no\/index.php\/2025\/05\/02\/historien-om-det-sixtinske-kapellet-der-konklaven-og-de-beromte-fresker-av-michelangelo-blir-holdt\/#breadcrumb\",\"itemListElement\":[{\"@type\":\"ListItem\",\"position\":1,\"name\":\"Home\",\"item\":\"https:\/\/nordnesrepublikken.no\/\"},{\"@type\":\"ListItem\",\"position\":2,\"name\":\"Historien om det sixtinske kapellet der konklaven og de ber\u00f8mte fresker av Michelangelo blir holdt\"}]},{\"@type\":\"WebSite\",\"@id\":\"https:\/\/nordnesrepublikken.no\/#website\",\"url\":\"https:\/\/nordnesrepublikken.no\/\",\"name\":\"Nordnesrepublikken\",\"description\":\"Stemmer og Visjoner fra Republikkens Hjerte\",\"publisher\":{\"@id\":\"https:\/\/nordnesrepublikken.no\/#organization\"},\"potentialAction\":[{\"@type\":\"SearchAction\",\"target\":{\"@type\":\"EntryPoint\",\"urlTemplate\":\"https:\/\/nordnesrepublikken.no\/?s={search_term_string}\"},\"query-input\":{\"@type\":\"PropertyValueSpecification\",\"valueRequired\":true,\"valueName\":\"search_term_string\"}}],\"inLanguage\":\"nb-NO\"},{\"@type\":\"Organization\",\"@id\":\"https:\/\/nordnesrepublikken.no\/#organization\",\"name\":\"Nordnesrepublikken\",\"url\":\"https:\/\/nordnesrepublikken.no\/\",\"logo\":{\"@type\":\"ImageObject\",\"inLanguage\":\"nb-NO\",\"@id\":\"https:\/\/nordnesrepublikken.no\/#\/schema\/logo\/image\/\",\"url\":\"https:\/\/nordnesrepublikken.no\/wp-content\/uploads\/2025\/02\/cropped-nordnesrepublikken-2.png\",\"contentUrl\":\"https:\/\/nordnesrepublikken.no\/wp-content\/uploads\/2025\/02\/cropped-nordnesrepublikken-2.png\",\"width\":1248,\"height\":362,\"caption\":\"Nordnesrepublikken\"},\"image\":{\"@id\":\"https:\/\/nordnesrepublikken.no\/#\/schema\/logo\/image\/\"}},{\"@type\":\"Person\",\"@id\":\"https:\/\/nordnesrepublikken.no\/#\/schema\/person\/2e7e81935bab77882fffb79296240ff1\",\"name\":\"Ole Andersen\",\"image\":{\"@type\":\"ImageObject\",\"inLanguage\":\"nb-NO\",\"@id\":\"https:\/\/nordnesrepublikken.no\/#\/schema\/person\/image\/\",\"url\":\"https:\/\/nordnesrepublikken.no\/wp-content\/uploads\/2025\/02\/nordnesrepublikken-2-2-150x150.jpg\",\"contentUrl\":\"https:\/\/nordnesrepublikken.no\/wp-content\/uploads\/2025\/02\/nordnesrepublikken-2-2-150x150.jpg\",\"caption\":\"Ole Andersen\"},\"description\":\"Ettersom jeg vokste opp i Oslo, har jeg alltid v\u00e6rt fascinert av ordenes kraft og deres evne til \u00e5 skape endringer. Etter \u00e5 ha fullf\u00f8rt min utdannelse i kommunikasjon ved Universitetet i Bergen, fikk jeg muligheten til \u00e5 jobbe innen ulike medier, der jeg har s\u00f8kt \u00e5 belyse viktige samfunnssp\u00f8rsm\u00e5l. I dag, som redakt\u00f8r for Nordnesrepublikken, pr\u00f8ver jeg \u00e5 forene min kj\u00e6rlighet for journalistikk med min lidenskap for innovasjon og eventyr.\",\"sameAs\":[\"https:\/\/nordnesrepublikken.no\/\"]}]}<\/script>\n<!-- \/ Yoast SEO plugin. -->","yoast_head_json":{"title":"Historien om det sixtinske kapellet der konklaven og de ber\u00f8mte fresker av Michelangelo blir holdt - Nordnesrepublikken","robots":{"index":"index","follow":"follow","max-snippet":"max-snippet:-1","max-image-preview":"max-image-preview:large","max-video-preview":"max-video-preview:-1"},"canonical":"https:\/\/nordnesrepublikken.no\/index.php\/2025\/05\/02\/historien-om-det-sixtinske-kapellet-der-konklaven-og-de-beromte-fresker-av-michelangelo-blir-holdt\/","og_locale":"nb_NO","og_type":"article","og_title":"Historien om det sixtinske kapellet der konklaven og de ber\u00f8mte fresker av Michelangelo blir holdt - Nordnesrepublikken","og_description":"Der SISTINE CHAPELi Vatikanmuseene, ble bestilt av Pave Sixtus IV &#8211; hvorfra det tar navnet","og_url":"https:\/\/nordnesrepublikken.no\/index.php\/2025\/05\/02\/historien-om-det-sixtinske-kapellet-der-konklaven-og-de-beromte-fresker-av-michelangelo-blir-holdt\/","og_site_name":"Nordnesrepublikken","article_published_time":"2025-05-02T01:49:32+00:00","article_modified_time":"2025-05-02T01:49:35+00:00","og_image":[{"width":2323,"height":1555,"url":"https:\/\/nordnesrepublikken.no\/wp-content\/uploads\/2025\/05\/1746150572_Historien-om-det-sixtinske-kapellet-der-konklaven-og-de-beromte.jpg","type":"image\/jpeg"}],"author":"Ole Andersen","twitter_card":"summary_large_image","twitter_misc":{"Skrevet av":"Ole Andersen","Ansl. lesetid":"5 minutter"},"schema":{"@context":"https:\/\/schema.org","@graph":[{"@type":"Article","@id":"https:\/\/nordnesrepublikken.no\/index.php\/2025\/05\/02\/historien-om-det-sixtinske-kapellet-der-konklaven-og-de-beromte-fresker-av-michelangelo-blir-holdt\/#article","isPartOf":{"@id":"https:\/\/nordnesrepublikken.no\/index.php\/2025\/05\/02\/historien-om-det-sixtinske-kapellet-der-konklaven-og-de-beromte-fresker-av-michelangelo-blir-holdt\/"},"author":{"name":"Ole Andersen","@id":"https:\/\/nordnesrepublikken.no\/#\/schema\/person\/2e7e81935bab77882fffb79296240ff1"},"headline":"Historien om det sixtinske kapellet der konklaven og de ber\u00f8mte fresker av Michelangelo blir holdt","datePublished":"2025-05-02T01:49:32+00:00","dateModified":"2025-05-02T01:49:35+00:00","mainEntityOfPage":{"@id":"https:\/\/nordnesrepublikken.no\/index.php\/2025\/05\/02\/historien-om-det-sixtinske-kapellet-der-konklaven-og-de-beromte-fresker-av-michelangelo-blir-holdt\/"},"wordCount":1040,"publisher":{"@id":"https:\/\/nordnesrepublikken.no\/#organization"},"image":{"@id":"https:\/\/nordnesrepublikken.no\/index.php\/2025\/05\/02\/historien-om-det-sixtinske-kapellet-der-konklaven-og-de-beromte-fresker-av-michelangelo-blir-holdt\/#primaryimage"},"thumbnailUrl":"https:\/\/nordnesrepublikken.no\/wp-content\/uploads\/2025\/05\/1746150572_Historien-om-det-sixtinske-kapellet-der-konklaven-og-de-beromte.jpg","keywords":["ber\u00f8mte","blir","der","Det","fresker","Historien","holdt","kapellet","konklaven","Michelangelo","sixtinske"],"articleSection":["Samfunn"],"inLanguage":"nb-NO"},{"@type":"WebPage","@id":"https:\/\/nordnesrepublikken.no\/index.php\/2025\/05\/02\/historien-om-det-sixtinske-kapellet-der-konklaven-og-de-beromte-fresker-av-michelangelo-blir-holdt\/","url":"https:\/\/nordnesrepublikken.no\/index.php\/2025\/05\/02\/historien-om-det-sixtinske-kapellet-der-konklaven-og-de-beromte-fresker-av-michelangelo-blir-holdt\/","name":"Historien om det sixtinske kapellet der konklaven og de ber\u00f8mte fresker av Michelangelo blir holdt - Nordnesrepublikken","isPartOf":{"@id":"https:\/\/nordnesrepublikken.no\/#website"},"primaryImageOfPage":{"@id":"https:\/\/nordnesrepublikken.no\/index.php\/2025\/05\/02\/historien-om-det-sixtinske-kapellet-der-konklaven-og-de-beromte-fresker-av-michelangelo-blir-holdt\/#primaryimage"},"image":{"@id":"https:\/\/nordnesrepublikken.no\/index.php\/2025\/05\/02\/historien-om-det-sixtinske-kapellet-der-konklaven-og-de-beromte-fresker-av-michelangelo-blir-holdt\/#primaryimage"},"thumbnailUrl":"https:\/\/nordnesrepublikken.no\/wp-content\/uploads\/2025\/05\/1746150572_Historien-om-det-sixtinske-kapellet-der-konklaven-og-de-beromte.jpg","datePublished":"2025-05-02T01:49:32+00:00","dateModified":"2025-05-02T01:49:35+00:00","breadcrumb":{"@id":"https:\/\/nordnesrepublikken.no\/index.php\/2025\/05\/02\/historien-om-det-sixtinske-kapellet-der-konklaven-og-de-beromte-fresker-av-michelangelo-blir-holdt\/#breadcrumb"},"inLanguage":"nb-NO","potentialAction":[{"@type":"ReadAction","target":["https:\/\/nordnesrepublikken.no\/index.php\/2025\/05\/02\/historien-om-det-sixtinske-kapellet-der-konklaven-og-de-beromte-fresker-av-michelangelo-blir-holdt\/"]}]},{"@type":"ImageObject","inLanguage":"nb-NO","@id":"https:\/\/nordnesrepublikken.no\/index.php\/2025\/05\/02\/historien-om-det-sixtinske-kapellet-der-konklaven-og-de-beromte-fresker-av-michelangelo-blir-holdt\/#primaryimage","url":"https:\/\/nordnesrepublikken.no\/wp-content\/uploads\/2025\/05\/1746150572_Historien-om-det-sixtinske-kapellet-der-konklaven-og-de-beromte.jpg","contentUrl":"https:\/\/nordnesrepublikken.no\/wp-content\/uploads\/2025\/05\/1746150572_Historien-om-det-sixtinske-kapellet-der-konklaven-og-de-beromte.jpg","width":2323,"height":1555,"caption":"Immagine"},{"@type":"BreadcrumbList","@id":"https:\/\/nordnesrepublikken.no\/index.php\/2025\/05\/02\/historien-om-det-sixtinske-kapellet-der-konklaven-og-de-beromte-fresker-av-michelangelo-blir-holdt\/#breadcrumb","itemListElement":[{"@type":"ListItem","position":1,"name":"Home","item":"https:\/\/nordnesrepublikken.no\/"},{"@type":"ListItem","position":2,"name":"Historien om det sixtinske kapellet der konklaven og de ber\u00f8mte fresker av Michelangelo blir holdt"}]},{"@type":"WebSite","@id":"https:\/\/nordnesrepublikken.no\/#website","url":"https:\/\/nordnesrepublikken.no\/","name":"Nordnesrepublikken","description":"Stemmer og Visjoner fra Republikkens Hjerte","publisher":{"@id":"https:\/\/nordnesrepublikken.no\/#organization"},"potentialAction":[{"@type":"SearchAction","target":{"@type":"EntryPoint","urlTemplate":"https:\/\/nordnesrepublikken.no\/?s={search_term_string}"},"query-input":{"@type":"PropertyValueSpecification","valueRequired":true,"valueName":"search_term_string"}}],"inLanguage":"nb-NO"},{"@type":"Organization","@id":"https:\/\/nordnesrepublikken.no\/#organization","name":"Nordnesrepublikken","url":"https:\/\/nordnesrepublikken.no\/","logo":{"@type":"ImageObject","inLanguage":"nb-NO","@id":"https:\/\/nordnesrepublikken.no\/#\/schema\/logo\/image\/","url":"https:\/\/nordnesrepublikken.no\/wp-content\/uploads\/2025\/02\/cropped-nordnesrepublikken-2.png","contentUrl":"https:\/\/nordnesrepublikken.no\/wp-content\/uploads\/2025\/02\/cropped-nordnesrepublikken-2.png","width":1248,"height":362,"caption":"Nordnesrepublikken"},"image":{"@id":"https:\/\/nordnesrepublikken.no\/#\/schema\/logo\/image\/"}},{"@type":"Person","@id":"https:\/\/nordnesrepublikken.no\/#\/schema\/person\/2e7e81935bab77882fffb79296240ff1","name":"Ole Andersen","image":{"@type":"ImageObject","inLanguage":"nb-NO","@id":"https:\/\/nordnesrepublikken.no\/#\/schema\/person\/image\/","url":"https:\/\/nordnesrepublikken.no\/wp-content\/uploads\/2025\/02\/nordnesrepublikken-2-2-150x150.jpg","contentUrl":"https:\/\/nordnesrepublikken.no\/wp-content\/uploads\/2025\/02\/nordnesrepublikken-2-2-150x150.jpg","caption":"Ole Andersen"},"description":"Ettersom jeg vokste opp i Oslo, har jeg alltid v\u00e6rt fascinert av ordenes kraft og deres evne til \u00e5 skape endringer. Etter \u00e5 ha fullf\u00f8rt min utdannelse i kommunikasjon ved Universitetet i Bergen, fikk jeg muligheten til \u00e5 jobbe innen ulike medier, der jeg har s\u00f8kt \u00e5 belyse viktige samfunnssp\u00f8rsm\u00e5l. I dag, som redakt\u00f8r for Nordnesrepublikken, pr\u00f8ver jeg \u00e5 forene min kj\u00e6rlighet for journalistikk med min lidenskap for innovasjon og eventyr.","sameAs":["https:\/\/nordnesrepublikken.no\/"]}]}},"_links":{"self":[{"href":"https:\/\/nordnesrepublikken.no\/index.php\/wp-json\/wp\/v2\/posts\/4063","targetHints":{"allow":["GET"]}}],"collection":[{"href":"https:\/\/nordnesrepublikken.no\/index.php\/wp-json\/wp\/v2\/posts"}],"about":[{"href":"https:\/\/nordnesrepublikken.no\/index.php\/wp-json\/wp\/v2\/types\/post"}],"author":[{"embeddable":true,"href":"https:\/\/nordnesrepublikken.no\/index.php\/wp-json\/wp\/v2\/users\/1"}],"replies":[{"embeddable":true,"href":"https:\/\/nordnesrepublikken.no\/index.php\/wp-json\/wp\/v2\/comments?post=4063"}],"version-history":[{"count":1,"href":"https:\/\/nordnesrepublikken.no\/index.php\/wp-json\/wp\/v2\/posts\/4063\/revisions"}],"predecessor-version":[{"id":4065,"href":"https:\/\/nordnesrepublikken.no\/index.php\/wp-json\/wp\/v2\/posts\/4063\/revisions\/4065"}],"wp:featuredmedia":[{"embeddable":true,"href":"https:\/\/nordnesrepublikken.no\/index.php\/wp-json\/wp\/v2\/media\/4064"}],"wp:attachment":[{"href":"https:\/\/nordnesrepublikken.no\/index.php\/wp-json\/wp\/v2\/media?parent=4063"}],"wp:term":[{"taxonomy":"category","embeddable":true,"href":"https:\/\/nordnesrepublikken.no\/index.php\/wp-json\/wp\/v2\/categories?post=4063"},{"taxonomy":"post_tag","embeddable":true,"href":"https:\/\/nordnesrepublikken.no\/index.php\/wp-json\/wp\/v2\/tags?post=4063"}],"curies":[{"name":"wp","href":"https:\/\/api.w.org\/{rel}","templated":true}]}}