{"id":4021,"date":"2025-04-30T20:49:31","date_gmt":"2025-04-30T18:49:31","guid":{"rendered":"https:\/\/nordnesrepublikken.no\/index.php\/2025\/04\/30\/fordi-blackout-i-spania-har-portugal-og-frankrike-vaert-sa-rask-og-omfattende-den-mulige-dynamikken\/"},"modified":"2025-04-30T20:49:32","modified_gmt":"2025-04-30T18:49:32","slug":"fordi-blackout-i-spania-har-portugal-og-frankrike-vaert-sa-rask-og-omfattende-den-mulige-dynamikken","status":"publish","type":"post","link":"https:\/\/nordnesrepublikken.no\/index.php\/2025\/04\/30\/fordi-blackout-i-spania-har-portugal-og-frankrike-vaert-sa-rask-og-omfattende-den-mulige-dynamikken\/","title":{"rendered":"Fordi blackout i Spania har Portugal og Frankrike v\u00e6rt s\u00e5 rask og omfattende: den mulige dynamikken"},"content":{"rendered":"<div>\n<div class=\"cp_wrapper cp_wrapper--fw mb-30 mb-20@tablet\">\n<figure class=\"mm\"><picture class=\"img\" style=\"padding-top:56.25%\"><source  media=\"(min-width: 1024px)\"><source  media=\"(min-width: 768px)\"><\/source><\/source><\/picture><\/figure>\n<\/p><\/div>\n<p>De <strong>Maxi Blackout<\/strong> som rammet Spania, Portugal og S\u00f8r -Frankrike lammet luft- og jernbanetransporten i flere timer, Internett og det cellul\u00e6re nettverket. Mye av den iberiske halv\u00f8ya, men ogs\u00e5 territoriene utenfor Pyreneene, forble uten str\u00f8m p\u00e5 bare noen f\u00e5 minutter, det ser ut til \u00e5 v\u00e6re en plutselig kollaps av fotovoltaisk produksjon. For \u00e5 belyse hva blackout for\u00e5rsaket den spanske regjeringen, har den spanske regjeringen satt i gang en unders\u00f8kelseskommisjon og de forskjellige hypotesene blir for tiden unders\u00f8kt av de kompetente myndighetene. Men hvorfor denne &laquo;kollapsen&raquo; av str\u00f8mnettet var <strong>S\u00e5 omfattende og s\u00e5 raskt<\/strong>? For \u00e5 forst\u00e5 hvordan det kunne ha skjedd, utover de mulige \u00e5rsakene som fremdeles er ukjente og under vurdering av de kompetente myndighetene, m\u00e5 vi legge inn mekanismene til det elektriske nettverket, en av de mest komplekse og delikate infrastrukturene som finnes.<\/p>\n<h2><strong>Elektrisitetsnettet er et gigantisk balansesystem<\/strong><\/h2>\n<p>Vi kan forestille oss et elektrisk nettverk som en tett edderkoppnett som m\u00e5 styres p\u00e5 en ekstremt presis, rask og dynamisk m\u00e5te. <strong>Hans balanse er<\/strong> <strong>ekstremt delikat<\/strong>: Som en enorm skala, m\u00e5 han konstant &#8211; sekund etter andre &#8211; balanse p\u00e5 den ene siden er det produksjon av energi (kraftverk, fornybare systemer) og p\u00e5 den andre forbruket (hjem, n\u00e6ringer, sykehus osv.). Den er s\u00e5 konsumert, s\u00e5 mye m\u00e5 genereres. Hvis produksjonen overstiger forbruk, eller omvendt, endres nettverksparametere som frekvens eller spenning. Og disse endringene, hvis de er for store og feil korrigert, kan <strong>Sett hele systemet i krise<\/strong>.<\/p>\n<h2><strong>Kaskaden av hendelser bak en blackout (ogs\u00e5 et sp\u00f8rsm\u00e5l om sekunder)<\/strong><\/h2>\n<p>I motsetning til hva du synes, a <strong>Generalisert blackout<\/strong> Som den som skjedde i g\u00e5r er ikke bokstavelig talt \u00f8yeblikkelig, som en bryter som plutselig g\u00e5r av. Effekten oppfattet av den ene personen er den, men mangelen p\u00e5 str\u00f8m er ikke noe mer enn den siste handlingen av en <strong>behandle <\/strong>Noe som om enn raskt utvikler seg i forskjellige faser:<\/p>\n<ol>\n<li><strong>Et lokalt problem<\/strong> Det begynner \u00e5 skape ubalanser for nettverksparametrene;<\/li>\n<li><strong>Nettverket pr\u00f8ver \u00e5 reagere<\/strong>ved \u00e5 aktivere justeringssystemer som pr\u00f8ver \u00e5 gjenopprette balansen;<\/li>\n<li><strong>Hvis bredden av ubalansen er stor<\/strong>forskriften kan ikke kompensere;<\/li>\n<li><strong>N\u00f8dprotokoller aktiveres<\/strong> som involverer selektiv og kontrollert l\u00f8srivelse av ikke -essensielle belastninger for \u00e5 pr\u00f8ve \u00e5 raskt rapportere balansen mellom produksjon og forbruk.<\/li>\n<li><strong>Hvis til og med n\u00f8dprotokollene skulle mislykkes eller ikke ble aktivert i tide, tar beskyttelsen over, <\/strong>Ved \u00e5 sl\u00e5 av stadig st\u00f8rre porsjoner og for\u00e5rsake generaliserte blackouts.<\/li>\n<li>Til slutt, hvis flere nasjonale nettverk er det <strong>sammenkoblet<\/strong> Blant dem som i tilfelle Portugal, kan en ustabilitet generert av en nabostat ogs\u00e5 spre seg til nabolandene.<\/li>\n<\/ol>\n<p>Denne hendelsesforl\u00f8pet kan finne sted i noen <strong>sekunder<\/strong> til <strong>Titalls minutter<\/strong>avhengig av hvor robust og sammenkoblet nettverket er. Reguleringssystemene for \u00e5 stabilisere nettverksubalanse virker i en tid fra noen minutter til kvartalet en time. Rundt det lyder at blackout i Spania fant sted <strong>&laquo;Om 5 sekunder&raquo;<\/strong>men det er mer sannsynlig at det skjedde i en tid mellom 5 og 15 minutter &#8211; noe som i alle fall er kort tid for \u00e5 for\u00e5rsake s\u00e5 omfattende skader.<\/p>\n<h2><strong>Hvordan blackout ble utl\u00f8st i Spania<\/strong><\/h2>\n<p>Det er ikke kjent hva<strong>innledende hendelse <\/strong>som startet ulykken: det kan ha v\u00e6rt svikt i en sentral (til og med konvensjonell, derfor ikke til fornybar energi), nedbrytningen av en h\u00f8yspenningslinje, en man\u00f8vreringsfeil eller en sabotasje til infrastrukturen.<\/p>\n<p>I tillegg skiller det spanske elektriske systemet seg for<strong>Stort bidrag av energi produsert av fornybare kilder<\/strong>spesielt <strong>fotovoltaisk<\/strong> og <strong>vind<\/strong>. Disse teknologiene er viktige for \u00e5 oppmuntre til energiovergang, men involverer nye utfordringer for systemstabilitet. Disse systemene, hovedsakelig av distribuert st\u00f8rrelse, er koblet i gjennomsnitt og lavspenning og er utstyrt med <strong>Grensesnittbeskyttelse<\/strong> Designet for \u00e5 koble fra systemet i n\u00e6rv\u00e6r av anomale verdier p\u00e5 nettet. Det viktige poenget \u00e5 forst\u00e5 er at <strong>I tilfelle av nettverksubalanser, m\u00e5 anlegg for fornybar energi koble seg fra nettverket <\/strong>Fordi de ikke kan kompensere for parametrene for forstyrrelser. Og disse innledende l\u00f8srivelsene, selv om de er lokalisert, kan forplante seg raskt til kjetting, og siden solcelleanlegg genererte <strong>30%<\/strong> av str\u00f8mkravet i hele landet, hvis det nasjonale elektrisitetsnettet plutselig ser nesten en tredjedel av produksjonen ikke er \u00e5 kompensere for ubalansen: en generalisert blackout er opprettet.<\/p>\n<p>Den plutselige kollapsen av fotovoltaisk produksjon etter ubalansen i nettverket er etter all sannsynlighet bidratt til \u00e5 fremheve nettverkens generelle ustabilitet. N\u00e5r det er sagt, fotovoltaikk og energiproduksjon fra fornybare kilder generelt<strong> De er absolutt ikke for \u00e5 demonisere<\/strong>: Representere en ressurs <strong>fundamental<\/strong> <strong>for<\/strong> <strong>energiovergang<\/strong>. Av denne grunn krever integrasjonen deres en dyp bevissthet om dens egenskaper.<\/p>\n<\/p><\/div>\n","protected":false},"excerpt":{"rendered":"<p>De Maxi Blackout som rammet Spania, Portugal og S\u00f8r -Frankrike lammet luft- og jernbanetransporten i<\/p>\n","protected":false},"author":1,"featured_media":4022,"comment_status":"closed","ping_status":"open","sticky":false,"template":"","format":"standard","meta":{"footnotes":""},"categories":[26],"tags":[1788,74,1889,83,750,179,253,1888,139,1887,1472,529,1886],"class_list":["post-4021","post","type-post","status-publish","format-standard","has-post-thumbnail","hentry","category-miljo","tag-blackout","tag-den","tag-dynamikken","tag-fordi","tag-frankrike","tag-har","tag-mulige","tag-omfattende","tag-portugal","tag-rask","tag-sa","tag-spania","tag-vaert","generate-columns","tablet-grid-50","mobile-grid-100","grid-parent","grid-33","resize-featured-image"],"yoast_head":"<!-- This site is optimized with the Yoast SEO plugin v24.4 - https:\/\/yoast.com\/wordpress\/plugins\/seo\/ -->\n<title>Fordi blackout i Spania har Portugal og Frankrike v\u00e6rt s\u00e5 rask og omfattende: den mulige dynamikken - Nordnesrepublikken<\/title>\n<meta name=\"robots\" content=\"index, follow, max-snippet:-1, max-image-preview:large, max-video-preview:-1\" \/>\n<link rel=\"canonical\" href=\"https:\/\/nordnesrepublikken.no\/index.php\/2025\/04\/30\/fordi-blackout-i-spania-har-portugal-og-frankrike-vaert-sa-rask-og-omfattende-den-mulige-dynamikken\/\" \/>\n<meta property=\"og:locale\" content=\"nb_NO\" \/>\n<meta property=\"og:type\" content=\"article\" \/>\n<meta property=\"og:title\" content=\"Fordi blackout i Spania har Portugal og Frankrike v\u00e6rt s\u00e5 rask og omfattende: den mulige dynamikken - Nordnesrepublikken\" \/>\n<meta property=\"og:description\" content=\"De Maxi Blackout som rammet Spania, Portugal og S\u00f8r -Frankrike lammet luft- og jernbanetransporten i\" \/>\n<meta property=\"og:url\" content=\"https:\/\/nordnesrepublikken.no\/index.php\/2025\/04\/30\/fordi-blackout-i-spania-har-portugal-og-frankrike-vaert-sa-rask-og-omfattende-den-mulige-dynamikken\/\" \/>\n<meta property=\"og:site_name\" content=\"Nordnesrepublikken\" \/>\n<meta property=\"article:published_time\" content=\"2025-04-30T18:49:31+00:00\" \/>\n<meta property=\"article:modified_time\" content=\"2025-04-30T18:49:32+00:00\" \/>\n<meta property=\"og:image\" content=\"https:\/\/nordnesrepublikken.no\/wp-content\/uploads\/2025\/04\/1746038971_Fordi-blackout-i-Spania-har-Portugal-og-Frankrike-vaert-sa.jpg\" \/>\n\t<meta property=\"og:image:width\" content=\"1754\" \/>\n\t<meta property=\"og:image:height\" content=\"990\" \/>\n\t<meta property=\"og:image:type\" content=\"image\/jpeg\" \/>\n<meta name=\"author\" content=\"Ole Andersen\" \/>\n<meta name=\"twitter:card\" content=\"summary_large_image\" \/>\n<meta name=\"twitter:label1\" content=\"Skrevet av\" \/>\n\t<meta name=\"twitter:data1\" content=\"Ole Andersen\" \/>\n\t<meta name=\"twitter:label2\" content=\"Ansl. lesetid\" \/>\n\t<meta name=\"twitter:data2\" content=\"4 minutter\" \/>\n<script type=\"application\/ld+json\" class=\"yoast-schema-graph\">{\"@context\":\"https:\/\/schema.org\",\"@graph\":[{\"@type\":\"Article\",\"@id\":\"https:\/\/nordnesrepublikken.no\/index.php\/2025\/04\/30\/fordi-blackout-i-spania-har-portugal-og-frankrike-vaert-sa-rask-og-omfattende-den-mulige-dynamikken\/#article\",\"isPartOf\":{\"@id\":\"https:\/\/nordnesrepublikken.no\/index.php\/2025\/04\/30\/fordi-blackout-i-spania-har-portugal-og-frankrike-vaert-sa-rask-og-omfattende-den-mulige-dynamikken\/\"},\"author\":{\"name\":\"Ole Andersen\",\"@id\":\"https:\/\/nordnesrepublikken.no\/#\/schema\/person\/2e7e81935bab77882fffb79296240ff1\"},\"headline\":\"Fordi blackout i Spania har Portugal og Frankrike v\u00e6rt s\u00e5 rask og omfattende: den mulige dynamikken\",\"datePublished\":\"2025-04-30T18:49:31+00:00\",\"dateModified\":\"2025-04-30T18:49:32+00:00\",\"mainEntityOfPage\":{\"@id\":\"https:\/\/nordnesrepublikken.no\/index.php\/2025\/04\/30\/fordi-blackout-i-spania-har-portugal-og-frankrike-vaert-sa-rask-og-omfattende-den-mulige-dynamikken\/\"},\"wordCount\":766,\"publisher\":{\"@id\":\"https:\/\/nordnesrepublikken.no\/#organization\"},\"image\":{\"@id\":\"https:\/\/nordnesrepublikken.no\/index.php\/2025\/04\/30\/fordi-blackout-i-spania-har-portugal-og-frankrike-vaert-sa-rask-og-omfattende-den-mulige-dynamikken\/#primaryimage\"},\"thumbnailUrl\":\"https:\/\/nordnesrepublikken.no\/wp-content\/uploads\/2025\/04\/1746038971_Fordi-blackout-i-Spania-har-Portugal-og-Frankrike-vaert-sa.jpg\",\"keywords\":[\"Blackout\",\"den\",\"dynamikken\",\"Fordi\",\"Frankrike\",\"har\",\"mulige\",\"omfattende\",\"Portugal\",\"rask\",\"s\u00e5\",\"Spania\",\"v\u00e6rt\"],\"articleSection\":[\"Milj\u00f8\"],\"inLanguage\":\"nb-NO\"},{\"@type\":\"WebPage\",\"@id\":\"https:\/\/nordnesrepublikken.no\/index.php\/2025\/04\/30\/fordi-blackout-i-spania-har-portugal-og-frankrike-vaert-sa-rask-og-omfattende-den-mulige-dynamikken\/\",\"url\":\"https:\/\/nordnesrepublikken.no\/index.php\/2025\/04\/30\/fordi-blackout-i-spania-har-portugal-og-frankrike-vaert-sa-rask-og-omfattende-den-mulige-dynamikken\/\",\"name\":\"Fordi blackout i Spania har Portugal og Frankrike v\u00e6rt s\u00e5 rask og omfattende: den mulige dynamikken - Nordnesrepublikken\",\"isPartOf\":{\"@id\":\"https:\/\/nordnesrepublikken.no\/#website\"},\"primaryImageOfPage\":{\"@id\":\"https:\/\/nordnesrepublikken.no\/index.php\/2025\/04\/30\/fordi-blackout-i-spania-har-portugal-og-frankrike-vaert-sa-rask-og-omfattende-den-mulige-dynamikken\/#primaryimage\"},\"image\":{\"@id\":\"https:\/\/nordnesrepublikken.no\/index.php\/2025\/04\/30\/fordi-blackout-i-spania-har-portugal-og-frankrike-vaert-sa-rask-og-omfattende-den-mulige-dynamikken\/#primaryimage\"},\"thumbnailUrl\":\"https:\/\/nordnesrepublikken.no\/wp-content\/uploads\/2025\/04\/1746038971_Fordi-blackout-i-Spania-har-Portugal-og-Frankrike-vaert-sa.jpg\",\"datePublished\":\"2025-04-30T18:49:31+00:00\",\"dateModified\":\"2025-04-30T18:49:32+00:00\",\"breadcrumb\":{\"@id\":\"https:\/\/nordnesrepublikken.no\/index.php\/2025\/04\/30\/fordi-blackout-i-spania-har-portugal-og-frankrike-vaert-sa-rask-og-omfattende-den-mulige-dynamikken\/#breadcrumb\"},\"inLanguage\":\"nb-NO\",\"potentialAction\":[{\"@type\":\"ReadAction\",\"target\":[\"https:\/\/nordnesrepublikken.no\/index.php\/2025\/04\/30\/fordi-blackout-i-spania-har-portugal-og-frankrike-vaert-sa-rask-og-omfattende-den-mulige-dynamikken\/\"]}]},{\"@type\":\"ImageObject\",\"inLanguage\":\"nb-NO\",\"@id\":\"https:\/\/nordnesrepublikken.no\/index.php\/2025\/04\/30\/fordi-blackout-i-spania-har-portugal-og-frankrike-vaert-sa-rask-og-omfattende-den-mulige-dynamikken\/#primaryimage\",\"url\":\"https:\/\/nordnesrepublikken.no\/wp-content\/uploads\/2025\/04\/1746038971_Fordi-blackout-i-Spania-har-Portugal-og-Frankrike-vaert-sa.jpg\",\"contentUrl\":\"https:\/\/nordnesrepublikken.no\/wp-content\/uploads\/2025\/04\/1746038971_Fordi-blackout-i-Spania-har-Portugal-og-Frankrike-vaert-sa.jpg\",\"width\":1754,\"height\":990,\"caption\":\"blackout spagna\"},{\"@type\":\"BreadcrumbList\",\"@id\":\"https:\/\/nordnesrepublikken.no\/index.php\/2025\/04\/30\/fordi-blackout-i-spania-har-portugal-og-frankrike-vaert-sa-rask-og-omfattende-den-mulige-dynamikken\/#breadcrumb\",\"itemListElement\":[{\"@type\":\"ListItem\",\"position\":1,\"name\":\"Home\",\"item\":\"https:\/\/nordnesrepublikken.no\/\"},{\"@type\":\"ListItem\",\"position\":2,\"name\":\"Fordi blackout i Spania har Portugal og Frankrike v\u00e6rt s\u00e5 rask og omfattende: den mulige dynamikken\"}]},{\"@type\":\"WebSite\",\"@id\":\"https:\/\/nordnesrepublikken.no\/#website\",\"url\":\"https:\/\/nordnesrepublikken.no\/\",\"name\":\"Nordnesrepublikken\",\"description\":\"Stemmer og Visjoner fra Republikkens Hjerte\",\"publisher\":{\"@id\":\"https:\/\/nordnesrepublikken.no\/#organization\"},\"potentialAction\":[{\"@type\":\"SearchAction\",\"target\":{\"@type\":\"EntryPoint\",\"urlTemplate\":\"https:\/\/nordnesrepublikken.no\/?s={search_term_string}\"},\"query-input\":{\"@type\":\"PropertyValueSpecification\",\"valueRequired\":true,\"valueName\":\"search_term_string\"}}],\"inLanguage\":\"nb-NO\"},{\"@type\":\"Organization\",\"@id\":\"https:\/\/nordnesrepublikken.no\/#organization\",\"name\":\"Nordnesrepublikken\",\"url\":\"https:\/\/nordnesrepublikken.no\/\",\"logo\":{\"@type\":\"ImageObject\",\"inLanguage\":\"nb-NO\",\"@id\":\"https:\/\/nordnesrepublikken.no\/#\/schema\/logo\/image\/\",\"url\":\"https:\/\/nordnesrepublikken.no\/wp-content\/uploads\/2025\/02\/cropped-nordnesrepublikken-2.png\",\"contentUrl\":\"https:\/\/nordnesrepublikken.no\/wp-content\/uploads\/2025\/02\/cropped-nordnesrepublikken-2.png\",\"width\":1248,\"height\":362,\"caption\":\"Nordnesrepublikken\"},\"image\":{\"@id\":\"https:\/\/nordnesrepublikken.no\/#\/schema\/logo\/image\/\"}},{\"@type\":\"Person\",\"@id\":\"https:\/\/nordnesrepublikken.no\/#\/schema\/person\/2e7e81935bab77882fffb79296240ff1\",\"name\":\"Ole Andersen\",\"image\":{\"@type\":\"ImageObject\",\"inLanguage\":\"nb-NO\",\"@id\":\"https:\/\/nordnesrepublikken.no\/#\/schema\/person\/image\/\",\"url\":\"https:\/\/nordnesrepublikken.no\/wp-content\/uploads\/2025\/02\/nordnesrepublikken-2-2-150x150.jpg\",\"contentUrl\":\"https:\/\/nordnesrepublikken.no\/wp-content\/uploads\/2025\/02\/nordnesrepublikken-2-2-150x150.jpg\",\"caption\":\"Ole Andersen\"},\"description\":\"Ettersom jeg vokste opp i Oslo, har jeg alltid v\u00e6rt fascinert av ordenes kraft og deres evne til \u00e5 skape endringer. Etter \u00e5 ha fullf\u00f8rt min utdannelse i kommunikasjon ved Universitetet i Bergen, fikk jeg muligheten til \u00e5 jobbe innen ulike medier, der jeg har s\u00f8kt \u00e5 belyse viktige samfunnssp\u00f8rsm\u00e5l. I dag, som redakt\u00f8r for Nordnesrepublikken, pr\u00f8ver jeg \u00e5 forene min kj\u00e6rlighet for journalistikk med min lidenskap for innovasjon og eventyr.\",\"sameAs\":[\"https:\/\/nordnesrepublikken.no\/\"]}]}<\/script>\n<!-- \/ Yoast SEO plugin. -->","yoast_head_json":{"title":"Fordi blackout i Spania har Portugal og Frankrike v\u00e6rt s\u00e5 rask og omfattende: den mulige dynamikken - Nordnesrepublikken","robots":{"index":"index","follow":"follow","max-snippet":"max-snippet:-1","max-image-preview":"max-image-preview:large","max-video-preview":"max-video-preview:-1"},"canonical":"https:\/\/nordnesrepublikken.no\/index.php\/2025\/04\/30\/fordi-blackout-i-spania-har-portugal-og-frankrike-vaert-sa-rask-og-omfattende-den-mulige-dynamikken\/","og_locale":"nb_NO","og_type":"article","og_title":"Fordi blackout i Spania har Portugal og Frankrike v\u00e6rt s\u00e5 rask og omfattende: den mulige dynamikken - Nordnesrepublikken","og_description":"De Maxi Blackout som rammet Spania, Portugal og S\u00f8r -Frankrike lammet luft- og jernbanetransporten i","og_url":"https:\/\/nordnesrepublikken.no\/index.php\/2025\/04\/30\/fordi-blackout-i-spania-har-portugal-og-frankrike-vaert-sa-rask-og-omfattende-den-mulige-dynamikken\/","og_site_name":"Nordnesrepublikken","article_published_time":"2025-04-30T18:49:31+00:00","article_modified_time":"2025-04-30T18:49:32+00:00","og_image":[{"width":1754,"height":990,"url":"https:\/\/nordnesrepublikken.no\/wp-content\/uploads\/2025\/04\/1746038971_Fordi-blackout-i-Spania-har-Portugal-og-Frankrike-vaert-sa.jpg","type":"image\/jpeg"}],"author":"Ole Andersen","twitter_card":"summary_large_image","twitter_misc":{"Skrevet av":"Ole Andersen","Ansl. lesetid":"4 minutter"},"schema":{"@context":"https:\/\/schema.org","@graph":[{"@type":"Article","@id":"https:\/\/nordnesrepublikken.no\/index.php\/2025\/04\/30\/fordi-blackout-i-spania-har-portugal-og-frankrike-vaert-sa-rask-og-omfattende-den-mulige-dynamikken\/#article","isPartOf":{"@id":"https:\/\/nordnesrepublikken.no\/index.php\/2025\/04\/30\/fordi-blackout-i-spania-har-portugal-og-frankrike-vaert-sa-rask-og-omfattende-den-mulige-dynamikken\/"},"author":{"name":"Ole Andersen","@id":"https:\/\/nordnesrepublikken.no\/#\/schema\/person\/2e7e81935bab77882fffb79296240ff1"},"headline":"Fordi blackout i Spania har Portugal og Frankrike v\u00e6rt s\u00e5 rask og omfattende: den mulige dynamikken","datePublished":"2025-04-30T18:49:31+00:00","dateModified":"2025-04-30T18:49:32+00:00","mainEntityOfPage":{"@id":"https:\/\/nordnesrepublikken.no\/index.php\/2025\/04\/30\/fordi-blackout-i-spania-har-portugal-og-frankrike-vaert-sa-rask-og-omfattende-den-mulige-dynamikken\/"},"wordCount":766,"publisher":{"@id":"https:\/\/nordnesrepublikken.no\/#organization"},"image":{"@id":"https:\/\/nordnesrepublikken.no\/index.php\/2025\/04\/30\/fordi-blackout-i-spania-har-portugal-og-frankrike-vaert-sa-rask-og-omfattende-den-mulige-dynamikken\/#primaryimage"},"thumbnailUrl":"https:\/\/nordnesrepublikken.no\/wp-content\/uploads\/2025\/04\/1746038971_Fordi-blackout-i-Spania-har-Portugal-og-Frankrike-vaert-sa.jpg","keywords":["Blackout","den","dynamikken","Fordi","Frankrike","har","mulige","omfattende","Portugal","rask","s\u00e5","Spania","v\u00e6rt"],"articleSection":["Milj\u00f8"],"inLanguage":"nb-NO"},{"@type":"WebPage","@id":"https:\/\/nordnesrepublikken.no\/index.php\/2025\/04\/30\/fordi-blackout-i-spania-har-portugal-og-frankrike-vaert-sa-rask-og-omfattende-den-mulige-dynamikken\/","url":"https:\/\/nordnesrepublikken.no\/index.php\/2025\/04\/30\/fordi-blackout-i-spania-har-portugal-og-frankrike-vaert-sa-rask-og-omfattende-den-mulige-dynamikken\/","name":"Fordi blackout i Spania har Portugal og Frankrike v\u00e6rt s\u00e5 rask og omfattende: den mulige dynamikken - Nordnesrepublikken","isPartOf":{"@id":"https:\/\/nordnesrepublikken.no\/#website"},"primaryImageOfPage":{"@id":"https:\/\/nordnesrepublikken.no\/index.php\/2025\/04\/30\/fordi-blackout-i-spania-har-portugal-og-frankrike-vaert-sa-rask-og-omfattende-den-mulige-dynamikken\/#primaryimage"},"image":{"@id":"https:\/\/nordnesrepublikken.no\/index.php\/2025\/04\/30\/fordi-blackout-i-spania-har-portugal-og-frankrike-vaert-sa-rask-og-omfattende-den-mulige-dynamikken\/#primaryimage"},"thumbnailUrl":"https:\/\/nordnesrepublikken.no\/wp-content\/uploads\/2025\/04\/1746038971_Fordi-blackout-i-Spania-har-Portugal-og-Frankrike-vaert-sa.jpg","datePublished":"2025-04-30T18:49:31+00:00","dateModified":"2025-04-30T18:49:32+00:00","breadcrumb":{"@id":"https:\/\/nordnesrepublikken.no\/index.php\/2025\/04\/30\/fordi-blackout-i-spania-har-portugal-og-frankrike-vaert-sa-rask-og-omfattende-den-mulige-dynamikken\/#breadcrumb"},"inLanguage":"nb-NO","potentialAction":[{"@type":"ReadAction","target":["https:\/\/nordnesrepublikken.no\/index.php\/2025\/04\/30\/fordi-blackout-i-spania-har-portugal-og-frankrike-vaert-sa-rask-og-omfattende-den-mulige-dynamikken\/"]}]},{"@type":"ImageObject","inLanguage":"nb-NO","@id":"https:\/\/nordnesrepublikken.no\/index.php\/2025\/04\/30\/fordi-blackout-i-spania-har-portugal-og-frankrike-vaert-sa-rask-og-omfattende-den-mulige-dynamikken\/#primaryimage","url":"https:\/\/nordnesrepublikken.no\/wp-content\/uploads\/2025\/04\/1746038971_Fordi-blackout-i-Spania-har-Portugal-og-Frankrike-vaert-sa.jpg","contentUrl":"https:\/\/nordnesrepublikken.no\/wp-content\/uploads\/2025\/04\/1746038971_Fordi-blackout-i-Spania-har-Portugal-og-Frankrike-vaert-sa.jpg","width":1754,"height":990,"caption":"blackout spagna"},{"@type":"BreadcrumbList","@id":"https:\/\/nordnesrepublikken.no\/index.php\/2025\/04\/30\/fordi-blackout-i-spania-har-portugal-og-frankrike-vaert-sa-rask-og-omfattende-den-mulige-dynamikken\/#breadcrumb","itemListElement":[{"@type":"ListItem","position":1,"name":"Home","item":"https:\/\/nordnesrepublikken.no\/"},{"@type":"ListItem","position":2,"name":"Fordi blackout i Spania har Portugal og Frankrike v\u00e6rt s\u00e5 rask og omfattende: den mulige dynamikken"}]},{"@type":"WebSite","@id":"https:\/\/nordnesrepublikken.no\/#website","url":"https:\/\/nordnesrepublikken.no\/","name":"Nordnesrepublikken","description":"Stemmer og Visjoner fra Republikkens Hjerte","publisher":{"@id":"https:\/\/nordnesrepublikken.no\/#organization"},"potentialAction":[{"@type":"SearchAction","target":{"@type":"EntryPoint","urlTemplate":"https:\/\/nordnesrepublikken.no\/?s={search_term_string}"},"query-input":{"@type":"PropertyValueSpecification","valueRequired":true,"valueName":"search_term_string"}}],"inLanguage":"nb-NO"},{"@type":"Organization","@id":"https:\/\/nordnesrepublikken.no\/#organization","name":"Nordnesrepublikken","url":"https:\/\/nordnesrepublikken.no\/","logo":{"@type":"ImageObject","inLanguage":"nb-NO","@id":"https:\/\/nordnesrepublikken.no\/#\/schema\/logo\/image\/","url":"https:\/\/nordnesrepublikken.no\/wp-content\/uploads\/2025\/02\/cropped-nordnesrepublikken-2.png","contentUrl":"https:\/\/nordnesrepublikken.no\/wp-content\/uploads\/2025\/02\/cropped-nordnesrepublikken-2.png","width":1248,"height":362,"caption":"Nordnesrepublikken"},"image":{"@id":"https:\/\/nordnesrepublikken.no\/#\/schema\/logo\/image\/"}},{"@type":"Person","@id":"https:\/\/nordnesrepublikken.no\/#\/schema\/person\/2e7e81935bab77882fffb79296240ff1","name":"Ole Andersen","image":{"@type":"ImageObject","inLanguage":"nb-NO","@id":"https:\/\/nordnesrepublikken.no\/#\/schema\/person\/image\/","url":"https:\/\/nordnesrepublikken.no\/wp-content\/uploads\/2025\/02\/nordnesrepublikken-2-2-150x150.jpg","contentUrl":"https:\/\/nordnesrepublikken.no\/wp-content\/uploads\/2025\/02\/nordnesrepublikken-2-2-150x150.jpg","caption":"Ole Andersen"},"description":"Ettersom jeg vokste opp i Oslo, har jeg alltid v\u00e6rt fascinert av ordenes kraft og deres evne til \u00e5 skape endringer. Etter \u00e5 ha fullf\u00f8rt min utdannelse i kommunikasjon ved Universitetet i Bergen, fikk jeg muligheten til \u00e5 jobbe innen ulike medier, der jeg har s\u00f8kt \u00e5 belyse viktige samfunnssp\u00f8rsm\u00e5l. I dag, som redakt\u00f8r for Nordnesrepublikken, pr\u00f8ver jeg \u00e5 forene min kj\u00e6rlighet for journalistikk med min lidenskap for innovasjon og eventyr.","sameAs":["https:\/\/nordnesrepublikken.no\/"]}]}},"_links":{"self":[{"href":"https:\/\/nordnesrepublikken.no\/index.php\/wp-json\/wp\/v2\/posts\/4021","targetHints":{"allow":["GET"]}}],"collection":[{"href":"https:\/\/nordnesrepublikken.no\/index.php\/wp-json\/wp\/v2\/posts"}],"about":[{"href":"https:\/\/nordnesrepublikken.no\/index.php\/wp-json\/wp\/v2\/types\/post"}],"author":[{"embeddable":true,"href":"https:\/\/nordnesrepublikken.no\/index.php\/wp-json\/wp\/v2\/users\/1"}],"replies":[{"embeddable":true,"href":"https:\/\/nordnesrepublikken.no\/index.php\/wp-json\/wp\/v2\/comments?post=4021"}],"version-history":[{"count":1,"href":"https:\/\/nordnesrepublikken.no\/index.php\/wp-json\/wp\/v2\/posts\/4021\/revisions"}],"predecessor-version":[{"id":4023,"href":"https:\/\/nordnesrepublikken.no\/index.php\/wp-json\/wp\/v2\/posts\/4021\/revisions\/4023"}],"wp:featuredmedia":[{"embeddable":true,"href":"https:\/\/nordnesrepublikken.no\/index.php\/wp-json\/wp\/v2\/media\/4022"}],"wp:attachment":[{"href":"https:\/\/nordnesrepublikken.no\/index.php\/wp-json\/wp\/v2\/media?parent=4021"}],"wp:term":[{"taxonomy":"category","embeddable":true,"href":"https:\/\/nordnesrepublikken.no\/index.php\/wp-json\/wp\/v2\/categories?post=4021"},{"taxonomy":"post_tag","embeddable":true,"href":"https:\/\/nordnesrepublikken.no\/index.php\/wp-json\/wp\/v2\/tags?post=4021"}],"curies":[{"name":"wp","href":"https:\/\/api.w.org\/{rel}","templated":true}]}}