{"id":4006,"date":"2025-04-30T13:49:33","date_gmt":"2025-04-30T11:49:33","guid":{"rendered":"https:\/\/nordnesrepublikken.no\/index.php\/2025\/04\/30\/blackout-i-spania-var-fornybar-energi-arsaken-la-oss-avklare-rollen-som-fotovoltaikk\/"},"modified":"2025-04-30T13:49:42","modified_gmt":"2025-04-30T11:49:42","slug":"blackout-i-spania-var-fornybar-energi-arsaken-la-oss-avklare-rollen-som-fotovoltaikk","status":"publish","type":"post","link":"https:\/\/nordnesrepublikken.no\/index.php\/2025\/04\/30\/blackout-i-spania-var-fornybar-energi-arsaken-la-oss-avklare-rollen-som-fotovoltaikk\/","title":{"rendered":"Blackout i Spania, var fornybar energi \u00e5rsaken? La oss avklare rollen som fotovoltaikk"},"content":{"rendered":"<div>\n<div class=\"cp_wrapper cp_wrapper--fw mb-30 mb-20@tablet\">\n<figure class=\"mm\"><picture class=\"img\" style=\"padding-top:56.25%\"><source  media=\"(min-width: 1024px)\"><source  media=\"(min-width: 768px)\"><\/source><\/source><\/picture><\/figure>\n<\/p><\/div>\n<p>En av de mest omtalte tekniske aspektene ved <strong>Maxi Blackout<\/strong> I Spania var Portugal og Frankrike <strong>rolle som fornybare kilder planter ville ha spilt i denne saken<\/strong> og spesifikt de som er til solcelleanlegg. Spania er et av landene som produserer mer str\u00f8m gjennom fornybare kilder (ogs\u00e5 p\u00e5<strong>80%<\/strong>) og ulykken skjedde i topp \u00f8yeblikk av solcelleproduksjon, det vil virke nettopp p\u00e5 grunn av et enormt tap av produksjon av solcelleanlegg.<\/p>\n<p>En s\u00e6regenhet ved alle plantene som utnytter fornybare kilder er faktisk at i motsetning til konvensjonelle planter, i situasjoner med ustabilitet i nettverket <strong>De klarer ikke \u00e5 gripe inn effektivt for \u00e5 stabilisere frekvensen<\/strong> eller kompensere raskt energiunderskuddet. I teknisk sjargong sies det det <strong>De har ingen elektromekanisk treghet<\/strong>. Denne begrensede responskapasiteten gj\u00f8r systemet mer utsatt for svingninger og risikoer ved ubalanse.<\/p>\n<p>N\u00e5r ulykken involverte de fotovoltaiske systemene, koblet disse fra nettverket. Hvis vi g\u00e5r og ser p\u00e5 dataene levert av <strong>Red El\u00e9ctric de Espa\u00f1a<\/strong>sjefen for det spanske elektrisitetsnettet, faktisk merker vi en <strong>vertikal kollaps<\/strong> av fotovoltaisk produksjon, med <strong>bortenfor<\/strong> <strong>10 GW tapt<\/strong> Sannsynligvis innen en h\u00e5ndfull sekunder.<\/p>\n<div class=\"cp_wrapper cp_wrapper--fw mb-50\">\n<figure class=\"mm\"><picture class=\"img\" style=\"padding-top:88.589211618257%\"><source  media=\"(min-width: 1024px)\"><source  media=\"(min-width: 768px)\"><img decoding=\"async\" loading=\"lazy\" src=\"https:\/\/nordnesrepublikken.no\/wp-content\/uploads\/2025\/04\/1746013773_842_Blackout-i-Spania-var-fornybar-energi-arsaken-La-oss-avklare.jpg\" alt=\"Photovoltaic Spania Blackout\" width=\"1928\" height=\"1708\"><\/source><\/source><\/picture><\/figure>\n<\/p><\/div>\n<p>I utgangspunktet det spanske elektrisitetsnettet <strong>30% av produksjonen har manglet br\u00e5tt<\/strong>: En ubalanse for voldelig til \u00e5 bli kompensert av reguleringssystemene. P\u00e5 dette tidspunktet <strong>Nettverksubalanse blir i nasjonal skala<\/strong>: L\u00f8sning av fotovoltaiske systemer, selv om de er lokalisert, genererer voldsfrekvenssvingninger som aktiverer beskyttelse i andre systemer, med p\u00e5f\u00f8lgende kaskade -frakoblinger som dermed genererer en stadig mer omfattende blackout.<\/p>\n<p>Kort sagt, i henhold til de f\u00f8rste rekonstruksjonene (som skal bekreftes), kan solcelleanlegg ha forvandlet en lokalisert ubalanse av str\u00f8mnettet til en kollaps utvidet til hele den iberiske halv\u00f8ya. Hvis den samme utl\u00f8sende ulykken &#8211; fortsatt ukjent &#8211; hadde skjedd om kvelden, det vil si langt fra produksjonstoppen, <strong>Systemet vil sannsynligvis kunne kompensere gjennom tradisjonelle planter<\/strong> som i stedet har elektromekanisk treghet.<\/p>\n<p>Dette skj\u00f8nt <strong>Det betyr ikke at &laquo;det var feilen ved fornybar energi&raquo;<\/strong>. For \u00f8yeblikket vet vi faktisk ikke hva blackout utl\u00f8ste: den utl\u00f8sende \u00e5rsaken kunne ogs\u00e5 ha gjaldt konvensjonelle termoelektriske kraftverk. Videre er det ubestridelig at fornybarheten er <strong>grunnleggende for den \u00f8kologiske overgangen<\/strong>. Kort sagt, fornybar energi ikke skal demoniseres: som enhver teknologi de har fordeler og ulemper, og blant dem er det absolutt mangelen p\u00e5 treghet, men det viktige er \u00e5 v\u00e6re klar over problemene som kan dukke opp og finne l\u00f8sninger for \u00e5 h\u00e5ndtere dem i beste fall og forhindre at s\u00e5 store ulykker gjentar seg.<\/p>\n<\/p><\/div>\n","protected":false},"excerpt":{"rendered":"<p>En av de mest omtalte tekniske aspektene ved Maxi Blackout I Spania var Portugal og<\/p>\n","protected":false},"author":1,"featured_media":4007,"comment_status":"closed","ping_status":"open","sticky":false,"template":"","format":"standard","meta":{"footnotes":""},"categories":[26],"tags":[1871,658,1788,1608,1870,1873,657,1872,31,529,100],"class_list":["post-4006","post","type-post","status-publish","format-standard","has-post-thumbnail","hentry","category-miljo","tag-arsaken","tag-avklare","tag-blackout","tag-energi","tag-fornybar","tag-fotovoltaikk","tag-oss","tag-rollen","tag-som","tag-spania","tag-var","generate-columns","tablet-grid-50","mobile-grid-100","grid-parent","grid-33","resize-featured-image"],"yoast_head":"<!-- This site is optimized with the Yoast SEO plugin v24.4 - https:\/\/yoast.com\/wordpress\/plugins\/seo\/ -->\n<title>Blackout i Spania, var fornybar energi \u00e5rsaken? La oss avklare rollen som fotovoltaikk - Nordnesrepublikken<\/title>\n<meta name=\"robots\" content=\"index, follow, max-snippet:-1, max-image-preview:large, max-video-preview:-1\" \/>\n<link rel=\"canonical\" href=\"https:\/\/nordnesrepublikken.no\/index.php\/2025\/04\/30\/blackout-i-spania-var-fornybar-energi-arsaken-la-oss-avklare-rollen-som-fotovoltaikk\/\" \/>\n<meta property=\"og:locale\" content=\"nb_NO\" \/>\n<meta property=\"og:type\" content=\"article\" \/>\n<meta property=\"og:title\" content=\"Blackout i Spania, var fornybar energi \u00e5rsaken? La oss avklare rollen som fotovoltaikk - Nordnesrepublikken\" \/>\n<meta property=\"og:description\" content=\"En av de mest omtalte tekniske aspektene ved Maxi Blackout I Spania var Portugal og\" \/>\n<meta property=\"og:url\" content=\"https:\/\/nordnesrepublikken.no\/index.php\/2025\/04\/30\/blackout-i-spania-var-fornybar-energi-arsaken-la-oss-avklare-rollen-som-fotovoltaikk\/\" \/>\n<meta property=\"og:site_name\" content=\"Nordnesrepublikken\" \/>\n<meta property=\"article:published_time\" content=\"2025-04-30T11:49:33+00:00\" \/>\n<meta property=\"article:modified_time\" content=\"2025-04-30T11:49:42+00:00\" \/>\n<meta property=\"og:image\" content=\"https:\/\/nordnesrepublikken.no\/wp-content\/uploads\/2025\/04\/1746013774_Blackout-i-Spania-var-fornybar-energi-arsaken-La-oss-avklare-scaled.jpg\" \/>\n\t<meta property=\"og:image:width\" content=\"2560\" \/>\n\t<meta property=\"og:image:height\" content=\"1706\" \/>\n\t<meta property=\"og:image:type\" content=\"image\/jpeg\" \/>\n<meta name=\"author\" content=\"Ole Andersen\" \/>\n<meta name=\"twitter:card\" content=\"summary_large_image\" \/>\n<meta name=\"twitter:label1\" content=\"Skrevet av\" \/>\n\t<meta name=\"twitter:data1\" content=\"Ole Andersen\" \/>\n\t<meta name=\"twitter:label2\" content=\"Ansl. lesetid\" \/>\n\t<meta name=\"twitter:data2\" content=\"2 minutter\" \/>\n<script type=\"application\/ld+json\" class=\"yoast-schema-graph\">{\"@context\":\"https:\/\/schema.org\",\"@graph\":[{\"@type\":\"Article\",\"@id\":\"https:\/\/nordnesrepublikken.no\/index.php\/2025\/04\/30\/blackout-i-spania-var-fornybar-energi-arsaken-la-oss-avklare-rollen-som-fotovoltaikk\/#article\",\"isPartOf\":{\"@id\":\"https:\/\/nordnesrepublikken.no\/index.php\/2025\/04\/30\/blackout-i-spania-var-fornybar-energi-arsaken-la-oss-avklare-rollen-som-fotovoltaikk\/\"},\"author\":{\"name\":\"Ole Andersen\",\"@id\":\"https:\/\/nordnesrepublikken.no\/#\/schema\/person\/2e7e81935bab77882fffb79296240ff1\"},\"headline\":\"Blackout i Spania, var fornybar energi \u00e5rsaken? La oss avklare rollen som fotovoltaikk\",\"datePublished\":\"2025-04-30T11:49:33+00:00\",\"dateModified\":\"2025-04-30T11:49:42+00:00\",\"mainEntityOfPage\":{\"@id\":\"https:\/\/nordnesrepublikken.no\/index.php\/2025\/04\/30\/blackout-i-spania-var-fornybar-energi-arsaken-la-oss-avklare-rollen-som-fotovoltaikk\/\"},\"wordCount\":424,\"publisher\":{\"@id\":\"https:\/\/nordnesrepublikken.no\/#organization\"},\"image\":{\"@id\":\"https:\/\/nordnesrepublikken.no\/index.php\/2025\/04\/30\/blackout-i-spania-var-fornybar-energi-arsaken-la-oss-avklare-rollen-som-fotovoltaikk\/#primaryimage\"},\"thumbnailUrl\":\"https:\/\/nordnesrepublikken.no\/wp-content\/uploads\/2025\/04\/1746013774_Blackout-i-Spania-var-fornybar-energi-arsaken-La-oss-avklare-scaled.jpg\",\"keywords\":[\"\u00e5rsaken\",\"avklare\",\"Blackout\",\"energi\",\"fornybar\",\"fotovoltaikk\",\"oss\",\"rollen\",\"som\",\"Spania\",\"var\"],\"articleSection\":[\"Milj\u00f8\"],\"inLanguage\":\"nb-NO\"},{\"@type\":\"WebPage\",\"@id\":\"https:\/\/nordnesrepublikken.no\/index.php\/2025\/04\/30\/blackout-i-spania-var-fornybar-energi-arsaken-la-oss-avklare-rollen-som-fotovoltaikk\/\",\"url\":\"https:\/\/nordnesrepublikken.no\/index.php\/2025\/04\/30\/blackout-i-spania-var-fornybar-energi-arsaken-la-oss-avklare-rollen-som-fotovoltaikk\/\",\"name\":\"Blackout i Spania, var fornybar energi \u00e5rsaken? La oss avklare rollen som fotovoltaikk - Nordnesrepublikken\",\"isPartOf\":{\"@id\":\"https:\/\/nordnesrepublikken.no\/#website\"},\"primaryImageOfPage\":{\"@id\":\"https:\/\/nordnesrepublikken.no\/index.php\/2025\/04\/30\/blackout-i-spania-var-fornybar-energi-arsaken-la-oss-avklare-rollen-som-fotovoltaikk\/#primaryimage\"},\"image\":{\"@id\":\"https:\/\/nordnesrepublikken.no\/index.php\/2025\/04\/30\/blackout-i-spania-var-fornybar-energi-arsaken-la-oss-avklare-rollen-som-fotovoltaikk\/#primaryimage\"},\"thumbnailUrl\":\"https:\/\/nordnesrepublikken.no\/wp-content\/uploads\/2025\/04\/1746013774_Blackout-i-Spania-var-fornybar-energi-arsaken-La-oss-avklare-scaled.jpg\",\"datePublished\":\"2025-04-30T11:49:33+00:00\",\"dateModified\":\"2025-04-30T11:49:42+00:00\",\"breadcrumb\":{\"@id\":\"https:\/\/nordnesrepublikken.no\/index.php\/2025\/04\/30\/blackout-i-spania-var-fornybar-energi-arsaken-la-oss-avklare-rollen-som-fotovoltaikk\/#breadcrumb\"},\"inLanguage\":\"nb-NO\",\"potentialAction\":[{\"@type\":\"ReadAction\",\"target\":[\"https:\/\/nordnesrepublikken.no\/index.php\/2025\/04\/30\/blackout-i-spania-var-fornybar-energi-arsaken-la-oss-avklare-rollen-som-fotovoltaikk\/\"]}]},{\"@type\":\"ImageObject\",\"inLanguage\":\"nb-NO\",\"@id\":\"https:\/\/nordnesrepublikken.no\/index.php\/2025\/04\/30\/blackout-i-spania-var-fornybar-energi-arsaken-la-oss-avklare-rollen-som-fotovoltaikk\/#primaryimage\",\"url\":\"https:\/\/nordnesrepublikken.no\/wp-content\/uploads\/2025\/04\/1746013774_Blackout-i-Spania-var-fornybar-energi-arsaken-La-oss-avklare-scaled.jpg\",\"contentUrl\":\"https:\/\/nordnesrepublikken.no\/wp-content\/uploads\/2025\/04\/1746013774_Blackout-i-Spania-var-fornybar-energi-arsaken-La-oss-avklare-scaled.jpg\",\"width\":2560,\"height\":1706,\"caption\":\"blackout spagna rinnovabili\"},{\"@type\":\"BreadcrumbList\",\"@id\":\"https:\/\/nordnesrepublikken.no\/index.php\/2025\/04\/30\/blackout-i-spania-var-fornybar-energi-arsaken-la-oss-avklare-rollen-som-fotovoltaikk\/#breadcrumb\",\"itemListElement\":[{\"@type\":\"ListItem\",\"position\":1,\"name\":\"Home\",\"item\":\"https:\/\/nordnesrepublikken.no\/\"},{\"@type\":\"ListItem\",\"position\":2,\"name\":\"Blackout i Spania, var fornybar energi \u00e5rsaken? La oss avklare rollen som fotovoltaikk\"}]},{\"@type\":\"WebSite\",\"@id\":\"https:\/\/nordnesrepublikken.no\/#website\",\"url\":\"https:\/\/nordnesrepublikken.no\/\",\"name\":\"Nordnesrepublikken\",\"description\":\"Stemmer og Visjoner fra Republikkens Hjerte\",\"publisher\":{\"@id\":\"https:\/\/nordnesrepublikken.no\/#organization\"},\"potentialAction\":[{\"@type\":\"SearchAction\",\"target\":{\"@type\":\"EntryPoint\",\"urlTemplate\":\"https:\/\/nordnesrepublikken.no\/?s={search_term_string}\"},\"query-input\":{\"@type\":\"PropertyValueSpecification\",\"valueRequired\":true,\"valueName\":\"search_term_string\"}}],\"inLanguage\":\"nb-NO\"},{\"@type\":\"Organization\",\"@id\":\"https:\/\/nordnesrepublikken.no\/#organization\",\"name\":\"Nordnesrepublikken\",\"url\":\"https:\/\/nordnesrepublikken.no\/\",\"logo\":{\"@type\":\"ImageObject\",\"inLanguage\":\"nb-NO\",\"@id\":\"https:\/\/nordnesrepublikken.no\/#\/schema\/logo\/image\/\",\"url\":\"https:\/\/nordnesrepublikken.no\/wp-content\/uploads\/2025\/02\/cropped-nordnesrepublikken-2.png\",\"contentUrl\":\"https:\/\/nordnesrepublikken.no\/wp-content\/uploads\/2025\/02\/cropped-nordnesrepublikken-2.png\",\"width\":1248,\"height\":362,\"caption\":\"Nordnesrepublikken\"},\"image\":{\"@id\":\"https:\/\/nordnesrepublikken.no\/#\/schema\/logo\/image\/\"}},{\"@type\":\"Person\",\"@id\":\"https:\/\/nordnesrepublikken.no\/#\/schema\/person\/2e7e81935bab77882fffb79296240ff1\",\"name\":\"Ole Andersen\",\"image\":{\"@type\":\"ImageObject\",\"inLanguage\":\"nb-NO\",\"@id\":\"https:\/\/nordnesrepublikken.no\/#\/schema\/person\/image\/\",\"url\":\"https:\/\/nordnesrepublikken.no\/wp-content\/uploads\/2025\/02\/nordnesrepublikken-2-2-150x150.jpg\",\"contentUrl\":\"https:\/\/nordnesrepublikken.no\/wp-content\/uploads\/2025\/02\/nordnesrepublikken-2-2-150x150.jpg\",\"caption\":\"Ole Andersen\"},\"description\":\"Ettersom jeg vokste opp i Oslo, har jeg alltid v\u00e6rt fascinert av ordenes kraft og deres evne til \u00e5 skape endringer. Etter \u00e5 ha fullf\u00f8rt min utdannelse i kommunikasjon ved Universitetet i Bergen, fikk jeg muligheten til \u00e5 jobbe innen ulike medier, der jeg har s\u00f8kt \u00e5 belyse viktige samfunnssp\u00f8rsm\u00e5l. I dag, som redakt\u00f8r for Nordnesrepublikken, pr\u00f8ver jeg \u00e5 forene min kj\u00e6rlighet for journalistikk med min lidenskap for innovasjon og eventyr.\",\"sameAs\":[\"https:\/\/nordnesrepublikken.no\/\"]}]}<\/script>\n<!-- \/ Yoast SEO plugin. -->","yoast_head_json":{"title":"Blackout i Spania, var fornybar energi \u00e5rsaken? La oss avklare rollen som fotovoltaikk - Nordnesrepublikken","robots":{"index":"index","follow":"follow","max-snippet":"max-snippet:-1","max-image-preview":"max-image-preview:large","max-video-preview":"max-video-preview:-1"},"canonical":"https:\/\/nordnesrepublikken.no\/index.php\/2025\/04\/30\/blackout-i-spania-var-fornybar-energi-arsaken-la-oss-avklare-rollen-som-fotovoltaikk\/","og_locale":"nb_NO","og_type":"article","og_title":"Blackout i Spania, var fornybar energi \u00e5rsaken? La oss avklare rollen som fotovoltaikk - Nordnesrepublikken","og_description":"En av de mest omtalte tekniske aspektene ved Maxi Blackout I Spania var Portugal og","og_url":"https:\/\/nordnesrepublikken.no\/index.php\/2025\/04\/30\/blackout-i-spania-var-fornybar-energi-arsaken-la-oss-avklare-rollen-som-fotovoltaikk\/","og_site_name":"Nordnesrepublikken","article_published_time":"2025-04-30T11:49:33+00:00","article_modified_time":"2025-04-30T11:49:42+00:00","og_image":[{"width":2560,"height":1706,"url":"https:\/\/nordnesrepublikken.no\/wp-content\/uploads\/2025\/04\/1746013774_Blackout-i-Spania-var-fornybar-energi-arsaken-La-oss-avklare-scaled.jpg","type":"image\/jpeg"}],"author":"Ole Andersen","twitter_card":"summary_large_image","twitter_misc":{"Skrevet av":"Ole Andersen","Ansl. lesetid":"2 minutter"},"schema":{"@context":"https:\/\/schema.org","@graph":[{"@type":"Article","@id":"https:\/\/nordnesrepublikken.no\/index.php\/2025\/04\/30\/blackout-i-spania-var-fornybar-energi-arsaken-la-oss-avklare-rollen-som-fotovoltaikk\/#article","isPartOf":{"@id":"https:\/\/nordnesrepublikken.no\/index.php\/2025\/04\/30\/blackout-i-spania-var-fornybar-energi-arsaken-la-oss-avklare-rollen-som-fotovoltaikk\/"},"author":{"name":"Ole Andersen","@id":"https:\/\/nordnesrepublikken.no\/#\/schema\/person\/2e7e81935bab77882fffb79296240ff1"},"headline":"Blackout i Spania, var fornybar energi \u00e5rsaken? La oss avklare rollen som fotovoltaikk","datePublished":"2025-04-30T11:49:33+00:00","dateModified":"2025-04-30T11:49:42+00:00","mainEntityOfPage":{"@id":"https:\/\/nordnesrepublikken.no\/index.php\/2025\/04\/30\/blackout-i-spania-var-fornybar-energi-arsaken-la-oss-avklare-rollen-som-fotovoltaikk\/"},"wordCount":424,"publisher":{"@id":"https:\/\/nordnesrepublikken.no\/#organization"},"image":{"@id":"https:\/\/nordnesrepublikken.no\/index.php\/2025\/04\/30\/blackout-i-spania-var-fornybar-energi-arsaken-la-oss-avklare-rollen-som-fotovoltaikk\/#primaryimage"},"thumbnailUrl":"https:\/\/nordnesrepublikken.no\/wp-content\/uploads\/2025\/04\/1746013774_Blackout-i-Spania-var-fornybar-energi-arsaken-La-oss-avklare-scaled.jpg","keywords":["\u00e5rsaken","avklare","Blackout","energi","fornybar","fotovoltaikk","oss","rollen","som","Spania","var"],"articleSection":["Milj\u00f8"],"inLanguage":"nb-NO"},{"@type":"WebPage","@id":"https:\/\/nordnesrepublikken.no\/index.php\/2025\/04\/30\/blackout-i-spania-var-fornybar-energi-arsaken-la-oss-avklare-rollen-som-fotovoltaikk\/","url":"https:\/\/nordnesrepublikken.no\/index.php\/2025\/04\/30\/blackout-i-spania-var-fornybar-energi-arsaken-la-oss-avklare-rollen-som-fotovoltaikk\/","name":"Blackout i Spania, var fornybar energi \u00e5rsaken? La oss avklare rollen som fotovoltaikk - Nordnesrepublikken","isPartOf":{"@id":"https:\/\/nordnesrepublikken.no\/#website"},"primaryImageOfPage":{"@id":"https:\/\/nordnesrepublikken.no\/index.php\/2025\/04\/30\/blackout-i-spania-var-fornybar-energi-arsaken-la-oss-avklare-rollen-som-fotovoltaikk\/#primaryimage"},"image":{"@id":"https:\/\/nordnesrepublikken.no\/index.php\/2025\/04\/30\/blackout-i-spania-var-fornybar-energi-arsaken-la-oss-avklare-rollen-som-fotovoltaikk\/#primaryimage"},"thumbnailUrl":"https:\/\/nordnesrepublikken.no\/wp-content\/uploads\/2025\/04\/1746013774_Blackout-i-Spania-var-fornybar-energi-arsaken-La-oss-avklare-scaled.jpg","datePublished":"2025-04-30T11:49:33+00:00","dateModified":"2025-04-30T11:49:42+00:00","breadcrumb":{"@id":"https:\/\/nordnesrepublikken.no\/index.php\/2025\/04\/30\/blackout-i-spania-var-fornybar-energi-arsaken-la-oss-avklare-rollen-som-fotovoltaikk\/#breadcrumb"},"inLanguage":"nb-NO","potentialAction":[{"@type":"ReadAction","target":["https:\/\/nordnesrepublikken.no\/index.php\/2025\/04\/30\/blackout-i-spania-var-fornybar-energi-arsaken-la-oss-avklare-rollen-som-fotovoltaikk\/"]}]},{"@type":"ImageObject","inLanguage":"nb-NO","@id":"https:\/\/nordnesrepublikken.no\/index.php\/2025\/04\/30\/blackout-i-spania-var-fornybar-energi-arsaken-la-oss-avklare-rollen-som-fotovoltaikk\/#primaryimage","url":"https:\/\/nordnesrepublikken.no\/wp-content\/uploads\/2025\/04\/1746013774_Blackout-i-Spania-var-fornybar-energi-arsaken-La-oss-avklare-scaled.jpg","contentUrl":"https:\/\/nordnesrepublikken.no\/wp-content\/uploads\/2025\/04\/1746013774_Blackout-i-Spania-var-fornybar-energi-arsaken-La-oss-avklare-scaled.jpg","width":2560,"height":1706,"caption":"blackout spagna rinnovabili"},{"@type":"BreadcrumbList","@id":"https:\/\/nordnesrepublikken.no\/index.php\/2025\/04\/30\/blackout-i-spania-var-fornybar-energi-arsaken-la-oss-avklare-rollen-som-fotovoltaikk\/#breadcrumb","itemListElement":[{"@type":"ListItem","position":1,"name":"Home","item":"https:\/\/nordnesrepublikken.no\/"},{"@type":"ListItem","position":2,"name":"Blackout i Spania, var fornybar energi \u00e5rsaken? La oss avklare rollen som fotovoltaikk"}]},{"@type":"WebSite","@id":"https:\/\/nordnesrepublikken.no\/#website","url":"https:\/\/nordnesrepublikken.no\/","name":"Nordnesrepublikken","description":"Stemmer og Visjoner fra Republikkens Hjerte","publisher":{"@id":"https:\/\/nordnesrepublikken.no\/#organization"},"potentialAction":[{"@type":"SearchAction","target":{"@type":"EntryPoint","urlTemplate":"https:\/\/nordnesrepublikken.no\/?s={search_term_string}"},"query-input":{"@type":"PropertyValueSpecification","valueRequired":true,"valueName":"search_term_string"}}],"inLanguage":"nb-NO"},{"@type":"Organization","@id":"https:\/\/nordnesrepublikken.no\/#organization","name":"Nordnesrepublikken","url":"https:\/\/nordnesrepublikken.no\/","logo":{"@type":"ImageObject","inLanguage":"nb-NO","@id":"https:\/\/nordnesrepublikken.no\/#\/schema\/logo\/image\/","url":"https:\/\/nordnesrepublikken.no\/wp-content\/uploads\/2025\/02\/cropped-nordnesrepublikken-2.png","contentUrl":"https:\/\/nordnesrepublikken.no\/wp-content\/uploads\/2025\/02\/cropped-nordnesrepublikken-2.png","width":1248,"height":362,"caption":"Nordnesrepublikken"},"image":{"@id":"https:\/\/nordnesrepublikken.no\/#\/schema\/logo\/image\/"}},{"@type":"Person","@id":"https:\/\/nordnesrepublikken.no\/#\/schema\/person\/2e7e81935bab77882fffb79296240ff1","name":"Ole Andersen","image":{"@type":"ImageObject","inLanguage":"nb-NO","@id":"https:\/\/nordnesrepublikken.no\/#\/schema\/person\/image\/","url":"https:\/\/nordnesrepublikken.no\/wp-content\/uploads\/2025\/02\/nordnesrepublikken-2-2-150x150.jpg","contentUrl":"https:\/\/nordnesrepublikken.no\/wp-content\/uploads\/2025\/02\/nordnesrepublikken-2-2-150x150.jpg","caption":"Ole Andersen"},"description":"Ettersom jeg vokste opp i Oslo, har jeg alltid v\u00e6rt fascinert av ordenes kraft og deres evne til \u00e5 skape endringer. Etter \u00e5 ha fullf\u00f8rt min utdannelse i kommunikasjon ved Universitetet i Bergen, fikk jeg muligheten til \u00e5 jobbe innen ulike medier, der jeg har s\u00f8kt \u00e5 belyse viktige samfunnssp\u00f8rsm\u00e5l. I dag, som redakt\u00f8r for Nordnesrepublikken, pr\u00f8ver jeg \u00e5 forene min kj\u00e6rlighet for journalistikk med min lidenskap for innovasjon og eventyr.","sameAs":["https:\/\/nordnesrepublikken.no\/"]}]}},"_links":{"self":[{"href":"https:\/\/nordnesrepublikken.no\/index.php\/wp-json\/wp\/v2\/posts\/4006","targetHints":{"allow":["GET"]}}],"collection":[{"href":"https:\/\/nordnesrepublikken.no\/index.php\/wp-json\/wp\/v2\/posts"}],"about":[{"href":"https:\/\/nordnesrepublikken.no\/index.php\/wp-json\/wp\/v2\/types\/post"}],"author":[{"embeddable":true,"href":"https:\/\/nordnesrepublikken.no\/index.php\/wp-json\/wp\/v2\/users\/1"}],"replies":[{"embeddable":true,"href":"https:\/\/nordnesrepublikken.no\/index.php\/wp-json\/wp\/v2\/comments?post=4006"}],"version-history":[{"count":1,"href":"https:\/\/nordnesrepublikken.no\/index.php\/wp-json\/wp\/v2\/posts\/4006\/revisions"}],"predecessor-version":[{"id":4008,"href":"https:\/\/nordnesrepublikken.no\/index.php\/wp-json\/wp\/v2\/posts\/4006\/revisions\/4008"}],"wp:featuredmedia":[{"embeddable":true,"href":"https:\/\/nordnesrepublikken.no\/index.php\/wp-json\/wp\/v2\/media\/4007"}],"wp:attachment":[{"href":"https:\/\/nordnesrepublikken.no\/index.php\/wp-json\/wp\/v2\/media?parent=4006"}],"wp:term":[{"taxonomy":"category","embeddable":true,"href":"https:\/\/nordnesrepublikken.no\/index.php\/wp-json\/wp\/v2\/categories?post=4006"},{"taxonomy":"post_tag","embeddable":true,"href":"https:\/\/nordnesrepublikken.no\/index.php\/wp-json\/wp\/v2\/tags?post=4006"}],"curies":[{"name":"wp","href":"https:\/\/api.w.org\/{rel}","templated":true}]}}