{"id":3958,"date":"2025-04-29T16:49:51","date_gmt":"2025-04-29T14:49:51","guid":{"rendered":"https:\/\/nordnesrepublikken.no\/index.php\/2025\/04\/29\/blackout-i-spania-den-navaerende-avkastningen-og-sanchez-kunngjor-undersokelseskommisjonen-usikkerheten-om-arsakene\/"},"modified":"2025-04-29T16:49:51","modified_gmt":"2025-04-29T14:49:51","slug":"blackout-i-spania-den-navaerende-avkastningen-og-sanchez-kunngjor-undersokelseskommisjonen-usikkerheten-om-arsakene","status":"publish","type":"post","link":"https:\/\/nordnesrepublikken.no\/index.php\/2025\/04\/29\/blackout-i-spania-den-navaerende-avkastningen-og-sanchez-kunngjor-undersokelseskommisjonen-usikkerheten-om-arsakene\/","title":{"rendered":"Blackout i Spania, den n\u00e5v\u00e6rende avkastningen og Sanchez kunngj\u00f8r unders\u00f8kelseskommisjonen: usikkerheten om \u00e5rsakene"},"content":{"rendered":"<div>\n<div class=\"cp_wrapper cp_wrapper--fw mb-30 mb-20@tablet\">\n<figure class=\"mm\"><picture class=\"img\" style=\"padding-top:56.25%\"><source  media=\"(min-width: 1024px)\"><source  media=\"(min-width: 768px)\"><\/source><\/source><\/picture><\/figure>\n<\/p><\/div>\n<p>Situasjonen er tilbake til det normale etter den utvidede blackout som fra 12:33 fra i g\u00e5r traff Spania, Portugal og S\u00f8r -Frankrike. Manageren for det spanske elektrisitetsnettverket <strong>Red El\u00e9ctric de Espa\u00f1a <\/strong>(REE) sa klokka 11:15 i dag \u00e5 ha &laquo;normalisert&raquo; funksjonen til det nasjonale elektriske systemet, mens i henhold til den siste oppdateringen av sjefen for det portugisiske elektrisitetsnettverket, er aktiviteten til alle elektriske subsits i landet blitt gjenopprettet. Tog og fly har kommet tilbake til sirkul\u00e6r og str\u00f8m er aktivt igjen i infrastruktur og hjem.<\/p>\n<p>P\u00e5 den annen side har den spanske regjeringen ikke gitt offisiell kommunikasjon videre <strong>Mulige \u00e5rsaker<\/strong> av kollapsen av str\u00f8mnettet. Tallrike hypoteser har sirkulert, fra hackerangrepet til et uidentifisert &laquo;sjeldent atmosf\u00e6risk fenomen&raquo; som har blitt kalt <em>Induserte atmosf\u00e6riske vibrasjoner<\/em>opp til ekte <strong>Konspirasjonsteorier<\/strong> som ville se ulykken som et angrep fra Israel, men sannheten er det <strong>Ingen av disse hypotesene kan bekreftes<\/strong> Og den eneste som kan fortelle oss at noe vil v\u00e6re den spanske regjeringen.<\/p>\n<p>Fra dette synspunktet vises det imidlertid<strong> anomal<\/strong> At regjeringen, mer enn 24 timer etter en av de mest alvorlige blackouts i europeisk historie, enn\u00e5 ikke har gitt offisielle forklaringer p\u00e5 hypotesene som for tiden er p\u00e5 banen p\u00e5 hva som kunne ha utl\u00f8st en ulykke av denne rekkevidden. Hypotesen om cyberangrepet er for tiden sj\u00e5f\u00f8ren, men den spanske statsministeren <strong>Pedro Sanchez<\/strong> Han kunngjorde en etterforskningskommisjon om \u00e5rsakene til blackout.<\/p>\n<h2>Blackout -dataene i Spania og Portugal: Hva skjedde<\/h2>\n<p>\u00c5 gi kurven som viser kollapsen av str\u00f8mnettet i Spania er det samme <strong>Ree<\/strong>som administrerer det nasjonale elektrisitetsnettet. Den gule linjen i grafen nedenfor viser kollapsen i bruken av str\u00f8m i landet: det er imponerende \u00e5 se hvordan nedgangen var veldig rask: over en h\u00e5ndfull minutter ble sp\u00f8rsm\u00e5let g\u00e5tt rundt <strong>26 Gigawatt<\/strong> til &laquo;bare&raquo; <strong>10 Gigawatt<\/strong>.<\/p>\n<div class=\"cp_wrapper cp_wrapper--fw mb-50\">\n<figure class=\"mm\"><picture class=\"img\" style=\"padding-top:67.056530214425%\"><source  media=\"(min-width: 1024px)\"><source  media=\"(min-width: 768px)\"><img decoding=\"async\" loading=\"lazy\" src=\"https:\/\/nordnesrepublikken.no\/wp-content\/uploads\/2025\/04\/1745938191_882_Blackout-i-Spania-den-navaerende-avkastningen-og-Sanchez-kunngjor-undersokelseskommisjonen.jpg\" alt=\"Spania blackout\" width=\"2052\" height=\"1376\"><\/source><\/source><\/picture><\/figure>\n<\/p><\/div>\n<p>P\u00e5 tidspunktet for blackout<strong>81,48%<\/strong> av energi ble produsert av <strong>Fornybare kilder<\/strong>delt inn i <strong>54,86%<\/strong> produkt via <strong>Solcelleanlegg<\/strong>, <strong>10,87%<\/strong> gjennom <strong>vind<\/strong>, <strong>9,86%<\/strong> gjennom <strong>vannkraft<\/strong> Og <strong>10,52%<\/strong> gjennom <strong>kjernefysisk<\/strong>. Blackout har fullstendig avbrutt produksjonen av energi fra kjernefysiske og sentrale kullanlegg, men ikke fullstendig energien som er produsert via vind, vannkraft og solrik.<\/p>\n<p>Som det fremg\u00e5r av grafen, begynner rundt midnatt kurven for reell ettersp\u00f8rsel \u00e5 m\u00f8te den planlagte ettersp\u00f8rselen, for \u00e5 g\u00e5 tilbake til 100% erkl\u00e6rt rundt 11 i morges.<\/p>\n<h2>Hypotesene om mulige \u00e5rsaker: All tvil<\/h2>\n<p>Det var mye snakk om muligheten for muligheten hva betydelig <strong>termiske endringer<\/strong> De kunne ha for\u00e5rsaket tilstrekkelige svingninger i hyppigheten av str\u00f8mnettet for \u00e5 for\u00e5rsake generalisert blackout. Gjennomsnittlig hele verden har rapportert hypotesen om <em>Induserte atmosf\u00e6riske vibrasjoner<\/em> Basert p\u00e5 erkl\u00e6ringen fra en talsmann for kroppen som administrerer det portugisiske elektrisitetsnettverket:<\/p>\n<blockquote>\n<p>P\u00e5 grunn av de ekstreme temperaturvariasjonene i Spania, har anomale svingninger skjedd i linjene med veldig h\u00f8y spenning (400 kV), et fenomen kjent som &laquo;indusert atmosf\u00e6risk vibrasjon&raquo;. Disse svingningene har for\u00e5rsaket synkroniseringsfeil mellom elektriske systemer, noe som f\u00f8rer til p\u00e5f\u00f8lgende lidelser gjennom det sammenkoblede europeiske nettverket.<\/p>\n<\/blockquote>\n<p>Uten \u00e5 ekskludere denne forklaringen a priori, men <strong>det er ikke klart<\/strong> Av forskjellige grunner:<\/p>\n<ul>\n<li>Den meteorologiske situasjonen i Spania for \u00f8yeblikket var langt fra ekstrem: det spanske meteorologiske byr\u00e5et, AEMET, bekrefter at det, i henhold til &laquo;uvanlige meteorologiske fenomener eller atmosf\u00e6riske fenomener eller atmosf\u00e6riske fenomener, ikke er blitt p\u00e5vist, og det var heller ikke plutselige endringer i temperaturen i v\u00e5rt nettverk av v\u00e6rstasjoner&raquo;;<\/li>\n<li>Lederen for det portugisiske nettverket uttrykte seg ikke offisielt p\u00e5 de mulige \u00e5rsakene, fremfor alt fordi problemet oppsto i Spania og derfor knapt i Portugal kunne ha hatt detaljer om opprinnelsen til problemet;<\/li>\n<li>P\u00e5 nettet er det ekstremt vanskelig \u00e5 finne informasjon om fenomenet <em>Induserte atmosf\u00e6riske vibrasjoner<\/em>: Det er derfor ikke klart eller hva det er n\u00f8yaktig og hvordan dette fenomenet kunne ha for\u00e5rsaket en s\u00e5 omfattende og generalisert blackout.<\/li>\n<\/ul>\n<p>Ogs\u00e5 hypotesen om en <strong>Cyberangrep<\/strong> La tiden den finner. Det er faktisk ingen st\u00f8tteelementer, som ogs\u00e5 bekreftet av presidenten i Det europeiske r\u00e5d <strong>Ant\u00f3nio Costa<\/strong>tidligere statsminister for portugisisk, og av visepresidenten for EU-kommisjonen <strong>Teresa Ribera<\/strong>.<\/p>\n<p>Mange gjorde da en sving <strong>buffalo<\/strong> if\u00f8lge hvilken blackout var en bevisst handling av Israel som en gjengjeldelse for undertrykkelse av den spanske regjeringen i et l\u00e5n av <strong>6,6 millioner dollar<\/strong> for bev\u00e6pning av den j\u00f8diske staten. Det er faktisk ingen grunner til \u00e5 tro p\u00e5 en s\u00e5 fantasifull historie, i lyset av det faktum at Spania er en geopolitisk akt\u00f8r i andre etasje i det israelsk-palestinske sp\u00f8rsm\u00e5let.<\/p>\n<\/p><\/div>\n","protected":false},"excerpt":{"rendered":"<p>Situasjonen er tilbake til det normale etter den utvidede blackout som fra 12:33 fra i<\/p>\n","protected":false},"author":1,"featured_media":3959,"comment_status":"closed","ping_status":"open","sticky":false,"template":"","format":"standard","meta":{"footnotes":""},"categories":[26],"tags":[1003,1838,1788,74,1840,1837,1839,529,1841,1842],"class_list":["post-3958","post","type-post","status-publish","format-standard","has-post-thumbnail","hentry","category-miljo","tag-arsakene","tag-avkastningen","tag-blackout","tag-den","tag-kunngjor","tag-navaerende","tag-sanchez","tag-spania","tag-undersokelseskommisjonen","tag-usikkerheten","generate-columns","tablet-grid-50","mobile-grid-100","grid-parent","grid-33","resize-featured-image"],"yoast_head":"<!-- This site is optimized with the Yoast SEO plugin v24.4 - https:\/\/yoast.com\/wordpress\/plugins\/seo\/ -->\n<title>Blackout i Spania, den n\u00e5v\u00e6rende avkastningen og Sanchez kunngj\u00f8r unders\u00f8kelseskommisjonen: usikkerheten om \u00e5rsakene - Nordnesrepublikken<\/title>\n<meta name=\"robots\" content=\"index, follow, max-snippet:-1, max-image-preview:large, max-video-preview:-1\" \/>\n<link rel=\"canonical\" href=\"https:\/\/nordnesrepublikken.no\/index.php\/2025\/04\/29\/blackout-i-spania-den-navaerende-avkastningen-og-sanchez-kunngjor-undersokelseskommisjonen-usikkerheten-om-arsakene\/\" \/>\n<meta property=\"og:locale\" content=\"nb_NO\" \/>\n<meta property=\"og:type\" content=\"article\" \/>\n<meta property=\"og:title\" content=\"Blackout i Spania, den n\u00e5v\u00e6rende avkastningen og Sanchez kunngj\u00f8r unders\u00f8kelseskommisjonen: usikkerheten om \u00e5rsakene - Nordnesrepublikken\" \/>\n<meta property=\"og:description\" content=\"Situasjonen er tilbake til det normale etter den utvidede blackout som fra 12:33 fra i\" \/>\n<meta property=\"og:url\" content=\"https:\/\/nordnesrepublikken.no\/index.php\/2025\/04\/29\/blackout-i-spania-den-navaerende-avkastningen-og-sanchez-kunngjor-undersokelseskommisjonen-usikkerheten-om-arsakene\/\" \/>\n<meta property=\"og:site_name\" content=\"Nordnesrepublikken\" \/>\n<meta property=\"article:published_time\" content=\"2025-04-29T14:49:51+00:00\" \/>\n<meta property=\"og:image\" content=\"https:\/\/nordnesrepublikken.no\/wp-content\/uploads\/2025\/04\/1745938191_Blackout-i-Spania-den-navaerende-avkastningen-og-Sanchez-kunngjor-undersokelseskommisjonen.jpg\" \/>\n\t<meta property=\"og:image:width\" content=\"1290\" \/>\n\t<meta property=\"og:image:height\" content=\"850\" \/>\n\t<meta property=\"og:image:type\" content=\"image\/jpeg\" \/>\n<meta name=\"author\" content=\"Ole Andersen\" \/>\n<meta name=\"twitter:card\" content=\"summary_large_image\" \/>\n<meta name=\"twitter:label1\" content=\"Skrevet av\" \/>\n\t<meta name=\"twitter:data1\" content=\"Ole Andersen\" \/>\n\t<meta name=\"twitter:label2\" content=\"Ansl. lesetid\" \/>\n\t<meta name=\"twitter:data2\" content=\"4 minutter\" \/>\n<script type=\"application\/ld+json\" class=\"yoast-schema-graph\">{\"@context\":\"https:\/\/schema.org\",\"@graph\":[{\"@type\":\"Article\",\"@id\":\"https:\/\/nordnesrepublikken.no\/index.php\/2025\/04\/29\/blackout-i-spania-den-navaerende-avkastningen-og-sanchez-kunngjor-undersokelseskommisjonen-usikkerheten-om-arsakene\/#article\",\"isPartOf\":{\"@id\":\"https:\/\/nordnesrepublikken.no\/index.php\/2025\/04\/29\/blackout-i-spania-den-navaerende-avkastningen-og-sanchez-kunngjor-undersokelseskommisjonen-usikkerheten-om-arsakene\/\"},\"author\":{\"name\":\"Ole Andersen\",\"@id\":\"https:\/\/nordnesrepublikken.no\/#\/schema\/person\/2e7e81935bab77882fffb79296240ff1\"},\"headline\":\"Blackout i Spania, den n\u00e5v\u00e6rende avkastningen og Sanchez kunngj\u00f8r unders\u00f8kelseskommisjonen: usikkerheten om \u00e5rsakene\",\"datePublished\":\"2025-04-29T14:49:51+00:00\",\"mainEntityOfPage\":{\"@id\":\"https:\/\/nordnesrepublikken.no\/index.php\/2025\/04\/29\/blackout-i-spania-den-navaerende-avkastningen-og-sanchez-kunngjor-undersokelseskommisjonen-usikkerheten-om-arsakene\/\"},\"wordCount\":760,\"publisher\":{\"@id\":\"https:\/\/nordnesrepublikken.no\/#organization\"},\"image\":{\"@id\":\"https:\/\/nordnesrepublikken.no\/index.php\/2025\/04\/29\/blackout-i-spania-den-navaerende-avkastningen-og-sanchez-kunngjor-undersokelseskommisjonen-usikkerheten-om-arsakene\/#primaryimage\"},\"thumbnailUrl\":\"https:\/\/nordnesrepublikken.no\/wp-content\/uploads\/2025\/04\/1745938191_Blackout-i-Spania-den-navaerende-avkastningen-og-Sanchez-kunngjor-undersokelseskommisjonen.jpg\",\"keywords\":[\"\u00e5rsakene\",\"avkastningen\",\"Blackout\",\"den\",\"kunngj\u00f8r\",\"n\u00e5v\u00e6rende\",\"Sanchez\",\"Spania\",\"unders\u00f8kelseskommisjonen\",\"usikkerheten\"],\"articleSection\":[\"Milj\u00f8\"],\"inLanguage\":\"nb-NO\"},{\"@type\":\"WebPage\",\"@id\":\"https:\/\/nordnesrepublikken.no\/index.php\/2025\/04\/29\/blackout-i-spania-den-navaerende-avkastningen-og-sanchez-kunngjor-undersokelseskommisjonen-usikkerheten-om-arsakene\/\",\"url\":\"https:\/\/nordnesrepublikken.no\/index.php\/2025\/04\/29\/blackout-i-spania-den-navaerende-avkastningen-og-sanchez-kunngjor-undersokelseskommisjonen-usikkerheten-om-arsakene\/\",\"name\":\"Blackout i Spania, den n\u00e5v\u00e6rende avkastningen og Sanchez kunngj\u00f8r unders\u00f8kelseskommisjonen: usikkerheten om \u00e5rsakene - Nordnesrepublikken\",\"isPartOf\":{\"@id\":\"https:\/\/nordnesrepublikken.no\/#website\"},\"primaryImageOfPage\":{\"@id\":\"https:\/\/nordnesrepublikken.no\/index.php\/2025\/04\/29\/blackout-i-spania-den-navaerende-avkastningen-og-sanchez-kunngjor-undersokelseskommisjonen-usikkerheten-om-arsakene\/#primaryimage\"},\"image\":{\"@id\":\"https:\/\/nordnesrepublikken.no\/index.php\/2025\/04\/29\/blackout-i-spania-den-navaerende-avkastningen-og-sanchez-kunngjor-undersokelseskommisjonen-usikkerheten-om-arsakene\/#primaryimage\"},\"thumbnailUrl\":\"https:\/\/nordnesrepublikken.no\/wp-content\/uploads\/2025\/04\/1745938191_Blackout-i-Spania-den-navaerende-avkastningen-og-Sanchez-kunngjor-undersokelseskommisjonen.jpg\",\"datePublished\":\"2025-04-29T14:49:51+00:00\",\"breadcrumb\":{\"@id\":\"https:\/\/nordnesrepublikken.no\/index.php\/2025\/04\/29\/blackout-i-spania-den-navaerende-avkastningen-og-sanchez-kunngjor-undersokelseskommisjonen-usikkerheten-om-arsakene\/#breadcrumb\"},\"inLanguage\":\"nb-NO\",\"potentialAction\":[{\"@type\":\"ReadAction\",\"target\":[\"https:\/\/nordnesrepublikken.no\/index.php\/2025\/04\/29\/blackout-i-spania-den-navaerende-avkastningen-og-sanchez-kunngjor-undersokelseskommisjonen-usikkerheten-om-arsakene\/\"]}]},{\"@type\":\"ImageObject\",\"inLanguage\":\"nb-NO\",\"@id\":\"https:\/\/nordnesrepublikken.no\/index.php\/2025\/04\/29\/blackout-i-spania-den-navaerende-avkastningen-og-sanchez-kunngjor-undersokelseskommisjonen-usikkerheten-om-arsakene\/#primaryimage\",\"url\":\"https:\/\/nordnesrepublikken.no\/wp-content\/uploads\/2025\/04\/1745938191_Blackout-i-Spania-den-navaerende-avkastningen-og-Sanchez-kunngjor-undersokelseskommisjonen.jpg\",\"contentUrl\":\"https:\/\/nordnesrepublikken.no\/wp-content\/uploads\/2025\/04\/1745938191_Blackout-i-Spania-den-navaerende-avkastningen-og-Sanchez-kunngjor-undersokelseskommisjonen.jpg\",\"width\":1290,\"height\":850,\"caption\":\"blackout spagna\"},{\"@type\":\"BreadcrumbList\",\"@id\":\"https:\/\/nordnesrepublikken.no\/index.php\/2025\/04\/29\/blackout-i-spania-den-navaerende-avkastningen-og-sanchez-kunngjor-undersokelseskommisjonen-usikkerheten-om-arsakene\/#breadcrumb\",\"itemListElement\":[{\"@type\":\"ListItem\",\"position\":1,\"name\":\"Home\",\"item\":\"https:\/\/nordnesrepublikken.no\/\"},{\"@type\":\"ListItem\",\"position\":2,\"name\":\"Blackout i Spania, den n\u00e5v\u00e6rende avkastningen og Sanchez kunngj\u00f8r unders\u00f8kelseskommisjonen: usikkerheten om \u00e5rsakene\"}]},{\"@type\":\"WebSite\",\"@id\":\"https:\/\/nordnesrepublikken.no\/#website\",\"url\":\"https:\/\/nordnesrepublikken.no\/\",\"name\":\"Nordnesrepublikken\",\"description\":\"Stemmer og Visjoner fra Republikkens Hjerte\",\"publisher\":{\"@id\":\"https:\/\/nordnesrepublikken.no\/#organization\"},\"potentialAction\":[{\"@type\":\"SearchAction\",\"target\":{\"@type\":\"EntryPoint\",\"urlTemplate\":\"https:\/\/nordnesrepublikken.no\/?s={search_term_string}\"},\"query-input\":{\"@type\":\"PropertyValueSpecification\",\"valueRequired\":true,\"valueName\":\"search_term_string\"}}],\"inLanguage\":\"nb-NO\"},{\"@type\":\"Organization\",\"@id\":\"https:\/\/nordnesrepublikken.no\/#organization\",\"name\":\"Nordnesrepublikken\",\"url\":\"https:\/\/nordnesrepublikken.no\/\",\"logo\":{\"@type\":\"ImageObject\",\"inLanguage\":\"nb-NO\",\"@id\":\"https:\/\/nordnesrepublikken.no\/#\/schema\/logo\/image\/\",\"url\":\"https:\/\/nordnesrepublikken.no\/wp-content\/uploads\/2025\/02\/cropped-nordnesrepublikken-2.png\",\"contentUrl\":\"https:\/\/nordnesrepublikken.no\/wp-content\/uploads\/2025\/02\/cropped-nordnesrepublikken-2.png\",\"width\":1248,\"height\":362,\"caption\":\"Nordnesrepublikken\"},\"image\":{\"@id\":\"https:\/\/nordnesrepublikken.no\/#\/schema\/logo\/image\/\"}},{\"@type\":\"Person\",\"@id\":\"https:\/\/nordnesrepublikken.no\/#\/schema\/person\/2e7e81935bab77882fffb79296240ff1\",\"name\":\"Ole Andersen\",\"image\":{\"@type\":\"ImageObject\",\"inLanguage\":\"nb-NO\",\"@id\":\"https:\/\/nordnesrepublikken.no\/#\/schema\/person\/image\/\",\"url\":\"https:\/\/nordnesrepublikken.no\/wp-content\/uploads\/2025\/02\/nordnesrepublikken-2-2-150x150.jpg\",\"contentUrl\":\"https:\/\/nordnesrepublikken.no\/wp-content\/uploads\/2025\/02\/nordnesrepublikken-2-2-150x150.jpg\",\"caption\":\"Ole Andersen\"},\"description\":\"Ettersom jeg vokste opp i Oslo, har jeg alltid v\u00e6rt fascinert av ordenes kraft og deres evne til \u00e5 skape endringer. Etter \u00e5 ha fullf\u00f8rt min utdannelse i kommunikasjon ved Universitetet i Bergen, fikk jeg muligheten til \u00e5 jobbe innen ulike medier, der jeg har s\u00f8kt \u00e5 belyse viktige samfunnssp\u00f8rsm\u00e5l. I dag, som redakt\u00f8r for Nordnesrepublikken, pr\u00f8ver jeg \u00e5 forene min kj\u00e6rlighet for journalistikk med min lidenskap for innovasjon og eventyr.\",\"sameAs\":[\"https:\/\/nordnesrepublikken.no\/\"]}]}<\/script>\n<!-- \/ Yoast SEO plugin. -->","yoast_head_json":{"title":"Blackout i Spania, den n\u00e5v\u00e6rende avkastningen og Sanchez kunngj\u00f8r unders\u00f8kelseskommisjonen: usikkerheten om \u00e5rsakene - Nordnesrepublikken","robots":{"index":"index","follow":"follow","max-snippet":"max-snippet:-1","max-image-preview":"max-image-preview:large","max-video-preview":"max-video-preview:-1"},"canonical":"https:\/\/nordnesrepublikken.no\/index.php\/2025\/04\/29\/blackout-i-spania-den-navaerende-avkastningen-og-sanchez-kunngjor-undersokelseskommisjonen-usikkerheten-om-arsakene\/","og_locale":"nb_NO","og_type":"article","og_title":"Blackout i Spania, den n\u00e5v\u00e6rende avkastningen og Sanchez kunngj\u00f8r unders\u00f8kelseskommisjonen: usikkerheten om \u00e5rsakene - Nordnesrepublikken","og_description":"Situasjonen er tilbake til det normale etter den utvidede blackout som fra 12:33 fra i","og_url":"https:\/\/nordnesrepublikken.no\/index.php\/2025\/04\/29\/blackout-i-spania-den-navaerende-avkastningen-og-sanchez-kunngjor-undersokelseskommisjonen-usikkerheten-om-arsakene\/","og_site_name":"Nordnesrepublikken","article_published_time":"2025-04-29T14:49:51+00:00","og_image":[{"width":1290,"height":850,"url":"https:\/\/nordnesrepublikken.no\/wp-content\/uploads\/2025\/04\/1745938191_Blackout-i-Spania-den-navaerende-avkastningen-og-Sanchez-kunngjor-undersokelseskommisjonen.jpg","type":"image\/jpeg"}],"author":"Ole Andersen","twitter_card":"summary_large_image","twitter_misc":{"Skrevet av":"Ole Andersen","Ansl. lesetid":"4 minutter"},"schema":{"@context":"https:\/\/schema.org","@graph":[{"@type":"Article","@id":"https:\/\/nordnesrepublikken.no\/index.php\/2025\/04\/29\/blackout-i-spania-den-navaerende-avkastningen-og-sanchez-kunngjor-undersokelseskommisjonen-usikkerheten-om-arsakene\/#article","isPartOf":{"@id":"https:\/\/nordnesrepublikken.no\/index.php\/2025\/04\/29\/blackout-i-spania-den-navaerende-avkastningen-og-sanchez-kunngjor-undersokelseskommisjonen-usikkerheten-om-arsakene\/"},"author":{"name":"Ole Andersen","@id":"https:\/\/nordnesrepublikken.no\/#\/schema\/person\/2e7e81935bab77882fffb79296240ff1"},"headline":"Blackout i Spania, den n\u00e5v\u00e6rende avkastningen og Sanchez kunngj\u00f8r unders\u00f8kelseskommisjonen: usikkerheten om \u00e5rsakene","datePublished":"2025-04-29T14:49:51+00:00","mainEntityOfPage":{"@id":"https:\/\/nordnesrepublikken.no\/index.php\/2025\/04\/29\/blackout-i-spania-den-navaerende-avkastningen-og-sanchez-kunngjor-undersokelseskommisjonen-usikkerheten-om-arsakene\/"},"wordCount":760,"publisher":{"@id":"https:\/\/nordnesrepublikken.no\/#organization"},"image":{"@id":"https:\/\/nordnesrepublikken.no\/index.php\/2025\/04\/29\/blackout-i-spania-den-navaerende-avkastningen-og-sanchez-kunngjor-undersokelseskommisjonen-usikkerheten-om-arsakene\/#primaryimage"},"thumbnailUrl":"https:\/\/nordnesrepublikken.no\/wp-content\/uploads\/2025\/04\/1745938191_Blackout-i-Spania-den-navaerende-avkastningen-og-Sanchez-kunngjor-undersokelseskommisjonen.jpg","keywords":["\u00e5rsakene","avkastningen","Blackout","den","kunngj\u00f8r","n\u00e5v\u00e6rende","Sanchez","Spania","unders\u00f8kelseskommisjonen","usikkerheten"],"articleSection":["Milj\u00f8"],"inLanguage":"nb-NO"},{"@type":"WebPage","@id":"https:\/\/nordnesrepublikken.no\/index.php\/2025\/04\/29\/blackout-i-spania-den-navaerende-avkastningen-og-sanchez-kunngjor-undersokelseskommisjonen-usikkerheten-om-arsakene\/","url":"https:\/\/nordnesrepublikken.no\/index.php\/2025\/04\/29\/blackout-i-spania-den-navaerende-avkastningen-og-sanchez-kunngjor-undersokelseskommisjonen-usikkerheten-om-arsakene\/","name":"Blackout i Spania, den n\u00e5v\u00e6rende avkastningen og Sanchez kunngj\u00f8r unders\u00f8kelseskommisjonen: usikkerheten om \u00e5rsakene - Nordnesrepublikken","isPartOf":{"@id":"https:\/\/nordnesrepublikken.no\/#website"},"primaryImageOfPage":{"@id":"https:\/\/nordnesrepublikken.no\/index.php\/2025\/04\/29\/blackout-i-spania-den-navaerende-avkastningen-og-sanchez-kunngjor-undersokelseskommisjonen-usikkerheten-om-arsakene\/#primaryimage"},"image":{"@id":"https:\/\/nordnesrepublikken.no\/index.php\/2025\/04\/29\/blackout-i-spania-den-navaerende-avkastningen-og-sanchez-kunngjor-undersokelseskommisjonen-usikkerheten-om-arsakene\/#primaryimage"},"thumbnailUrl":"https:\/\/nordnesrepublikken.no\/wp-content\/uploads\/2025\/04\/1745938191_Blackout-i-Spania-den-navaerende-avkastningen-og-Sanchez-kunngjor-undersokelseskommisjonen.jpg","datePublished":"2025-04-29T14:49:51+00:00","breadcrumb":{"@id":"https:\/\/nordnesrepublikken.no\/index.php\/2025\/04\/29\/blackout-i-spania-den-navaerende-avkastningen-og-sanchez-kunngjor-undersokelseskommisjonen-usikkerheten-om-arsakene\/#breadcrumb"},"inLanguage":"nb-NO","potentialAction":[{"@type":"ReadAction","target":["https:\/\/nordnesrepublikken.no\/index.php\/2025\/04\/29\/blackout-i-spania-den-navaerende-avkastningen-og-sanchez-kunngjor-undersokelseskommisjonen-usikkerheten-om-arsakene\/"]}]},{"@type":"ImageObject","inLanguage":"nb-NO","@id":"https:\/\/nordnesrepublikken.no\/index.php\/2025\/04\/29\/blackout-i-spania-den-navaerende-avkastningen-og-sanchez-kunngjor-undersokelseskommisjonen-usikkerheten-om-arsakene\/#primaryimage","url":"https:\/\/nordnesrepublikken.no\/wp-content\/uploads\/2025\/04\/1745938191_Blackout-i-Spania-den-navaerende-avkastningen-og-Sanchez-kunngjor-undersokelseskommisjonen.jpg","contentUrl":"https:\/\/nordnesrepublikken.no\/wp-content\/uploads\/2025\/04\/1745938191_Blackout-i-Spania-den-navaerende-avkastningen-og-Sanchez-kunngjor-undersokelseskommisjonen.jpg","width":1290,"height":850,"caption":"blackout spagna"},{"@type":"BreadcrumbList","@id":"https:\/\/nordnesrepublikken.no\/index.php\/2025\/04\/29\/blackout-i-spania-den-navaerende-avkastningen-og-sanchez-kunngjor-undersokelseskommisjonen-usikkerheten-om-arsakene\/#breadcrumb","itemListElement":[{"@type":"ListItem","position":1,"name":"Home","item":"https:\/\/nordnesrepublikken.no\/"},{"@type":"ListItem","position":2,"name":"Blackout i Spania, den n\u00e5v\u00e6rende avkastningen og Sanchez kunngj\u00f8r unders\u00f8kelseskommisjonen: usikkerheten om \u00e5rsakene"}]},{"@type":"WebSite","@id":"https:\/\/nordnesrepublikken.no\/#website","url":"https:\/\/nordnesrepublikken.no\/","name":"Nordnesrepublikken","description":"Stemmer og Visjoner fra Republikkens Hjerte","publisher":{"@id":"https:\/\/nordnesrepublikken.no\/#organization"},"potentialAction":[{"@type":"SearchAction","target":{"@type":"EntryPoint","urlTemplate":"https:\/\/nordnesrepublikken.no\/?s={search_term_string}"},"query-input":{"@type":"PropertyValueSpecification","valueRequired":true,"valueName":"search_term_string"}}],"inLanguage":"nb-NO"},{"@type":"Organization","@id":"https:\/\/nordnesrepublikken.no\/#organization","name":"Nordnesrepublikken","url":"https:\/\/nordnesrepublikken.no\/","logo":{"@type":"ImageObject","inLanguage":"nb-NO","@id":"https:\/\/nordnesrepublikken.no\/#\/schema\/logo\/image\/","url":"https:\/\/nordnesrepublikken.no\/wp-content\/uploads\/2025\/02\/cropped-nordnesrepublikken-2.png","contentUrl":"https:\/\/nordnesrepublikken.no\/wp-content\/uploads\/2025\/02\/cropped-nordnesrepublikken-2.png","width":1248,"height":362,"caption":"Nordnesrepublikken"},"image":{"@id":"https:\/\/nordnesrepublikken.no\/#\/schema\/logo\/image\/"}},{"@type":"Person","@id":"https:\/\/nordnesrepublikken.no\/#\/schema\/person\/2e7e81935bab77882fffb79296240ff1","name":"Ole Andersen","image":{"@type":"ImageObject","inLanguage":"nb-NO","@id":"https:\/\/nordnesrepublikken.no\/#\/schema\/person\/image\/","url":"https:\/\/nordnesrepublikken.no\/wp-content\/uploads\/2025\/02\/nordnesrepublikken-2-2-150x150.jpg","contentUrl":"https:\/\/nordnesrepublikken.no\/wp-content\/uploads\/2025\/02\/nordnesrepublikken-2-2-150x150.jpg","caption":"Ole Andersen"},"description":"Ettersom jeg vokste opp i Oslo, har jeg alltid v\u00e6rt fascinert av ordenes kraft og deres evne til \u00e5 skape endringer. Etter \u00e5 ha fullf\u00f8rt min utdannelse i kommunikasjon ved Universitetet i Bergen, fikk jeg muligheten til \u00e5 jobbe innen ulike medier, der jeg har s\u00f8kt \u00e5 belyse viktige samfunnssp\u00f8rsm\u00e5l. I dag, som redakt\u00f8r for Nordnesrepublikken, pr\u00f8ver jeg \u00e5 forene min kj\u00e6rlighet for journalistikk med min lidenskap for innovasjon og eventyr.","sameAs":["https:\/\/nordnesrepublikken.no\/"]}]}},"_links":{"self":[{"href":"https:\/\/nordnesrepublikken.no\/index.php\/wp-json\/wp\/v2\/posts\/3958","targetHints":{"allow":["GET"]}}],"collection":[{"href":"https:\/\/nordnesrepublikken.no\/index.php\/wp-json\/wp\/v2\/posts"}],"about":[{"href":"https:\/\/nordnesrepublikken.no\/index.php\/wp-json\/wp\/v2\/types\/post"}],"author":[{"embeddable":true,"href":"https:\/\/nordnesrepublikken.no\/index.php\/wp-json\/wp\/v2\/users\/1"}],"replies":[{"embeddable":true,"href":"https:\/\/nordnesrepublikken.no\/index.php\/wp-json\/wp\/v2\/comments?post=3958"}],"version-history":[{"count":1,"href":"https:\/\/nordnesrepublikken.no\/index.php\/wp-json\/wp\/v2\/posts\/3958\/revisions"}],"predecessor-version":[{"id":3960,"href":"https:\/\/nordnesrepublikken.no\/index.php\/wp-json\/wp\/v2\/posts\/3958\/revisions\/3960"}],"wp:featuredmedia":[{"embeddable":true,"href":"https:\/\/nordnesrepublikken.no\/index.php\/wp-json\/wp\/v2\/media\/3959"}],"wp:attachment":[{"href":"https:\/\/nordnesrepublikken.no\/index.php\/wp-json\/wp\/v2\/media?parent=3958"}],"wp:term":[{"taxonomy":"category","embeddable":true,"href":"https:\/\/nordnesrepublikken.no\/index.php\/wp-json\/wp\/v2\/categories?post=3958"},{"taxonomy":"post_tag","embeddable":true,"href":"https:\/\/nordnesrepublikken.no\/index.php\/wp-json\/wp\/v2\/tags?post=3958"}],"curies":[{"name":"wp","href":"https:\/\/api.w.org\/{rel}","templated":true}]}}