{"id":3888,"date":"2025-04-27T22:49:31","date_gmt":"2025-04-27T20:49:31","guid":{"rendered":"https:\/\/nordnesrepublikken.no\/index.php\/2025\/04\/27\/toppmotet-til-mont-blanc-tilhorer-italia-eller-frankrike-et-sporsmal-fremdeles-apent-historikk\/"},"modified":"2025-04-27T22:49:39","modified_gmt":"2025-04-27T20:49:39","slug":"toppmotet-til-mont-blanc-tilhorer-italia-eller-frankrike-et-sporsmal-fremdeles-apent-historikk","status":"publish","type":"post","link":"https:\/\/nordnesrepublikken.no\/index.php\/2025\/04\/27\/toppmotet-til-mont-blanc-tilhorer-italia-eller-frankrike-et-sporsmal-fremdeles-apent-historikk\/","title":{"rendered":"Toppm\u00f8tet til Mont Blanc tilh\u00f8rer Italia eller Frankrike? Et sp\u00f8rsm\u00e5l fremdeles \u00e5pent: Historikk"},"content":{"rendered":"<div>\n<div class=\"cp_wrapper cp_wrapper--fw mb-30 mb-20@tablet\">\n<figure class=\"mm\"><picture class=\"img\" style=\"padding-top:56.25%\"><source  media=\"(min-width: 1024px)\"><source  media=\"(min-width: 768px)\"><\/source><\/source><\/picture><\/figure>\n<\/p><\/div>\n<p>Vi h\u00f8rer om <strong>Fjell<\/strong> <strong>Hvit<\/strong> Siden de f\u00f8rste \u00e5rene av barneskolen: Vi vet alle at det er <strong>h\u00f8yeste fjell i Italia og Europa<\/strong>som er funnet <strong>mellom Italia og Frankrike<\/strong> og at toppen n\u00e5r <strong>4 806 meter over havet<\/strong> p\u00e5 havniv\u00e5et. Men et aspekt som aldri er spesielt tydelig, er om denne toppen faktisk tilh\u00f8rer det italienske territoriet eller det franske &#8230; Spoiler Alert: Det er ingen entydig respons, toppen ville v\u00e6re italiensk-fransk.<\/p>\n<h2>Hva er Mont Blanc og hvor den ligger<\/h2>\n<p>Mont Blanc er en del av<strong>Massivt homonym<\/strong> som utvikler seg med en vagt mandelform i sektoren av <strong>Vestlige alper<\/strong> (Seksjon av <strong>Alper<\/strong> <strong>Gr\u00e5<\/strong>) for en lengde p\u00e5 omtrent <strong>59 kilometer<\/strong> og et omr\u00e5de p\u00e5 nesten <strong>650 kvadratkilometer<\/strong> mellom det italienske og franske territoriet. I dette milj\u00f8et, preget av isbreer, er spirer, granittkammer og dyptgripende daler, faktisk funnet den h\u00f8yeste viktigheten av det europeiske kontinentet, med en generell h\u00f8yde av <strong>4 806 meter<\/strong>hvis vi ikke vurderer <strong>Monte Elbrus i Kaukasokjeden<\/strong>mellom Europa og Asia. I sannhet, p\u00e5 Mont Blanc kan vi skille <strong>To forskjellige topper<\/strong>: a &laquo;<strong>ricy<\/strong>&laquo;, som ligger p\u00e5 4 792 meter og som tilsvarer den maksimale h\u00f8yden oppn\u00e5dd av massen av berg som utgj\u00f8r fjellet, og en&raquo;<strong>is<\/strong>&laquo;, som er funnet mer eller mindre 14 meter h\u00f8yere, skapt av <strong>iskapp<\/strong> som dekker toppen av lettelsen og som noen steder er omtrent tjue meter tykk.<\/p>\n<p>Bare det faktum at toppen av Mont Blanc ikke er preget av Naked Rock, gj\u00f8r h\u00f8yden p\u00e5 dette fjellet mottakelig for variasjoner over tid: den<strong>Akkumulering av frossen sn\u00f8<\/strong> H\u00f8yden p\u00e5 toppen kan variere til og med noen f\u00e5 meter. Av denne grunn er en ekspedisjon organisert av <em>Chambre D\u00e9Partementale des G\u00e9om\u00e8tres-Experts<\/em> av Alta Savoia, organiserer en lettelse av toppen hvert annet \u00e5r for \u00e5 evaluere eventuelle endringer i h\u00f8yden.<\/p>\n<div class=\"cp_wrapper cp_wrapper--fw mb-50\">\n<figure class=\"mm\"><picture class=\"img\" style=\"padding-top:66.678571428571%\"><source  media=\"(min-width: 1024px)\"><source  media=\"(min-width: 768px)\"><img decoding=\"async\" loading=\"lazy\" src=\"https:\/\/nordnesrepublikken.no\/wp-content\/uploads\/2025\/04\/1745786971_177_Toppmotet-til-Mont-Blanc-tilhorer-Italia-eller-Frankrike-Et-sporsmal.jpg\" alt=\"Mont Bianco Massif\" width=\"2800\" height=\"1867\"><\/source><\/source><\/picture><\/figure>\n<\/p><\/div>\n<h2>Hvilket land tilh\u00f8rer toppen av Mont Bianco: utstedelsen av grensen<\/h2>\n<p>\u00c5 etablere den geografiske tilh\u00f8righeten til toppen av Mont Blanc er kanskje et mer sammensatt sp\u00f8rsm\u00e5l enn variasjonen i h\u00f8yden, som <strong>Det er ingen offisielle kilder i enighet<\/strong> Og som vi godt vet, er grensene noe mer enn <strong>menneskelige konvensjoner<\/strong>. For \u00e5 gj\u00f8re det kort, i henhold til<em>Institut Geographique National de France<\/em>toppen av det h\u00f8yeste fjellet i Europa er <strong>helt inkludert p\u00e5 fransk territorium<\/strong>. Men i kortene i besittelse av<strong>Military Geographical Institute of Florence<\/strong>grensen mellom de to landene passerer i korrespondanse med toppm\u00f8tet. Toppen ville derfor v\u00e6re <strong>Italiensk-fransk<\/strong>.<\/p>\n<div class=\"cp_wrapper cp_wrapper--fw mb-50\">\n<figure class=\"mm\"><picture class=\"img\" style=\"padding-top:118.16920943135%\"><source  media=\"(min-width: 1024px)\"><source  media=\"(min-width: 768px)\"><img decoding=\"async\" loading=\"lazy\" src=\"https:\/\/nordnesrepublikken.no\/wp-content\/uploads\/2025\/04\/1745786971_158_Toppmotet-til-Mont-Blanc-tilhorer-Italia-eller-Frankrike-Et-sporsmal.jpg\" alt=\"Bilde\" width=\"721\" height=\"852\" class=\"js-seedtag-img\"><\/source><\/source><\/picture><\/figure>\n<\/p><\/div>\n<h2>Italiensk eller fransk: Historien til toppen av Mont Blanc<\/h2>\n<p>Alt begynner med signaturen til <strong>Torino -traktat<\/strong> (1860), som annekteringen av Savoy og territoriene i det gamle fylket Nice to France ble sanksjonert. Grenselinjen sporet med dette dokumentet tilsvarer det for kortene som ble oppbevart av Military Geographical Institute of Florence: <strong>det vil si at den deler toppen mellom de to landene<\/strong> Etter den naturlige grensen til vannskillet.<\/p>\n<p>Traktaten, selv om den er bilateral og i teorien, fremdeles gyldig i dag fra et lovlig synspunkt, finner imidlertid ikke korrespondanse i Frankrike. Noen \u00e5r etter signaturen til dokumentet ble faktisk de franske topografiske kartene endret for <strong>Flytt den s\u00f8rligste grensen<\/strong>inkorporere hele toppen og en bredere del av fjellmassivet innen Frankrike. Til dette ble lagt til, mindre enn et \u00e5rhundre senere, \u00f8deleggelsen av den franske kopien av traktaten, som skjedde under den tyske okkupasjonen av landet i midten av andre verdenskrig.<\/p>\n<p>Sp\u00f8rsm\u00e5let har derfor ingen vesentlige juridiske grunnlag for \u00e5 bli flatet en gang for alle, og kontroversielle og insinuasjoner har vart frem til i dag. Et skritt fremover i et fors\u00f8k p\u00e5 \u00e5 l\u00f8se den langvarige tvisten ble st\u00f8ttet av det europeiske prosjektet til &laquo;<strong>Alps uten grenser<\/strong>&laquo;, For \u00e5 skape geografiske kart over den italienske franske alpinregionen med tanke p\u00e5 samarbeid over landegrensene.<\/p>\n<p>I kortene som gjengir territoriet til Mont Blanc, er imidlertid ikke rutene til grensene nettopp tolkbare, som for \u00e5 fly over problemet, uten \u00e5 gi, nok en gang en klar og definitiv respons. Det m\u00e5 sies at sp\u00f8rsm\u00e5let n\u00e5 har en relativ betydning og fremfor alt gjelder problemene med <strong>ansvar<\/strong> og den respektive <strong>kompetanseomr\u00e5der<\/strong>. I tilfelle redningsinngrep eller for aktiviteter p\u00e5 territoriet relatert til milj\u00f8messig risiko, ville det v\u00e6re godt \u00e5 vite med sikkerhet hvem som m\u00e5 gripe inn og hvor. I alle fall gj\u00f8r det voksende samarbeidet mellom Italia og Frankrike og den gjensidige st\u00f8tten mellom de to nasjonene dette aspektet enklere \u00e5 h\u00e5ndtere selv i frav\u00e6r av en klar og definert linje, selv om det er tenkt.<\/p>\n<\/p><\/div>\n","protected":false},"excerpt":{"rendered":"<p>Vi h\u00f8rer om Fjell Hvit Siden de f\u00f8rste \u00e5rene av barneskolen: Vi vet alle at<\/p>\n","protected":false},"author":1,"featured_media":3889,"comment_status":"closed","ping_status":"open","sticky":false,"template":"","format":"standard","meta":{"footnotes":""},"categories":[26],"tags":[1761,1759,1156,750,1739,1762,437,1758,1072,117,1760,1757],"class_list":["post-3888","post","type-post","status-publish","format-standard","has-post-thumbnail","hentry","category-miljo","tag-apent","tag-blanc","tag-eller","tag-frankrike","tag-fremdeles","tag-historikk","tag-italia","tag-mont","tag-sporsmal","tag-til","tag-tilhorer","tag-toppmotet","generate-columns","tablet-grid-50","mobile-grid-100","grid-parent","grid-33","resize-featured-image"],"yoast_head":"<!-- This site is optimized with the Yoast SEO plugin v24.4 - https:\/\/yoast.com\/wordpress\/plugins\/seo\/ -->\n<title>Toppm\u00f8tet til Mont Blanc tilh\u00f8rer Italia eller Frankrike? Et sp\u00f8rsm\u00e5l fremdeles \u00e5pent: Historikk - Nordnesrepublikken<\/title>\n<meta name=\"robots\" content=\"index, follow, max-snippet:-1, max-image-preview:large, max-video-preview:-1\" \/>\n<link rel=\"canonical\" href=\"https:\/\/nordnesrepublikken.no\/index.php\/2025\/04\/27\/toppmotet-til-mont-blanc-tilhorer-italia-eller-frankrike-et-sporsmal-fremdeles-apent-historikk\/\" \/>\n<meta property=\"og:locale\" content=\"nb_NO\" \/>\n<meta property=\"og:type\" content=\"article\" \/>\n<meta property=\"og:title\" content=\"Toppm\u00f8tet til Mont Blanc tilh\u00f8rer Italia eller Frankrike? Et sp\u00f8rsm\u00e5l fremdeles \u00e5pent: Historikk - Nordnesrepublikken\" \/>\n<meta property=\"og:description\" content=\"Vi h\u00f8rer om Fjell Hvit Siden de f\u00f8rste \u00e5rene av barneskolen: Vi vet alle at\" \/>\n<meta property=\"og:url\" content=\"https:\/\/nordnesrepublikken.no\/index.php\/2025\/04\/27\/toppmotet-til-mont-blanc-tilhorer-italia-eller-frankrike-et-sporsmal-fremdeles-apent-historikk\/\" \/>\n<meta property=\"og:site_name\" content=\"Nordnesrepublikken\" \/>\n<meta property=\"article:published_time\" content=\"2025-04-27T20:49:31+00:00\" \/>\n<meta property=\"article:modified_time\" content=\"2025-04-27T20:49:39+00:00\" \/>\n<meta property=\"og:image\" content=\"https:\/\/nordnesrepublikken.no\/wp-content\/uploads\/2025\/04\/1745786971_Toppmotet-til-Mont-Blanc-tilhorer-Italia-eller-Frankrike-Et-sporsmal-scaled.jpg\" \/>\n\t<meta property=\"og:image:width\" content=\"2560\" \/>\n\t<meta property=\"og:image:height\" content=\"1709\" \/>\n\t<meta property=\"og:image:type\" content=\"image\/jpeg\" \/>\n<meta name=\"author\" content=\"Ole Andersen\" \/>\n<meta name=\"twitter:card\" content=\"summary_large_image\" \/>\n<meta name=\"twitter:label1\" content=\"Skrevet av\" \/>\n\t<meta name=\"twitter:data1\" content=\"Ole Andersen\" \/>\n\t<meta name=\"twitter:label2\" content=\"Ansl. lesetid\" \/>\n\t<meta name=\"twitter:data2\" content=\"4 minutter\" \/>\n<script type=\"application\/ld+json\" class=\"yoast-schema-graph\">{\"@context\":\"https:\/\/schema.org\",\"@graph\":[{\"@type\":\"Article\",\"@id\":\"https:\/\/nordnesrepublikken.no\/index.php\/2025\/04\/27\/toppmotet-til-mont-blanc-tilhorer-italia-eller-frankrike-et-sporsmal-fremdeles-apent-historikk\/#article\",\"isPartOf\":{\"@id\":\"https:\/\/nordnesrepublikken.no\/index.php\/2025\/04\/27\/toppmotet-til-mont-blanc-tilhorer-italia-eller-frankrike-et-sporsmal-fremdeles-apent-historikk\/\"},\"author\":{\"name\":\"Ole Andersen\",\"@id\":\"https:\/\/nordnesrepublikken.no\/#\/schema\/person\/2e7e81935bab77882fffb79296240ff1\"},\"headline\":\"Toppm\u00f8tet til Mont Blanc tilh\u00f8rer Italia eller Frankrike? Et sp\u00f8rsm\u00e5l fremdeles \u00e5pent: Historikk\",\"datePublished\":\"2025-04-27T20:49:31+00:00\",\"dateModified\":\"2025-04-27T20:49:39+00:00\",\"mainEntityOfPage\":{\"@id\":\"https:\/\/nordnesrepublikken.no\/index.php\/2025\/04\/27\/toppmotet-til-mont-blanc-tilhorer-italia-eller-frankrike-et-sporsmal-fremdeles-apent-historikk\/\"},\"wordCount\":763,\"publisher\":{\"@id\":\"https:\/\/nordnesrepublikken.no\/#organization\"},\"image\":{\"@id\":\"https:\/\/nordnesrepublikken.no\/index.php\/2025\/04\/27\/toppmotet-til-mont-blanc-tilhorer-italia-eller-frankrike-et-sporsmal-fremdeles-apent-historikk\/#primaryimage\"},\"thumbnailUrl\":\"https:\/\/nordnesrepublikken.no\/wp-content\/uploads\/2025\/04\/1745786971_Toppmotet-til-Mont-Blanc-tilhorer-Italia-eller-Frankrike-Et-sporsmal-scaled.jpg\",\"keywords\":[\"\u00e5pent\",\"Blanc\",\"eller\",\"Frankrike\",\"fremdeles\",\"Historikk\",\"Italia\",\"Mont\",\"sp\u00f8rsm\u00e5l\",\"til\",\"tilh\u00f8rer\",\"Toppm\u00f8tet\"],\"articleSection\":[\"Milj\u00f8\"],\"inLanguage\":\"nb-NO\"},{\"@type\":\"WebPage\",\"@id\":\"https:\/\/nordnesrepublikken.no\/index.php\/2025\/04\/27\/toppmotet-til-mont-blanc-tilhorer-italia-eller-frankrike-et-sporsmal-fremdeles-apent-historikk\/\",\"url\":\"https:\/\/nordnesrepublikken.no\/index.php\/2025\/04\/27\/toppmotet-til-mont-blanc-tilhorer-italia-eller-frankrike-et-sporsmal-fremdeles-apent-historikk\/\",\"name\":\"Toppm\u00f8tet til Mont Blanc tilh\u00f8rer Italia eller Frankrike? Et sp\u00f8rsm\u00e5l fremdeles \u00e5pent: Historikk - Nordnesrepublikken\",\"isPartOf\":{\"@id\":\"https:\/\/nordnesrepublikken.no\/#website\"},\"primaryImageOfPage\":{\"@id\":\"https:\/\/nordnesrepublikken.no\/index.php\/2025\/04\/27\/toppmotet-til-mont-blanc-tilhorer-italia-eller-frankrike-et-sporsmal-fremdeles-apent-historikk\/#primaryimage\"},\"image\":{\"@id\":\"https:\/\/nordnesrepublikken.no\/index.php\/2025\/04\/27\/toppmotet-til-mont-blanc-tilhorer-italia-eller-frankrike-et-sporsmal-fremdeles-apent-historikk\/#primaryimage\"},\"thumbnailUrl\":\"https:\/\/nordnesrepublikken.no\/wp-content\/uploads\/2025\/04\/1745786971_Toppmotet-til-Mont-Blanc-tilhorer-Italia-eller-Frankrike-Et-sporsmal-scaled.jpg\",\"datePublished\":\"2025-04-27T20:49:31+00:00\",\"dateModified\":\"2025-04-27T20:49:39+00:00\",\"breadcrumb\":{\"@id\":\"https:\/\/nordnesrepublikken.no\/index.php\/2025\/04\/27\/toppmotet-til-mont-blanc-tilhorer-italia-eller-frankrike-et-sporsmal-fremdeles-apent-historikk\/#breadcrumb\"},\"inLanguage\":\"nb-NO\",\"potentialAction\":[{\"@type\":\"ReadAction\",\"target\":[\"https:\/\/nordnesrepublikken.no\/index.php\/2025\/04\/27\/toppmotet-til-mont-blanc-tilhorer-italia-eller-frankrike-et-sporsmal-fremdeles-apent-historikk\/\"]}]},{\"@type\":\"ImageObject\",\"inLanguage\":\"nb-NO\",\"@id\":\"https:\/\/nordnesrepublikken.no\/index.php\/2025\/04\/27\/toppmotet-til-mont-blanc-tilhorer-italia-eller-frankrike-et-sporsmal-fremdeles-apent-historikk\/#primaryimage\",\"url\":\"https:\/\/nordnesrepublikken.no\/wp-content\/uploads\/2025\/04\/1745786971_Toppmotet-til-Mont-Blanc-tilhorer-Italia-eller-Frankrike-Et-sporsmal-scaled.jpg\",\"contentUrl\":\"https:\/\/nordnesrepublikken.no\/wp-content\/uploads\/2025\/04\/1745786971_Toppmotet-til-Mont-Blanc-tilhorer-Italia-eller-Frankrike-Et-sporsmal-scaled.jpg\",\"width\":2560,\"height\":1709,\"caption\":\"monte bianco\"},{\"@type\":\"BreadcrumbList\",\"@id\":\"https:\/\/nordnesrepublikken.no\/index.php\/2025\/04\/27\/toppmotet-til-mont-blanc-tilhorer-italia-eller-frankrike-et-sporsmal-fremdeles-apent-historikk\/#breadcrumb\",\"itemListElement\":[{\"@type\":\"ListItem\",\"position\":1,\"name\":\"Home\",\"item\":\"https:\/\/nordnesrepublikken.no\/\"},{\"@type\":\"ListItem\",\"position\":2,\"name\":\"Toppm\u00f8tet til Mont Blanc tilh\u00f8rer Italia eller Frankrike? Et sp\u00f8rsm\u00e5l fremdeles \u00e5pent: Historikk\"}]},{\"@type\":\"WebSite\",\"@id\":\"https:\/\/nordnesrepublikken.no\/#website\",\"url\":\"https:\/\/nordnesrepublikken.no\/\",\"name\":\"Nordnesrepublikken\",\"description\":\"Stemmer og Visjoner fra Republikkens Hjerte\",\"publisher\":{\"@id\":\"https:\/\/nordnesrepublikken.no\/#organization\"},\"potentialAction\":[{\"@type\":\"SearchAction\",\"target\":{\"@type\":\"EntryPoint\",\"urlTemplate\":\"https:\/\/nordnesrepublikken.no\/?s={search_term_string}\"},\"query-input\":{\"@type\":\"PropertyValueSpecification\",\"valueRequired\":true,\"valueName\":\"search_term_string\"}}],\"inLanguage\":\"nb-NO\"},{\"@type\":\"Organization\",\"@id\":\"https:\/\/nordnesrepublikken.no\/#organization\",\"name\":\"Nordnesrepublikken\",\"url\":\"https:\/\/nordnesrepublikken.no\/\",\"logo\":{\"@type\":\"ImageObject\",\"inLanguage\":\"nb-NO\",\"@id\":\"https:\/\/nordnesrepublikken.no\/#\/schema\/logo\/image\/\",\"url\":\"https:\/\/nordnesrepublikken.no\/wp-content\/uploads\/2025\/02\/cropped-nordnesrepublikken-2.png\",\"contentUrl\":\"https:\/\/nordnesrepublikken.no\/wp-content\/uploads\/2025\/02\/cropped-nordnesrepublikken-2.png\",\"width\":1248,\"height\":362,\"caption\":\"Nordnesrepublikken\"},\"image\":{\"@id\":\"https:\/\/nordnesrepublikken.no\/#\/schema\/logo\/image\/\"}},{\"@type\":\"Person\",\"@id\":\"https:\/\/nordnesrepublikken.no\/#\/schema\/person\/2e7e81935bab77882fffb79296240ff1\",\"name\":\"Ole Andersen\",\"image\":{\"@type\":\"ImageObject\",\"inLanguage\":\"nb-NO\",\"@id\":\"https:\/\/nordnesrepublikken.no\/#\/schema\/person\/image\/\",\"url\":\"https:\/\/nordnesrepublikken.no\/wp-content\/uploads\/2025\/02\/nordnesrepublikken-2-2-150x150.jpg\",\"contentUrl\":\"https:\/\/nordnesrepublikken.no\/wp-content\/uploads\/2025\/02\/nordnesrepublikken-2-2-150x150.jpg\",\"caption\":\"Ole Andersen\"},\"description\":\"Ettersom jeg vokste opp i Oslo, har jeg alltid v\u00e6rt fascinert av ordenes kraft og deres evne til \u00e5 skape endringer. Etter \u00e5 ha fullf\u00f8rt min utdannelse i kommunikasjon ved Universitetet i Bergen, fikk jeg muligheten til \u00e5 jobbe innen ulike medier, der jeg har s\u00f8kt \u00e5 belyse viktige samfunnssp\u00f8rsm\u00e5l. I dag, som redakt\u00f8r for Nordnesrepublikken, pr\u00f8ver jeg \u00e5 forene min kj\u00e6rlighet for journalistikk med min lidenskap for innovasjon og eventyr.\",\"sameAs\":[\"https:\/\/nordnesrepublikken.no\/\"]}]}<\/script>\n<!-- \/ Yoast SEO plugin. -->","yoast_head_json":{"title":"Toppm\u00f8tet til Mont Blanc tilh\u00f8rer Italia eller Frankrike? Et sp\u00f8rsm\u00e5l fremdeles \u00e5pent: Historikk - Nordnesrepublikken","robots":{"index":"index","follow":"follow","max-snippet":"max-snippet:-1","max-image-preview":"max-image-preview:large","max-video-preview":"max-video-preview:-1"},"canonical":"https:\/\/nordnesrepublikken.no\/index.php\/2025\/04\/27\/toppmotet-til-mont-blanc-tilhorer-italia-eller-frankrike-et-sporsmal-fremdeles-apent-historikk\/","og_locale":"nb_NO","og_type":"article","og_title":"Toppm\u00f8tet til Mont Blanc tilh\u00f8rer Italia eller Frankrike? Et sp\u00f8rsm\u00e5l fremdeles \u00e5pent: Historikk - Nordnesrepublikken","og_description":"Vi h\u00f8rer om Fjell Hvit Siden de f\u00f8rste \u00e5rene av barneskolen: Vi vet alle at","og_url":"https:\/\/nordnesrepublikken.no\/index.php\/2025\/04\/27\/toppmotet-til-mont-blanc-tilhorer-italia-eller-frankrike-et-sporsmal-fremdeles-apent-historikk\/","og_site_name":"Nordnesrepublikken","article_published_time":"2025-04-27T20:49:31+00:00","article_modified_time":"2025-04-27T20:49:39+00:00","og_image":[{"width":2560,"height":1709,"url":"https:\/\/nordnesrepublikken.no\/wp-content\/uploads\/2025\/04\/1745786971_Toppmotet-til-Mont-Blanc-tilhorer-Italia-eller-Frankrike-Et-sporsmal-scaled.jpg","type":"image\/jpeg"}],"author":"Ole Andersen","twitter_card":"summary_large_image","twitter_misc":{"Skrevet av":"Ole Andersen","Ansl. lesetid":"4 minutter"},"schema":{"@context":"https:\/\/schema.org","@graph":[{"@type":"Article","@id":"https:\/\/nordnesrepublikken.no\/index.php\/2025\/04\/27\/toppmotet-til-mont-blanc-tilhorer-italia-eller-frankrike-et-sporsmal-fremdeles-apent-historikk\/#article","isPartOf":{"@id":"https:\/\/nordnesrepublikken.no\/index.php\/2025\/04\/27\/toppmotet-til-mont-blanc-tilhorer-italia-eller-frankrike-et-sporsmal-fremdeles-apent-historikk\/"},"author":{"name":"Ole Andersen","@id":"https:\/\/nordnesrepublikken.no\/#\/schema\/person\/2e7e81935bab77882fffb79296240ff1"},"headline":"Toppm\u00f8tet til Mont Blanc tilh\u00f8rer Italia eller Frankrike? Et sp\u00f8rsm\u00e5l fremdeles \u00e5pent: Historikk","datePublished":"2025-04-27T20:49:31+00:00","dateModified":"2025-04-27T20:49:39+00:00","mainEntityOfPage":{"@id":"https:\/\/nordnesrepublikken.no\/index.php\/2025\/04\/27\/toppmotet-til-mont-blanc-tilhorer-italia-eller-frankrike-et-sporsmal-fremdeles-apent-historikk\/"},"wordCount":763,"publisher":{"@id":"https:\/\/nordnesrepublikken.no\/#organization"},"image":{"@id":"https:\/\/nordnesrepublikken.no\/index.php\/2025\/04\/27\/toppmotet-til-mont-blanc-tilhorer-italia-eller-frankrike-et-sporsmal-fremdeles-apent-historikk\/#primaryimage"},"thumbnailUrl":"https:\/\/nordnesrepublikken.no\/wp-content\/uploads\/2025\/04\/1745786971_Toppmotet-til-Mont-Blanc-tilhorer-Italia-eller-Frankrike-Et-sporsmal-scaled.jpg","keywords":["\u00e5pent","Blanc","eller","Frankrike","fremdeles","Historikk","Italia","Mont","sp\u00f8rsm\u00e5l","til","tilh\u00f8rer","Toppm\u00f8tet"],"articleSection":["Milj\u00f8"],"inLanguage":"nb-NO"},{"@type":"WebPage","@id":"https:\/\/nordnesrepublikken.no\/index.php\/2025\/04\/27\/toppmotet-til-mont-blanc-tilhorer-italia-eller-frankrike-et-sporsmal-fremdeles-apent-historikk\/","url":"https:\/\/nordnesrepublikken.no\/index.php\/2025\/04\/27\/toppmotet-til-mont-blanc-tilhorer-italia-eller-frankrike-et-sporsmal-fremdeles-apent-historikk\/","name":"Toppm\u00f8tet til Mont Blanc tilh\u00f8rer Italia eller Frankrike? Et sp\u00f8rsm\u00e5l fremdeles \u00e5pent: Historikk - Nordnesrepublikken","isPartOf":{"@id":"https:\/\/nordnesrepublikken.no\/#website"},"primaryImageOfPage":{"@id":"https:\/\/nordnesrepublikken.no\/index.php\/2025\/04\/27\/toppmotet-til-mont-blanc-tilhorer-italia-eller-frankrike-et-sporsmal-fremdeles-apent-historikk\/#primaryimage"},"image":{"@id":"https:\/\/nordnesrepublikken.no\/index.php\/2025\/04\/27\/toppmotet-til-mont-blanc-tilhorer-italia-eller-frankrike-et-sporsmal-fremdeles-apent-historikk\/#primaryimage"},"thumbnailUrl":"https:\/\/nordnesrepublikken.no\/wp-content\/uploads\/2025\/04\/1745786971_Toppmotet-til-Mont-Blanc-tilhorer-Italia-eller-Frankrike-Et-sporsmal-scaled.jpg","datePublished":"2025-04-27T20:49:31+00:00","dateModified":"2025-04-27T20:49:39+00:00","breadcrumb":{"@id":"https:\/\/nordnesrepublikken.no\/index.php\/2025\/04\/27\/toppmotet-til-mont-blanc-tilhorer-italia-eller-frankrike-et-sporsmal-fremdeles-apent-historikk\/#breadcrumb"},"inLanguage":"nb-NO","potentialAction":[{"@type":"ReadAction","target":["https:\/\/nordnesrepublikken.no\/index.php\/2025\/04\/27\/toppmotet-til-mont-blanc-tilhorer-italia-eller-frankrike-et-sporsmal-fremdeles-apent-historikk\/"]}]},{"@type":"ImageObject","inLanguage":"nb-NO","@id":"https:\/\/nordnesrepublikken.no\/index.php\/2025\/04\/27\/toppmotet-til-mont-blanc-tilhorer-italia-eller-frankrike-et-sporsmal-fremdeles-apent-historikk\/#primaryimage","url":"https:\/\/nordnesrepublikken.no\/wp-content\/uploads\/2025\/04\/1745786971_Toppmotet-til-Mont-Blanc-tilhorer-Italia-eller-Frankrike-Et-sporsmal-scaled.jpg","contentUrl":"https:\/\/nordnesrepublikken.no\/wp-content\/uploads\/2025\/04\/1745786971_Toppmotet-til-Mont-Blanc-tilhorer-Italia-eller-Frankrike-Et-sporsmal-scaled.jpg","width":2560,"height":1709,"caption":"monte bianco"},{"@type":"BreadcrumbList","@id":"https:\/\/nordnesrepublikken.no\/index.php\/2025\/04\/27\/toppmotet-til-mont-blanc-tilhorer-italia-eller-frankrike-et-sporsmal-fremdeles-apent-historikk\/#breadcrumb","itemListElement":[{"@type":"ListItem","position":1,"name":"Home","item":"https:\/\/nordnesrepublikken.no\/"},{"@type":"ListItem","position":2,"name":"Toppm\u00f8tet til Mont Blanc tilh\u00f8rer Italia eller Frankrike? Et sp\u00f8rsm\u00e5l fremdeles \u00e5pent: Historikk"}]},{"@type":"WebSite","@id":"https:\/\/nordnesrepublikken.no\/#website","url":"https:\/\/nordnesrepublikken.no\/","name":"Nordnesrepublikken","description":"Stemmer og Visjoner fra Republikkens Hjerte","publisher":{"@id":"https:\/\/nordnesrepublikken.no\/#organization"},"potentialAction":[{"@type":"SearchAction","target":{"@type":"EntryPoint","urlTemplate":"https:\/\/nordnesrepublikken.no\/?s={search_term_string}"},"query-input":{"@type":"PropertyValueSpecification","valueRequired":true,"valueName":"search_term_string"}}],"inLanguage":"nb-NO"},{"@type":"Organization","@id":"https:\/\/nordnesrepublikken.no\/#organization","name":"Nordnesrepublikken","url":"https:\/\/nordnesrepublikken.no\/","logo":{"@type":"ImageObject","inLanguage":"nb-NO","@id":"https:\/\/nordnesrepublikken.no\/#\/schema\/logo\/image\/","url":"https:\/\/nordnesrepublikken.no\/wp-content\/uploads\/2025\/02\/cropped-nordnesrepublikken-2.png","contentUrl":"https:\/\/nordnesrepublikken.no\/wp-content\/uploads\/2025\/02\/cropped-nordnesrepublikken-2.png","width":1248,"height":362,"caption":"Nordnesrepublikken"},"image":{"@id":"https:\/\/nordnesrepublikken.no\/#\/schema\/logo\/image\/"}},{"@type":"Person","@id":"https:\/\/nordnesrepublikken.no\/#\/schema\/person\/2e7e81935bab77882fffb79296240ff1","name":"Ole Andersen","image":{"@type":"ImageObject","inLanguage":"nb-NO","@id":"https:\/\/nordnesrepublikken.no\/#\/schema\/person\/image\/","url":"https:\/\/nordnesrepublikken.no\/wp-content\/uploads\/2025\/02\/nordnesrepublikken-2-2-150x150.jpg","contentUrl":"https:\/\/nordnesrepublikken.no\/wp-content\/uploads\/2025\/02\/nordnesrepublikken-2-2-150x150.jpg","caption":"Ole Andersen"},"description":"Ettersom jeg vokste opp i Oslo, har jeg alltid v\u00e6rt fascinert av ordenes kraft og deres evne til \u00e5 skape endringer. Etter \u00e5 ha fullf\u00f8rt min utdannelse i kommunikasjon ved Universitetet i Bergen, fikk jeg muligheten til \u00e5 jobbe innen ulike medier, der jeg har s\u00f8kt \u00e5 belyse viktige samfunnssp\u00f8rsm\u00e5l. I dag, som redakt\u00f8r for Nordnesrepublikken, pr\u00f8ver jeg \u00e5 forene min kj\u00e6rlighet for journalistikk med min lidenskap for innovasjon og eventyr.","sameAs":["https:\/\/nordnesrepublikken.no\/"]}]}},"_links":{"self":[{"href":"https:\/\/nordnesrepublikken.no\/index.php\/wp-json\/wp\/v2\/posts\/3888","targetHints":{"allow":["GET"]}}],"collection":[{"href":"https:\/\/nordnesrepublikken.no\/index.php\/wp-json\/wp\/v2\/posts"}],"about":[{"href":"https:\/\/nordnesrepublikken.no\/index.php\/wp-json\/wp\/v2\/types\/post"}],"author":[{"embeddable":true,"href":"https:\/\/nordnesrepublikken.no\/index.php\/wp-json\/wp\/v2\/users\/1"}],"replies":[{"embeddable":true,"href":"https:\/\/nordnesrepublikken.no\/index.php\/wp-json\/wp\/v2\/comments?post=3888"}],"version-history":[{"count":1,"href":"https:\/\/nordnesrepublikken.no\/index.php\/wp-json\/wp\/v2\/posts\/3888\/revisions"}],"predecessor-version":[{"id":3890,"href":"https:\/\/nordnesrepublikken.no\/index.php\/wp-json\/wp\/v2\/posts\/3888\/revisions\/3890"}],"wp:featuredmedia":[{"embeddable":true,"href":"https:\/\/nordnesrepublikken.no\/index.php\/wp-json\/wp\/v2\/media\/3889"}],"wp:attachment":[{"href":"https:\/\/nordnesrepublikken.no\/index.php\/wp-json\/wp\/v2\/media?parent=3888"}],"wp:term":[{"taxonomy":"category","embeddable":true,"href":"https:\/\/nordnesrepublikken.no\/index.php\/wp-json\/wp\/v2\/categories?post=3888"},{"taxonomy":"post_tag","embeddable":true,"href":"https:\/\/nordnesrepublikken.no\/index.php\/wp-json\/wp\/v2\/tags?post=3888"}],"curies":[{"name":"wp","href":"https:\/\/api.w.org\/{rel}","templated":true}]}}