{"id":3864,"date":"2025-04-27T10:49:29","date_gmt":"2025-04-27T08:49:29","guid":{"rendered":"https:\/\/nordnesrepublikken.no\/index.php\/2025\/04\/27\/stor-endring-som-kommer-til-spanske-nummerplater-hva-sjaforer-trenger-a-vite\/"},"modified":"2025-04-27T10:49:30","modified_gmt":"2025-04-27T08:49:30","slug":"stor-endring-som-kommer-til-spanske-nummerplater-hva-sjaforer-trenger-a-vite","status":"publish","type":"post","link":"https:\/\/nordnesrepublikken.no\/index.php\/2025\/04\/27\/stor-endring-som-kommer-til-spanske-nummerplater-hva-sjaforer-trenger-a-vite\/","title":{"rendered":"Stor endring som kommer til spanske nummerplater: hva sj\u00e5f\u00f8rer trenger \u00e5 vite"},"content":{"rendered":"<p><\/p>\n<div class=\"wordpress-content\">\n                    <!-- Article Start --><\/p>\n<p><strong>Hvis du tenker p\u00e5 \u00e5 kj\u00f8pe en ny bil i Spania snart, kan du kanskje legge merke til noe litt annerledes om tallplatene.<\/strong><\/p>\n<p>Et nytt kapittel er i ferd med \u00e5 starte &#8211; og det hele er ned til et enkelt brev.<\/p>\n<h2>Hva den nye &#8216;n&#8217; betyr for spanske bilregistreringer<\/h2>\n<p>Generaldirektoratet for trafikk (DGT) har bekreftet at en endring er rett rundt hj\u00f8rnet.<br \/>\nVeldig snart vil nyregistrerte kj\u00f8ret\u00f8y starte sportslige nummerplater med bokstaven &#8216;N&#8217; i sekvensen &#8211; kanskje en liten detalj, men et klart tegn p\u00e5 at Spanias registreringssystem tikker jevnlig sammen.<\/p>\n<p>I skrivende stund endte de siste platene i MZX. Med dr\u00f8yt 20 000 kj\u00f8ret\u00f8yer \u00e5 g\u00e5, vil systemet rulle naturlig inn i plater som starter med en N.<br \/>\nDet er ingen offisiell dato for bryteren, men det forventes \u00e5 skje senere i april.<\/p>\n<div class=\"sra_unit\"><link rel=\"stylesheet\" id=\"block-sra\" href=\"https:\/\/euroweeklynews.com\/wp-content\/plugins\/snack-related-articles\/dist\/css\/snack-related.min.css?250312-193541\" type=\"text\/css\" media=\"all\">\n<\/div>\n<p>Siden 2000 har Spanias nummerplate -system fulgt et enkelt m\u00f8nster: fire tall, tre bokstaver, og beveger seg sekvensielt. Vokaler og noen konsonanter som \u00f1 og Q blir hoppet over for \u00e5 unng\u00e5 forvirring.<br \/>\nF\u00f8rst klatrer tallene fra 0000 til 9999, deretter beveger bokstavene seg fremover alfabetisk. Derfor startet vi med plater som 0000 BBB og vil til slutt n\u00e5 9999 ZZZ.<br \/>\nI f\u00f8lge DGT er det fortsatt rikelig med liv igjen i systemet &#8211; nok til \u00e5 holde ting i gang til en gang rundt 2050.<\/p>\n<h2>Utviklingen av spanske tallplater fra regionalt til nasjonalt system<\/h2>\n<p>Spanske nummerplater har ikke alltid sett ut som de gj\u00f8r i dag.<br \/>\nDen aller f\u00f8rste registreringen ble registrert tilbake 31. oktober 1900 p\u00e5 Balearene.<br \/>\nDa inkluderte platene provinsielle koder &#8211; to bokstaver som viste hvor bilen kom fra, etterfulgt av en rekke tall.<br \/>\nEn plate som TE 000234, for eksempel, ville ha betydd at kj\u00f8ret\u00f8yet ble registrert i Teruel.<\/p>\n<p>Dette provinsielle systemet varte til begynnelsen av 70 -tallet, da det ga plass til en provinsiell alfanumerisk stil, og blandet bokstaver og tall, men fremdeles knyttet til spesifikke regioner.<br \/>\nDenne metoden s\u00e5 Spania gjennom nesten tre ti\u00e5r, f\u00f8r behovet for et nasjonalt, stedsfritt system ble klart i 2000.<br \/>\nDet n\u00e5v\u00e6rende oppsettet viser ikke hvor en bil ble registrert &#8211; et trekk designet for \u00e5 modernisere prosessen og h\u00e5ndtere stigende antall kj\u00f8ret\u00f8yer.<\/p>\n<h2>Spanias unike kj\u00f8ret\u00f8yplater: Hvem f\u00e5r dem og hvorfor<\/h2>\n<p>Mens de fleste kj\u00f8ret\u00f8y f\u00f8lger standardm\u00f8nsteret, har noen plater som skiller seg ut.<br \/>\nDiplomatiske biler bruker for eksempel spesielle fargevalg:<br \/>\nR\u00f8de plater med CD for det diplomatiske korpset, gr\u00f8nt med CC for konsulater og gult med TA for administrativt personale.<br \/>\nInternasjonale organisasjoner f\u00e5r bl\u00e5 plater merket OI.<\/p>\n<p>Landets sikkerhetsstyrker har ogs\u00e5 sine egne merker:<br \/>\nGuardia Civil bruker PGC, nasjonalt politi bruker CNP, og milit\u00e6ret bruker betegnelser som ET for h\u00e6ren og EA for luftforsvaret.<br \/>\nTil og med Ertzaintza (baskisk politi) har en s\u00e6regen gotisk stil p\u00e5 tallerkenene.<\/p>\n<p>S\u00e5 hvis du begynner \u00e5 oppdage helt nye biler med en skinnende &#8216;n&#8217; p\u00e5 tallerkenene, vet du n\u00e5 n\u00f8yaktig hvorfor.<br \/>\nDet er ikke bare et annet brev &#8211; det er en liten mark\u00f8r for hvordan Spanias veier og kj\u00f8ret\u00f8yene p\u00e5 dem fortsetter \u00e5 g\u00e5 videre.<\/p>\n<p>F\u00f8lg med med Euro Weekly News for de siste nyhetene fra Spania<\/p>\n<p>                    <!-- Article End --><\/p><\/div>\n","protected":false},"excerpt":{"rendered":"<p>Hvis du tenker p\u00e5 \u00e5 kj\u00f8pe en ny bil i Spania snart, kan du kanskje<\/p>\n","protected":false},"author":1,"featured_media":3865,"comment_status":"closed","ping_status":"open","sticky":false,"template":"","format":"standard","meta":{"footnotes":""},"categories":[105],"tags":[1735,144,1046,1736,1737,31,1447,1131,117,1478,1479],"class_list":["post-3864","post","type-post","status-publish","format-standard","has-post-thumbnail","hentry","category-livsstil","tag-endring","tag-hva","tag-kommer","tag-nummerplater","tag-sjaforer","tag-som","tag-spanske","tag-stor","tag-til","tag-trenger","tag-vite","generate-columns","tablet-grid-50","mobile-grid-100","grid-parent","grid-33","resize-featured-image"],"yoast_head":"<!-- This site is optimized with the Yoast SEO plugin v24.4 - https:\/\/yoast.com\/wordpress\/plugins\/seo\/ -->\n<title>Stor endring som kommer til spanske nummerplater: hva sj\u00e5f\u00f8rer trenger \u00e5 vite - Nordnesrepublikken<\/title>\n<meta name=\"robots\" content=\"index, follow, max-snippet:-1, max-image-preview:large, max-video-preview:-1\" \/>\n<link rel=\"canonical\" href=\"https:\/\/nordnesrepublikken.no\/index.php\/2025\/04\/27\/stor-endring-som-kommer-til-spanske-nummerplater-hva-sjaforer-trenger-a-vite\/\" \/>\n<meta property=\"og:locale\" content=\"nb_NO\" \/>\n<meta property=\"og:type\" content=\"article\" \/>\n<meta property=\"og:title\" content=\"Stor endring som kommer til spanske nummerplater: hva sj\u00e5f\u00f8rer trenger \u00e5 vite - Nordnesrepublikken\" \/>\n<meta property=\"og:description\" content=\"Hvis du tenker p\u00e5 \u00e5 kj\u00f8pe en ny bil i Spania snart, kan du kanskje\" \/>\n<meta property=\"og:url\" content=\"https:\/\/nordnesrepublikken.no\/index.php\/2025\/04\/27\/stor-endring-som-kommer-til-spanske-nummerplater-hva-sjaforer-trenger-a-vite\/\" \/>\n<meta property=\"og:site_name\" content=\"Nordnesrepublikken\" \/>\n<meta property=\"article:published_time\" content=\"2025-04-27T08:49:29+00:00\" \/>\n<meta property=\"article:modified_time\" content=\"2025-04-27T08:49:30+00:00\" \/>\n<meta property=\"og:image\" content=\"https:\/\/nordnesrepublikken.no\/wp-content\/uploads\/2025\/04\/1745743770_Stor-endring-som-kommer-til-spanske-nummerplater-hva-sjaforer-trenger.jpg\" \/>\n\t<meta property=\"og:image:width\" content=\"1200\" \/>\n\t<meta property=\"og:image:height\" content=\"794\" \/>\n\t<meta property=\"og:image:type\" content=\"image\/jpeg\" \/>\n<meta name=\"author\" content=\"Ole Andersen\" \/>\n<meta name=\"twitter:card\" content=\"summary_large_image\" \/>\n<meta name=\"twitter:label1\" content=\"Skrevet av\" \/>\n\t<meta name=\"twitter:data1\" content=\"Ole Andersen\" \/>\n\t<meta name=\"twitter:label2\" content=\"Ansl. lesetid\" \/>\n\t<meta name=\"twitter:data2\" content=\"3 minutter\" \/>\n<script type=\"application\/ld+json\" class=\"yoast-schema-graph\">{\"@context\":\"https:\/\/schema.org\",\"@graph\":[{\"@type\":\"Article\",\"@id\":\"https:\/\/nordnesrepublikken.no\/index.php\/2025\/04\/27\/stor-endring-som-kommer-til-spanske-nummerplater-hva-sjaforer-trenger-a-vite\/#article\",\"isPartOf\":{\"@id\":\"https:\/\/nordnesrepublikken.no\/index.php\/2025\/04\/27\/stor-endring-som-kommer-til-spanske-nummerplater-hva-sjaforer-trenger-a-vite\/\"},\"author\":{\"name\":\"Ole Andersen\",\"@id\":\"https:\/\/nordnesrepublikken.no\/#\/schema\/person\/2e7e81935bab77882fffb79296240ff1\"},\"headline\":\"Stor endring som kommer til spanske nummerplater: hva sj\u00e5f\u00f8rer trenger \u00e5 vite\",\"datePublished\":\"2025-04-27T08:49:29+00:00\",\"dateModified\":\"2025-04-27T08:49:30+00:00\",\"mainEntityOfPage\":{\"@id\":\"https:\/\/nordnesrepublikken.no\/index.php\/2025\/04\/27\/stor-endring-som-kommer-til-spanske-nummerplater-hva-sjaforer-trenger-a-vite\/\"},\"wordCount\":541,\"publisher\":{\"@id\":\"https:\/\/nordnesrepublikken.no\/#organization\"},\"image\":{\"@id\":\"https:\/\/nordnesrepublikken.no\/index.php\/2025\/04\/27\/stor-endring-som-kommer-til-spanske-nummerplater-hva-sjaforer-trenger-a-vite\/#primaryimage\"},\"thumbnailUrl\":\"https:\/\/nordnesrepublikken.no\/wp-content\/uploads\/2025\/04\/1745743770_Stor-endring-som-kommer-til-spanske-nummerplater-hva-sjaforer-trenger.jpg\",\"keywords\":[\"endring\",\"Hva\",\"kommer\",\"nummerplater\",\"sj\u00e5f\u00f8rer\",\"som\",\"spanske\",\"stor\",\"til\",\"trenger\",\"vite\"],\"articleSection\":[\"Livsstil\"],\"inLanguage\":\"nb-NO\"},{\"@type\":\"WebPage\",\"@id\":\"https:\/\/nordnesrepublikken.no\/index.php\/2025\/04\/27\/stor-endring-som-kommer-til-spanske-nummerplater-hva-sjaforer-trenger-a-vite\/\",\"url\":\"https:\/\/nordnesrepublikken.no\/index.php\/2025\/04\/27\/stor-endring-som-kommer-til-spanske-nummerplater-hva-sjaforer-trenger-a-vite\/\",\"name\":\"Stor endring som kommer til spanske nummerplater: hva sj\u00e5f\u00f8rer trenger \u00e5 vite - Nordnesrepublikken\",\"isPartOf\":{\"@id\":\"https:\/\/nordnesrepublikken.no\/#website\"},\"primaryImageOfPage\":{\"@id\":\"https:\/\/nordnesrepublikken.no\/index.php\/2025\/04\/27\/stor-endring-som-kommer-til-spanske-nummerplater-hva-sjaforer-trenger-a-vite\/#primaryimage\"},\"image\":{\"@id\":\"https:\/\/nordnesrepublikken.no\/index.php\/2025\/04\/27\/stor-endring-som-kommer-til-spanske-nummerplater-hva-sjaforer-trenger-a-vite\/#primaryimage\"},\"thumbnailUrl\":\"https:\/\/nordnesrepublikken.no\/wp-content\/uploads\/2025\/04\/1745743770_Stor-endring-som-kommer-til-spanske-nummerplater-hva-sjaforer-trenger.jpg\",\"datePublished\":\"2025-04-27T08:49:29+00:00\",\"dateModified\":\"2025-04-27T08:49:30+00:00\",\"breadcrumb\":{\"@id\":\"https:\/\/nordnesrepublikken.no\/index.php\/2025\/04\/27\/stor-endring-som-kommer-til-spanske-nummerplater-hva-sjaforer-trenger-a-vite\/#breadcrumb\"},\"inLanguage\":\"nb-NO\",\"potentialAction\":[{\"@type\":\"ReadAction\",\"target\":[\"https:\/\/nordnesrepublikken.no\/index.php\/2025\/04\/27\/stor-endring-som-kommer-til-spanske-nummerplater-hva-sjaforer-trenger-a-vite\/\"]}]},{\"@type\":\"ImageObject\",\"inLanguage\":\"nb-NO\",\"@id\":\"https:\/\/nordnesrepublikken.no\/index.php\/2025\/04\/27\/stor-endring-som-kommer-til-spanske-nummerplater-hva-sjaforer-trenger-a-vite\/#primaryimage\",\"url\":\"https:\/\/nordnesrepublikken.no\/wp-content\/uploads\/2025\/04\/1745743770_Stor-endring-som-kommer-til-spanske-nummerplater-hva-sjaforer-trenger.jpg\",\"contentUrl\":\"https:\/\/nordnesrepublikken.no\/wp-content\/uploads\/2025\/04\/1745743770_Stor-endring-som-kommer-til-spanske-nummerplater-hva-sjaforer-trenger.jpg\",\"width\":1200,\"height\":794,\"caption\":\"Stor endring som kommer til spanske nummerplater: hva sj\u00e5f\u00f8rer trenger \u00e5 vite\"},{\"@type\":\"BreadcrumbList\",\"@id\":\"https:\/\/nordnesrepublikken.no\/index.php\/2025\/04\/27\/stor-endring-som-kommer-til-spanske-nummerplater-hva-sjaforer-trenger-a-vite\/#breadcrumb\",\"itemListElement\":[{\"@type\":\"ListItem\",\"position\":1,\"name\":\"Home\",\"item\":\"https:\/\/nordnesrepublikken.no\/\"},{\"@type\":\"ListItem\",\"position\":2,\"name\":\"Stor endring som kommer til spanske nummerplater: hva sj\u00e5f\u00f8rer trenger \u00e5 vite\"}]},{\"@type\":\"WebSite\",\"@id\":\"https:\/\/nordnesrepublikken.no\/#website\",\"url\":\"https:\/\/nordnesrepublikken.no\/\",\"name\":\"Nordnesrepublikken\",\"description\":\"Stemmer og Visjoner fra Republikkens Hjerte\",\"publisher\":{\"@id\":\"https:\/\/nordnesrepublikken.no\/#organization\"},\"potentialAction\":[{\"@type\":\"SearchAction\",\"target\":{\"@type\":\"EntryPoint\",\"urlTemplate\":\"https:\/\/nordnesrepublikken.no\/?s={search_term_string}\"},\"query-input\":{\"@type\":\"PropertyValueSpecification\",\"valueRequired\":true,\"valueName\":\"search_term_string\"}}],\"inLanguage\":\"nb-NO\"},{\"@type\":\"Organization\",\"@id\":\"https:\/\/nordnesrepublikken.no\/#organization\",\"name\":\"Nordnesrepublikken\",\"url\":\"https:\/\/nordnesrepublikken.no\/\",\"logo\":{\"@type\":\"ImageObject\",\"inLanguage\":\"nb-NO\",\"@id\":\"https:\/\/nordnesrepublikken.no\/#\/schema\/logo\/image\/\",\"url\":\"https:\/\/nordnesrepublikken.no\/wp-content\/uploads\/2025\/02\/cropped-nordnesrepublikken-2.png\",\"contentUrl\":\"https:\/\/nordnesrepublikken.no\/wp-content\/uploads\/2025\/02\/cropped-nordnesrepublikken-2.png\",\"width\":1248,\"height\":362,\"caption\":\"Nordnesrepublikken\"},\"image\":{\"@id\":\"https:\/\/nordnesrepublikken.no\/#\/schema\/logo\/image\/\"}},{\"@type\":\"Person\",\"@id\":\"https:\/\/nordnesrepublikken.no\/#\/schema\/person\/2e7e81935bab77882fffb79296240ff1\",\"name\":\"Ole Andersen\",\"image\":{\"@type\":\"ImageObject\",\"inLanguage\":\"nb-NO\",\"@id\":\"https:\/\/nordnesrepublikken.no\/#\/schema\/person\/image\/\",\"url\":\"https:\/\/nordnesrepublikken.no\/wp-content\/uploads\/2025\/02\/nordnesrepublikken-2-2-150x150.jpg\",\"contentUrl\":\"https:\/\/nordnesrepublikken.no\/wp-content\/uploads\/2025\/02\/nordnesrepublikken-2-2-150x150.jpg\",\"caption\":\"Ole Andersen\"},\"description\":\"Ettersom jeg vokste opp i Oslo, har jeg alltid v\u00e6rt fascinert av ordenes kraft og deres evne til \u00e5 skape endringer. Etter \u00e5 ha fullf\u00f8rt min utdannelse i kommunikasjon ved Universitetet i Bergen, fikk jeg muligheten til \u00e5 jobbe innen ulike medier, der jeg har s\u00f8kt \u00e5 belyse viktige samfunnssp\u00f8rsm\u00e5l. I dag, som redakt\u00f8r for Nordnesrepublikken, pr\u00f8ver jeg \u00e5 forene min kj\u00e6rlighet for journalistikk med min lidenskap for innovasjon og eventyr.\",\"sameAs\":[\"https:\/\/nordnesrepublikken.no\/\"]}]}<\/script>\n<!-- \/ Yoast SEO plugin. -->","yoast_head_json":{"title":"Stor endring som kommer til spanske nummerplater: hva sj\u00e5f\u00f8rer trenger \u00e5 vite - Nordnesrepublikken","robots":{"index":"index","follow":"follow","max-snippet":"max-snippet:-1","max-image-preview":"max-image-preview:large","max-video-preview":"max-video-preview:-1"},"canonical":"https:\/\/nordnesrepublikken.no\/index.php\/2025\/04\/27\/stor-endring-som-kommer-til-spanske-nummerplater-hva-sjaforer-trenger-a-vite\/","og_locale":"nb_NO","og_type":"article","og_title":"Stor endring som kommer til spanske nummerplater: hva sj\u00e5f\u00f8rer trenger \u00e5 vite - Nordnesrepublikken","og_description":"Hvis du tenker p\u00e5 \u00e5 kj\u00f8pe en ny bil i Spania snart, kan du kanskje","og_url":"https:\/\/nordnesrepublikken.no\/index.php\/2025\/04\/27\/stor-endring-som-kommer-til-spanske-nummerplater-hva-sjaforer-trenger-a-vite\/","og_site_name":"Nordnesrepublikken","article_published_time":"2025-04-27T08:49:29+00:00","article_modified_time":"2025-04-27T08:49:30+00:00","og_image":[{"width":1200,"height":794,"url":"https:\/\/nordnesrepublikken.no\/wp-content\/uploads\/2025\/04\/1745743770_Stor-endring-som-kommer-til-spanske-nummerplater-hva-sjaforer-trenger.jpg","type":"image\/jpeg"}],"author":"Ole Andersen","twitter_card":"summary_large_image","twitter_misc":{"Skrevet av":"Ole Andersen","Ansl. lesetid":"3 minutter"},"schema":{"@context":"https:\/\/schema.org","@graph":[{"@type":"Article","@id":"https:\/\/nordnesrepublikken.no\/index.php\/2025\/04\/27\/stor-endring-som-kommer-til-spanske-nummerplater-hva-sjaforer-trenger-a-vite\/#article","isPartOf":{"@id":"https:\/\/nordnesrepublikken.no\/index.php\/2025\/04\/27\/stor-endring-som-kommer-til-spanske-nummerplater-hva-sjaforer-trenger-a-vite\/"},"author":{"name":"Ole Andersen","@id":"https:\/\/nordnesrepublikken.no\/#\/schema\/person\/2e7e81935bab77882fffb79296240ff1"},"headline":"Stor endring som kommer til spanske nummerplater: hva sj\u00e5f\u00f8rer trenger \u00e5 vite","datePublished":"2025-04-27T08:49:29+00:00","dateModified":"2025-04-27T08:49:30+00:00","mainEntityOfPage":{"@id":"https:\/\/nordnesrepublikken.no\/index.php\/2025\/04\/27\/stor-endring-som-kommer-til-spanske-nummerplater-hva-sjaforer-trenger-a-vite\/"},"wordCount":541,"publisher":{"@id":"https:\/\/nordnesrepublikken.no\/#organization"},"image":{"@id":"https:\/\/nordnesrepublikken.no\/index.php\/2025\/04\/27\/stor-endring-som-kommer-til-spanske-nummerplater-hva-sjaforer-trenger-a-vite\/#primaryimage"},"thumbnailUrl":"https:\/\/nordnesrepublikken.no\/wp-content\/uploads\/2025\/04\/1745743770_Stor-endring-som-kommer-til-spanske-nummerplater-hva-sjaforer-trenger.jpg","keywords":["endring","Hva","kommer","nummerplater","sj\u00e5f\u00f8rer","som","spanske","stor","til","trenger","vite"],"articleSection":["Livsstil"],"inLanguage":"nb-NO"},{"@type":"WebPage","@id":"https:\/\/nordnesrepublikken.no\/index.php\/2025\/04\/27\/stor-endring-som-kommer-til-spanske-nummerplater-hva-sjaforer-trenger-a-vite\/","url":"https:\/\/nordnesrepublikken.no\/index.php\/2025\/04\/27\/stor-endring-som-kommer-til-spanske-nummerplater-hva-sjaforer-trenger-a-vite\/","name":"Stor endring som kommer til spanske nummerplater: hva sj\u00e5f\u00f8rer trenger \u00e5 vite - Nordnesrepublikken","isPartOf":{"@id":"https:\/\/nordnesrepublikken.no\/#website"},"primaryImageOfPage":{"@id":"https:\/\/nordnesrepublikken.no\/index.php\/2025\/04\/27\/stor-endring-som-kommer-til-spanske-nummerplater-hva-sjaforer-trenger-a-vite\/#primaryimage"},"image":{"@id":"https:\/\/nordnesrepublikken.no\/index.php\/2025\/04\/27\/stor-endring-som-kommer-til-spanske-nummerplater-hva-sjaforer-trenger-a-vite\/#primaryimage"},"thumbnailUrl":"https:\/\/nordnesrepublikken.no\/wp-content\/uploads\/2025\/04\/1745743770_Stor-endring-som-kommer-til-spanske-nummerplater-hva-sjaforer-trenger.jpg","datePublished":"2025-04-27T08:49:29+00:00","dateModified":"2025-04-27T08:49:30+00:00","breadcrumb":{"@id":"https:\/\/nordnesrepublikken.no\/index.php\/2025\/04\/27\/stor-endring-som-kommer-til-spanske-nummerplater-hva-sjaforer-trenger-a-vite\/#breadcrumb"},"inLanguage":"nb-NO","potentialAction":[{"@type":"ReadAction","target":["https:\/\/nordnesrepublikken.no\/index.php\/2025\/04\/27\/stor-endring-som-kommer-til-spanske-nummerplater-hva-sjaforer-trenger-a-vite\/"]}]},{"@type":"ImageObject","inLanguage":"nb-NO","@id":"https:\/\/nordnesrepublikken.no\/index.php\/2025\/04\/27\/stor-endring-som-kommer-til-spanske-nummerplater-hva-sjaforer-trenger-a-vite\/#primaryimage","url":"https:\/\/nordnesrepublikken.no\/wp-content\/uploads\/2025\/04\/1745743770_Stor-endring-som-kommer-til-spanske-nummerplater-hva-sjaforer-trenger.jpg","contentUrl":"https:\/\/nordnesrepublikken.no\/wp-content\/uploads\/2025\/04\/1745743770_Stor-endring-som-kommer-til-spanske-nummerplater-hva-sjaforer-trenger.jpg","width":1200,"height":794,"caption":"Stor endring som kommer til spanske nummerplater: hva sj\u00e5f\u00f8rer trenger \u00e5 vite"},{"@type":"BreadcrumbList","@id":"https:\/\/nordnesrepublikken.no\/index.php\/2025\/04\/27\/stor-endring-som-kommer-til-spanske-nummerplater-hva-sjaforer-trenger-a-vite\/#breadcrumb","itemListElement":[{"@type":"ListItem","position":1,"name":"Home","item":"https:\/\/nordnesrepublikken.no\/"},{"@type":"ListItem","position":2,"name":"Stor endring som kommer til spanske nummerplater: hva sj\u00e5f\u00f8rer trenger \u00e5 vite"}]},{"@type":"WebSite","@id":"https:\/\/nordnesrepublikken.no\/#website","url":"https:\/\/nordnesrepublikken.no\/","name":"Nordnesrepublikken","description":"Stemmer og Visjoner fra Republikkens Hjerte","publisher":{"@id":"https:\/\/nordnesrepublikken.no\/#organization"},"potentialAction":[{"@type":"SearchAction","target":{"@type":"EntryPoint","urlTemplate":"https:\/\/nordnesrepublikken.no\/?s={search_term_string}"},"query-input":{"@type":"PropertyValueSpecification","valueRequired":true,"valueName":"search_term_string"}}],"inLanguage":"nb-NO"},{"@type":"Organization","@id":"https:\/\/nordnesrepublikken.no\/#organization","name":"Nordnesrepublikken","url":"https:\/\/nordnesrepublikken.no\/","logo":{"@type":"ImageObject","inLanguage":"nb-NO","@id":"https:\/\/nordnesrepublikken.no\/#\/schema\/logo\/image\/","url":"https:\/\/nordnesrepublikken.no\/wp-content\/uploads\/2025\/02\/cropped-nordnesrepublikken-2.png","contentUrl":"https:\/\/nordnesrepublikken.no\/wp-content\/uploads\/2025\/02\/cropped-nordnesrepublikken-2.png","width":1248,"height":362,"caption":"Nordnesrepublikken"},"image":{"@id":"https:\/\/nordnesrepublikken.no\/#\/schema\/logo\/image\/"}},{"@type":"Person","@id":"https:\/\/nordnesrepublikken.no\/#\/schema\/person\/2e7e81935bab77882fffb79296240ff1","name":"Ole Andersen","image":{"@type":"ImageObject","inLanguage":"nb-NO","@id":"https:\/\/nordnesrepublikken.no\/#\/schema\/person\/image\/","url":"https:\/\/nordnesrepublikken.no\/wp-content\/uploads\/2025\/02\/nordnesrepublikken-2-2-150x150.jpg","contentUrl":"https:\/\/nordnesrepublikken.no\/wp-content\/uploads\/2025\/02\/nordnesrepublikken-2-2-150x150.jpg","caption":"Ole Andersen"},"description":"Ettersom jeg vokste opp i Oslo, har jeg alltid v\u00e6rt fascinert av ordenes kraft og deres evne til \u00e5 skape endringer. Etter \u00e5 ha fullf\u00f8rt min utdannelse i kommunikasjon ved Universitetet i Bergen, fikk jeg muligheten til \u00e5 jobbe innen ulike medier, der jeg har s\u00f8kt \u00e5 belyse viktige samfunnssp\u00f8rsm\u00e5l. I dag, som redakt\u00f8r for Nordnesrepublikken, pr\u00f8ver jeg \u00e5 forene min kj\u00e6rlighet for journalistikk med min lidenskap for innovasjon og eventyr.","sameAs":["https:\/\/nordnesrepublikken.no\/"]}]}},"_links":{"self":[{"href":"https:\/\/nordnesrepublikken.no\/index.php\/wp-json\/wp\/v2\/posts\/3864","targetHints":{"allow":["GET"]}}],"collection":[{"href":"https:\/\/nordnesrepublikken.no\/index.php\/wp-json\/wp\/v2\/posts"}],"about":[{"href":"https:\/\/nordnesrepublikken.no\/index.php\/wp-json\/wp\/v2\/types\/post"}],"author":[{"embeddable":true,"href":"https:\/\/nordnesrepublikken.no\/index.php\/wp-json\/wp\/v2\/users\/1"}],"replies":[{"embeddable":true,"href":"https:\/\/nordnesrepublikken.no\/index.php\/wp-json\/wp\/v2\/comments?post=3864"}],"version-history":[{"count":1,"href":"https:\/\/nordnesrepublikken.no\/index.php\/wp-json\/wp\/v2\/posts\/3864\/revisions"}],"predecessor-version":[{"id":3866,"href":"https:\/\/nordnesrepublikken.no\/index.php\/wp-json\/wp\/v2\/posts\/3864\/revisions\/3866"}],"wp:featuredmedia":[{"embeddable":true,"href":"https:\/\/nordnesrepublikken.no\/index.php\/wp-json\/wp\/v2\/media\/3865"}],"wp:attachment":[{"href":"https:\/\/nordnesrepublikken.no\/index.php\/wp-json\/wp\/v2\/media?parent=3864"}],"wp:term":[{"taxonomy":"category","embeddable":true,"href":"https:\/\/nordnesrepublikken.no\/index.php\/wp-json\/wp\/v2\/categories?post=3864"},{"taxonomy":"post_tag","embeddable":true,"href":"https:\/\/nordnesrepublikken.no\/index.php\/wp-json\/wp\/v2\/tags?post=3864"}],"curies":[{"name":"wp","href":"https:\/\/api.w.org\/{rel}","templated":true}]}}