{"id":3837,"date":"2025-04-26T14:49:33","date_gmt":"2025-04-26T12:49:33","guid":{"rendered":"https:\/\/nordnesrepublikken.no\/index.php\/2025\/04\/26\/hvor-gar-myntene-som-ble-lansert-i-trevi-fontenen\/"},"modified":"2025-04-26T14:49:42","modified_gmt":"2025-04-26T12:49:42","slug":"hvor-gar-myntene-som-ble-lansert-i-trevi-fontenen","status":"publish","type":"post","link":"https:\/\/nordnesrepublikken.no\/index.php\/2025\/04\/26\/hvor-gar-myntene-som-ble-lansert-i-trevi-fontenen\/","title":{"rendered":"Hvor g\u00e5r myntene som ble lansert i Trevi -fontenen?"},"content":{"rendered":"<div>\n<div class=\"cp_wrapper cp_wrapper--fw mb-30 mb-20@tablet\">\n<figure class=\"mm\"><picture class=\"img\" style=\"padding-top:56.25%\"><source  media=\"(min-width: 1024px)\"><source  media=\"(min-width: 768px)\"><\/source><\/source><\/picture><\/figure>\n<\/p><\/div>\n<p>Der <strong>Trevi Fountain <\/strong>Det er et popul\u00e6rt romersk turistm\u00e5l, kjent for den &laquo;heldige&raquo; vanen til<strong> Kast mynter i fontenen, <\/strong>som akkumuleres til de blir hundretusener av euro, eid av Roma Capitale. Denne skikken stammer fra en gammel tro som lovet <strong>Tilbake til Roma<\/strong> Til de som kastet en mynt i fontenen. Ber\u00f8mte filmsett med filmer som spenner fra &laquo;<em>Dolce Vita<\/em>&laquo;EN&raquo;<em>Til Roma med kj\u00e6rlighet<\/em>&laquo;Og turisterens favorittm\u00e5l, Trevi er absolutt den mest ber\u00f8mte av de mange fontenene i hovedstaden, er preget av de monumentale skulpturene laget av Pietro Bracci og Son p\u00e5 midten av 1800 -tallet.<\/p>\n<p>De <strong>Ritual of the Coin Launch<\/strong>bakfra og holder \u00f8ynene lukket og h\u00f8yre h\u00e5nd p\u00e5 venstre skulder, i vannet i Trevi -fontenen &#8211; kjent over hele verden, og fra bruk av smarttelefoner, flankert av selfiene &#8211; synker sin opprinnelse i den sekul\u00e6re historien til Roma og er i dag tilknyttet i dag med <strong>Lykke til<\/strong>. Tradisjonen ble sannsynligvis startet av <strong>Wolfgang Helbig<\/strong>Det tyske arkeolog fra det nittende \u00e5rhundre da i Roma med flere landsmenn: for \u00e5 berolige melankolien til hjemkomsten til hjemmet, ser det ut til at Helbig oppfant myntens ritual som en trollformel for &laquo;garantert retur&raquo; i Roma. I dag f\u00f8rer lanseringen av mynter, takket v\u00e6re lykken med vane, til akkumulering av<strong> hundretusenvis av euro <\/strong>(Men ogs\u00e5 gjenstander som armb\u00e5nd, briller og proteser, falt ved en feiltakelse) i det store karet. Disse blir n\u00f8ye samlet inn hver morgen av de ansatte i <strong>Acea<\/strong>Kommuneselskapet for styring og utvikling av nettverk og tjenester innen vann, energi og milj\u00f8messige sektorer. Hver krone som er samlet er av <strong>eiendom til Roma Capitale, <\/strong>som tildeler disse inntektene til<strong> Gunstige aktiviteter for innbyggere<\/strong>. Siden 2006, gjennom et memorandum av forst\u00e5else mellom Roma Capitale og Vikariatet i Roma, disse, disse<strong> Midler g\u00e5r til Caritas<\/strong>tilst\u00e5elsesorganet av <strong>Cei <\/strong>&#8211; Episkopalkonferanse p\u00e5 det italienske spr\u00e5ket (Union of Catholic Bishops i Italia) for promotering av veldedighet. Det romerske hovedkvarteret i kroppen bruker dem derfor for \u00e5 hjelpe mennesker i \u00f8konomiske og syke vansker til Alzheimer, spesielt gjennom<strong> Sosiale kantiner <\/strong>De &laquo;<strong>Empors av solidaritet<\/strong>&raquo; &#8211; Strukturer som ligner p\u00e5 supermarkeder der folk handler med kort levert av Caritas selv &#8211; men ogs\u00e5 stillingsplasseringsprosjekter eller betaling av bakoverutgifter. Men hvor mange penger er det? Det er ikke f\u00e5: <strong>1,4 millioner euro<\/strong> I 2022, <strong>1.6<\/strong> i 2023.<\/p>\n<\/p><\/div>\n","protected":false},"excerpt":{"rendered":"<p>Der Trevi Fountain Det er et popul\u00e6rt romersk turistm\u00e5l, kjent for den &laquo;heldige&raquo; vanen til<\/p>\n","protected":false},"author":1,"featured_media":3838,"comment_status":"closed","ping_status":"open","sticky":false,"template":"","format":"standard","meta":{"footnotes":""},"categories":[104],"tags":[373,947,300,449,1709,1708,31,946],"class_list":["post-3837","post","type-post","status-publish","format-standard","has-post-thumbnail","hentry","category-samfunn","tag-ble","tag-fontenen","tag-gar","tag-hvor","tag-lansert","tag-myntene","tag-som","tag-trevi","generate-columns","tablet-grid-50","mobile-grid-100","grid-parent","grid-33","resize-featured-image"],"yoast_head":"<!-- This site is optimized with the Yoast SEO plugin v24.4 - https:\/\/yoast.com\/wordpress\/plugins\/seo\/ -->\n<title>Hvor g\u00e5r myntene som ble lansert i Trevi -fontenen? - Nordnesrepublikken<\/title>\n<meta name=\"robots\" content=\"index, follow, max-snippet:-1, max-image-preview:large, max-video-preview:-1\" \/>\n<link rel=\"canonical\" href=\"https:\/\/nordnesrepublikken.no\/index.php\/2025\/04\/26\/hvor-gar-myntene-som-ble-lansert-i-trevi-fontenen\/\" \/>\n<meta property=\"og:locale\" content=\"nb_NO\" \/>\n<meta property=\"og:type\" content=\"article\" \/>\n<meta property=\"og:title\" content=\"Hvor g\u00e5r myntene som ble lansert i Trevi -fontenen? - Nordnesrepublikken\" \/>\n<meta property=\"og:description\" content=\"Der Trevi Fountain Det er et popul\u00e6rt romersk turistm\u00e5l, kjent for den &laquo;heldige&raquo; vanen til\" \/>\n<meta property=\"og:url\" content=\"https:\/\/nordnesrepublikken.no\/index.php\/2025\/04\/26\/hvor-gar-myntene-som-ble-lansert-i-trevi-fontenen\/\" \/>\n<meta property=\"og:site_name\" content=\"Nordnesrepublikken\" \/>\n<meta property=\"article:published_time\" content=\"2025-04-26T12:49:33+00:00\" \/>\n<meta property=\"article:modified_time\" content=\"2025-04-26T12:49:42+00:00\" \/>\n<meta property=\"og:image\" content=\"https:\/\/nordnesrepublikken.no\/wp-content\/uploads\/2025\/04\/1745671774_Hvor-gar-myntene-som-ble-lansert-i-Trevi-fontenen-scaled.jpg\" \/>\n\t<meta property=\"og:image:width\" content=\"2560\" \/>\n\t<meta property=\"og:image:height\" content=\"1701\" \/>\n\t<meta property=\"og:image:type\" content=\"image\/jpeg\" \/>\n<meta name=\"author\" content=\"Ole Andersen\" \/>\n<meta name=\"twitter:card\" content=\"summary_large_image\" \/>\n<meta name=\"twitter:label1\" content=\"Skrevet av\" \/>\n\t<meta name=\"twitter:data1\" content=\"Ole Andersen\" \/>\n\t<meta name=\"twitter:label2\" content=\"Ansl. lesetid\" \/>\n\t<meta name=\"twitter:data2\" content=\"2 minutter\" \/>\n<script type=\"application\/ld+json\" class=\"yoast-schema-graph\">{\"@context\":\"https:\/\/schema.org\",\"@graph\":[{\"@type\":\"Article\",\"@id\":\"https:\/\/nordnesrepublikken.no\/index.php\/2025\/04\/26\/hvor-gar-myntene-som-ble-lansert-i-trevi-fontenen\/#article\",\"isPartOf\":{\"@id\":\"https:\/\/nordnesrepublikken.no\/index.php\/2025\/04\/26\/hvor-gar-myntene-som-ble-lansert-i-trevi-fontenen\/\"},\"author\":{\"name\":\"Ole Andersen\",\"@id\":\"https:\/\/nordnesrepublikken.no\/#\/schema\/person\/2e7e81935bab77882fffb79296240ff1\"},\"headline\":\"Hvor g\u00e5r myntene som ble lansert i Trevi -fontenen?\",\"datePublished\":\"2025-04-26T12:49:33+00:00\",\"dateModified\":\"2025-04-26T12:49:42+00:00\",\"mainEntityOfPage\":{\"@id\":\"https:\/\/nordnesrepublikken.no\/index.php\/2025\/04\/26\/hvor-gar-myntene-som-ble-lansert-i-trevi-fontenen\/\"},\"wordCount\":400,\"publisher\":{\"@id\":\"https:\/\/nordnesrepublikken.no\/#organization\"},\"image\":{\"@id\":\"https:\/\/nordnesrepublikken.no\/index.php\/2025\/04\/26\/hvor-gar-myntene-som-ble-lansert-i-trevi-fontenen\/#primaryimage\"},\"thumbnailUrl\":\"https:\/\/nordnesrepublikken.no\/wp-content\/uploads\/2025\/04\/1745671774_Hvor-gar-myntene-som-ble-lansert-i-Trevi-fontenen-scaled.jpg\",\"keywords\":[\"ble\",\"fontenen\",\"g\u00e5r\",\"hvor\",\"lansert\",\"myntene\",\"som\",\"Trevi\"],\"articleSection\":[\"Samfunn\"],\"inLanguage\":\"nb-NO\"},{\"@type\":\"WebPage\",\"@id\":\"https:\/\/nordnesrepublikken.no\/index.php\/2025\/04\/26\/hvor-gar-myntene-som-ble-lansert-i-trevi-fontenen\/\",\"url\":\"https:\/\/nordnesrepublikken.no\/index.php\/2025\/04\/26\/hvor-gar-myntene-som-ble-lansert-i-trevi-fontenen\/\",\"name\":\"Hvor g\u00e5r myntene som ble lansert i Trevi -fontenen? - Nordnesrepublikken\",\"isPartOf\":{\"@id\":\"https:\/\/nordnesrepublikken.no\/#website\"},\"primaryImageOfPage\":{\"@id\":\"https:\/\/nordnesrepublikken.no\/index.php\/2025\/04\/26\/hvor-gar-myntene-som-ble-lansert-i-trevi-fontenen\/#primaryimage\"},\"image\":{\"@id\":\"https:\/\/nordnesrepublikken.no\/index.php\/2025\/04\/26\/hvor-gar-myntene-som-ble-lansert-i-trevi-fontenen\/#primaryimage\"},\"thumbnailUrl\":\"https:\/\/nordnesrepublikken.no\/wp-content\/uploads\/2025\/04\/1745671774_Hvor-gar-myntene-som-ble-lansert-i-Trevi-fontenen-scaled.jpg\",\"datePublished\":\"2025-04-26T12:49:33+00:00\",\"dateModified\":\"2025-04-26T12:49:42+00:00\",\"breadcrumb\":{\"@id\":\"https:\/\/nordnesrepublikken.no\/index.php\/2025\/04\/26\/hvor-gar-myntene-som-ble-lansert-i-trevi-fontenen\/#breadcrumb\"},\"inLanguage\":\"nb-NO\",\"potentialAction\":[{\"@type\":\"ReadAction\",\"target\":[\"https:\/\/nordnesrepublikken.no\/index.php\/2025\/04\/26\/hvor-gar-myntene-som-ble-lansert-i-trevi-fontenen\/\"]}]},{\"@type\":\"ImageObject\",\"inLanguage\":\"nb-NO\",\"@id\":\"https:\/\/nordnesrepublikken.no\/index.php\/2025\/04\/26\/hvor-gar-myntene-som-ble-lansert-i-trevi-fontenen\/#primaryimage\",\"url\":\"https:\/\/nordnesrepublikken.no\/wp-content\/uploads\/2025\/04\/1745671774_Hvor-gar-myntene-som-ble-lansert-i-Trevi-fontenen-scaled.jpg\",\"contentUrl\":\"https:\/\/nordnesrepublikken.no\/wp-content\/uploads\/2025\/04\/1745671774_Hvor-gar-myntene-som-ble-lansert-i-Trevi-fontenen-scaled.jpg\",\"width\":2560,\"height\":1701,\"caption\":\"Fontana di trevi\"},{\"@type\":\"BreadcrumbList\",\"@id\":\"https:\/\/nordnesrepublikken.no\/index.php\/2025\/04\/26\/hvor-gar-myntene-som-ble-lansert-i-trevi-fontenen\/#breadcrumb\",\"itemListElement\":[{\"@type\":\"ListItem\",\"position\":1,\"name\":\"Home\",\"item\":\"https:\/\/nordnesrepublikken.no\/\"},{\"@type\":\"ListItem\",\"position\":2,\"name\":\"Hvor g\u00e5r myntene som ble lansert i Trevi -fontenen?\"}]},{\"@type\":\"WebSite\",\"@id\":\"https:\/\/nordnesrepublikken.no\/#website\",\"url\":\"https:\/\/nordnesrepublikken.no\/\",\"name\":\"Nordnesrepublikken\",\"description\":\"Stemmer og Visjoner fra Republikkens Hjerte\",\"publisher\":{\"@id\":\"https:\/\/nordnesrepublikken.no\/#organization\"},\"potentialAction\":[{\"@type\":\"SearchAction\",\"target\":{\"@type\":\"EntryPoint\",\"urlTemplate\":\"https:\/\/nordnesrepublikken.no\/?s={search_term_string}\"},\"query-input\":{\"@type\":\"PropertyValueSpecification\",\"valueRequired\":true,\"valueName\":\"search_term_string\"}}],\"inLanguage\":\"nb-NO\"},{\"@type\":\"Organization\",\"@id\":\"https:\/\/nordnesrepublikken.no\/#organization\",\"name\":\"Nordnesrepublikken\",\"url\":\"https:\/\/nordnesrepublikken.no\/\",\"logo\":{\"@type\":\"ImageObject\",\"inLanguage\":\"nb-NO\",\"@id\":\"https:\/\/nordnesrepublikken.no\/#\/schema\/logo\/image\/\",\"url\":\"https:\/\/nordnesrepublikken.no\/wp-content\/uploads\/2025\/02\/cropped-nordnesrepublikken-2.png\",\"contentUrl\":\"https:\/\/nordnesrepublikken.no\/wp-content\/uploads\/2025\/02\/cropped-nordnesrepublikken-2.png\",\"width\":1248,\"height\":362,\"caption\":\"Nordnesrepublikken\"},\"image\":{\"@id\":\"https:\/\/nordnesrepublikken.no\/#\/schema\/logo\/image\/\"}},{\"@type\":\"Person\",\"@id\":\"https:\/\/nordnesrepublikken.no\/#\/schema\/person\/2e7e81935bab77882fffb79296240ff1\",\"name\":\"Ole Andersen\",\"image\":{\"@type\":\"ImageObject\",\"inLanguage\":\"nb-NO\",\"@id\":\"https:\/\/nordnesrepublikken.no\/#\/schema\/person\/image\/\",\"url\":\"https:\/\/nordnesrepublikken.no\/wp-content\/uploads\/2025\/02\/nordnesrepublikken-2-2-150x150.jpg\",\"contentUrl\":\"https:\/\/nordnesrepublikken.no\/wp-content\/uploads\/2025\/02\/nordnesrepublikken-2-2-150x150.jpg\",\"caption\":\"Ole Andersen\"},\"description\":\"Ettersom jeg vokste opp i Oslo, har jeg alltid v\u00e6rt fascinert av ordenes kraft og deres evne til \u00e5 skape endringer. Etter \u00e5 ha fullf\u00f8rt min utdannelse i kommunikasjon ved Universitetet i Bergen, fikk jeg muligheten til \u00e5 jobbe innen ulike medier, der jeg har s\u00f8kt \u00e5 belyse viktige samfunnssp\u00f8rsm\u00e5l. I dag, som redakt\u00f8r for Nordnesrepublikken, pr\u00f8ver jeg \u00e5 forene min kj\u00e6rlighet for journalistikk med min lidenskap for innovasjon og eventyr.\",\"sameAs\":[\"https:\/\/nordnesrepublikken.no\/\"]}]}<\/script>\n<!-- \/ Yoast SEO plugin. -->","yoast_head_json":{"title":"Hvor g\u00e5r myntene som ble lansert i Trevi -fontenen? - Nordnesrepublikken","robots":{"index":"index","follow":"follow","max-snippet":"max-snippet:-1","max-image-preview":"max-image-preview:large","max-video-preview":"max-video-preview:-1"},"canonical":"https:\/\/nordnesrepublikken.no\/index.php\/2025\/04\/26\/hvor-gar-myntene-som-ble-lansert-i-trevi-fontenen\/","og_locale":"nb_NO","og_type":"article","og_title":"Hvor g\u00e5r myntene som ble lansert i Trevi -fontenen? - Nordnesrepublikken","og_description":"Der Trevi Fountain Det er et popul\u00e6rt romersk turistm\u00e5l, kjent for den &laquo;heldige&raquo; vanen til","og_url":"https:\/\/nordnesrepublikken.no\/index.php\/2025\/04\/26\/hvor-gar-myntene-som-ble-lansert-i-trevi-fontenen\/","og_site_name":"Nordnesrepublikken","article_published_time":"2025-04-26T12:49:33+00:00","article_modified_time":"2025-04-26T12:49:42+00:00","og_image":[{"width":2560,"height":1701,"url":"https:\/\/nordnesrepublikken.no\/wp-content\/uploads\/2025\/04\/1745671774_Hvor-gar-myntene-som-ble-lansert-i-Trevi-fontenen-scaled.jpg","type":"image\/jpeg"}],"author":"Ole Andersen","twitter_card":"summary_large_image","twitter_misc":{"Skrevet av":"Ole Andersen","Ansl. lesetid":"2 minutter"},"schema":{"@context":"https:\/\/schema.org","@graph":[{"@type":"Article","@id":"https:\/\/nordnesrepublikken.no\/index.php\/2025\/04\/26\/hvor-gar-myntene-som-ble-lansert-i-trevi-fontenen\/#article","isPartOf":{"@id":"https:\/\/nordnesrepublikken.no\/index.php\/2025\/04\/26\/hvor-gar-myntene-som-ble-lansert-i-trevi-fontenen\/"},"author":{"name":"Ole Andersen","@id":"https:\/\/nordnesrepublikken.no\/#\/schema\/person\/2e7e81935bab77882fffb79296240ff1"},"headline":"Hvor g\u00e5r myntene som ble lansert i Trevi -fontenen?","datePublished":"2025-04-26T12:49:33+00:00","dateModified":"2025-04-26T12:49:42+00:00","mainEntityOfPage":{"@id":"https:\/\/nordnesrepublikken.no\/index.php\/2025\/04\/26\/hvor-gar-myntene-som-ble-lansert-i-trevi-fontenen\/"},"wordCount":400,"publisher":{"@id":"https:\/\/nordnesrepublikken.no\/#organization"},"image":{"@id":"https:\/\/nordnesrepublikken.no\/index.php\/2025\/04\/26\/hvor-gar-myntene-som-ble-lansert-i-trevi-fontenen\/#primaryimage"},"thumbnailUrl":"https:\/\/nordnesrepublikken.no\/wp-content\/uploads\/2025\/04\/1745671774_Hvor-gar-myntene-som-ble-lansert-i-Trevi-fontenen-scaled.jpg","keywords":["ble","fontenen","g\u00e5r","hvor","lansert","myntene","som","Trevi"],"articleSection":["Samfunn"],"inLanguage":"nb-NO"},{"@type":"WebPage","@id":"https:\/\/nordnesrepublikken.no\/index.php\/2025\/04\/26\/hvor-gar-myntene-som-ble-lansert-i-trevi-fontenen\/","url":"https:\/\/nordnesrepublikken.no\/index.php\/2025\/04\/26\/hvor-gar-myntene-som-ble-lansert-i-trevi-fontenen\/","name":"Hvor g\u00e5r myntene som ble lansert i Trevi -fontenen? - Nordnesrepublikken","isPartOf":{"@id":"https:\/\/nordnesrepublikken.no\/#website"},"primaryImageOfPage":{"@id":"https:\/\/nordnesrepublikken.no\/index.php\/2025\/04\/26\/hvor-gar-myntene-som-ble-lansert-i-trevi-fontenen\/#primaryimage"},"image":{"@id":"https:\/\/nordnesrepublikken.no\/index.php\/2025\/04\/26\/hvor-gar-myntene-som-ble-lansert-i-trevi-fontenen\/#primaryimage"},"thumbnailUrl":"https:\/\/nordnesrepublikken.no\/wp-content\/uploads\/2025\/04\/1745671774_Hvor-gar-myntene-som-ble-lansert-i-Trevi-fontenen-scaled.jpg","datePublished":"2025-04-26T12:49:33+00:00","dateModified":"2025-04-26T12:49:42+00:00","breadcrumb":{"@id":"https:\/\/nordnesrepublikken.no\/index.php\/2025\/04\/26\/hvor-gar-myntene-som-ble-lansert-i-trevi-fontenen\/#breadcrumb"},"inLanguage":"nb-NO","potentialAction":[{"@type":"ReadAction","target":["https:\/\/nordnesrepublikken.no\/index.php\/2025\/04\/26\/hvor-gar-myntene-som-ble-lansert-i-trevi-fontenen\/"]}]},{"@type":"ImageObject","inLanguage":"nb-NO","@id":"https:\/\/nordnesrepublikken.no\/index.php\/2025\/04\/26\/hvor-gar-myntene-som-ble-lansert-i-trevi-fontenen\/#primaryimage","url":"https:\/\/nordnesrepublikken.no\/wp-content\/uploads\/2025\/04\/1745671774_Hvor-gar-myntene-som-ble-lansert-i-Trevi-fontenen-scaled.jpg","contentUrl":"https:\/\/nordnesrepublikken.no\/wp-content\/uploads\/2025\/04\/1745671774_Hvor-gar-myntene-som-ble-lansert-i-Trevi-fontenen-scaled.jpg","width":2560,"height":1701,"caption":"Fontana di trevi"},{"@type":"BreadcrumbList","@id":"https:\/\/nordnesrepublikken.no\/index.php\/2025\/04\/26\/hvor-gar-myntene-som-ble-lansert-i-trevi-fontenen\/#breadcrumb","itemListElement":[{"@type":"ListItem","position":1,"name":"Home","item":"https:\/\/nordnesrepublikken.no\/"},{"@type":"ListItem","position":2,"name":"Hvor g\u00e5r myntene som ble lansert i Trevi -fontenen?"}]},{"@type":"WebSite","@id":"https:\/\/nordnesrepublikken.no\/#website","url":"https:\/\/nordnesrepublikken.no\/","name":"Nordnesrepublikken","description":"Stemmer og Visjoner fra Republikkens Hjerte","publisher":{"@id":"https:\/\/nordnesrepublikken.no\/#organization"},"potentialAction":[{"@type":"SearchAction","target":{"@type":"EntryPoint","urlTemplate":"https:\/\/nordnesrepublikken.no\/?s={search_term_string}"},"query-input":{"@type":"PropertyValueSpecification","valueRequired":true,"valueName":"search_term_string"}}],"inLanguage":"nb-NO"},{"@type":"Organization","@id":"https:\/\/nordnesrepublikken.no\/#organization","name":"Nordnesrepublikken","url":"https:\/\/nordnesrepublikken.no\/","logo":{"@type":"ImageObject","inLanguage":"nb-NO","@id":"https:\/\/nordnesrepublikken.no\/#\/schema\/logo\/image\/","url":"https:\/\/nordnesrepublikken.no\/wp-content\/uploads\/2025\/02\/cropped-nordnesrepublikken-2.png","contentUrl":"https:\/\/nordnesrepublikken.no\/wp-content\/uploads\/2025\/02\/cropped-nordnesrepublikken-2.png","width":1248,"height":362,"caption":"Nordnesrepublikken"},"image":{"@id":"https:\/\/nordnesrepublikken.no\/#\/schema\/logo\/image\/"}},{"@type":"Person","@id":"https:\/\/nordnesrepublikken.no\/#\/schema\/person\/2e7e81935bab77882fffb79296240ff1","name":"Ole Andersen","image":{"@type":"ImageObject","inLanguage":"nb-NO","@id":"https:\/\/nordnesrepublikken.no\/#\/schema\/person\/image\/","url":"https:\/\/nordnesrepublikken.no\/wp-content\/uploads\/2025\/02\/nordnesrepublikken-2-2-150x150.jpg","contentUrl":"https:\/\/nordnesrepublikken.no\/wp-content\/uploads\/2025\/02\/nordnesrepublikken-2-2-150x150.jpg","caption":"Ole Andersen"},"description":"Ettersom jeg vokste opp i Oslo, har jeg alltid v\u00e6rt fascinert av ordenes kraft og deres evne til \u00e5 skape endringer. Etter \u00e5 ha fullf\u00f8rt min utdannelse i kommunikasjon ved Universitetet i Bergen, fikk jeg muligheten til \u00e5 jobbe innen ulike medier, der jeg har s\u00f8kt \u00e5 belyse viktige samfunnssp\u00f8rsm\u00e5l. I dag, som redakt\u00f8r for Nordnesrepublikken, pr\u00f8ver jeg \u00e5 forene min kj\u00e6rlighet for journalistikk med min lidenskap for innovasjon og eventyr.","sameAs":["https:\/\/nordnesrepublikken.no\/"]}]}},"_links":{"self":[{"href":"https:\/\/nordnesrepublikken.no\/index.php\/wp-json\/wp\/v2\/posts\/3837","targetHints":{"allow":["GET"]}}],"collection":[{"href":"https:\/\/nordnesrepublikken.no\/index.php\/wp-json\/wp\/v2\/posts"}],"about":[{"href":"https:\/\/nordnesrepublikken.no\/index.php\/wp-json\/wp\/v2\/types\/post"}],"author":[{"embeddable":true,"href":"https:\/\/nordnesrepublikken.no\/index.php\/wp-json\/wp\/v2\/users\/1"}],"replies":[{"embeddable":true,"href":"https:\/\/nordnesrepublikken.no\/index.php\/wp-json\/wp\/v2\/comments?post=3837"}],"version-history":[{"count":1,"href":"https:\/\/nordnesrepublikken.no\/index.php\/wp-json\/wp\/v2\/posts\/3837\/revisions"}],"predecessor-version":[{"id":3839,"href":"https:\/\/nordnesrepublikken.no\/index.php\/wp-json\/wp\/v2\/posts\/3837\/revisions\/3839"}],"wp:featuredmedia":[{"embeddable":true,"href":"https:\/\/nordnesrepublikken.no\/index.php\/wp-json\/wp\/v2\/media\/3838"}],"wp:attachment":[{"href":"https:\/\/nordnesrepublikken.no\/index.php\/wp-json\/wp\/v2\/media?parent=3837"}],"wp:term":[{"taxonomy":"category","embeddable":true,"href":"https:\/\/nordnesrepublikken.no\/index.php\/wp-json\/wp\/v2\/categories?post=3837"},{"taxonomy":"post_tag","embeddable":true,"href":"https:\/\/nordnesrepublikken.no\/index.php\/wp-json\/wp\/v2\/tags?post=3837"}],"curies":[{"name":"wp","href":"https:\/\/api.w.org\/{rel}","templated":true}]}}