{"id":3807,"date":"2025-04-25T17:50:16","date_gmt":"2025-04-25T15:50:16","guid":{"rendered":"https:\/\/nordnesrepublikken.no\/index.php\/2025\/04\/25\/vittorio-emanuele-ii-av-savoy-historien-til-den-forste-kongen-av-italia-og-hjemlandets-far\/"},"modified":"2025-04-25T17:50:22","modified_gmt":"2025-04-25T15:50:22","slug":"vittorio-emanuele-ii-av-savoy-historien-til-den-forste-kongen-av-italia-og-hjemlandets-far","status":"publish","type":"post","link":"https:\/\/nordnesrepublikken.no\/index.php\/2025\/04\/25\/vittorio-emanuele-ii-av-savoy-historien-til-den-forste-kongen-av-italia-og-hjemlandets-far\/","title":{"rendered":"Vittorio Emanuele II av Savoy, historien til den f\u00f8rste kongen av Italia og &laquo;hjemlandets far&raquo;"},"content":{"rendered":"<div>\n<div class=\"cp_wrapper cp_wrapper--fw mb-30 mb-20@tablet\">\n<figure class=\"mm\"><picture class=\"img\" style=\"padding-top:56.25%\"><source  media=\"(min-width: 1024px)\"><source  media=\"(min-width: 768px)\"><\/source><\/source><\/picture><\/figure>\n<\/p><\/div>\n<p><strong>Vittorio Emanuele II<\/strong>f\u00f8dt i Torino i 1820 og d\u00f8de i Roma i 1878, var <strong>F\u00f8rste konge av Italia<\/strong>. Det tilh\u00f8rte familien av <strong>Savoy<\/strong>som regjerte p\u00e5 kongeriket Sardinia, og Ascene til tronen i 1849. Han fremmet prosessen med italiensk forening sammen med sin statsminister, Camillo Benso di Cavour, til tross for at de to mennene ikke drev godt blod. I 1861 ble han utropt <strong>kongen av Italia,<\/strong> velger \u00e5 fortsette \u00e5 bli kalt &laquo;Second&raquo;, og i de f\u00f8lgende &laquo;ledsaget&raquo; fullf\u00f8ringen av den nasjonale enheten med <strong>Erobring av Veneto og Roma<\/strong>. Ved d\u00f8den overlot den &laquo;sanne far&raquo; tronen til den eldste s\u00f8nnen <strong>Umberto<\/strong>.<\/p>\n<h2><strong>F\u00f8dsel og ungdom<\/strong><\/h2>\n<p>Vittorio Emanuele II var den eldste s\u00f8nnen til <strong>Carlo Alberto<\/strong>King of Sardinia som tilh\u00f8rer Savoy -dynastiet. De <strong>14. mars 1820<\/strong> Og han tilbrakte barndommen i Firenze sammen med faren, og slapp mirakul\u00f8st unna en brann i hjemmet. I 1831, da Carlo Alberto ble konge av Sardinia, vendte han tilbake med ham til Torino og ble <strong>arvelig prins<\/strong>. Lite tilb\u00f8yelige til \u00e5 studere, som en ung mann Vittorio Emanuele hovedsakelig dedikerte seg til hester, v\u00e5pen og fjellutflukter. Han kom derfor inn i h\u00e6ren, og n\u00e5dde snart graden av general snart. I 1842 giftet han seg med sin fetter, <strong>Maria Adelaide av \u00d8sterrike<\/strong>at kona skulle forbli til d\u00f8den i 1855. Selv under ekteskapet ga ikke Vittorio Emanuele opp utenomekteskapelige forhold. I 1847 gjennomf\u00f8rte han forholdet til Rosa Vercellana, kjent som &laquo;La Bela Rosin&raquo; (La Bella Rosina), som ville ha holdt seg ved siden av ham hele livet.<\/p>\n<div class=\"cp_wrapper cp_wrapper--fw mb-50\">\n<figure class=\"mm\"><picture class=\"img\" style=\"padding-top:88.636363636364%\"><source  media=\"(min-width: 1024px)\"><source  media=\"(min-width: 768px)\"><img decoding=\"async\" loading=\"lazy\" src=\"https:\/\/nordnesrepublikken.no\/wp-content\/uploads\/2025\/04\/Vittorio-Emanuele-II-av-Savoy-historien-til-den-forste-kongen.jpeg\" alt=\"Vittorio Emanuele og Maria Adelaide i 1843\" width=\"220\" height=\"195\"><\/source><\/source><\/picture><\/figure>\n<\/p><\/div>\n<h2>Fremveksten til tronen og Italia -enheten: hva gjorde han<\/h2>\n<p>Vittorio Emanuele ble <strong>King of Sardinia<\/strong> I 1849, da han var mindre enn tretti \u00e5r gammel, fordi faren, beseiret av \u00f8sterrikerne, ble tvunget til \u00e5 abdisere. Antok tronen til et rike som inkluderte <strong>Piedmont<\/strong>The <strong>Sardinia<\/strong>The <strong>Liguria<\/strong>The <strong>Valle d&#8217;Aosta<\/strong>Hyggelig og regionen av <strong>Savoy<\/strong> (De to siste territoriene ville blitt solgt til Frankrike i 1859).<\/p>\n<div class=\"cp_wrapper cp_wrapper--fw mb-50\">\n<figure class=\"mm\"><picture class=\"img\" style=\"padding-top:119.75%\"><source  media=\"(min-width: 1024px)\"><source  media=\"(min-width: 768px)\"><img decoding=\"async\" loading=\"lazy\" src=\"https:\/\/nordnesrepublikken.no\/wp-content\/uploads\/2025\/04\/1745596216_513_Vittorio-Emanuele-II-av-Savoy-historien-til-den-forste-kongen.jpg\" alt=\"Utvidelse av kongeriket Sardinia (studiepoeng Bukkia)\" width=\"800\" height=\"958\" class=\"js-seedtag-img\"><\/source><\/source><\/picture><\/figure>\n<\/p><\/div>\n<p>Til tross for \u00f8sterrikernes press, Vittorio Emanuele <strong>Han trakk ikke Albertine -vedtekten<\/strong>Grunnloven utstedt av Faderen, og viste seg dermed mer progressiv enn mange andre europeiske monarker, som ikke anerkjente en grunnlov som begrenset deres makt. Vittorio Emanuele smeltet imidlertid parlamentet to ganger, og inviterte velgerne til \u00e5 stemme p\u00e5 moderate kandidater. Kongen likte ikke Camillo Benso di Cavour, som p\u00e5 begynnelsen av 1950 -tallet dukket opp som en av de mest synspunktene p\u00e5 regjeringen i <strong>Massimo D&#8217;Azeglio<\/strong>. Likevel aksepterte jeg i 1852 \u00e5 utnevne ham <strong>Statsminister  <\/strong>Og i de f\u00f8lgende \u00e5rene godkjente han alle de viktigste politiske valgene. Kongeriket Sardinia la dermed ut i spissen for <strong>Italiensk foreningsprosess<\/strong>med deltakelse i Krimkrigen 1853-55 og fremfor alt med <strong>Andre uavhengighetskrig<\/strong> Mot \u00d8sterrike-Ungarn i 1859. Vittorio Emanuele uttalte at hans rike ikke var &laquo;uf\u00f8lsom for smertenes rop som fra mange deler av Italia stiger&raquo; og st\u00f8ttet foreningsprosessen. I 1860, mens forsendelsen av tusen var i gang, n\u00e5dde han Garibaldi og i det ber\u00f8mte <strong>M\u00f8te med Teano<\/strong>de facto besittelse av de s\u00f8rlige regionene. 17. mars 1861 proklamerte parlamentet, samlet i Torino, offisielt konge av Italia Vittorio Emanuele II.<\/p>\n<div class=\"cp_wrapper cp_wrapper--fw mb-50\">\n<figure class=\"mm\"><picture class=\"img\" style=\"padding-top:62.946428571429%\"><source  media=\"(min-width: 1024px)\"><source  media=\"(min-width: 768px)\"><img decoding=\"async\" loading=\"lazy\" src=\"https:\/\/nordnesrepublikken.no\/wp-content\/uploads\/2025\/04\/1745596216_546_Vittorio-Emanuele-II-av-Savoy-historien-til-den-forste-kongen.jpeg\" alt=\"M\u00f8tet i Teano mellom Garibaldi og Vittorio Emanuele\" width=\"672\" height=\"423\"><\/source><\/source><\/picture><\/figure>\n<\/p><\/div>\n<h2>Vittorio Emanuele II blir konge av Italia<\/h2>\n<p>Suveren valgte \u00e5 fortsette \u00e5 gj\u00f8re <strong>Ring &laquo;Second&raquo;<\/strong> Og ikke f\u00f8rst. Det var faktisk den andre &laquo;Vittorio Emanuele&raquo; av kongeriket Sardinia, men logisk sett den f\u00f8rste for Italia. Videre, og tok opp formelen som ble brukt i kongeriket Sardinia, definerte han seg selv som &laquo;konge av Italia for Guds n\u00e5de og vilje&raquo;. Kongen fulgte n\u00f8ye <strong>&laquo;Fullf\u00f8ring&raquo; av enheten<\/strong>. I 1866 n\u00e5dde han h\u00e6ren engasjert i den tredje uavhengighetskrigen, som tillot annekteringen av Veneto, og i 1870 sponset han, om enn med noen tvil, den <strong>erobring av Roma<\/strong>. Ved reaksjon ekskommuniserte paven ham og alle hans etterkommere.<\/p>\n<div class=\"cp_wrapper cp_wrapper--fw mb-50\">\n<figure class=\"mm\"><picture class=\"img\" style=\"padding-top:135.59322033898%\"><source  media=\"(min-width: 1024px)\"><source  media=\"(min-width: 768px)\"><img decoding=\"async\" loading=\"lazy\" src=\"https:\/\/nordnesrepublikken.no\/wp-content\/uploads\/2025\/04\/1745596216_519_Vittorio-Emanuele-II-av-Savoy-historien-til-den-forste-kongen.jpg\" alt=\"Konge av Italia\" width=\"708\" height=\"960\" class=\"js-seedtag-img\"><\/source><\/source><\/picture><\/figure>\n<\/p><\/div>\n<p>Etter \u00e5 ha tatt Roma, flyttet Vittorio Emanuele til den nye hovedstaden og tok overnatting i palasset i <strong>Quirinale.  <\/strong>Rosa Vercellana flyttet ogs\u00e5 til Roma, som kongen i 1869 hadde giftet seg med <strong>Morganatisk bryllup<\/strong> (dvs. et ekteskap mellom mennesker med &laquo;forskjellig tilstand&raquo;, forutsa i noen monarkiske systemer, der kona og barna ikke arver titlene og kvalifikasjonene til mannen hennes). Kongen fortsatte \u00e5 vie seg til jakt, som var hans lidenskap fra ung alder, og d\u00f8de nettopp p\u00e5 grunn av konsekvensene av en vits: fuktigheten i Lazio -landskapet (eller, if\u00f8lge en annen tolkning, malaria), for\u00e5rsaket ham en sterk feber, som brakte ham til den <strong>D\u00f8d 9. januar 1878<\/strong>i en alder av 58 \u00e5r. Han ble gravlagt i Pantheon i Roma etter h\u00f8ytidelig begravelse.<\/p>\n<div class=\"cp_wrapper cp_wrapper--fw mb-50\">\n<figure class=\"mm\"><picture class=\"img\" style=\"padding-top:75%\"><source  media=\"(min-width: 1024px)\"><source  media=\"(min-width: 768px)\"><img decoding=\"async\" loading=\"lazy\" src=\"https:\/\/nordnesrepublikken.no\/wp-content\/uploads\/2025\/04\/1745596216_436_Vittorio-Emanuele-II-av-Savoy-historien-til-den-forste-kongen.jpeg\" alt=\"Graven ved pantheon\" width=\"800\" height=\"600\"><\/source><\/source><\/picture><\/figure>\n<\/p><\/div>\n<h2><strong>Etterkommerne og myten<\/strong><\/h2>\n<p>Vittorio Emanuele hadde <strong>mange barn<\/strong>delvis ikke anerkjent. Hans kone Maria Adelaide f\u00f8dte det, blant dem <strong>Umberto<\/strong>fremtidig konge av Italia med navnet Umberto i, e <strong>Amedeo<\/strong>stamfader for Savoy-Aosta-grenen. Kongen hadde ogs\u00e5 to barn fra kona Morganatica Rosa Vercellana og forskjellige <strong>uekte barn<\/strong> av de mange elskere som han underholdt utroskapsrelasjoner med. Etter d\u00f8den var Vittorio Emanuele umiddelbart <strong>Feiret og betalt hyllest<\/strong>. Det er ingen gater og firkanter rett til ham, og heller ikke monumentene som skildrer ham, delvis reist da han fremdeles var i live. I 1911, i anledning femti\u00e5rsjubileet for enheten, <strong>Viktoriansk<\/strong>det store hvite marmormonumentet i Piazza Venezia. Selv i dag, til tross for etableringen av republikken, er den italienske halv\u00f8ya full av monumenter og navn for Vittorio Emanuele II.<\/p>\n<div class=\"cp_wrapper  mb-50\">\n<div class=\"cbx\">\n<div class=\"cbx__collection\">\n<p>Kilder<\/p>\n<div class=\"cbx__sources\">\n<p>Denis Mack Smith, Vittorio Emanuele II, Mondadori, 1995<\/p>\n<p>Alberto M. Banti, The Italian Risorgimento, Laterza 2008<\/p>\n<\/p><\/div>\n<\/p><\/div>\n<\/p><\/div>\n<\/p><\/div>\n<\/p><\/div>\n","protected":false},"excerpt":{"rendered":"<p>Vittorio Emanuele IIf\u00f8dt i Torino i 1820 og d\u00f8de i Roma i 1878, var F\u00f8rste<\/p>\n","protected":false},"author":1,"featured_media":3808,"comment_status":"closed","ping_status":"open","sticky":false,"template":"","format":"standard","meta":{"footnotes":""},"categories":[104],"tags":[74,1671,67,521,1674,437,1673,1672,117,1670],"class_list":["post-3807","post","type-post","status-publish","format-standard","has-post-thumbnail","hentry","category-samfunn","tag-den","tag-emanuele","tag-forste","tag-historien","tag-hjemlandets","tag-italia","tag-kongen","tag-savoy","tag-til","tag-vittorio","generate-columns","tablet-grid-50","mobile-grid-100","grid-parent","grid-33","resize-featured-image"],"yoast_head":"<!-- This site is optimized with the Yoast SEO plugin v24.4 - https:\/\/yoast.com\/wordpress\/plugins\/seo\/ -->\n<title>Vittorio Emanuele II av Savoy, historien til den f\u00f8rste kongen av Italia og &quot;hjemlandets far&quot; - Nordnesrepublikken<\/title>\n<meta name=\"robots\" content=\"index, follow, max-snippet:-1, max-image-preview:large, max-video-preview:-1\" \/>\n<link rel=\"canonical\" href=\"https:\/\/nordnesrepublikken.no\/index.php\/2025\/04\/25\/vittorio-emanuele-ii-av-savoy-historien-til-den-forste-kongen-av-italia-og-hjemlandets-far\/\" \/>\n<meta property=\"og:locale\" content=\"nb_NO\" \/>\n<meta property=\"og:type\" content=\"article\" \/>\n<meta property=\"og:title\" content=\"Vittorio Emanuele II av Savoy, historien til den f\u00f8rste kongen av Italia og &quot;hjemlandets far&quot; - Nordnesrepublikken\" \/>\n<meta property=\"og:description\" content=\"Vittorio Emanuele IIf\u00f8dt i Torino i 1820 og d\u00f8de i Roma i 1878, var F\u00f8rste\" \/>\n<meta property=\"og:url\" content=\"https:\/\/nordnesrepublikken.no\/index.php\/2025\/04\/25\/vittorio-emanuele-ii-av-savoy-historien-til-den-forste-kongen-av-italia-og-hjemlandets-far\/\" \/>\n<meta property=\"og:site_name\" content=\"Nordnesrepublikken\" \/>\n<meta property=\"article:published_time\" content=\"2025-04-25T15:50:16+00:00\" \/>\n<meta property=\"article:modified_time\" content=\"2025-04-25T15:50:22+00:00\" \/>\n<meta property=\"og:image\" content=\"https:\/\/nordnesrepublikken.no\/wp-content\/uploads\/2025\/04\/1745596216_Vittorio-Emanuele-II-av-Savoy-historien-til-den-forste-kongen-scaled.jpg\" \/>\n\t<meta property=\"og:image:width\" content=\"2560\" \/>\n\t<meta property=\"og:image:height\" content=\"1708\" \/>\n\t<meta property=\"og:image:type\" content=\"image\/jpeg\" \/>\n<meta name=\"author\" content=\"Ole Andersen\" \/>\n<meta name=\"twitter:card\" content=\"summary_large_image\" \/>\n<meta name=\"twitter:label1\" content=\"Skrevet av\" \/>\n\t<meta name=\"twitter:data1\" content=\"Ole Andersen\" \/>\n\t<meta name=\"twitter:label2\" content=\"Ansl. lesetid\" \/>\n\t<meta name=\"twitter:data2\" content=\"4 minutter\" \/>\n<script type=\"application\/ld+json\" class=\"yoast-schema-graph\">{\"@context\":\"https:\/\/schema.org\",\"@graph\":[{\"@type\":\"Article\",\"@id\":\"https:\/\/nordnesrepublikken.no\/index.php\/2025\/04\/25\/vittorio-emanuele-ii-av-savoy-historien-til-den-forste-kongen-av-italia-og-hjemlandets-far\/#article\",\"isPartOf\":{\"@id\":\"https:\/\/nordnesrepublikken.no\/index.php\/2025\/04\/25\/vittorio-emanuele-ii-av-savoy-historien-til-den-forste-kongen-av-italia-og-hjemlandets-far\/\"},\"author\":{\"name\":\"Ole Andersen\",\"@id\":\"https:\/\/nordnesrepublikken.no\/#\/schema\/person\/2e7e81935bab77882fffb79296240ff1\"},\"headline\":\"Vittorio Emanuele II av Savoy, historien til den f\u00f8rste kongen av Italia og &laquo;hjemlandets far&raquo;\",\"datePublished\":\"2025-04-25T15:50:16+00:00\",\"dateModified\":\"2025-04-25T15:50:22+00:00\",\"mainEntityOfPage\":{\"@id\":\"https:\/\/nordnesrepublikken.no\/index.php\/2025\/04\/25\/vittorio-emanuele-ii-av-savoy-historien-til-den-forste-kongen-av-italia-og-hjemlandets-far\/\"},\"wordCount\":885,\"publisher\":{\"@id\":\"https:\/\/nordnesrepublikken.no\/#organization\"},\"image\":{\"@id\":\"https:\/\/nordnesrepublikken.no\/index.php\/2025\/04\/25\/vittorio-emanuele-ii-av-savoy-historien-til-den-forste-kongen-av-italia-og-hjemlandets-far\/#primaryimage\"},\"thumbnailUrl\":\"https:\/\/nordnesrepublikken.no\/wp-content\/uploads\/2025\/04\/1745596216_Vittorio-Emanuele-II-av-Savoy-historien-til-den-forste-kongen-scaled.jpg\",\"keywords\":[\"den\",\"Emanuele\",\"f\u00f8rste\",\"Historien\",\"hjemlandets\",\"Italia\",\"kongen\",\"Savoy\",\"til\",\"Vittorio\"],\"articleSection\":[\"Samfunn\"],\"inLanguage\":\"nb-NO\"},{\"@type\":\"WebPage\",\"@id\":\"https:\/\/nordnesrepublikken.no\/index.php\/2025\/04\/25\/vittorio-emanuele-ii-av-savoy-historien-til-den-forste-kongen-av-italia-og-hjemlandets-far\/\",\"url\":\"https:\/\/nordnesrepublikken.no\/index.php\/2025\/04\/25\/vittorio-emanuele-ii-av-savoy-historien-til-den-forste-kongen-av-italia-og-hjemlandets-far\/\",\"name\":\"Vittorio Emanuele II av Savoy, historien til den f\u00f8rste kongen av Italia og \\\"hjemlandets far\\\" - Nordnesrepublikken\",\"isPartOf\":{\"@id\":\"https:\/\/nordnesrepublikken.no\/#website\"},\"primaryImageOfPage\":{\"@id\":\"https:\/\/nordnesrepublikken.no\/index.php\/2025\/04\/25\/vittorio-emanuele-ii-av-savoy-historien-til-den-forste-kongen-av-italia-og-hjemlandets-far\/#primaryimage\"},\"image\":{\"@id\":\"https:\/\/nordnesrepublikken.no\/index.php\/2025\/04\/25\/vittorio-emanuele-ii-av-savoy-historien-til-den-forste-kongen-av-italia-og-hjemlandets-far\/#primaryimage\"},\"thumbnailUrl\":\"https:\/\/nordnesrepublikken.no\/wp-content\/uploads\/2025\/04\/1745596216_Vittorio-Emanuele-II-av-Savoy-historien-til-den-forste-kongen-scaled.jpg\",\"datePublished\":\"2025-04-25T15:50:16+00:00\",\"dateModified\":\"2025-04-25T15:50:22+00:00\",\"breadcrumb\":{\"@id\":\"https:\/\/nordnesrepublikken.no\/index.php\/2025\/04\/25\/vittorio-emanuele-ii-av-savoy-historien-til-den-forste-kongen-av-italia-og-hjemlandets-far\/#breadcrumb\"},\"inLanguage\":\"nb-NO\",\"potentialAction\":[{\"@type\":\"ReadAction\",\"target\":[\"https:\/\/nordnesrepublikken.no\/index.php\/2025\/04\/25\/vittorio-emanuele-ii-av-savoy-historien-til-den-forste-kongen-av-italia-og-hjemlandets-far\/\"]}]},{\"@type\":\"ImageObject\",\"inLanguage\":\"nb-NO\",\"@id\":\"https:\/\/nordnesrepublikken.no\/index.php\/2025\/04\/25\/vittorio-emanuele-ii-av-savoy-historien-til-den-forste-kongen-av-italia-og-hjemlandets-far\/#primaryimage\",\"url\":\"https:\/\/nordnesrepublikken.no\/wp-content\/uploads\/2025\/04\/1745596216_Vittorio-Emanuele-II-av-Savoy-historien-til-den-forste-kongen-scaled.jpg\",\"contentUrl\":\"https:\/\/nordnesrepublikken.no\/wp-content\/uploads\/2025\/04\/1745596216_Vittorio-Emanuele-II-av-Savoy-historien-til-den-forste-kongen-scaled.jpg\",\"width\":2560,\"height\":1708,\"caption\":\"vittorio emanuele ii\"},{\"@type\":\"BreadcrumbList\",\"@id\":\"https:\/\/nordnesrepublikken.no\/index.php\/2025\/04\/25\/vittorio-emanuele-ii-av-savoy-historien-til-den-forste-kongen-av-italia-og-hjemlandets-far\/#breadcrumb\",\"itemListElement\":[{\"@type\":\"ListItem\",\"position\":1,\"name\":\"Home\",\"item\":\"https:\/\/nordnesrepublikken.no\/\"},{\"@type\":\"ListItem\",\"position\":2,\"name\":\"Vittorio Emanuele II av Savoy, historien til den f\u00f8rste kongen av Italia og &laquo;hjemlandets far&raquo;\"}]},{\"@type\":\"WebSite\",\"@id\":\"https:\/\/nordnesrepublikken.no\/#website\",\"url\":\"https:\/\/nordnesrepublikken.no\/\",\"name\":\"Nordnesrepublikken\",\"description\":\"Stemmer og Visjoner fra Republikkens Hjerte\",\"publisher\":{\"@id\":\"https:\/\/nordnesrepublikken.no\/#organization\"},\"potentialAction\":[{\"@type\":\"SearchAction\",\"target\":{\"@type\":\"EntryPoint\",\"urlTemplate\":\"https:\/\/nordnesrepublikken.no\/?s={search_term_string}\"},\"query-input\":{\"@type\":\"PropertyValueSpecification\",\"valueRequired\":true,\"valueName\":\"search_term_string\"}}],\"inLanguage\":\"nb-NO\"},{\"@type\":\"Organization\",\"@id\":\"https:\/\/nordnesrepublikken.no\/#organization\",\"name\":\"Nordnesrepublikken\",\"url\":\"https:\/\/nordnesrepublikken.no\/\",\"logo\":{\"@type\":\"ImageObject\",\"inLanguage\":\"nb-NO\",\"@id\":\"https:\/\/nordnesrepublikken.no\/#\/schema\/logo\/image\/\",\"url\":\"https:\/\/nordnesrepublikken.no\/wp-content\/uploads\/2025\/02\/cropped-nordnesrepublikken-2.png\",\"contentUrl\":\"https:\/\/nordnesrepublikken.no\/wp-content\/uploads\/2025\/02\/cropped-nordnesrepublikken-2.png\",\"width\":1248,\"height\":362,\"caption\":\"Nordnesrepublikken\"},\"image\":{\"@id\":\"https:\/\/nordnesrepublikken.no\/#\/schema\/logo\/image\/\"}},{\"@type\":\"Person\",\"@id\":\"https:\/\/nordnesrepublikken.no\/#\/schema\/person\/2e7e81935bab77882fffb79296240ff1\",\"name\":\"Ole Andersen\",\"image\":{\"@type\":\"ImageObject\",\"inLanguage\":\"nb-NO\",\"@id\":\"https:\/\/nordnesrepublikken.no\/#\/schema\/person\/image\/\",\"url\":\"https:\/\/nordnesrepublikken.no\/wp-content\/uploads\/2025\/02\/nordnesrepublikken-2-2-150x150.jpg\",\"contentUrl\":\"https:\/\/nordnesrepublikken.no\/wp-content\/uploads\/2025\/02\/nordnesrepublikken-2-2-150x150.jpg\",\"caption\":\"Ole Andersen\"},\"description\":\"Ettersom jeg vokste opp i Oslo, har jeg alltid v\u00e6rt fascinert av ordenes kraft og deres evne til \u00e5 skape endringer. Etter \u00e5 ha fullf\u00f8rt min utdannelse i kommunikasjon ved Universitetet i Bergen, fikk jeg muligheten til \u00e5 jobbe innen ulike medier, der jeg har s\u00f8kt \u00e5 belyse viktige samfunnssp\u00f8rsm\u00e5l. I dag, som redakt\u00f8r for Nordnesrepublikken, pr\u00f8ver jeg \u00e5 forene min kj\u00e6rlighet for journalistikk med min lidenskap for innovasjon og eventyr.\",\"sameAs\":[\"https:\/\/nordnesrepublikken.no\/\"]}]}<\/script>\n<!-- \/ Yoast SEO plugin. -->","yoast_head_json":{"title":"Vittorio Emanuele II av Savoy, historien til den f\u00f8rste kongen av Italia og \"hjemlandets far\" - Nordnesrepublikken","robots":{"index":"index","follow":"follow","max-snippet":"max-snippet:-1","max-image-preview":"max-image-preview:large","max-video-preview":"max-video-preview:-1"},"canonical":"https:\/\/nordnesrepublikken.no\/index.php\/2025\/04\/25\/vittorio-emanuele-ii-av-savoy-historien-til-den-forste-kongen-av-italia-og-hjemlandets-far\/","og_locale":"nb_NO","og_type":"article","og_title":"Vittorio Emanuele II av Savoy, historien til den f\u00f8rste kongen av Italia og \"hjemlandets far\" - Nordnesrepublikken","og_description":"Vittorio Emanuele IIf\u00f8dt i Torino i 1820 og d\u00f8de i Roma i 1878, var F\u00f8rste","og_url":"https:\/\/nordnesrepublikken.no\/index.php\/2025\/04\/25\/vittorio-emanuele-ii-av-savoy-historien-til-den-forste-kongen-av-italia-og-hjemlandets-far\/","og_site_name":"Nordnesrepublikken","article_published_time":"2025-04-25T15:50:16+00:00","article_modified_time":"2025-04-25T15:50:22+00:00","og_image":[{"width":2560,"height":1708,"url":"https:\/\/nordnesrepublikken.no\/wp-content\/uploads\/2025\/04\/1745596216_Vittorio-Emanuele-II-av-Savoy-historien-til-den-forste-kongen-scaled.jpg","type":"image\/jpeg"}],"author":"Ole Andersen","twitter_card":"summary_large_image","twitter_misc":{"Skrevet av":"Ole Andersen","Ansl. lesetid":"4 minutter"},"schema":{"@context":"https:\/\/schema.org","@graph":[{"@type":"Article","@id":"https:\/\/nordnesrepublikken.no\/index.php\/2025\/04\/25\/vittorio-emanuele-ii-av-savoy-historien-til-den-forste-kongen-av-italia-og-hjemlandets-far\/#article","isPartOf":{"@id":"https:\/\/nordnesrepublikken.no\/index.php\/2025\/04\/25\/vittorio-emanuele-ii-av-savoy-historien-til-den-forste-kongen-av-italia-og-hjemlandets-far\/"},"author":{"name":"Ole Andersen","@id":"https:\/\/nordnesrepublikken.no\/#\/schema\/person\/2e7e81935bab77882fffb79296240ff1"},"headline":"Vittorio Emanuele II av Savoy, historien til den f\u00f8rste kongen av Italia og &laquo;hjemlandets far&raquo;","datePublished":"2025-04-25T15:50:16+00:00","dateModified":"2025-04-25T15:50:22+00:00","mainEntityOfPage":{"@id":"https:\/\/nordnesrepublikken.no\/index.php\/2025\/04\/25\/vittorio-emanuele-ii-av-savoy-historien-til-den-forste-kongen-av-italia-og-hjemlandets-far\/"},"wordCount":885,"publisher":{"@id":"https:\/\/nordnesrepublikken.no\/#organization"},"image":{"@id":"https:\/\/nordnesrepublikken.no\/index.php\/2025\/04\/25\/vittorio-emanuele-ii-av-savoy-historien-til-den-forste-kongen-av-italia-og-hjemlandets-far\/#primaryimage"},"thumbnailUrl":"https:\/\/nordnesrepublikken.no\/wp-content\/uploads\/2025\/04\/1745596216_Vittorio-Emanuele-II-av-Savoy-historien-til-den-forste-kongen-scaled.jpg","keywords":["den","Emanuele","f\u00f8rste","Historien","hjemlandets","Italia","kongen","Savoy","til","Vittorio"],"articleSection":["Samfunn"],"inLanguage":"nb-NO"},{"@type":"WebPage","@id":"https:\/\/nordnesrepublikken.no\/index.php\/2025\/04\/25\/vittorio-emanuele-ii-av-savoy-historien-til-den-forste-kongen-av-italia-og-hjemlandets-far\/","url":"https:\/\/nordnesrepublikken.no\/index.php\/2025\/04\/25\/vittorio-emanuele-ii-av-savoy-historien-til-den-forste-kongen-av-italia-og-hjemlandets-far\/","name":"Vittorio Emanuele II av Savoy, historien til den f\u00f8rste kongen av Italia og \"hjemlandets far\" - Nordnesrepublikken","isPartOf":{"@id":"https:\/\/nordnesrepublikken.no\/#website"},"primaryImageOfPage":{"@id":"https:\/\/nordnesrepublikken.no\/index.php\/2025\/04\/25\/vittorio-emanuele-ii-av-savoy-historien-til-den-forste-kongen-av-italia-og-hjemlandets-far\/#primaryimage"},"image":{"@id":"https:\/\/nordnesrepublikken.no\/index.php\/2025\/04\/25\/vittorio-emanuele-ii-av-savoy-historien-til-den-forste-kongen-av-italia-og-hjemlandets-far\/#primaryimage"},"thumbnailUrl":"https:\/\/nordnesrepublikken.no\/wp-content\/uploads\/2025\/04\/1745596216_Vittorio-Emanuele-II-av-Savoy-historien-til-den-forste-kongen-scaled.jpg","datePublished":"2025-04-25T15:50:16+00:00","dateModified":"2025-04-25T15:50:22+00:00","breadcrumb":{"@id":"https:\/\/nordnesrepublikken.no\/index.php\/2025\/04\/25\/vittorio-emanuele-ii-av-savoy-historien-til-den-forste-kongen-av-italia-og-hjemlandets-far\/#breadcrumb"},"inLanguage":"nb-NO","potentialAction":[{"@type":"ReadAction","target":["https:\/\/nordnesrepublikken.no\/index.php\/2025\/04\/25\/vittorio-emanuele-ii-av-savoy-historien-til-den-forste-kongen-av-italia-og-hjemlandets-far\/"]}]},{"@type":"ImageObject","inLanguage":"nb-NO","@id":"https:\/\/nordnesrepublikken.no\/index.php\/2025\/04\/25\/vittorio-emanuele-ii-av-savoy-historien-til-den-forste-kongen-av-italia-og-hjemlandets-far\/#primaryimage","url":"https:\/\/nordnesrepublikken.no\/wp-content\/uploads\/2025\/04\/1745596216_Vittorio-Emanuele-II-av-Savoy-historien-til-den-forste-kongen-scaled.jpg","contentUrl":"https:\/\/nordnesrepublikken.no\/wp-content\/uploads\/2025\/04\/1745596216_Vittorio-Emanuele-II-av-Savoy-historien-til-den-forste-kongen-scaled.jpg","width":2560,"height":1708,"caption":"vittorio emanuele ii"},{"@type":"BreadcrumbList","@id":"https:\/\/nordnesrepublikken.no\/index.php\/2025\/04\/25\/vittorio-emanuele-ii-av-savoy-historien-til-den-forste-kongen-av-italia-og-hjemlandets-far\/#breadcrumb","itemListElement":[{"@type":"ListItem","position":1,"name":"Home","item":"https:\/\/nordnesrepublikken.no\/"},{"@type":"ListItem","position":2,"name":"Vittorio Emanuele II av Savoy, historien til den f\u00f8rste kongen av Italia og &laquo;hjemlandets far&raquo;"}]},{"@type":"WebSite","@id":"https:\/\/nordnesrepublikken.no\/#website","url":"https:\/\/nordnesrepublikken.no\/","name":"Nordnesrepublikken","description":"Stemmer og Visjoner fra Republikkens Hjerte","publisher":{"@id":"https:\/\/nordnesrepublikken.no\/#organization"},"potentialAction":[{"@type":"SearchAction","target":{"@type":"EntryPoint","urlTemplate":"https:\/\/nordnesrepublikken.no\/?s={search_term_string}"},"query-input":{"@type":"PropertyValueSpecification","valueRequired":true,"valueName":"search_term_string"}}],"inLanguage":"nb-NO"},{"@type":"Organization","@id":"https:\/\/nordnesrepublikken.no\/#organization","name":"Nordnesrepublikken","url":"https:\/\/nordnesrepublikken.no\/","logo":{"@type":"ImageObject","inLanguage":"nb-NO","@id":"https:\/\/nordnesrepublikken.no\/#\/schema\/logo\/image\/","url":"https:\/\/nordnesrepublikken.no\/wp-content\/uploads\/2025\/02\/cropped-nordnesrepublikken-2.png","contentUrl":"https:\/\/nordnesrepublikken.no\/wp-content\/uploads\/2025\/02\/cropped-nordnesrepublikken-2.png","width":1248,"height":362,"caption":"Nordnesrepublikken"},"image":{"@id":"https:\/\/nordnesrepublikken.no\/#\/schema\/logo\/image\/"}},{"@type":"Person","@id":"https:\/\/nordnesrepublikken.no\/#\/schema\/person\/2e7e81935bab77882fffb79296240ff1","name":"Ole Andersen","image":{"@type":"ImageObject","inLanguage":"nb-NO","@id":"https:\/\/nordnesrepublikken.no\/#\/schema\/person\/image\/","url":"https:\/\/nordnesrepublikken.no\/wp-content\/uploads\/2025\/02\/nordnesrepublikken-2-2-150x150.jpg","contentUrl":"https:\/\/nordnesrepublikken.no\/wp-content\/uploads\/2025\/02\/nordnesrepublikken-2-2-150x150.jpg","caption":"Ole Andersen"},"description":"Ettersom jeg vokste opp i Oslo, har jeg alltid v\u00e6rt fascinert av ordenes kraft og deres evne til \u00e5 skape endringer. Etter \u00e5 ha fullf\u00f8rt min utdannelse i kommunikasjon ved Universitetet i Bergen, fikk jeg muligheten til \u00e5 jobbe innen ulike medier, der jeg har s\u00f8kt \u00e5 belyse viktige samfunnssp\u00f8rsm\u00e5l. I dag, som redakt\u00f8r for Nordnesrepublikken, pr\u00f8ver jeg \u00e5 forene min kj\u00e6rlighet for journalistikk med min lidenskap for innovasjon og eventyr.","sameAs":["https:\/\/nordnesrepublikken.no\/"]}]}},"_links":{"self":[{"href":"https:\/\/nordnesrepublikken.no\/index.php\/wp-json\/wp\/v2\/posts\/3807","targetHints":{"allow":["GET"]}}],"collection":[{"href":"https:\/\/nordnesrepublikken.no\/index.php\/wp-json\/wp\/v2\/posts"}],"about":[{"href":"https:\/\/nordnesrepublikken.no\/index.php\/wp-json\/wp\/v2\/types\/post"}],"author":[{"embeddable":true,"href":"https:\/\/nordnesrepublikken.no\/index.php\/wp-json\/wp\/v2\/users\/1"}],"replies":[{"embeddable":true,"href":"https:\/\/nordnesrepublikken.no\/index.php\/wp-json\/wp\/v2\/comments?post=3807"}],"version-history":[{"count":1,"href":"https:\/\/nordnesrepublikken.no\/index.php\/wp-json\/wp\/v2\/posts\/3807\/revisions"}],"predecessor-version":[{"id":3809,"href":"https:\/\/nordnesrepublikken.no\/index.php\/wp-json\/wp\/v2\/posts\/3807\/revisions\/3809"}],"wp:featuredmedia":[{"embeddable":true,"href":"https:\/\/nordnesrepublikken.no\/index.php\/wp-json\/wp\/v2\/media\/3808"}],"wp:attachment":[{"href":"https:\/\/nordnesrepublikken.no\/index.php\/wp-json\/wp\/v2\/media?parent=3807"}],"wp:term":[{"taxonomy":"category","embeddable":true,"href":"https:\/\/nordnesrepublikken.no\/index.php\/wp-json\/wp\/v2\/categories?post=3807"},{"taxonomy":"post_tag","embeddable":true,"href":"https:\/\/nordnesrepublikken.no\/index.php\/wp-json\/wp\/v2\/tags?post=3807"}],"curies":[{"name":"wp","href":"https:\/\/api.w.org\/{rel}","templated":true}]}}