{"id":3788,"date":"2025-04-27T08:00:00","date_gmt":"2025-04-27T06:00:00","guid":{"rendered":"https:\/\/nordnesrepublikken.no\/?p=3788"},"modified":"2025-04-25T08:42:55","modified_gmt":"2025-04-25T06:42:55","slug":"denne-gronnsaken-kan-skjule-en-uventet-fare-bor-du-vaere-bekymret","status":"publish","type":"post","link":"https:\/\/nordnesrepublikken.no\/index.php\/2025\/04\/27\/denne-gronnsaken-kan-skjule-en-uventet-fare-bor-du-vaere-bekymret\/","title":{"rendered":"Denne gr\u00f8nnsaken kan skjule en uventet fare \u2013 b\u00f8r du v\u00e6re bekymret?"},"content":{"rendered":"\n<p><strong><em>I en video delt p\u00e5 Instagram advarer Dr. Jimmy Mohamed for potensielle <\/em><\/strong><strong><em>farer<\/em><\/strong><strong><em> knyttet til en popul\u00e6r gr\u00f8nnsak. Men b\u00f8r vi virkelig v\u00e6re bekymret for dette? Her er hva en ern\u00e6ringsfysiolog har \u00e5 si om saken.<\/em><\/strong><\/p>\n\n\n\n<!--more-->\n\n\n\n<h2 class=\"wp-block-heading\"><strong>Er Panais en Fare for Helsen?<\/strong><\/h2>\n\n\n\n<p>Panais, en rotgr\u00f8nnsak fra Apiaceae-familien, har nylig blitt gjenstand for diskusjon p\u00e5 nettet. Dr. Jimmy Mohamed tok opp emnet i en video der han advarte om risikoen ved \u00e5 gi denne gr\u00f8nnsaken til barn, spesielt de som lider av <strong>eksem<\/strong>. Han understreker at det kan v\u00e6re &laquo;super farlig&raquo; \u00e5 gi panais til barn med eksem, ettersom det kan f\u00f8re til alvorlige hudreaksjoner.<\/p>\n\n\n\n<h2 class=\"wp-block-heading\"><strong>Hva Sier Ekspertene?<\/strong><\/h2>\n\n\n\n<p>Advarselen har blitt st\u00f8ttet av dermatologen <strong>Pr. Annick Barbaud<\/strong>, som forklarer at panais inneholder en <strong>photosensibiliserende<\/strong> molekyl. Dette betyr at det kan gj\u00f8re huden mer f\u00f8lsom for solens str\u00e5ler. Barbaud p\u00e5peker at <a href=\"https:\/\/nordnesrepublikken.no\/index.php\/2025\/04\/25\/hvor-mange-mennesker-inneholder-og-hva-som-er-inni\/\"><strong>mennesker<\/strong><\/a>, spesielt sm\u00e5 barn, kan v\u00e6re utsatt for alvorlige reaksjoner som kan vise seg som eksem eller store blemmer p\u00e5 utsatte omr\u00e5der som ansikt, hender eller dekollet\u00e9, hvis de eksponeres for solen kort tid etter \u00e5 ha spist denne gr\u00f8nnsaken. Hun anbefaler derfor \u00e5 unng\u00e5 sollys i 24 timer etter \u00e5 ha konsumert panais, spesielt hos sm\u00e5 barn.<\/p>\n\n\n\n<h2 class=\"wp-block-heading\"><strong>Er Denne Advarselen Berettiget?<\/strong><\/h2>\n\n\n\n<p>If\u00f8lge <strong>Alexandra Murcier<\/strong>, en ern\u00e6ringsfysiolog, er risikoen for reaksjoner langt mindre alvorlig enn det kan virke. Hun p\u00e5peker at <strong>panais<\/strong> er en vintergr\u00f8nnsak, og det er derfor lite sannsynlig at noen vil dra p\u00e5 stranden etter \u00e5 ha spist den. Hun mener ogs\u00e5 at videoens overskrift kan v\u00e6re litt dramatisk, og gir inntrykk av at gr\u00f8nnsaker generelt kan v\u00e6re farlige. Murcier understreker at det heller burde oppmuntres til \u00e5 spise flere gr\u00f8nnsaker, spesielt for barn.<\/p>\n\n\n\n<p>Hun p\u00e5peker videre at selv om panais har en viss <strong>photosensibiliserende<\/strong> effekt, er risikoen for allergiske reaksjoner ganske lav, og at denne rotgr\u00f8nnsaken er full av <strong>helsefordeler<\/strong>.<\/p>\n\n\n\n<h2 class=\"wp-block-heading\"><strong>De Mange Fordelene med Panais<\/strong><\/h2>\n\n\n\n<p>Panais er faktisk en gr\u00f8nnsak som kan v\u00e6re sv\u00e6rt gunstig for helsen. Den er rik p\u00e5 <strong>fiber<\/strong>, noe som bidrar til \u00e5 regulere ford\u00f8yelsen, fremme metthetsf\u00f8lelse og redusere glykemisk indeks i m\u00e5ltidene. Fibrene bidrar ogs\u00e5 til \u00e5 redusere opptaket av <strong>kolesterol<\/strong> i kosten. Panais er i tillegg en god kilde til <strong>magnesium<\/strong>, som hjelper kroppen \u00e5 h\u00e5ndtere stress, og <strong>kalium<\/strong>, som er viktig for \u00e5 bekjempe h\u00f8yt blodtrykk. Den inneholder ogs\u00e5 <strong>vitaminer fra B-gruppen<\/strong>, som er essensielle for energiomsetningen i kroppen.<\/p>\n\n\n\n<p>Alt i alt er panais en n\u00e6ringsrik rotgr\u00f8nnsak med mange helsemessige fordeler, og det er flere grunner til \u00e5 inkludere den i kostholdet f\u00f8r sesongen er over.<\/p>\n\n\n\n<p>S\u00e5, b\u00f8r du v\u00e6re bekymret for \u00e5 spise panais? Ikke n\u00f8dvendigvis. Som med alt, er det viktig \u00e5 bruke sunn fornuft, men i de aller fleste tilfeller er det et trygt og n\u00e6ringsrikt valg.<\/p>\n","protected":false},"excerpt":{"rendered":"<p>I en video delt p\u00e5 Instagram advarer Dr. Jimmy Mohamed for potensielle farer knyttet til<\/p>\n","protected":false},"author":3,"featured_media":3789,"comment_status":"closed","ping_status":"open","sticky":false,"template":"","format":"standard","meta":{"footnotes":""},"categories":[1287],"tags":[],"class_list":["post-3788","post","type-post","status-publish","format-standard","has-post-thumbnail","hentry","category-nyheter","generate-columns","tablet-grid-50","mobile-grid-100","grid-parent","grid-33","resize-featured-image"],"yoast_head":"<!-- This site is optimized with the Yoast SEO plugin v24.4 - https:\/\/yoast.com\/wordpress\/plugins\/seo\/ -->\n<title>Denne gr\u00f8nnsaken kan skjule en uventet fare \u2013 b\u00f8r du v\u00e6re bekymret? - Nordnesrepublikken<\/title>\n<meta name=\"robots\" content=\"index, follow, max-snippet:-1, max-image-preview:large, max-video-preview:-1\" \/>\n<link rel=\"canonical\" href=\"https:\/\/nordnesrepublikken.no\/index.php\/2025\/04\/27\/denne-gronnsaken-kan-skjule-en-uventet-fare-bor-du-vaere-bekymret\/\" \/>\n<meta property=\"og:locale\" content=\"nb_NO\" \/>\n<meta property=\"og:type\" content=\"article\" \/>\n<meta property=\"og:title\" content=\"Denne gr\u00f8nnsaken kan skjule en uventet fare \u2013 b\u00f8r du v\u00e6re bekymret? - Nordnesrepublikken\" \/>\n<meta property=\"og:description\" content=\"I en video delt p\u00e5 Instagram advarer Dr. Jimmy Mohamed for potensielle farer knyttet til\" \/>\n<meta property=\"og:url\" content=\"https:\/\/nordnesrepublikken.no\/index.php\/2025\/04\/27\/denne-gronnsaken-kan-skjule-en-uventet-fare-bor-du-vaere-bekymret\/\" \/>\n<meta property=\"og:site_name\" content=\"Nordnesrepublikken\" \/>\n<meta property=\"article:published_time\" content=\"2025-04-27T06:00:00+00:00\" \/>\n<meta property=\"og:image\" content=\"https:\/\/nordnesrepublikken.no\/wp-content\/uploads\/2025\/04\/11.jpg\" \/>\n\t<meta property=\"og:image:width\" content=\"1200\" \/>\n\t<meta property=\"og:image:height\" content=\"800\" \/>\n\t<meta property=\"og:image:type\" content=\"image\/jpeg\" \/>\n<meta name=\"author\" content=\"Veronika Andersen\" \/>\n<meta name=\"twitter:card\" content=\"summary_large_image\" \/>\n<meta name=\"twitter:label1\" content=\"Skrevet av\" \/>\n\t<meta name=\"twitter:data1\" content=\"Veronika Andersen\" \/>\n\t<meta name=\"twitter:label2\" content=\"Ansl. lesetid\" \/>\n\t<meta name=\"twitter:data2\" content=\"3 minutter\" \/>\n<script type=\"application\/ld+json\" class=\"yoast-schema-graph\">{\"@context\":\"https:\/\/schema.org\",\"@graph\":[{\"@type\":\"Article\",\"@id\":\"https:\/\/nordnesrepublikken.no\/index.php\/2025\/04\/27\/denne-gronnsaken-kan-skjule-en-uventet-fare-bor-du-vaere-bekymret\/#article\",\"isPartOf\":{\"@id\":\"https:\/\/nordnesrepublikken.no\/index.php\/2025\/04\/27\/denne-gronnsaken-kan-skjule-en-uventet-fare-bor-du-vaere-bekymret\/\"},\"author\":{\"name\":\"Veronika Andersen\",\"@id\":\"https:\/\/nordnesrepublikken.no\/#\/schema\/person\/abc03aa5515ba36093b3017e37d518c8\"},\"headline\":\"Denne gr\u00f8nnsaken kan skjule en uventet fare \u2013 b\u00f8r du v\u00e6re bekymret?\",\"datePublished\":\"2025-04-27T06:00:00+00:00\",\"mainEntityOfPage\":{\"@id\":\"https:\/\/nordnesrepublikken.no\/index.php\/2025\/04\/27\/denne-gronnsaken-kan-skjule-en-uventet-fare-bor-du-vaere-bekymret\/\"},\"wordCount\":490,\"publisher\":{\"@id\":\"https:\/\/nordnesrepublikken.no\/#organization\"},\"image\":{\"@id\":\"https:\/\/nordnesrepublikken.no\/index.php\/2025\/04\/27\/denne-gronnsaken-kan-skjule-en-uventet-fare-bor-du-vaere-bekymret\/#primaryimage\"},\"thumbnailUrl\":\"https:\/\/nordnesrepublikken.no\/wp-content\/uploads\/2025\/04\/11.jpg\",\"articleSection\":[\"Nyheter\"],\"inLanguage\":\"nb-NO\"},{\"@type\":\"WebPage\",\"@id\":\"https:\/\/nordnesrepublikken.no\/index.php\/2025\/04\/27\/denne-gronnsaken-kan-skjule-en-uventet-fare-bor-du-vaere-bekymret\/\",\"url\":\"https:\/\/nordnesrepublikken.no\/index.php\/2025\/04\/27\/denne-gronnsaken-kan-skjule-en-uventet-fare-bor-du-vaere-bekymret\/\",\"name\":\"Denne gr\u00f8nnsaken kan skjule en uventet fare \u2013 b\u00f8r du v\u00e6re bekymret? - Nordnesrepublikken\",\"isPartOf\":{\"@id\":\"https:\/\/nordnesrepublikken.no\/#website\"},\"primaryImageOfPage\":{\"@id\":\"https:\/\/nordnesrepublikken.no\/index.php\/2025\/04\/27\/denne-gronnsaken-kan-skjule-en-uventet-fare-bor-du-vaere-bekymret\/#primaryimage\"},\"image\":{\"@id\":\"https:\/\/nordnesrepublikken.no\/index.php\/2025\/04\/27\/denne-gronnsaken-kan-skjule-en-uventet-fare-bor-du-vaere-bekymret\/#primaryimage\"},\"thumbnailUrl\":\"https:\/\/nordnesrepublikken.no\/wp-content\/uploads\/2025\/04\/11.jpg\",\"datePublished\":\"2025-04-27T06:00:00+00:00\",\"breadcrumb\":{\"@id\":\"https:\/\/nordnesrepublikken.no\/index.php\/2025\/04\/27\/denne-gronnsaken-kan-skjule-en-uventet-fare-bor-du-vaere-bekymret\/#breadcrumb\"},\"inLanguage\":\"nb-NO\",\"potentialAction\":[{\"@type\":\"ReadAction\",\"target\":[\"https:\/\/nordnesrepublikken.no\/index.php\/2025\/04\/27\/denne-gronnsaken-kan-skjule-en-uventet-fare-bor-du-vaere-bekymret\/\"]}]},{\"@type\":\"ImageObject\",\"inLanguage\":\"nb-NO\",\"@id\":\"https:\/\/nordnesrepublikken.no\/index.php\/2025\/04\/27\/denne-gronnsaken-kan-skjule-en-uventet-fare-bor-du-vaere-bekymret\/#primaryimage\",\"url\":\"https:\/\/nordnesrepublikken.no\/wp-content\/uploads\/2025\/04\/11.jpg\",\"contentUrl\":\"https:\/\/nordnesrepublikken.no\/wp-content\/uploads\/2025\/04\/11.jpg\",\"width\":1200,\"height\":800,\"caption\":\"Denne gr\u00f8nnsaken kan skjule en uventet fare \u2013 b\u00f8r du v\u00e6re bekymret?\"},{\"@type\":\"BreadcrumbList\",\"@id\":\"https:\/\/nordnesrepublikken.no\/index.php\/2025\/04\/27\/denne-gronnsaken-kan-skjule-en-uventet-fare-bor-du-vaere-bekymret\/#breadcrumb\",\"itemListElement\":[{\"@type\":\"ListItem\",\"position\":1,\"name\":\"Home\",\"item\":\"https:\/\/nordnesrepublikken.no\/\"},{\"@type\":\"ListItem\",\"position\":2,\"name\":\"Denne gr\u00f8nnsaken kan skjule en uventet fare \u2013 b\u00f8r du v\u00e6re bekymret?\"}]},{\"@type\":\"WebSite\",\"@id\":\"https:\/\/nordnesrepublikken.no\/#website\",\"url\":\"https:\/\/nordnesrepublikken.no\/\",\"name\":\"Nordnesrepublikken\",\"description\":\"Stemmer og Visjoner fra Republikkens Hjerte\",\"publisher\":{\"@id\":\"https:\/\/nordnesrepublikken.no\/#organization\"},\"potentialAction\":[{\"@type\":\"SearchAction\",\"target\":{\"@type\":\"EntryPoint\",\"urlTemplate\":\"https:\/\/nordnesrepublikken.no\/?s={search_term_string}\"},\"query-input\":{\"@type\":\"PropertyValueSpecification\",\"valueRequired\":true,\"valueName\":\"search_term_string\"}}],\"inLanguage\":\"nb-NO\"},{\"@type\":\"Organization\",\"@id\":\"https:\/\/nordnesrepublikken.no\/#organization\",\"name\":\"Nordnesrepublikken\",\"url\":\"https:\/\/nordnesrepublikken.no\/\",\"logo\":{\"@type\":\"ImageObject\",\"inLanguage\":\"nb-NO\",\"@id\":\"https:\/\/nordnesrepublikken.no\/#\/schema\/logo\/image\/\",\"url\":\"https:\/\/nordnesrepublikken.no\/wp-content\/uploads\/2025\/02\/cropped-nordnesrepublikken-2.png\",\"contentUrl\":\"https:\/\/nordnesrepublikken.no\/wp-content\/uploads\/2025\/02\/cropped-nordnesrepublikken-2.png\",\"width\":1248,\"height\":362,\"caption\":\"Nordnesrepublikken\"},\"image\":{\"@id\":\"https:\/\/nordnesrepublikken.no\/#\/schema\/logo\/image\/\"}},{\"@type\":\"Person\",\"@id\":\"https:\/\/nordnesrepublikken.no\/#\/schema\/person\/abc03aa5515ba36093b3017e37d518c8\",\"name\":\"Veronika Andersen\",\"image\":{\"@type\":\"ImageObject\",\"inLanguage\":\"nb-NO\",\"@id\":\"https:\/\/nordnesrepublikken.no\/#\/schema\/person\/image\/\",\"url\":\"https:\/\/secure.gravatar.com\/avatar\/d1f3c7e776e49a5853ff59ce440b9546c800cd0512bce7cc678bde63dec47a39?s=96&d=mm&r=g\",\"contentUrl\":\"https:\/\/secure.gravatar.com\/avatar\/d1f3c7e776e49a5853ff59ce440b9546c800cd0512bce7cc678bde63dec47a39?s=96&d=mm&r=g\",\"caption\":\"Veronika Andersen\"},\"sameAs\":[\"https:\/\/nordnesrepublikken.no\/\"]}]}<\/script>\n<!-- \/ Yoast SEO plugin. -->","yoast_head_json":{"title":"Denne gr\u00f8nnsaken kan skjule en uventet fare \u2013 b\u00f8r du v\u00e6re bekymret? - Nordnesrepublikken","robots":{"index":"index","follow":"follow","max-snippet":"max-snippet:-1","max-image-preview":"max-image-preview:large","max-video-preview":"max-video-preview:-1"},"canonical":"https:\/\/nordnesrepublikken.no\/index.php\/2025\/04\/27\/denne-gronnsaken-kan-skjule-en-uventet-fare-bor-du-vaere-bekymret\/","og_locale":"nb_NO","og_type":"article","og_title":"Denne gr\u00f8nnsaken kan skjule en uventet fare \u2013 b\u00f8r du v\u00e6re bekymret? - Nordnesrepublikken","og_description":"I en video delt p\u00e5 Instagram advarer Dr. Jimmy Mohamed for potensielle farer knyttet til","og_url":"https:\/\/nordnesrepublikken.no\/index.php\/2025\/04\/27\/denne-gronnsaken-kan-skjule-en-uventet-fare-bor-du-vaere-bekymret\/","og_site_name":"Nordnesrepublikken","article_published_time":"2025-04-27T06:00:00+00:00","og_image":[{"width":1200,"height":800,"url":"https:\/\/nordnesrepublikken.no\/wp-content\/uploads\/2025\/04\/11.jpg","type":"image\/jpeg"}],"author":"Veronika Andersen","twitter_card":"summary_large_image","twitter_misc":{"Skrevet av":"Veronika Andersen","Ansl. lesetid":"3 minutter"},"schema":{"@context":"https:\/\/schema.org","@graph":[{"@type":"Article","@id":"https:\/\/nordnesrepublikken.no\/index.php\/2025\/04\/27\/denne-gronnsaken-kan-skjule-en-uventet-fare-bor-du-vaere-bekymret\/#article","isPartOf":{"@id":"https:\/\/nordnesrepublikken.no\/index.php\/2025\/04\/27\/denne-gronnsaken-kan-skjule-en-uventet-fare-bor-du-vaere-bekymret\/"},"author":{"name":"Veronika Andersen","@id":"https:\/\/nordnesrepublikken.no\/#\/schema\/person\/abc03aa5515ba36093b3017e37d518c8"},"headline":"Denne gr\u00f8nnsaken kan skjule en uventet fare \u2013 b\u00f8r du v\u00e6re bekymret?","datePublished":"2025-04-27T06:00:00+00:00","mainEntityOfPage":{"@id":"https:\/\/nordnesrepublikken.no\/index.php\/2025\/04\/27\/denne-gronnsaken-kan-skjule-en-uventet-fare-bor-du-vaere-bekymret\/"},"wordCount":490,"publisher":{"@id":"https:\/\/nordnesrepublikken.no\/#organization"},"image":{"@id":"https:\/\/nordnesrepublikken.no\/index.php\/2025\/04\/27\/denne-gronnsaken-kan-skjule-en-uventet-fare-bor-du-vaere-bekymret\/#primaryimage"},"thumbnailUrl":"https:\/\/nordnesrepublikken.no\/wp-content\/uploads\/2025\/04\/11.jpg","articleSection":["Nyheter"],"inLanguage":"nb-NO"},{"@type":"WebPage","@id":"https:\/\/nordnesrepublikken.no\/index.php\/2025\/04\/27\/denne-gronnsaken-kan-skjule-en-uventet-fare-bor-du-vaere-bekymret\/","url":"https:\/\/nordnesrepublikken.no\/index.php\/2025\/04\/27\/denne-gronnsaken-kan-skjule-en-uventet-fare-bor-du-vaere-bekymret\/","name":"Denne gr\u00f8nnsaken kan skjule en uventet fare \u2013 b\u00f8r du v\u00e6re bekymret? - Nordnesrepublikken","isPartOf":{"@id":"https:\/\/nordnesrepublikken.no\/#website"},"primaryImageOfPage":{"@id":"https:\/\/nordnesrepublikken.no\/index.php\/2025\/04\/27\/denne-gronnsaken-kan-skjule-en-uventet-fare-bor-du-vaere-bekymret\/#primaryimage"},"image":{"@id":"https:\/\/nordnesrepublikken.no\/index.php\/2025\/04\/27\/denne-gronnsaken-kan-skjule-en-uventet-fare-bor-du-vaere-bekymret\/#primaryimage"},"thumbnailUrl":"https:\/\/nordnesrepublikken.no\/wp-content\/uploads\/2025\/04\/11.jpg","datePublished":"2025-04-27T06:00:00+00:00","breadcrumb":{"@id":"https:\/\/nordnesrepublikken.no\/index.php\/2025\/04\/27\/denne-gronnsaken-kan-skjule-en-uventet-fare-bor-du-vaere-bekymret\/#breadcrumb"},"inLanguage":"nb-NO","potentialAction":[{"@type":"ReadAction","target":["https:\/\/nordnesrepublikken.no\/index.php\/2025\/04\/27\/denne-gronnsaken-kan-skjule-en-uventet-fare-bor-du-vaere-bekymret\/"]}]},{"@type":"ImageObject","inLanguage":"nb-NO","@id":"https:\/\/nordnesrepublikken.no\/index.php\/2025\/04\/27\/denne-gronnsaken-kan-skjule-en-uventet-fare-bor-du-vaere-bekymret\/#primaryimage","url":"https:\/\/nordnesrepublikken.no\/wp-content\/uploads\/2025\/04\/11.jpg","contentUrl":"https:\/\/nordnesrepublikken.no\/wp-content\/uploads\/2025\/04\/11.jpg","width":1200,"height":800,"caption":"Denne gr\u00f8nnsaken kan skjule en uventet fare \u2013 b\u00f8r du v\u00e6re bekymret?"},{"@type":"BreadcrumbList","@id":"https:\/\/nordnesrepublikken.no\/index.php\/2025\/04\/27\/denne-gronnsaken-kan-skjule-en-uventet-fare-bor-du-vaere-bekymret\/#breadcrumb","itemListElement":[{"@type":"ListItem","position":1,"name":"Home","item":"https:\/\/nordnesrepublikken.no\/"},{"@type":"ListItem","position":2,"name":"Denne gr\u00f8nnsaken kan skjule en uventet fare \u2013 b\u00f8r du v\u00e6re bekymret?"}]},{"@type":"WebSite","@id":"https:\/\/nordnesrepublikken.no\/#website","url":"https:\/\/nordnesrepublikken.no\/","name":"Nordnesrepublikken","description":"Stemmer og Visjoner fra Republikkens Hjerte","publisher":{"@id":"https:\/\/nordnesrepublikken.no\/#organization"},"potentialAction":[{"@type":"SearchAction","target":{"@type":"EntryPoint","urlTemplate":"https:\/\/nordnesrepublikken.no\/?s={search_term_string}"},"query-input":{"@type":"PropertyValueSpecification","valueRequired":true,"valueName":"search_term_string"}}],"inLanguage":"nb-NO"},{"@type":"Organization","@id":"https:\/\/nordnesrepublikken.no\/#organization","name":"Nordnesrepublikken","url":"https:\/\/nordnesrepublikken.no\/","logo":{"@type":"ImageObject","inLanguage":"nb-NO","@id":"https:\/\/nordnesrepublikken.no\/#\/schema\/logo\/image\/","url":"https:\/\/nordnesrepublikken.no\/wp-content\/uploads\/2025\/02\/cropped-nordnesrepublikken-2.png","contentUrl":"https:\/\/nordnesrepublikken.no\/wp-content\/uploads\/2025\/02\/cropped-nordnesrepublikken-2.png","width":1248,"height":362,"caption":"Nordnesrepublikken"},"image":{"@id":"https:\/\/nordnesrepublikken.no\/#\/schema\/logo\/image\/"}},{"@type":"Person","@id":"https:\/\/nordnesrepublikken.no\/#\/schema\/person\/abc03aa5515ba36093b3017e37d518c8","name":"Veronika Andersen","image":{"@type":"ImageObject","inLanguage":"nb-NO","@id":"https:\/\/nordnesrepublikken.no\/#\/schema\/person\/image\/","url":"https:\/\/secure.gravatar.com\/avatar\/d1f3c7e776e49a5853ff59ce440b9546c800cd0512bce7cc678bde63dec47a39?s=96&d=mm&r=g","contentUrl":"https:\/\/secure.gravatar.com\/avatar\/d1f3c7e776e49a5853ff59ce440b9546c800cd0512bce7cc678bde63dec47a39?s=96&d=mm&r=g","caption":"Veronika Andersen"},"sameAs":["https:\/\/nordnesrepublikken.no\/"]}]}},"_links":{"self":[{"href":"https:\/\/nordnesrepublikken.no\/index.php\/wp-json\/wp\/v2\/posts\/3788","targetHints":{"allow":["GET"]}}],"collection":[{"href":"https:\/\/nordnesrepublikken.no\/index.php\/wp-json\/wp\/v2\/posts"}],"about":[{"href":"https:\/\/nordnesrepublikken.no\/index.php\/wp-json\/wp\/v2\/types\/post"}],"author":[{"embeddable":true,"href":"https:\/\/nordnesrepublikken.no\/index.php\/wp-json\/wp\/v2\/users\/3"}],"replies":[{"embeddable":true,"href":"https:\/\/nordnesrepublikken.no\/index.php\/wp-json\/wp\/v2\/comments?post=3788"}],"version-history":[{"count":1,"href":"https:\/\/nordnesrepublikken.no\/index.php\/wp-json\/wp\/v2\/posts\/3788\/revisions"}],"predecessor-version":[{"id":3790,"href":"https:\/\/nordnesrepublikken.no\/index.php\/wp-json\/wp\/v2\/posts\/3788\/revisions\/3790"}],"wp:featuredmedia":[{"embeddable":true,"href":"https:\/\/nordnesrepublikken.no\/index.php\/wp-json\/wp\/v2\/media\/3789"}],"wp:attachment":[{"href":"https:\/\/nordnesrepublikken.no\/index.php\/wp-json\/wp\/v2\/media?parent=3788"}],"wp:term":[{"taxonomy":"category","embeddable":true,"href":"https:\/\/nordnesrepublikken.no\/index.php\/wp-json\/wp\/v2\/categories?post=3788"},{"taxonomy":"post_tag","embeddable":true,"href":"https:\/\/nordnesrepublikken.no\/index.php\/wp-json\/wp\/v2\/tags?post=3788"}],"curies":[{"name":"wp","href":"https:\/\/api.w.org\/{rel}","templated":true}]}}