{"id":3751,"date":"2025-04-24T13:49:32","date_gmt":"2025-04-24T11:49:32","guid":{"rendered":"https:\/\/nordnesrepublikken.no\/index.php\/2025\/04\/24\/fordi-pavens-vakter-i-vatikanet-er-sveitsiske\/"},"modified":"2025-04-24T13:49:33","modified_gmt":"2025-04-24T11:49:33","slug":"fordi-pavens-vakter-i-vatikanet-er-sveitsiske","status":"publish","type":"post","link":"https:\/\/nordnesrepublikken.no\/index.php\/2025\/04\/24\/fordi-pavens-vakter-i-vatikanet-er-sveitsiske\/","title":{"rendered":"Fordi pavens vakter i Vatikanet er sveitsiske"},"content":{"rendered":"<div>\n<div class=\"cp_wrapper cp_wrapper--fw mb-30 mb-20@tablet\">\n<figure class=\"mm\"><picture class=\"img\" style=\"padding-top:56.25%\"><source  media=\"(min-width: 1024px)\"><source  media=\"(min-width: 768px)\"><\/source><\/source><\/picture><\/figure>\n<\/p><\/div>\n<p>Der <strong>Pontifical Swiss Guard<\/strong>den v\u00e6pnede styrken som beskytter paven og hans bolig i Vatikanets by, har utsatt den tradisjonelle ed -seremonien som forventes \u00e5 h\u00f8sten til h\u00f8sten <strong>6. mai 2025<\/strong> som et tegn p\u00e5 sorg for pave Francis d\u00f8d. Seremonien avholdes hvert \u00e5r 6. mai i anledning jubileet for Sacco di Roma del <strong>1527<\/strong> (der 189 sveitsiske vakter trakk pave Clement VII mot Army of Charles V) og finner sted i n\u00e6rv\u00e6r av den hellige far, men det er mulig 6. mai, det vil ikke v\u00e6re noen ny pave siden i disse dager den konklaven som kardinal Vlectors vil etablere hvem som vil v\u00e6re etterf\u00f8lgeren av Bergoglio vil v\u00e6re.<\/p>\n<p>Men hvorfor<strong> Pavens vakter er sveitsiske<\/strong>? Pakten mellom Vatikanet og kroppen fremdeles eldste operativ i verden &#8211; grunnlagt i 1506 &#8211; stammer fra 1512, da <strong>Pave Julius II<\/strong> Han valgte \u00e5 rekruttere liket av sveitsiske leiesoldater for sin beskyttelse, p\u00e5 tidspunktet for alliert av Vatikanet og allerede p\u00e5 det tidspunktet som er kjent for deres forberedelse, deres verdi og deres lojalitet. Ved den anledningen tildelte Julius II tittelen til <strong>Forsvarere av kirkens frihet<\/strong>. Kroppen sluttet derfor \u00e5 v\u00e6re sammensatt av leiesoldater og begynte \u00e5 tjene paven permanent, et b\u00e5nd som fremdeles gjenst\u00e5r i dag.<\/p>\n<p>Kanskje ikke alle vet det <strong>Sveitsiske vakter er virkelig sveitsiske<\/strong>: De m\u00e5 v\u00e6re ved regulering. Forholdene som er n\u00f8dvendige for \u00e5 rekrutteres i det forsterkede legemet, gir at en pontifisk vakt m\u00e5 v\u00e6re en sveitsisk statsborger, mann mellom 18 og 30 \u00e5r og minst 1,74 m h\u00f8y, s\u00f8libat og praktiserende katolikk. Det m\u00e5 ogs\u00e5 glede seg over up\u00e5klagelig helse og et uopprettelig rykte, etter \u00e5 ha frikjent skolen rekruttert i den sveitsiske h\u00e6ren og en passende l\u00e6retid er fullf\u00f8rt.<\/p>\n<\/p><\/div>\n","protected":false},"excerpt":{"rendered":"<p>Der Pontifical Swiss Guardden v\u00e6pnede styrken som beskytter paven og hans bolig i Vatikanets by,<\/p>\n","protected":false},"author":1,"featured_media":3752,"comment_status":"closed","ping_status":"open","sticky":false,"template":"","format":"standard","meta":{"footnotes":""},"categories":[104],"tags":[83,1615,1617,1616,1545],"class_list":["post-3751","post","type-post","status-publish","format-standard","has-post-thumbnail","hentry","category-samfunn","tag-fordi","tag-pavens","tag-sveitsiske","tag-vakter","tag-vatikanet","generate-columns","tablet-grid-50","mobile-grid-100","grid-parent","grid-33","resize-featured-image"],"yoast_head":"<!-- This site is optimized with the Yoast SEO plugin v24.4 - https:\/\/yoast.com\/wordpress\/plugins\/seo\/ -->\n<title>Fordi pavens vakter i Vatikanet er sveitsiske - Nordnesrepublikken<\/title>\n<meta name=\"robots\" content=\"index, follow, max-snippet:-1, max-image-preview:large, max-video-preview:-1\" \/>\n<link rel=\"canonical\" href=\"https:\/\/nordnesrepublikken.no\/index.php\/2025\/04\/24\/fordi-pavens-vakter-i-vatikanet-er-sveitsiske\/\" \/>\n<meta property=\"og:locale\" content=\"nb_NO\" \/>\n<meta property=\"og:type\" content=\"article\" \/>\n<meta property=\"og:title\" content=\"Fordi pavens vakter i Vatikanet er sveitsiske - Nordnesrepublikken\" \/>\n<meta property=\"og:description\" content=\"Der Pontifical Swiss Guardden v\u00e6pnede styrken som beskytter paven og hans bolig i Vatikanets by,\" \/>\n<meta property=\"og:url\" content=\"https:\/\/nordnesrepublikken.no\/index.php\/2025\/04\/24\/fordi-pavens-vakter-i-vatikanet-er-sveitsiske\/\" \/>\n<meta property=\"og:site_name\" content=\"Nordnesrepublikken\" \/>\n<meta property=\"article:published_time\" content=\"2025-04-24T11:49:32+00:00\" \/>\n<meta property=\"article:modified_time\" content=\"2025-04-24T11:49:33+00:00\" \/>\n<meta property=\"og:image\" content=\"https:\/\/nordnesrepublikken.no\/wp-content\/uploads\/2025\/04\/1745495372_Fordi-pavens-vakter-i-Vatikanet-er-sveitsiske.jpg\" \/>\n\t<meta property=\"og:image:width\" content=\"1800\" \/>\n\t<meta property=\"og:image:height\" content=\"1200\" \/>\n\t<meta property=\"og:image:type\" content=\"image\/jpeg\" \/>\n<meta name=\"author\" content=\"Ole Andersen\" \/>\n<meta name=\"twitter:card\" content=\"summary_large_image\" \/>\n<meta name=\"twitter:label1\" content=\"Skrevet av\" \/>\n\t<meta name=\"twitter:data1\" content=\"Ole Andersen\" \/>\n\t<meta name=\"twitter:label2\" content=\"Ansl. lesetid\" \/>\n\t<meta name=\"twitter:data2\" content=\"1 minutt\" \/>\n<script type=\"application\/ld+json\" class=\"yoast-schema-graph\">{\"@context\":\"https:\/\/schema.org\",\"@graph\":[{\"@type\":\"Article\",\"@id\":\"https:\/\/nordnesrepublikken.no\/index.php\/2025\/04\/24\/fordi-pavens-vakter-i-vatikanet-er-sveitsiske\/#article\",\"isPartOf\":{\"@id\":\"https:\/\/nordnesrepublikken.no\/index.php\/2025\/04\/24\/fordi-pavens-vakter-i-vatikanet-er-sveitsiske\/\"},\"author\":{\"name\":\"Ole Andersen\",\"@id\":\"https:\/\/nordnesrepublikken.no\/#\/schema\/person\/2e7e81935bab77882fffb79296240ff1\"},\"headline\":\"Fordi pavens vakter i Vatikanet er sveitsiske\",\"datePublished\":\"2025-04-24T11:49:32+00:00\",\"dateModified\":\"2025-04-24T11:49:33+00:00\",\"mainEntityOfPage\":{\"@id\":\"https:\/\/nordnesrepublikken.no\/index.php\/2025\/04\/24\/fordi-pavens-vakter-i-vatikanet-er-sveitsiske\/\"},\"wordCount\":294,\"publisher\":{\"@id\":\"https:\/\/nordnesrepublikken.no\/#organization\"},\"image\":{\"@id\":\"https:\/\/nordnesrepublikken.no\/index.php\/2025\/04\/24\/fordi-pavens-vakter-i-vatikanet-er-sveitsiske\/#primaryimage\"},\"thumbnailUrl\":\"https:\/\/nordnesrepublikken.no\/wp-content\/uploads\/2025\/04\/1745495372_Fordi-pavens-vakter-i-Vatikanet-er-sveitsiske.jpg\",\"keywords\":[\"Fordi\",\"pavens\",\"sveitsiske\",\"vakter\",\"Vatikanet\"],\"articleSection\":[\"Samfunn\"],\"inLanguage\":\"nb-NO\"},{\"@type\":\"WebPage\",\"@id\":\"https:\/\/nordnesrepublikken.no\/index.php\/2025\/04\/24\/fordi-pavens-vakter-i-vatikanet-er-sveitsiske\/\",\"url\":\"https:\/\/nordnesrepublikken.no\/index.php\/2025\/04\/24\/fordi-pavens-vakter-i-vatikanet-er-sveitsiske\/\",\"name\":\"Fordi pavens vakter i Vatikanet er sveitsiske - Nordnesrepublikken\",\"isPartOf\":{\"@id\":\"https:\/\/nordnesrepublikken.no\/#website\"},\"primaryImageOfPage\":{\"@id\":\"https:\/\/nordnesrepublikken.no\/index.php\/2025\/04\/24\/fordi-pavens-vakter-i-vatikanet-er-sveitsiske\/#primaryimage\"},\"image\":{\"@id\":\"https:\/\/nordnesrepublikken.no\/index.php\/2025\/04\/24\/fordi-pavens-vakter-i-vatikanet-er-sveitsiske\/#primaryimage\"},\"thumbnailUrl\":\"https:\/\/nordnesrepublikken.no\/wp-content\/uploads\/2025\/04\/1745495372_Fordi-pavens-vakter-i-Vatikanet-er-sveitsiske.jpg\",\"datePublished\":\"2025-04-24T11:49:32+00:00\",\"dateModified\":\"2025-04-24T11:49:33+00:00\",\"breadcrumb\":{\"@id\":\"https:\/\/nordnesrepublikken.no\/index.php\/2025\/04\/24\/fordi-pavens-vakter-i-vatikanet-er-sveitsiske\/#breadcrumb\"},\"inLanguage\":\"nb-NO\",\"potentialAction\":[{\"@type\":\"ReadAction\",\"target\":[\"https:\/\/nordnesrepublikken.no\/index.php\/2025\/04\/24\/fordi-pavens-vakter-i-vatikanet-er-sveitsiske\/\"]}]},{\"@type\":\"ImageObject\",\"inLanguage\":\"nb-NO\",\"@id\":\"https:\/\/nordnesrepublikken.no\/index.php\/2025\/04\/24\/fordi-pavens-vakter-i-vatikanet-er-sveitsiske\/#primaryimage\",\"url\":\"https:\/\/nordnesrepublikken.no\/wp-content\/uploads\/2025\/04\/1745495372_Fordi-pavens-vakter-i-Vatikanet-er-sveitsiske.jpg\",\"contentUrl\":\"https:\/\/nordnesrepublikken.no\/wp-content\/uploads\/2025\/04\/1745495372_Fordi-pavens-vakter-i-Vatikanet-er-sveitsiske.jpg\",\"width\":1800,\"height\":1200,\"caption\":\"guardie svizzere vaticano\"},{\"@type\":\"BreadcrumbList\",\"@id\":\"https:\/\/nordnesrepublikken.no\/index.php\/2025\/04\/24\/fordi-pavens-vakter-i-vatikanet-er-sveitsiske\/#breadcrumb\",\"itemListElement\":[{\"@type\":\"ListItem\",\"position\":1,\"name\":\"Home\",\"item\":\"https:\/\/nordnesrepublikken.no\/\"},{\"@type\":\"ListItem\",\"position\":2,\"name\":\"Fordi pavens vakter i Vatikanet er sveitsiske\"}]},{\"@type\":\"WebSite\",\"@id\":\"https:\/\/nordnesrepublikken.no\/#website\",\"url\":\"https:\/\/nordnesrepublikken.no\/\",\"name\":\"Nordnesrepublikken\",\"description\":\"Stemmer og Visjoner fra Republikkens Hjerte\",\"publisher\":{\"@id\":\"https:\/\/nordnesrepublikken.no\/#organization\"},\"potentialAction\":[{\"@type\":\"SearchAction\",\"target\":{\"@type\":\"EntryPoint\",\"urlTemplate\":\"https:\/\/nordnesrepublikken.no\/?s={search_term_string}\"},\"query-input\":{\"@type\":\"PropertyValueSpecification\",\"valueRequired\":true,\"valueName\":\"search_term_string\"}}],\"inLanguage\":\"nb-NO\"},{\"@type\":\"Organization\",\"@id\":\"https:\/\/nordnesrepublikken.no\/#organization\",\"name\":\"Nordnesrepublikken\",\"url\":\"https:\/\/nordnesrepublikken.no\/\",\"logo\":{\"@type\":\"ImageObject\",\"inLanguage\":\"nb-NO\",\"@id\":\"https:\/\/nordnesrepublikken.no\/#\/schema\/logo\/image\/\",\"url\":\"https:\/\/nordnesrepublikken.no\/wp-content\/uploads\/2025\/02\/cropped-nordnesrepublikken-2.png\",\"contentUrl\":\"https:\/\/nordnesrepublikken.no\/wp-content\/uploads\/2025\/02\/cropped-nordnesrepublikken-2.png\",\"width\":1248,\"height\":362,\"caption\":\"Nordnesrepublikken\"},\"image\":{\"@id\":\"https:\/\/nordnesrepublikken.no\/#\/schema\/logo\/image\/\"}},{\"@type\":\"Person\",\"@id\":\"https:\/\/nordnesrepublikken.no\/#\/schema\/person\/2e7e81935bab77882fffb79296240ff1\",\"name\":\"Ole Andersen\",\"image\":{\"@type\":\"ImageObject\",\"inLanguage\":\"nb-NO\",\"@id\":\"https:\/\/nordnesrepublikken.no\/#\/schema\/person\/image\/\",\"url\":\"https:\/\/nordnesrepublikken.no\/wp-content\/uploads\/2025\/02\/nordnesrepublikken-2-2-150x150.jpg\",\"contentUrl\":\"https:\/\/nordnesrepublikken.no\/wp-content\/uploads\/2025\/02\/nordnesrepublikken-2-2-150x150.jpg\",\"caption\":\"Ole Andersen\"},\"description\":\"Ettersom jeg vokste opp i Oslo, har jeg alltid v\u00e6rt fascinert av ordenes kraft og deres evne til \u00e5 skape endringer. Etter \u00e5 ha fullf\u00f8rt min utdannelse i kommunikasjon ved Universitetet i Bergen, fikk jeg muligheten til \u00e5 jobbe innen ulike medier, der jeg har s\u00f8kt \u00e5 belyse viktige samfunnssp\u00f8rsm\u00e5l. I dag, som redakt\u00f8r for Nordnesrepublikken, pr\u00f8ver jeg \u00e5 forene min kj\u00e6rlighet for journalistikk med min lidenskap for innovasjon og eventyr.\",\"sameAs\":[\"https:\/\/nordnesrepublikken.no\/\"]}]}<\/script>\n<!-- \/ Yoast SEO plugin. -->","yoast_head_json":{"title":"Fordi pavens vakter i Vatikanet er sveitsiske - Nordnesrepublikken","robots":{"index":"index","follow":"follow","max-snippet":"max-snippet:-1","max-image-preview":"max-image-preview:large","max-video-preview":"max-video-preview:-1"},"canonical":"https:\/\/nordnesrepublikken.no\/index.php\/2025\/04\/24\/fordi-pavens-vakter-i-vatikanet-er-sveitsiske\/","og_locale":"nb_NO","og_type":"article","og_title":"Fordi pavens vakter i Vatikanet er sveitsiske - Nordnesrepublikken","og_description":"Der Pontifical Swiss Guardden v\u00e6pnede styrken som beskytter paven og hans bolig i Vatikanets by,","og_url":"https:\/\/nordnesrepublikken.no\/index.php\/2025\/04\/24\/fordi-pavens-vakter-i-vatikanet-er-sveitsiske\/","og_site_name":"Nordnesrepublikken","article_published_time":"2025-04-24T11:49:32+00:00","article_modified_time":"2025-04-24T11:49:33+00:00","og_image":[{"width":1800,"height":1200,"url":"https:\/\/nordnesrepublikken.no\/wp-content\/uploads\/2025\/04\/1745495372_Fordi-pavens-vakter-i-Vatikanet-er-sveitsiske.jpg","type":"image\/jpeg"}],"author":"Ole Andersen","twitter_card":"summary_large_image","twitter_misc":{"Skrevet av":"Ole Andersen","Ansl. lesetid":"1 minutt"},"schema":{"@context":"https:\/\/schema.org","@graph":[{"@type":"Article","@id":"https:\/\/nordnesrepublikken.no\/index.php\/2025\/04\/24\/fordi-pavens-vakter-i-vatikanet-er-sveitsiske\/#article","isPartOf":{"@id":"https:\/\/nordnesrepublikken.no\/index.php\/2025\/04\/24\/fordi-pavens-vakter-i-vatikanet-er-sveitsiske\/"},"author":{"name":"Ole Andersen","@id":"https:\/\/nordnesrepublikken.no\/#\/schema\/person\/2e7e81935bab77882fffb79296240ff1"},"headline":"Fordi pavens vakter i Vatikanet er sveitsiske","datePublished":"2025-04-24T11:49:32+00:00","dateModified":"2025-04-24T11:49:33+00:00","mainEntityOfPage":{"@id":"https:\/\/nordnesrepublikken.no\/index.php\/2025\/04\/24\/fordi-pavens-vakter-i-vatikanet-er-sveitsiske\/"},"wordCount":294,"publisher":{"@id":"https:\/\/nordnesrepublikken.no\/#organization"},"image":{"@id":"https:\/\/nordnesrepublikken.no\/index.php\/2025\/04\/24\/fordi-pavens-vakter-i-vatikanet-er-sveitsiske\/#primaryimage"},"thumbnailUrl":"https:\/\/nordnesrepublikken.no\/wp-content\/uploads\/2025\/04\/1745495372_Fordi-pavens-vakter-i-Vatikanet-er-sveitsiske.jpg","keywords":["Fordi","pavens","sveitsiske","vakter","Vatikanet"],"articleSection":["Samfunn"],"inLanguage":"nb-NO"},{"@type":"WebPage","@id":"https:\/\/nordnesrepublikken.no\/index.php\/2025\/04\/24\/fordi-pavens-vakter-i-vatikanet-er-sveitsiske\/","url":"https:\/\/nordnesrepublikken.no\/index.php\/2025\/04\/24\/fordi-pavens-vakter-i-vatikanet-er-sveitsiske\/","name":"Fordi pavens vakter i Vatikanet er sveitsiske - Nordnesrepublikken","isPartOf":{"@id":"https:\/\/nordnesrepublikken.no\/#website"},"primaryImageOfPage":{"@id":"https:\/\/nordnesrepublikken.no\/index.php\/2025\/04\/24\/fordi-pavens-vakter-i-vatikanet-er-sveitsiske\/#primaryimage"},"image":{"@id":"https:\/\/nordnesrepublikken.no\/index.php\/2025\/04\/24\/fordi-pavens-vakter-i-vatikanet-er-sveitsiske\/#primaryimage"},"thumbnailUrl":"https:\/\/nordnesrepublikken.no\/wp-content\/uploads\/2025\/04\/1745495372_Fordi-pavens-vakter-i-Vatikanet-er-sveitsiske.jpg","datePublished":"2025-04-24T11:49:32+00:00","dateModified":"2025-04-24T11:49:33+00:00","breadcrumb":{"@id":"https:\/\/nordnesrepublikken.no\/index.php\/2025\/04\/24\/fordi-pavens-vakter-i-vatikanet-er-sveitsiske\/#breadcrumb"},"inLanguage":"nb-NO","potentialAction":[{"@type":"ReadAction","target":["https:\/\/nordnesrepublikken.no\/index.php\/2025\/04\/24\/fordi-pavens-vakter-i-vatikanet-er-sveitsiske\/"]}]},{"@type":"ImageObject","inLanguage":"nb-NO","@id":"https:\/\/nordnesrepublikken.no\/index.php\/2025\/04\/24\/fordi-pavens-vakter-i-vatikanet-er-sveitsiske\/#primaryimage","url":"https:\/\/nordnesrepublikken.no\/wp-content\/uploads\/2025\/04\/1745495372_Fordi-pavens-vakter-i-Vatikanet-er-sveitsiske.jpg","contentUrl":"https:\/\/nordnesrepublikken.no\/wp-content\/uploads\/2025\/04\/1745495372_Fordi-pavens-vakter-i-Vatikanet-er-sveitsiske.jpg","width":1800,"height":1200,"caption":"guardie svizzere vaticano"},{"@type":"BreadcrumbList","@id":"https:\/\/nordnesrepublikken.no\/index.php\/2025\/04\/24\/fordi-pavens-vakter-i-vatikanet-er-sveitsiske\/#breadcrumb","itemListElement":[{"@type":"ListItem","position":1,"name":"Home","item":"https:\/\/nordnesrepublikken.no\/"},{"@type":"ListItem","position":2,"name":"Fordi pavens vakter i Vatikanet er sveitsiske"}]},{"@type":"WebSite","@id":"https:\/\/nordnesrepublikken.no\/#website","url":"https:\/\/nordnesrepublikken.no\/","name":"Nordnesrepublikken","description":"Stemmer og Visjoner fra Republikkens Hjerte","publisher":{"@id":"https:\/\/nordnesrepublikken.no\/#organization"},"potentialAction":[{"@type":"SearchAction","target":{"@type":"EntryPoint","urlTemplate":"https:\/\/nordnesrepublikken.no\/?s={search_term_string}"},"query-input":{"@type":"PropertyValueSpecification","valueRequired":true,"valueName":"search_term_string"}}],"inLanguage":"nb-NO"},{"@type":"Organization","@id":"https:\/\/nordnesrepublikken.no\/#organization","name":"Nordnesrepublikken","url":"https:\/\/nordnesrepublikken.no\/","logo":{"@type":"ImageObject","inLanguage":"nb-NO","@id":"https:\/\/nordnesrepublikken.no\/#\/schema\/logo\/image\/","url":"https:\/\/nordnesrepublikken.no\/wp-content\/uploads\/2025\/02\/cropped-nordnesrepublikken-2.png","contentUrl":"https:\/\/nordnesrepublikken.no\/wp-content\/uploads\/2025\/02\/cropped-nordnesrepublikken-2.png","width":1248,"height":362,"caption":"Nordnesrepublikken"},"image":{"@id":"https:\/\/nordnesrepublikken.no\/#\/schema\/logo\/image\/"}},{"@type":"Person","@id":"https:\/\/nordnesrepublikken.no\/#\/schema\/person\/2e7e81935bab77882fffb79296240ff1","name":"Ole Andersen","image":{"@type":"ImageObject","inLanguage":"nb-NO","@id":"https:\/\/nordnesrepublikken.no\/#\/schema\/person\/image\/","url":"https:\/\/nordnesrepublikken.no\/wp-content\/uploads\/2025\/02\/nordnesrepublikken-2-2-150x150.jpg","contentUrl":"https:\/\/nordnesrepublikken.no\/wp-content\/uploads\/2025\/02\/nordnesrepublikken-2-2-150x150.jpg","caption":"Ole Andersen"},"description":"Ettersom jeg vokste opp i Oslo, har jeg alltid v\u00e6rt fascinert av ordenes kraft og deres evne til \u00e5 skape endringer. Etter \u00e5 ha fullf\u00f8rt min utdannelse i kommunikasjon ved Universitetet i Bergen, fikk jeg muligheten til \u00e5 jobbe innen ulike medier, der jeg har s\u00f8kt \u00e5 belyse viktige samfunnssp\u00f8rsm\u00e5l. I dag, som redakt\u00f8r for Nordnesrepublikken, pr\u00f8ver jeg \u00e5 forene min kj\u00e6rlighet for journalistikk med min lidenskap for innovasjon og eventyr.","sameAs":["https:\/\/nordnesrepublikken.no\/"]}]}},"_links":{"self":[{"href":"https:\/\/nordnesrepublikken.no\/index.php\/wp-json\/wp\/v2\/posts\/3751","targetHints":{"allow":["GET"]}}],"collection":[{"href":"https:\/\/nordnesrepublikken.no\/index.php\/wp-json\/wp\/v2\/posts"}],"about":[{"href":"https:\/\/nordnesrepublikken.no\/index.php\/wp-json\/wp\/v2\/types\/post"}],"author":[{"embeddable":true,"href":"https:\/\/nordnesrepublikken.no\/index.php\/wp-json\/wp\/v2\/users\/1"}],"replies":[{"embeddable":true,"href":"https:\/\/nordnesrepublikken.no\/index.php\/wp-json\/wp\/v2\/comments?post=3751"}],"version-history":[{"count":1,"href":"https:\/\/nordnesrepublikken.no\/index.php\/wp-json\/wp\/v2\/posts\/3751\/revisions"}],"predecessor-version":[{"id":3753,"href":"https:\/\/nordnesrepublikken.no\/index.php\/wp-json\/wp\/v2\/posts\/3751\/revisions\/3753"}],"wp:featuredmedia":[{"embeddable":true,"href":"https:\/\/nordnesrepublikken.no\/index.php\/wp-json\/wp\/v2\/media\/3752"}],"wp:attachment":[{"href":"https:\/\/nordnesrepublikken.no\/index.php\/wp-json\/wp\/v2\/media?parent=3751"}],"wp:term":[{"taxonomy":"category","embeddable":true,"href":"https:\/\/nordnesrepublikken.no\/index.php\/wp-json\/wp\/v2\/categories?post=3751"},{"taxonomy":"post_tag","embeddable":true,"href":"https:\/\/nordnesrepublikken.no\/index.php\/wp-json\/wp\/v2\/tags?post=3751"}],"curies":[{"name":"wp","href":"https:\/\/api.w.org\/{rel}","templated":true}]}}