{"id":3747,"date":"2025-04-24T12:49:30","date_gmt":"2025-04-24T10:49:30","guid":{"rendered":"https:\/\/nordnesrepublikken.no\/index.php\/2025\/04\/24\/prinsesse-dianas-favorittferieplass-utvider-flyplassen-sin\/"},"modified":"2025-04-24T12:49:34","modified_gmt":"2025-04-24T10:49:34","slug":"prinsesse-dianas-favorittferieplass-utvider-flyplassen-sin","status":"publish","type":"post","link":"https:\/\/nordnesrepublikken.no\/index.php\/2025\/04\/24\/prinsesse-dianas-favorittferieplass-utvider-flyplassen-sin\/","title":{"rendered":"Prinsesse Dianas favorittferieplass utvider flyplassen sin"},"content":{"rendered":"<p><\/p>\n<div class=\"wordpress-content\">\n                    <!-- Article Start --><\/p>\n<p><strong>Den karibiske \u00f8ya Nevis forbereder seg p\u00e5 et stort reiselivs\u00f8kning med en flyplassutvidelsesplan.<\/strong><\/p>\n<p>Prosjektet, som skal begynne senere i 2025 og avslutte i l\u00f8pet av to \u00e5r, vil tillate direktefly fra Storbritannia, USA og Europa for f\u00f8rste gang, og fjerne det n\u00e5v\u00e6rende behovet for \u00e5 koble seg sammen via nabo\u00f8yene inkludert St Kitts og Puerto Rico.<\/p>\n<h2><strong>Prinsesse Dianas favoritt feriem\u00e5l<\/strong><\/h2>\n<p>Nevis har lenge hatt en spesiell plass i hjertene til britiske reisende, delvis takket v\u00e6re sin kongelige forbindelse. I 1993 ferierte prinsesse Diana ber\u00f8mt p\u00e5 \u00f8ya med Princes William og Harry. Deres opphold p\u00e5 Montpelier Plantation Estate hjalp merkevaren Nevis som en elite, men fredelig karibisk retrett.<\/p>\n<div class=\"sra_unit\"><link rel=\"stylesheet\" id=\"block-sra\" href=\"https:\/\/euroweeklynews.com\/wp-content\/plugins\/snack-related-articles\/dist\/css\/snack-related.min.css?250312-193541\" type=\"text\/css\" media=\"all\">\n<\/div>\n<p>Tim Hoffman, hvis familie en gang eide Montpelier -eiendommen, fortalte <em>Telegrafen<\/em> At turen var organisert i siste \u00f8yeblikk, og mens hotellet ikke var booket ut, var restauranten stengt for publikum for privatliv. &laquo;Nevis var &#8211; og er fremdeles &#8211; utenfor allfarvei,&raquo; sa han, &laquo;s\u00e5 hun kunne ha kommet hit uten \u00e5 bli oversv\u00f8mmet med paparazzi.&raquo;<\/p>\n<p>Premier for Nevis og turisme minister i Nevis Island -administrasjonen, Mark Brantley, fremhevet stolt den kongelige forbindelsen i en fersk uttalelse:<\/p>\n<p>&laquo;Vi er stolte av v\u00e5r rike historie og det faktum at vi var den valgte destinasjonen for prinsesse Diana &#8230; vi ser frem til \u00e5 \u00f8nske flere bes\u00f8kende og fans av den britiske kongefamilien velkommen og lenger unna.&raquo; (Sitert av <em>WINN FM<\/em>)<\/p>\n<h2><strong>Vance W. Amory International Airport <\/strong><\/h2>\n<p>Vance W. Amory International Airport vil snart gjennomg\u00e5 en betydelig oppgradering for \u00e5 oppfylle internasjonale luftfartsstandarder. Planlagte forbedringer inkluderer en lengre rullebane for \u00e5 im\u00f8tekomme st\u00f8rre fly, en modernisert terminal, et oppgradert flytrafikkontrollt\u00e5rn og utvidet flyparkering.<\/p>\n<p>Denne utviklingen f\u00f8lger retningslinjer fra International Civil Aviation Organization (ICAO), Airports Council International (ACI) og IATA.<\/p>\n<p>Premier Brantley understreket prosjektets \u00f8konomiske betydning:<\/p>\n<p>&laquo;Forbedring av flyplassinfrastrukturen v\u00e5r er sentralt i v\u00e5rt m\u00e5l om \u00e5 bli en regional karibisk leder. Dette prosjektet er n\u00f8kkelen til \u00e5 styrke \u00f8konomien v\u00e5r, tiltrekke utenlandske investeringer og bygge spenst.&raquo;<\/p>\n<h2><strong>Nevis Island turisme<\/strong><\/h2>\n<p>For \u00f8yeblikket flyr de fleste bes\u00f8kende til St Kitts og tar en ferge til Nevis. Men med den utvidede flyplassen forventes Nevis \u00e5 tiltrekke seg flere direkte internasjonale flyvninger, private jetfly, kommersielle transport\u00f8rer og cruise reisende som velger \u00e5 fly inn f\u00f8r eller etter seilaser.<\/p>\n<p>Nevis kan ogs\u00e5 skryte av historisk betydning utover kongelige &#8211; det er f\u00f8destedet til den amerikanske grunnleggende faren Alexander Hamilton. Med nye tilgangsruter kunne disse kulturelle perlene endelig n\u00e5 et bredere globalt publikum.<\/p>\n<p>Turisme i Nevis kan snart utvikle seg fra en eksklusiv retrett til en godt tilkoblet karibisk destinasjon bare en direkte flytur unna.<\/p>\n<p>Se alle reisenyheter.<\/p>\n<p>                    <!-- Article End --><\/p><\/div>\n","protected":false},"excerpt":{"rendered":"<p>Den karibiske \u00f8ya Nevis forbereder seg p\u00e5 et stort reiselivs\u00f8kning med en flyplassutvidelsesplan. Prosjektet, som<\/p>\n","protected":false},"author":1,"featured_media":3748,"comment_status":"closed","ping_status":"open","sticky":false,"template":"","format":"standard","meta":{"footnotes":""},"categories":[105],"tags":[1611,1612,1614,1610,418,1613],"class_list":["post-3747","post","type-post","status-publish","format-standard","has-post-thumbnail","hentry","category-livsstil","tag-dianas","tag-favorittferieplass","tag-flyplassen","tag-prinsesse","tag-sin","tag-utvider","generate-columns","tablet-grid-50","mobile-grid-100","grid-parent","grid-33","resize-featured-image"],"yoast_head":"<!-- This site is optimized with the Yoast SEO plugin v24.4 - https:\/\/yoast.com\/wordpress\/plugins\/seo\/ -->\n<title>Prinsesse Dianas favorittferieplass utvider flyplassen sin - Nordnesrepublikken<\/title>\n<meta name=\"robots\" content=\"index, follow, max-snippet:-1, max-image-preview:large, max-video-preview:-1\" \/>\n<link rel=\"canonical\" href=\"https:\/\/nordnesrepublikken.no\/index.php\/2025\/04\/24\/prinsesse-dianas-favorittferieplass-utvider-flyplassen-sin\/\" \/>\n<meta property=\"og:locale\" content=\"nb_NO\" \/>\n<meta property=\"og:type\" content=\"article\" \/>\n<meta property=\"og:title\" content=\"Prinsesse Dianas favorittferieplass utvider flyplassen sin - Nordnesrepublikken\" \/>\n<meta property=\"og:description\" content=\"Den karibiske \u00f8ya Nevis forbereder seg p\u00e5 et stort reiselivs\u00f8kning med en flyplassutvidelsesplan. Prosjektet, som\" \/>\n<meta property=\"og:url\" content=\"https:\/\/nordnesrepublikken.no\/index.php\/2025\/04\/24\/prinsesse-dianas-favorittferieplass-utvider-flyplassen-sin\/\" \/>\n<meta property=\"og:site_name\" content=\"Nordnesrepublikken\" \/>\n<meta property=\"article:published_time\" content=\"2025-04-24T10:49:30+00:00\" \/>\n<meta property=\"article:modified_time\" content=\"2025-04-24T10:49:34+00:00\" \/>\n<meta property=\"og:image\" content=\"https:\/\/nordnesrepublikken.no\/wp-content\/uploads\/2025\/04\/1745491770_Prinsesse-Dianas-favorittferieplass-utvider-flyplassen-sin.png\" \/>\n\t<meta property=\"og:image:width\" content=\"1200\" \/>\n\t<meta property=\"og:image:height\" content=\"904\" \/>\n\t<meta property=\"og:image:type\" content=\"image\/png\" \/>\n<meta name=\"author\" content=\"Ole Andersen\" \/>\n<meta name=\"twitter:card\" content=\"summary_large_image\" \/>\n<meta name=\"twitter:label1\" content=\"Skrevet av\" \/>\n\t<meta name=\"twitter:data1\" content=\"Ole Andersen\" \/>\n\t<meta name=\"twitter:label2\" content=\"Ansl. lesetid\" \/>\n\t<meta name=\"twitter:data2\" content=\"2 minutter\" \/>\n<script type=\"application\/ld+json\" class=\"yoast-schema-graph\">{\"@context\":\"https:\/\/schema.org\",\"@graph\":[{\"@type\":\"Article\",\"@id\":\"https:\/\/nordnesrepublikken.no\/index.php\/2025\/04\/24\/prinsesse-dianas-favorittferieplass-utvider-flyplassen-sin\/#article\",\"isPartOf\":{\"@id\":\"https:\/\/nordnesrepublikken.no\/index.php\/2025\/04\/24\/prinsesse-dianas-favorittferieplass-utvider-flyplassen-sin\/\"},\"author\":{\"name\":\"Ole Andersen\",\"@id\":\"https:\/\/nordnesrepublikken.no\/#\/schema\/person\/2e7e81935bab77882fffb79296240ff1\"},\"headline\":\"Prinsesse Dianas favorittferieplass utvider flyplassen sin\",\"datePublished\":\"2025-04-24T10:49:30+00:00\",\"dateModified\":\"2025-04-24T10:49:34+00:00\",\"mainEntityOfPage\":{\"@id\":\"https:\/\/nordnesrepublikken.no\/index.php\/2025\/04\/24\/prinsesse-dianas-favorittferieplass-utvider-flyplassen-sin\/\"},\"wordCount\":444,\"publisher\":{\"@id\":\"https:\/\/nordnesrepublikken.no\/#organization\"},\"image\":{\"@id\":\"https:\/\/nordnesrepublikken.no\/index.php\/2025\/04\/24\/prinsesse-dianas-favorittferieplass-utvider-flyplassen-sin\/#primaryimage\"},\"thumbnailUrl\":\"https:\/\/nordnesrepublikken.no\/wp-content\/uploads\/2025\/04\/1745491770_Prinsesse-Dianas-favorittferieplass-utvider-flyplassen-sin.png\",\"keywords\":[\"Dianas\",\"favorittferieplass\",\"flyplassen\",\"Prinsesse\",\"sin\",\"utvider\"],\"articleSection\":[\"Livsstil\"],\"inLanguage\":\"nb-NO\"},{\"@type\":\"WebPage\",\"@id\":\"https:\/\/nordnesrepublikken.no\/index.php\/2025\/04\/24\/prinsesse-dianas-favorittferieplass-utvider-flyplassen-sin\/\",\"url\":\"https:\/\/nordnesrepublikken.no\/index.php\/2025\/04\/24\/prinsesse-dianas-favorittferieplass-utvider-flyplassen-sin\/\",\"name\":\"Prinsesse Dianas favorittferieplass utvider flyplassen sin - Nordnesrepublikken\",\"isPartOf\":{\"@id\":\"https:\/\/nordnesrepublikken.no\/#website\"},\"primaryImageOfPage\":{\"@id\":\"https:\/\/nordnesrepublikken.no\/index.php\/2025\/04\/24\/prinsesse-dianas-favorittferieplass-utvider-flyplassen-sin\/#primaryimage\"},\"image\":{\"@id\":\"https:\/\/nordnesrepublikken.no\/index.php\/2025\/04\/24\/prinsesse-dianas-favorittferieplass-utvider-flyplassen-sin\/#primaryimage\"},\"thumbnailUrl\":\"https:\/\/nordnesrepublikken.no\/wp-content\/uploads\/2025\/04\/1745491770_Prinsesse-Dianas-favorittferieplass-utvider-flyplassen-sin.png\",\"datePublished\":\"2025-04-24T10:49:30+00:00\",\"dateModified\":\"2025-04-24T10:49:34+00:00\",\"breadcrumb\":{\"@id\":\"https:\/\/nordnesrepublikken.no\/index.php\/2025\/04\/24\/prinsesse-dianas-favorittferieplass-utvider-flyplassen-sin\/#breadcrumb\"},\"inLanguage\":\"nb-NO\",\"potentialAction\":[{\"@type\":\"ReadAction\",\"target\":[\"https:\/\/nordnesrepublikken.no\/index.php\/2025\/04\/24\/prinsesse-dianas-favorittferieplass-utvider-flyplassen-sin\/\"]}]},{\"@type\":\"ImageObject\",\"inLanguage\":\"nb-NO\",\"@id\":\"https:\/\/nordnesrepublikken.no\/index.php\/2025\/04\/24\/prinsesse-dianas-favorittferieplass-utvider-flyplassen-sin\/#primaryimage\",\"url\":\"https:\/\/nordnesrepublikken.no\/wp-content\/uploads\/2025\/04\/1745491770_Prinsesse-Dianas-favorittferieplass-utvider-flyplassen-sin.png\",\"contentUrl\":\"https:\/\/nordnesrepublikken.no\/wp-content\/uploads\/2025\/04\/1745491770_Prinsesse-Dianas-favorittferieplass-utvider-flyplassen-sin.png\",\"width\":1200,\"height\":904,\"caption\":\"Prinsesse Dianas favorittferieplass utvider flyplassen sin\"},{\"@type\":\"BreadcrumbList\",\"@id\":\"https:\/\/nordnesrepublikken.no\/index.php\/2025\/04\/24\/prinsesse-dianas-favorittferieplass-utvider-flyplassen-sin\/#breadcrumb\",\"itemListElement\":[{\"@type\":\"ListItem\",\"position\":1,\"name\":\"Home\",\"item\":\"https:\/\/nordnesrepublikken.no\/\"},{\"@type\":\"ListItem\",\"position\":2,\"name\":\"Prinsesse Dianas favorittferieplass utvider flyplassen sin\"}]},{\"@type\":\"WebSite\",\"@id\":\"https:\/\/nordnesrepublikken.no\/#website\",\"url\":\"https:\/\/nordnesrepublikken.no\/\",\"name\":\"Nordnesrepublikken\",\"description\":\"Stemmer og Visjoner fra Republikkens Hjerte\",\"publisher\":{\"@id\":\"https:\/\/nordnesrepublikken.no\/#organization\"},\"potentialAction\":[{\"@type\":\"SearchAction\",\"target\":{\"@type\":\"EntryPoint\",\"urlTemplate\":\"https:\/\/nordnesrepublikken.no\/?s={search_term_string}\"},\"query-input\":{\"@type\":\"PropertyValueSpecification\",\"valueRequired\":true,\"valueName\":\"search_term_string\"}}],\"inLanguage\":\"nb-NO\"},{\"@type\":\"Organization\",\"@id\":\"https:\/\/nordnesrepublikken.no\/#organization\",\"name\":\"Nordnesrepublikken\",\"url\":\"https:\/\/nordnesrepublikken.no\/\",\"logo\":{\"@type\":\"ImageObject\",\"inLanguage\":\"nb-NO\",\"@id\":\"https:\/\/nordnesrepublikken.no\/#\/schema\/logo\/image\/\",\"url\":\"https:\/\/nordnesrepublikken.no\/wp-content\/uploads\/2025\/02\/cropped-nordnesrepublikken-2.png\",\"contentUrl\":\"https:\/\/nordnesrepublikken.no\/wp-content\/uploads\/2025\/02\/cropped-nordnesrepublikken-2.png\",\"width\":1248,\"height\":362,\"caption\":\"Nordnesrepublikken\"},\"image\":{\"@id\":\"https:\/\/nordnesrepublikken.no\/#\/schema\/logo\/image\/\"}},{\"@type\":\"Person\",\"@id\":\"https:\/\/nordnesrepublikken.no\/#\/schema\/person\/2e7e81935bab77882fffb79296240ff1\",\"name\":\"Ole Andersen\",\"image\":{\"@type\":\"ImageObject\",\"inLanguage\":\"nb-NO\",\"@id\":\"https:\/\/nordnesrepublikken.no\/#\/schema\/person\/image\/\",\"url\":\"https:\/\/nordnesrepublikken.no\/wp-content\/uploads\/2025\/02\/nordnesrepublikken-2-2-150x150.jpg\",\"contentUrl\":\"https:\/\/nordnesrepublikken.no\/wp-content\/uploads\/2025\/02\/nordnesrepublikken-2-2-150x150.jpg\",\"caption\":\"Ole Andersen\"},\"description\":\"Ettersom jeg vokste opp i Oslo, har jeg alltid v\u00e6rt fascinert av ordenes kraft og deres evne til \u00e5 skape endringer. Etter \u00e5 ha fullf\u00f8rt min utdannelse i kommunikasjon ved Universitetet i Bergen, fikk jeg muligheten til \u00e5 jobbe innen ulike medier, der jeg har s\u00f8kt \u00e5 belyse viktige samfunnssp\u00f8rsm\u00e5l. I dag, som redakt\u00f8r for Nordnesrepublikken, pr\u00f8ver jeg \u00e5 forene min kj\u00e6rlighet for journalistikk med min lidenskap for innovasjon og eventyr.\",\"sameAs\":[\"https:\/\/nordnesrepublikken.no\/\"]}]}<\/script>\n<!-- \/ Yoast SEO plugin. -->","yoast_head_json":{"title":"Prinsesse Dianas favorittferieplass utvider flyplassen sin - Nordnesrepublikken","robots":{"index":"index","follow":"follow","max-snippet":"max-snippet:-1","max-image-preview":"max-image-preview:large","max-video-preview":"max-video-preview:-1"},"canonical":"https:\/\/nordnesrepublikken.no\/index.php\/2025\/04\/24\/prinsesse-dianas-favorittferieplass-utvider-flyplassen-sin\/","og_locale":"nb_NO","og_type":"article","og_title":"Prinsesse Dianas favorittferieplass utvider flyplassen sin - Nordnesrepublikken","og_description":"Den karibiske \u00f8ya Nevis forbereder seg p\u00e5 et stort reiselivs\u00f8kning med en flyplassutvidelsesplan. Prosjektet, som","og_url":"https:\/\/nordnesrepublikken.no\/index.php\/2025\/04\/24\/prinsesse-dianas-favorittferieplass-utvider-flyplassen-sin\/","og_site_name":"Nordnesrepublikken","article_published_time":"2025-04-24T10:49:30+00:00","article_modified_time":"2025-04-24T10:49:34+00:00","og_image":[{"width":1200,"height":904,"url":"https:\/\/nordnesrepublikken.no\/wp-content\/uploads\/2025\/04\/1745491770_Prinsesse-Dianas-favorittferieplass-utvider-flyplassen-sin.png","type":"image\/png"}],"author":"Ole Andersen","twitter_card":"summary_large_image","twitter_misc":{"Skrevet av":"Ole Andersen","Ansl. lesetid":"2 minutter"},"schema":{"@context":"https:\/\/schema.org","@graph":[{"@type":"Article","@id":"https:\/\/nordnesrepublikken.no\/index.php\/2025\/04\/24\/prinsesse-dianas-favorittferieplass-utvider-flyplassen-sin\/#article","isPartOf":{"@id":"https:\/\/nordnesrepublikken.no\/index.php\/2025\/04\/24\/prinsesse-dianas-favorittferieplass-utvider-flyplassen-sin\/"},"author":{"name":"Ole Andersen","@id":"https:\/\/nordnesrepublikken.no\/#\/schema\/person\/2e7e81935bab77882fffb79296240ff1"},"headline":"Prinsesse Dianas favorittferieplass utvider flyplassen sin","datePublished":"2025-04-24T10:49:30+00:00","dateModified":"2025-04-24T10:49:34+00:00","mainEntityOfPage":{"@id":"https:\/\/nordnesrepublikken.no\/index.php\/2025\/04\/24\/prinsesse-dianas-favorittferieplass-utvider-flyplassen-sin\/"},"wordCount":444,"publisher":{"@id":"https:\/\/nordnesrepublikken.no\/#organization"},"image":{"@id":"https:\/\/nordnesrepublikken.no\/index.php\/2025\/04\/24\/prinsesse-dianas-favorittferieplass-utvider-flyplassen-sin\/#primaryimage"},"thumbnailUrl":"https:\/\/nordnesrepublikken.no\/wp-content\/uploads\/2025\/04\/1745491770_Prinsesse-Dianas-favorittferieplass-utvider-flyplassen-sin.png","keywords":["Dianas","favorittferieplass","flyplassen","Prinsesse","sin","utvider"],"articleSection":["Livsstil"],"inLanguage":"nb-NO"},{"@type":"WebPage","@id":"https:\/\/nordnesrepublikken.no\/index.php\/2025\/04\/24\/prinsesse-dianas-favorittferieplass-utvider-flyplassen-sin\/","url":"https:\/\/nordnesrepublikken.no\/index.php\/2025\/04\/24\/prinsesse-dianas-favorittferieplass-utvider-flyplassen-sin\/","name":"Prinsesse Dianas favorittferieplass utvider flyplassen sin - Nordnesrepublikken","isPartOf":{"@id":"https:\/\/nordnesrepublikken.no\/#website"},"primaryImageOfPage":{"@id":"https:\/\/nordnesrepublikken.no\/index.php\/2025\/04\/24\/prinsesse-dianas-favorittferieplass-utvider-flyplassen-sin\/#primaryimage"},"image":{"@id":"https:\/\/nordnesrepublikken.no\/index.php\/2025\/04\/24\/prinsesse-dianas-favorittferieplass-utvider-flyplassen-sin\/#primaryimage"},"thumbnailUrl":"https:\/\/nordnesrepublikken.no\/wp-content\/uploads\/2025\/04\/1745491770_Prinsesse-Dianas-favorittferieplass-utvider-flyplassen-sin.png","datePublished":"2025-04-24T10:49:30+00:00","dateModified":"2025-04-24T10:49:34+00:00","breadcrumb":{"@id":"https:\/\/nordnesrepublikken.no\/index.php\/2025\/04\/24\/prinsesse-dianas-favorittferieplass-utvider-flyplassen-sin\/#breadcrumb"},"inLanguage":"nb-NO","potentialAction":[{"@type":"ReadAction","target":["https:\/\/nordnesrepublikken.no\/index.php\/2025\/04\/24\/prinsesse-dianas-favorittferieplass-utvider-flyplassen-sin\/"]}]},{"@type":"ImageObject","inLanguage":"nb-NO","@id":"https:\/\/nordnesrepublikken.no\/index.php\/2025\/04\/24\/prinsesse-dianas-favorittferieplass-utvider-flyplassen-sin\/#primaryimage","url":"https:\/\/nordnesrepublikken.no\/wp-content\/uploads\/2025\/04\/1745491770_Prinsesse-Dianas-favorittferieplass-utvider-flyplassen-sin.png","contentUrl":"https:\/\/nordnesrepublikken.no\/wp-content\/uploads\/2025\/04\/1745491770_Prinsesse-Dianas-favorittferieplass-utvider-flyplassen-sin.png","width":1200,"height":904,"caption":"Prinsesse Dianas favorittferieplass utvider flyplassen sin"},{"@type":"BreadcrumbList","@id":"https:\/\/nordnesrepublikken.no\/index.php\/2025\/04\/24\/prinsesse-dianas-favorittferieplass-utvider-flyplassen-sin\/#breadcrumb","itemListElement":[{"@type":"ListItem","position":1,"name":"Home","item":"https:\/\/nordnesrepublikken.no\/"},{"@type":"ListItem","position":2,"name":"Prinsesse Dianas favorittferieplass utvider flyplassen sin"}]},{"@type":"WebSite","@id":"https:\/\/nordnesrepublikken.no\/#website","url":"https:\/\/nordnesrepublikken.no\/","name":"Nordnesrepublikken","description":"Stemmer og Visjoner fra Republikkens Hjerte","publisher":{"@id":"https:\/\/nordnesrepublikken.no\/#organization"},"potentialAction":[{"@type":"SearchAction","target":{"@type":"EntryPoint","urlTemplate":"https:\/\/nordnesrepublikken.no\/?s={search_term_string}"},"query-input":{"@type":"PropertyValueSpecification","valueRequired":true,"valueName":"search_term_string"}}],"inLanguage":"nb-NO"},{"@type":"Organization","@id":"https:\/\/nordnesrepublikken.no\/#organization","name":"Nordnesrepublikken","url":"https:\/\/nordnesrepublikken.no\/","logo":{"@type":"ImageObject","inLanguage":"nb-NO","@id":"https:\/\/nordnesrepublikken.no\/#\/schema\/logo\/image\/","url":"https:\/\/nordnesrepublikken.no\/wp-content\/uploads\/2025\/02\/cropped-nordnesrepublikken-2.png","contentUrl":"https:\/\/nordnesrepublikken.no\/wp-content\/uploads\/2025\/02\/cropped-nordnesrepublikken-2.png","width":1248,"height":362,"caption":"Nordnesrepublikken"},"image":{"@id":"https:\/\/nordnesrepublikken.no\/#\/schema\/logo\/image\/"}},{"@type":"Person","@id":"https:\/\/nordnesrepublikken.no\/#\/schema\/person\/2e7e81935bab77882fffb79296240ff1","name":"Ole Andersen","image":{"@type":"ImageObject","inLanguage":"nb-NO","@id":"https:\/\/nordnesrepublikken.no\/#\/schema\/person\/image\/","url":"https:\/\/nordnesrepublikken.no\/wp-content\/uploads\/2025\/02\/nordnesrepublikken-2-2-150x150.jpg","contentUrl":"https:\/\/nordnesrepublikken.no\/wp-content\/uploads\/2025\/02\/nordnesrepublikken-2-2-150x150.jpg","caption":"Ole Andersen"},"description":"Ettersom jeg vokste opp i Oslo, har jeg alltid v\u00e6rt fascinert av ordenes kraft og deres evne til \u00e5 skape endringer. Etter \u00e5 ha fullf\u00f8rt min utdannelse i kommunikasjon ved Universitetet i Bergen, fikk jeg muligheten til \u00e5 jobbe innen ulike medier, der jeg har s\u00f8kt \u00e5 belyse viktige samfunnssp\u00f8rsm\u00e5l. I dag, som redakt\u00f8r for Nordnesrepublikken, pr\u00f8ver jeg \u00e5 forene min kj\u00e6rlighet for journalistikk med min lidenskap for innovasjon og eventyr.","sameAs":["https:\/\/nordnesrepublikken.no\/"]}]}},"_links":{"self":[{"href":"https:\/\/nordnesrepublikken.no\/index.php\/wp-json\/wp\/v2\/posts\/3747","targetHints":{"allow":["GET"]}}],"collection":[{"href":"https:\/\/nordnesrepublikken.no\/index.php\/wp-json\/wp\/v2\/posts"}],"about":[{"href":"https:\/\/nordnesrepublikken.no\/index.php\/wp-json\/wp\/v2\/types\/post"}],"author":[{"embeddable":true,"href":"https:\/\/nordnesrepublikken.no\/index.php\/wp-json\/wp\/v2\/users\/1"}],"replies":[{"embeddable":true,"href":"https:\/\/nordnesrepublikken.no\/index.php\/wp-json\/wp\/v2\/comments?post=3747"}],"version-history":[{"count":1,"href":"https:\/\/nordnesrepublikken.no\/index.php\/wp-json\/wp\/v2\/posts\/3747\/revisions"}],"predecessor-version":[{"id":3749,"href":"https:\/\/nordnesrepublikken.no\/index.php\/wp-json\/wp\/v2\/posts\/3747\/revisions\/3749"}],"wp:featuredmedia":[{"embeddable":true,"href":"https:\/\/nordnesrepublikken.no\/index.php\/wp-json\/wp\/v2\/media\/3748"}],"wp:attachment":[{"href":"https:\/\/nordnesrepublikken.no\/index.php\/wp-json\/wp\/v2\/media?parent=3747"}],"wp:term":[{"taxonomy":"category","embeddable":true,"href":"https:\/\/nordnesrepublikken.no\/index.php\/wp-json\/wp\/v2\/categories?post=3747"},{"taxonomy":"post_tag","embeddable":true,"href":"https:\/\/nordnesrepublikken.no\/index.php\/wp-json\/wp\/v2\/tags?post=3747"}],"curies":[{"name":"wp","href":"https:\/\/api.w.org\/{rel}","templated":true}]}}