{"id":3744,"date":"2025-04-24T10:49:46","date_gmt":"2025-04-24T08:49:46","guid":{"rendered":"https:\/\/nordnesrepublikken.no\/index.php\/2025\/04\/24\/en-mate-a-lage-landbruk-og-generering-av-energi-sameksistere\/"},"modified":"2025-04-24T10:49:51","modified_gmt":"2025-04-24T08:49:51","slug":"en-mate-a-lage-landbruk-og-generering-av-energi-sameksistere","status":"publish","type":"post","link":"https:\/\/nordnesrepublikken.no\/index.php\/2025\/04\/24\/en-mate-a-lage-landbruk-og-generering-av-energi-sameksistere\/","title":{"rendered":"En m\u00e5te \u00e5 lage landbruk og generering av energi sameksistere"},"content":{"rendered":"<div>\n<div class=\"cp_wrapper cp_wrapper--fw mb-30 mb-20@tablet\">\n<figure class=\"mm\"><picture class=\"img\" style=\"padding-top:56.25%\"><source  media=\"(min-width: 1024px)\"><source  media=\"(min-width: 768px)\"><\/source><\/source><\/picture><\/figure>\n<\/p><\/div>\n<p>I en tid der <strong>Jordforbruk<\/strong> Det er et stadig mer f\u00f8lt problem, og der sm\u00e5 g\u00e5rder sliter med \u00e5 overleve, den voksende<strong> Investeringer i fornybare kilder<\/strong> Som en fotovoltaisk eller vind kan de paradoksalt nok &laquo;<strong>konkurrere<\/strong>&laquo;Med<strong>jordbruk<\/strong> og okkupere omr\u00e5der som er egnet for produksjon av mat og &laquo;naturlige&raquo; rom som ikke er p\u00e5virket av menneskelige aktiviteter. Av denne grunn er det en \u00f8kende interesse for <strong>Blandede l\u00f8sninger<\/strong>som tillater produksjon av energi fra <strong>sameksistere<\/strong> Med landbruk og natur, hvis ikke \u00e5 favorisere det, garanterer mer kontrollerte forhold og utgj\u00f8r en kilde til sparing eller tilleggsinntekt for selskaper. Dermed ble f\u00f8dt<strong>agrivoltaic<\/strong>en b\u00e6rekraftig l\u00f8sning som gj\u00f8r det mulig \u00e5 produsere fornybar energi ved \u00e5 bruke jordbruksareal uten \u00e5 trekke dem fra deres prim\u00e6re destinasjon.<\/p>\n<p>Takket v\u00e6re bruken av spesifikke paneler plassert i st\u00f8rre h\u00f8yde og valg av <strong>avlinger som foretrekker skygge<\/strong>er det mulig \u00e5 utnytte sollys for begge behov, eller det er mulig \u00e5 dekke vannveiene med solcellepaneler og redusere fordampningen. Fra 1. april 2025 er det mulig \u00e5 be om nye PNRR -insentiver gjennom Agrivoltaic 2025 -samtalen, rettet mot \u00e5 fremme innovative eksperimentelle innovative agrivoltaic -systemer.<\/p>\n<h2>Fordelene med agrivoltaic: solcellepaneler i de dyrkede feltene<\/h2>\n<p>Energien som er levert av solen er hovedressursen for utvikling av planter, inkludert avlingene som utgj\u00f8r grunnlaget for menneskelig ern\u00e6ring. DE <strong>fotovoltaiske paneler <\/strong>utnytte, ikke bare jordbruksjord, men ogs\u00e5 den samme solstr\u00e5lingen for <strong>generere energi<\/strong>og dermed delta i live -konkurranse med planter: det vil virke umulig \u00e5 sameksistere de to realitetene, men ti\u00e5r med studier har vist at det er mulig.<\/p>\n<p>Velge avlinger som ikke krever store mengder sol, og som heller kan <strong>fordel<\/strong> Garantert av panelene i l\u00f8pet av de varmeste m\u00e5nedene, er det mulig \u00e5 kombinere behovene til landbruket med generering av energi. De<strong> Panelstrukturer<\/strong> brukt til dette form\u00e5let er designet for \u00e5 kunne <strong>Tillat bruk av maskiner<\/strong> Brukes normalt i landbruket: De kommer vanligvis <strong>plassert i st\u00f8rre h\u00f8yde<\/strong> Sammenlignet med de klassiske panelene p\u00e5 bakken, og med tetthet studert for <strong>Reduser skyggelegging<\/strong> I l\u00f8pet av dagen.<\/p>\n<div class=\"cp_wrapper cp_wrapper--fw mb-50\">\n<figure class=\"mm\"><picture class=\"img\" style=\"padding-top:66.69921875%\"><source  media=\"(min-width: 1024px)\"><source  media=\"(min-width: 768px)\"><img decoding=\"async\" loading=\"lazy\" src=\"https:\/\/nordnesrepublikken.no\/wp-content\/uploads\/2025\/04\/1745484586_939_En-mate-a-lage-landbruk-og-generering-av-energi-sameksistere.jpg\" alt=\"Agrivoltaic solcellepaneler\" width=\"1024\" height=\"683\"><\/source><\/source><\/picture><\/figure>\n<\/p><\/div>\n<p>Blant mer passende avlinger, basert p\u00e5 studier utf\u00f8rt i Tyskland, har de blitt fremhevet <strong>gr\u00f8nnsaker og knoller<\/strong>for eksempel poteter eller salat, etterfulgt av planter som som<strong> agurker eller gulr\u00f8tter<\/strong>: for disse plantene, <strong>Effekter av delvise skygger<\/strong> de ble evaluert som nulli, hvis ikke<strong> til og med fordelaktig<\/strong>sammenlignet med kultur i det \u00e5pne feltet. Motsatt har avlinger som hvete eller mais registrert store gjengivelsesreduksjoner med hensyn til dyrking i det \u00e5pne feltet, og avsl\u00f8rer seg derfor uegnet for sameksistens med panelene.<\/p>\n<p>En annen interessant mulighet er gitt av <strong>Halvtransparente paneler<\/strong>designet for \u00e5 absorbere bare en del av solstr\u00e5ling. Sollyset er faktisk sammensatt av elektromagnetiske b\u00f8lger med en annen b\u00f8lgelengde, fra den skadelige<strong> UV -str\u00e5ler <\/strong>(ultrafiolett) som passerer gjennom <strong>synlig lys <\/strong>og etterbehandling<strong> I IR <\/strong>(Infrar\u00f8d). Det samme<strong> synlig lys<\/strong> kan brytes ned i <strong>Flere &laquo;farger&raquo; <\/strong>Tilsvarende b\u00e5nd av b\u00f8lgelengde som spenner fra bl\u00e5-violett til r\u00f8d.<\/p>\n<div class=\"cp_wrapper cp_wrapper--fw mb-50\">\n<figure class=\"mm\"><picture class=\"img\" style=\"padding-top:73.801169590643%\"><source  media=\"(min-width: 1024px)\"><source  media=\"(min-width: 768px)\"><img decoding=\"async\" loading=\"lazy\" src=\"https:\/\/nordnesrepublikken.no\/wp-content\/uploads\/2025\/04\/1745484586_677_En-mate-a-lage-landbruk-og-generering-av-energi-sameksistere.jpg\" alt=\"Solstr\u00e5ling\" width=\"855\" height=\"631\" class=\"js-seedtag-img\"><\/source><\/source><\/picture><\/figure>\n<\/p><\/div>\n<p>Paneler som bare er i stand til \u00e5 absorbere<strong> En del av det synlige spekteret<\/strong> De kan tillate planterdyrking og begrense tapet av overgivelse. En 2023 -studie publisert p\u00e5 <em>Vitenskapelig rapport<\/em> rapporterte <strong>Variasjoner av vekst <\/strong>For tomatplanter, basilikum og petunia, avhengig av den delen av spekteret &laquo;beslaglagt&raquo; av panelene. Analyse av forskjeller i veksten av planten, strukturen til grenene og produksjonen av frukt, og dataene fra denne studien legger grunnlaget for videre forskning p\u00e5 hvordan man maksimerer og perfeksjonerer bruken av disse semi-transparente panelene.<\/p>\n<h2>Flytende fotovoltaikk: Vannbesparelser og avkj\u00f8ling av panelene<\/h2>\n<p>Et annet alternativ er <strong>Dekke av kanaler <\/strong>o Vannspeil med solcellepaneler, p\u00e5 faste eller flytende strukturer: en innkvartering som samtidig tillater <strong>Reduser fordampningen av vannforekomster og avkj\u00f8l panelene<\/strong>garanterer en \u00f8kning i energiutbyttet.<\/p>\n<p>En studie av <strong>Sortere<\/strong>Ierra Nevada Research Institute og Environmental Studies Department (University of California) estimerte at dekningen av 6350 km California kanaler kunne <strong>Unng\u00e5 fordamping av nesten 40 tusen m<sup>3<\/sup> vann per \u00e5r<\/strong>. Samtidig vil en slik l\u00f8sning gi nyttig energi for vannfordeling og pumpesystemer i de dyrkede omr\u00e5dene, som i dag krever estimert forbruk i 12% av den totale energien som brukes i staten, og i de mest isolerte omr\u00e5dene leveres fortsatt denne energien fremfor alt av dieselgeneratorer.<\/p>\n<div class=\"cp_wrapper cp_wrapper--fw mb-50\">\n<figure class=\"mm\"><picture class=\"img\" style=\"padding-top:75%\"><source  media=\"(min-width: 1024px)\"><source  media=\"(min-width: 768px)\"><img decoding=\"async\" loading=\"lazy\" src=\"https:\/\/nordnesrepublikken.no\/wp-content\/uploads\/2025\/04\/1745484586_779_En-mate-a-lage-landbruk-og-generering-av-energi-sameksistere.jpg\" alt=\"Libanon -elven med solcellepaneler\" width=\"4160\" height=\"3120\"><\/source><\/source><\/picture><\/figure>\n<\/p><\/div>\n<p>\u00c5 dekke tusenvis av km kanaler med solcellepaneler med solcellepaneler <strong>Det er en Titanic Enterprise<\/strong>men resultatene fra denne studien viser hvordan det er mulig \u00e5 dekke store omr\u00e5der som unng\u00e5r forbruk av jord som utelukkende er dedikert til solcelleanlegg. Der <strong>Praktisk gjennomf\u00f8rbarhet <\/strong>Det ble demonstrert av sm\u00e5 systemer, hvorav den f\u00f8rste var kanalen til Gujarat -distriktet i India: et system av<strong> omtrent 750 meter<\/strong>innviet i 2015 og snart fulgt av st\u00f8rre prosjekter.<\/p>\n<p>India har investert mye i fotovoltaikk, med en produksjon av <strong>36,6 GW bare i 2020<\/strong>: If\u00f8lge Gujarat State Electricity Corporation, dekker du<strong> 30% av statskanalene<\/strong> med solcellepaneler ville garantere en <strong>Jordbesparelse p\u00e5 omtrent 90 tusen dekar land<\/strong> (ca. 360 kvadratkilometer).<\/p>\n<\/p><\/div>\n","protected":false},"excerpt":{"rendered":"<p>I en tid der Jordforbruk Det er et stadig mer f\u00f8lt problem, og der sm\u00e5<\/p>\n","protected":false},"author":1,"featured_media":3745,"comment_status":"closed","ping_status":"open","sticky":false,"template":"","format":"standard","meta":{"footnotes":""},"categories":[26],"tags":[1608,1607,91,1606,984,1609],"class_list":["post-3744","post","type-post","status-publish","format-standard","has-post-thumbnail","hentry","category-miljo","tag-energi","tag-generering","tag-lage","tag-landbruk","tag-mate","tag-sameksistere","generate-columns","tablet-grid-50","mobile-grid-100","grid-parent","grid-33","resize-featured-image"],"yoast_head":"<!-- This site is optimized with the Yoast SEO plugin v24.4 - https:\/\/yoast.com\/wordpress\/plugins\/seo\/ -->\n<title>En m\u00e5te \u00e5 lage landbruk og generering av energi sameksistere - Nordnesrepublikken<\/title>\n<meta name=\"robots\" content=\"index, follow, max-snippet:-1, max-image-preview:large, max-video-preview:-1\" \/>\n<link rel=\"canonical\" href=\"https:\/\/nordnesrepublikken.no\/index.php\/2025\/04\/24\/en-mate-a-lage-landbruk-og-generering-av-energi-sameksistere\/\" \/>\n<meta property=\"og:locale\" content=\"nb_NO\" \/>\n<meta property=\"og:type\" content=\"article\" \/>\n<meta property=\"og:title\" content=\"En m\u00e5te \u00e5 lage landbruk og generering av energi sameksistere - Nordnesrepublikken\" \/>\n<meta property=\"og:description\" content=\"I en tid der Jordforbruk Det er et stadig mer f\u00f8lt problem, og der sm\u00e5\" \/>\n<meta property=\"og:url\" content=\"https:\/\/nordnesrepublikken.no\/index.php\/2025\/04\/24\/en-mate-a-lage-landbruk-og-generering-av-energi-sameksistere\/\" \/>\n<meta property=\"og:site_name\" content=\"Nordnesrepublikken\" \/>\n<meta property=\"article:published_time\" content=\"2025-04-24T08:49:46+00:00\" \/>\n<meta property=\"article:modified_time\" content=\"2025-04-24T08:49:51+00:00\" \/>\n<meta property=\"og:image\" content=\"https:\/\/nordnesrepublikken.no\/wp-content\/uploads\/2025\/04\/1745484586_En-mate-a-lage-landbruk-og-generering-av-energi-sameksistere-scaled.jpg\" \/>\n\t<meta property=\"og:image:width\" content=\"2560\" \/>\n\t<meta property=\"og:image:height\" content=\"1440\" \/>\n\t<meta property=\"og:image:type\" content=\"image\/jpeg\" \/>\n<meta name=\"author\" content=\"Ole Andersen\" \/>\n<meta name=\"twitter:card\" content=\"summary_large_image\" \/>\n<meta name=\"twitter:label1\" content=\"Skrevet av\" \/>\n\t<meta name=\"twitter:data1\" content=\"Ole Andersen\" \/>\n\t<meta name=\"twitter:label2\" content=\"Ansl. lesetid\" \/>\n\t<meta name=\"twitter:data2\" content=\"4 minutter\" \/>\n<script type=\"application\/ld+json\" class=\"yoast-schema-graph\">{\"@context\":\"https:\/\/schema.org\",\"@graph\":[{\"@type\":\"Article\",\"@id\":\"https:\/\/nordnesrepublikken.no\/index.php\/2025\/04\/24\/en-mate-a-lage-landbruk-og-generering-av-energi-sameksistere\/#article\",\"isPartOf\":{\"@id\":\"https:\/\/nordnesrepublikken.no\/index.php\/2025\/04\/24\/en-mate-a-lage-landbruk-og-generering-av-energi-sameksistere\/\"},\"author\":{\"name\":\"Ole Andersen\",\"@id\":\"https:\/\/nordnesrepublikken.no\/#\/schema\/person\/2e7e81935bab77882fffb79296240ff1\"},\"headline\":\"En m\u00e5te \u00e5 lage landbruk og generering av energi sameksistere\",\"datePublished\":\"2025-04-24T08:49:46+00:00\",\"dateModified\":\"2025-04-24T08:49:51+00:00\",\"mainEntityOfPage\":{\"@id\":\"https:\/\/nordnesrepublikken.no\/index.php\/2025\/04\/24\/en-mate-a-lage-landbruk-og-generering-av-energi-sameksistere\/\"},\"wordCount\":818,\"publisher\":{\"@id\":\"https:\/\/nordnesrepublikken.no\/#organization\"},\"image\":{\"@id\":\"https:\/\/nordnesrepublikken.no\/index.php\/2025\/04\/24\/en-mate-a-lage-landbruk-og-generering-av-energi-sameksistere\/#primaryimage\"},\"thumbnailUrl\":\"https:\/\/nordnesrepublikken.no\/wp-content\/uploads\/2025\/04\/1745484586_En-mate-a-lage-landbruk-og-generering-av-energi-sameksistere-scaled.jpg\",\"keywords\":[\"energi\",\"generering\",\"lage\",\"landbruk\",\"m\u00e5te\",\"sameksistere\"],\"articleSection\":[\"Milj\u00f8\"],\"inLanguage\":\"nb-NO\"},{\"@type\":\"WebPage\",\"@id\":\"https:\/\/nordnesrepublikken.no\/index.php\/2025\/04\/24\/en-mate-a-lage-landbruk-og-generering-av-energi-sameksistere\/\",\"url\":\"https:\/\/nordnesrepublikken.no\/index.php\/2025\/04\/24\/en-mate-a-lage-landbruk-og-generering-av-energi-sameksistere\/\",\"name\":\"En m\u00e5te \u00e5 lage landbruk og generering av energi sameksistere - Nordnesrepublikken\",\"isPartOf\":{\"@id\":\"https:\/\/nordnesrepublikken.no\/#website\"},\"primaryImageOfPage\":{\"@id\":\"https:\/\/nordnesrepublikken.no\/index.php\/2025\/04\/24\/en-mate-a-lage-landbruk-og-generering-av-energi-sameksistere\/#primaryimage\"},\"image\":{\"@id\":\"https:\/\/nordnesrepublikken.no\/index.php\/2025\/04\/24\/en-mate-a-lage-landbruk-og-generering-av-energi-sameksistere\/#primaryimage\"},\"thumbnailUrl\":\"https:\/\/nordnesrepublikken.no\/wp-content\/uploads\/2025\/04\/1745484586_En-mate-a-lage-landbruk-og-generering-av-energi-sameksistere-scaled.jpg\",\"datePublished\":\"2025-04-24T08:49:46+00:00\",\"dateModified\":\"2025-04-24T08:49:51+00:00\",\"breadcrumb\":{\"@id\":\"https:\/\/nordnesrepublikken.no\/index.php\/2025\/04\/24\/en-mate-a-lage-landbruk-og-generering-av-energi-sameksistere\/#breadcrumb\"},\"inLanguage\":\"nb-NO\",\"potentialAction\":[{\"@type\":\"ReadAction\",\"target\":[\"https:\/\/nordnesrepublikken.no\/index.php\/2025\/04\/24\/en-mate-a-lage-landbruk-og-generering-av-energi-sameksistere\/\"]}]},{\"@type\":\"ImageObject\",\"inLanguage\":\"nb-NO\",\"@id\":\"https:\/\/nordnesrepublikken.no\/index.php\/2025\/04\/24\/en-mate-a-lage-landbruk-og-generering-av-energi-sameksistere\/#primaryimage\",\"url\":\"https:\/\/nordnesrepublikken.no\/wp-content\/uploads\/2025\/04\/1745484586_En-mate-a-lage-landbruk-og-generering-av-energi-sameksistere-scaled.jpg\",\"contentUrl\":\"https:\/\/nordnesrepublikken.no\/wp-content\/uploads\/2025\/04\/1745484586_En-mate-a-lage-landbruk-og-generering-av-energi-sameksistere-scaled.jpg\",\"width\":2560,\"height\":1440,\"caption\":\"agrivoltaico energia\"},{\"@type\":\"BreadcrumbList\",\"@id\":\"https:\/\/nordnesrepublikken.no\/index.php\/2025\/04\/24\/en-mate-a-lage-landbruk-og-generering-av-energi-sameksistere\/#breadcrumb\",\"itemListElement\":[{\"@type\":\"ListItem\",\"position\":1,\"name\":\"Home\",\"item\":\"https:\/\/nordnesrepublikken.no\/\"},{\"@type\":\"ListItem\",\"position\":2,\"name\":\"En m\u00e5te \u00e5 lage landbruk og generering av energi sameksistere\"}]},{\"@type\":\"WebSite\",\"@id\":\"https:\/\/nordnesrepublikken.no\/#website\",\"url\":\"https:\/\/nordnesrepublikken.no\/\",\"name\":\"Nordnesrepublikken\",\"description\":\"Stemmer og Visjoner fra Republikkens Hjerte\",\"publisher\":{\"@id\":\"https:\/\/nordnesrepublikken.no\/#organization\"},\"potentialAction\":[{\"@type\":\"SearchAction\",\"target\":{\"@type\":\"EntryPoint\",\"urlTemplate\":\"https:\/\/nordnesrepublikken.no\/?s={search_term_string}\"},\"query-input\":{\"@type\":\"PropertyValueSpecification\",\"valueRequired\":true,\"valueName\":\"search_term_string\"}}],\"inLanguage\":\"nb-NO\"},{\"@type\":\"Organization\",\"@id\":\"https:\/\/nordnesrepublikken.no\/#organization\",\"name\":\"Nordnesrepublikken\",\"url\":\"https:\/\/nordnesrepublikken.no\/\",\"logo\":{\"@type\":\"ImageObject\",\"inLanguage\":\"nb-NO\",\"@id\":\"https:\/\/nordnesrepublikken.no\/#\/schema\/logo\/image\/\",\"url\":\"https:\/\/nordnesrepublikken.no\/wp-content\/uploads\/2025\/02\/cropped-nordnesrepublikken-2.png\",\"contentUrl\":\"https:\/\/nordnesrepublikken.no\/wp-content\/uploads\/2025\/02\/cropped-nordnesrepublikken-2.png\",\"width\":1248,\"height\":362,\"caption\":\"Nordnesrepublikken\"},\"image\":{\"@id\":\"https:\/\/nordnesrepublikken.no\/#\/schema\/logo\/image\/\"}},{\"@type\":\"Person\",\"@id\":\"https:\/\/nordnesrepublikken.no\/#\/schema\/person\/2e7e81935bab77882fffb79296240ff1\",\"name\":\"Ole Andersen\",\"image\":{\"@type\":\"ImageObject\",\"inLanguage\":\"nb-NO\",\"@id\":\"https:\/\/nordnesrepublikken.no\/#\/schema\/person\/image\/\",\"url\":\"https:\/\/nordnesrepublikken.no\/wp-content\/uploads\/2025\/02\/nordnesrepublikken-2-2-150x150.jpg\",\"contentUrl\":\"https:\/\/nordnesrepublikken.no\/wp-content\/uploads\/2025\/02\/nordnesrepublikken-2-2-150x150.jpg\",\"caption\":\"Ole Andersen\"},\"description\":\"Ettersom jeg vokste opp i Oslo, har jeg alltid v\u00e6rt fascinert av ordenes kraft og deres evne til \u00e5 skape endringer. Etter \u00e5 ha fullf\u00f8rt min utdannelse i kommunikasjon ved Universitetet i Bergen, fikk jeg muligheten til \u00e5 jobbe innen ulike medier, der jeg har s\u00f8kt \u00e5 belyse viktige samfunnssp\u00f8rsm\u00e5l. I dag, som redakt\u00f8r for Nordnesrepublikken, pr\u00f8ver jeg \u00e5 forene min kj\u00e6rlighet for journalistikk med min lidenskap for innovasjon og eventyr.\",\"sameAs\":[\"https:\/\/nordnesrepublikken.no\/\"]}]}<\/script>\n<!-- \/ Yoast SEO plugin. -->","yoast_head_json":{"title":"En m\u00e5te \u00e5 lage landbruk og generering av energi sameksistere - Nordnesrepublikken","robots":{"index":"index","follow":"follow","max-snippet":"max-snippet:-1","max-image-preview":"max-image-preview:large","max-video-preview":"max-video-preview:-1"},"canonical":"https:\/\/nordnesrepublikken.no\/index.php\/2025\/04\/24\/en-mate-a-lage-landbruk-og-generering-av-energi-sameksistere\/","og_locale":"nb_NO","og_type":"article","og_title":"En m\u00e5te \u00e5 lage landbruk og generering av energi sameksistere - Nordnesrepublikken","og_description":"I en tid der Jordforbruk Det er et stadig mer f\u00f8lt problem, og der sm\u00e5","og_url":"https:\/\/nordnesrepublikken.no\/index.php\/2025\/04\/24\/en-mate-a-lage-landbruk-og-generering-av-energi-sameksistere\/","og_site_name":"Nordnesrepublikken","article_published_time":"2025-04-24T08:49:46+00:00","article_modified_time":"2025-04-24T08:49:51+00:00","og_image":[{"width":2560,"height":1440,"url":"https:\/\/nordnesrepublikken.no\/wp-content\/uploads\/2025\/04\/1745484586_En-mate-a-lage-landbruk-og-generering-av-energi-sameksistere-scaled.jpg","type":"image\/jpeg"}],"author":"Ole Andersen","twitter_card":"summary_large_image","twitter_misc":{"Skrevet av":"Ole Andersen","Ansl. lesetid":"4 minutter"},"schema":{"@context":"https:\/\/schema.org","@graph":[{"@type":"Article","@id":"https:\/\/nordnesrepublikken.no\/index.php\/2025\/04\/24\/en-mate-a-lage-landbruk-og-generering-av-energi-sameksistere\/#article","isPartOf":{"@id":"https:\/\/nordnesrepublikken.no\/index.php\/2025\/04\/24\/en-mate-a-lage-landbruk-og-generering-av-energi-sameksistere\/"},"author":{"name":"Ole Andersen","@id":"https:\/\/nordnesrepublikken.no\/#\/schema\/person\/2e7e81935bab77882fffb79296240ff1"},"headline":"En m\u00e5te \u00e5 lage landbruk og generering av energi sameksistere","datePublished":"2025-04-24T08:49:46+00:00","dateModified":"2025-04-24T08:49:51+00:00","mainEntityOfPage":{"@id":"https:\/\/nordnesrepublikken.no\/index.php\/2025\/04\/24\/en-mate-a-lage-landbruk-og-generering-av-energi-sameksistere\/"},"wordCount":818,"publisher":{"@id":"https:\/\/nordnesrepublikken.no\/#organization"},"image":{"@id":"https:\/\/nordnesrepublikken.no\/index.php\/2025\/04\/24\/en-mate-a-lage-landbruk-og-generering-av-energi-sameksistere\/#primaryimage"},"thumbnailUrl":"https:\/\/nordnesrepublikken.no\/wp-content\/uploads\/2025\/04\/1745484586_En-mate-a-lage-landbruk-og-generering-av-energi-sameksistere-scaled.jpg","keywords":["energi","generering","lage","landbruk","m\u00e5te","sameksistere"],"articleSection":["Milj\u00f8"],"inLanguage":"nb-NO"},{"@type":"WebPage","@id":"https:\/\/nordnesrepublikken.no\/index.php\/2025\/04\/24\/en-mate-a-lage-landbruk-og-generering-av-energi-sameksistere\/","url":"https:\/\/nordnesrepublikken.no\/index.php\/2025\/04\/24\/en-mate-a-lage-landbruk-og-generering-av-energi-sameksistere\/","name":"En m\u00e5te \u00e5 lage landbruk og generering av energi sameksistere - Nordnesrepublikken","isPartOf":{"@id":"https:\/\/nordnesrepublikken.no\/#website"},"primaryImageOfPage":{"@id":"https:\/\/nordnesrepublikken.no\/index.php\/2025\/04\/24\/en-mate-a-lage-landbruk-og-generering-av-energi-sameksistere\/#primaryimage"},"image":{"@id":"https:\/\/nordnesrepublikken.no\/index.php\/2025\/04\/24\/en-mate-a-lage-landbruk-og-generering-av-energi-sameksistere\/#primaryimage"},"thumbnailUrl":"https:\/\/nordnesrepublikken.no\/wp-content\/uploads\/2025\/04\/1745484586_En-mate-a-lage-landbruk-og-generering-av-energi-sameksistere-scaled.jpg","datePublished":"2025-04-24T08:49:46+00:00","dateModified":"2025-04-24T08:49:51+00:00","breadcrumb":{"@id":"https:\/\/nordnesrepublikken.no\/index.php\/2025\/04\/24\/en-mate-a-lage-landbruk-og-generering-av-energi-sameksistere\/#breadcrumb"},"inLanguage":"nb-NO","potentialAction":[{"@type":"ReadAction","target":["https:\/\/nordnesrepublikken.no\/index.php\/2025\/04\/24\/en-mate-a-lage-landbruk-og-generering-av-energi-sameksistere\/"]}]},{"@type":"ImageObject","inLanguage":"nb-NO","@id":"https:\/\/nordnesrepublikken.no\/index.php\/2025\/04\/24\/en-mate-a-lage-landbruk-og-generering-av-energi-sameksistere\/#primaryimage","url":"https:\/\/nordnesrepublikken.no\/wp-content\/uploads\/2025\/04\/1745484586_En-mate-a-lage-landbruk-og-generering-av-energi-sameksistere-scaled.jpg","contentUrl":"https:\/\/nordnesrepublikken.no\/wp-content\/uploads\/2025\/04\/1745484586_En-mate-a-lage-landbruk-og-generering-av-energi-sameksistere-scaled.jpg","width":2560,"height":1440,"caption":"agrivoltaico energia"},{"@type":"BreadcrumbList","@id":"https:\/\/nordnesrepublikken.no\/index.php\/2025\/04\/24\/en-mate-a-lage-landbruk-og-generering-av-energi-sameksistere\/#breadcrumb","itemListElement":[{"@type":"ListItem","position":1,"name":"Home","item":"https:\/\/nordnesrepublikken.no\/"},{"@type":"ListItem","position":2,"name":"En m\u00e5te \u00e5 lage landbruk og generering av energi sameksistere"}]},{"@type":"WebSite","@id":"https:\/\/nordnesrepublikken.no\/#website","url":"https:\/\/nordnesrepublikken.no\/","name":"Nordnesrepublikken","description":"Stemmer og Visjoner fra Republikkens Hjerte","publisher":{"@id":"https:\/\/nordnesrepublikken.no\/#organization"},"potentialAction":[{"@type":"SearchAction","target":{"@type":"EntryPoint","urlTemplate":"https:\/\/nordnesrepublikken.no\/?s={search_term_string}"},"query-input":{"@type":"PropertyValueSpecification","valueRequired":true,"valueName":"search_term_string"}}],"inLanguage":"nb-NO"},{"@type":"Organization","@id":"https:\/\/nordnesrepublikken.no\/#organization","name":"Nordnesrepublikken","url":"https:\/\/nordnesrepublikken.no\/","logo":{"@type":"ImageObject","inLanguage":"nb-NO","@id":"https:\/\/nordnesrepublikken.no\/#\/schema\/logo\/image\/","url":"https:\/\/nordnesrepublikken.no\/wp-content\/uploads\/2025\/02\/cropped-nordnesrepublikken-2.png","contentUrl":"https:\/\/nordnesrepublikken.no\/wp-content\/uploads\/2025\/02\/cropped-nordnesrepublikken-2.png","width":1248,"height":362,"caption":"Nordnesrepublikken"},"image":{"@id":"https:\/\/nordnesrepublikken.no\/#\/schema\/logo\/image\/"}},{"@type":"Person","@id":"https:\/\/nordnesrepublikken.no\/#\/schema\/person\/2e7e81935bab77882fffb79296240ff1","name":"Ole Andersen","image":{"@type":"ImageObject","inLanguage":"nb-NO","@id":"https:\/\/nordnesrepublikken.no\/#\/schema\/person\/image\/","url":"https:\/\/nordnesrepublikken.no\/wp-content\/uploads\/2025\/02\/nordnesrepublikken-2-2-150x150.jpg","contentUrl":"https:\/\/nordnesrepublikken.no\/wp-content\/uploads\/2025\/02\/nordnesrepublikken-2-2-150x150.jpg","caption":"Ole Andersen"},"description":"Ettersom jeg vokste opp i Oslo, har jeg alltid v\u00e6rt fascinert av ordenes kraft og deres evne til \u00e5 skape endringer. Etter \u00e5 ha fullf\u00f8rt min utdannelse i kommunikasjon ved Universitetet i Bergen, fikk jeg muligheten til \u00e5 jobbe innen ulike medier, der jeg har s\u00f8kt \u00e5 belyse viktige samfunnssp\u00f8rsm\u00e5l. I dag, som redakt\u00f8r for Nordnesrepublikken, pr\u00f8ver jeg \u00e5 forene min kj\u00e6rlighet for journalistikk med min lidenskap for innovasjon og eventyr.","sameAs":["https:\/\/nordnesrepublikken.no\/"]}]}},"_links":{"self":[{"href":"https:\/\/nordnesrepublikken.no\/index.php\/wp-json\/wp\/v2\/posts\/3744","targetHints":{"allow":["GET"]}}],"collection":[{"href":"https:\/\/nordnesrepublikken.no\/index.php\/wp-json\/wp\/v2\/posts"}],"about":[{"href":"https:\/\/nordnesrepublikken.no\/index.php\/wp-json\/wp\/v2\/types\/post"}],"author":[{"embeddable":true,"href":"https:\/\/nordnesrepublikken.no\/index.php\/wp-json\/wp\/v2\/users\/1"}],"replies":[{"embeddable":true,"href":"https:\/\/nordnesrepublikken.no\/index.php\/wp-json\/wp\/v2\/comments?post=3744"}],"version-history":[{"count":1,"href":"https:\/\/nordnesrepublikken.no\/index.php\/wp-json\/wp\/v2\/posts\/3744\/revisions"}],"predecessor-version":[{"id":3746,"href":"https:\/\/nordnesrepublikken.no\/index.php\/wp-json\/wp\/v2\/posts\/3744\/revisions\/3746"}],"wp:featuredmedia":[{"embeddable":true,"href":"https:\/\/nordnesrepublikken.no\/index.php\/wp-json\/wp\/v2\/media\/3745"}],"wp:attachment":[{"href":"https:\/\/nordnesrepublikken.no\/index.php\/wp-json\/wp\/v2\/media?parent=3744"}],"wp:term":[{"taxonomy":"category","embeddable":true,"href":"https:\/\/nordnesrepublikken.no\/index.php\/wp-json\/wp\/v2\/categories?post=3744"},{"taxonomy":"post_tag","embeddable":true,"href":"https:\/\/nordnesrepublikken.no\/index.php\/wp-json\/wp\/v2\/tags?post=3744"}],"curies":[{"name":"wp","href":"https:\/\/api.w.org\/{rel}","templated":true}]}}