{"id":3738,"date":"2025-04-24T06:49:35","date_gmt":"2025-04-24T04:49:35","guid":{"rendered":"https:\/\/nordnesrepublikken.no\/index.php\/2025\/04\/24\/hvem-er-som-velger-paven-og-bestemmer-kirkens-fremtid\/"},"modified":"2025-04-24T06:49:40","modified_gmt":"2025-04-24T04:49:40","slug":"hvem-er-som-velger-paven-og-bestemmer-kirkens-fremtid","status":"publish","type":"post","link":"https:\/\/nordnesrepublikken.no\/index.php\/2025\/04\/24\/hvem-er-som-velger-paven-og-bestemmer-kirkens-fremtid\/","title":{"rendered":"Hvem er som velger paven og bestemmer kirkens fremtid"},"content":{"rendered":"<div>\n<div class=\"cp_wrapper cp_wrapper--fw mb-30 mb-20@tablet\">\n<figure class=\"mm\"><picture class=\"img\" style=\"padding-top:56.25%\"><source  media=\"(min-width: 1024px)\"><source  media=\"(min-width: 768px)\"><\/source><\/source><\/picture><\/figure>\n<\/p><\/div>\n<p>DE <strong>Kardinaler<\/strong>ogs\u00e5 kalt lilla, er <strong>h\u00f8ye prelater utnevnt av paven<\/strong>. Fra de f\u00f8rste \u00e5rhundrene av kristendommen, men deres rolle har endret seg betydelig over tid. I dag er kardinalene 252, men bare<strong> 135 av dem deltar i valget av paven<\/strong>: Faktisk er de som er mer enn 80 \u00e5r utelukket fra avstemningen. De fleste av de n\u00e5v\u00e6rende kardinalene ble utnevnt av pave Francis; Landet som det st\u00f8rste antallet kommer fra er Italia. Noen lilla er <strong>ansett som &laquo;kvalifisert&raquo;<\/strong>det vil si kvalifisert for pontifikatet. Prognosene for Eva viste seg imidlertid ikke alltid \u00e5 v\u00e6re grunnlagt og p\u00e5litelige.<\/p>\n<h2><strong>Hvem er kardinalene<\/strong><\/h2>\n<p>DE <strong>Kardinaler<\/strong> De er h\u00f8ye kirkelige h\u00f8ydepunkter som st\u00f8tter paven i administrasjonen av Holy See. De utnevnes av paven under spesielle m\u00f8ter som ble kalt <strong>Konkurranser<\/strong>. Opprinnelsen til kardinalfiguren stammer fra kristendommens f\u00f8rste \u00e5rhundre, da menighetsprestene og diakonene til Roma -kirkene ble indikert, i tillegg til biskopene i <strong>Forstads bisped\u00f8mme<\/strong>det vil si bisped\u00f8mmene n\u00e6r Roma, som samarbeidet med biskopen av Roma, paven, i forvaltningen av kirkelige saker. Begrepet kardinal stammer fra latin <strong>tistel<\/strong>&laquo;kardinal&raquo;, for \u00e5 indikere deres <strong>grunnleggende rolle<\/strong>: Faktisk vurderes pinnene som administrasjonen av kirken dreier seg om. Gjennom \u00e5rhundrene, <strong>Kardinalens funksjoner har endret seg dypt<\/strong>ogs\u00e5 etter utviklingen av rollen som paven, som mot slutten av det f\u00f8rste \u00e5rtusen DC i \u00f8kende grad har antatt veiledningsfunksjonen til den katolske kirken. I <strong>1059<\/strong>Pave <strong>Niccol\u00f2 II<\/strong> Han tilskrev kardinalene, spesielt de som ogs\u00e5 var biskoper, den eksklusive retten til \u00e5 velge Pontiff og f\u00f8rst senere, i <strong>1179<\/strong>Pave <strong>Alexander III<\/strong> utvidet denne retten til <strong>alle kardinaler<\/strong>selv for de som ikke var biskoper. I det siste var faktisk kardinalene ikke n\u00f8dvendigvis biskoper, men i <strong>1962<\/strong> Pave <strong>John xxiiii<\/strong> Han slo fast at all lilla, p\u00e5 tidspunktet for utnevnelsen, skulle heves til biskopens verdighet. Fram til det nittende \u00e5rhundre kom mange kardinaler fra adelige familier.<\/p>\n<p>Etter <strong>1870<\/strong> Og enden av pavers tidsmessige kraft, antallet aristokrater som er utnevnt til kardinaler, har gradvis g\u00e5tt ned. Opprinnelig var antallet kardinaler mellom 20 og 40. i <strong>1500 -tallet<\/strong>Pave <strong>Sixtus v<\/strong> Han fikset den maksimale grensen til 70, men i det f\u00f8lgende \u00e5rhundre har dette tallet vokst ytterligere. Kardinalene har en fargekjole <strong>lilla r\u00f8d<\/strong>som kallenavnet deres stammer fra: <strong>&laquo;lilla&raquo;<\/strong>.<\/p>\n<div class=\"cp_wrapper cp_wrapper--fw mb-50\">\n<figure class=\"mm\"><picture class=\"img\" style=\"padding-top:99.96158278909%\"><source  media=\"(min-width: 1024px)\"><source  media=\"(min-width: 768px)\"><img decoding=\"async\" loading=\"lazy\" src=\"https:\/\/nordnesrepublikken.no\/wp-content\/uploads\/2025\/04\/1745470172_331_Hvem-er-som-velger-paven-og-bestemmer-kirkens-fremtid.jpg\" alt=\"Kardinal Giovan Battista RE, n\u00e5v\u00e6rende dekan ved h\u00f8yskolen\" width=\"2603\" height=\"2602\"><\/source><\/source><\/picture><\/figure>\n<\/p><\/div>\n<p>Medlemmene av h\u00f8gskolen er delt inn i <strong>Kardinaler av Curia<\/strong>som er bosatt i Roma og deltar i regjeringen i Holy See, e <strong>Residential Cardinals<\/strong>som bor i bisped\u00f8mmet sitt.<\/p>\n<p>Kardinal som anses som viktigere for \u00f8yeblikket er den s\u00e5 -kalt <strong>Chamberlain<\/strong>som leder Fatikanets \u00f8konomi og antar kontroll over det ledige setet i saken om pavens d\u00f8d eller avskjed. Den n\u00e5v\u00e6rende Camerlengo har siden 2019 v\u00e6rt ireren <strong>Kevin Joseph Farrell<\/strong>.<\/p>\n<div class=\"cp_wrapper cp_wrapper--fw mb-50\">\n<figure class=\"mm\"><picture class=\"img\" style=\"padding-top:100.52631578947%\"><source  media=\"(min-width: 1024px)\"><source  media=\"(min-width: 768px)\"><img decoding=\"async\" loading=\"lazy\" src=\"https:\/\/nordnesrepublikken.no\/wp-content\/uploads\/2025\/04\/1745470173_768_Hvem-er-som-velger-paven-og-bestemmer-kirkens-fremtid.jpg\" alt=\"Kevin Joseph Farrell\" width=\"760\" height=\"764\" class=\"js-seedtag-img\"><\/source><\/source><\/picture><\/figure>\n<\/p><\/div>\n<h2><strong>Hvordan du velger kardinalene<\/strong><\/h2>\n<p><strong>Kardinalene er valgt av paven<\/strong>. Det er ingen presise regler for utnevnelsen, og i teorien kan hver pontiff utnevne kardinal hvem som vil. Imidlertid pavene <strong>Respekter noen skikker<\/strong>. For eksempel biskopene til <strong>viktigste bisped\u00f8mmer<\/strong> De er alltid (eller nesten alltid) utnevnt til kardinaler. I Italia har bisped\u00f8mmet Bologna, Florence, Genoa, Milan, Napoli, Palermo, Torino, Venezia og vicariatet for bisped\u00f8mmet Roma dette &laquo;privilegiet&raquo;. I tillegg velger pavene kardinalene som tar hensyn til <strong>Flere faktorer<\/strong>som<strong>Politisk orientering<\/strong> og <strong>Geografisk opprinnelse<\/strong>med sikte p\u00e5 \u00e5 garantere en balansert representasjon av alle katolske territorier. Pave Francis har for eksempel utnevnt hovedsakelig kardinaler fra <strong>Ekstra -europeiske land<\/strong>.<\/p>\n<div class=\"cp_wrapper cp_wrapper--fw mb-50\">\n<figure class=\"mm\"><picture class=\"img\" style=\"padding-top:81.71875%\"><source  media=\"(min-width: 1024px)\"><source  media=\"(min-width: 768px)\"><img decoding=\"async\" loading=\"lazy\" src=\"https:\/\/nordnesrepublikken.no\/wp-content\/uploads\/2025\/04\/1745470173_286_Hvem-er-som-velger-paven-og-bestemmer-kirkens-fremtid.jpg\" alt=\"Kardinaler under en feiring (Credits- Marium Alberto)\" width=\"1920\" height=\"1569\"><\/source><\/source><\/picture><\/figure>\n<\/p><\/div>\n<h2><strong>Cardinal College og Cardinal Vlectors<\/strong><\/h2>\n<p>Cardinal College er settet med alle kardinaler. Tidligere ble hele college kalt til \u00e5 velge paven, men i 1970, Paul VI, med <strong>Motu Proprio <em>Ingravescentem aetatem<\/em><\/strong>  Han slo fast at bare kardinalene kunne delta i valget <strong>De hadde ikke fylt \u00e5tti \u00e5r gammel<\/strong> P\u00e5 tidspunktet for \u00e5pningen av konklaven. F\u00f8lgelig ble det bestemt <strong>et skille mellom kardinal velgerne (som er under 80 \u00e5r) og de andre<\/strong>. Regelen ble bekreftet av de p\u00e5f\u00f8lgende pavene. Antallet kardinal velgere, i henhold til det som er etablert av Paolo VI selv i 1973, <strong>Det skal ikke overstige 120<\/strong>men de siste pavene, inkludert Francesco, respekterte ikke grensen og har utnevnt <strong>Et st\u00f8rre antall lilla<\/strong>.<\/p>\n<div class=\"cp_wrapper cp_wrapper--fw mb-50\">\n<figure class=\"mm\"><picture class=\"img\" style=\"padding-top:79.042904290429%\"><source  media=\"(min-width: 1024px)\"><source  media=\"(min-width: 768px)\"><img decoding=\"async\" loading=\"lazy\" src=\"https:\/\/nordnesrepublikken.no\/wp-content\/uploads\/2025\/04\/1745470174_887_Hvem-er-som-velger-paven-og-bestemmer-kirkens-fremtid.jpg\" alt=\"Paolo VI utnevner kardinal Joseph Ratzinger (den gang pave Benedict XVI)\" width=\"1818\" height=\"1437\" class=\"js-seedtag-img\"><\/source><\/source><\/picture><\/figure>\n<\/p><\/div>\n<h2><strong>Hvor mange kardinaler, siden de er p\u00e5 kontoret og hvor de kommer fra<\/strong><\/h2>\n<p>For \u00f8yeblikket er kardinal velgerne 135 og ikke -voterne 117, for en <strong>Totalt 252<\/strong>. Av disse, <strong>149 ble utnevnt av Francesco<\/strong> (108 velgere og 41 ikke -velgere), <strong>62 av Benedict XVI<\/strong> (22 velgere og 40 ikke -velgere) e <strong>41 av Johannes Paul II<\/strong> (5 velgere og 36 ikke -velgere). Dette betyr at det ved neste konklave vil v\u00e6re en <strong>Netto flertall av kardinaler utnevnt av Francesco. <\/strong>Der <strong>Geografisk distribusjon<\/strong> av lilla er veldig variert. Kontinentet som det kommer fra <strong>Det st\u00f8rste antallet er Europa<\/strong>hvorav 114 kardinaler oppsto (53 velgere og 61 ikke -velgere), etterfulgt av <strong>Asia<\/strong> (37, hvorav 23 velgere), <strong>S\u00f8r -Amerika<\/strong> (32, hvorav 17 velgere), <strong>Afrika<\/strong> (29, hvorav 18 velgere), <strong>Nord -Amerika<\/strong> (28, hvorav 16 velgere), <strong>Mellom -Amerika<\/strong> (8, hvorav 4 velgere) e <strong>Oceania<\/strong> (4, alle velgere).<\/p>\n<div class=\"cp_wrapper cp_wrapper--fw mb-50\">\n<figure class=\"mm\"><picture class=\"img\" style=\"padding-top:79.540709812109%\"><source  media=\"(min-width: 1024px)\"><source  media=\"(min-width: 768px)\"><img decoding=\"async\" loading=\"lazy\" src=\"https:\/\/nordnesrepublikken.no\/wp-content\/uploads\/2025\/04\/1745470175_582_Hvem-er-som-velger-paven-og-bestemmer-kirkens-fremtid.jpg\" alt=\"Fridolin Ambongo, kardinal av afrikansk opprinnelse (studiepoeng Fran\u00e7ois-R\u00e9gis Salefran)\" width=\"3832\" height=\"3048\"><\/source><\/source><\/picture><\/figure>\n<\/p><\/div>\n<p>Landet som det st\u00f8rste antallet kardinaler kommer fra er<strong>Italia<\/strong>: Den lilla som er f\u00f8dt p\u00e5 halv\u00f8ya er bra <strong>51 (17 velgere og 34 ikke -velgere)<\/strong>lik omtrent en femtedel av totalen. USA f\u00f8lger (17 kardinaler, inkludert 10 velgere) og Spania (13, hvorav 8 velgere).<\/p>\n<h2><strong>Hva gj\u00f8r noen kardinaler &laquo;kvalifisert&raquo;<\/strong><\/h2>\n<p>Noen kardinaler blir vurdert <strong>&laquo;Pepobili&raquo;<\/strong>det vil si potensielle kandidater for rollen som Pontiff. Imidlertid er det ingen presis regel for \u00e5 skille de porporerte haugene til de som ikke er det, ogs\u00e5 fordi, i teorien, enhver kristen mann og s\u00f8libat kan velges pave. I praksis anses imidlertid de kardinalene som har noen egenskaper ansett som viktige som kvalifiserte: <strong>Politisk karisma<\/strong>, <strong>ikke for avansert alder, aldri har v\u00e6rt involvert i uklare skandaler eller hendelser og<\/strong>naturlig, <strong>en bred enighet blant velgerne<\/strong> av konklaven. Det m\u00e5 imidlertid sies at paven ikke alltid er valgt blant de mest popul\u00e6re kandidatene. I <strong>1978<\/strong>for eksempel er det f\u00e5 som satser p\u00e5 valget av den polske kardinal <strong>Karol Wojty\u0142a<\/strong>som ble <strong>Johannes Paul II<\/strong>. Ogs\u00e5 i <strong>2013<\/strong>valget av den argentinske sytti -seks -\u00e5ringen <strong>Jorge Mario Bergoglio<\/strong>bli <strong>Pave Francis<\/strong>det var en overraskelse: mange ans\u00e5 ham for gammel til \u00e5 g\u00e5 opp til pavelig tron.<\/p>\n<\/p><\/div>\n","protected":false},"excerpt":{"rendered":"<p>DE Kardinalerogs\u00e5 kalt lilla, er h\u00f8ye prelater utnevnt av paven. Fra de f\u00f8rste \u00e5rhundrene av<\/p>\n","protected":false},"author":1,"featured_media":3739,"comment_status":"closed","ping_status":"open","sticky":false,"template":"","format":"standard","meta":{"footnotes":""},"categories":[104],"tags":[1603,760,99,1604,1602,31,1182],"class_list":["post-3738","post","type-post","status-publish","format-standard","has-post-thumbnail","hentry","category-samfunn","tag-bestemmer","tag-fremtid","tag-hvem","tag-kirkens","tag-paven","tag-som","tag-velger","generate-columns","tablet-grid-50","mobile-grid-100","grid-parent","grid-33","resize-featured-image"],"yoast_head":"<!-- This site is optimized with the Yoast SEO plugin v24.4 - https:\/\/yoast.com\/wordpress\/plugins\/seo\/ -->\n<title>Hvem er som velger paven og bestemmer kirkens fremtid - Nordnesrepublikken<\/title>\n<meta name=\"robots\" content=\"index, follow, max-snippet:-1, max-image-preview:large, max-video-preview:-1\" \/>\n<link rel=\"canonical\" href=\"https:\/\/nordnesrepublikken.no\/index.php\/2025\/04\/24\/hvem-er-som-velger-paven-og-bestemmer-kirkens-fremtid\/\" \/>\n<meta property=\"og:locale\" content=\"nb_NO\" \/>\n<meta property=\"og:type\" content=\"article\" \/>\n<meta property=\"og:title\" content=\"Hvem er som velger paven og bestemmer kirkens fremtid - Nordnesrepublikken\" \/>\n<meta property=\"og:description\" content=\"DE Kardinalerogs\u00e5 kalt lilla, er h\u00f8ye prelater utnevnt av paven. Fra de f\u00f8rste \u00e5rhundrene av\" \/>\n<meta property=\"og:url\" content=\"https:\/\/nordnesrepublikken.no\/index.php\/2025\/04\/24\/hvem-er-som-velger-paven-og-bestemmer-kirkens-fremtid\/\" \/>\n<meta property=\"og:site_name\" content=\"Nordnesrepublikken\" \/>\n<meta property=\"article:published_time\" content=\"2025-04-24T04:49:35+00:00\" \/>\n<meta property=\"article:modified_time\" content=\"2025-04-24T04:49:40+00:00\" \/>\n<meta property=\"og:image\" content=\"https:\/\/nordnesrepublikken.no\/wp-content\/uploads\/2025\/04\/1745470175_Hvem-er-som-velger-paven-og-bestemmer-kirkens-fremtid-scaled.jpg\" \/>\n\t<meta property=\"og:image:width\" content=\"2560\" \/>\n\t<meta property=\"og:image:height\" content=\"1421\" \/>\n\t<meta property=\"og:image:type\" content=\"image\/jpeg\" \/>\n<meta name=\"author\" content=\"Ole Andersen\" \/>\n<meta name=\"twitter:card\" content=\"summary_large_image\" \/>\n<meta name=\"twitter:label1\" content=\"Skrevet av\" \/>\n\t<meta name=\"twitter:data1\" content=\"Ole Andersen\" \/>\n\t<meta name=\"twitter:label2\" content=\"Ansl. lesetid\" \/>\n\t<meta name=\"twitter:data2\" content=\"5 minutter\" \/>\n<script type=\"application\/ld+json\" class=\"yoast-schema-graph\">{\"@context\":\"https:\/\/schema.org\",\"@graph\":[{\"@type\":\"Article\",\"@id\":\"https:\/\/nordnesrepublikken.no\/index.php\/2025\/04\/24\/hvem-er-som-velger-paven-og-bestemmer-kirkens-fremtid\/#article\",\"isPartOf\":{\"@id\":\"https:\/\/nordnesrepublikken.no\/index.php\/2025\/04\/24\/hvem-er-som-velger-paven-og-bestemmer-kirkens-fremtid\/\"},\"author\":{\"name\":\"Ole Andersen\",\"@id\":\"https:\/\/nordnesrepublikken.no\/#\/schema\/person\/2e7e81935bab77882fffb79296240ff1\"},\"headline\":\"Hvem er som velger paven og bestemmer kirkens fremtid\",\"datePublished\":\"2025-04-24T04:49:35+00:00\",\"dateModified\":\"2025-04-24T04:49:40+00:00\",\"mainEntityOfPage\":{\"@id\":\"https:\/\/nordnesrepublikken.no\/index.php\/2025\/04\/24\/hvem-er-som-velger-paven-og-bestemmer-kirkens-fremtid\/\"},\"wordCount\":987,\"publisher\":{\"@id\":\"https:\/\/nordnesrepublikken.no\/#organization\"},\"image\":{\"@id\":\"https:\/\/nordnesrepublikken.no\/index.php\/2025\/04\/24\/hvem-er-som-velger-paven-og-bestemmer-kirkens-fremtid\/#primaryimage\"},\"thumbnailUrl\":\"https:\/\/nordnesrepublikken.no\/wp-content\/uploads\/2025\/04\/1745470175_Hvem-er-som-velger-paven-og-bestemmer-kirkens-fremtid-scaled.jpg\",\"keywords\":[\"bestemmer\",\"fremtid\",\"Hvem\",\"kirkens\",\"paven\",\"som\",\"velger\"],\"articleSection\":[\"Samfunn\"],\"inLanguage\":\"nb-NO\"},{\"@type\":\"WebPage\",\"@id\":\"https:\/\/nordnesrepublikken.no\/index.php\/2025\/04\/24\/hvem-er-som-velger-paven-og-bestemmer-kirkens-fremtid\/\",\"url\":\"https:\/\/nordnesrepublikken.no\/index.php\/2025\/04\/24\/hvem-er-som-velger-paven-og-bestemmer-kirkens-fremtid\/\",\"name\":\"Hvem er som velger paven og bestemmer kirkens fremtid - Nordnesrepublikken\",\"isPartOf\":{\"@id\":\"https:\/\/nordnesrepublikken.no\/#website\"},\"primaryImageOfPage\":{\"@id\":\"https:\/\/nordnesrepublikken.no\/index.php\/2025\/04\/24\/hvem-er-som-velger-paven-og-bestemmer-kirkens-fremtid\/#primaryimage\"},\"image\":{\"@id\":\"https:\/\/nordnesrepublikken.no\/index.php\/2025\/04\/24\/hvem-er-som-velger-paven-og-bestemmer-kirkens-fremtid\/#primaryimage\"},\"thumbnailUrl\":\"https:\/\/nordnesrepublikken.no\/wp-content\/uploads\/2025\/04\/1745470175_Hvem-er-som-velger-paven-og-bestemmer-kirkens-fremtid-scaled.jpg\",\"datePublished\":\"2025-04-24T04:49:35+00:00\",\"dateModified\":\"2025-04-24T04:49:40+00:00\",\"breadcrumb\":{\"@id\":\"https:\/\/nordnesrepublikken.no\/index.php\/2025\/04\/24\/hvem-er-som-velger-paven-og-bestemmer-kirkens-fremtid\/#breadcrumb\"},\"inLanguage\":\"nb-NO\",\"potentialAction\":[{\"@type\":\"ReadAction\",\"target\":[\"https:\/\/nordnesrepublikken.no\/index.php\/2025\/04\/24\/hvem-er-som-velger-paven-og-bestemmer-kirkens-fremtid\/\"]}]},{\"@type\":\"ImageObject\",\"inLanguage\":\"nb-NO\",\"@id\":\"https:\/\/nordnesrepublikken.no\/index.php\/2025\/04\/24\/hvem-er-som-velger-paven-og-bestemmer-kirkens-fremtid\/#primaryimage\",\"url\":\"https:\/\/nordnesrepublikken.no\/wp-content\/uploads\/2025\/04\/1745470175_Hvem-er-som-velger-paven-og-bestemmer-kirkens-fremtid-scaled.jpg\",\"contentUrl\":\"https:\/\/nordnesrepublikken.no\/wp-content\/uploads\/2025\/04\/1745470175_Hvem-er-som-velger-paven-og-bestemmer-kirkens-fremtid-scaled.jpg\",\"width\":2560,\"height\":1421,\"caption\":\"cardinali elettori papa\"},{\"@type\":\"BreadcrumbList\",\"@id\":\"https:\/\/nordnesrepublikken.no\/index.php\/2025\/04\/24\/hvem-er-som-velger-paven-og-bestemmer-kirkens-fremtid\/#breadcrumb\",\"itemListElement\":[{\"@type\":\"ListItem\",\"position\":1,\"name\":\"Home\",\"item\":\"https:\/\/nordnesrepublikken.no\/\"},{\"@type\":\"ListItem\",\"position\":2,\"name\":\"Hvem er som velger paven og bestemmer kirkens fremtid\"}]},{\"@type\":\"WebSite\",\"@id\":\"https:\/\/nordnesrepublikken.no\/#website\",\"url\":\"https:\/\/nordnesrepublikken.no\/\",\"name\":\"Nordnesrepublikken\",\"description\":\"Stemmer og Visjoner fra Republikkens Hjerte\",\"publisher\":{\"@id\":\"https:\/\/nordnesrepublikken.no\/#organization\"},\"potentialAction\":[{\"@type\":\"SearchAction\",\"target\":{\"@type\":\"EntryPoint\",\"urlTemplate\":\"https:\/\/nordnesrepublikken.no\/?s={search_term_string}\"},\"query-input\":{\"@type\":\"PropertyValueSpecification\",\"valueRequired\":true,\"valueName\":\"search_term_string\"}}],\"inLanguage\":\"nb-NO\"},{\"@type\":\"Organization\",\"@id\":\"https:\/\/nordnesrepublikken.no\/#organization\",\"name\":\"Nordnesrepublikken\",\"url\":\"https:\/\/nordnesrepublikken.no\/\",\"logo\":{\"@type\":\"ImageObject\",\"inLanguage\":\"nb-NO\",\"@id\":\"https:\/\/nordnesrepublikken.no\/#\/schema\/logo\/image\/\",\"url\":\"https:\/\/nordnesrepublikken.no\/wp-content\/uploads\/2025\/02\/cropped-nordnesrepublikken-2.png\",\"contentUrl\":\"https:\/\/nordnesrepublikken.no\/wp-content\/uploads\/2025\/02\/cropped-nordnesrepublikken-2.png\",\"width\":1248,\"height\":362,\"caption\":\"Nordnesrepublikken\"},\"image\":{\"@id\":\"https:\/\/nordnesrepublikken.no\/#\/schema\/logo\/image\/\"}},{\"@type\":\"Person\",\"@id\":\"https:\/\/nordnesrepublikken.no\/#\/schema\/person\/2e7e81935bab77882fffb79296240ff1\",\"name\":\"Ole Andersen\",\"image\":{\"@type\":\"ImageObject\",\"inLanguage\":\"nb-NO\",\"@id\":\"https:\/\/nordnesrepublikken.no\/#\/schema\/person\/image\/\",\"url\":\"https:\/\/nordnesrepublikken.no\/wp-content\/uploads\/2025\/02\/nordnesrepublikken-2-2-150x150.jpg\",\"contentUrl\":\"https:\/\/nordnesrepublikken.no\/wp-content\/uploads\/2025\/02\/nordnesrepublikken-2-2-150x150.jpg\",\"caption\":\"Ole Andersen\"},\"description\":\"Ettersom jeg vokste opp i Oslo, har jeg alltid v\u00e6rt fascinert av ordenes kraft og deres evne til \u00e5 skape endringer. Etter \u00e5 ha fullf\u00f8rt min utdannelse i kommunikasjon ved Universitetet i Bergen, fikk jeg muligheten til \u00e5 jobbe innen ulike medier, der jeg har s\u00f8kt \u00e5 belyse viktige samfunnssp\u00f8rsm\u00e5l. I dag, som redakt\u00f8r for Nordnesrepublikken, pr\u00f8ver jeg \u00e5 forene min kj\u00e6rlighet for journalistikk med min lidenskap for innovasjon og eventyr.\",\"sameAs\":[\"https:\/\/nordnesrepublikken.no\/\"]}]}<\/script>\n<!-- \/ Yoast SEO plugin. -->","yoast_head_json":{"title":"Hvem er som velger paven og bestemmer kirkens fremtid - Nordnesrepublikken","robots":{"index":"index","follow":"follow","max-snippet":"max-snippet:-1","max-image-preview":"max-image-preview:large","max-video-preview":"max-video-preview:-1"},"canonical":"https:\/\/nordnesrepublikken.no\/index.php\/2025\/04\/24\/hvem-er-som-velger-paven-og-bestemmer-kirkens-fremtid\/","og_locale":"nb_NO","og_type":"article","og_title":"Hvem er som velger paven og bestemmer kirkens fremtid - Nordnesrepublikken","og_description":"DE Kardinalerogs\u00e5 kalt lilla, er h\u00f8ye prelater utnevnt av paven. Fra de f\u00f8rste \u00e5rhundrene av","og_url":"https:\/\/nordnesrepublikken.no\/index.php\/2025\/04\/24\/hvem-er-som-velger-paven-og-bestemmer-kirkens-fremtid\/","og_site_name":"Nordnesrepublikken","article_published_time":"2025-04-24T04:49:35+00:00","article_modified_time":"2025-04-24T04:49:40+00:00","og_image":[{"width":2560,"height":1421,"url":"https:\/\/nordnesrepublikken.no\/wp-content\/uploads\/2025\/04\/1745470175_Hvem-er-som-velger-paven-og-bestemmer-kirkens-fremtid-scaled.jpg","type":"image\/jpeg"}],"author":"Ole Andersen","twitter_card":"summary_large_image","twitter_misc":{"Skrevet av":"Ole Andersen","Ansl. lesetid":"5 minutter"},"schema":{"@context":"https:\/\/schema.org","@graph":[{"@type":"Article","@id":"https:\/\/nordnesrepublikken.no\/index.php\/2025\/04\/24\/hvem-er-som-velger-paven-og-bestemmer-kirkens-fremtid\/#article","isPartOf":{"@id":"https:\/\/nordnesrepublikken.no\/index.php\/2025\/04\/24\/hvem-er-som-velger-paven-og-bestemmer-kirkens-fremtid\/"},"author":{"name":"Ole Andersen","@id":"https:\/\/nordnesrepublikken.no\/#\/schema\/person\/2e7e81935bab77882fffb79296240ff1"},"headline":"Hvem er som velger paven og bestemmer kirkens fremtid","datePublished":"2025-04-24T04:49:35+00:00","dateModified":"2025-04-24T04:49:40+00:00","mainEntityOfPage":{"@id":"https:\/\/nordnesrepublikken.no\/index.php\/2025\/04\/24\/hvem-er-som-velger-paven-og-bestemmer-kirkens-fremtid\/"},"wordCount":987,"publisher":{"@id":"https:\/\/nordnesrepublikken.no\/#organization"},"image":{"@id":"https:\/\/nordnesrepublikken.no\/index.php\/2025\/04\/24\/hvem-er-som-velger-paven-og-bestemmer-kirkens-fremtid\/#primaryimage"},"thumbnailUrl":"https:\/\/nordnesrepublikken.no\/wp-content\/uploads\/2025\/04\/1745470175_Hvem-er-som-velger-paven-og-bestemmer-kirkens-fremtid-scaled.jpg","keywords":["bestemmer","fremtid","Hvem","kirkens","paven","som","velger"],"articleSection":["Samfunn"],"inLanguage":"nb-NO"},{"@type":"WebPage","@id":"https:\/\/nordnesrepublikken.no\/index.php\/2025\/04\/24\/hvem-er-som-velger-paven-og-bestemmer-kirkens-fremtid\/","url":"https:\/\/nordnesrepublikken.no\/index.php\/2025\/04\/24\/hvem-er-som-velger-paven-og-bestemmer-kirkens-fremtid\/","name":"Hvem er som velger paven og bestemmer kirkens fremtid - Nordnesrepublikken","isPartOf":{"@id":"https:\/\/nordnesrepublikken.no\/#website"},"primaryImageOfPage":{"@id":"https:\/\/nordnesrepublikken.no\/index.php\/2025\/04\/24\/hvem-er-som-velger-paven-og-bestemmer-kirkens-fremtid\/#primaryimage"},"image":{"@id":"https:\/\/nordnesrepublikken.no\/index.php\/2025\/04\/24\/hvem-er-som-velger-paven-og-bestemmer-kirkens-fremtid\/#primaryimage"},"thumbnailUrl":"https:\/\/nordnesrepublikken.no\/wp-content\/uploads\/2025\/04\/1745470175_Hvem-er-som-velger-paven-og-bestemmer-kirkens-fremtid-scaled.jpg","datePublished":"2025-04-24T04:49:35+00:00","dateModified":"2025-04-24T04:49:40+00:00","breadcrumb":{"@id":"https:\/\/nordnesrepublikken.no\/index.php\/2025\/04\/24\/hvem-er-som-velger-paven-og-bestemmer-kirkens-fremtid\/#breadcrumb"},"inLanguage":"nb-NO","potentialAction":[{"@type":"ReadAction","target":["https:\/\/nordnesrepublikken.no\/index.php\/2025\/04\/24\/hvem-er-som-velger-paven-og-bestemmer-kirkens-fremtid\/"]}]},{"@type":"ImageObject","inLanguage":"nb-NO","@id":"https:\/\/nordnesrepublikken.no\/index.php\/2025\/04\/24\/hvem-er-som-velger-paven-og-bestemmer-kirkens-fremtid\/#primaryimage","url":"https:\/\/nordnesrepublikken.no\/wp-content\/uploads\/2025\/04\/1745470175_Hvem-er-som-velger-paven-og-bestemmer-kirkens-fremtid-scaled.jpg","contentUrl":"https:\/\/nordnesrepublikken.no\/wp-content\/uploads\/2025\/04\/1745470175_Hvem-er-som-velger-paven-og-bestemmer-kirkens-fremtid-scaled.jpg","width":2560,"height":1421,"caption":"cardinali elettori papa"},{"@type":"BreadcrumbList","@id":"https:\/\/nordnesrepublikken.no\/index.php\/2025\/04\/24\/hvem-er-som-velger-paven-og-bestemmer-kirkens-fremtid\/#breadcrumb","itemListElement":[{"@type":"ListItem","position":1,"name":"Home","item":"https:\/\/nordnesrepublikken.no\/"},{"@type":"ListItem","position":2,"name":"Hvem er som velger paven og bestemmer kirkens fremtid"}]},{"@type":"WebSite","@id":"https:\/\/nordnesrepublikken.no\/#website","url":"https:\/\/nordnesrepublikken.no\/","name":"Nordnesrepublikken","description":"Stemmer og Visjoner fra Republikkens Hjerte","publisher":{"@id":"https:\/\/nordnesrepublikken.no\/#organization"},"potentialAction":[{"@type":"SearchAction","target":{"@type":"EntryPoint","urlTemplate":"https:\/\/nordnesrepublikken.no\/?s={search_term_string}"},"query-input":{"@type":"PropertyValueSpecification","valueRequired":true,"valueName":"search_term_string"}}],"inLanguage":"nb-NO"},{"@type":"Organization","@id":"https:\/\/nordnesrepublikken.no\/#organization","name":"Nordnesrepublikken","url":"https:\/\/nordnesrepublikken.no\/","logo":{"@type":"ImageObject","inLanguage":"nb-NO","@id":"https:\/\/nordnesrepublikken.no\/#\/schema\/logo\/image\/","url":"https:\/\/nordnesrepublikken.no\/wp-content\/uploads\/2025\/02\/cropped-nordnesrepublikken-2.png","contentUrl":"https:\/\/nordnesrepublikken.no\/wp-content\/uploads\/2025\/02\/cropped-nordnesrepublikken-2.png","width":1248,"height":362,"caption":"Nordnesrepublikken"},"image":{"@id":"https:\/\/nordnesrepublikken.no\/#\/schema\/logo\/image\/"}},{"@type":"Person","@id":"https:\/\/nordnesrepublikken.no\/#\/schema\/person\/2e7e81935bab77882fffb79296240ff1","name":"Ole Andersen","image":{"@type":"ImageObject","inLanguage":"nb-NO","@id":"https:\/\/nordnesrepublikken.no\/#\/schema\/person\/image\/","url":"https:\/\/nordnesrepublikken.no\/wp-content\/uploads\/2025\/02\/nordnesrepublikken-2-2-150x150.jpg","contentUrl":"https:\/\/nordnesrepublikken.no\/wp-content\/uploads\/2025\/02\/nordnesrepublikken-2-2-150x150.jpg","caption":"Ole Andersen"},"description":"Ettersom jeg vokste opp i Oslo, har jeg alltid v\u00e6rt fascinert av ordenes kraft og deres evne til \u00e5 skape endringer. Etter \u00e5 ha fullf\u00f8rt min utdannelse i kommunikasjon ved Universitetet i Bergen, fikk jeg muligheten til \u00e5 jobbe innen ulike medier, der jeg har s\u00f8kt \u00e5 belyse viktige samfunnssp\u00f8rsm\u00e5l. I dag, som redakt\u00f8r for Nordnesrepublikken, pr\u00f8ver jeg \u00e5 forene min kj\u00e6rlighet for journalistikk med min lidenskap for innovasjon og eventyr.","sameAs":["https:\/\/nordnesrepublikken.no\/"]}]}},"_links":{"self":[{"href":"https:\/\/nordnesrepublikken.no\/index.php\/wp-json\/wp\/v2\/posts\/3738","targetHints":{"allow":["GET"]}}],"collection":[{"href":"https:\/\/nordnesrepublikken.no\/index.php\/wp-json\/wp\/v2\/posts"}],"about":[{"href":"https:\/\/nordnesrepublikken.no\/index.php\/wp-json\/wp\/v2\/types\/post"}],"author":[{"embeddable":true,"href":"https:\/\/nordnesrepublikken.no\/index.php\/wp-json\/wp\/v2\/users\/1"}],"replies":[{"embeddable":true,"href":"https:\/\/nordnesrepublikken.no\/index.php\/wp-json\/wp\/v2\/comments?post=3738"}],"version-history":[{"count":1,"href":"https:\/\/nordnesrepublikken.no\/index.php\/wp-json\/wp\/v2\/posts\/3738\/revisions"}],"predecessor-version":[{"id":3740,"href":"https:\/\/nordnesrepublikken.no\/index.php\/wp-json\/wp\/v2\/posts\/3738\/revisions\/3740"}],"wp:featuredmedia":[{"embeddable":true,"href":"https:\/\/nordnesrepublikken.no\/index.php\/wp-json\/wp\/v2\/media\/3739"}],"wp:attachment":[{"href":"https:\/\/nordnesrepublikken.no\/index.php\/wp-json\/wp\/v2\/media?parent=3738"}],"wp:term":[{"taxonomy":"category","embeddable":true,"href":"https:\/\/nordnesrepublikken.no\/index.php\/wp-json\/wp\/v2\/categories?post=3738"},{"taxonomy":"post_tag","embeddable":true,"href":"https:\/\/nordnesrepublikken.no\/index.php\/wp-json\/wp\/v2\/tags?post=3738"}],"curies":[{"name":"wp","href":"https:\/\/api.w.org\/{rel}","templated":true}]}}