{"id":3726,"date":"2025-04-23T23:50:33","date_gmt":"2025-04-23T21:50:33","guid":{"rendered":"https:\/\/nordnesrepublikken.no\/index.php\/2025\/04\/23\/historie-og-funn-av-et-geni-fra-forrige-arhundre\/"},"modified":"2025-04-23T23:50:36","modified_gmt":"2025-04-23T21:50:36","slug":"historie-og-funn-av-et-geni-fra-forrige-arhundre","status":"publish","type":"post","link":"https:\/\/nordnesrepublikken.no\/index.php\/2025\/04\/23\/historie-og-funn-av-et-geni-fra-forrige-arhundre\/","title":{"rendered":"Historie og funn av et geni fra forrige \u00e5rhundre"},"content":{"rendered":"<div>\n<div class=\"cp_wrapper cp_wrapper--fw mb-30 mb-20@tablet\">\n<figure class=\"mm\"><picture class=\"img\" style=\"padding-top:56.25%\"><source  media=\"(min-width: 1024px)\"><source  media=\"(min-width: 768px)\"><\/source><\/source><\/picture><\/figure>\n<\/p><\/div>\n<p>Kroppsbygningen som endret konseptene til <strong>rom<\/strong> og av <strong>tid<\/strong> med <strong>teori om relativitet<\/strong> og den ber\u00f8mte <strong><em>OG<\/em>=<em>MC<\/em><sup>2<\/sup><\/strong>Nobelprisen i <strong>1921<\/strong> for oppdagelsen av<strong>Fotoelektrisk effekt<\/strong>. Dette og mye mer var <strong>Albert Einstein<\/strong>rekonstruerer vi kortt hans spennende liv og dets ekstraordin\u00e6re intuisjoner i denne artikkelen.<\/p>\n<h2>Hvem han er og hva Albert Einstein gjorde<\/h2>\n<p><strong>Albert Einstein<\/strong>den tyske av det tjuende \u00e5rhundre av USA naturaliserte og sveitsiske, ble f\u00f8dt a <strong>Ulma<\/strong> (S\u00f8r -Tyskland) i <strong>1879<\/strong> av familie av <strong>J\u00f8disk opprinnelse<\/strong>. Etter noen bevegelser mellom Monaco og Milan, ankommer han Z\u00fcrich hvor han fullf\u00f8rer studiene med en <strong>doktorgrad<\/strong> I <strong>1905<\/strong>.<br \/>Dette \u00e5ret var en av <strong>Vendepunkt<\/strong> I Alberts historie, en ekstremt fruktbar periode der han publiserte Ben <strong>Seks flere forfattere<\/strong>. Blant disse artikkelen om<strong>Fotoelektrisk effekt<\/strong>som vil garantere ham <strong>Nobel<\/strong> I <strong>1921<\/strong>og tittelen Writing <em>P\u00e5 elektrodynamikken til bevegelige kropper<\/em> der vi finner en f\u00f8rste utstilling av teorien om <strong>Begrenset relativitet<\/strong>.<\/p>\n<div class=\"cp_wrapper cp_wrapper--fw mb-50\">\n<figure class=\"mm\"><picture class=\"img\" style=\"padding-top:86.5%\"><source  media=\"(min-width: 1024px)\"><source  media=\"(min-width: 768px)\"><img decoding=\"async\" loading=\"lazy\" src=\"https:\/\/nordnesrepublikken.no\/wp-content\/uploads\/2025\/04\/1745445033_776_Historie-og-funn-av-et-geni-fra-forrige-arhundre.jpg\" alt=\"Einstein_elsa\" width=\"1200\" height=\"1038\"><\/source><\/source><\/picture><\/figure>\n<\/p><\/div>\n<p>Mellom 1909 og 1914 underviste han i Z\u00fcrich, hvoretter han ble kalt til <strong>Berlin<\/strong> \u00e5 bli medlem av<strong>PRUSSIAN ACADEMY OF SCIENCES<\/strong>. Her fikk han <strong>Eksperimentell bekreftelse<\/strong> av sin teori om generell relativitet gjennom<strong>Solform\u00f8rkelse<\/strong> av <strong>1919<\/strong>.<br \/>Einstein ble igjen <strong>i Tyskland<\/strong> opp til <strong>1933<\/strong>til tross for at de i de \u00e5rene de stablet kritikk og kontinuerlige angrep av <strong>Nazi -tyske kolleger<\/strong>. Etter det klatret jeg <strong>Hitler<\/strong> til regjeringen, gikk til <strong>Princeton<\/strong>i New York State (USA). Her fortsatte studiene sine til <strong>1955<\/strong>\u00e5ret han gikk bort.<br \/>F\u00f8r han dro, satte imidlertid Albert Einstein sitt preg: han skrev en <strong>Pacifist foresp\u00f8rsel<\/strong> Til den dav\u00e6rende amerikanske presidenten <strong>Roosevelt<\/strong> <strong>imot<\/strong> Bruken av <strong>atomv\u00e5pen<\/strong>inviterer sin samtalepartner til \u00e5 &laquo;forbli menneskelig&raquo;.<\/p>\n<h2>Den fotoelektriske effekten<\/h2>\n<p>La oss starte med det som tillot ham \u00e5 f\u00e5 Nobelprisen. Det var <strong>1905<\/strong> og magasinet <em>Annalen Der Physik<\/em> Publisert<strong> Tre korte skrifter<\/strong> av de tjuefem \u00e5r gamle Einstein. Alle tre utsatt til en<strong>Det eneste store s\u00f8ket<\/strong>: viljen til <strong>endre<\/strong> de <strong>konsepter<\/strong> <strong>fundamental<\/strong> av elektromagnetisme, mekanikk og termodynamikk. Kort sagt, et definitivt modig tilsagn.<br \/>I den f\u00f8rste av disse tre skriftene med tittelen <em>P\u00e5 et heuristisk synspunkt ang\u00e5ende produksjon og transformasjon av lys<\/em> Einstein antok <strong>dobbel natur <\/strong>av lys: <strong>korpuskul\u00e6r<\/strong> Og <strong>b\u00f8lge<\/strong>. Lyset er ikke lenger bare en b\u00f8lge, men n\u00e5 og da er det sammensatt av korpuskler, r\u00e5der, <strong>Diskrete energipakker<\/strong>den s\u00e5 -kalt <strong>hvor mange<\/strong> eller <strong>fotoner<\/strong> Som Lewis omd\u00f8pte dem i 1926.<\/p>\n<div class=\"cp_wrapper cp_wrapper--fw mb-50\">\n<figure class=\"mm\"><picture class=\"img\" style=\"padding-top:66.351744186047%\"><source  media=\"(min-width: 1024px)\"><source  media=\"(min-width: 768px)\"><img decoding=\"async\" loading=\"lazy\" src=\"https:\/\/nordnesrepublikken.no\/wp-content\/uploads\/2025\/04\/1745445033_130_Historie-og-funn-av-et-geni-fra-forrige-arhundre.jpg\" alt=\"Bilde\" width=\"1376\" height=\"913\" class=\"js-seedtag-img\"><\/source><\/source><\/picture><\/figure>\n<\/p><\/div>\n<p>Nettopp fra disse f\u00f8rste studiene av Einstein henter hele <strong>debatt<\/strong> relatert til lysets doble natur som vil f\u00f8re til <strong>fundament<\/strong> av kvantemekanikk. Denne hypotesen var <strong>tolkende n\u00f8kkel<\/strong> av<strong>Fotoelektrisk effekt<\/strong>: n\u00e5r guder <strong>fotoner<\/strong> (en elektromagnetisk str\u00e5ling) <strong>de har<\/strong> Med en viss frekvens <strong>metalloverflate<\/strong>det <strong>avgir elektroner<\/strong>. For \u00e5 samhandle med overflaten er nettopp de diskrete pakkene med energi som gir energien til elektronene.<\/p>\n<div class=\"cp_wrapper cp_wrapper--fw mb-50\">\n<figure class=\"mm\"><picture class=\"img\" style=\"padding-top:70.512820512821%\"><source  media=\"(min-width: 1024px)\"><source  media=\"(min-width: 768px)\"><img decoding=\"async\" loading=\"lazy\" src=\"https:\/\/nordnesrepublikken.no\/wp-content\/uploads\/2025\/04\/1745445033_577_Historie-og-funn-av-et-geni-fra-forrige-arhundre.jpg\" alt=\"Effekt_fotoelektrisk\" width=\"546\" height=\"385\"><\/source><\/source><\/picture><\/figure>\n<\/p><\/div>\n<h2>Den begrensede relativiteten<\/h2>\n<p>Alltid i <strong>1905<\/strong> Albert Einstein hadde en annen fantastisk intuisjon. Ytterligere to av artiklene publisert p\u00e5 <em>Annalen<\/em> De vil sl\u00e5 sammen <strong>Spesiell relativitet<\/strong> eller <strong>begrenset<\/strong>. Utgangspunktet best\u00e5r av <strong>To postulater<\/strong>:<br \/>&#8211; <strong>lys<\/strong> beveger seg <strong>i tomrommet<\/strong> med en <strong>Fast hastighet &laquo;C&raquo;<\/strong>uavhengig av bevegelsens bevegelse;<br \/>&#8211; <strong>Lov om fysikk<\/strong> Jeg er <strong>det samme<\/strong> For alle observat\u00f8rer som er i <strong>Treghetsreferansesystemer<\/strong> (dvs. ikke underlagt ytre krefter som akselerasjon).<\/p>\n<p>Fra disse ansettelsene henter at <strong>motorsykkel<\/strong> er <strong>relatert til referansesystemet<\/strong> I alle tilfeller, <strong>Bortsett fra<\/strong> N\u00e5r den relative bevegelsen mellom to treghetsreferansesystemer n\u00e6rmer seg <strong>lyshastighet<\/strong>. Ikke relevansen av denne intuisjonen, teorien om spesiell relativitet ble ikke umiddelbart opplevd og av denne grunn <strong>Opprinnelig<\/strong> ble tatt med <strong>skepsis<\/strong>.<\/p>\n<div class=\"cp_wrapper cp_wrapper--fw mb-50\">\n<figure class=\"mm\"><picture class=\"img\" style=\"padding-top:66.417910447761%\"><source  media=\"(min-width: 1024px)\"><source  media=\"(min-width: 768px)\"><img decoding=\"async\" loading=\"lazy\" src=\"https:\/\/nordnesrepublikken.no\/wp-content\/uploads\/2025\/04\/1745445033_19_Historie-og-funn-av-et-geni-fra-forrige-arhundre.jpg\" alt=\"Energy_massa_veloingellaluce\" width=\"4288\" height=\"2848\" class=\"js-seedtag-img\"><\/source><\/source><\/picture><\/figure>\n<\/p><\/div>\n<p>Likevel fortsatte Einstein i selskapet sitt ved \u00e5 utvikle seg, i en artikkel fra 1907, den<strong>ekvivalens<\/strong> konseptuelt <strong>mellom masse og energi<\/strong>uttrykt av den ber\u00f8mte ligningen <strong><em>OG<\/em>=<em>MC<\/em><sup>2<\/sup><\/strong>. Hvor <strong>c<\/strong> Det er lysets hastighet.<\/p>\n<h2>Teori om generell relativitet<\/h2>\n<p>Ti \u00e5r senere, i <strong>1915<\/strong>Einstein publiserer <strong>Fullstendig teori om generell relativitet<\/strong>: en ny beskrivelse av arten av rom og tid s\u00e5 vel som saken og tyngdekraften, som er i stand til <strong>Forklar fenomener<\/strong> som virket <strong>Ikke<\/strong> svare p\u00e5 <strong>Lov om universell gravitasjon<\/strong> Av <strong>Newton<\/strong>. DE&#8217;<strong>univers<\/strong> kunne<strong> bli forvrengt<\/strong> p\u00e5 grunn av den relative bevegelsen e <strong>deformert<\/strong> fra <strong>Store masser<\/strong> som planeter eller stjerner. Av denne grunn ble lysstr\u00e5lene som passerte i n\u00e6rheten av en masse som solen, for eksempel forvrengt.<\/p>\n<div class=\"cp_wrapper cp_wrapper--fw mb-50\">\n<figure class=\"mm\"><picture class=\"img\" style=\"padding-top:58.339385136771%\"><source  media=\"(min-width: 1024px)\"><source  media=\"(min-width: 768px)\"><img decoding=\"async\" loading=\"lazy\" src=\"https:\/\/nordnesrepublikken.no\/wp-content\/uploads\/2025\/04\/1745445033_484_Historie-og-funn-av-et-geni-fra-forrige-arhundre.jpg\" alt=\"DISTRORT_SPAZIO_TEempo\" width=\"4131\" height=\"2410\"><\/source><\/source><\/picture><\/figure>\n<\/p><\/div>\n<p>Dette <strong>effekt<\/strong> av forvrengning ble bekreftet med solform\u00f8rkelsen 29. mai 1919. Ved denne anledningen var det to ekspedisjoner, hvorav den ene ledet av engelsk <strong>Arthur Eddington<\/strong> som kunngjorde bekreftelsen av Einsteins teori.<\/p>\n<h2>Hvor er Einsteins hjerne?<\/h2>\n<p>S\u00e6regenhet i historien til en av de st\u00f8rste fysikerne noensinne <strong>overg\u00e5r<\/strong> til og med \u00f8yeblikket av hans <strong>d\u00f8d<\/strong>. Albert Einstein hadde faktisk bedt om det <strong>bli kremert<\/strong> P\u00e5 tidspunktet for passasjen til bedre liv, og slik skjedde det, <strong>Bortsett fra<\/strong> det for <strong>hjernen hans<\/strong>. Forskerens hjernemateriale var <strong>fjernet<\/strong> av legen som tok seg av sin <strong>autopsi<\/strong>Thomas Harvey. De <strong>beholdt<\/strong> for godt <strong>30 \u00e5r<\/strong> Einsteins hjerne, hvoretter &#8211; da forskerens familie ble informert om situasjonen &#8211; bestemte seg for \u00e5 dele den inn i 240 deler. Hver av dem ble sendt til en forsker og <strong>st\u00f8rre del<\/strong> Det er fremdeles p\u00e5<strong>Princeton Hospital<\/strong>.<\/p>\n<\/p><\/div>\n","protected":false},"excerpt":{"rendered":"<p>Kroppsbygningen som endret konseptene til rom og av tid med teori om relativitet og den<\/p>\n","protected":false},"author":1,"featured_media":3727,"comment_status":"closed","ping_status":"open","sticky":false,"template":"","format":"standard","meta":{"footnotes":""},"categories":[104],"tags":[1589,1588,125,1205,1587,331],"class_list":["post-3726","post","type-post","status-publish","format-standard","has-post-thumbnail","hentry","category-samfunn","tag-arhundre","tag-forrige","tag-fra","tag-funn","tag-geni","tag-historie","generate-columns","tablet-grid-50","mobile-grid-100","grid-parent","grid-33","resize-featured-image"],"yoast_head":"<!-- This site is optimized with the Yoast SEO plugin v24.4 - https:\/\/yoast.com\/wordpress\/plugins\/seo\/ -->\n<title>Historie og funn av et geni fra forrige \u00e5rhundre - Nordnesrepublikken<\/title>\n<meta name=\"robots\" content=\"index, follow, max-snippet:-1, max-image-preview:large, max-video-preview:-1\" \/>\n<link rel=\"canonical\" href=\"https:\/\/nordnesrepublikken.no\/index.php\/2025\/04\/23\/historie-og-funn-av-et-geni-fra-forrige-arhundre\/\" \/>\n<meta property=\"og:locale\" content=\"nb_NO\" \/>\n<meta property=\"og:type\" content=\"article\" \/>\n<meta property=\"og:title\" content=\"Historie og funn av et geni fra forrige \u00e5rhundre - Nordnesrepublikken\" \/>\n<meta property=\"og:description\" content=\"Kroppsbygningen som endret konseptene til rom og av tid med teori om relativitet og den\" \/>\n<meta property=\"og:url\" content=\"https:\/\/nordnesrepublikken.no\/index.php\/2025\/04\/23\/historie-og-funn-av-et-geni-fra-forrige-arhundre\/\" \/>\n<meta property=\"og:site_name\" content=\"Nordnesrepublikken\" \/>\n<meta property=\"article:published_time\" content=\"2025-04-23T21:50:33+00:00\" \/>\n<meta property=\"article:modified_time\" content=\"2025-04-23T21:50:36+00:00\" \/>\n<meta property=\"og:image\" content=\"https:\/\/nordnesrepublikken.no\/wp-content\/uploads\/2025\/04\/1745445034_Historie-og-funn-av-et-geni-fra-forrige-arhundre.jpg\" \/>\n\t<meta property=\"og:image:width\" content=\"2510\" \/>\n\t<meta property=\"og:image:height\" content=\"1414\" \/>\n\t<meta property=\"og:image:type\" content=\"image\/jpeg\" \/>\n<meta name=\"author\" content=\"Ole Andersen\" \/>\n<meta name=\"twitter:card\" content=\"summary_large_image\" \/>\n<meta name=\"twitter:label1\" content=\"Skrevet av\" \/>\n\t<meta name=\"twitter:data1\" content=\"Ole Andersen\" \/>\n\t<meta name=\"twitter:label2\" content=\"Ansl. lesetid\" \/>\n\t<meta name=\"twitter:data2\" content=\"4 minutter\" \/>\n<script type=\"application\/ld+json\" class=\"yoast-schema-graph\">{\"@context\":\"https:\/\/schema.org\",\"@graph\":[{\"@type\":\"Article\",\"@id\":\"https:\/\/nordnesrepublikken.no\/index.php\/2025\/04\/23\/historie-og-funn-av-et-geni-fra-forrige-arhundre\/#article\",\"isPartOf\":{\"@id\":\"https:\/\/nordnesrepublikken.no\/index.php\/2025\/04\/23\/historie-og-funn-av-et-geni-fra-forrige-arhundre\/\"},\"author\":{\"name\":\"Ole Andersen\",\"@id\":\"https:\/\/nordnesrepublikken.no\/#\/schema\/person\/2e7e81935bab77882fffb79296240ff1\"},\"headline\":\"Historie og funn av et geni fra forrige \u00e5rhundre\",\"datePublished\":\"2025-04-23T21:50:33+00:00\",\"dateModified\":\"2025-04-23T21:50:36+00:00\",\"mainEntityOfPage\":{\"@id\":\"https:\/\/nordnesrepublikken.no\/index.php\/2025\/04\/23\/historie-og-funn-av-et-geni-fra-forrige-arhundre\/\"},\"wordCount\":837,\"publisher\":{\"@id\":\"https:\/\/nordnesrepublikken.no\/#organization\"},\"image\":{\"@id\":\"https:\/\/nordnesrepublikken.no\/index.php\/2025\/04\/23\/historie-og-funn-av-et-geni-fra-forrige-arhundre\/#primaryimage\"},\"thumbnailUrl\":\"https:\/\/nordnesrepublikken.no\/wp-content\/uploads\/2025\/04\/1745445034_Historie-og-funn-av-et-geni-fra-forrige-arhundre.jpg\",\"keywords\":[\"\u00e5rhundre\",\"forrige\",\"fra\",\"Funn\",\"geni\",\"historie\"],\"articleSection\":[\"Samfunn\"],\"inLanguage\":\"nb-NO\"},{\"@type\":\"WebPage\",\"@id\":\"https:\/\/nordnesrepublikken.no\/index.php\/2025\/04\/23\/historie-og-funn-av-et-geni-fra-forrige-arhundre\/\",\"url\":\"https:\/\/nordnesrepublikken.no\/index.php\/2025\/04\/23\/historie-og-funn-av-et-geni-fra-forrige-arhundre\/\",\"name\":\"Historie og funn av et geni fra forrige \u00e5rhundre - Nordnesrepublikken\",\"isPartOf\":{\"@id\":\"https:\/\/nordnesrepublikken.no\/#website\"},\"primaryImageOfPage\":{\"@id\":\"https:\/\/nordnesrepublikken.no\/index.php\/2025\/04\/23\/historie-og-funn-av-et-geni-fra-forrige-arhundre\/#primaryimage\"},\"image\":{\"@id\":\"https:\/\/nordnesrepublikken.no\/index.php\/2025\/04\/23\/historie-og-funn-av-et-geni-fra-forrige-arhundre\/#primaryimage\"},\"thumbnailUrl\":\"https:\/\/nordnesrepublikken.no\/wp-content\/uploads\/2025\/04\/1745445034_Historie-og-funn-av-et-geni-fra-forrige-arhundre.jpg\",\"datePublished\":\"2025-04-23T21:50:33+00:00\",\"dateModified\":\"2025-04-23T21:50:36+00:00\",\"breadcrumb\":{\"@id\":\"https:\/\/nordnesrepublikken.no\/index.php\/2025\/04\/23\/historie-og-funn-av-et-geni-fra-forrige-arhundre\/#breadcrumb\"},\"inLanguage\":\"nb-NO\",\"potentialAction\":[{\"@type\":\"ReadAction\",\"target\":[\"https:\/\/nordnesrepublikken.no\/index.php\/2025\/04\/23\/historie-og-funn-av-et-geni-fra-forrige-arhundre\/\"]}]},{\"@type\":\"ImageObject\",\"inLanguage\":\"nb-NO\",\"@id\":\"https:\/\/nordnesrepublikken.no\/index.php\/2025\/04\/23\/historie-og-funn-av-et-geni-fra-forrige-arhundre\/#primaryimage\",\"url\":\"https:\/\/nordnesrepublikken.no\/wp-content\/uploads\/2025\/04\/1745445034_Historie-og-funn-av-et-geni-fra-forrige-arhundre.jpg\",\"contentUrl\":\"https:\/\/nordnesrepublikken.no\/wp-content\/uploads\/2025\/04\/1745445034_Historie-og-funn-av-et-geni-fra-forrige-arhundre.jpg\",\"width\":2510,\"height\":1414,\"caption\":\"albert einstein\"},{\"@type\":\"BreadcrumbList\",\"@id\":\"https:\/\/nordnesrepublikken.no\/index.php\/2025\/04\/23\/historie-og-funn-av-et-geni-fra-forrige-arhundre\/#breadcrumb\",\"itemListElement\":[{\"@type\":\"ListItem\",\"position\":1,\"name\":\"Home\",\"item\":\"https:\/\/nordnesrepublikken.no\/\"},{\"@type\":\"ListItem\",\"position\":2,\"name\":\"Historie og funn av et geni fra forrige \u00e5rhundre\"}]},{\"@type\":\"WebSite\",\"@id\":\"https:\/\/nordnesrepublikken.no\/#website\",\"url\":\"https:\/\/nordnesrepublikken.no\/\",\"name\":\"Nordnesrepublikken\",\"description\":\"Stemmer og Visjoner fra Republikkens Hjerte\",\"publisher\":{\"@id\":\"https:\/\/nordnesrepublikken.no\/#organization\"},\"potentialAction\":[{\"@type\":\"SearchAction\",\"target\":{\"@type\":\"EntryPoint\",\"urlTemplate\":\"https:\/\/nordnesrepublikken.no\/?s={search_term_string}\"},\"query-input\":{\"@type\":\"PropertyValueSpecification\",\"valueRequired\":true,\"valueName\":\"search_term_string\"}}],\"inLanguage\":\"nb-NO\"},{\"@type\":\"Organization\",\"@id\":\"https:\/\/nordnesrepublikken.no\/#organization\",\"name\":\"Nordnesrepublikken\",\"url\":\"https:\/\/nordnesrepublikken.no\/\",\"logo\":{\"@type\":\"ImageObject\",\"inLanguage\":\"nb-NO\",\"@id\":\"https:\/\/nordnesrepublikken.no\/#\/schema\/logo\/image\/\",\"url\":\"https:\/\/nordnesrepublikken.no\/wp-content\/uploads\/2025\/02\/cropped-nordnesrepublikken-2.png\",\"contentUrl\":\"https:\/\/nordnesrepublikken.no\/wp-content\/uploads\/2025\/02\/cropped-nordnesrepublikken-2.png\",\"width\":1248,\"height\":362,\"caption\":\"Nordnesrepublikken\"},\"image\":{\"@id\":\"https:\/\/nordnesrepublikken.no\/#\/schema\/logo\/image\/\"}},{\"@type\":\"Person\",\"@id\":\"https:\/\/nordnesrepublikken.no\/#\/schema\/person\/2e7e81935bab77882fffb79296240ff1\",\"name\":\"Ole Andersen\",\"image\":{\"@type\":\"ImageObject\",\"inLanguage\":\"nb-NO\",\"@id\":\"https:\/\/nordnesrepublikken.no\/#\/schema\/person\/image\/\",\"url\":\"https:\/\/nordnesrepublikken.no\/wp-content\/uploads\/2025\/02\/nordnesrepublikken-2-2-150x150.jpg\",\"contentUrl\":\"https:\/\/nordnesrepublikken.no\/wp-content\/uploads\/2025\/02\/nordnesrepublikken-2-2-150x150.jpg\",\"caption\":\"Ole Andersen\"},\"description\":\"Ettersom jeg vokste opp i Oslo, har jeg alltid v\u00e6rt fascinert av ordenes kraft og deres evne til \u00e5 skape endringer. Etter \u00e5 ha fullf\u00f8rt min utdannelse i kommunikasjon ved Universitetet i Bergen, fikk jeg muligheten til \u00e5 jobbe innen ulike medier, der jeg har s\u00f8kt \u00e5 belyse viktige samfunnssp\u00f8rsm\u00e5l. I dag, som redakt\u00f8r for Nordnesrepublikken, pr\u00f8ver jeg \u00e5 forene min kj\u00e6rlighet for journalistikk med min lidenskap for innovasjon og eventyr.\",\"sameAs\":[\"https:\/\/nordnesrepublikken.no\/\"]}]}<\/script>\n<!-- \/ Yoast SEO plugin. -->","yoast_head_json":{"title":"Historie og funn av et geni fra forrige \u00e5rhundre - Nordnesrepublikken","robots":{"index":"index","follow":"follow","max-snippet":"max-snippet:-1","max-image-preview":"max-image-preview:large","max-video-preview":"max-video-preview:-1"},"canonical":"https:\/\/nordnesrepublikken.no\/index.php\/2025\/04\/23\/historie-og-funn-av-et-geni-fra-forrige-arhundre\/","og_locale":"nb_NO","og_type":"article","og_title":"Historie og funn av et geni fra forrige \u00e5rhundre - Nordnesrepublikken","og_description":"Kroppsbygningen som endret konseptene til rom og av tid med teori om relativitet og den","og_url":"https:\/\/nordnesrepublikken.no\/index.php\/2025\/04\/23\/historie-og-funn-av-et-geni-fra-forrige-arhundre\/","og_site_name":"Nordnesrepublikken","article_published_time":"2025-04-23T21:50:33+00:00","article_modified_time":"2025-04-23T21:50:36+00:00","og_image":[{"width":2510,"height":1414,"url":"https:\/\/nordnesrepublikken.no\/wp-content\/uploads\/2025\/04\/1745445034_Historie-og-funn-av-et-geni-fra-forrige-arhundre.jpg","type":"image\/jpeg"}],"author":"Ole Andersen","twitter_card":"summary_large_image","twitter_misc":{"Skrevet av":"Ole Andersen","Ansl. lesetid":"4 minutter"},"schema":{"@context":"https:\/\/schema.org","@graph":[{"@type":"Article","@id":"https:\/\/nordnesrepublikken.no\/index.php\/2025\/04\/23\/historie-og-funn-av-et-geni-fra-forrige-arhundre\/#article","isPartOf":{"@id":"https:\/\/nordnesrepublikken.no\/index.php\/2025\/04\/23\/historie-og-funn-av-et-geni-fra-forrige-arhundre\/"},"author":{"name":"Ole Andersen","@id":"https:\/\/nordnesrepublikken.no\/#\/schema\/person\/2e7e81935bab77882fffb79296240ff1"},"headline":"Historie og funn av et geni fra forrige \u00e5rhundre","datePublished":"2025-04-23T21:50:33+00:00","dateModified":"2025-04-23T21:50:36+00:00","mainEntityOfPage":{"@id":"https:\/\/nordnesrepublikken.no\/index.php\/2025\/04\/23\/historie-og-funn-av-et-geni-fra-forrige-arhundre\/"},"wordCount":837,"publisher":{"@id":"https:\/\/nordnesrepublikken.no\/#organization"},"image":{"@id":"https:\/\/nordnesrepublikken.no\/index.php\/2025\/04\/23\/historie-og-funn-av-et-geni-fra-forrige-arhundre\/#primaryimage"},"thumbnailUrl":"https:\/\/nordnesrepublikken.no\/wp-content\/uploads\/2025\/04\/1745445034_Historie-og-funn-av-et-geni-fra-forrige-arhundre.jpg","keywords":["\u00e5rhundre","forrige","fra","Funn","geni","historie"],"articleSection":["Samfunn"],"inLanguage":"nb-NO"},{"@type":"WebPage","@id":"https:\/\/nordnesrepublikken.no\/index.php\/2025\/04\/23\/historie-og-funn-av-et-geni-fra-forrige-arhundre\/","url":"https:\/\/nordnesrepublikken.no\/index.php\/2025\/04\/23\/historie-og-funn-av-et-geni-fra-forrige-arhundre\/","name":"Historie og funn av et geni fra forrige \u00e5rhundre - Nordnesrepublikken","isPartOf":{"@id":"https:\/\/nordnesrepublikken.no\/#website"},"primaryImageOfPage":{"@id":"https:\/\/nordnesrepublikken.no\/index.php\/2025\/04\/23\/historie-og-funn-av-et-geni-fra-forrige-arhundre\/#primaryimage"},"image":{"@id":"https:\/\/nordnesrepublikken.no\/index.php\/2025\/04\/23\/historie-og-funn-av-et-geni-fra-forrige-arhundre\/#primaryimage"},"thumbnailUrl":"https:\/\/nordnesrepublikken.no\/wp-content\/uploads\/2025\/04\/1745445034_Historie-og-funn-av-et-geni-fra-forrige-arhundre.jpg","datePublished":"2025-04-23T21:50:33+00:00","dateModified":"2025-04-23T21:50:36+00:00","breadcrumb":{"@id":"https:\/\/nordnesrepublikken.no\/index.php\/2025\/04\/23\/historie-og-funn-av-et-geni-fra-forrige-arhundre\/#breadcrumb"},"inLanguage":"nb-NO","potentialAction":[{"@type":"ReadAction","target":["https:\/\/nordnesrepublikken.no\/index.php\/2025\/04\/23\/historie-og-funn-av-et-geni-fra-forrige-arhundre\/"]}]},{"@type":"ImageObject","inLanguage":"nb-NO","@id":"https:\/\/nordnesrepublikken.no\/index.php\/2025\/04\/23\/historie-og-funn-av-et-geni-fra-forrige-arhundre\/#primaryimage","url":"https:\/\/nordnesrepublikken.no\/wp-content\/uploads\/2025\/04\/1745445034_Historie-og-funn-av-et-geni-fra-forrige-arhundre.jpg","contentUrl":"https:\/\/nordnesrepublikken.no\/wp-content\/uploads\/2025\/04\/1745445034_Historie-og-funn-av-et-geni-fra-forrige-arhundre.jpg","width":2510,"height":1414,"caption":"albert einstein"},{"@type":"BreadcrumbList","@id":"https:\/\/nordnesrepublikken.no\/index.php\/2025\/04\/23\/historie-og-funn-av-et-geni-fra-forrige-arhundre\/#breadcrumb","itemListElement":[{"@type":"ListItem","position":1,"name":"Home","item":"https:\/\/nordnesrepublikken.no\/"},{"@type":"ListItem","position":2,"name":"Historie og funn av et geni fra forrige \u00e5rhundre"}]},{"@type":"WebSite","@id":"https:\/\/nordnesrepublikken.no\/#website","url":"https:\/\/nordnesrepublikken.no\/","name":"Nordnesrepublikken","description":"Stemmer og Visjoner fra Republikkens Hjerte","publisher":{"@id":"https:\/\/nordnesrepublikken.no\/#organization"},"potentialAction":[{"@type":"SearchAction","target":{"@type":"EntryPoint","urlTemplate":"https:\/\/nordnesrepublikken.no\/?s={search_term_string}"},"query-input":{"@type":"PropertyValueSpecification","valueRequired":true,"valueName":"search_term_string"}}],"inLanguage":"nb-NO"},{"@type":"Organization","@id":"https:\/\/nordnesrepublikken.no\/#organization","name":"Nordnesrepublikken","url":"https:\/\/nordnesrepublikken.no\/","logo":{"@type":"ImageObject","inLanguage":"nb-NO","@id":"https:\/\/nordnesrepublikken.no\/#\/schema\/logo\/image\/","url":"https:\/\/nordnesrepublikken.no\/wp-content\/uploads\/2025\/02\/cropped-nordnesrepublikken-2.png","contentUrl":"https:\/\/nordnesrepublikken.no\/wp-content\/uploads\/2025\/02\/cropped-nordnesrepublikken-2.png","width":1248,"height":362,"caption":"Nordnesrepublikken"},"image":{"@id":"https:\/\/nordnesrepublikken.no\/#\/schema\/logo\/image\/"}},{"@type":"Person","@id":"https:\/\/nordnesrepublikken.no\/#\/schema\/person\/2e7e81935bab77882fffb79296240ff1","name":"Ole Andersen","image":{"@type":"ImageObject","inLanguage":"nb-NO","@id":"https:\/\/nordnesrepublikken.no\/#\/schema\/person\/image\/","url":"https:\/\/nordnesrepublikken.no\/wp-content\/uploads\/2025\/02\/nordnesrepublikken-2-2-150x150.jpg","contentUrl":"https:\/\/nordnesrepublikken.no\/wp-content\/uploads\/2025\/02\/nordnesrepublikken-2-2-150x150.jpg","caption":"Ole Andersen"},"description":"Ettersom jeg vokste opp i Oslo, har jeg alltid v\u00e6rt fascinert av ordenes kraft og deres evne til \u00e5 skape endringer. Etter \u00e5 ha fullf\u00f8rt min utdannelse i kommunikasjon ved Universitetet i Bergen, fikk jeg muligheten til \u00e5 jobbe innen ulike medier, der jeg har s\u00f8kt \u00e5 belyse viktige samfunnssp\u00f8rsm\u00e5l. I dag, som redakt\u00f8r for Nordnesrepublikken, pr\u00f8ver jeg \u00e5 forene min kj\u00e6rlighet for journalistikk med min lidenskap for innovasjon og eventyr.","sameAs":["https:\/\/nordnesrepublikken.no\/"]}]}},"_links":{"self":[{"href":"https:\/\/nordnesrepublikken.no\/index.php\/wp-json\/wp\/v2\/posts\/3726","targetHints":{"allow":["GET"]}}],"collection":[{"href":"https:\/\/nordnesrepublikken.no\/index.php\/wp-json\/wp\/v2\/posts"}],"about":[{"href":"https:\/\/nordnesrepublikken.no\/index.php\/wp-json\/wp\/v2\/types\/post"}],"author":[{"embeddable":true,"href":"https:\/\/nordnesrepublikken.no\/index.php\/wp-json\/wp\/v2\/users\/1"}],"replies":[{"embeddable":true,"href":"https:\/\/nordnesrepublikken.no\/index.php\/wp-json\/wp\/v2\/comments?post=3726"}],"version-history":[{"count":1,"href":"https:\/\/nordnesrepublikken.no\/index.php\/wp-json\/wp\/v2\/posts\/3726\/revisions"}],"predecessor-version":[{"id":3728,"href":"https:\/\/nordnesrepublikken.no\/index.php\/wp-json\/wp\/v2\/posts\/3726\/revisions\/3728"}],"wp:featuredmedia":[{"embeddable":true,"href":"https:\/\/nordnesrepublikken.no\/index.php\/wp-json\/wp\/v2\/media\/3727"}],"wp:attachment":[{"href":"https:\/\/nordnesrepublikken.no\/index.php\/wp-json\/wp\/v2\/media?parent=3726"}],"wp:term":[{"taxonomy":"category","embeddable":true,"href":"https:\/\/nordnesrepublikken.no\/index.php\/wp-json\/wp\/v2\/categories?post=3726"},{"taxonomy":"post_tag","embeddable":true,"href":"https:\/\/nordnesrepublikken.no\/index.php\/wp-json\/wp\/v2\/tags?post=3726"}],"curies":[{"name":"wp","href":"https:\/\/api.w.org\/{rel}","templated":true}]}}