{"id":3720,"date":"2025-04-23T19:49:52","date_gmt":"2025-04-23T17:49:52","guid":{"rendered":"https:\/\/nordnesrepublikken.no\/index.php\/2025\/04\/23\/hvorfor-er-omradet-sa-seismisk\/"},"modified":"2025-04-23T19:49:53","modified_gmt":"2025-04-23T17:49:53","slug":"hvorfor-er-omradet-sa-seismisk","status":"publish","type":"post","link":"https:\/\/nordnesrepublikken.no\/index.php\/2025\/04\/23\/hvorfor-er-omradet-sa-seismisk\/","title":{"rendered":"Hvorfor er omr\u00e5det s\u00e5 seismisk?"},"content":{"rendered":"<div>\n<div class=\"cp_wrapper cp_wrapper--fw mb-30 mb-20@tablet\">\n<figure class=\"mm\"><picture class=\"img\" style=\"padding-top:56.25%\"><source  media=\"(min-width: 1024px)\"><source  media=\"(min-width: 768px)\"><\/source><\/source><\/picture><\/figure>\n<\/p><\/div>\n<p>Et sterkt sjokk av<strong> jordskjelv av<\/strong> <strong>st\u00f8rrelsesorden 6.2<\/strong> Han traff det vestlige Tyrkia og spesielt Istanbul i dag 23. april 2025 kl 12:49 rom (11:49 italienere), med et episenter i <strong>Marmara Sea<\/strong> N\u00e6r byen Silivri og omtrent 80 km fra byen p\u00e5 Bosphorus. Sjokket &#8211; med en ganske beskjeden dybde av <strong>10 km <\/strong>&#8211; ble fulgt av minst 8 andre jordskjelv, hvorav den mest intense st\u00f8rrelsen p\u00e5 5,9. Jordskjelvet for\u00e5rsaket skrekk for befolkningen, som str\u00f8mmet ut i gaten, men for \u00f8yeblikket <strong>Det er ingen viktige ofre eller skade<\/strong>selv om forskjellige bygninger kollapset og minst 150 mennesker ble skadet.<\/p>\n<p>Marmara Sea -omr\u00e5det er preget av en viktig seismisitet, med mange jordskjelv over st\u00f8rrelsesorden 7.0, p\u00e5 grunn av sin posisjon omtrent 20 km fra <strong>Nordanatolisk feil<\/strong>eller <strong>Nord -anatolsk feil<\/strong>en nesten lang struktur <strong>1500 km<\/strong> som krysser omr\u00e5det nord for T\u00fcrkiye i \u00f8st-vest-retning, parallelt med den s\u00f8rlige kysten av Svartehavet, og markerer grensen mellom den eurasiske plaketten og den anatoliske mikroplacca. Det er en feil som ligner et geologisk synspunkt til den mest ber\u00f8mte faglia i San Andreas i USA. Nord-anatolisk feil absorberer en stor del av den horisontale bevegelsen (<strong>23-24 millimeter per \u00e5r<\/strong>) Mellom den eurasiske plaketten og den anatoliske mikroplacca, dyttet vestover av den arabiske platen. Denne progressive ansamlingen av energi langs feilen gir opphav til de intense jordskjelvene som er registrert i omr\u00e5det.<\/p>\n<div class=\"cp_wrapper cp_wrapper--fw mb-50\">\n<figure class=\"mm\"><picture class=\"img\" style=\"padding-top:62.594142259414%\"><source  media=\"(min-width: 1024px)\"><source  media=\"(min-width: 768px)\"><img decoding=\"async\" loading=\"lazy\" src=\"https:\/\/nordnesrepublikken.no\/wp-content\/uploads\/2025\/04\/1745430592_621_Hvorfor-er-omradet-sa-seismisk.jpg\" alt=\"Anatolian North Fault\" width=\"2390\" height=\"1496\"><\/source><\/source><\/picture><\/figure>\n<\/p><\/div>\n<p>I dag var det mest intense jordskjelvet i det vestlige marginomr\u00e5det av feilen siden <strong>1999<\/strong>da et voldelig jordskjelv med st\u00f8rrelsesorden 7,6 traff omr\u00e5det 17. august <strong>Izmit <\/strong>&#8211; en av de mest befolkede i tucia &#8211; for\u00e5rsaker <strong>18.000 ofre<\/strong>og 12. november for\u00e5rsaket et jordskjelv p\u00e5 7,2 styrke ytterligere <strong>800 ofre<\/strong> i omr\u00e5det <strong>D\u00fczce<\/strong>.<\/p>\n<p>Den nord-anatoliske er ikke den eneste viktige feilen i T\u00fcrkiye: langs den \u00f8stlige delen av landet driver den <strong>East Fault<\/strong>om <strong>500 km<\/strong> og indikert i syrin i figuren over, ansvarlig for det voldelige jordskjelvet i st\u00f8rrelsesorden 7,8 som rammet Tucia og Syria i 2023, og for\u00e5rsaket over 52 000 ofre.<\/p>\n<\/p><\/div>\n","protected":false},"excerpt":{"rendered":"<p>Et sterkt sjokk av jordskjelv av st\u00f8rrelsesorden 6.2 Han traff det vestlige Tyrkia og spesielt<\/p>\n","protected":false},"author":1,"featured_media":3721,"comment_status":"closed","ping_status":"open","sticky":false,"template":"","format":"standard","meta":{"footnotes":""},"categories":[24],"tags":[101,1583,1472,1584],"class_list":["post-3720","post","type-post","status-publish","format-standard","has-post-thumbnail","hentry","category-vitenskap","tag-hvorfor","tag-omradet","tag-sa","tag-seismisk","generate-columns","tablet-grid-50","mobile-grid-100","grid-parent","grid-33","resize-featured-image"],"yoast_head":"<!-- This site is optimized with the Yoast SEO plugin v24.4 - https:\/\/yoast.com\/wordpress\/plugins\/seo\/ -->\n<title>Hvorfor er omr\u00e5det s\u00e5 seismisk? - Nordnesrepublikken<\/title>\n<meta name=\"robots\" content=\"index, follow, max-snippet:-1, max-image-preview:large, max-video-preview:-1\" \/>\n<link rel=\"canonical\" href=\"https:\/\/nordnesrepublikken.no\/index.php\/2025\/04\/23\/hvorfor-er-omradet-sa-seismisk\/\" \/>\n<meta property=\"og:locale\" content=\"nb_NO\" \/>\n<meta property=\"og:type\" content=\"article\" \/>\n<meta property=\"og:title\" content=\"Hvorfor er omr\u00e5det s\u00e5 seismisk? - Nordnesrepublikken\" \/>\n<meta property=\"og:description\" content=\"Et sterkt sjokk av jordskjelv av st\u00f8rrelsesorden 6.2 Han traff det vestlige Tyrkia og spesielt\" \/>\n<meta property=\"og:url\" content=\"https:\/\/nordnesrepublikken.no\/index.php\/2025\/04\/23\/hvorfor-er-omradet-sa-seismisk\/\" \/>\n<meta property=\"og:site_name\" content=\"Nordnesrepublikken\" \/>\n<meta property=\"article:published_time\" content=\"2025-04-23T17:49:52+00:00\" \/>\n<meta property=\"article:modified_time\" content=\"2025-04-23T17:49:53+00:00\" \/>\n<meta property=\"og:image\" content=\"https:\/\/nordnesrepublikken.no\/wp-content\/uploads\/2025\/04\/1745430592_Hvorfor-er-omradet-sa-seismisk.jpg\" \/>\n\t<meta property=\"og:image:width\" content=\"1494\" \/>\n\t<meta property=\"og:image:height\" content=\"992\" \/>\n\t<meta property=\"og:image:type\" content=\"image\/jpeg\" \/>\n<meta name=\"author\" content=\"Ole Andersen\" \/>\n<meta name=\"twitter:card\" content=\"summary_large_image\" \/>\n<meta name=\"twitter:label1\" content=\"Skrevet av\" \/>\n\t<meta name=\"twitter:data1\" content=\"Ole Andersen\" \/>\n\t<meta name=\"twitter:label2\" content=\"Ansl. lesetid\" \/>\n\t<meta name=\"twitter:data2\" content=\"2 minutter\" \/>\n<script type=\"application\/ld+json\" class=\"yoast-schema-graph\">{\"@context\":\"https:\/\/schema.org\",\"@graph\":[{\"@type\":\"Article\",\"@id\":\"https:\/\/nordnesrepublikken.no\/index.php\/2025\/04\/23\/hvorfor-er-omradet-sa-seismisk\/#article\",\"isPartOf\":{\"@id\":\"https:\/\/nordnesrepublikken.no\/index.php\/2025\/04\/23\/hvorfor-er-omradet-sa-seismisk\/\"},\"author\":{\"name\":\"Ole Andersen\",\"@id\":\"https:\/\/nordnesrepublikken.no\/#\/schema\/person\/2e7e81935bab77882fffb79296240ff1\"},\"headline\":\"Hvorfor er omr\u00e5det s\u00e5 seismisk?\",\"datePublished\":\"2025-04-23T17:49:52+00:00\",\"dateModified\":\"2025-04-23T17:49:53+00:00\",\"mainEntityOfPage\":{\"@id\":\"https:\/\/nordnesrepublikken.no\/index.php\/2025\/04\/23\/hvorfor-er-omradet-sa-seismisk\/\"},\"wordCount\":329,\"publisher\":{\"@id\":\"https:\/\/nordnesrepublikken.no\/#organization\"},\"image\":{\"@id\":\"https:\/\/nordnesrepublikken.no\/index.php\/2025\/04\/23\/hvorfor-er-omradet-sa-seismisk\/#primaryimage\"},\"thumbnailUrl\":\"https:\/\/nordnesrepublikken.no\/wp-content\/uploads\/2025\/04\/1745430592_Hvorfor-er-omradet-sa-seismisk.jpg\",\"keywords\":[\"hvorfor\",\"omr\u00e5det\",\"s\u00e5\",\"seismisk\"],\"articleSection\":[\"Vitenskap\"],\"inLanguage\":\"nb-NO\"},{\"@type\":\"WebPage\",\"@id\":\"https:\/\/nordnesrepublikken.no\/index.php\/2025\/04\/23\/hvorfor-er-omradet-sa-seismisk\/\",\"url\":\"https:\/\/nordnesrepublikken.no\/index.php\/2025\/04\/23\/hvorfor-er-omradet-sa-seismisk\/\",\"name\":\"Hvorfor er omr\u00e5det s\u00e5 seismisk? - Nordnesrepublikken\",\"isPartOf\":{\"@id\":\"https:\/\/nordnesrepublikken.no\/#website\"},\"primaryImageOfPage\":{\"@id\":\"https:\/\/nordnesrepublikken.no\/index.php\/2025\/04\/23\/hvorfor-er-omradet-sa-seismisk\/#primaryimage\"},\"image\":{\"@id\":\"https:\/\/nordnesrepublikken.no\/index.php\/2025\/04\/23\/hvorfor-er-omradet-sa-seismisk\/#primaryimage\"},\"thumbnailUrl\":\"https:\/\/nordnesrepublikken.no\/wp-content\/uploads\/2025\/04\/1745430592_Hvorfor-er-omradet-sa-seismisk.jpg\",\"datePublished\":\"2025-04-23T17:49:52+00:00\",\"dateModified\":\"2025-04-23T17:49:53+00:00\",\"breadcrumb\":{\"@id\":\"https:\/\/nordnesrepublikken.no\/index.php\/2025\/04\/23\/hvorfor-er-omradet-sa-seismisk\/#breadcrumb\"},\"inLanguage\":\"nb-NO\",\"potentialAction\":[{\"@type\":\"ReadAction\",\"target\":[\"https:\/\/nordnesrepublikken.no\/index.php\/2025\/04\/23\/hvorfor-er-omradet-sa-seismisk\/\"]}]},{\"@type\":\"ImageObject\",\"inLanguage\":\"nb-NO\",\"@id\":\"https:\/\/nordnesrepublikken.no\/index.php\/2025\/04\/23\/hvorfor-er-omradet-sa-seismisk\/#primaryimage\",\"url\":\"https:\/\/nordnesrepublikken.no\/wp-content\/uploads\/2025\/04\/1745430592_Hvorfor-er-omradet-sa-seismisk.jpg\",\"contentUrl\":\"https:\/\/nordnesrepublikken.no\/wp-content\/uploads\/2025\/04\/1745430592_Hvorfor-er-omradet-sa-seismisk.jpg\",\"width\":1494,\"height\":992,\"caption\":\"terremoto istanbul\"},{\"@type\":\"BreadcrumbList\",\"@id\":\"https:\/\/nordnesrepublikken.no\/index.php\/2025\/04\/23\/hvorfor-er-omradet-sa-seismisk\/#breadcrumb\",\"itemListElement\":[{\"@type\":\"ListItem\",\"position\":1,\"name\":\"Home\",\"item\":\"https:\/\/nordnesrepublikken.no\/\"},{\"@type\":\"ListItem\",\"position\":2,\"name\":\"Hvorfor er omr\u00e5det s\u00e5 seismisk?\"}]},{\"@type\":\"WebSite\",\"@id\":\"https:\/\/nordnesrepublikken.no\/#website\",\"url\":\"https:\/\/nordnesrepublikken.no\/\",\"name\":\"Nordnesrepublikken\",\"description\":\"Stemmer og Visjoner fra Republikkens Hjerte\",\"publisher\":{\"@id\":\"https:\/\/nordnesrepublikken.no\/#organization\"},\"potentialAction\":[{\"@type\":\"SearchAction\",\"target\":{\"@type\":\"EntryPoint\",\"urlTemplate\":\"https:\/\/nordnesrepublikken.no\/?s={search_term_string}\"},\"query-input\":{\"@type\":\"PropertyValueSpecification\",\"valueRequired\":true,\"valueName\":\"search_term_string\"}}],\"inLanguage\":\"nb-NO\"},{\"@type\":\"Organization\",\"@id\":\"https:\/\/nordnesrepublikken.no\/#organization\",\"name\":\"Nordnesrepublikken\",\"url\":\"https:\/\/nordnesrepublikken.no\/\",\"logo\":{\"@type\":\"ImageObject\",\"inLanguage\":\"nb-NO\",\"@id\":\"https:\/\/nordnesrepublikken.no\/#\/schema\/logo\/image\/\",\"url\":\"https:\/\/nordnesrepublikken.no\/wp-content\/uploads\/2025\/02\/cropped-nordnesrepublikken-2.png\",\"contentUrl\":\"https:\/\/nordnesrepublikken.no\/wp-content\/uploads\/2025\/02\/cropped-nordnesrepublikken-2.png\",\"width\":1248,\"height\":362,\"caption\":\"Nordnesrepublikken\"},\"image\":{\"@id\":\"https:\/\/nordnesrepublikken.no\/#\/schema\/logo\/image\/\"}},{\"@type\":\"Person\",\"@id\":\"https:\/\/nordnesrepublikken.no\/#\/schema\/person\/2e7e81935bab77882fffb79296240ff1\",\"name\":\"Ole Andersen\",\"image\":{\"@type\":\"ImageObject\",\"inLanguage\":\"nb-NO\",\"@id\":\"https:\/\/nordnesrepublikken.no\/#\/schema\/person\/image\/\",\"url\":\"https:\/\/nordnesrepublikken.no\/wp-content\/uploads\/2025\/02\/nordnesrepublikken-2-2-150x150.jpg\",\"contentUrl\":\"https:\/\/nordnesrepublikken.no\/wp-content\/uploads\/2025\/02\/nordnesrepublikken-2-2-150x150.jpg\",\"caption\":\"Ole Andersen\"},\"description\":\"Ettersom jeg vokste opp i Oslo, har jeg alltid v\u00e6rt fascinert av ordenes kraft og deres evne til \u00e5 skape endringer. Etter \u00e5 ha fullf\u00f8rt min utdannelse i kommunikasjon ved Universitetet i Bergen, fikk jeg muligheten til \u00e5 jobbe innen ulike medier, der jeg har s\u00f8kt \u00e5 belyse viktige samfunnssp\u00f8rsm\u00e5l. I dag, som redakt\u00f8r for Nordnesrepublikken, pr\u00f8ver jeg \u00e5 forene min kj\u00e6rlighet for journalistikk med min lidenskap for innovasjon og eventyr.\",\"sameAs\":[\"https:\/\/nordnesrepublikken.no\/\"]}]}<\/script>\n<!-- \/ Yoast SEO plugin. -->","yoast_head_json":{"title":"Hvorfor er omr\u00e5det s\u00e5 seismisk? - Nordnesrepublikken","robots":{"index":"index","follow":"follow","max-snippet":"max-snippet:-1","max-image-preview":"max-image-preview:large","max-video-preview":"max-video-preview:-1"},"canonical":"https:\/\/nordnesrepublikken.no\/index.php\/2025\/04\/23\/hvorfor-er-omradet-sa-seismisk\/","og_locale":"nb_NO","og_type":"article","og_title":"Hvorfor er omr\u00e5det s\u00e5 seismisk? - Nordnesrepublikken","og_description":"Et sterkt sjokk av jordskjelv av st\u00f8rrelsesorden 6.2 Han traff det vestlige Tyrkia og spesielt","og_url":"https:\/\/nordnesrepublikken.no\/index.php\/2025\/04\/23\/hvorfor-er-omradet-sa-seismisk\/","og_site_name":"Nordnesrepublikken","article_published_time":"2025-04-23T17:49:52+00:00","article_modified_time":"2025-04-23T17:49:53+00:00","og_image":[{"width":1494,"height":992,"url":"https:\/\/nordnesrepublikken.no\/wp-content\/uploads\/2025\/04\/1745430592_Hvorfor-er-omradet-sa-seismisk.jpg","type":"image\/jpeg"}],"author":"Ole Andersen","twitter_card":"summary_large_image","twitter_misc":{"Skrevet av":"Ole Andersen","Ansl. lesetid":"2 minutter"},"schema":{"@context":"https:\/\/schema.org","@graph":[{"@type":"Article","@id":"https:\/\/nordnesrepublikken.no\/index.php\/2025\/04\/23\/hvorfor-er-omradet-sa-seismisk\/#article","isPartOf":{"@id":"https:\/\/nordnesrepublikken.no\/index.php\/2025\/04\/23\/hvorfor-er-omradet-sa-seismisk\/"},"author":{"name":"Ole Andersen","@id":"https:\/\/nordnesrepublikken.no\/#\/schema\/person\/2e7e81935bab77882fffb79296240ff1"},"headline":"Hvorfor er omr\u00e5det s\u00e5 seismisk?","datePublished":"2025-04-23T17:49:52+00:00","dateModified":"2025-04-23T17:49:53+00:00","mainEntityOfPage":{"@id":"https:\/\/nordnesrepublikken.no\/index.php\/2025\/04\/23\/hvorfor-er-omradet-sa-seismisk\/"},"wordCount":329,"publisher":{"@id":"https:\/\/nordnesrepublikken.no\/#organization"},"image":{"@id":"https:\/\/nordnesrepublikken.no\/index.php\/2025\/04\/23\/hvorfor-er-omradet-sa-seismisk\/#primaryimage"},"thumbnailUrl":"https:\/\/nordnesrepublikken.no\/wp-content\/uploads\/2025\/04\/1745430592_Hvorfor-er-omradet-sa-seismisk.jpg","keywords":["hvorfor","omr\u00e5det","s\u00e5","seismisk"],"articleSection":["Vitenskap"],"inLanguage":"nb-NO"},{"@type":"WebPage","@id":"https:\/\/nordnesrepublikken.no\/index.php\/2025\/04\/23\/hvorfor-er-omradet-sa-seismisk\/","url":"https:\/\/nordnesrepublikken.no\/index.php\/2025\/04\/23\/hvorfor-er-omradet-sa-seismisk\/","name":"Hvorfor er omr\u00e5det s\u00e5 seismisk? - Nordnesrepublikken","isPartOf":{"@id":"https:\/\/nordnesrepublikken.no\/#website"},"primaryImageOfPage":{"@id":"https:\/\/nordnesrepublikken.no\/index.php\/2025\/04\/23\/hvorfor-er-omradet-sa-seismisk\/#primaryimage"},"image":{"@id":"https:\/\/nordnesrepublikken.no\/index.php\/2025\/04\/23\/hvorfor-er-omradet-sa-seismisk\/#primaryimage"},"thumbnailUrl":"https:\/\/nordnesrepublikken.no\/wp-content\/uploads\/2025\/04\/1745430592_Hvorfor-er-omradet-sa-seismisk.jpg","datePublished":"2025-04-23T17:49:52+00:00","dateModified":"2025-04-23T17:49:53+00:00","breadcrumb":{"@id":"https:\/\/nordnesrepublikken.no\/index.php\/2025\/04\/23\/hvorfor-er-omradet-sa-seismisk\/#breadcrumb"},"inLanguage":"nb-NO","potentialAction":[{"@type":"ReadAction","target":["https:\/\/nordnesrepublikken.no\/index.php\/2025\/04\/23\/hvorfor-er-omradet-sa-seismisk\/"]}]},{"@type":"ImageObject","inLanguage":"nb-NO","@id":"https:\/\/nordnesrepublikken.no\/index.php\/2025\/04\/23\/hvorfor-er-omradet-sa-seismisk\/#primaryimage","url":"https:\/\/nordnesrepublikken.no\/wp-content\/uploads\/2025\/04\/1745430592_Hvorfor-er-omradet-sa-seismisk.jpg","contentUrl":"https:\/\/nordnesrepublikken.no\/wp-content\/uploads\/2025\/04\/1745430592_Hvorfor-er-omradet-sa-seismisk.jpg","width":1494,"height":992,"caption":"terremoto istanbul"},{"@type":"BreadcrumbList","@id":"https:\/\/nordnesrepublikken.no\/index.php\/2025\/04\/23\/hvorfor-er-omradet-sa-seismisk\/#breadcrumb","itemListElement":[{"@type":"ListItem","position":1,"name":"Home","item":"https:\/\/nordnesrepublikken.no\/"},{"@type":"ListItem","position":2,"name":"Hvorfor er omr\u00e5det s\u00e5 seismisk?"}]},{"@type":"WebSite","@id":"https:\/\/nordnesrepublikken.no\/#website","url":"https:\/\/nordnesrepublikken.no\/","name":"Nordnesrepublikken","description":"Stemmer og Visjoner fra Republikkens Hjerte","publisher":{"@id":"https:\/\/nordnesrepublikken.no\/#organization"},"potentialAction":[{"@type":"SearchAction","target":{"@type":"EntryPoint","urlTemplate":"https:\/\/nordnesrepublikken.no\/?s={search_term_string}"},"query-input":{"@type":"PropertyValueSpecification","valueRequired":true,"valueName":"search_term_string"}}],"inLanguage":"nb-NO"},{"@type":"Organization","@id":"https:\/\/nordnesrepublikken.no\/#organization","name":"Nordnesrepublikken","url":"https:\/\/nordnesrepublikken.no\/","logo":{"@type":"ImageObject","inLanguage":"nb-NO","@id":"https:\/\/nordnesrepublikken.no\/#\/schema\/logo\/image\/","url":"https:\/\/nordnesrepublikken.no\/wp-content\/uploads\/2025\/02\/cropped-nordnesrepublikken-2.png","contentUrl":"https:\/\/nordnesrepublikken.no\/wp-content\/uploads\/2025\/02\/cropped-nordnesrepublikken-2.png","width":1248,"height":362,"caption":"Nordnesrepublikken"},"image":{"@id":"https:\/\/nordnesrepublikken.no\/#\/schema\/logo\/image\/"}},{"@type":"Person","@id":"https:\/\/nordnesrepublikken.no\/#\/schema\/person\/2e7e81935bab77882fffb79296240ff1","name":"Ole Andersen","image":{"@type":"ImageObject","inLanguage":"nb-NO","@id":"https:\/\/nordnesrepublikken.no\/#\/schema\/person\/image\/","url":"https:\/\/nordnesrepublikken.no\/wp-content\/uploads\/2025\/02\/nordnesrepublikken-2-2-150x150.jpg","contentUrl":"https:\/\/nordnesrepublikken.no\/wp-content\/uploads\/2025\/02\/nordnesrepublikken-2-2-150x150.jpg","caption":"Ole Andersen"},"description":"Ettersom jeg vokste opp i Oslo, har jeg alltid v\u00e6rt fascinert av ordenes kraft og deres evne til \u00e5 skape endringer. Etter \u00e5 ha fullf\u00f8rt min utdannelse i kommunikasjon ved Universitetet i Bergen, fikk jeg muligheten til \u00e5 jobbe innen ulike medier, der jeg har s\u00f8kt \u00e5 belyse viktige samfunnssp\u00f8rsm\u00e5l. I dag, som redakt\u00f8r for Nordnesrepublikken, pr\u00f8ver jeg \u00e5 forene min kj\u00e6rlighet for journalistikk med min lidenskap for innovasjon og eventyr.","sameAs":["https:\/\/nordnesrepublikken.no\/"]}]}},"_links":{"self":[{"href":"https:\/\/nordnesrepublikken.no\/index.php\/wp-json\/wp\/v2\/posts\/3720","targetHints":{"allow":["GET"]}}],"collection":[{"href":"https:\/\/nordnesrepublikken.no\/index.php\/wp-json\/wp\/v2\/posts"}],"about":[{"href":"https:\/\/nordnesrepublikken.no\/index.php\/wp-json\/wp\/v2\/types\/post"}],"author":[{"embeddable":true,"href":"https:\/\/nordnesrepublikken.no\/index.php\/wp-json\/wp\/v2\/users\/1"}],"replies":[{"embeddable":true,"href":"https:\/\/nordnesrepublikken.no\/index.php\/wp-json\/wp\/v2\/comments?post=3720"}],"version-history":[{"count":1,"href":"https:\/\/nordnesrepublikken.no\/index.php\/wp-json\/wp\/v2\/posts\/3720\/revisions"}],"predecessor-version":[{"id":3722,"href":"https:\/\/nordnesrepublikken.no\/index.php\/wp-json\/wp\/v2\/posts\/3720\/revisions\/3722"}],"wp:featuredmedia":[{"embeddable":true,"href":"https:\/\/nordnesrepublikken.no\/index.php\/wp-json\/wp\/v2\/media\/3721"}],"wp:attachment":[{"href":"https:\/\/nordnesrepublikken.no\/index.php\/wp-json\/wp\/v2\/media?parent=3720"}],"wp:term":[{"taxonomy":"category","embeddable":true,"href":"https:\/\/nordnesrepublikken.no\/index.php\/wp-json\/wp\/v2\/categories?post=3720"},{"taxonomy":"post_tag","embeddable":true,"href":"https:\/\/nordnesrepublikken.no\/index.php\/wp-json\/wp\/v2\/tags?post=3720"}],"curies":[{"name":"wp","href":"https:\/\/api.w.org\/{rel}","templated":true}]}}