{"id":3714,"date":"2025-04-23T16:49:34","date_gmt":"2025-04-23T14:49:34","guid":{"rendered":"https:\/\/nordnesrepublikken.no\/index.php\/2025\/04\/23\/for-en-betydning-har-dette-pontifiske-symbolet\/"},"modified":"2025-04-23T16:49:35","modified_gmt":"2025-04-23T14:49:35","slug":"for-en-betydning-har-dette-pontifiske-symbolet","status":"publish","type":"post","link":"https:\/\/nordnesrepublikken.no\/index.php\/2025\/04\/23\/for-en-betydning-har-dette-pontifiske-symbolet\/","title":{"rendered":"For en betydning har dette pontifiske symbolet"},"content":{"rendered":"<div>\n<div class=\"cp_wrapper cp_wrapper--fw mb-30 mb-20@tablet\">\n<figure class=\"mm\"><picture class=\"img\" style=\"padding-top:56.25%\"><source  media=\"(min-width: 1024px)\"><source  media=\"(min-width: 768px)\"><\/source><\/source><\/picture><\/figure>\n<\/p><\/div>\n<p>DE&#8217;<strong>Fiskerring<\/strong> Det er et av tegnene p\u00e5<strong> Pave<\/strong>: den er slitt (til ringfingeren til h\u00f8yre) ved noen liturgiske anledninger, og generelt er den laget av gull eller gyllen s\u00f8lv. I dag har en <strong>Bare symbolsk verdi <\/strong>(representerer den pavelige kraften), men tidligere ble den brukt som <strong>forsegle<\/strong> for \u00e5 autentisere dokumentene. Ringen er forskjellig fra pave til pave og ofte i fortiden avbildet <strong>Peter i fiskehandlingen<\/strong>: Dette er grunnen til at &laquo;fiskeren&raquo; blir sagt. Imidlertid er denne ikonografien ikke obligatorisk, og de siste pavene har foretrukket \u00e5 bruke forskjellige symboler.<br \/>I mange \u00e5rhundrer, opp til <strong>1996<\/strong>The <strong>Rite av knusing<\/strong>der ringen ble \u00f8delagt, etter pavens d\u00f8d, av kardinal Camerlengo med en spesiell hammer.<\/p>\n<h2>Hva er fiskerens ring og hva du mener<\/h2>\n<p>Fiskeringen, ogs\u00e5 kalt pavelig ring eller <strong>Piscatorial ring<\/strong> (Fra latin <em>Anulus piscatoris<\/em>) er et av de mest kjente symbolene p\u00e5 paven og representerer den pavelige kraften. Opprinnelsen er ikke kjent: Den f\u00f8rste attestasjonen stammer fra pontifikatet til <strong>Clemente IV,<\/strong> At i \u00e5r 1265, kort tid etter valget, nevnte ringen i et brev til nev\u00f8en hans Pietro Grossi. Stammer tilbake til <strong>Tretti hundre<\/strong>p\u00e5 den annen side, den f\u00f8rste attesten av Peters ikonografi i \u00e5 kaste garnene. Tidligere ble det brukt som en segl, det vil si at det var en <strong>slags stempel<\/strong> At pontiffen brukte, etter \u00e5 ha dyppet den i kokende voks, for \u00e5 autentisere private handlinger og noen andre dokumenter. Offentlige dokumenter ble ekskludert, som forseglet med smeltet bly. Bruken av ringen som en sel endte p\u00e5 det nittende \u00e5rhundre, men juvelen har holdt seg i bruk med <strong>Symboliske funksjoner<\/strong>.<\/p>\n<div class=\"cp_wrapper cp_wrapper--fw mb-50\">\n<figure class=\"mm\"><picture class=\"img\" style=\"padding-top:127.34375%\"><source  media=\"(min-width: 1024px)\"><source  media=\"(min-width: 768px)\"><img decoding=\"async\" loading=\"lazy\" src=\"https:\/\/nordnesrepublikken.no\/wp-content\/uploads\/2025\/04\/1745419774_50_For-en-betydning-har-dette-pontifiske-symbolet.jpg\" alt=\"Francis med fiskeringen\" width=\"1024\" height=\"1304\"><\/source><\/source><\/picture><\/figure>\n<\/p><\/div>\n<h2><strong>Fordi det sies &laquo;av fiskeren&raquo;<\/strong><\/h2>\n<p>Ringen er forskjellig for hver pontiff. Mange ringer avbildet St. Peter, ansett som den f\u00f8rste paven av historien, i handlingen av <strong>Kast nettet fra en b\u00e5t<\/strong>. Denne ikonografien blir forklart gjennom en episode som er fortalt i evangeliene: Jesu m\u00f8te med Peter, en fisker hvis virkelige navn var Simone. I f\u00f8lge den evangeliske historien inviterte Jesus fiskeren sammen med sine f\u00f8lgesvenner til \u00e5 bli med ham i forkynnelsen av de gode nyhetene. Vi leser i Luca -evangeliet:<\/p>\n<blockquote>\n<p>Jesus sa til Simone: &laquo;Ikke frykt; fra n\u00e5 av vil du v\u00e6re en fisker av menn&raquo;. Og trekk b\u00e5tene p\u00e5 bakken, forlot alt og fulgte ham.<\/p>\n<\/blockquote>\n<p>Fra denne episoden henter ikonografien og i forlengelse av pavelige ringen navn.<\/p>\n<div class=\"cp_wrapper cp_wrapper--fw mb-50\">\n<figure class=\"mm\"><picture class=\"img\" style=\"padding-top:100%\"><source  media=\"(min-width: 1024px)\"><source  media=\"(min-width: 768px)\"><img decoding=\"async\" loading=\"lazy\" src=\"https:\/\/nordnesrepublikken.no\/wp-content\/uploads\/2025\/04\/1745419774_192_For-en-betydning-har-dette-pontifiske-symbolet.jpg\" alt=\"Figur p\u00e5 ringen til Leo XIII\" width=\"190\" height=\"190\" class=\"js-seedtag-img\"><\/source><\/source><\/picture><\/figure>\n<\/p><\/div>\n<p>Pavene har imidlertid ikke alltid valgt denne tegningen for ringen sin: for eksempel mange ringer avbildet <strong>Pietro uten garnene<\/strong> og uten andre referanser til fiske, eller <strong>Andre kristne symboler<\/strong>. P\u00e5 kanten b\u00e6rer imidlertid ringen alltid paven.<\/p>\n<h2><strong>Fordi fiskeringen ble \u00f8delagt da en pave d\u00f8de<\/strong><\/h2>\n<p>I mange \u00e5rhundrer har tradisjonen som fiskerringen, etter pavens d\u00f8d, v\u00e6rt i bruk <strong>ble \u00f8delagt<\/strong>. Skikken ble brukt for \u00e5 forhindre at noen passer til ringen og signerer dokumenter i Pontiff -navnet. De <strong>Camerlengo Cardinal<\/strong> (som har ansvaret for \u00e5 &laquo;holde&raquo; den hellige se mellom en pave og utnevnelse av etterf\u00f8lgeren) hadde oppgaven med \u00e5 \u00f8delegge ringen med en hammer. Denne skikken ble eliminert etter utstedelsen i 1996 av den apostoliske grunnloven <em>Dominici Gregis universer<\/em> ved <strong>Johannes Paul II<\/strong>. I dag er ringen bare &laquo;steinet&raquo;, det vil si at tegningene er strenge for \u00e5 &laquo;avbryte&raquo; den. Noen paver har det i stedet <strong>donere<\/strong>. I 2004 ble for eksempel Johannes Paul II symbolsk til San Giuseppe, og senere ble juvelen satt inn i et maleri av helgenen som ble holdt i et kloster av Wadowice, i Polen.<\/p>\n<h2><strong>Fiskeringen i dag<\/strong><\/h2>\n<p>Hver pontiff kan velge ringen han foretrekker, om de to siste, <strong>Benedict XVI<\/strong> Han valgte en gullring, mens Francesco valgte et mer n\u00f8kternt objekt i Golden Silver som b\u00e6rer bildet av St. Peter med n\u00f8klene. Ikke alle pavene har jevnlig slitt piscatorialringen, og noen foretrakk \u00e5 bruke<strong>Episkopal ring<\/strong>tildelt biskopene p\u00e5 tidspunktet for avtalen. Francesco hadde for eksempel piscatorialringen bare ved noen liturgiske anledninger, og foretrakk den episkopale ringen i alle andre tilfeller.<\/p>\n<div class=\"cp_wrapper cp_wrapper--fw mb-50\">\n<figure class=\"mm\"><picture class=\"img\" style=\"padding-top:150%\"><source  media=\"(min-width: 1024px)\"><source  media=\"(min-width: 768px)\"><img decoding=\"async\" loading=\"lazy\" src=\"https:\/\/nordnesrepublikken.no\/wp-content\/uploads\/2025\/04\/1745419774_0_For-en-betydning-har-dette-pontifiske-symbolet.jpg\" alt=\"Benedict XVI med fiskeringen\" width=\"400\" height=\"600\"><\/source><\/source><\/picture><\/figure>\n<\/p><\/div>\n<\/p><\/div>\n","protected":false},"excerpt":{"rendered":"<p>DE&#8217;Fiskerring Det er et av tegnene p\u00e5 Pave: den er slitt (til ringfingeren til h\u00f8yre)<\/p>\n","protected":false},"author":1,"featured_media":3715,"comment_status":"closed","ping_status":"open","sticky":false,"template":"","format":"standard","meta":{"footnotes":""},"categories":[104],"tags":[1578,185,179,1579,375],"class_list":["post-3714","post","type-post","status-publish","format-standard","has-post-thumbnail","hentry","category-samfunn","tag-betydning","tag-dette","tag-har","tag-pontifiske","tag-symbolet","generate-columns","tablet-grid-50","mobile-grid-100","grid-parent","grid-33","resize-featured-image"],"yoast_head":"<!-- This site is optimized with the Yoast SEO plugin v24.4 - https:\/\/yoast.com\/wordpress\/plugins\/seo\/ -->\n<title>For en betydning har dette pontifiske symbolet - Nordnesrepublikken<\/title>\n<meta name=\"robots\" content=\"index, follow, max-snippet:-1, max-image-preview:large, max-video-preview:-1\" \/>\n<link rel=\"canonical\" href=\"https:\/\/nordnesrepublikken.no\/index.php\/2025\/04\/23\/for-en-betydning-har-dette-pontifiske-symbolet\/\" \/>\n<meta property=\"og:locale\" content=\"nb_NO\" \/>\n<meta property=\"og:type\" content=\"article\" \/>\n<meta property=\"og:title\" content=\"For en betydning har dette pontifiske symbolet - Nordnesrepublikken\" \/>\n<meta property=\"og:description\" content=\"DE&#8217;Fiskerring Det er et av tegnene p\u00e5 Pave: den er slitt (til ringfingeren til h\u00f8yre)\" \/>\n<meta property=\"og:url\" content=\"https:\/\/nordnesrepublikken.no\/index.php\/2025\/04\/23\/for-en-betydning-har-dette-pontifiske-symbolet\/\" \/>\n<meta property=\"og:site_name\" content=\"Nordnesrepublikken\" \/>\n<meta property=\"article:published_time\" content=\"2025-04-23T14:49:34+00:00\" \/>\n<meta property=\"article:modified_time\" content=\"2025-04-23T14:49:35+00:00\" \/>\n<meta property=\"og:image\" content=\"https:\/\/nordnesrepublikken.no\/wp-content\/uploads\/2025\/04\/1745419774_For-en-betydning-har-dette-pontifiske-symbolet.jpg\" \/>\n\t<meta property=\"og:image:width\" content=\"1366\" \/>\n\t<meta property=\"og:image:height\" content=\"768\" \/>\n\t<meta property=\"og:image:type\" content=\"image\/jpeg\" \/>\n<meta name=\"author\" content=\"Ole Andersen\" \/>\n<meta name=\"twitter:card\" content=\"summary_large_image\" \/>\n<meta name=\"twitter:label1\" content=\"Skrevet av\" \/>\n\t<meta name=\"twitter:data1\" content=\"Ole Andersen\" \/>\n\t<meta name=\"twitter:label2\" content=\"Ansl. lesetid\" \/>\n\t<meta name=\"twitter:data2\" content=\"3 minutter\" \/>\n<script type=\"application\/ld+json\" class=\"yoast-schema-graph\">{\"@context\":\"https:\/\/schema.org\",\"@graph\":[{\"@type\":\"Article\",\"@id\":\"https:\/\/nordnesrepublikken.no\/index.php\/2025\/04\/23\/for-en-betydning-har-dette-pontifiske-symbolet\/#article\",\"isPartOf\":{\"@id\":\"https:\/\/nordnesrepublikken.no\/index.php\/2025\/04\/23\/for-en-betydning-har-dette-pontifiske-symbolet\/\"},\"author\":{\"name\":\"Ole Andersen\",\"@id\":\"https:\/\/nordnesrepublikken.no\/#\/schema\/person\/2e7e81935bab77882fffb79296240ff1\"},\"headline\":\"For en betydning har dette pontifiske symbolet\",\"datePublished\":\"2025-04-23T14:49:34+00:00\",\"dateModified\":\"2025-04-23T14:49:35+00:00\",\"mainEntityOfPage\":{\"@id\":\"https:\/\/nordnesrepublikken.no\/index.php\/2025\/04\/23\/for-en-betydning-har-dette-pontifiske-symbolet\/\"},\"wordCount\":651,\"publisher\":{\"@id\":\"https:\/\/nordnesrepublikken.no\/#organization\"},\"image\":{\"@id\":\"https:\/\/nordnesrepublikken.no\/index.php\/2025\/04\/23\/for-en-betydning-har-dette-pontifiske-symbolet\/#primaryimage\"},\"thumbnailUrl\":\"https:\/\/nordnesrepublikken.no\/wp-content\/uploads\/2025\/04\/1745419774_For-en-betydning-har-dette-pontifiske-symbolet.jpg\",\"keywords\":[\"betydning\",\"dette\",\"har\",\"pontifiske\",\"symbolet\"],\"articleSection\":[\"Samfunn\"],\"inLanguage\":\"nb-NO\"},{\"@type\":\"WebPage\",\"@id\":\"https:\/\/nordnesrepublikken.no\/index.php\/2025\/04\/23\/for-en-betydning-har-dette-pontifiske-symbolet\/\",\"url\":\"https:\/\/nordnesrepublikken.no\/index.php\/2025\/04\/23\/for-en-betydning-har-dette-pontifiske-symbolet\/\",\"name\":\"For en betydning har dette pontifiske symbolet - Nordnesrepublikken\",\"isPartOf\":{\"@id\":\"https:\/\/nordnesrepublikken.no\/#website\"},\"primaryImageOfPage\":{\"@id\":\"https:\/\/nordnesrepublikken.no\/index.php\/2025\/04\/23\/for-en-betydning-har-dette-pontifiske-symbolet\/#primaryimage\"},\"image\":{\"@id\":\"https:\/\/nordnesrepublikken.no\/index.php\/2025\/04\/23\/for-en-betydning-har-dette-pontifiske-symbolet\/#primaryimage\"},\"thumbnailUrl\":\"https:\/\/nordnesrepublikken.no\/wp-content\/uploads\/2025\/04\/1745419774_For-en-betydning-har-dette-pontifiske-symbolet.jpg\",\"datePublished\":\"2025-04-23T14:49:34+00:00\",\"dateModified\":\"2025-04-23T14:49:35+00:00\",\"breadcrumb\":{\"@id\":\"https:\/\/nordnesrepublikken.no\/index.php\/2025\/04\/23\/for-en-betydning-har-dette-pontifiske-symbolet\/#breadcrumb\"},\"inLanguage\":\"nb-NO\",\"potentialAction\":[{\"@type\":\"ReadAction\",\"target\":[\"https:\/\/nordnesrepublikken.no\/index.php\/2025\/04\/23\/for-en-betydning-har-dette-pontifiske-symbolet\/\"]}]},{\"@type\":\"ImageObject\",\"inLanguage\":\"nb-NO\",\"@id\":\"https:\/\/nordnesrepublikken.no\/index.php\/2025\/04\/23\/for-en-betydning-har-dette-pontifiske-symbolet\/#primaryimage\",\"url\":\"https:\/\/nordnesrepublikken.no\/wp-content\/uploads\/2025\/04\/1745419774_For-en-betydning-har-dette-pontifiske-symbolet.jpg\",\"contentUrl\":\"https:\/\/nordnesrepublikken.no\/wp-content\/uploads\/2025\/04\/1745419774_For-en-betydning-har-dette-pontifiske-symbolet.jpg\",\"width\":1366,\"height\":768,\"caption\":\"Copertina anello pescatore\"},{\"@type\":\"BreadcrumbList\",\"@id\":\"https:\/\/nordnesrepublikken.no\/index.php\/2025\/04\/23\/for-en-betydning-har-dette-pontifiske-symbolet\/#breadcrumb\",\"itemListElement\":[{\"@type\":\"ListItem\",\"position\":1,\"name\":\"Home\",\"item\":\"https:\/\/nordnesrepublikken.no\/\"},{\"@type\":\"ListItem\",\"position\":2,\"name\":\"For en betydning har dette pontifiske symbolet\"}]},{\"@type\":\"WebSite\",\"@id\":\"https:\/\/nordnesrepublikken.no\/#website\",\"url\":\"https:\/\/nordnesrepublikken.no\/\",\"name\":\"Nordnesrepublikken\",\"description\":\"Stemmer og Visjoner fra Republikkens Hjerte\",\"publisher\":{\"@id\":\"https:\/\/nordnesrepublikken.no\/#organization\"},\"potentialAction\":[{\"@type\":\"SearchAction\",\"target\":{\"@type\":\"EntryPoint\",\"urlTemplate\":\"https:\/\/nordnesrepublikken.no\/?s={search_term_string}\"},\"query-input\":{\"@type\":\"PropertyValueSpecification\",\"valueRequired\":true,\"valueName\":\"search_term_string\"}}],\"inLanguage\":\"nb-NO\"},{\"@type\":\"Organization\",\"@id\":\"https:\/\/nordnesrepublikken.no\/#organization\",\"name\":\"Nordnesrepublikken\",\"url\":\"https:\/\/nordnesrepublikken.no\/\",\"logo\":{\"@type\":\"ImageObject\",\"inLanguage\":\"nb-NO\",\"@id\":\"https:\/\/nordnesrepublikken.no\/#\/schema\/logo\/image\/\",\"url\":\"https:\/\/nordnesrepublikken.no\/wp-content\/uploads\/2025\/02\/cropped-nordnesrepublikken-2.png\",\"contentUrl\":\"https:\/\/nordnesrepublikken.no\/wp-content\/uploads\/2025\/02\/cropped-nordnesrepublikken-2.png\",\"width\":1248,\"height\":362,\"caption\":\"Nordnesrepublikken\"},\"image\":{\"@id\":\"https:\/\/nordnesrepublikken.no\/#\/schema\/logo\/image\/\"}},{\"@type\":\"Person\",\"@id\":\"https:\/\/nordnesrepublikken.no\/#\/schema\/person\/2e7e81935bab77882fffb79296240ff1\",\"name\":\"Ole Andersen\",\"image\":{\"@type\":\"ImageObject\",\"inLanguage\":\"nb-NO\",\"@id\":\"https:\/\/nordnesrepublikken.no\/#\/schema\/person\/image\/\",\"url\":\"https:\/\/nordnesrepublikken.no\/wp-content\/uploads\/2025\/02\/nordnesrepublikken-2-2-150x150.jpg\",\"contentUrl\":\"https:\/\/nordnesrepublikken.no\/wp-content\/uploads\/2025\/02\/nordnesrepublikken-2-2-150x150.jpg\",\"caption\":\"Ole Andersen\"},\"description\":\"Ettersom jeg vokste opp i Oslo, har jeg alltid v\u00e6rt fascinert av ordenes kraft og deres evne til \u00e5 skape endringer. Etter \u00e5 ha fullf\u00f8rt min utdannelse i kommunikasjon ved Universitetet i Bergen, fikk jeg muligheten til \u00e5 jobbe innen ulike medier, der jeg har s\u00f8kt \u00e5 belyse viktige samfunnssp\u00f8rsm\u00e5l. I dag, som redakt\u00f8r for Nordnesrepublikken, pr\u00f8ver jeg \u00e5 forene min kj\u00e6rlighet for journalistikk med min lidenskap for innovasjon og eventyr.\",\"sameAs\":[\"https:\/\/nordnesrepublikken.no\/\"]}]}<\/script>\n<!-- \/ Yoast SEO plugin. -->","yoast_head_json":{"title":"For en betydning har dette pontifiske symbolet - Nordnesrepublikken","robots":{"index":"index","follow":"follow","max-snippet":"max-snippet:-1","max-image-preview":"max-image-preview:large","max-video-preview":"max-video-preview:-1"},"canonical":"https:\/\/nordnesrepublikken.no\/index.php\/2025\/04\/23\/for-en-betydning-har-dette-pontifiske-symbolet\/","og_locale":"nb_NO","og_type":"article","og_title":"For en betydning har dette pontifiske symbolet - Nordnesrepublikken","og_description":"DE&#8217;Fiskerring Det er et av tegnene p\u00e5 Pave: den er slitt (til ringfingeren til h\u00f8yre)","og_url":"https:\/\/nordnesrepublikken.no\/index.php\/2025\/04\/23\/for-en-betydning-har-dette-pontifiske-symbolet\/","og_site_name":"Nordnesrepublikken","article_published_time":"2025-04-23T14:49:34+00:00","article_modified_time":"2025-04-23T14:49:35+00:00","og_image":[{"width":1366,"height":768,"url":"https:\/\/nordnesrepublikken.no\/wp-content\/uploads\/2025\/04\/1745419774_For-en-betydning-har-dette-pontifiske-symbolet.jpg","type":"image\/jpeg"}],"author":"Ole Andersen","twitter_card":"summary_large_image","twitter_misc":{"Skrevet av":"Ole Andersen","Ansl. lesetid":"3 minutter"},"schema":{"@context":"https:\/\/schema.org","@graph":[{"@type":"Article","@id":"https:\/\/nordnesrepublikken.no\/index.php\/2025\/04\/23\/for-en-betydning-har-dette-pontifiske-symbolet\/#article","isPartOf":{"@id":"https:\/\/nordnesrepublikken.no\/index.php\/2025\/04\/23\/for-en-betydning-har-dette-pontifiske-symbolet\/"},"author":{"name":"Ole Andersen","@id":"https:\/\/nordnesrepublikken.no\/#\/schema\/person\/2e7e81935bab77882fffb79296240ff1"},"headline":"For en betydning har dette pontifiske symbolet","datePublished":"2025-04-23T14:49:34+00:00","dateModified":"2025-04-23T14:49:35+00:00","mainEntityOfPage":{"@id":"https:\/\/nordnesrepublikken.no\/index.php\/2025\/04\/23\/for-en-betydning-har-dette-pontifiske-symbolet\/"},"wordCount":651,"publisher":{"@id":"https:\/\/nordnesrepublikken.no\/#organization"},"image":{"@id":"https:\/\/nordnesrepublikken.no\/index.php\/2025\/04\/23\/for-en-betydning-har-dette-pontifiske-symbolet\/#primaryimage"},"thumbnailUrl":"https:\/\/nordnesrepublikken.no\/wp-content\/uploads\/2025\/04\/1745419774_For-en-betydning-har-dette-pontifiske-symbolet.jpg","keywords":["betydning","dette","har","pontifiske","symbolet"],"articleSection":["Samfunn"],"inLanguage":"nb-NO"},{"@type":"WebPage","@id":"https:\/\/nordnesrepublikken.no\/index.php\/2025\/04\/23\/for-en-betydning-har-dette-pontifiske-symbolet\/","url":"https:\/\/nordnesrepublikken.no\/index.php\/2025\/04\/23\/for-en-betydning-har-dette-pontifiske-symbolet\/","name":"For en betydning har dette pontifiske symbolet - Nordnesrepublikken","isPartOf":{"@id":"https:\/\/nordnesrepublikken.no\/#website"},"primaryImageOfPage":{"@id":"https:\/\/nordnesrepublikken.no\/index.php\/2025\/04\/23\/for-en-betydning-har-dette-pontifiske-symbolet\/#primaryimage"},"image":{"@id":"https:\/\/nordnesrepublikken.no\/index.php\/2025\/04\/23\/for-en-betydning-har-dette-pontifiske-symbolet\/#primaryimage"},"thumbnailUrl":"https:\/\/nordnesrepublikken.no\/wp-content\/uploads\/2025\/04\/1745419774_For-en-betydning-har-dette-pontifiske-symbolet.jpg","datePublished":"2025-04-23T14:49:34+00:00","dateModified":"2025-04-23T14:49:35+00:00","breadcrumb":{"@id":"https:\/\/nordnesrepublikken.no\/index.php\/2025\/04\/23\/for-en-betydning-har-dette-pontifiske-symbolet\/#breadcrumb"},"inLanguage":"nb-NO","potentialAction":[{"@type":"ReadAction","target":["https:\/\/nordnesrepublikken.no\/index.php\/2025\/04\/23\/for-en-betydning-har-dette-pontifiske-symbolet\/"]}]},{"@type":"ImageObject","inLanguage":"nb-NO","@id":"https:\/\/nordnesrepublikken.no\/index.php\/2025\/04\/23\/for-en-betydning-har-dette-pontifiske-symbolet\/#primaryimage","url":"https:\/\/nordnesrepublikken.no\/wp-content\/uploads\/2025\/04\/1745419774_For-en-betydning-har-dette-pontifiske-symbolet.jpg","contentUrl":"https:\/\/nordnesrepublikken.no\/wp-content\/uploads\/2025\/04\/1745419774_For-en-betydning-har-dette-pontifiske-symbolet.jpg","width":1366,"height":768,"caption":"Copertina anello pescatore"},{"@type":"BreadcrumbList","@id":"https:\/\/nordnesrepublikken.no\/index.php\/2025\/04\/23\/for-en-betydning-har-dette-pontifiske-symbolet\/#breadcrumb","itemListElement":[{"@type":"ListItem","position":1,"name":"Home","item":"https:\/\/nordnesrepublikken.no\/"},{"@type":"ListItem","position":2,"name":"For en betydning har dette pontifiske symbolet"}]},{"@type":"WebSite","@id":"https:\/\/nordnesrepublikken.no\/#website","url":"https:\/\/nordnesrepublikken.no\/","name":"Nordnesrepublikken","description":"Stemmer og Visjoner fra Republikkens Hjerte","publisher":{"@id":"https:\/\/nordnesrepublikken.no\/#organization"},"potentialAction":[{"@type":"SearchAction","target":{"@type":"EntryPoint","urlTemplate":"https:\/\/nordnesrepublikken.no\/?s={search_term_string}"},"query-input":{"@type":"PropertyValueSpecification","valueRequired":true,"valueName":"search_term_string"}}],"inLanguage":"nb-NO"},{"@type":"Organization","@id":"https:\/\/nordnesrepublikken.no\/#organization","name":"Nordnesrepublikken","url":"https:\/\/nordnesrepublikken.no\/","logo":{"@type":"ImageObject","inLanguage":"nb-NO","@id":"https:\/\/nordnesrepublikken.no\/#\/schema\/logo\/image\/","url":"https:\/\/nordnesrepublikken.no\/wp-content\/uploads\/2025\/02\/cropped-nordnesrepublikken-2.png","contentUrl":"https:\/\/nordnesrepublikken.no\/wp-content\/uploads\/2025\/02\/cropped-nordnesrepublikken-2.png","width":1248,"height":362,"caption":"Nordnesrepublikken"},"image":{"@id":"https:\/\/nordnesrepublikken.no\/#\/schema\/logo\/image\/"}},{"@type":"Person","@id":"https:\/\/nordnesrepublikken.no\/#\/schema\/person\/2e7e81935bab77882fffb79296240ff1","name":"Ole Andersen","image":{"@type":"ImageObject","inLanguage":"nb-NO","@id":"https:\/\/nordnesrepublikken.no\/#\/schema\/person\/image\/","url":"https:\/\/nordnesrepublikken.no\/wp-content\/uploads\/2025\/02\/nordnesrepublikken-2-2-150x150.jpg","contentUrl":"https:\/\/nordnesrepublikken.no\/wp-content\/uploads\/2025\/02\/nordnesrepublikken-2-2-150x150.jpg","caption":"Ole Andersen"},"description":"Ettersom jeg vokste opp i Oslo, har jeg alltid v\u00e6rt fascinert av ordenes kraft og deres evne til \u00e5 skape endringer. Etter \u00e5 ha fullf\u00f8rt min utdannelse i kommunikasjon ved Universitetet i Bergen, fikk jeg muligheten til \u00e5 jobbe innen ulike medier, der jeg har s\u00f8kt \u00e5 belyse viktige samfunnssp\u00f8rsm\u00e5l. I dag, som redakt\u00f8r for Nordnesrepublikken, pr\u00f8ver jeg \u00e5 forene min kj\u00e6rlighet for journalistikk med min lidenskap for innovasjon og eventyr.","sameAs":["https:\/\/nordnesrepublikken.no\/"]}]}},"_links":{"self":[{"href":"https:\/\/nordnesrepublikken.no\/index.php\/wp-json\/wp\/v2\/posts\/3714","targetHints":{"allow":["GET"]}}],"collection":[{"href":"https:\/\/nordnesrepublikken.no\/index.php\/wp-json\/wp\/v2\/posts"}],"about":[{"href":"https:\/\/nordnesrepublikken.no\/index.php\/wp-json\/wp\/v2\/types\/post"}],"author":[{"embeddable":true,"href":"https:\/\/nordnesrepublikken.no\/index.php\/wp-json\/wp\/v2\/users\/1"}],"replies":[{"embeddable":true,"href":"https:\/\/nordnesrepublikken.no\/index.php\/wp-json\/wp\/v2\/comments?post=3714"}],"version-history":[{"count":1,"href":"https:\/\/nordnesrepublikken.no\/index.php\/wp-json\/wp\/v2\/posts\/3714\/revisions"}],"predecessor-version":[{"id":3716,"href":"https:\/\/nordnesrepublikken.no\/index.php\/wp-json\/wp\/v2\/posts\/3714\/revisions\/3716"}],"wp:featuredmedia":[{"embeddable":true,"href":"https:\/\/nordnesrepublikken.no\/index.php\/wp-json\/wp\/v2\/media\/3715"}],"wp:attachment":[{"href":"https:\/\/nordnesrepublikken.no\/index.php\/wp-json\/wp\/v2\/media?parent=3714"}],"wp:term":[{"taxonomy":"category","embeddable":true,"href":"https:\/\/nordnesrepublikken.no\/index.php\/wp-json\/wp\/v2\/categories?post=3714"},{"taxonomy":"post_tag","embeddable":true,"href":"https:\/\/nordnesrepublikken.no\/index.php\/wp-json\/wp\/v2\/tags?post=3714"}],"curies":[{"name":"wp","href":"https:\/\/api.w.org\/{rel}","templated":true}]}}