{"id":3699,"date":"2025-04-23T05:49:49","date_gmt":"2025-04-23T03:49:49","guid":{"rendered":"https:\/\/nordnesrepublikken.no\/index.php\/2025\/04\/23\/hva-er-olo-den-nye-fargen-aldri-sett-for-og-som-den-ble-oppdaget-studien\/"},"modified":"2025-04-23T05:49:54","modified_gmt":"2025-04-23T03:49:54","slug":"hva-er-olo-den-nye-fargen-aldri-sett-for-og-som-den-ble-oppdaget-studien","status":"publish","type":"post","link":"https:\/\/nordnesrepublikken.no\/index.php\/2025\/04\/23\/hva-er-olo-den-nye-fargen-aldri-sett-for-og-som-den-ble-oppdaget-studien\/","title":{"rendered":"Hva er Olo, den nye fargen aldri sett f\u00f8r, og som den ble oppdaget: studien"},"content":{"rendered":"<div>\n<div class=\"cp_wrapper cp_wrapper--fw mb-30 mb-20@tablet\">\n<figure class=\"mm\"><picture class=\"img\" style=\"padding-top:56.25%\"><source  media=\"(min-width: 1024px)\"><source  media=\"(min-width: 768px)\"><\/source><\/source><\/picture><\/figure>\n<\/p><\/div>\n<p><strong>Olo<\/strong>Dette er navnet gitt til en ny farge som ble oppfattet av 5 deltakere i studien utf\u00f8rt av amerikanske forskere fra University of Berkley, California. Studien <em>Ny farge via stimulering av individuelle fotoreseptorer i populasjonsskala<\/em>publisert de siste dagene p\u00e5 <em>Vitenskapen g\u00e5r videre<\/em>uttaler at deltakerne, stimulert av en <strong>laser<\/strong> Ekstremt presise, de oppfattet en <strong>helt ny farge<\/strong>a <strong>bl\u00e5aktig gr\u00f8nn<\/strong> mellom turkis og vanngr\u00f8nn med en <strong>Metning<\/strong> Aldri sett f\u00f8r. For \u00e5 oppn\u00e5 dette resultatet &laquo;hacket forskerne&raquo; \u00f8yet ved \u00e5 bruke et retinal stimuleringssystem som heter <strong>Oz<\/strong>i stand til \u00e5 stimulere bare en type fotorekektor, i <strong>coni m <\/strong>med toppf\u00f8lsomhet i korrespondanse med gr\u00f8nt.<\/p>\n<p>Dette betyr v\u00e5r fremtid <strong>\u00f8ye<\/strong> Vil han v\u00e6re i stand til \u00e5 oppfatte nye farger? Vanskelig \u00e5 si: Forfatterne av studien forklarer at denne teknologien kan spille en rolle i nye studier p\u00e5 <strong>Operasjon av \u00f8yet <\/strong>og p\u00e5<strong> syn <\/strong>eller la mennesker med daltonisme oppfatte farger.<\/p>\n<h2>Hvordan \u00f8yet fungerer: hva kjeglene og pinnene er<\/h2>\n<p>\u00d8yet er et komplekst system der alle forskjellige deler samarbeider for \u00e5 transformere en<strong> lysende impuls<\/strong> i en <strong>elektrisk<\/strong>. Lyset krysser et gjennomsiktig kuppelformet lag, <strong>hornhinne<\/strong>og en del av det kommer inn i \u00f8yet gjennom <strong>elev<\/strong>. Deretter passerer lyset gjennom <strong>krystallinsk <\/strong>og treffer baksiden av \u00f8yet <strong>Retina<\/strong>laget av lysf\u00f8lsomme celler som er i stand til \u00e5 omdanne lys til elektriske signaler. Disse signalene reiser deretter fra netthinnen til hjernen gjennom <strong>nerve <\/strong><strong>optisk<\/strong>hvor de vil bli forvandlet til bildene vi ser. Det er i netthinnen at &laquo;sensorene&raquo; i \u00f8yet v\u00e5rt er funnet, spesielle fotocercers kalt <strong>kjegler<\/strong> Han er <strong>pinner<\/strong>. Det er disse reseptorene, gjennom biokjemiske prosesser, som utl\u00f8ser en kaskade av signaler som n\u00e5r hjernen i form av nerveimpulser.<\/p>\n<div class=\"cp_wrapper cp_wrapper--fw mb-50\">\n<figure class=\"mm\"><picture class=\"img\" style=\"padding-top:72.867513611615%\"><source  media=\"(min-width: 1024px)\"><source  media=\"(min-width: 768px)\"><img decoding=\"async\" loading=\"lazy\" src=\"https:\/\/nordnesrepublikken.no\/wp-content\/uploads\/2025\/04\/Hva-er-Olo-den-nye-fargen-aldri-sett-for-og.jpeg\" alt=\"Retina og fotojournalist\" width=\"3306\" height=\"2409\"><\/source><\/source><\/picture><\/figure>\n<\/p><\/div>\n<p>Pinnene er grunnleggende for <strong>Nattsyn<\/strong> i svart og hvitt, mens kjeglene var nyttige for <strong>Visjon om farger<\/strong>. Det er tre typer kjegler, f\u00f8lsomme for forskjellige b\u00f8lgelengder for \u00e5 fange opp de forskjellige fargene:<\/p>\n<ul>\n<li><strong>Coni s<\/strong>: er f\u00f8lsomme for de korte b\u00f8lgelengdene, med en toppf\u00f8lsomhet rundt 430 nm, som hjernen v\u00e5r tolker som <strong>bl\u00e5 farge<\/strong>.<\/li>\n<li><strong>Coni m<\/strong>: svare bedre p\u00e5 lys med middels lengdeb\u00f8lger (toppen er rundt 530 nm), som vi ser hvordan <strong>gr\u00f8nn<\/strong>.<\/li>\n<li><strong>Coni l.<\/strong>: ha toppen av f\u00f8lsomhet rundt 560 nm, og oppfattet nyanser av <strong>r\u00f8d<\/strong>.<\/li>\n<\/ul>\n<p>Signalene som genereres av disse tre typene kjegler reiser til hjernen takket v\u00e6re den optiske nerven, der de er blandet for \u00e5 skape hele fargomr\u00e5det som vi kan skille.<\/p>\n<h2>Oz -systemet oppfatningen av den nye OLO -fargen<\/h2>\n<p>Det er en spesiellhet i funksjonen til de forskjellige typer kjegler for syn p\u00e5 farger: f\u00f8lsomheten for de forskjellige b\u00f8lgelengdene ja <strong>Overlapping<\/strong>derfor vil et lys som stimulerer kjeglene m (gr\u00f8nt) uunng\u00e5elig ogs\u00e5 aktivere, til en viss grad kjeglene S (bl\u00e5) eller kjeglene L (r\u00f8d). Spesielt er lys med b\u00f8lgelengde i korrespondanse med toppf\u00f8lsomheten til kjeglene M (530 nm, derfor gr\u00f8nt lys) p\u00e5 en m\u00e5te som er alt annet enn ubetydelig ogs\u00e5 kjeglene L, som absorberer omtrent 90% av dette lyset.<\/p>\n<div class=\"cp_wrapper cp_wrapper--fw mb-50\">\n<figure class=\"mm\"><picture class=\"img\" style=\"padding-top:68.525896414343%\"><source  media=\"(min-width: 1024px)\"><source  media=\"(min-width: 768px)\"><img decoding=\"async\" loading=\"lazy\" src=\"https:\/\/nordnesrepublikken.no\/wp-content\/uploads\/2025\/04\/1745380188_724_Hva-er-Olo-den-nye-fargen-aldri-sett-for-og.jpg\" alt=\"F\u00f8lsomhet med menneskelig \u00f8ye\" width=\"1506\" height=\"1032\" class=\"js-seedtag-img\"><\/source><\/source><\/picture><\/figure>\n<\/p><\/div>\n<p>Med andre ord, n\u00e5r vi ser lys ved 530 nm i hjernen v\u00e5r, ankommer en blandet blandet blanding av signaler fra kjeglene M og kjeglene L. <strong>stimulere bare en type kjegler<\/strong>de <strong>M<\/strong>uten \u00e5 stimulere de andre typer kjegler. Forfatterne av studien, etter \u00e5 ha kartlagt en del av netthinnen for \u00e5 identifisere de forskjellige kjeglene, <strong>De treffer bare kjeglene m med mikrodose av lys<\/strong>. Teknikken som brukes, er nok p\u00e5 en teknologi utviklet av co -autorene ved University of Washington i Seattle, har tillatt deltakerne \u00e5 se en ny farge kalt <strong>olo<\/strong> og ble kalt <strong>Oz<\/strong> Med henvisning til den ber\u00f8mte romanen <em>Den fantastiske trollmannen til Oz<\/em>Som forklart av <strong>Ren ng<\/strong>Professor i elektrisk og datateknikk ved University of California, Berkeley:<\/p>\n<blockquote>\n<p>Navnet stammer fra trollmannen til Oz, der en reise til byen Smeraldo st\u00e5r overfor, der ting ser ut til \u00e5 v\u00e6re den mest blendende gr\u00f8nne som noen gang har blitt sett.<\/p>\n<\/blockquote>\n<p>For \u00e5 forst\u00e5 hva de fem deltakerne s\u00e5, inviterte forfatterne av studien dem til <strong>Sammenlign den nye fargen<\/strong>som dukket opp p\u00e5 en firkant p\u00e5 en skjerm, med andre b\u00f8lgelengdelys. Det var ingen korrespondanse: den<strong>olo<\/strong> dukket opp<strong> mer mettet enn noen naturlig bl\u00e5gr\u00f8nn<\/strong>. Deltakerne m\u00e5tte legge til noe hvitt lys for \u00e5 finne en <strong>Lignende naturlig farge<\/strong>. En m\u00e5te \u00e5 f\u00e5 en ide om denne nye fargen er \u00e5 starte fra <strong>vanngr\u00f8nt<\/strong>identifisert av heksadesimalkoden <strong>#00FFCC<\/strong>og \u00f8ke metningen til maksimalt ved hjelp av et fotoredigeringsprogram. Imidlertid til og med \u00e5 skyve <strong>Metning til grensen<\/strong>man ville ikke v\u00e6re i stand til \u00e5 n\u00e5 intensiteten til det nye.<\/p>\n<div class=\"cp_wrapper cp_wrapper--fw mb-50\">\n<figure class=\"mm\"><picture class=\"img\" style=\"padding-top:56.304347826087%\"><source  media=\"(min-width: 1024px)\"><source  media=\"(min-width: 768px)\"><img decoding=\"async\" loading=\"lazy\" src=\"https:\/\/nordnesrepublikken.no\/wp-content\/uploads\/2025\/04\/1745380189_673_Hva-er-Olo-den-nye-fargen-aldri-sett-for-og.jpeg\" alt=\"olo\" width=\"460\" height=\"259\"><\/source><\/source><\/picture><\/figure>\n<\/p><\/div>\n<h2><strong>Mulig fremtidig bruk av OZ -systemet<\/strong><\/h2>\n<p>Oz -systemet til amerikanske forskere lover \u00e5 overskride grensene for det menneskelige \u00f8yet som overstiger nesten 10 millioner farger som er i stand til \u00e5 oppfatte. Men hvordan kan denne teknikken brukes i fremtiden? Oz kan hjelpe mennesker med <strong>Daltonisme<\/strong> \u00e5 fange farger som ikke er i stand til \u00e5 se. Disse menneskene kan faktisk ikke forst\u00e5 alle fargene p\u00e5 spekteret som er synlige p\u00e5 grunn av en <strong>funksjonsfeil<\/strong> total eller delvis av <strong>fotojournalist<\/strong>kjeglene S, M O L. For disse pasientene ville imidlertid synet om farger som r\u00f8dt og gr\u00f8nt v\u00e6re forbig\u00e5ende, det ville ikke v\u00e6re en permanent behandling.<\/p>\n<p>Innovativ teknologi kan brukes for et bredt spekter av nevrovitenskapelige studier eller for \u00e5 f\u00e5 ny informasjon om funksjonen til sensitive celler og transformasjonen av den lysende impulsen til en elektrisk stimulans, og \u00e5pner nye grenser i forskningen om syn.<\/p>\n<\/p><\/div>\n","protected":false},"excerpt":{"rendered":"<p>OloDette er navnet gitt til en ny farge som ble oppfattet av 5 deltakere i<\/p>\n","protected":false},"author":1,"featured_media":3700,"comment_status":"closed","ping_status":"open","sticky":false,"template":"","format":"standard","meta":{"footnotes":""},"categories":[24],"tags":[1558,373,74,1563,1232,144,260,1562,78,1564,31,262],"class_list":["post-3699","post","type-post","status-publish","format-standard","has-post-thumbnail","hentry","category-vitenskap","tag-aldri","tag-ble","tag-den","tag-fargen","tag-for","tag-hva","tag-nye","tag-olo","tag-oppdaget","tag-sett","tag-som","tag-studien","generate-columns","tablet-grid-50","mobile-grid-100","grid-parent","grid-33","resize-featured-image"],"yoast_head":"<!-- This site is optimized with the Yoast SEO plugin v24.4 - https:\/\/yoast.com\/wordpress\/plugins\/seo\/ -->\n<title>Hva er Olo, den nye fargen aldri sett f\u00f8r, og som den ble oppdaget: studien - Nordnesrepublikken<\/title>\n<meta name=\"robots\" content=\"index, follow, max-snippet:-1, max-image-preview:large, max-video-preview:-1\" \/>\n<link rel=\"canonical\" href=\"https:\/\/nordnesrepublikken.no\/index.php\/2025\/04\/23\/hva-er-olo-den-nye-fargen-aldri-sett-for-og-som-den-ble-oppdaget-studien\/\" \/>\n<meta property=\"og:locale\" content=\"nb_NO\" \/>\n<meta property=\"og:type\" content=\"article\" \/>\n<meta property=\"og:title\" content=\"Hva er Olo, den nye fargen aldri sett f\u00f8r, og som den ble oppdaget: studien - Nordnesrepublikken\" \/>\n<meta property=\"og:description\" content=\"OloDette er navnet gitt til en ny farge som ble oppfattet av 5 deltakere i\" \/>\n<meta property=\"og:url\" content=\"https:\/\/nordnesrepublikken.no\/index.php\/2025\/04\/23\/hva-er-olo-den-nye-fargen-aldri-sett-for-og-som-den-ble-oppdaget-studien\/\" \/>\n<meta property=\"og:site_name\" content=\"Nordnesrepublikken\" \/>\n<meta property=\"article:published_time\" content=\"2025-04-23T03:49:49+00:00\" \/>\n<meta property=\"article:modified_time\" content=\"2025-04-23T03:49:54+00:00\" \/>\n<meta property=\"og:image\" content=\"https:\/\/nordnesrepublikken.no\/wp-content\/uploads\/2025\/04\/1745380189_Hva-er-Olo-den-nye-fargen-aldri-sett-for-og-scaled.jpg\" \/>\n\t<meta property=\"og:image:width\" content=\"2560\" \/>\n\t<meta property=\"og:image:height\" content=\"1685\" \/>\n\t<meta property=\"og:image:type\" content=\"image\/jpeg\" \/>\n<meta name=\"author\" content=\"Ole Andersen\" \/>\n<meta name=\"twitter:card\" content=\"summary_large_image\" \/>\n<meta name=\"twitter:label1\" content=\"Skrevet av\" \/>\n\t<meta name=\"twitter:data1\" content=\"Ole Andersen\" \/>\n\t<meta name=\"twitter:label2\" content=\"Ansl. lesetid\" \/>\n\t<meta name=\"twitter:data2\" content=\"4 minutter\" \/>\n<script type=\"application\/ld+json\" class=\"yoast-schema-graph\">{\"@context\":\"https:\/\/schema.org\",\"@graph\":[{\"@type\":\"Article\",\"@id\":\"https:\/\/nordnesrepublikken.no\/index.php\/2025\/04\/23\/hva-er-olo-den-nye-fargen-aldri-sett-for-og-som-den-ble-oppdaget-studien\/#article\",\"isPartOf\":{\"@id\":\"https:\/\/nordnesrepublikken.no\/index.php\/2025\/04\/23\/hva-er-olo-den-nye-fargen-aldri-sett-for-og-som-den-ble-oppdaget-studien\/\"},\"author\":{\"name\":\"Ole Andersen\",\"@id\":\"https:\/\/nordnesrepublikken.no\/#\/schema\/person\/2e7e81935bab77882fffb79296240ff1\"},\"headline\":\"Hva er Olo, den nye fargen aldri sett f\u00f8r, og som den ble oppdaget: studien\",\"datePublished\":\"2025-04-23T03:49:49+00:00\",\"dateModified\":\"2025-04-23T03:49:54+00:00\",\"mainEntityOfPage\":{\"@id\":\"https:\/\/nordnesrepublikken.no\/index.php\/2025\/04\/23\/hva-er-olo-den-nye-fargen-aldri-sett-for-og-som-den-ble-oppdaget-studien\/\"},\"wordCount\":914,\"publisher\":{\"@id\":\"https:\/\/nordnesrepublikken.no\/#organization\"},\"image\":{\"@id\":\"https:\/\/nordnesrepublikken.no\/index.php\/2025\/04\/23\/hva-er-olo-den-nye-fargen-aldri-sett-for-og-som-den-ble-oppdaget-studien\/#primaryimage\"},\"thumbnailUrl\":\"https:\/\/nordnesrepublikken.no\/wp-content\/uploads\/2025\/04\/1745380189_Hva-er-Olo-den-nye-fargen-aldri-sett-for-og-scaled.jpg\",\"keywords\":[\"aldri\",\"ble\",\"den\",\"fargen\",\"f\u00f8r\",\"Hva\",\"nye\",\"Olo\",\"oppdaget\",\"sett\",\"som\",\"studien\"],\"articleSection\":[\"Vitenskap\"],\"inLanguage\":\"nb-NO\"},{\"@type\":\"WebPage\",\"@id\":\"https:\/\/nordnesrepublikken.no\/index.php\/2025\/04\/23\/hva-er-olo-den-nye-fargen-aldri-sett-for-og-som-den-ble-oppdaget-studien\/\",\"url\":\"https:\/\/nordnesrepublikken.no\/index.php\/2025\/04\/23\/hva-er-olo-den-nye-fargen-aldri-sett-for-og-som-den-ble-oppdaget-studien\/\",\"name\":\"Hva er Olo, den nye fargen aldri sett f\u00f8r, og som den ble oppdaget: studien - Nordnesrepublikken\",\"isPartOf\":{\"@id\":\"https:\/\/nordnesrepublikken.no\/#website\"},\"primaryImageOfPage\":{\"@id\":\"https:\/\/nordnesrepublikken.no\/index.php\/2025\/04\/23\/hva-er-olo-den-nye-fargen-aldri-sett-for-og-som-den-ble-oppdaget-studien\/#primaryimage\"},\"image\":{\"@id\":\"https:\/\/nordnesrepublikken.no\/index.php\/2025\/04\/23\/hva-er-olo-den-nye-fargen-aldri-sett-for-og-som-den-ble-oppdaget-studien\/#primaryimage\"},\"thumbnailUrl\":\"https:\/\/nordnesrepublikken.no\/wp-content\/uploads\/2025\/04\/1745380189_Hva-er-Olo-den-nye-fargen-aldri-sett-for-og-scaled.jpg\",\"datePublished\":\"2025-04-23T03:49:49+00:00\",\"dateModified\":\"2025-04-23T03:49:54+00:00\",\"breadcrumb\":{\"@id\":\"https:\/\/nordnesrepublikken.no\/index.php\/2025\/04\/23\/hva-er-olo-den-nye-fargen-aldri-sett-for-og-som-den-ble-oppdaget-studien\/#breadcrumb\"},\"inLanguage\":\"nb-NO\",\"potentialAction\":[{\"@type\":\"ReadAction\",\"target\":[\"https:\/\/nordnesrepublikken.no\/index.php\/2025\/04\/23\/hva-er-olo-den-nye-fargen-aldri-sett-for-og-som-den-ble-oppdaget-studien\/\"]}]},{\"@type\":\"ImageObject\",\"inLanguage\":\"nb-NO\",\"@id\":\"https:\/\/nordnesrepublikken.no\/index.php\/2025\/04\/23\/hva-er-olo-den-nye-fargen-aldri-sett-for-og-som-den-ble-oppdaget-studien\/#primaryimage\",\"url\":\"https:\/\/nordnesrepublikken.no\/wp-content\/uploads\/2025\/04\/1745380189_Hva-er-Olo-den-nye-fargen-aldri-sett-for-og-scaled.jpg\",\"contentUrl\":\"https:\/\/nordnesrepublikken.no\/wp-content\/uploads\/2025\/04\/1745380189_Hva-er-Olo-den-nye-fargen-aldri-sett-for-og-scaled.jpg\",\"width\":2560,\"height\":1685,\"caption\":\"occhio\"},{\"@type\":\"BreadcrumbList\",\"@id\":\"https:\/\/nordnesrepublikken.no\/index.php\/2025\/04\/23\/hva-er-olo-den-nye-fargen-aldri-sett-for-og-som-den-ble-oppdaget-studien\/#breadcrumb\",\"itemListElement\":[{\"@type\":\"ListItem\",\"position\":1,\"name\":\"Home\",\"item\":\"https:\/\/nordnesrepublikken.no\/\"},{\"@type\":\"ListItem\",\"position\":2,\"name\":\"Hva er Olo, den nye fargen aldri sett f\u00f8r, og som den ble oppdaget: studien\"}]},{\"@type\":\"WebSite\",\"@id\":\"https:\/\/nordnesrepublikken.no\/#website\",\"url\":\"https:\/\/nordnesrepublikken.no\/\",\"name\":\"Nordnesrepublikken\",\"description\":\"Stemmer og Visjoner fra Republikkens Hjerte\",\"publisher\":{\"@id\":\"https:\/\/nordnesrepublikken.no\/#organization\"},\"potentialAction\":[{\"@type\":\"SearchAction\",\"target\":{\"@type\":\"EntryPoint\",\"urlTemplate\":\"https:\/\/nordnesrepublikken.no\/?s={search_term_string}\"},\"query-input\":{\"@type\":\"PropertyValueSpecification\",\"valueRequired\":true,\"valueName\":\"search_term_string\"}}],\"inLanguage\":\"nb-NO\"},{\"@type\":\"Organization\",\"@id\":\"https:\/\/nordnesrepublikken.no\/#organization\",\"name\":\"Nordnesrepublikken\",\"url\":\"https:\/\/nordnesrepublikken.no\/\",\"logo\":{\"@type\":\"ImageObject\",\"inLanguage\":\"nb-NO\",\"@id\":\"https:\/\/nordnesrepublikken.no\/#\/schema\/logo\/image\/\",\"url\":\"https:\/\/nordnesrepublikken.no\/wp-content\/uploads\/2025\/02\/cropped-nordnesrepublikken-2.png\",\"contentUrl\":\"https:\/\/nordnesrepublikken.no\/wp-content\/uploads\/2025\/02\/cropped-nordnesrepublikken-2.png\",\"width\":1248,\"height\":362,\"caption\":\"Nordnesrepublikken\"},\"image\":{\"@id\":\"https:\/\/nordnesrepublikken.no\/#\/schema\/logo\/image\/\"}},{\"@type\":\"Person\",\"@id\":\"https:\/\/nordnesrepublikken.no\/#\/schema\/person\/2e7e81935bab77882fffb79296240ff1\",\"name\":\"Ole Andersen\",\"image\":{\"@type\":\"ImageObject\",\"inLanguage\":\"nb-NO\",\"@id\":\"https:\/\/nordnesrepublikken.no\/#\/schema\/person\/image\/\",\"url\":\"https:\/\/nordnesrepublikken.no\/wp-content\/uploads\/2025\/02\/nordnesrepublikken-2-2-150x150.jpg\",\"contentUrl\":\"https:\/\/nordnesrepublikken.no\/wp-content\/uploads\/2025\/02\/nordnesrepublikken-2-2-150x150.jpg\",\"caption\":\"Ole Andersen\"},\"description\":\"Ettersom jeg vokste opp i Oslo, har jeg alltid v\u00e6rt fascinert av ordenes kraft og deres evne til \u00e5 skape endringer. Etter \u00e5 ha fullf\u00f8rt min utdannelse i kommunikasjon ved Universitetet i Bergen, fikk jeg muligheten til \u00e5 jobbe innen ulike medier, der jeg har s\u00f8kt \u00e5 belyse viktige samfunnssp\u00f8rsm\u00e5l. I dag, som redakt\u00f8r for Nordnesrepublikken, pr\u00f8ver jeg \u00e5 forene min kj\u00e6rlighet for journalistikk med min lidenskap for innovasjon og eventyr.\",\"sameAs\":[\"https:\/\/nordnesrepublikken.no\/\"]}]}<\/script>\n<!-- \/ Yoast SEO plugin. -->","yoast_head_json":{"title":"Hva er Olo, den nye fargen aldri sett f\u00f8r, og som den ble oppdaget: studien - Nordnesrepublikken","robots":{"index":"index","follow":"follow","max-snippet":"max-snippet:-1","max-image-preview":"max-image-preview:large","max-video-preview":"max-video-preview:-1"},"canonical":"https:\/\/nordnesrepublikken.no\/index.php\/2025\/04\/23\/hva-er-olo-den-nye-fargen-aldri-sett-for-og-som-den-ble-oppdaget-studien\/","og_locale":"nb_NO","og_type":"article","og_title":"Hva er Olo, den nye fargen aldri sett f\u00f8r, og som den ble oppdaget: studien - Nordnesrepublikken","og_description":"OloDette er navnet gitt til en ny farge som ble oppfattet av 5 deltakere i","og_url":"https:\/\/nordnesrepublikken.no\/index.php\/2025\/04\/23\/hva-er-olo-den-nye-fargen-aldri-sett-for-og-som-den-ble-oppdaget-studien\/","og_site_name":"Nordnesrepublikken","article_published_time":"2025-04-23T03:49:49+00:00","article_modified_time":"2025-04-23T03:49:54+00:00","og_image":[{"width":2560,"height":1685,"url":"https:\/\/nordnesrepublikken.no\/wp-content\/uploads\/2025\/04\/1745380189_Hva-er-Olo-den-nye-fargen-aldri-sett-for-og-scaled.jpg","type":"image\/jpeg"}],"author":"Ole Andersen","twitter_card":"summary_large_image","twitter_misc":{"Skrevet av":"Ole Andersen","Ansl. lesetid":"4 minutter"},"schema":{"@context":"https:\/\/schema.org","@graph":[{"@type":"Article","@id":"https:\/\/nordnesrepublikken.no\/index.php\/2025\/04\/23\/hva-er-olo-den-nye-fargen-aldri-sett-for-og-som-den-ble-oppdaget-studien\/#article","isPartOf":{"@id":"https:\/\/nordnesrepublikken.no\/index.php\/2025\/04\/23\/hva-er-olo-den-nye-fargen-aldri-sett-for-og-som-den-ble-oppdaget-studien\/"},"author":{"name":"Ole Andersen","@id":"https:\/\/nordnesrepublikken.no\/#\/schema\/person\/2e7e81935bab77882fffb79296240ff1"},"headline":"Hva er Olo, den nye fargen aldri sett f\u00f8r, og som den ble oppdaget: studien","datePublished":"2025-04-23T03:49:49+00:00","dateModified":"2025-04-23T03:49:54+00:00","mainEntityOfPage":{"@id":"https:\/\/nordnesrepublikken.no\/index.php\/2025\/04\/23\/hva-er-olo-den-nye-fargen-aldri-sett-for-og-som-den-ble-oppdaget-studien\/"},"wordCount":914,"publisher":{"@id":"https:\/\/nordnesrepublikken.no\/#organization"},"image":{"@id":"https:\/\/nordnesrepublikken.no\/index.php\/2025\/04\/23\/hva-er-olo-den-nye-fargen-aldri-sett-for-og-som-den-ble-oppdaget-studien\/#primaryimage"},"thumbnailUrl":"https:\/\/nordnesrepublikken.no\/wp-content\/uploads\/2025\/04\/1745380189_Hva-er-Olo-den-nye-fargen-aldri-sett-for-og-scaled.jpg","keywords":["aldri","ble","den","fargen","f\u00f8r","Hva","nye","Olo","oppdaget","sett","som","studien"],"articleSection":["Vitenskap"],"inLanguage":"nb-NO"},{"@type":"WebPage","@id":"https:\/\/nordnesrepublikken.no\/index.php\/2025\/04\/23\/hva-er-olo-den-nye-fargen-aldri-sett-for-og-som-den-ble-oppdaget-studien\/","url":"https:\/\/nordnesrepublikken.no\/index.php\/2025\/04\/23\/hva-er-olo-den-nye-fargen-aldri-sett-for-og-som-den-ble-oppdaget-studien\/","name":"Hva er Olo, den nye fargen aldri sett f\u00f8r, og som den ble oppdaget: studien - Nordnesrepublikken","isPartOf":{"@id":"https:\/\/nordnesrepublikken.no\/#website"},"primaryImageOfPage":{"@id":"https:\/\/nordnesrepublikken.no\/index.php\/2025\/04\/23\/hva-er-olo-den-nye-fargen-aldri-sett-for-og-som-den-ble-oppdaget-studien\/#primaryimage"},"image":{"@id":"https:\/\/nordnesrepublikken.no\/index.php\/2025\/04\/23\/hva-er-olo-den-nye-fargen-aldri-sett-for-og-som-den-ble-oppdaget-studien\/#primaryimage"},"thumbnailUrl":"https:\/\/nordnesrepublikken.no\/wp-content\/uploads\/2025\/04\/1745380189_Hva-er-Olo-den-nye-fargen-aldri-sett-for-og-scaled.jpg","datePublished":"2025-04-23T03:49:49+00:00","dateModified":"2025-04-23T03:49:54+00:00","breadcrumb":{"@id":"https:\/\/nordnesrepublikken.no\/index.php\/2025\/04\/23\/hva-er-olo-den-nye-fargen-aldri-sett-for-og-som-den-ble-oppdaget-studien\/#breadcrumb"},"inLanguage":"nb-NO","potentialAction":[{"@type":"ReadAction","target":["https:\/\/nordnesrepublikken.no\/index.php\/2025\/04\/23\/hva-er-olo-den-nye-fargen-aldri-sett-for-og-som-den-ble-oppdaget-studien\/"]}]},{"@type":"ImageObject","inLanguage":"nb-NO","@id":"https:\/\/nordnesrepublikken.no\/index.php\/2025\/04\/23\/hva-er-olo-den-nye-fargen-aldri-sett-for-og-som-den-ble-oppdaget-studien\/#primaryimage","url":"https:\/\/nordnesrepublikken.no\/wp-content\/uploads\/2025\/04\/1745380189_Hva-er-Olo-den-nye-fargen-aldri-sett-for-og-scaled.jpg","contentUrl":"https:\/\/nordnesrepublikken.no\/wp-content\/uploads\/2025\/04\/1745380189_Hva-er-Olo-den-nye-fargen-aldri-sett-for-og-scaled.jpg","width":2560,"height":1685,"caption":"occhio"},{"@type":"BreadcrumbList","@id":"https:\/\/nordnesrepublikken.no\/index.php\/2025\/04\/23\/hva-er-olo-den-nye-fargen-aldri-sett-for-og-som-den-ble-oppdaget-studien\/#breadcrumb","itemListElement":[{"@type":"ListItem","position":1,"name":"Home","item":"https:\/\/nordnesrepublikken.no\/"},{"@type":"ListItem","position":2,"name":"Hva er Olo, den nye fargen aldri sett f\u00f8r, og som den ble oppdaget: studien"}]},{"@type":"WebSite","@id":"https:\/\/nordnesrepublikken.no\/#website","url":"https:\/\/nordnesrepublikken.no\/","name":"Nordnesrepublikken","description":"Stemmer og Visjoner fra Republikkens Hjerte","publisher":{"@id":"https:\/\/nordnesrepublikken.no\/#organization"},"potentialAction":[{"@type":"SearchAction","target":{"@type":"EntryPoint","urlTemplate":"https:\/\/nordnesrepublikken.no\/?s={search_term_string}"},"query-input":{"@type":"PropertyValueSpecification","valueRequired":true,"valueName":"search_term_string"}}],"inLanguage":"nb-NO"},{"@type":"Organization","@id":"https:\/\/nordnesrepublikken.no\/#organization","name":"Nordnesrepublikken","url":"https:\/\/nordnesrepublikken.no\/","logo":{"@type":"ImageObject","inLanguage":"nb-NO","@id":"https:\/\/nordnesrepublikken.no\/#\/schema\/logo\/image\/","url":"https:\/\/nordnesrepublikken.no\/wp-content\/uploads\/2025\/02\/cropped-nordnesrepublikken-2.png","contentUrl":"https:\/\/nordnesrepublikken.no\/wp-content\/uploads\/2025\/02\/cropped-nordnesrepublikken-2.png","width":1248,"height":362,"caption":"Nordnesrepublikken"},"image":{"@id":"https:\/\/nordnesrepublikken.no\/#\/schema\/logo\/image\/"}},{"@type":"Person","@id":"https:\/\/nordnesrepublikken.no\/#\/schema\/person\/2e7e81935bab77882fffb79296240ff1","name":"Ole Andersen","image":{"@type":"ImageObject","inLanguage":"nb-NO","@id":"https:\/\/nordnesrepublikken.no\/#\/schema\/person\/image\/","url":"https:\/\/nordnesrepublikken.no\/wp-content\/uploads\/2025\/02\/nordnesrepublikken-2-2-150x150.jpg","contentUrl":"https:\/\/nordnesrepublikken.no\/wp-content\/uploads\/2025\/02\/nordnesrepublikken-2-2-150x150.jpg","caption":"Ole Andersen"},"description":"Ettersom jeg vokste opp i Oslo, har jeg alltid v\u00e6rt fascinert av ordenes kraft og deres evne til \u00e5 skape endringer. Etter \u00e5 ha fullf\u00f8rt min utdannelse i kommunikasjon ved Universitetet i Bergen, fikk jeg muligheten til \u00e5 jobbe innen ulike medier, der jeg har s\u00f8kt \u00e5 belyse viktige samfunnssp\u00f8rsm\u00e5l. I dag, som redakt\u00f8r for Nordnesrepublikken, pr\u00f8ver jeg \u00e5 forene min kj\u00e6rlighet for journalistikk med min lidenskap for innovasjon og eventyr.","sameAs":["https:\/\/nordnesrepublikken.no\/"]}]}},"_links":{"self":[{"href":"https:\/\/nordnesrepublikken.no\/index.php\/wp-json\/wp\/v2\/posts\/3699","targetHints":{"allow":["GET"]}}],"collection":[{"href":"https:\/\/nordnesrepublikken.no\/index.php\/wp-json\/wp\/v2\/posts"}],"about":[{"href":"https:\/\/nordnesrepublikken.no\/index.php\/wp-json\/wp\/v2\/types\/post"}],"author":[{"embeddable":true,"href":"https:\/\/nordnesrepublikken.no\/index.php\/wp-json\/wp\/v2\/users\/1"}],"replies":[{"embeddable":true,"href":"https:\/\/nordnesrepublikken.no\/index.php\/wp-json\/wp\/v2\/comments?post=3699"}],"version-history":[{"count":1,"href":"https:\/\/nordnesrepublikken.no\/index.php\/wp-json\/wp\/v2\/posts\/3699\/revisions"}],"predecessor-version":[{"id":3701,"href":"https:\/\/nordnesrepublikken.no\/index.php\/wp-json\/wp\/v2\/posts\/3699\/revisions\/3701"}],"wp:featuredmedia":[{"embeddable":true,"href":"https:\/\/nordnesrepublikken.no\/index.php\/wp-json\/wp\/v2\/media\/3700"}],"wp:attachment":[{"href":"https:\/\/nordnesrepublikken.no\/index.php\/wp-json\/wp\/v2\/media?parent=3699"}],"wp:term":[{"taxonomy":"category","embeddable":true,"href":"https:\/\/nordnesrepublikken.no\/index.php\/wp-json\/wp\/v2\/categories?post=3699"},{"taxonomy":"post_tag","embeddable":true,"href":"https:\/\/nordnesrepublikken.no\/index.php\/wp-json\/wp\/v2\/tags?post=3699"}],"curies":[{"name":"wp","href":"https:\/\/api.w.org\/{rel}","templated":true}]}}