{"id":3696,"date":"2025-04-23T02:49:36","date_gmt":"2025-04-23T00:49:36","guid":{"rendered":"https:\/\/nordnesrepublikken.no\/index.php\/2025\/04\/23\/hva-betyr-det-og-tiltakene-som-er-planlagt\/"},"modified":"2025-04-23T02:49:36","modified_gmt":"2025-04-23T00:49:36","slug":"hva-betyr-det-og-tiltakene-som-er-planlagt","status":"publish","type":"post","link":"https:\/\/nordnesrepublikken.no\/index.php\/2025\/04\/23\/hva-betyr-det-og-tiltakene-som-er-planlagt\/","title":{"rendered":"Hva betyr det og tiltakene som er planlagt"},"content":{"rendered":"<div>\n<div class=\"cp_wrapper cp_wrapper--fw mb-30 mb-20@tablet\">\n<figure class=\"mm\"><picture class=\"img\" style=\"padding-top:56.25%\"><source  media=\"(min-width: 1024px)\"><source  media=\"(min-width: 768px)\"><\/source><\/source><\/picture><\/figure>\n<\/p><\/div>\n<p>I Italia vil de v\u00e6re i kraft <strong>5 dager med nasjonal sorg <\/strong>for d\u00f8den av <strong>Pave Francis<\/strong> Fra i morgen 22. april til begravelsen blir holdt <strong>L\u00f8rdag 26. april<\/strong> P\u00e5 kirkeg\u00e5rden til Basilica of San Pietro i Vatikanet: Avgj\u00f8relsen ble tatt i dag av Ministerr\u00e5det og vil bli forutsett <strong>Spesielle tiltak<\/strong> over hele landet. Forpliktelsene til de offentlige myndighetene (med unntak av de for veldedighet) vil bli kansellert og sportsbegivenheter som Serie A -kamper vil bli avbrutt, men aktivitetene til offentlige kontorer og seremonier vil finne sted for 25. april.<\/p>\n<h2>Hva den nasjonale sorg for pave Francis d\u00f8dsfall inneb\u00e6rer: tiltakene som ble gitt<\/h2>\n<p>Nasjonal sorg har ikke en spesiell lov som regulerer den, men er etablert p\u00e5 sak -av -basis av regjeringen i vervet. N\u00e5r det er utropt til dette, bestemmer det at <strong>Flagg av alle offentlige bygninger vises ved halvt auksjon<\/strong>mens de inne er dekorert med to strimler av svart sl\u00f8r. Ved disposisjon for utenriksdepartementet, selv for utenlandske diplomatiske eller konsul\u00e6re representanter i Italia, kan det bli bedt om \u00e5 heise de nasjonale flaggene p\u00e5 halv auksjon. N\u00e5r det gjelder<strong> offentlige myndigheter<\/strong>disse m\u00e5 <strong>Slett alle deres sosiale forpliktelser<\/strong> med unntak av veldedighetsarrangementer. Den nasjonale sorgdagen regnes ikke som en ikke -arbeidsdag, s\u00e5 det er ikke forventet at stenging av offentlige skoler eller kontorer <strong>Etablert et minutt med stillhet<\/strong>. S\u00f8r -minister Nello Musumeci kunngjorde ogs\u00e5 det <strong>Alle fotballkamper vil bli suspendert l\u00f8rdag 26. april<\/strong>inkludert de fra Serie A. Seremoniene for frigj\u00f8ringsdagen 25. april vil i stedet finne sted normalt, i n\u00f8kternhetens navn.<\/p>\n<h2>N\u00e5r nasjonal sorg er etablert<\/h2>\n<p>Det som er mulighetene som nasjonal sorg blir forkynt, er et annet sp\u00f8rsm\u00e5l som avhenger av f\u00f8lsomheten til regjeringen i vervet. Nasjonal sorg kommer <strong>Proklamert i tilfelle av forsvinning av personlighet av h\u00f8yeste betydning eller f\u00f8lgende katastrofer eller naturkatastrofer<\/strong> Spesielt alvorlig: For eksempel ble en dag med nasjonal sorg observert for ofrene for jordskjelvet i Abruzzo i 2009, for de som ble for\u00e5rsaket av sammenbruddet av Morandi-broen i Genoa i 2018 eller av flomene i Emilia-Romagna var 2023. Som for en pave, den siste varen.<\/p>\n<div class=\"cp_wrapper cp_wrapper--fw mb-50\">\n<figure class=\"mm\"><picture class=\"img\" style=\"padding-top:74.96977025393%\"><source  media=\"(min-width: 1024px)\"><source  media=\"(min-width: 768px)\"><img decoding=\"async\" loading=\"lazy\" src=\"https:\/\/nordnesrepublikken.no\/wp-content\/uploads\/2025\/04\/1745369376_934_Hva-betyr-det-og-tiltakene-som-er-planlagt.jpg\" alt=\"Bilde\" width=\"827\" height=\"620\"><\/source><\/source><\/picture><\/figure>\n<\/p><\/div>\n<\/p><\/div>\n","protected":false},"excerpt":{"rendered":"<p>I Italia vil de v\u00e6re i kraft 5 dager med nasjonal sorg for d\u00f8den av<\/p>\n","protected":false},"author":1,"featured_media":3697,"comment_status":"closed","ping_status":"open","sticky":false,"template":"","format":"standard","meta":{"footnotes":""},"categories":[104],"tags":[186,66,144,1561,31,1560],"class_list":["post-3696","post","type-post","status-publish","format-standard","has-post-thumbnail","hentry","category-samfunn","tag-betyr","tag-det","tag-hva","tag-planlagt","tag-som","tag-tiltakene","generate-columns","tablet-grid-50","mobile-grid-100","grid-parent","grid-33","resize-featured-image"],"yoast_head":"<!-- This site is optimized with the Yoast SEO plugin v24.4 - https:\/\/yoast.com\/wordpress\/plugins\/seo\/ -->\n<title>Hva betyr det og tiltakene som er planlagt - Nordnesrepublikken<\/title>\n<meta name=\"robots\" content=\"index, follow, max-snippet:-1, max-image-preview:large, max-video-preview:-1\" \/>\n<link rel=\"canonical\" href=\"https:\/\/nordnesrepublikken.no\/index.php\/2025\/04\/23\/hva-betyr-det-og-tiltakene-som-er-planlagt\/\" \/>\n<meta property=\"og:locale\" content=\"nb_NO\" \/>\n<meta property=\"og:type\" content=\"article\" \/>\n<meta property=\"og:title\" content=\"Hva betyr det og tiltakene som er planlagt - Nordnesrepublikken\" \/>\n<meta property=\"og:description\" content=\"I Italia vil de v\u00e6re i kraft 5 dager med nasjonal sorg for d\u00f8den av\" \/>\n<meta property=\"og:url\" content=\"https:\/\/nordnesrepublikken.no\/index.php\/2025\/04\/23\/hva-betyr-det-og-tiltakene-som-er-planlagt\/\" \/>\n<meta property=\"og:site_name\" content=\"Nordnesrepublikken\" \/>\n<meta property=\"article:published_time\" content=\"2025-04-23T00:49:36+00:00\" \/>\n<meta property=\"og:image\" content=\"https:\/\/nordnesrepublikken.no\/wp-content\/uploads\/2025\/04\/1745369376_Hva-betyr-det-og-tiltakene-som-er-planlagt.jpg\" \/>\n\t<meta property=\"og:image:width\" content=\"653\" \/>\n\t<meta property=\"og:image:height\" content=\"492\" \/>\n\t<meta property=\"og:image:type\" content=\"image\/jpeg\" \/>\n<meta name=\"author\" content=\"Ole Andersen\" \/>\n<meta name=\"twitter:card\" content=\"summary_large_image\" \/>\n<meta name=\"twitter:label1\" content=\"Skrevet av\" \/>\n\t<meta name=\"twitter:data1\" content=\"Ole Andersen\" \/>\n\t<meta name=\"twitter:label2\" content=\"Ansl. lesetid\" \/>\n\t<meta name=\"twitter:data2\" content=\"2 minutter\" \/>\n<script type=\"application\/ld+json\" class=\"yoast-schema-graph\">{\"@context\":\"https:\/\/schema.org\",\"@graph\":[{\"@type\":\"Article\",\"@id\":\"https:\/\/nordnesrepublikken.no\/index.php\/2025\/04\/23\/hva-betyr-det-og-tiltakene-som-er-planlagt\/#article\",\"isPartOf\":{\"@id\":\"https:\/\/nordnesrepublikken.no\/index.php\/2025\/04\/23\/hva-betyr-det-og-tiltakene-som-er-planlagt\/\"},\"author\":{\"name\":\"Ole Andersen\",\"@id\":\"https:\/\/nordnesrepublikken.no\/#\/schema\/person\/2e7e81935bab77882fffb79296240ff1\"},\"headline\":\"Hva betyr det og tiltakene som er planlagt\",\"datePublished\":\"2025-04-23T00:49:36+00:00\",\"mainEntityOfPage\":{\"@id\":\"https:\/\/nordnesrepublikken.no\/index.php\/2025\/04\/23\/hva-betyr-det-og-tiltakene-som-er-planlagt\/\"},\"wordCount\":363,\"publisher\":{\"@id\":\"https:\/\/nordnesrepublikken.no\/#organization\"},\"image\":{\"@id\":\"https:\/\/nordnesrepublikken.no\/index.php\/2025\/04\/23\/hva-betyr-det-og-tiltakene-som-er-planlagt\/#primaryimage\"},\"thumbnailUrl\":\"https:\/\/nordnesrepublikken.no\/wp-content\/uploads\/2025\/04\/1745369376_Hva-betyr-det-og-tiltakene-som-er-planlagt.jpg\",\"keywords\":[\"betyr\",\"Det\",\"Hva\",\"planlagt\",\"som\",\"tiltakene\"],\"articleSection\":[\"Samfunn\"],\"inLanguage\":\"nb-NO\"},{\"@type\":\"WebPage\",\"@id\":\"https:\/\/nordnesrepublikken.no\/index.php\/2025\/04\/23\/hva-betyr-det-og-tiltakene-som-er-planlagt\/\",\"url\":\"https:\/\/nordnesrepublikken.no\/index.php\/2025\/04\/23\/hva-betyr-det-og-tiltakene-som-er-planlagt\/\",\"name\":\"Hva betyr det og tiltakene som er planlagt - Nordnesrepublikken\",\"isPartOf\":{\"@id\":\"https:\/\/nordnesrepublikken.no\/#website\"},\"primaryImageOfPage\":{\"@id\":\"https:\/\/nordnesrepublikken.no\/index.php\/2025\/04\/23\/hva-betyr-det-og-tiltakene-som-er-planlagt\/#primaryimage\"},\"image\":{\"@id\":\"https:\/\/nordnesrepublikken.no\/index.php\/2025\/04\/23\/hva-betyr-det-og-tiltakene-som-er-planlagt\/#primaryimage\"},\"thumbnailUrl\":\"https:\/\/nordnesrepublikken.no\/wp-content\/uploads\/2025\/04\/1745369376_Hva-betyr-det-og-tiltakene-som-er-planlagt.jpg\",\"datePublished\":\"2025-04-23T00:49:36+00:00\",\"breadcrumb\":{\"@id\":\"https:\/\/nordnesrepublikken.no\/index.php\/2025\/04\/23\/hva-betyr-det-og-tiltakene-som-er-planlagt\/#breadcrumb\"},\"inLanguage\":\"nb-NO\",\"potentialAction\":[{\"@type\":\"ReadAction\",\"target\":[\"https:\/\/nordnesrepublikken.no\/index.php\/2025\/04\/23\/hva-betyr-det-og-tiltakene-som-er-planlagt\/\"]}]},{\"@type\":\"ImageObject\",\"inLanguage\":\"nb-NO\",\"@id\":\"https:\/\/nordnesrepublikken.no\/index.php\/2025\/04\/23\/hva-betyr-det-og-tiltakene-som-er-planlagt\/#primaryimage\",\"url\":\"https:\/\/nordnesrepublikken.no\/wp-content\/uploads\/2025\/04\/1745369376_Hva-betyr-det-og-tiltakene-som-er-planlagt.jpg\",\"contentUrl\":\"https:\/\/nordnesrepublikken.no\/wp-content\/uploads\/2025\/04\/1745369376_Hva-betyr-det-og-tiltakene-som-er-planlagt.jpg\",\"width\":653,\"height\":492,\"caption\":\"Immagine\"},{\"@type\":\"BreadcrumbList\",\"@id\":\"https:\/\/nordnesrepublikken.no\/index.php\/2025\/04\/23\/hva-betyr-det-og-tiltakene-som-er-planlagt\/#breadcrumb\",\"itemListElement\":[{\"@type\":\"ListItem\",\"position\":1,\"name\":\"Home\",\"item\":\"https:\/\/nordnesrepublikken.no\/\"},{\"@type\":\"ListItem\",\"position\":2,\"name\":\"Hva betyr det og tiltakene som er planlagt\"}]},{\"@type\":\"WebSite\",\"@id\":\"https:\/\/nordnesrepublikken.no\/#website\",\"url\":\"https:\/\/nordnesrepublikken.no\/\",\"name\":\"Nordnesrepublikken\",\"description\":\"Stemmer og Visjoner fra Republikkens Hjerte\",\"publisher\":{\"@id\":\"https:\/\/nordnesrepublikken.no\/#organization\"},\"potentialAction\":[{\"@type\":\"SearchAction\",\"target\":{\"@type\":\"EntryPoint\",\"urlTemplate\":\"https:\/\/nordnesrepublikken.no\/?s={search_term_string}\"},\"query-input\":{\"@type\":\"PropertyValueSpecification\",\"valueRequired\":true,\"valueName\":\"search_term_string\"}}],\"inLanguage\":\"nb-NO\"},{\"@type\":\"Organization\",\"@id\":\"https:\/\/nordnesrepublikken.no\/#organization\",\"name\":\"Nordnesrepublikken\",\"url\":\"https:\/\/nordnesrepublikken.no\/\",\"logo\":{\"@type\":\"ImageObject\",\"inLanguage\":\"nb-NO\",\"@id\":\"https:\/\/nordnesrepublikken.no\/#\/schema\/logo\/image\/\",\"url\":\"https:\/\/nordnesrepublikken.no\/wp-content\/uploads\/2025\/02\/cropped-nordnesrepublikken-2.png\",\"contentUrl\":\"https:\/\/nordnesrepublikken.no\/wp-content\/uploads\/2025\/02\/cropped-nordnesrepublikken-2.png\",\"width\":1248,\"height\":362,\"caption\":\"Nordnesrepublikken\"},\"image\":{\"@id\":\"https:\/\/nordnesrepublikken.no\/#\/schema\/logo\/image\/\"}},{\"@type\":\"Person\",\"@id\":\"https:\/\/nordnesrepublikken.no\/#\/schema\/person\/2e7e81935bab77882fffb79296240ff1\",\"name\":\"Ole Andersen\",\"image\":{\"@type\":\"ImageObject\",\"inLanguage\":\"nb-NO\",\"@id\":\"https:\/\/nordnesrepublikken.no\/#\/schema\/person\/image\/\",\"url\":\"https:\/\/nordnesrepublikken.no\/wp-content\/uploads\/2025\/02\/nordnesrepublikken-2-2-150x150.jpg\",\"contentUrl\":\"https:\/\/nordnesrepublikken.no\/wp-content\/uploads\/2025\/02\/nordnesrepublikken-2-2-150x150.jpg\",\"caption\":\"Ole Andersen\"},\"description\":\"Ettersom jeg vokste opp i Oslo, har jeg alltid v\u00e6rt fascinert av ordenes kraft og deres evne til \u00e5 skape endringer. Etter \u00e5 ha fullf\u00f8rt min utdannelse i kommunikasjon ved Universitetet i Bergen, fikk jeg muligheten til \u00e5 jobbe innen ulike medier, der jeg har s\u00f8kt \u00e5 belyse viktige samfunnssp\u00f8rsm\u00e5l. I dag, som redakt\u00f8r for Nordnesrepublikken, pr\u00f8ver jeg \u00e5 forene min kj\u00e6rlighet for journalistikk med min lidenskap for innovasjon og eventyr.\",\"sameAs\":[\"https:\/\/nordnesrepublikken.no\/\"]}]}<\/script>\n<!-- \/ Yoast SEO plugin. -->","yoast_head_json":{"title":"Hva betyr det og tiltakene som er planlagt - Nordnesrepublikken","robots":{"index":"index","follow":"follow","max-snippet":"max-snippet:-1","max-image-preview":"max-image-preview:large","max-video-preview":"max-video-preview:-1"},"canonical":"https:\/\/nordnesrepublikken.no\/index.php\/2025\/04\/23\/hva-betyr-det-og-tiltakene-som-er-planlagt\/","og_locale":"nb_NO","og_type":"article","og_title":"Hva betyr det og tiltakene som er planlagt - Nordnesrepublikken","og_description":"I Italia vil de v\u00e6re i kraft 5 dager med nasjonal sorg for d\u00f8den av","og_url":"https:\/\/nordnesrepublikken.no\/index.php\/2025\/04\/23\/hva-betyr-det-og-tiltakene-som-er-planlagt\/","og_site_name":"Nordnesrepublikken","article_published_time":"2025-04-23T00:49:36+00:00","og_image":[{"width":653,"height":492,"url":"https:\/\/nordnesrepublikken.no\/wp-content\/uploads\/2025\/04\/1745369376_Hva-betyr-det-og-tiltakene-som-er-planlagt.jpg","type":"image\/jpeg"}],"author":"Ole Andersen","twitter_card":"summary_large_image","twitter_misc":{"Skrevet av":"Ole Andersen","Ansl. lesetid":"2 minutter"},"schema":{"@context":"https:\/\/schema.org","@graph":[{"@type":"Article","@id":"https:\/\/nordnesrepublikken.no\/index.php\/2025\/04\/23\/hva-betyr-det-og-tiltakene-som-er-planlagt\/#article","isPartOf":{"@id":"https:\/\/nordnesrepublikken.no\/index.php\/2025\/04\/23\/hva-betyr-det-og-tiltakene-som-er-planlagt\/"},"author":{"name":"Ole Andersen","@id":"https:\/\/nordnesrepublikken.no\/#\/schema\/person\/2e7e81935bab77882fffb79296240ff1"},"headline":"Hva betyr det og tiltakene som er planlagt","datePublished":"2025-04-23T00:49:36+00:00","mainEntityOfPage":{"@id":"https:\/\/nordnesrepublikken.no\/index.php\/2025\/04\/23\/hva-betyr-det-og-tiltakene-som-er-planlagt\/"},"wordCount":363,"publisher":{"@id":"https:\/\/nordnesrepublikken.no\/#organization"},"image":{"@id":"https:\/\/nordnesrepublikken.no\/index.php\/2025\/04\/23\/hva-betyr-det-og-tiltakene-som-er-planlagt\/#primaryimage"},"thumbnailUrl":"https:\/\/nordnesrepublikken.no\/wp-content\/uploads\/2025\/04\/1745369376_Hva-betyr-det-og-tiltakene-som-er-planlagt.jpg","keywords":["betyr","Det","Hva","planlagt","som","tiltakene"],"articleSection":["Samfunn"],"inLanguage":"nb-NO"},{"@type":"WebPage","@id":"https:\/\/nordnesrepublikken.no\/index.php\/2025\/04\/23\/hva-betyr-det-og-tiltakene-som-er-planlagt\/","url":"https:\/\/nordnesrepublikken.no\/index.php\/2025\/04\/23\/hva-betyr-det-og-tiltakene-som-er-planlagt\/","name":"Hva betyr det og tiltakene som er planlagt - Nordnesrepublikken","isPartOf":{"@id":"https:\/\/nordnesrepublikken.no\/#website"},"primaryImageOfPage":{"@id":"https:\/\/nordnesrepublikken.no\/index.php\/2025\/04\/23\/hva-betyr-det-og-tiltakene-som-er-planlagt\/#primaryimage"},"image":{"@id":"https:\/\/nordnesrepublikken.no\/index.php\/2025\/04\/23\/hva-betyr-det-og-tiltakene-som-er-planlagt\/#primaryimage"},"thumbnailUrl":"https:\/\/nordnesrepublikken.no\/wp-content\/uploads\/2025\/04\/1745369376_Hva-betyr-det-og-tiltakene-som-er-planlagt.jpg","datePublished":"2025-04-23T00:49:36+00:00","breadcrumb":{"@id":"https:\/\/nordnesrepublikken.no\/index.php\/2025\/04\/23\/hva-betyr-det-og-tiltakene-som-er-planlagt\/#breadcrumb"},"inLanguage":"nb-NO","potentialAction":[{"@type":"ReadAction","target":["https:\/\/nordnesrepublikken.no\/index.php\/2025\/04\/23\/hva-betyr-det-og-tiltakene-som-er-planlagt\/"]}]},{"@type":"ImageObject","inLanguage":"nb-NO","@id":"https:\/\/nordnesrepublikken.no\/index.php\/2025\/04\/23\/hva-betyr-det-og-tiltakene-som-er-planlagt\/#primaryimage","url":"https:\/\/nordnesrepublikken.no\/wp-content\/uploads\/2025\/04\/1745369376_Hva-betyr-det-og-tiltakene-som-er-planlagt.jpg","contentUrl":"https:\/\/nordnesrepublikken.no\/wp-content\/uploads\/2025\/04\/1745369376_Hva-betyr-det-og-tiltakene-som-er-planlagt.jpg","width":653,"height":492,"caption":"Immagine"},{"@type":"BreadcrumbList","@id":"https:\/\/nordnesrepublikken.no\/index.php\/2025\/04\/23\/hva-betyr-det-og-tiltakene-som-er-planlagt\/#breadcrumb","itemListElement":[{"@type":"ListItem","position":1,"name":"Home","item":"https:\/\/nordnesrepublikken.no\/"},{"@type":"ListItem","position":2,"name":"Hva betyr det og tiltakene som er planlagt"}]},{"@type":"WebSite","@id":"https:\/\/nordnesrepublikken.no\/#website","url":"https:\/\/nordnesrepublikken.no\/","name":"Nordnesrepublikken","description":"Stemmer og Visjoner fra Republikkens Hjerte","publisher":{"@id":"https:\/\/nordnesrepublikken.no\/#organization"},"potentialAction":[{"@type":"SearchAction","target":{"@type":"EntryPoint","urlTemplate":"https:\/\/nordnesrepublikken.no\/?s={search_term_string}"},"query-input":{"@type":"PropertyValueSpecification","valueRequired":true,"valueName":"search_term_string"}}],"inLanguage":"nb-NO"},{"@type":"Organization","@id":"https:\/\/nordnesrepublikken.no\/#organization","name":"Nordnesrepublikken","url":"https:\/\/nordnesrepublikken.no\/","logo":{"@type":"ImageObject","inLanguage":"nb-NO","@id":"https:\/\/nordnesrepublikken.no\/#\/schema\/logo\/image\/","url":"https:\/\/nordnesrepublikken.no\/wp-content\/uploads\/2025\/02\/cropped-nordnesrepublikken-2.png","contentUrl":"https:\/\/nordnesrepublikken.no\/wp-content\/uploads\/2025\/02\/cropped-nordnesrepublikken-2.png","width":1248,"height":362,"caption":"Nordnesrepublikken"},"image":{"@id":"https:\/\/nordnesrepublikken.no\/#\/schema\/logo\/image\/"}},{"@type":"Person","@id":"https:\/\/nordnesrepublikken.no\/#\/schema\/person\/2e7e81935bab77882fffb79296240ff1","name":"Ole Andersen","image":{"@type":"ImageObject","inLanguage":"nb-NO","@id":"https:\/\/nordnesrepublikken.no\/#\/schema\/person\/image\/","url":"https:\/\/nordnesrepublikken.no\/wp-content\/uploads\/2025\/02\/nordnesrepublikken-2-2-150x150.jpg","contentUrl":"https:\/\/nordnesrepublikken.no\/wp-content\/uploads\/2025\/02\/nordnesrepublikken-2-2-150x150.jpg","caption":"Ole Andersen"},"description":"Ettersom jeg vokste opp i Oslo, har jeg alltid v\u00e6rt fascinert av ordenes kraft og deres evne til \u00e5 skape endringer. Etter \u00e5 ha fullf\u00f8rt min utdannelse i kommunikasjon ved Universitetet i Bergen, fikk jeg muligheten til \u00e5 jobbe innen ulike medier, der jeg har s\u00f8kt \u00e5 belyse viktige samfunnssp\u00f8rsm\u00e5l. I dag, som redakt\u00f8r for Nordnesrepublikken, pr\u00f8ver jeg \u00e5 forene min kj\u00e6rlighet for journalistikk med min lidenskap for innovasjon og eventyr.","sameAs":["https:\/\/nordnesrepublikken.no\/"]}]}},"_links":{"self":[{"href":"https:\/\/nordnesrepublikken.no\/index.php\/wp-json\/wp\/v2\/posts\/3696","targetHints":{"allow":["GET"]}}],"collection":[{"href":"https:\/\/nordnesrepublikken.no\/index.php\/wp-json\/wp\/v2\/posts"}],"about":[{"href":"https:\/\/nordnesrepublikken.no\/index.php\/wp-json\/wp\/v2\/types\/post"}],"author":[{"embeddable":true,"href":"https:\/\/nordnesrepublikken.no\/index.php\/wp-json\/wp\/v2\/users\/1"}],"replies":[{"embeddable":true,"href":"https:\/\/nordnesrepublikken.no\/index.php\/wp-json\/wp\/v2\/comments?post=3696"}],"version-history":[{"count":1,"href":"https:\/\/nordnesrepublikken.no\/index.php\/wp-json\/wp\/v2\/posts\/3696\/revisions"}],"predecessor-version":[{"id":3698,"href":"https:\/\/nordnesrepublikken.no\/index.php\/wp-json\/wp\/v2\/posts\/3696\/revisions\/3698"}],"wp:featuredmedia":[{"embeddable":true,"href":"https:\/\/nordnesrepublikken.no\/index.php\/wp-json\/wp\/v2\/media\/3697"}],"wp:attachment":[{"href":"https:\/\/nordnesrepublikken.no\/index.php\/wp-json\/wp\/v2\/media?parent=3696"}],"wp:term":[{"taxonomy":"category","embeddable":true,"href":"https:\/\/nordnesrepublikken.no\/index.php\/wp-json\/wp\/v2\/categories?post=3696"},{"taxonomy":"post_tag","embeddable":true,"href":"https:\/\/nordnesrepublikken.no\/index.php\/wp-json\/wp\/v2\/tags?post=3696"}],"curies":[{"name":"wp","href":"https:\/\/api.w.org\/{rel}","templated":true}]}}