{"id":3614,"date":"2025-04-21T13:49:30","date_gmt":"2025-04-21T11:49:30","guid":{"rendered":"https:\/\/nordnesrepublikken.no\/index.php\/2025\/04\/21\/statsminister-jonas-gahr-stor-og-finansminister-stoltenberg-for-a-mote-trump\/"},"modified":"2025-04-21T13:49:31","modified_gmt":"2025-04-21T11:49:31","slug":"statsminister-jonas-gahr-stor-og-finansminister-stoltenberg-for-a-mote-trump","status":"publish","type":"post","link":"https:\/\/nordnesrepublikken.no\/index.php\/2025\/04\/21\/statsminister-jonas-gahr-stor-og-finansminister-stoltenberg-for-a-mote-trump\/","title":{"rendered":"Statsminister Jonas Gahr St\u00f8r og finansminister Stoltenberg for \u00e5 m\u00f8te Trump"},"content":{"rendered":"<p><\/p>\n<div class=\"wordpress-content\">\n                    <!-- Article Start --><\/p>\n<p><strong>Den norske statsministeren Jonas Gahr St\u00f8r og finansminister Jens Stoltenberg vil angivelig m\u00f8te USAs president Donald Trump i Det hvite hus torsdag 25. april.<\/strong><\/p>\n<p>Agendaen vil omfatte diskusjoner om NATO, krigen i Ukraina, global handel og styrking av \u00f8konomisk samarbeid mellom de to landene.<\/p>\n<h2><strong>Global usikkerhet krever et m\u00f8te med Jonas Gahr St\u00f8r, Jens Stoltenberg og Donald Trump<\/strong><\/h2>\n<p>Bes\u00f8ket kommer n\u00e5r geopolitiske spenninger stiger, og Norge s\u00f8ker \u00e5 forsterke b\u00e5ndene til USA.<\/p>\n<div class=\"sra_unit\"><link rel=\"stylesheet\" id=\"block-sra\" href=\"https:\/\/euroweeklynews.com\/wp-content\/plugins\/snack-related-articles\/dist\/css\/snack-related.min.css?250312-193541\" type=\"text\/css\" media=\"all\">\n<\/div>\n<p>&laquo;USA er v\u00e5r viktigste allierte. I en turbulent og krevende sikkerhetspolitisk tid er den n\u00e6re kontakten mellom v\u00e5re to land veldig viktig,&raquo; sa St\u00f8rre i en pressemelding, sitert av <em>Vg<\/em>.<\/p>\n<p>Det vil v\u00e6re det f\u00f8rste m\u00f8tet ansikt til ansikt mellom St\u00f8r og Trump, selv om de tidligere har snakket p\u00e5 telefon, if\u00f8lge <em>Vg<\/em>.<\/p>\n<p>B\u00e5de <em>Vg<\/em> og <em>Reuters<\/em> Bekreft at lederne vil snakke om sikkerhet, NATO og krigen i Ukraina, sammen med \u00f8konomiske emner.<\/p>\n<p>&laquo;Norge og USA samarbeider i en rekke omr\u00e5der, og USA er en viktig handelspartner for Norge. Jeg ser frem til \u00e5 snakke om omr\u00e5der der vi kan samarbeide enda n\u00e6rmere i fremtiden,&raquo; sa St\u00f8r.<\/p>\n<p>Finansminister Jens Stoltenberg, i Washington for et verdensbankm\u00f8te, har ogs\u00e5 blitt invitert til Det hvite hus.<\/p>\n<p>&laquo;Det er nyttig \u00e5 diskutere sp\u00f8rsm\u00e5l der det kan v\u00e6re forskjellige synspunkter mellom Europa og USA. Dette kan bidra til \u00f8kt forst\u00e5else og \u00e5 finne vanlige l\u00f8sninger,&raquo; sa Stoltenberg. (Sitert av<em> Vg.<\/em>)<\/p>\n<p><strong>Trump -tariffer, handelsspenninger og \u00f8konomiske b\u00e5nd<\/strong><\/p>\n<p>M\u00f8tet vil ogs\u00e5 ber\u00f8re \u00f8konomisk friksjon. Som <em>Reuters<\/em> Trump-administrasjonen innf\u00f8rte nylig en toll p\u00e5 15 prosent p\u00e5 norsk import, selv om denne satsen n\u00e5 er senket til 10 prosent i en 90-dagers periode. St\u00f8r har tidligere uttalt at Norge ikke ville gjengjelde seg.<\/p>\n<p>&laquo;Noe av den uforutsigbarheten vi har sett med Trump, som er hans karakteristikk og metode, vi m\u00e5 n\u00e5 l\u00e6re \u00e5 leve med og pr\u00f8ve \u00e5 h\u00e5ndtere, slik at det ikke skaper situasjoner som strider mot v\u00e5re interesser,&raquo; sa St\u00f8r i januar.<\/p>\n<p>Stoltenberg nevnte Norges betydning for den amerikanske \u00f8konomien, og henviste til landets betydelige investeringer i amerikanske virksomheter gjennom Sovereign Wealth Fund.<\/p>\n<p>&laquo;Det faktum at den amerikanske presidenten inviterer meg som den norske statsministeren til et m\u00f8te i Det hvite hus, er ogs\u00e5 et klart uttrykk som USA ser p\u00e5 Norge som en viktig partner,&raquo; sa St\u00f8rre. (Sitert av<em> Vg<\/em>.)<\/p>\n<p>Med transatlantisk sikkerhet og handel b\u00e5de under press, kan torsdagens m\u00f8te vise seg \u00e5 v\u00e6re viktig for \u00e5 holde Norge og USAs sivile.<\/p>\n<p>Se alle nyheter fra Norge.<\/p>\n<p>                    <!-- Article End --><\/p><\/div>\n","protected":false},"excerpt":{"rendered":"<p>Den norske statsministeren Jonas Gahr St\u00f8r og finansminister Jens Stoltenberg vil angivelig m\u00f8te USAs president<\/p>\n","protected":false},"author":1,"featured_media":3615,"comment_status":"closed","ping_status":"open","sticky":false,"template":"","format":"standard","meta":{"footnotes":""},"categories":[22],"tags":[1488,1487,1486,156,1485,1489,1131,61],"class_list":["post-3614","post","type-post","status-publish","format-standard","has-post-thumbnail","hentry","category-nasjonal","tag-finansminister","tag-gahr","tag-jonas","tag-mote","tag-statsminister","tag-stoltenberg","tag-stor","tag-trump","generate-columns","tablet-grid-50","mobile-grid-100","grid-parent","grid-33","resize-featured-image"],"yoast_head":"<!-- This site is optimized with the Yoast SEO plugin v24.4 - https:\/\/yoast.com\/wordpress\/plugins\/seo\/ -->\n<title>Statsminister Jonas Gahr St\u00f8r og finansminister Stoltenberg for \u00e5 m\u00f8te Trump - Nordnesrepublikken<\/title>\n<meta name=\"robots\" content=\"index, follow, max-snippet:-1, max-image-preview:large, max-video-preview:-1\" \/>\n<link rel=\"canonical\" href=\"https:\/\/nordnesrepublikken.no\/index.php\/2025\/04\/21\/statsminister-jonas-gahr-stor-og-finansminister-stoltenberg-for-a-mote-trump\/\" \/>\n<meta property=\"og:locale\" content=\"nb_NO\" \/>\n<meta property=\"og:type\" content=\"article\" \/>\n<meta property=\"og:title\" content=\"Statsminister Jonas Gahr St\u00f8r og finansminister Stoltenberg for \u00e5 m\u00f8te Trump - Nordnesrepublikken\" \/>\n<meta property=\"og:description\" content=\"Den norske statsministeren Jonas Gahr St\u00f8r og finansminister Jens Stoltenberg vil angivelig m\u00f8te USAs president\" \/>\n<meta property=\"og:url\" content=\"https:\/\/nordnesrepublikken.no\/index.php\/2025\/04\/21\/statsminister-jonas-gahr-stor-og-finansminister-stoltenberg-for-a-mote-trump\/\" \/>\n<meta property=\"og:site_name\" content=\"Nordnesrepublikken\" \/>\n<meta property=\"article:published_time\" content=\"2025-04-21T11:49:30+00:00\" \/>\n<meta property=\"article:modified_time\" content=\"2025-04-21T11:49:31+00:00\" \/>\n<meta property=\"og:image\" content=\"https:\/\/nordnesrepublikken.no\/wp-content\/uploads\/2025\/04\/1745236171_Statsminister-Jonas-Gahr-Stor-og-finansminister-Stoltenberg-for-a-mote.jpg\" \/>\n\t<meta property=\"og:image:width\" content=\"1199\" \/>\n\t<meta property=\"og:image:height\" content=\"800\" \/>\n\t<meta property=\"og:image:type\" content=\"image\/jpeg\" \/>\n<meta name=\"author\" content=\"Ole Andersen\" \/>\n<meta name=\"twitter:card\" content=\"summary_large_image\" \/>\n<meta name=\"twitter:label1\" content=\"Skrevet av\" \/>\n\t<meta name=\"twitter:data1\" content=\"Ole Andersen\" \/>\n\t<meta name=\"twitter:label2\" content=\"Ansl. lesetid\" \/>\n\t<meta name=\"twitter:data2\" content=\"2 minutter\" \/>\n<script type=\"application\/ld+json\" class=\"yoast-schema-graph\">{\"@context\":\"https:\/\/schema.org\",\"@graph\":[{\"@type\":\"Article\",\"@id\":\"https:\/\/nordnesrepublikken.no\/index.php\/2025\/04\/21\/statsminister-jonas-gahr-stor-og-finansminister-stoltenberg-for-a-mote-trump\/#article\",\"isPartOf\":{\"@id\":\"https:\/\/nordnesrepublikken.no\/index.php\/2025\/04\/21\/statsminister-jonas-gahr-stor-og-finansminister-stoltenberg-for-a-mote-trump\/\"},\"author\":{\"name\":\"Ole Andersen\",\"@id\":\"https:\/\/nordnesrepublikken.no\/#\/schema\/person\/2e7e81935bab77882fffb79296240ff1\"},\"headline\":\"Statsminister Jonas Gahr St\u00f8r og finansminister Stoltenberg for \u00e5 m\u00f8te Trump\",\"datePublished\":\"2025-04-21T11:49:30+00:00\",\"dateModified\":\"2025-04-21T11:49:31+00:00\",\"mainEntityOfPage\":{\"@id\":\"https:\/\/nordnesrepublikken.no\/index.php\/2025\/04\/21\/statsminister-jonas-gahr-stor-og-finansminister-stoltenberg-for-a-mote-trump\/\"},\"wordCount\":448,\"publisher\":{\"@id\":\"https:\/\/nordnesrepublikken.no\/#organization\"},\"image\":{\"@id\":\"https:\/\/nordnesrepublikken.no\/index.php\/2025\/04\/21\/statsminister-jonas-gahr-stor-og-finansminister-stoltenberg-for-a-mote-trump\/#primaryimage\"},\"thumbnailUrl\":\"https:\/\/nordnesrepublikken.no\/wp-content\/uploads\/2025\/04\/1745236171_Statsminister-Jonas-Gahr-Stor-og-finansminister-Stoltenberg-for-a-mote.jpg\",\"keywords\":[\"finansminister\",\"Gahr\",\"Jonas\",\"m\u00f8te\",\"Statsminister\",\"Stoltenberg\",\"stor\",\"Trump\"],\"articleSection\":[\"Nasjonal\"],\"inLanguage\":\"nb-NO\"},{\"@type\":\"WebPage\",\"@id\":\"https:\/\/nordnesrepublikken.no\/index.php\/2025\/04\/21\/statsminister-jonas-gahr-stor-og-finansminister-stoltenberg-for-a-mote-trump\/\",\"url\":\"https:\/\/nordnesrepublikken.no\/index.php\/2025\/04\/21\/statsminister-jonas-gahr-stor-og-finansminister-stoltenberg-for-a-mote-trump\/\",\"name\":\"Statsminister Jonas Gahr St\u00f8r og finansminister Stoltenberg for \u00e5 m\u00f8te Trump - Nordnesrepublikken\",\"isPartOf\":{\"@id\":\"https:\/\/nordnesrepublikken.no\/#website\"},\"primaryImageOfPage\":{\"@id\":\"https:\/\/nordnesrepublikken.no\/index.php\/2025\/04\/21\/statsminister-jonas-gahr-stor-og-finansminister-stoltenberg-for-a-mote-trump\/#primaryimage\"},\"image\":{\"@id\":\"https:\/\/nordnesrepublikken.no\/index.php\/2025\/04\/21\/statsminister-jonas-gahr-stor-og-finansminister-stoltenberg-for-a-mote-trump\/#primaryimage\"},\"thumbnailUrl\":\"https:\/\/nordnesrepublikken.no\/wp-content\/uploads\/2025\/04\/1745236171_Statsminister-Jonas-Gahr-Stor-og-finansminister-Stoltenberg-for-a-mote.jpg\",\"datePublished\":\"2025-04-21T11:49:30+00:00\",\"dateModified\":\"2025-04-21T11:49:31+00:00\",\"breadcrumb\":{\"@id\":\"https:\/\/nordnesrepublikken.no\/index.php\/2025\/04\/21\/statsminister-jonas-gahr-stor-og-finansminister-stoltenberg-for-a-mote-trump\/#breadcrumb\"},\"inLanguage\":\"nb-NO\",\"potentialAction\":[{\"@type\":\"ReadAction\",\"target\":[\"https:\/\/nordnesrepublikken.no\/index.php\/2025\/04\/21\/statsminister-jonas-gahr-stor-og-finansminister-stoltenberg-for-a-mote-trump\/\"]}]},{\"@type\":\"ImageObject\",\"inLanguage\":\"nb-NO\",\"@id\":\"https:\/\/nordnesrepublikken.no\/index.php\/2025\/04\/21\/statsminister-jonas-gahr-stor-og-finansminister-stoltenberg-for-a-mote-trump\/#primaryimage\",\"url\":\"https:\/\/nordnesrepublikken.no\/wp-content\/uploads\/2025\/04\/1745236171_Statsminister-Jonas-Gahr-Stor-og-finansminister-Stoltenberg-for-a-mote.jpg\",\"contentUrl\":\"https:\/\/nordnesrepublikken.no\/wp-content\/uploads\/2025\/04\/1745236171_Statsminister-Jonas-Gahr-Stor-og-finansminister-Stoltenberg-for-a-mote.jpg\",\"width\":1199,\"height\":800,\"caption\":\"Statsminister Jonas Gahr St\u00f8r og finansminister Stoltenberg for \u00e5 m\u00f8te Trump\"},{\"@type\":\"BreadcrumbList\",\"@id\":\"https:\/\/nordnesrepublikken.no\/index.php\/2025\/04\/21\/statsminister-jonas-gahr-stor-og-finansminister-stoltenberg-for-a-mote-trump\/#breadcrumb\",\"itemListElement\":[{\"@type\":\"ListItem\",\"position\":1,\"name\":\"Home\",\"item\":\"https:\/\/nordnesrepublikken.no\/\"},{\"@type\":\"ListItem\",\"position\":2,\"name\":\"Statsminister Jonas Gahr St\u00f8r og finansminister Stoltenberg for \u00e5 m\u00f8te Trump\"}]},{\"@type\":\"WebSite\",\"@id\":\"https:\/\/nordnesrepublikken.no\/#website\",\"url\":\"https:\/\/nordnesrepublikken.no\/\",\"name\":\"Nordnesrepublikken\",\"description\":\"Stemmer og Visjoner fra Republikkens Hjerte\",\"publisher\":{\"@id\":\"https:\/\/nordnesrepublikken.no\/#organization\"},\"potentialAction\":[{\"@type\":\"SearchAction\",\"target\":{\"@type\":\"EntryPoint\",\"urlTemplate\":\"https:\/\/nordnesrepublikken.no\/?s={search_term_string}\"},\"query-input\":{\"@type\":\"PropertyValueSpecification\",\"valueRequired\":true,\"valueName\":\"search_term_string\"}}],\"inLanguage\":\"nb-NO\"},{\"@type\":\"Organization\",\"@id\":\"https:\/\/nordnesrepublikken.no\/#organization\",\"name\":\"Nordnesrepublikken\",\"url\":\"https:\/\/nordnesrepublikken.no\/\",\"logo\":{\"@type\":\"ImageObject\",\"inLanguage\":\"nb-NO\",\"@id\":\"https:\/\/nordnesrepublikken.no\/#\/schema\/logo\/image\/\",\"url\":\"https:\/\/nordnesrepublikken.no\/wp-content\/uploads\/2025\/02\/cropped-nordnesrepublikken-2.png\",\"contentUrl\":\"https:\/\/nordnesrepublikken.no\/wp-content\/uploads\/2025\/02\/cropped-nordnesrepublikken-2.png\",\"width\":1248,\"height\":362,\"caption\":\"Nordnesrepublikken\"},\"image\":{\"@id\":\"https:\/\/nordnesrepublikken.no\/#\/schema\/logo\/image\/\"}},{\"@type\":\"Person\",\"@id\":\"https:\/\/nordnesrepublikken.no\/#\/schema\/person\/2e7e81935bab77882fffb79296240ff1\",\"name\":\"Ole Andersen\",\"image\":{\"@type\":\"ImageObject\",\"inLanguage\":\"nb-NO\",\"@id\":\"https:\/\/nordnesrepublikken.no\/#\/schema\/person\/image\/\",\"url\":\"https:\/\/nordnesrepublikken.no\/wp-content\/uploads\/2025\/02\/nordnesrepublikken-2-2-150x150.jpg\",\"contentUrl\":\"https:\/\/nordnesrepublikken.no\/wp-content\/uploads\/2025\/02\/nordnesrepublikken-2-2-150x150.jpg\",\"caption\":\"Ole Andersen\"},\"description\":\"Ettersom jeg vokste opp i Oslo, har jeg alltid v\u00e6rt fascinert av ordenes kraft og deres evne til \u00e5 skape endringer. Etter \u00e5 ha fullf\u00f8rt min utdannelse i kommunikasjon ved Universitetet i Bergen, fikk jeg muligheten til \u00e5 jobbe innen ulike medier, der jeg har s\u00f8kt \u00e5 belyse viktige samfunnssp\u00f8rsm\u00e5l. I dag, som redakt\u00f8r for Nordnesrepublikken, pr\u00f8ver jeg \u00e5 forene min kj\u00e6rlighet for journalistikk med min lidenskap for innovasjon og eventyr.\",\"sameAs\":[\"https:\/\/nordnesrepublikken.no\/\"]}]}<\/script>\n<!-- \/ Yoast SEO plugin. -->","yoast_head_json":{"title":"Statsminister Jonas Gahr St\u00f8r og finansminister Stoltenberg for \u00e5 m\u00f8te Trump - Nordnesrepublikken","robots":{"index":"index","follow":"follow","max-snippet":"max-snippet:-1","max-image-preview":"max-image-preview:large","max-video-preview":"max-video-preview:-1"},"canonical":"https:\/\/nordnesrepublikken.no\/index.php\/2025\/04\/21\/statsminister-jonas-gahr-stor-og-finansminister-stoltenberg-for-a-mote-trump\/","og_locale":"nb_NO","og_type":"article","og_title":"Statsminister Jonas Gahr St\u00f8r og finansminister Stoltenberg for \u00e5 m\u00f8te Trump - Nordnesrepublikken","og_description":"Den norske statsministeren Jonas Gahr St\u00f8r og finansminister Jens Stoltenberg vil angivelig m\u00f8te USAs president","og_url":"https:\/\/nordnesrepublikken.no\/index.php\/2025\/04\/21\/statsminister-jonas-gahr-stor-og-finansminister-stoltenberg-for-a-mote-trump\/","og_site_name":"Nordnesrepublikken","article_published_time":"2025-04-21T11:49:30+00:00","article_modified_time":"2025-04-21T11:49:31+00:00","og_image":[{"width":1199,"height":800,"url":"https:\/\/nordnesrepublikken.no\/wp-content\/uploads\/2025\/04\/1745236171_Statsminister-Jonas-Gahr-Stor-og-finansminister-Stoltenberg-for-a-mote.jpg","type":"image\/jpeg"}],"author":"Ole Andersen","twitter_card":"summary_large_image","twitter_misc":{"Skrevet av":"Ole Andersen","Ansl. lesetid":"2 minutter"},"schema":{"@context":"https:\/\/schema.org","@graph":[{"@type":"Article","@id":"https:\/\/nordnesrepublikken.no\/index.php\/2025\/04\/21\/statsminister-jonas-gahr-stor-og-finansminister-stoltenberg-for-a-mote-trump\/#article","isPartOf":{"@id":"https:\/\/nordnesrepublikken.no\/index.php\/2025\/04\/21\/statsminister-jonas-gahr-stor-og-finansminister-stoltenberg-for-a-mote-trump\/"},"author":{"name":"Ole Andersen","@id":"https:\/\/nordnesrepublikken.no\/#\/schema\/person\/2e7e81935bab77882fffb79296240ff1"},"headline":"Statsminister Jonas Gahr St\u00f8r og finansminister Stoltenberg for \u00e5 m\u00f8te Trump","datePublished":"2025-04-21T11:49:30+00:00","dateModified":"2025-04-21T11:49:31+00:00","mainEntityOfPage":{"@id":"https:\/\/nordnesrepublikken.no\/index.php\/2025\/04\/21\/statsminister-jonas-gahr-stor-og-finansminister-stoltenberg-for-a-mote-trump\/"},"wordCount":448,"publisher":{"@id":"https:\/\/nordnesrepublikken.no\/#organization"},"image":{"@id":"https:\/\/nordnesrepublikken.no\/index.php\/2025\/04\/21\/statsminister-jonas-gahr-stor-og-finansminister-stoltenberg-for-a-mote-trump\/#primaryimage"},"thumbnailUrl":"https:\/\/nordnesrepublikken.no\/wp-content\/uploads\/2025\/04\/1745236171_Statsminister-Jonas-Gahr-Stor-og-finansminister-Stoltenberg-for-a-mote.jpg","keywords":["finansminister","Gahr","Jonas","m\u00f8te","Statsminister","Stoltenberg","stor","Trump"],"articleSection":["Nasjonal"],"inLanguage":"nb-NO"},{"@type":"WebPage","@id":"https:\/\/nordnesrepublikken.no\/index.php\/2025\/04\/21\/statsminister-jonas-gahr-stor-og-finansminister-stoltenberg-for-a-mote-trump\/","url":"https:\/\/nordnesrepublikken.no\/index.php\/2025\/04\/21\/statsminister-jonas-gahr-stor-og-finansminister-stoltenberg-for-a-mote-trump\/","name":"Statsminister Jonas Gahr St\u00f8r og finansminister Stoltenberg for \u00e5 m\u00f8te Trump - Nordnesrepublikken","isPartOf":{"@id":"https:\/\/nordnesrepublikken.no\/#website"},"primaryImageOfPage":{"@id":"https:\/\/nordnesrepublikken.no\/index.php\/2025\/04\/21\/statsminister-jonas-gahr-stor-og-finansminister-stoltenberg-for-a-mote-trump\/#primaryimage"},"image":{"@id":"https:\/\/nordnesrepublikken.no\/index.php\/2025\/04\/21\/statsminister-jonas-gahr-stor-og-finansminister-stoltenberg-for-a-mote-trump\/#primaryimage"},"thumbnailUrl":"https:\/\/nordnesrepublikken.no\/wp-content\/uploads\/2025\/04\/1745236171_Statsminister-Jonas-Gahr-Stor-og-finansminister-Stoltenberg-for-a-mote.jpg","datePublished":"2025-04-21T11:49:30+00:00","dateModified":"2025-04-21T11:49:31+00:00","breadcrumb":{"@id":"https:\/\/nordnesrepublikken.no\/index.php\/2025\/04\/21\/statsminister-jonas-gahr-stor-og-finansminister-stoltenberg-for-a-mote-trump\/#breadcrumb"},"inLanguage":"nb-NO","potentialAction":[{"@type":"ReadAction","target":["https:\/\/nordnesrepublikken.no\/index.php\/2025\/04\/21\/statsminister-jonas-gahr-stor-og-finansminister-stoltenberg-for-a-mote-trump\/"]}]},{"@type":"ImageObject","inLanguage":"nb-NO","@id":"https:\/\/nordnesrepublikken.no\/index.php\/2025\/04\/21\/statsminister-jonas-gahr-stor-og-finansminister-stoltenberg-for-a-mote-trump\/#primaryimage","url":"https:\/\/nordnesrepublikken.no\/wp-content\/uploads\/2025\/04\/1745236171_Statsminister-Jonas-Gahr-Stor-og-finansminister-Stoltenberg-for-a-mote.jpg","contentUrl":"https:\/\/nordnesrepublikken.no\/wp-content\/uploads\/2025\/04\/1745236171_Statsminister-Jonas-Gahr-Stor-og-finansminister-Stoltenberg-for-a-mote.jpg","width":1199,"height":800,"caption":"Statsminister Jonas Gahr St\u00f8r og finansminister Stoltenberg for \u00e5 m\u00f8te Trump"},{"@type":"BreadcrumbList","@id":"https:\/\/nordnesrepublikken.no\/index.php\/2025\/04\/21\/statsminister-jonas-gahr-stor-og-finansminister-stoltenberg-for-a-mote-trump\/#breadcrumb","itemListElement":[{"@type":"ListItem","position":1,"name":"Home","item":"https:\/\/nordnesrepublikken.no\/"},{"@type":"ListItem","position":2,"name":"Statsminister Jonas Gahr St\u00f8r og finansminister Stoltenberg for \u00e5 m\u00f8te Trump"}]},{"@type":"WebSite","@id":"https:\/\/nordnesrepublikken.no\/#website","url":"https:\/\/nordnesrepublikken.no\/","name":"Nordnesrepublikken","description":"Stemmer og Visjoner fra Republikkens Hjerte","publisher":{"@id":"https:\/\/nordnesrepublikken.no\/#organization"},"potentialAction":[{"@type":"SearchAction","target":{"@type":"EntryPoint","urlTemplate":"https:\/\/nordnesrepublikken.no\/?s={search_term_string}"},"query-input":{"@type":"PropertyValueSpecification","valueRequired":true,"valueName":"search_term_string"}}],"inLanguage":"nb-NO"},{"@type":"Organization","@id":"https:\/\/nordnesrepublikken.no\/#organization","name":"Nordnesrepublikken","url":"https:\/\/nordnesrepublikken.no\/","logo":{"@type":"ImageObject","inLanguage":"nb-NO","@id":"https:\/\/nordnesrepublikken.no\/#\/schema\/logo\/image\/","url":"https:\/\/nordnesrepublikken.no\/wp-content\/uploads\/2025\/02\/cropped-nordnesrepublikken-2.png","contentUrl":"https:\/\/nordnesrepublikken.no\/wp-content\/uploads\/2025\/02\/cropped-nordnesrepublikken-2.png","width":1248,"height":362,"caption":"Nordnesrepublikken"},"image":{"@id":"https:\/\/nordnesrepublikken.no\/#\/schema\/logo\/image\/"}},{"@type":"Person","@id":"https:\/\/nordnesrepublikken.no\/#\/schema\/person\/2e7e81935bab77882fffb79296240ff1","name":"Ole Andersen","image":{"@type":"ImageObject","inLanguage":"nb-NO","@id":"https:\/\/nordnesrepublikken.no\/#\/schema\/person\/image\/","url":"https:\/\/nordnesrepublikken.no\/wp-content\/uploads\/2025\/02\/nordnesrepublikken-2-2-150x150.jpg","contentUrl":"https:\/\/nordnesrepublikken.no\/wp-content\/uploads\/2025\/02\/nordnesrepublikken-2-2-150x150.jpg","caption":"Ole Andersen"},"description":"Ettersom jeg vokste opp i Oslo, har jeg alltid v\u00e6rt fascinert av ordenes kraft og deres evne til \u00e5 skape endringer. Etter \u00e5 ha fullf\u00f8rt min utdannelse i kommunikasjon ved Universitetet i Bergen, fikk jeg muligheten til \u00e5 jobbe innen ulike medier, der jeg har s\u00f8kt \u00e5 belyse viktige samfunnssp\u00f8rsm\u00e5l. I dag, som redakt\u00f8r for Nordnesrepublikken, pr\u00f8ver jeg \u00e5 forene min kj\u00e6rlighet for journalistikk med min lidenskap for innovasjon og eventyr.","sameAs":["https:\/\/nordnesrepublikken.no\/"]}]}},"_links":{"self":[{"href":"https:\/\/nordnesrepublikken.no\/index.php\/wp-json\/wp\/v2\/posts\/3614","targetHints":{"allow":["GET"]}}],"collection":[{"href":"https:\/\/nordnesrepublikken.no\/index.php\/wp-json\/wp\/v2\/posts"}],"about":[{"href":"https:\/\/nordnesrepublikken.no\/index.php\/wp-json\/wp\/v2\/types\/post"}],"author":[{"embeddable":true,"href":"https:\/\/nordnesrepublikken.no\/index.php\/wp-json\/wp\/v2\/users\/1"}],"replies":[{"embeddable":true,"href":"https:\/\/nordnesrepublikken.no\/index.php\/wp-json\/wp\/v2\/comments?post=3614"}],"version-history":[{"count":1,"href":"https:\/\/nordnesrepublikken.no\/index.php\/wp-json\/wp\/v2\/posts\/3614\/revisions"}],"predecessor-version":[{"id":3616,"href":"https:\/\/nordnesrepublikken.no\/index.php\/wp-json\/wp\/v2\/posts\/3614\/revisions\/3616"}],"wp:featuredmedia":[{"embeddable":true,"href":"https:\/\/nordnesrepublikken.no\/index.php\/wp-json\/wp\/v2\/media\/3615"}],"wp:attachment":[{"href":"https:\/\/nordnesrepublikken.no\/index.php\/wp-json\/wp\/v2\/media?parent=3614"}],"wp:term":[{"taxonomy":"category","embeddable":true,"href":"https:\/\/nordnesrepublikken.no\/index.php\/wp-json\/wp\/v2\/categories?post=3614"},{"taxonomy":"post_tag","embeddable":true,"href":"https:\/\/nordnesrepublikken.no\/index.php\/wp-json\/wp\/v2\/tags?post=3614"}],"curies":[{"name":"wp","href":"https:\/\/api.w.org\/{rel}","templated":true}]}}