{"id":3611,"date":"2025-04-21T11:49:33","date_gmt":"2025-04-21T09:49:33","guid":{"rendered":"https:\/\/nordnesrepublikken.no\/index.php\/2025\/04\/21\/nar-osten-ble-fodt-og-hva-er-den-renett-som-tjener-til-a-produsere-den\/"},"modified":"2025-04-21T11:49:33","modified_gmt":"2025-04-21T09:49:33","slug":"nar-osten-ble-fodt-og-hva-er-den-renett-som-tjener-til-a-produsere-den","status":"publish","type":"post","link":"https:\/\/nordnesrepublikken.no\/index.php\/2025\/04\/21\/nar-osten-ble-fodt-og-hva-er-den-renett-som-tjener-til-a-produsere-den\/","title":{"rendered":"N\u00e5r osten ble f\u00f8dt og hva er den renett som tjener til \u00e5 produsere den"},"content":{"rendered":"<div>\n<div class=\"cp_wrapper cp_wrapper--fw mb-30 mb-20@tablet\">\n<figure class=\"mm\"><picture class=\"img\" style=\"padding-top:56.25%\"><source  media=\"(min-width: 1024px)\"><source  media=\"(min-width: 768px)\"><\/source><\/source><\/picture><\/figure>\n<\/p><\/div>\n<p>Opprinnelsen til <strong>ost<\/strong> stammer tilbake til tusenvis av \u00e5r siden, sannsynligvis mellom 8 000 og 5 000 \u00e5r siden, da de f\u00f8rste oppdretterne oppdaget at <strong>melk<\/strong>transportert inn i dyremager, omgjort spontant til en ost, takket v\u00e6re handlingen til <strong>Rennet<\/strong>. Det er en blanding av enzymer, til stede i den endelige delen av dr\u00f8vtyggende mage, som favoriserer <strong>melkekoagulering<\/strong>som skiller den faste delen (kalt cagliata) fra serumet. Fra dette <strong>tilfeldig oppdagelse<\/strong> Produksjonen av ost ble f\u00f8dt, som gjennom \u00e5rhundrene har utviklet seg til \u00e5 bli en sofistikert prosess. I dag, i meieri, foreg\u00e5r koagulasjon med cagli av dyr, mikrobiell eller vegetabilsk opprinnelse, avhengig av ostetypen som skal produseres. Krydderingen forbedrer da sin smak og konsistens, og gir liv til et ekstraordin\u00e6rt utvalg av oster, fra fersk til krydret.<\/p>\n<h2>Hvordan osten ble f\u00f8dt og da den ble oppdaget<\/h2>\n<p>Begrepet <em>ost<\/em> indikerer en <strong>Meieriprodukt avledet fra melk<\/strong> (hel, skummet eller delvis skummet). Der <strong>tilfeldig oppdagelse<\/strong> ost er <strong>en av hypotesene<\/strong> Mer fascinerende p\u00e5 opprinnelsen, som antas \u00e5 ha skjedd mellom 8000 og 5000 \u00e5r siden, da mennesker begynte \u00e5 temme dyr som sauer, geiter og storfe for melkeproduksjon. Hyrdene brukte naturlige materialer for \u00e5 bevare mat og drikke, selv under reiser. Blant disse, magen til <strong>dr\u00f8vtyggere <\/strong>De var spesielt egnet til \u00e5 transportere og bevare v\u00e6sker, takket v\u00e6re deres <strong>motstand<\/strong> og evnen til \u00e5 <strong>beholde innholdet uten tap.<\/strong><\/p>\n<p>I f\u00f8lge <strong>legende<\/strong>hyrdene inns\u00e5 at \u00e5 holde melken i disse magene, etter noen timers reise under solen, ble v\u00e6sken til en <strong>Solid og myk masse<\/strong> nedsenket i en vandig l\u00f8sning. Opprinnelig overrasket, oppdaget de at denne transformasjonen ikke gjorde melken uspiselig, men heller gjorde den mer tett, <strong>velsmakende<\/strong> og konserverbar.<\/p>\n<h2>Rennet forvandler melken til ost<\/h2>\n<p>Men hva var denne transformasjonen av melk p\u00e5 grunn av? Svaret ligger i <strong>Rennet<\/strong> (Fra latin <em>Coagulum<\/em>), en blanding av <strong>enzymer<\/strong> som naturlig finnes inne i magen til dyr  <strong>dr\u00f8vtyggere, <\/strong>Som kalvships og kyr. Magen til disse pattedyrene er delt inn i <strong>Fire rom<\/strong> Spesialisert: i det siste, kalt <strong>Abomaso<\/strong>det er renettet i h\u00f8ye konsentrasjoner.<\/p>\n<p>Hovedenzymet i denne blandingen er <strong>Sjimosin, <\/strong>et proteolytisk enzym (bokstavelig talt, i stand til <strong>T\u00f8m proteiner<\/strong>). Sjimosin og andre proteolytiske enzymer i The Rennet, angriper husene, hovedmelkproteiner og hydrolyserer dem, det vil si <em>De bryter, <\/em><strong>bryte b\u00e5ndene<\/strong> Blant aminosyrene som utgj\u00f8r dem. Dette f\u00f8rer til en <strong>koagulasjon<\/strong> av melk, det er til aggregeringen av disse proteinstykkene i<strong> uoppl\u00f8selige strukturer<\/strong> som kan skilles fra den flytende delen (den s\u00e5 -kalt <strong>serum<\/strong>) G\u00e5r utgj\u00f8r <strong>ostemasse<\/strong>en tett og gelatin\u00f8s masse, som osten deretter skal genereres fra.<\/p>\n<div class=\"cp_wrapper cp_wrapper--fw mb-50\">\n<figure class=\"mm\"><picture class=\"img\" style=\"padding-top:66.666666666667%\"><source  media=\"(min-width: 1024px)\"><source  media=\"(min-width: 768px)\"><img decoding=\"async\" loading=\"lazy\" src=\"https:\/\/nordnesrepublikken.no\/wp-content\/uploads\/2025\/04\/Nar-osten-ble-fodt-og-hva-er-den-renett-som.jpg\" alt=\"Cagliata melk\" width=\"3864\" height=\"2576\"><\/source><\/source><\/picture><\/figure>\n<\/p><\/div>\n<p>Denne prosessen er grunnleggende for <strong>ford\u00f8yelse<\/strong> Hos spedbarns dr\u00f8vtyggere, som utelukkende lever med melk. Koaguleringen bremser ned gjennomgangen av melk gjennom ford\u00f8yelsessystemet, noe som tillater en mer effektiv absorpsjon av n\u00e6ringsstoffer: Uten koagulering ville melk passere for raskt gjennom magen og tarmen, og reduserer tiden som er n\u00f8dvendig for ford\u00f8yelsen og assimilering av n\u00e6ringsstoffer som er essensielle for valpens vekst.<\/p>\n<h2>Fra Cagliata til ost<\/h2>\n<p>Melken helles i stor <strong>koagulasjonsvat<\/strong>hvor den varmes opp ved en tilstrekkelig temperatur og tilsettes med rennet. Etter en variabel tid skiller koaguleringen den faste delen (Caged) fra den flytende delen (serum). P\u00e5 dette tidspunktet kommer ostemassen <strong>modell<\/strong>presset og utsatt for flere behandlinger avhengig av hvilken type ost du vil f\u00e5.<\/p>\n<p>Etter \u00e5 ha trykket, er noen oster for eksempel klare til \u00e5 bli konsumert umiddelbart, den s\u00e5 -kalt <strong>Ferske oster<\/strong> (som Crescenza eller Robiola). Andre blir i stedet utsatt for <strong>krydder, <\/strong>En prosess, som kan vare fra noen dager opp til flere \u00e5r, som tillater utvikling av aromaer, konsistens og kompleksitet i smaken takket v\u00e6re virkningen av spesifikke bakterier og muggsopp, og gir liv til <strong>erfarne oster <\/strong>(som Parmigiano Reggiano eller Grana Padano).<\/p>\n<div class=\"cp_wrapper cp_wrapper--fw mb-50\">\n<figure class=\"mm\"><picture class=\"img\" style=\"padding-top:66.666666666667%\"><source  media=\"(min-width: 1024px)\"><source  media=\"(min-width: 768px)\"><img decoding=\"async\" loading=\"lazy\" src=\"https:\/\/nordnesrepublikken.no\/wp-content\/uploads\/2025\/04\/1745228973_819_Nar-osten-ble-fodt-og-hva-er-den-renett-som.jpg\" alt=\"Krydret ost\" width=\"3864\" height=\"2576\" class=\"js-seedtag-img\"><\/source><\/source><\/picture><\/figure>\n<\/p><\/div>\n<p>Med bruk av industrialisering har produksjonen av ost blitt mer effektiv og <strong>standardisert<\/strong>. I dag, i store meierier, foreg\u00e5r prosessen i stor skala med automatisert maskiner som garanterer presisjon, <strong>hygiene<\/strong> og kvalitetskontroll. Animal Rennet brukes hovedsakelig i beskyttede kirkeselger (DOP) etter produksjonsforskriften eller n\u00e5r det ikke er tilstrekkelige alternativer. I andre tilfeller kan imidlertid cagli av mikrobiell, bioteknologisk eller vegetabilsk opprinnelse brukes.<\/p>\n<\/p><\/div>\n","protected":false},"excerpt":{"rendered":"<p>Opprinnelsen til ost stammer tilbake til tusenvis av \u00e5r siden, sannsynligvis mellom 8 000 og<\/p>\n","protected":false},"author":1,"featured_media":3612,"comment_status":"closed","ping_status":"open","sticky":false,"template":"","format":"standard","meta":{"footnotes":""},"categories":[24],"tags":[373,74,97,144,16,1481,1484,1482,31,117,1483],"class_list":["post-3611","post","type-post","status-publish","format-standard","has-post-thumbnail","hentry","category-vitenskap","tag-ble","tag-den","tag-fodt","tag-hva","tag-nar","tag-osten","tag-produsere","tag-renett","tag-som","tag-til","tag-tjener","generate-columns","tablet-grid-50","mobile-grid-100","grid-parent","grid-33","resize-featured-image"],"yoast_head":"<!-- This site is optimized with the Yoast SEO plugin v24.4 - https:\/\/yoast.com\/wordpress\/plugins\/seo\/ -->\n<title>N\u00e5r osten ble f\u00f8dt og hva er den renett som tjener til \u00e5 produsere den - Nordnesrepublikken<\/title>\n<meta name=\"robots\" content=\"index, follow, max-snippet:-1, max-image-preview:large, max-video-preview:-1\" \/>\n<link rel=\"canonical\" href=\"https:\/\/nordnesrepublikken.no\/index.php\/2025\/04\/21\/nar-osten-ble-fodt-og-hva-er-den-renett-som-tjener-til-a-produsere-den\/\" \/>\n<meta property=\"og:locale\" content=\"nb_NO\" \/>\n<meta property=\"og:type\" content=\"article\" \/>\n<meta property=\"og:title\" content=\"N\u00e5r osten ble f\u00f8dt og hva er den renett som tjener til \u00e5 produsere den - Nordnesrepublikken\" \/>\n<meta property=\"og:description\" content=\"Opprinnelsen til ost stammer tilbake til tusenvis av \u00e5r siden, sannsynligvis mellom 8 000 og\" \/>\n<meta property=\"og:url\" content=\"https:\/\/nordnesrepublikken.no\/index.php\/2025\/04\/21\/nar-osten-ble-fodt-og-hva-er-den-renett-som-tjener-til-a-produsere-den\/\" \/>\n<meta property=\"og:site_name\" content=\"Nordnesrepublikken\" \/>\n<meta property=\"article:published_time\" content=\"2025-04-21T09:49:33+00:00\" \/>\n<meta property=\"og:image\" content=\"https:\/\/nordnesrepublikken.no\/wp-content\/uploads\/2025\/04\/1745228973_Nar-osten-ble-fodt-og-hva-er-den-renett-som.jpeg\" \/>\n\t<meta property=\"og:image:width\" content=\"1280\" \/>\n\t<meta property=\"og:image:height\" content=\"853\" \/>\n\t<meta property=\"og:image:type\" content=\"image\/jpeg\" \/>\n<meta name=\"author\" content=\"Ole Andersen\" \/>\n<meta name=\"twitter:card\" content=\"summary_large_image\" \/>\n<meta name=\"twitter:label1\" content=\"Skrevet av\" \/>\n\t<meta name=\"twitter:data1\" content=\"Ole Andersen\" \/>\n\t<meta name=\"twitter:label2\" content=\"Ansl. lesetid\" \/>\n\t<meta name=\"twitter:data2\" content=\"3 minutter\" \/>\n<script type=\"application\/ld+json\" class=\"yoast-schema-graph\">{\"@context\":\"https:\/\/schema.org\",\"@graph\":[{\"@type\":\"Article\",\"@id\":\"https:\/\/nordnesrepublikken.no\/index.php\/2025\/04\/21\/nar-osten-ble-fodt-og-hva-er-den-renett-som-tjener-til-a-produsere-den\/#article\",\"isPartOf\":{\"@id\":\"https:\/\/nordnesrepublikken.no\/index.php\/2025\/04\/21\/nar-osten-ble-fodt-og-hva-er-den-renett-som-tjener-til-a-produsere-den\/\"},\"author\":{\"name\":\"Ole Andersen\",\"@id\":\"https:\/\/nordnesrepublikken.no\/#\/schema\/person\/2e7e81935bab77882fffb79296240ff1\"},\"headline\":\"N\u00e5r osten ble f\u00f8dt og hva er den renett som tjener til \u00e5 produsere den\",\"datePublished\":\"2025-04-21T09:49:33+00:00\",\"mainEntityOfPage\":{\"@id\":\"https:\/\/nordnesrepublikken.no\/index.php\/2025\/04\/21\/nar-osten-ble-fodt-og-hva-er-den-renett-som-tjener-til-a-produsere-den\/\"},\"wordCount\":700,\"publisher\":{\"@id\":\"https:\/\/nordnesrepublikken.no\/#organization\"},\"image\":{\"@id\":\"https:\/\/nordnesrepublikken.no\/index.php\/2025\/04\/21\/nar-osten-ble-fodt-og-hva-er-den-renett-som-tjener-til-a-produsere-den\/#primaryimage\"},\"thumbnailUrl\":\"https:\/\/nordnesrepublikken.no\/wp-content\/uploads\/2025\/04\/1745228973_Nar-osten-ble-fodt-og-hva-er-den-renett-som.jpeg\",\"keywords\":[\"ble\",\"den\",\"f\u00f8dt\",\"Hva\",\"n\u00e5r\",\"osten\",\"produsere\",\"renett\",\"som\",\"til\",\"tjener\"],\"articleSection\":[\"Vitenskap\"],\"inLanguage\":\"nb-NO\"},{\"@type\":\"WebPage\",\"@id\":\"https:\/\/nordnesrepublikken.no\/index.php\/2025\/04\/21\/nar-osten-ble-fodt-og-hva-er-den-renett-som-tjener-til-a-produsere-den\/\",\"url\":\"https:\/\/nordnesrepublikken.no\/index.php\/2025\/04\/21\/nar-osten-ble-fodt-og-hva-er-den-renett-som-tjener-til-a-produsere-den\/\",\"name\":\"N\u00e5r osten ble f\u00f8dt og hva er den renett som tjener til \u00e5 produsere den - Nordnesrepublikken\",\"isPartOf\":{\"@id\":\"https:\/\/nordnesrepublikken.no\/#website\"},\"primaryImageOfPage\":{\"@id\":\"https:\/\/nordnesrepublikken.no\/index.php\/2025\/04\/21\/nar-osten-ble-fodt-og-hva-er-den-renett-som-tjener-til-a-produsere-den\/#primaryimage\"},\"image\":{\"@id\":\"https:\/\/nordnesrepublikken.no\/index.php\/2025\/04\/21\/nar-osten-ble-fodt-og-hva-er-den-renett-som-tjener-til-a-produsere-den\/#primaryimage\"},\"thumbnailUrl\":\"https:\/\/nordnesrepublikken.no\/wp-content\/uploads\/2025\/04\/1745228973_Nar-osten-ble-fodt-og-hva-er-den-renett-som.jpeg\",\"datePublished\":\"2025-04-21T09:49:33+00:00\",\"breadcrumb\":{\"@id\":\"https:\/\/nordnesrepublikken.no\/index.php\/2025\/04\/21\/nar-osten-ble-fodt-og-hva-er-den-renett-som-tjener-til-a-produsere-den\/#breadcrumb\"},\"inLanguage\":\"nb-NO\",\"potentialAction\":[{\"@type\":\"ReadAction\",\"target\":[\"https:\/\/nordnesrepublikken.no\/index.php\/2025\/04\/21\/nar-osten-ble-fodt-og-hva-er-den-renett-som-tjener-til-a-produsere-den\/\"]}]},{\"@type\":\"ImageObject\",\"inLanguage\":\"nb-NO\",\"@id\":\"https:\/\/nordnesrepublikken.no\/index.php\/2025\/04\/21\/nar-osten-ble-fodt-og-hva-er-den-renett-som-tjener-til-a-produsere-den\/#primaryimage\",\"url\":\"https:\/\/nordnesrepublikken.no\/wp-content\/uploads\/2025\/04\/1745228973_Nar-osten-ble-fodt-og-hva-er-den-renett-som.jpeg\",\"contentUrl\":\"https:\/\/nordnesrepublikken.no\/wp-content\/uploads\/2025\/04\/1745228973_Nar-osten-ble-fodt-og-hva-er-den-renett-som.jpeg\",\"width\":1280,\"height\":853,\"caption\":\"caglio e formaggio\"},{\"@type\":\"BreadcrumbList\",\"@id\":\"https:\/\/nordnesrepublikken.no\/index.php\/2025\/04\/21\/nar-osten-ble-fodt-og-hva-er-den-renett-som-tjener-til-a-produsere-den\/#breadcrumb\",\"itemListElement\":[{\"@type\":\"ListItem\",\"position\":1,\"name\":\"Home\",\"item\":\"https:\/\/nordnesrepublikken.no\/\"},{\"@type\":\"ListItem\",\"position\":2,\"name\":\"N\u00e5r osten ble f\u00f8dt og hva er den renett som tjener til \u00e5 produsere den\"}]},{\"@type\":\"WebSite\",\"@id\":\"https:\/\/nordnesrepublikken.no\/#website\",\"url\":\"https:\/\/nordnesrepublikken.no\/\",\"name\":\"Nordnesrepublikken\",\"description\":\"Stemmer og Visjoner fra Republikkens Hjerte\",\"publisher\":{\"@id\":\"https:\/\/nordnesrepublikken.no\/#organization\"},\"potentialAction\":[{\"@type\":\"SearchAction\",\"target\":{\"@type\":\"EntryPoint\",\"urlTemplate\":\"https:\/\/nordnesrepublikken.no\/?s={search_term_string}\"},\"query-input\":{\"@type\":\"PropertyValueSpecification\",\"valueRequired\":true,\"valueName\":\"search_term_string\"}}],\"inLanguage\":\"nb-NO\"},{\"@type\":\"Organization\",\"@id\":\"https:\/\/nordnesrepublikken.no\/#organization\",\"name\":\"Nordnesrepublikken\",\"url\":\"https:\/\/nordnesrepublikken.no\/\",\"logo\":{\"@type\":\"ImageObject\",\"inLanguage\":\"nb-NO\",\"@id\":\"https:\/\/nordnesrepublikken.no\/#\/schema\/logo\/image\/\",\"url\":\"https:\/\/nordnesrepublikken.no\/wp-content\/uploads\/2025\/02\/cropped-nordnesrepublikken-2.png\",\"contentUrl\":\"https:\/\/nordnesrepublikken.no\/wp-content\/uploads\/2025\/02\/cropped-nordnesrepublikken-2.png\",\"width\":1248,\"height\":362,\"caption\":\"Nordnesrepublikken\"},\"image\":{\"@id\":\"https:\/\/nordnesrepublikken.no\/#\/schema\/logo\/image\/\"}},{\"@type\":\"Person\",\"@id\":\"https:\/\/nordnesrepublikken.no\/#\/schema\/person\/2e7e81935bab77882fffb79296240ff1\",\"name\":\"Ole Andersen\",\"image\":{\"@type\":\"ImageObject\",\"inLanguage\":\"nb-NO\",\"@id\":\"https:\/\/nordnesrepublikken.no\/#\/schema\/person\/image\/\",\"url\":\"https:\/\/nordnesrepublikken.no\/wp-content\/uploads\/2025\/02\/nordnesrepublikken-2-2-150x150.jpg\",\"contentUrl\":\"https:\/\/nordnesrepublikken.no\/wp-content\/uploads\/2025\/02\/nordnesrepublikken-2-2-150x150.jpg\",\"caption\":\"Ole Andersen\"},\"description\":\"Ettersom jeg vokste opp i Oslo, har jeg alltid v\u00e6rt fascinert av ordenes kraft og deres evne til \u00e5 skape endringer. Etter \u00e5 ha fullf\u00f8rt min utdannelse i kommunikasjon ved Universitetet i Bergen, fikk jeg muligheten til \u00e5 jobbe innen ulike medier, der jeg har s\u00f8kt \u00e5 belyse viktige samfunnssp\u00f8rsm\u00e5l. I dag, som redakt\u00f8r for Nordnesrepublikken, pr\u00f8ver jeg \u00e5 forene min kj\u00e6rlighet for journalistikk med min lidenskap for innovasjon og eventyr.\",\"sameAs\":[\"https:\/\/nordnesrepublikken.no\/\"]}]}<\/script>\n<!-- \/ Yoast SEO plugin. -->","yoast_head_json":{"title":"N\u00e5r osten ble f\u00f8dt og hva er den renett som tjener til \u00e5 produsere den - Nordnesrepublikken","robots":{"index":"index","follow":"follow","max-snippet":"max-snippet:-1","max-image-preview":"max-image-preview:large","max-video-preview":"max-video-preview:-1"},"canonical":"https:\/\/nordnesrepublikken.no\/index.php\/2025\/04\/21\/nar-osten-ble-fodt-og-hva-er-den-renett-som-tjener-til-a-produsere-den\/","og_locale":"nb_NO","og_type":"article","og_title":"N\u00e5r osten ble f\u00f8dt og hva er den renett som tjener til \u00e5 produsere den - Nordnesrepublikken","og_description":"Opprinnelsen til ost stammer tilbake til tusenvis av \u00e5r siden, sannsynligvis mellom 8 000 og","og_url":"https:\/\/nordnesrepublikken.no\/index.php\/2025\/04\/21\/nar-osten-ble-fodt-og-hva-er-den-renett-som-tjener-til-a-produsere-den\/","og_site_name":"Nordnesrepublikken","article_published_time":"2025-04-21T09:49:33+00:00","og_image":[{"width":1280,"height":853,"url":"https:\/\/nordnesrepublikken.no\/wp-content\/uploads\/2025\/04\/1745228973_Nar-osten-ble-fodt-og-hva-er-den-renett-som.jpeg","type":"image\/jpeg"}],"author":"Ole Andersen","twitter_card":"summary_large_image","twitter_misc":{"Skrevet av":"Ole Andersen","Ansl. lesetid":"3 minutter"},"schema":{"@context":"https:\/\/schema.org","@graph":[{"@type":"Article","@id":"https:\/\/nordnesrepublikken.no\/index.php\/2025\/04\/21\/nar-osten-ble-fodt-og-hva-er-den-renett-som-tjener-til-a-produsere-den\/#article","isPartOf":{"@id":"https:\/\/nordnesrepublikken.no\/index.php\/2025\/04\/21\/nar-osten-ble-fodt-og-hva-er-den-renett-som-tjener-til-a-produsere-den\/"},"author":{"name":"Ole Andersen","@id":"https:\/\/nordnesrepublikken.no\/#\/schema\/person\/2e7e81935bab77882fffb79296240ff1"},"headline":"N\u00e5r osten ble f\u00f8dt og hva er den renett som tjener til \u00e5 produsere den","datePublished":"2025-04-21T09:49:33+00:00","mainEntityOfPage":{"@id":"https:\/\/nordnesrepublikken.no\/index.php\/2025\/04\/21\/nar-osten-ble-fodt-og-hva-er-den-renett-som-tjener-til-a-produsere-den\/"},"wordCount":700,"publisher":{"@id":"https:\/\/nordnesrepublikken.no\/#organization"},"image":{"@id":"https:\/\/nordnesrepublikken.no\/index.php\/2025\/04\/21\/nar-osten-ble-fodt-og-hva-er-den-renett-som-tjener-til-a-produsere-den\/#primaryimage"},"thumbnailUrl":"https:\/\/nordnesrepublikken.no\/wp-content\/uploads\/2025\/04\/1745228973_Nar-osten-ble-fodt-og-hva-er-den-renett-som.jpeg","keywords":["ble","den","f\u00f8dt","Hva","n\u00e5r","osten","produsere","renett","som","til","tjener"],"articleSection":["Vitenskap"],"inLanguage":"nb-NO"},{"@type":"WebPage","@id":"https:\/\/nordnesrepublikken.no\/index.php\/2025\/04\/21\/nar-osten-ble-fodt-og-hva-er-den-renett-som-tjener-til-a-produsere-den\/","url":"https:\/\/nordnesrepublikken.no\/index.php\/2025\/04\/21\/nar-osten-ble-fodt-og-hva-er-den-renett-som-tjener-til-a-produsere-den\/","name":"N\u00e5r osten ble f\u00f8dt og hva er den renett som tjener til \u00e5 produsere den - Nordnesrepublikken","isPartOf":{"@id":"https:\/\/nordnesrepublikken.no\/#website"},"primaryImageOfPage":{"@id":"https:\/\/nordnesrepublikken.no\/index.php\/2025\/04\/21\/nar-osten-ble-fodt-og-hva-er-den-renett-som-tjener-til-a-produsere-den\/#primaryimage"},"image":{"@id":"https:\/\/nordnesrepublikken.no\/index.php\/2025\/04\/21\/nar-osten-ble-fodt-og-hva-er-den-renett-som-tjener-til-a-produsere-den\/#primaryimage"},"thumbnailUrl":"https:\/\/nordnesrepublikken.no\/wp-content\/uploads\/2025\/04\/1745228973_Nar-osten-ble-fodt-og-hva-er-den-renett-som.jpeg","datePublished":"2025-04-21T09:49:33+00:00","breadcrumb":{"@id":"https:\/\/nordnesrepublikken.no\/index.php\/2025\/04\/21\/nar-osten-ble-fodt-og-hva-er-den-renett-som-tjener-til-a-produsere-den\/#breadcrumb"},"inLanguage":"nb-NO","potentialAction":[{"@type":"ReadAction","target":["https:\/\/nordnesrepublikken.no\/index.php\/2025\/04\/21\/nar-osten-ble-fodt-og-hva-er-den-renett-som-tjener-til-a-produsere-den\/"]}]},{"@type":"ImageObject","inLanguage":"nb-NO","@id":"https:\/\/nordnesrepublikken.no\/index.php\/2025\/04\/21\/nar-osten-ble-fodt-og-hva-er-den-renett-som-tjener-til-a-produsere-den\/#primaryimage","url":"https:\/\/nordnesrepublikken.no\/wp-content\/uploads\/2025\/04\/1745228973_Nar-osten-ble-fodt-og-hva-er-den-renett-som.jpeg","contentUrl":"https:\/\/nordnesrepublikken.no\/wp-content\/uploads\/2025\/04\/1745228973_Nar-osten-ble-fodt-og-hva-er-den-renett-som.jpeg","width":1280,"height":853,"caption":"caglio e formaggio"},{"@type":"BreadcrumbList","@id":"https:\/\/nordnesrepublikken.no\/index.php\/2025\/04\/21\/nar-osten-ble-fodt-og-hva-er-den-renett-som-tjener-til-a-produsere-den\/#breadcrumb","itemListElement":[{"@type":"ListItem","position":1,"name":"Home","item":"https:\/\/nordnesrepublikken.no\/"},{"@type":"ListItem","position":2,"name":"N\u00e5r osten ble f\u00f8dt og hva er den renett som tjener til \u00e5 produsere den"}]},{"@type":"WebSite","@id":"https:\/\/nordnesrepublikken.no\/#website","url":"https:\/\/nordnesrepublikken.no\/","name":"Nordnesrepublikken","description":"Stemmer og Visjoner fra Republikkens Hjerte","publisher":{"@id":"https:\/\/nordnesrepublikken.no\/#organization"},"potentialAction":[{"@type":"SearchAction","target":{"@type":"EntryPoint","urlTemplate":"https:\/\/nordnesrepublikken.no\/?s={search_term_string}"},"query-input":{"@type":"PropertyValueSpecification","valueRequired":true,"valueName":"search_term_string"}}],"inLanguage":"nb-NO"},{"@type":"Organization","@id":"https:\/\/nordnesrepublikken.no\/#organization","name":"Nordnesrepublikken","url":"https:\/\/nordnesrepublikken.no\/","logo":{"@type":"ImageObject","inLanguage":"nb-NO","@id":"https:\/\/nordnesrepublikken.no\/#\/schema\/logo\/image\/","url":"https:\/\/nordnesrepublikken.no\/wp-content\/uploads\/2025\/02\/cropped-nordnesrepublikken-2.png","contentUrl":"https:\/\/nordnesrepublikken.no\/wp-content\/uploads\/2025\/02\/cropped-nordnesrepublikken-2.png","width":1248,"height":362,"caption":"Nordnesrepublikken"},"image":{"@id":"https:\/\/nordnesrepublikken.no\/#\/schema\/logo\/image\/"}},{"@type":"Person","@id":"https:\/\/nordnesrepublikken.no\/#\/schema\/person\/2e7e81935bab77882fffb79296240ff1","name":"Ole Andersen","image":{"@type":"ImageObject","inLanguage":"nb-NO","@id":"https:\/\/nordnesrepublikken.no\/#\/schema\/person\/image\/","url":"https:\/\/nordnesrepublikken.no\/wp-content\/uploads\/2025\/02\/nordnesrepublikken-2-2-150x150.jpg","contentUrl":"https:\/\/nordnesrepublikken.no\/wp-content\/uploads\/2025\/02\/nordnesrepublikken-2-2-150x150.jpg","caption":"Ole Andersen"},"description":"Ettersom jeg vokste opp i Oslo, har jeg alltid v\u00e6rt fascinert av ordenes kraft og deres evne til \u00e5 skape endringer. Etter \u00e5 ha fullf\u00f8rt min utdannelse i kommunikasjon ved Universitetet i Bergen, fikk jeg muligheten til \u00e5 jobbe innen ulike medier, der jeg har s\u00f8kt \u00e5 belyse viktige samfunnssp\u00f8rsm\u00e5l. I dag, som redakt\u00f8r for Nordnesrepublikken, pr\u00f8ver jeg \u00e5 forene min kj\u00e6rlighet for journalistikk med min lidenskap for innovasjon og eventyr.","sameAs":["https:\/\/nordnesrepublikken.no\/"]}]}},"_links":{"self":[{"href":"https:\/\/nordnesrepublikken.no\/index.php\/wp-json\/wp\/v2\/posts\/3611","targetHints":{"allow":["GET"]}}],"collection":[{"href":"https:\/\/nordnesrepublikken.no\/index.php\/wp-json\/wp\/v2\/posts"}],"about":[{"href":"https:\/\/nordnesrepublikken.no\/index.php\/wp-json\/wp\/v2\/types\/post"}],"author":[{"embeddable":true,"href":"https:\/\/nordnesrepublikken.no\/index.php\/wp-json\/wp\/v2\/users\/1"}],"replies":[{"embeddable":true,"href":"https:\/\/nordnesrepublikken.no\/index.php\/wp-json\/wp\/v2\/comments?post=3611"}],"version-history":[{"count":1,"href":"https:\/\/nordnesrepublikken.no\/index.php\/wp-json\/wp\/v2\/posts\/3611\/revisions"}],"predecessor-version":[{"id":3613,"href":"https:\/\/nordnesrepublikken.no\/index.php\/wp-json\/wp\/v2\/posts\/3611\/revisions\/3613"}],"wp:featuredmedia":[{"embeddable":true,"href":"https:\/\/nordnesrepublikken.no\/index.php\/wp-json\/wp\/v2\/media\/3612"}],"wp:attachment":[{"href":"https:\/\/nordnesrepublikken.no\/index.php\/wp-json\/wp\/v2\/media?parent=3611"}],"wp:term":[{"taxonomy":"category","embeddable":true,"href":"https:\/\/nordnesrepublikken.no\/index.php\/wp-json\/wp\/v2\/categories?post=3611"},{"taxonomy":"post_tag","embeddable":true,"href":"https:\/\/nordnesrepublikken.no\/index.php\/wp-json\/wp\/v2\/tags?post=3611"}],"curies":[{"name":"wp","href":"https:\/\/api.w.org\/{rel}","templated":true}]}}