{"id":3471,"date":"2025-04-17T23:51:43","date_gmt":"2025-04-17T21:51:43","guid":{"rendered":"https:\/\/nordnesrepublikken.no\/index.php\/2025\/04\/17\/det-er-det-tyngste-virvellose-i-verden\/"},"modified":"2025-04-17T23:51:46","modified_gmt":"2025-04-17T21:51:46","slug":"det-er-det-tyngste-virvellose-i-verden","status":"publish","type":"post","link":"https:\/\/nordnesrepublikken.no\/index.php\/2025\/04\/17\/det-er-det-tyngste-virvellose-i-verden\/","title":{"rendered":"Det er det tyngste virvell\u00f8se i verden"},"content":{"rendered":"<div>\n<div class=\"cp_wrapper cp_wrapper--fw mb-30 mb-20@tablet\">\n<figure class=\"mm\"><picture class=\"img\" style=\"padding-top:56.25%\"><source  media=\"(min-width: 1024px)\"><source  media=\"(min-width: 768px)\"><\/source><\/source><\/picture><\/figure>\n<\/p><\/div>\n<p>En valp av <strong>kolossal blekksprut<\/strong> (<em>Msonychoteuthis Hamiltoni<\/em>) 30 cm ble filmet p\u00e5 video for f\u00f8rste gang i live av et internasjonalt team av forskere fra <strong>Schmidt Ocean Institute<\/strong>. Skapningen av Abysses ble filmet 9. mars 2025 i n\u00e6rheten av <strong>Austral Sandwich Islands<\/strong>i det s\u00f8rlige Atlanterhavet, p\u00e5 en dybde av <strong>600 meter<\/strong> Fra et fjernkontroll undervannskj\u00f8ret\u00f8y (ROV) som lar deg unders\u00f8ke havbunnen og vannet i det marine \u00f8kosystemet. Pr\u00f8ven som tilh\u00f8rer Cranchidae -familien som er vist i videoen, er en valp av omtrent <strong>30 cm<\/strong> at med tid og vekst vil miste det gjennomsiktige aspektet som er typisk for unge mennesker og kan bli gigantisk n\u00e5r jeg <strong>7 meter <\/strong>lengde og <strong>500 kg<\/strong> av vekt.<\/p>\n<p>Du vet fortsatt lite om denne typen <strong>Cephalopod<\/strong>identifisert og offisielt kalt for bare 100 \u00e5r siden, hvis informasjon utelukkende stammer fra oppdagelsen av kadaver &#8211; spesielt Becchi &#8211; i magen av s\u00e6dhval og noen filmer av fiskere av d\u00f8ende eksempler. Den sjeldne observasjonen blir lagt til den av <strong>Glacial glass blekksprut<\/strong> (<em>Galiteuthis Glacialis<\/em>) fant sted i antarktisk hav i januar, en annen type blekksprut aldri sett f\u00f8r i sitt naturlige milj\u00f8. Eksistensen av arter som den kolossale blekkspruten, et eksempel p\u00e5 <strong>Abysmal gigantisme<\/strong>Lys opp temaet om havets enormehet og den vitenskapelige utfordringen med \u00e5 forst\u00e5 det mylder av livsformer som bebor dem, hvor v\u00e5r n\u00e5v\u00e6rende kunnskap er ekstremt begrenset.<\/p>\n<h2>Hva er den kolossale blekkspruten og hvor den tyngste virvell\u00f8se p\u00e5 planeten lever<\/h2>\n<p>De <em>Msonychoteuthis Hamiltoni<\/em>fra det greske <em>Mesos<\/em> (&laquo;halv&raquo;), <em>Onyx<\/em> (&laquo;Claw&raquo;) e <em>Teuthis<\/em> (\u00abCalamaro\u00bb), if\u00f8lge forskerne av <strong>Schmidt Ocean Institute<\/strong>kan n\u00e5 <strong>7 meter lang <\/strong>og veie opp til <strong>500 kg<\/strong>noe som ville gj\u00f8re dem til <strong>tyngre virvell\u00f8se dyr p\u00e5 planeten<\/strong>overvinne den gigantiske blekkspruten (betydelig (<em>Architeuthis Dux<\/em>). Den kolossale blekkspruten har en typisk anatomi av kefalopoder: kappe (2-4 meter) for bevegelsen, gjeller, kitin\u00f8se nebb, 8 armer og 2 tentakler preget av tilstedev\u00e6relsen av kroker for \u00e5 ha tatt p\u00e5 byttet i havdypene, en unikhet i familien. Det antas ogs\u00e5 at disse enorme avgrensede skapningene ogs\u00e5 har det st\u00f8rste \u00f8yet i dyreriket, med en <strong>Diameter p\u00e5 25 cm<\/strong>.<\/p>\n<div class=\"cp_wrapper cp_wrapper--fw mb-50\">\n<figure class=\"mm\"><picture class=\"img\" style=\"padding-top:66.677740863787%\"><source  media=\"(min-width: 1024px)\"><source  media=\"(min-width: 768px)\"><img decoding=\"async\" loading=\"lazy\" src=\"https:\/\/nordnesrepublikken.no\/wp-content\/uploads\/2025\/04\/Det-er-det-tyngste-virvellose-i-verden.jpg\" alt=\"kolossal blekksprut\" width=\"3010\" height=\"2007\"><\/source><\/source><\/picture><\/figure>\n<\/p><\/div>\n<p>Disse er dyktige <strong>Lurende rovdyr<\/strong> som befolker havdybden vanligvis p\u00e5 en dybde over <strong>1000 meter<\/strong> Med noen unge pr\u00f8ver, for eksempel den ene hovedpersonen i videoen, fant mer p\u00e5 overflaten. Distribusjonen i det dype vannet i S\u00f8r -Antarktis, i Nord -S\u00f8r -Amerika, i S\u00f8r -Afrika og den s\u00f8rlige enden av New Zealand, er rangeringen hovedsakelig som en innbygger i helheten <strong>S\u00f8rhavet<\/strong>. Til tross for den lille informasjonen om vanene til disse dyrene, antas det at blant byttet er det sm\u00e5 middels st\u00f8rrede fisk som torsk og lyktfisk, og at de igjen er byttet \u00e5 bli ettertraktet av <strong>Spermhval<\/strong>Cetaceans p\u00e5 over 20 meter som n\u00e5r opp til 3000 meter dyp.<\/p>\n<h2>Kolossal blekksprut er et eksempel p\u00e5 avgrensende gigantisme<\/h2>\n<p>De unike milj\u00f8forholdene for havdypene har f\u00f8rt til<strong>utvikling<\/strong> av ekstraordin\u00e6rt tilpassede livsformer, utstyrt med spesifikke anatomiske og fysiologiske egenskaper som garanterer deres overlevelse i slike milj\u00f8er.<\/p>\n<p>Kolossal blekksprut er et eksempel p\u00e5 <strong>Abysmal gigantisme<\/strong>tendensen til \u00e5 oppn\u00e5 betydelig st\u00f8rre kroppsdimensjoner enn deres p\u00e5r\u00f8rende som lever i mindre dyptgripende farvann. Andre skapninger med betydelig st\u00f8rrelse er <em><strong>Bathynomus giganteus<\/strong><\/em>  Det er en isopod krepsdyr som n\u00e5r 50 cm i lengde (betydelig st\u00f8rrelse sammenlignet med lignende arter) og <strong>Japan Giant Crab <\/strong>(<em>Macrocheira Kaempferi<\/em>), den st\u00f8rste leddyr i verden som kan n\u00e5 40 cm i lengde med en imponerende \u00e5pning av bena opp til 4 meter.<\/p>\n<div class=\"cp_wrapper cp_wrapper--fw mb-50\">\n<figure class=\"mm\"><picture class=\"img\" style=\"padding-top:66.675%\"><source  media=\"(min-width: 1024px)\"><source  media=\"(min-width: 768px)\"><img decoding=\"async\" loading=\"lazy\" src=\"https:\/\/nordnesrepublikken.no\/wp-content\/uploads\/2025\/04\/1744926703_593_Det-er-det-tyngste-virvellose-i-verden.jpg\" alt=\"Giant Crab\" width=\"4000\" height=\"2667\" class=\"js-seedtag-img\"><\/source><\/source><\/picture><\/figure>\n<\/p><\/div>\n<p>Det antas at gigantisme gir evolusjonsfordeler i disse kalde og oksygenrike milj\u00f8ene, for eksempel en lavere varmespredning. Teoriene om gigantisme er enn\u00e5 ikke bekreftet for de \u00e5penbare vanskene i studiene av disse dyrene.<\/p>\n<h2>Fordi filmingen av den kolossale blekkspruten i Abysses er viktig<\/h2>\n<p>Havene okkuperer<strong> 70% av jordoverflaten<\/strong> Og de er rike p\u00e5 biologisk mangfold, med estimater som antyder, uten \u00e5 vurdere mikroorganismer, tilstedev\u00e6relsen av hundretusener, kanskje millioner, av arter. Marint liv fokuserer i de f\u00f8rste 50 meter dypt, men havene n\u00e5r dybden av <strong>11 km<\/strong>som for Fossa delle Marianne, og til og med her utsetter det en rekke arter som for tiden er lite kjent og lite studert, med omtrent <strong>To tredjedeler av arten <\/strong>Fortsatt \u00e5 oppdage og offisielt beskrive.<\/p>\n<p>Administrerende direkt\u00f8r for Schmidt Ocean Institute,<strong> Jyotika Virmani<\/strong>understreket viktigheten av observasjonene av den kolossale blekkspruten og isbreen glass for \u00e5 oppdage og forst\u00e5 noe mer p\u00e5 <strong>avgrensende arter<\/strong>:<\/p>\n<blockquote>\n<p>Den f\u00f8rste observasjonen av to forskjellige blekksprut i p\u00e5f\u00f8lgende forsendelser er bemerkelsesverdig og viser hvor lite vi har sett av disse praktfulle innbyggerne i Antarktishavet. Disse uforglemmelige \u00f8yeblikkene fortsetter \u00e5 minne oss p\u00e5 at havet er fullt av mysterier som fremdeles skal l\u00f8ses.<\/p>\n<\/blockquote>\n<p>Selv om kartleggingen av havbunnen stoppet med omtrent 26% av totalen, kan det gi ledetr\u00e5der til <strong>potensial <\/strong><strong>Habitat<\/strong> avsl\u00f8rer ikke direkte arten som er til stede eller deres interaksjoner. \u00c5 oppdage dette biologiske mangfoldet er fortsatt en <strong>Vitenskapelig utfordring<\/strong> at forsendelser med ROV &#8211; <em>Fjernstyrt kj\u00f8ret\u00f8y<\/em> &#8211; De vil kunne bidra til \u00e5 m\u00f8te.<\/p>\n<\/p><\/div>\n","protected":false},"excerpt":{"rendered":"<p>En valp av kolossal blekksprut (Msonychoteuthis Hamiltoni) 30 cm ble filmet p\u00e5 video for f\u00f8rste<\/p>\n","protected":false},"author":1,"featured_media":3472,"comment_status":"closed","ping_status":"open","sticky":false,"template":"","format":"standard","meta":{"footnotes":""},"categories":[24],"tags":[66,1315,598,1316],"class_list":["post-3471","post","type-post","status-publish","format-standard","has-post-thumbnail","hentry","category-vitenskap","tag-det","tag-tyngste","tag-verden","tag-virvellose","generate-columns","tablet-grid-50","mobile-grid-100","grid-parent","grid-33","resize-featured-image"],"yoast_head":"<!-- This site is optimized with the Yoast SEO plugin v24.4 - https:\/\/yoast.com\/wordpress\/plugins\/seo\/ -->\n<title>Det er det tyngste virvell\u00f8se i verden - Nordnesrepublikken<\/title>\n<meta name=\"robots\" content=\"index, follow, max-snippet:-1, max-image-preview:large, max-video-preview:-1\" \/>\n<link rel=\"canonical\" href=\"https:\/\/nordnesrepublikken.no\/index.php\/2025\/04\/17\/det-er-det-tyngste-virvellose-i-verden\/\" \/>\n<meta property=\"og:locale\" content=\"nb_NO\" \/>\n<meta property=\"og:type\" content=\"article\" \/>\n<meta property=\"og:title\" content=\"Det er det tyngste virvell\u00f8se i verden - Nordnesrepublikken\" \/>\n<meta property=\"og:description\" content=\"En valp av kolossal blekksprut (Msonychoteuthis Hamiltoni) 30 cm ble filmet p\u00e5 video for f\u00f8rste\" \/>\n<meta property=\"og:url\" content=\"https:\/\/nordnesrepublikken.no\/index.php\/2025\/04\/17\/det-er-det-tyngste-virvellose-i-verden\/\" \/>\n<meta property=\"og:site_name\" content=\"Nordnesrepublikken\" \/>\n<meta property=\"article:published_time\" content=\"2025-04-17T21:51:43+00:00\" \/>\n<meta property=\"article:modified_time\" content=\"2025-04-17T21:51:46+00:00\" \/>\n<meta property=\"og:image\" content=\"https:\/\/nordnesrepublikken.no\/wp-content\/uploads\/2025\/04\/1744926704_Det-er-det-tyngste-virvellose-i-verden.jpeg\" \/>\n\t<meta property=\"og:image:width\" content=\"2109\" \/>\n\t<meta property=\"og:image:height\" content=\"1186\" \/>\n\t<meta property=\"og:image:type\" content=\"image\/jpeg\" \/>\n<meta name=\"author\" content=\"Ole Andersen\" \/>\n<meta name=\"twitter:card\" content=\"summary_large_image\" \/>\n<meta name=\"twitter:label1\" content=\"Skrevet av\" \/>\n\t<meta name=\"twitter:data1\" content=\"Ole Andersen\" \/>\n\t<meta name=\"twitter:label2\" content=\"Ansl. lesetid\" \/>\n\t<meta name=\"twitter:data2\" content=\"4 minutter\" \/>\n<script type=\"application\/ld+json\" class=\"yoast-schema-graph\">{\"@context\":\"https:\/\/schema.org\",\"@graph\":[{\"@type\":\"Article\",\"@id\":\"https:\/\/nordnesrepublikken.no\/index.php\/2025\/04\/17\/det-er-det-tyngste-virvellose-i-verden\/#article\",\"isPartOf\":{\"@id\":\"https:\/\/nordnesrepublikken.no\/index.php\/2025\/04\/17\/det-er-det-tyngste-virvellose-i-verden\/\"},\"author\":{\"name\":\"Ole Andersen\",\"@id\":\"https:\/\/nordnesrepublikken.no\/#\/schema\/person\/2e7e81935bab77882fffb79296240ff1\"},\"headline\":\"Det er det tyngste virvell\u00f8se i verden\",\"datePublished\":\"2025-04-17T21:51:43+00:00\",\"dateModified\":\"2025-04-17T21:51:46+00:00\",\"mainEntityOfPage\":{\"@id\":\"https:\/\/nordnesrepublikken.no\/index.php\/2025\/04\/17\/det-er-det-tyngste-virvellose-i-verden\/\"},\"wordCount\":835,\"publisher\":{\"@id\":\"https:\/\/nordnesrepublikken.no\/#organization\"},\"image\":{\"@id\":\"https:\/\/nordnesrepublikken.no\/index.php\/2025\/04\/17\/det-er-det-tyngste-virvellose-i-verden\/#primaryimage\"},\"thumbnailUrl\":\"https:\/\/nordnesrepublikken.no\/wp-content\/uploads\/2025\/04\/1744926704_Det-er-det-tyngste-virvellose-i-verden.jpeg\",\"keywords\":[\"Det\",\"tyngste\",\"verden\",\"virvell\u00f8se\"],\"articleSection\":[\"Vitenskap\"],\"inLanguage\":\"nb-NO\"},{\"@type\":\"WebPage\",\"@id\":\"https:\/\/nordnesrepublikken.no\/index.php\/2025\/04\/17\/det-er-det-tyngste-virvellose-i-verden\/\",\"url\":\"https:\/\/nordnesrepublikken.no\/index.php\/2025\/04\/17\/det-er-det-tyngste-virvellose-i-verden\/\",\"name\":\"Det er det tyngste virvell\u00f8se i verden - Nordnesrepublikken\",\"isPartOf\":{\"@id\":\"https:\/\/nordnesrepublikken.no\/#website\"},\"primaryImageOfPage\":{\"@id\":\"https:\/\/nordnesrepublikken.no\/index.php\/2025\/04\/17\/det-er-det-tyngste-virvellose-i-verden\/#primaryimage\"},\"image\":{\"@id\":\"https:\/\/nordnesrepublikken.no\/index.php\/2025\/04\/17\/det-er-det-tyngste-virvellose-i-verden\/#primaryimage\"},\"thumbnailUrl\":\"https:\/\/nordnesrepublikken.no\/wp-content\/uploads\/2025\/04\/1744926704_Det-er-det-tyngste-virvellose-i-verden.jpeg\",\"datePublished\":\"2025-04-17T21:51:43+00:00\",\"dateModified\":\"2025-04-17T21:51:46+00:00\",\"breadcrumb\":{\"@id\":\"https:\/\/nordnesrepublikken.no\/index.php\/2025\/04\/17\/det-er-det-tyngste-virvellose-i-verden\/#breadcrumb\"},\"inLanguage\":\"nb-NO\",\"potentialAction\":[{\"@type\":\"ReadAction\",\"target\":[\"https:\/\/nordnesrepublikken.no\/index.php\/2025\/04\/17\/det-er-det-tyngste-virvellose-i-verden\/\"]}]},{\"@type\":\"ImageObject\",\"inLanguage\":\"nb-NO\",\"@id\":\"https:\/\/nordnesrepublikken.no\/index.php\/2025\/04\/17\/det-er-det-tyngste-virvellose-i-verden\/#primaryimage\",\"url\":\"https:\/\/nordnesrepublikken.no\/wp-content\/uploads\/2025\/04\/1744926704_Det-er-det-tyngste-virvellose-i-verden.jpeg\",\"contentUrl\":\"https:\/\/nordnesrepublikken.no\/wp-content\/uploads\/2025\/04\/1744926704_Det-er-det-tyngste-virvellose-i-verden.jpeg\",\"width\":2109,\"height\":1186,\"caption\":\"calamaro colossale\"},{\"@type\":\"BreadcrumbList\",\"@id\":\"https:\/\/nordnesrepublikken.no\/index.php\/2025\/04\/17\/det-er-det-tyngste-virvellose-i-verden\/#breadcrumb\",\"itemListElement\":[{\"@type\":\"ListItem\",\"position\":1,\"name\":\"Home\",\"item\":\"https:\/\/nordnesrepublikken.no\/\"},{\"@type\":\"ListItem\",\"position\":2,\"name\":\"Det er det tyngste virvell\u00f8se i verden\"}]},{\"@type\":\"WebSite\",\"@id\":\"https:\/\/nordnesrepublikken.no\/#website\",\"url\":\"https:\/\/nordnesrepublikken.no\/\",\"name\":\"Nordnesrepublikken\",\"description\":\"Stemmer og Visjoner fra Republikkens Hjerte\",\"publisher\":{\"@id\":\"https:\/\/nordnesrepublikken.no\/#organization\"},\"potentialAction\":[{\"@type\":\"SearchAction\",\"target\":{\"@type\":\"EntryPoint\",\"urlTemplate\":\"https:\/\/nordnesrepublikken.no\/?s={search_term_string}\"},\"query-input\":{\"@type\":\"PropertyValueSpecification\",\"valueRequired\":true,\"valueName\":\"search_term_string\"}}],\"inLanguage\":\"nb-NO\"},{\"@type\":\"Organization\",\"@id\":\"https:\/\/nordnesrepublikken.no\/#organization\",\"name\":\"Nordnesrepublikken\",\"url\":\"https:\/\/nordnesrepublikken.no\/\",\"logo\":{\"@type\":\"ImageObject\",\"inLanguage\":\"nb-NO\",\"@id\":\"https:\/\/nordnesrepublikken.no\/#\/schema\/logo\/image\/\",\"url\":\"https:\/\/nordnesrepublikken.no\/wp-content\/uploads\/2025\/02\/cropped-nordnesrepublikken-2.png\",\"contentUrl\":\"https:\/\/nordnesrepublikken.no\/wp-content\/uploads\/2025\/02\/cropped-nordnesrepublikken-2.png\",\"width\":1248,\"height\":362,\"caption\":\"Nordnesrepublikken\"},\"image\":{\"@id\":\"https:\/\/nordnesrepublikken.no\/#\/schema\/logo\/image\/\"}},{\"@type\":\"Person\",\"@id\":\"https:\/\/nordnesrepublikken.no\/#\/schema\/person\/2e7e81935bab77882fffb79296240ff1\",\"name\":\"Ole Andersen\",\"image\":{\"@type\":\"ImageObject\",\"inLanguage\":\"nb-NO\",\"@id\":\"https:\/\/nordnesrepublikken.no\/#\/schema\/person\/image\/\",\"url\":\"https:\/\/nordnesrepublikken.no\/wp-content\/uploads\/2025\/02\/nordnesrepublikken-2-2-150x150.jpg\",\"contentUrl\":\"https:\/\/nordnesrepublikken.no\/wp-content\/uploads\/2025\/02\/nordnesrepublikken-2-2-150x150.jpg\",\"caption\":\"Ole Andersen\"},\"description\":\"Ettersom jeg vokste opp i Oslo, har jeg alltid v\u00e6rt fascinert av ordenes kraft og deres evne til \u00e5 skape endringer. Etter \u00e5 ha fullf\u00f8rt min utdannelse i kommunikasjon ved Universitetet i Bergen, fikk jeg muligheten til \u00e5 jobbe innen ulike medier, der jeg har s\u00f8kt \u00e5 belyse viktige samfunnssp\u00f8rsm\u00e5l. I dag, som redakt\u00f8r for Nordnesrepublikken, pr\u00f8ver jeg \u00e5 forene min kj\u00e6rlighet for journalistikk med min lidenskap for innovasjon og eventyr.\",\"sameAs\":[\"https:\/\/nordnesrepublikken.no\/\"]}]}<\/script>\n<!-- \/ Yoast SEO plugin. -->","yoast_head_json":{"title":"Det er det tyngste virvell\u00f8se i verden - Nordnesrepublikken","robots":{"index":"index","follow":"follow","max-snippet":"max-snippet:-1","max-image-preview":"max-image-preview:large","max-video-preview":"max-video-preview:-1"},"canonical":"https:\/\/nordnesrepublikken.no\/index.php\/2025\/04\/17\/det-er-det-tyngste-virvellose-i-verden\/","og_locale":"nb_NO","og_type":"article","og_title":"Det er det tyngste virvell\u00f8se i verden - Nordnesrepublikken","og_description":"En valp av kolossal blekksprut (Msonychoteuthis Hamiltoni) 30 cm ble filmet p\u00e5 video for f\u00f8rste","og_url":"https:\/\/nordnesrepublikken.no\/index.php\/2025\/04\/17\/det-er-det-tyngste-virvellose-i-verden\/","og_site_name":"Nordnesrepublikken","article_published_time":"2025-04-17T21:51:43+00:00","article_modified_time":"2025-04-17T21:51:46+00:00","og_image":[{"width":2109,"height":1186,"url":"https:\/\/nordnesrepublikken.no\/wp-content\/uploads\/2025\/04\/1744926704_Det-er-det-tyngste-virvellose-i-verden.jpeg","type":"image\/jpeg"}],"author":"Ole Andersen","twitter_card":"summary_large_image","twitter_misc":{"Skrevet av":"Ole Andersen","Ansl. lesetid":"4 minutter"},"schema":{"@context":"https:\/\/schema.org","@graph":[{"@type":"Article","@id":"https:\/\/nordnesrepublikken.no\/index.php\/2025\/04\/17\/det-er-det-tyngste-virvellose-i-verden\/#article","isPartOf":{"@id":"https:\/\/nordnesrepublikken.no\/index.php\/2025\/04\/17\/det-er-det-tyngste-virvellose-i-verden\/"},"author":{"name":"Ole Andersen","@id":"https:\/\/nordnesrepublikken.no\/#\/schema\/person\/2e7e81935bab77882fffb79296240ff1"},"headline":"Det er det tyngste virvell\u00f8se i verden","datePublished":"2025-04-17T21:51:43+00:00","dateModified":"2025-04-17T21:51:46+00:00","mainEntityOfPage":{"@id":"https:\/\/nordnesrepublikken.no\/index.php\/2025\/04\/17\/det-er-det-tyngste-virvellose-i-verden\/"},"wordCount":835,"publisher":{"@id":"https:\/\/nordnesrepublikken.no\/#organization"},"image":{"@id":"https:\/\/nordnesrepublikken.no\/index.php\/2025\/04\/17\/det-er-det-tyngste-virvellose-i-verden\/#primaryimage"},"thumbnailUrl":"https:\/\/nordnesrepublikken.no\/wp-content\/uploads\/2025\/04\/1744926704_Det-er-det-tyngste-virvellose-i-verden.jpeg","keywords":["Det","tyngste","verden","virvell\u00f8se"],"articleSection":["Vitenskap"],"inLanguage":"nb-NO"},{"@type":"WebPage","@id":"https:\/\/nordnesrepublikken.no\/index.php\/2025\/04\/17\/det-er-det-tyngste-virvellose-i-verden\/","url":"https:\/\/nordnesrepublikken.no\/index.php\/2025\/04\/17\/det-er-det-tyngste-virvellose-i-verden\/","name":"Det er det tyngste virvell\u00f8se i verden - Nordnesrepublikken","isPartOf":{"@id":"https:\/\/nordnesrepublikken.no\/#website"},"primaryImageOfPage":{"@id":"https:\/\/nordnesrepublikken.no\/index.php\/2025\/04\/17\/det-er-det-tyngste-virvellose-i-verden\/#primaryimage"},"image":{"@id":"https:\/\/nordnesrepublikken.no\/index.php\/2025\/04\/17\/det-er-det-tyngste-virvellose-i-verden\/#primaryimage"},"thumbnailUrl":"https:\/\/nordnesrepublikken.no\/wp-content\/uploads\/2025\/04\/1744926704_Det-er-det-tyngste-virvellose-i-verden.jpeg","datePublished":"2025-04-17T21:51:43+00:00","dateModified":"2025-04-17T21:51:46+00:00","breadcrumb":{"@id":"https:\/\/nordnesrepublikken.no\/index.php\/2025\/04\/17\/det-er-det-tyngste-virvellose-i-verden\/#breadcrumb"},"inLanguage":"nb-NO","potentialAction":[{"@type":"ReadAction","target":["https:\/\/nordnesrepublikken.no\/index.php\/2025\/04\/17\/det-er-det-tyngste-virvellose-i-verden\/"]}]},{"@type":"ImageObject","inLanguage":"nb-NO","@id":"https:\/\/nordnesrepublikken.no\/index.php\/2025\/04\/17\/det-er-det-tyngste-virvellose-i-verden\/#primaryimage","url":"https:\/\/nordnesrepublikken.no\/wp-content\/uploads\/2025\/04\/1744926704_Det-er-det-tyngste-virvellose-i-verden.jpeg","contentUrl":"https:\/\/nordnesrepublikken.no\/wp-content\/uploads\/2025\/04\/1744926704_Det-er-det-tyngste-virvellose-i-verden.jpeg","width":2109,"height":1186,"caption":"calamaro colossale"},{"@type":"BreadcrumbList","@id":"https:\/\/nordnesrepublikken.no\/index.php\/2025\/04\/17\/det-er-det-tyngste-virvellose-i-verden\/#breadcrumb","itemListElement":[{"@type":"ListItem","position":1,"name":"Home","item":"https:\/\/nordnesrepublikken.no\/"},{"@type":"ListItem","position":2,"name":"Det er det tyngste virvell\u00f8se i verden"}]},{"@type":"WebSite","@id":"https:\/\/nordnesrepublikken.no\/#website","url":"https:\/\/nordnesrepublikken.no\/","name":"Nordnesrepublikken","description":"Stemmer og Visjoner fra Republikkens Hjerte","publisher":{"@id":"https:\/\/nordnesrepublikken.no\/#organization"},"potentialAction":[{"@type":"SearchAction","target":{"@type":"EntryPoint","urlTemplate":"https:\/\/nordnesrepublikken.no\/?s={search_term_string}"},"query-input":{"@type":"PropertyValueSpecification","valueRequired":true,"valueName":"search_term_string"}}],"inLanguage":"nb-NO"},{"@type":"Organization","@id":"https:\/\/nordnesrepublikken.no\/#organization","name":"Nordnesrepublikken","url":"https:\/\/nordnesrepublikken.no\/","logo":{"@type":"ImageObject","inLanguage":"nb-NO","@id":"https:\/\/nordnesrepublikken.no\/#\/schema\/logo\/image\/","url":"https:\/\/nordnesrepublikken.no\/wp-content\/uploads\/2025\/02\/cropped-nordnesrepublikken-2.png","contentUrl":"https:\/\/nordnesrepublikken.no\/wp-content\/uploads\/2025\/02\/cropped-nordnesrepublikken-2.png","width":1248,"height":362,"caption":"Nordnesrepublikken"},"image":{"@id":"https:\/\/nordnesrepublikken.no\/#\/schema\/logo\/image\/"}},{"@type":"Person","@id":"https:\/\/nordnesrepublikken.no\/#\/schema\/person\/2e7e81935bab77882fffb79296240ff1","name":"Ole Andersen","image":{"@type":"ImageObject","inLanguage":"nb-NO","@id":"https:\/\/nordnesrepublikken.no\/#\/schema\/person\/image\/","url":"https:\/\/nordnesrepublikken.no\/wp-content\/uploads\/2025\/02\/nordnesrepublikken-2-2-150x150.jpg","contentUrl":"https:\/\/nordnesrepublikken.no\/wp-content\/uploads\/2025\/02\/nordnesrepublikken-2-2-150x150.jpg","caption":"Ole Andersen"},"description":"Ettersom jeg vokste opp i Oslo, har jeg alltid v\u00e6rt fascinert av ordenes kraft og deres evne til \u00e5 skape endringer. Etter \u00e5 ha fullf\u00f8rt min utdannelse i kommunikasjon ved Universitetet i Bergen, fikk jeg muligheten til \u00e5 jobbe innen ulike medier, der jeg har s\u00f8kt \u00e5 belyse viktige samfunnssp\u00f8rsm\u00e5l. I dag, som redakt\u00f8r for Nordnesrepublikken, pr\u00f8ver jeg \u00e5 forene min kj\u00e6rlighet for journalistikk med min lidenskap for innovasjon og eventyr.","sameAs":["https:\/\/nordnesrepublikken.no\/"]}]}},"_links":{"self":[{"href":"https:\/\/nordnesrepublikken.no\/index.php\/wp-json\/wp\/v2\/posts\/3471","targetHints":{"allow":["GET"]}}],"collection":[{"href":"https:\/\/nordnesrepublikken.no\/index.php\/wp-json\/wp\/v2\/posts"}],"about":[{"href":"https:\/\/nordnesrepublikken.no\/index.php\/wp-json\/wp\/v2\/types\/post"}],"author":[{"embeddable":true,"href":"https:\/\/nordnesrepublikken.no\/index.php\/wp-json\/wp\/v2\/users\/1"}],"replies":[{"embeddable":true,"href":"https:\/\/nordnesrepublikken.no\/index.php\/wp-json\/wp\/v2\/comments?post=3471"}],"version-history":[{"count":1,"href":"https:\/\/nordnesrepublikken.no\/index.php\/wp-json\/wp\/v2\/posts\/3471\/revisions"}],"predecessor-version":[{"id":3473,"href":"https:\/\/nordnesrepublikken.no\/index.php\/wp-json\/wp\/v2\/posts\/3471\/revisions\/3473"}],"wp:featuredmedia":[{"embeddable":true,"href":"https:\/\/nordnesrepublikken.no\/index.php\/wp-json\/wp\/v2\/media\/3472"}],"wp:attachment":[{"href":"https:\/\/nordnesrepublikken.no\/index.php\/wp-json\/wp\/v2\/media?parent=3471"}],"wp:term":[{"taxonomy":"category","embeddable":true,"href":"https:\/\/nordnesrepublikken.no\/index.php\/wp-json\/wp\/v2\/categories?post=3471"},{"taxonomy":"post_tag","embeddable":true,"href":"https:\/\/nordnesrepublikken.no\/index.php\/wp-json\/wp\/v2\/tags?post=3471"}],"curies":[{"name":"wp","href":"https:\/\/api.w.org\/{rel}","templated":true}]}}