{"id":3462,"date":"2025-04-17T17:49:32","date_gmt":"2025-04-17T15:49:32","guid":{"rendered":"https:\/\/nordnesrepublikken.no\/index.php\/2025\/04\/17\/hvor-og-nar-de-treffer-regn-og-darlig-vaer\/"},"modified":"2025-04-17T17:49:34","modified_gmt":"2025-04-17T15:49:34","slug":"hvor-og-nar-de-treffer-regn-og-darlig-vaer","status":"publish","type":"post","link":"https:\/\/nordnesrepublikken.no\/index.php\/2025\/04\/17\/hvor-og-nar-de-treffer-regn-og-darlig-vaer\/","title":{"rendered":"hvor og n\u00e5r de treffer regn og d\u00e5rlig v\u00e6r"},"content":{"rendered":"<div>\n<div class=\"cp_wrapper cp_wrapper--fw mb-30 mb-20@tablet\">\n<figure class=\"mm\"><picture class=\"img\" style=\"padding-top:56.25%\"><source  media=\"(min-width: 1024px)\"><source  media=\"(min-width: 768px)\"><\/source><\/source><\/picture><\/figure>\n<\/p><\/div>\n<p>De<strong> Syklon Hans<\/strong> Han treffer hele Nord -Italia og for\u00e5rsaker voldelig regn som ofte er ledsaget av <strong>lyn<\/strong> Og <strong>Vindvind.<\/strong> Situasjonen er spesielt intens i <strong>Piedmont,<\/strong> hvor <em>Regionalt operasjonsrom<\/em> fra <strong>Civil Protection<\/strong> Piedmontese har kunngjort \u00e5pningen <strong>24 timer i d\u00f8gnet <\/strong>Og et varsel om oransje niv\u00e5 ble utstedt. Flere ulemper ogs\u00e5 i den regionale hovedstaden, i dag i Torino har flere bybroer blitt stengt p\u00e5 grunn av de bekymringsfulle niv\u00e5ene i elvene, med s\u00e6rlig oppmerksomhet til flommen til Dora Riparia. Ogs\u00e5<strong>Luftforsvar<\/strong> Han publiserte klokka 12.00 i dag en bulletin der han oppsummerer alle de viktigste atmosf\u00e6riske hendelsene som kan p\u00e5virke halv\u00f8ya v\u00e5r herfra til de neste timene, til p\u00e5ske.<\/p>\n<p>Mer i detalj, dokumentet informerer oss om at i <strong>Neste 12\/18 <\/strong>Timer, p\u00e5 grunn av syklonen som ble dannet av Liguria, forventes det:<\/p>\n<ul>\n<li>Intens og rikelig nedb\u00f8r p\u00e5 Valle d&#8217;Aosta, Lombardy, Trentino-Alo Adige, Friuli-Venezia Giulia, Veneto og Liguria;<\/li>\n<li>Intens og rikelig nedb\u00f8r, s\u00e5 vel som tordenv\u00e6r med lyn og vindkast av vind, ogs\u00e5 i Piemonte;<\/li>\n<li>Vind med vindkast opp til Burrasca p\u00e5 Emilia-Romagna, Liguria, Toscana, Marche, Umbria og Sardinia.<\/li>\n<\/ul>\n<div class=\"cp_wrapper cp_wrapper--fw mb-50\">\n<figure class=\"mm\"><picture class=\"img\" style=\"padding-top:75%\"><source  media=\"(min-width: 1024px)\"><source  media=\"(min-width: 768px)\"><img decoding=\"async\" loading=\"lazy\" src=\"https:\/\/nordnesrepublikken.no\/wp-content\/uploads\/2025\/04\/1744904972_238_hvor-og-nar-de-treffer-regn-og-darlig-vaer.jpg\" alt=\"Bilde\" width=\"1024\" height=\"768\"><\/source><\/source><\/picture><\/figure>\n<\/p><\/div>\n<p>\u00c5rsakene til denne situasjonen skal spores i n\u00e6rv\u00e6r av <strong>Semi-tropisk syklon Hans<\/strong>. Det er et omr\u00e5de av <strong>Lavt trykk<\/strong> Kommer fra Atlanterhavet og ankom det sentrale Middelhavet med s\u00f8r-vest nord\u00f8stlig retning, som tydelig synlig fra bildet over. Innenfor dette omr\u00e5det har luften en tendens til \u00e5 stige mot <strong>h\u00f8y<\/strong> <strong>Kvoter<\/strong>gir livet til rikelig skyer og regn &#8211; og f\u00f8lgelig til det d\u00e5rlige v\u00e6ret vi er vitne til. Det er en statisk front, som ogs\u00e5 blir lagt til en annen faktor gitt av Hans &laquo;innvirkning&raquo; mot <strong>Alpinkjede<\/strong>. Dette for \u00e5 favorisere ytterligere regndannelse, s\u00e5 mye at de her p\u00e5 48 timer har blitt registrert opp til<strong> 400 mm regn<\/strong>.<\/p>\n<p>Det er et meteorologisk fenomen som ikke er anomalt som s\u00e5dan, men det at det skjer med <strong>April,<\/strong> Siden hendelser av denne typen er hyppige spesielt om h\u00f8sten. Dessverre er det ikke f\u00f8rste gang det skjer, og dette er en klar indikator p\u00e5 hvordan klimaendringer ogs\u00e5 har p\u00e5virket oss: Hvis det faktisk ikke er mulig \u00e5 koble til den individuelle hendelsen til denne \u00e5rsaken, kan ikke det samme sies for \u00f8kningen i frekvensen og intensiteten over tid.<\/p>\n<\/p><\/div>\n","protected":false},"excerpt":{"rendered":"<p>De Syklon Hans Han treffer hele Nord -Italia og for\u00e5rsaker voldelig regn som ofte er<\/p>\n","protected":false},"author":1,"featured_media":3463,"comment_status":"closed","ping_status":"open","sticky":false,"template":"","format":"standard","meta":{"footnotes":""},"categories":[26],"tags":[468,449,16,1308,1295,532],"class_list":["post-3462","post","type-post","status-publish","format-standard","has-post-thumbnail","hentry","category-miljo","tag-darlig","tag-hvor","tag-nar","tag-regn","tag-treffer","tag-vaer","generate-columns","tablet-grid-50","mobile-grid-100","grid-parent","grid-33","resize-featured-image"],"yoast_head":"<!-- This site is optimized with the Yoast SEO plugin v24.4 - https:\/\/yoast.com\/wordpress\/plugins\/seo\/ -->\n<title>hvor og n\u00e5r de treffer regn og d\u00e5rlig v\u00e6r - Nordnesrepublikken<\/title>\n<meta name=\"robots\" content=\"index, follow, max-snippet:-1, max-image-preview:large, max-video-preview:-1\" \/>\n<link rel=\"canonical\" href=\"https:\/\/nordnesrepublikken.no\/index.php\/2025\/04\/17\/hvor-og-nar-de-treffer-regn-og-darlig-vaer\/\" \/>\n<meta property=\"og:locale\" content=\"nb_NO\" \/>\n<meta property=\"og:type\" content=\"article\" \/>\n<meta property=\"og:title\" content=\"hvor og n\u00e5r de treffer regn og d\u00e5rlig v\u00e6r - Nordnesrepublikken\" \/>\n<meta property=\"og:description\" content=\"De Syklon Hans Han treffer hele Nord -Italia og for\u00e5rsaker voldelig regn som ofte er\" \/>\n<meta property=\"og:url\" content=\"https:\/\/nordnesrepublikken.no\/index.php\/2025\/04\/17\/hvor-og-nar-de-treffer-regn-og-darlig-vaer\/\" \/>\n<meta property=\"og:site_name\" content=\"Nordnesrepublikken\" \/>\n<meta property=\"article:published_time\" content=\"2025-04-17T15:49:32+00:00\" \/>\n<meta property=\"article:modified_time\" content=\"2025-04-17T15:49:34+00:00\" \/>\n<meta property=\"og:image\" content=\"https:\/\/nordnesrepublikken.no\/wp-content\/uploads\/2025\/04\/1744904972_hvor-og-nar-de-treffer-regn-og-darlig-vaer.jpg\" \/>\n\t<meta property=\"og:image:width\" content=\"2549\" \/>\n\t<meta property=\"og:image:height\" content=\"1491\" \/>\n\t<meta property=\"og:image:type\" content=\"image\/jpeg\" \/>\n<meta name=\"author\" content=\"Ole Andersen\" \/>\n<meta name=\"twitter:card\" content=\"summary_large_image\" \/>\n<meta name=\"twitter:label1\" content=\"Skrevet av\" \/>\n\t<meta name=\"twitter:data1\" content=\"Ole Andersen\" \/>\n\t<meta name=\"twitter:label2\" content=\"Ansl. lesetid\" \/>\n\t<meta name=\"twitter:data2\" content=\"2 minutter\" \/>\n<script type=\"application\/ld+json\" class=\"yoast-schema-graph\">{\"@context\":\"https:\/\/schema.org\",\"@graph\":[{\"@type\":\"Article\",\"@id\":\"https:\/\/nordnesrepublikken.no\/index.php\/2025\/04\/17\/hvor-og-nar-de-treffer-regn-og-darlig-vaer\/#article\",\"isPartOf\":{\"@id\":\"https:\/\/nordnesrepublikken.no\/index.php\/2025\/04\/17\/hvor-og-nar-de-treffer-regn-og-darlig-vaer\/\"},\"author\":{\"name\":\"Ole Andersen\",\"@id\":\"https:\/\/nordnesrepublikken.no\/#\/schema\/person\/2e7e81935bab77882fffb79296240ff1\"},\"headline\":\"hvor og n\u00e5r de treffer regn og d\u00e5rlig v\u00e6r\",\"datePublished\":\"2025-04-17T15:49:32+00:00\",\"dateModified\":\"2025-04-17T15:49:34+00:00\",\"mainEntityOfPage\":{\"@id\":\"https:\/\/nordnesrepublikken.no\/index.php\/2025\/04\/17\/hvor-og-nar-de-treffer-regn-og-darlig-vaer\/\"},\"wordCount\":395,\"publisher\":{\"@id\":\"https:\/\/nordnesrepublikken.no\/#organization\"},\"image\":{\"@id\":\"https:\/\/nordnesrepublikken.no\/index.php\/2025\/04\/17\/hvor-og-nar-de-treffer-regn-og-darlig-vaer\/#primaryimage\"},\"thumbnailUrl\":\"https:\/\/nordnesrepublikken.no\/wp-content\/uploads\/2025\/04\/1744904972_hvor-og-nar-de-treffer-regn-og-darlig-vaer.jpg\",\"keywords\":[\"D\u00e5rlig\",\"hvor\",\"n\u00e5r\",\"regn\",\"treffer\",\"v\u00e6r\"],\"articleSection\":[\"Milj\u00f8\"],\"inLanguage\":\"nb-NO\"},{\"@type\":\"WebPage\",\"@id\":\"https:\/\/nordnesrepublikken.no\/index.php\/2025\/04\/17\/hvor-og-nar-de-treffer-regn-og-darlig-vaer\/\",\"url\":\"https:\/\/nordnesrepublikken.no\/index.php\/2025\/04\/17\/hvor-og-nar-de-treffer-regn-og-darlig-vaer\/\",\"name\":\"hvor og n\u00e5r de treffer regn og d\u00e5rlig v\u00e6r - Nordnesrepublikken\",\"isPartOf\":{\"@id\":\"https:\/\/nordnesrepublikken.no\/#website\"},\"primaryImageOfPage\":{\"@id\":\"https:\/\/nordnesrepublikken.no\/index.php\/2025\/04\/17\/hvor-og-nar-de-treffer-regn-og-darlig-vaer\/#primaryimage\"},\"image\":{\"@id\":\"https:\/\/nordnesrepublikken.no\/index.php\/2025\/04\/17\/hvor-og-nar-de-treffer-regn-og-darlig-vaer\/#primaryimage\"},\"thumbnailUrl\":\"https:\/\/nordnesrepublikken.no\/wp-content\/uploads\/2025\/04\/1744904972_hvor-og-nar-de-treffer-regn-og-darlig-vaer.jpg\",\"datePublished\":\"2025-04-17T15:49:32+00:00\",\"dateModified\":\"2025-04-17T15:49:34+00:00\",\"breadcrumb\":{\"@id\":\"https:\/\/nordnesrepublikken.no\/index.php\/2025\/04\/17\/hvor-og-nar-de-treffer-regn-og-darlig-vaer\/#breadcrumb\"},\"inLanguage\":\"nb-NO\",\"potentialAction\":[{\"@type\":\"ReadAction\",\"target\":[\"https:\/\/nordnesrepublikken.no\/index.php\/2025\/04\/17\/hvor-og-nar-de-treffer-regn-og-darlig-vaer\/\"]}]},{\"@type\":\"ImageObject\",\"inLanguage\":\"nb-NO\",\"@id\":\"https:\/\/nordnesrepublikken.no\/index.php\/2025\/04\/17\/hvor-og-nar-de-treffer-regn-og-darlig-vaer\/#primaryimage\",\"url\":\"https:\/\/nordnesrepublikken.no\/wp-content\/uploads\/2025\/04\/1744904972_hvor-og-nar-de-treffer-regn-og-darlig-vaer.jpg\",\"contentUrl\":\"https:\/\/nordnesrepublikken.no\/wp-content\/uploads\/2025\/04\/1744904972_hvor-og-nar-de-treffer-regn-og-darlig-vaer.jpg\",\"width\":2549,\"height\":1491,\"caption\":\"Immagine\"},{\"@type\":\"BreadcrumbList\",\"@id\":\"https:\/\/nordnesrepublikken.no\/index.php\/2025\/04\/17\/hvor-og-nar-de-treffer-regn-og-darlig-vaer\/#breadcrumb\",\"itemListElement\":[{\"@type\":\"ListItem\",\"position\":1,\"name\":\"Home\",\"item\":\"https:\/\/nordnesrepublikken.no\/\"},{\"@type\":\"ListItem\",\"position\":2,\"name\":\"hvor og n\u00e5r de treffer regn og d\u00e5rlig v\u00e6r\"}]},{\"@type\":\"WebSite\",\"@id\":\"https:\/\/nordnesrepublikken.no\/#website\",\"url\":\"https:\/\/nordnesrepublikken.no\/\",\"name\":\"Nordnesrepublikken\",\"description\":\"Stemmer og Visjoner fra Republikkens Hjerte\",\"publisher\":{\"@id\":\"https:\/\/nordnesrepublikken.no\/#organization\"},\"potentialAction\":[{\"@type\":\"SearchAction\",\"target\":{\"@type\":\"EntryPoint\",\"urlTemplate\":\"https:\/\/nordnesrepublikken.no\/?s={search_term_string}\"},\"query-input\":{\"@type\":\"PropertyValueSpecification\",\"valueRequired\":true,\"valueName\":\"search_term_string\"}}],\"inLanguage\":\"nb-NO\"},{\"@type\":\"Organization\",\"@id\":\"https:\/\/nordnesrepublikken.no\/#organization\",\"name\":\"Nordnesrepublikken\",\"url\":\"https:\/\/nordnesrepublikken.no\/\",\"logo\":{\"@type\":\"ImageObject\",\"inLanguage\":\"nb-NO\",\"@id\":\"https:\/\/nordnesrepublikken.no\/#\/schema\/logo\/image\/\",\"url\":\"https:\/\/nordnesrepublikken.no\/wp-content\/uploads\/2025\/02\/cropped-nordnesrepublikken-2.png\",\"contentUrl\":\"https:\/\/nordnesrepublikken.no\/wp-content\/uploads\/2025\/02\/cropped-nordnesrepublikken-2.png\",\"width\":1248,\"height\":362,\"caption\":\"Nordnesrepublikken\"},\"image\":{\"@id\":\"https:\/\/nordnesrepublikken.no\/#\/schema\/logo\/image\/\"}},{\"@type\":\"Person\",\"@id\":\"https:\/\/nordnesrepublikken.no\/#\/schema\/person\/2e7e81935bab77882fffb79296240ff1\",\"name\":\"Ole Andersen\",\"image\":{\"@type\":\"ImageObject\",\"inLanguage\":\"nb-NO\",\"@id\":\"https:\/\/nordnesrepublikken.no\/#\/schema\/person\/image\/\",\"url\":\"https:\/\/nordnesrepublikken.no\/wp-content\/uploads\/2025\/02\/nordnesrepublikken-2-2-150x150.jpg\",\"contentUrl\":\"https:\/\/nordnesrepublikken.no\/wp-content\/uploads\/2025\/02\/nordnesrepublikken-2-2-150x150.jpg\",\"caption\":\"Ole Andersen\"},\"description\":\"Ettersom jeg vokste opp i Oslo, har jeg alltid v\u00e6rt fascinert av ordenes kraft og deres evne til \u00e5 skape endringer. Etter \u00e5 ha fullf\u00f8rt min utdannelse i kommunikasjon ved Universitetet i Bergen, fikk jeg muligheten til \u00e5 jobbe innen ulike medier, der jeg har s\u00f8kt \u00e5 belyse viktige samfunnssp\u00f8rsm\u00e5l. I dag, som redakt\u00f8r for Nordnesrepublikken, pr\u00f8ver jeg \u00e5 forene min kj\u00e6rlighet for journalistikk med min lidenskap for innovasjon og eventyr.\",\"sameAs\":[\"https:\/\/nordnesrepublikken.no\/\"]}]}<\/script>\n<!-- \/ Yoast SEO plugin. -->","yoast_head_json":{"title":"hvor og n\u00e5r de treffer regn og d\u00e5rlig v\u00e6r - Nordnesrepublikken","robots":{"index":"index","follow":"follow","max-snippet":"max-snippet:-1","max-image-preview":"max-image-preview:large","max-video-preview":"max-video-preview:-1"},"canonical":"https:\/\/nordnesrepublikken.no\/index.php\/2025\/04\/17\/hvor-og-nar-de-treffer-regn-og-darlig-vaer\/","og_locale":"nb_NO","og_type":"article","og_title":"hvor og n\u00e5r de treffer regn og d\u00e5rlig v\u00e6r - Nordnesrepublikken","og_description":"De Syklon Hans Han treffer hele Nord -Italia og for\u00e5rsaker voldelig regn som ofte er","og_url":"https:\/\/nordnesrepublikken.no\/index.php\/2025\/04\/17\/hvor-og-nar-de-treffer-regn-og-darlig-vaer\/","og_site_name":"Nordnesrepublikken","article_published_time":"2025-04-17T15:49:32+00:00","article_modified_time":"2025-04-17T15:49:34+00:00","og_image":[{"width":2549,"height":1491,"url":"https:\/\/nordnesrepublikken.no\/wp-content\/uploads\/2025\/04\/1744904972_hvor-og-nar-de-treffer-regn-og-darlig-vaer.jpg","type":"image\/jpeg"}],"author":"Ole Andersen","twitter_card":"summary_large_image","twitter_misc":{"Skrevet av":"Ole Andersen","Ansl. lesetid":"2 minutter"},"schema":{"@context":"https:\/\/schema.org","@graph":[{"@type":"Article","@id":"https:\/\/nordnesrepublikken.no\/index.php\/2025\/04\/17\/hvor-og-nar-de-treffer-regn-og-darlig-vaer\/#article","isPartOf":{"@id":"https:\/\/nordnesrepublikken.no\/index.php\/2025\/04\/17\/hvor-og-nar-de-treffer-regn-og-darlig-vaer\/"},"author":{"name":"Ole Andersen","@id":"https:\/\/nordnesrepublikken.no\/#\/schema\/person\/2e7e81935bab77882fffb79296240ff1"},"headline":"hvor og n\u00e5r de treffer regn og d\u00e5rlig v\u00e6r","datePublished":"2025-04-17T15:49:32+00:00","dateModified":"2025-04-17T15:49:34+00:00","mainEntityOfPage":{"@id":"https:\/\/nordnesrepublikken.no\/index.php\/2025\/04\/17\/hvor-og-nar-de-treffer-regn-og-darlig-vaer\/"},"wordCount":395,"publisher":{"@id":"https:\/\/nordnesrepublikken.no\/#organization"},"image":{"@id":"https:\/\/nordnesrepublikken.no\/index.php\/2025\/04\/17\/hvor-og-nar-de-treffer-regn-og-darlig-vaer\/#primaryimage"},"thumbnailUrl":"https:\/\/nordnesrepublikken.no\/wp-content\/uploads\/2025\/04\/1744904972_hvor-og-nar-de-treffer-regn-og-darlig-vaer.jpg","keywords":["D\u00e5rlig","hvor","n\u00e5r","regn","treffer","v\u00e6r"],"articleSection":["Milj\u00f8"],"inLanguage":"nb-NO"},{"@type":"WebPage","@id":"https:\/\/nordnesrepublikken.no\/index.php\/2025\/04\/17\/hvor-og-nar-de-treffer-regn-og-darlig-vaer\/","url":"https:\/\/nordnesrepublikken.no\/index.php\/2025\/04\/17\/hvor-og-nar-de-treffer-regn-og-darlig-vaer\/","name":"hvor og n\u00e5r de treffer regn og d\u00e5rlig v\u00e6r - Nordnesrepublikken","isPartOf":{"@id":"https:\/\/nordnesrepublikken.no\/#website"},"primaryImageOfPage":{"@id":"https:\/\/nordnesrepublikken.no\/index.php\/2025\/04\/17\/hvor-og-nar-de-treffer-regn-og-darlig-vaer\/#primaryimage"},"image":{"@id":"https:\/\/nordnesrepublikken.no\/index.php\/2025\/04\/17\/hvor-og-nar-de-treffer-regn-og-darlig-vaer\/#primaryimage"},"thumbnailUrl":"https:\/\/nordnesrepublikken.no\/wp-content\/uploads\/2025\/04\/1744904972_hvor-og-nar-de-treffer-regn-og-darlig-vaer.jpg","datePublished":"2025-04-17T15:49:32+00:00","dateModified":"2025-04-17T15:49:34+00:00","breadcrumb":{"@id":"https:\/\/nordnesrepublikken.no\/index.php\/2025\/04\/17\/hvor-og-nar-de-treffer-regn-og-darlig-vaer\/#breadcrumb"},"inLanguage":"nb-NO","potentialAction":[{"@type":"ReadAction","target":["https:\/\/nordnesrepublikken.no\/index.php\/2025\/04\/17\/hvor-og-nar-de-treffer-regn-og-darlig-vaer\/"]}]},{"@type":"ImageObject","inLanguage":"nb-NO","@id":"https:\/\/nordnesrepublikken.no\/index.php\/2025\/04\/17\/hvor-og-nar-de-treffer-regn-og-darlig-vaer\/#primaryimage","url":"https:\/\/nordnesrepublikken.no\/wp-content\/uploads\/2025\/04\/1744904972_hvor-og-nar-de-treffer-regn-og-darlig-vaer.jpg","contentUrl":"https:\/\/nordnesrepublikken.no\/wp-content\/uploads\/2025\/04\/1744904972_hvor-og-nar-de-treffer-regn-og-darlig-vaer.jpg","width":2549,"height":1491,"caption":"Immagine"},{"@type":"BreadcrumbList","@id":"https:\/\/nordnesrepublikken.no\/index.php\/2025\/04\/17\/hvor-og-nar-de-treffer-regn-og-darlig-vaer\/#breadcrumb","itemListElement":[{"@type":"ListItem","position":1,"name":"Home","item":"https:\/\/nordnesrepublikken.no\/"},{"@type":"ListItem","position":2,"name":"hvor og n\u00e5r de treffer regn og d\u00e5rlig v\u00e6r"}]},{"@type":"WebSite","@id":"https:\/\/nordnesrepublikken.no\/#website","url":"https:\/\/nordnesrepublikken.no\/","name":"Nordnesrepublikken","description":"Stemmer og Visjoner fra Republikkens Hjerte","publisher":{"@id":"https:\/\/nordnesrepublikken.no\/#organization"},"potentialAction":[{"@type":"SearchAction","target":{"@type":"EntryPoint","urlTemplate":"https:\/\/nordnesrepublikken.no\/?s={search_term_string}"},"query-input":{"@type":"PropertyValueSpecification","valueRequired":true,"valueName":"search_term_string"}}],"inLanguage":"nb-NO"},{"@type":"Organization","@id":"https:\/\/nordnesrepublikken.no\/#organization","name":"Nordnesrepublikken","url":"https:\/\/nordnesrepublikken.no\/","logo":{"@type":"ImageObject","inLanguage":"nb-NO","@id":"https:\/\/nordnesrepublikken.no\/#\/schema\/logo\/image\/","url":"https:\/\/nordnesrepublikken.no\/wp-content\/uploads\/2025\/02\/cropped-nordnesrepublikken-2.png","contentUrl":"https:\/\/nordnesrepublikken.no\/wp-content\/uploads\/2025\/02\/cropped-nordnesrepublikken-2.png","width":1248,"height":362,"caption":"Nordnesrepublikken"},"image":{"@id":"https:\/\/nordnesrepublikken.no\/#\/schema\/logo\/image\/"}},{"@type":"Person","@id":"https:\/\/nordnesrepublikken.no\/#\/schema\/person\/2e7e81935bab77882fffb79296240ff1","name":"Ole Andersen","image":{"@type":"ImageObject","inLanguage":"nb-NO","@id":"https:\/\/nordnesrepublikken.no\/#\/schema\/person\/image\/","url":"https:\/\/nordnesrepublikken.no\/wp-content\/uploads\/2025\/02\/nordnesrepublikken-2-2-150x150.jpg","contentUrl":"https:\/\/nordnesrepublikken.no\/wp-content\/uploads\/2025\/02\/nordnesrepublikken-2-2-150x150.jpg","caption":"Ole Andersen"},"description":"Ettersom jeg vokste opp i Oslo, har jeg alltid v\u00e6rt fascinert av ordenes kraft og deres evne til \u00e5 skape endringer. Etter \u00e5 ha fullf\u00f8rt min utdannelse i kommunikasjon ved Universitetet i Bergen, fikk jeg muligheten til \u00e5 jobbe innen ulike medier, der jeg har s\u00f8kt \u00e5 belyse viktige samfunnssp\u00f8rsm\u00e5l. I dag, som redakt\u00f8r for Nordnesrepublikken, pr\u00f8ver jeg \u00e5 forene min kj\u00e6rlighet for journalistikk med min lidenskap for innovasjon og eventyr.","sameAs":["https:\/\/nordnesrepublikken.no\/"]}]}},"_links":{"self":[{"href":"https:\/\/nordnesrepublikken.no\/index.php\/wp-json\/wp\/v2\/posts\/3462","targetHints":{"allow":["GET"]}}],"collection":[{"href":"https:\/\/nordnesrepublikken.no\/index.php\/wp-json\/wp\/v2\/posts"}],"about":[{"href":"https:\/\/nordnesrepublikken.no\/index.php\/wp-json\/wp\/v2\/types\/post"}],"author":[{"embeddable":true,"href":"https:\/\/nordnesrepublikken.no\/index.php\/wp-json\/wp\/v2\/users\/1"}],"replies":[{"embeddable":true,"href":"https:\/\/nordnesrepublikken.no\/index.php\/wp-json\/wp\/v2\/comments?post=3462"}],"version-history":[{"count":1,"href":"https:\/\/nordnesrepublikken.no\/index.php\/wp-json\/wp\/v2\/posts\/3462\/revisions"}],"predecessor-version":[{"id":3464,"href":"https:\/\/nordnesrepublikken.no\/index.php\/wp-json\/wp\/v2\/posts\/3462\/revisions\/3464"}],"wp:featuredmedia":[{"embeddable":true,"href":"https:\/\/nordnesrepublikken.no\/index.php\/wp-json\/wp\/v2\/media\/3463"}],"wp:attachment":[{"href":"https:\/\/nordnesrepublikken.no\/index.php\/wp-json\/wp\/v2\/media?parent=3462"}],"wp:term":[{"taxonomy":"category","embeddable":true,"href":"https:\/\/nordnesrepublikken.no\/index.php\/wp-json\/wp\/v2\/categories?post=3462"},{"taxonomy":"post_tag","embeddable":true,"href":"https:\/\/nordnesrepublikken.no\/index.php\/wp-json\/wp\/v2\/tags?post=3462"}],"curies":[{"name":"wp","href":"https:\/\/api.w.org\/{rel}","templated":true}]}}