{"id":3449,"date":"2025-04-17T14:49:56","date_gmt":"2025-04-17T12:49:56","guid":{"rendered":"https:\/\/nordnesrepublikken.no\/index.php\/2025\/04\/17\/prisen-pa-playstation-5-digital-edition-har-okt-i-europa-det-er-derfor\/"},"modified":"2025-04-17T14:49:58","modified_gmt":"2025-04-17T12:49:58","slug":"prisen-pa-playstation-5-digital-edition-har-okt-i-europa-det-er-derfor","status":"publish","type":"post","link":"https:\/\/nordnesrepublikken.no\/index.php\/2025\/04\/17\/prisen-pa-playstation-5-digital-edition-har-okt-i-europa-det-er-derfor\/","title":{"rendered":"Prisen p\u00e5 PlayStation 5 Digital Edition har \u00f8kt i Europa: det er derfor"},"content":{"rendered":"<div>\n<div class=\"cp_wrapper cp_wrapper--fw mb-30 mb-20@tablet\">\n<figure class=\"mm\"><picture class=\"img\" style=\"padding-top:56.25%\"><source  media=\"(min-width: 1024px)\"><source  media=\"(min-width: 768px)\"><\/source><\/source><\/picture><\/figure>\n<\/p><\/div>\n<p>Salgsprisen p\u00e5<strong> PlayStation 5 Digital Editition <\/strong>Av<strong> Sony<\/strong> har nylig \u00f8kt<strong> 10-15%<\/strong> I flere viktige markeder, inkludert EU, Storbritannia, Australia og New Zealand. Denne \u00f8kningen ang\u00e5r hovedsakelig<strong>Digital utgave<\/strong> fra <strong>konsoll<\/strong>mens versjonen med plateleseren bare har \u00f8kt i prisen bare i Australia og New Zealand. Den eneste modellen forble uendret er PS5 Pro.<\/p>\n<p>Men hva presset Sony for \u00e5 ta denne avgj\u00f8relsen? Kort sagt: en blanding av komplekse globale \u00f8konomiske faktorer. Det japanske huset indikerte det <strong>H\u00f8y inflasjon<\/strong>,<strong> ustabile valutakurser <\/strong>Og<strong> Halvm\u00e5ne kostnader for import<\/strong>spesielt mot USA, har skapt et press som gj\u00f8r et uunng\u00e5elig &laquo;retusjering&raquo; mot de offisielle prisene p\u00e5 listene. Og bare for \u00e5 beskytte marginer i det amerikanske markedet &#8211; en av de mest strategiske for Sony &#8211; har selskapet valgt \u00e5 fordele en del av disse kostnadene p\u00e5 de andre markedene, for eksempel prisen i Europa og i <strong>Italia<\/strong> har gjennomg\u00e5tt en \u00f8kning i <strong>50 euro<\/strong>.<\/p>\n<h2>\u00c5rsakene til \u00f8kningen i prisen p\u00e5 Sonys PlayStation 5: Plikter og valutakurser<\/h2>\n<p>I den n\u00e5v\u00e6rende sammenhengen, <strong>Heving av PS5 er ikke et isolert eller plutselig fenomen<\/strong>. Allerede i<strong>August 2022<\/strong> Den japanske produsenten hadde gjort en f\u00f8rste retusjering av prisene med lignende motivasjoner, knyttet til veksten av global inflasjon og den ugunstige trenden med lokale valutaer sammenlignet med den japanske yen.<\/p>\n<p>Et av de sentrale elementene i denne dynamikken er<strong> Sp\u00f8rsm\u00e5l om tolloppgaver<\/strong>som allerede har en viktig innvirkning p\u00e5 teknologiverdenen. Det meste av PS5 -maskinvaren er samlet i Kina, et land underlagt nye eksportskatter til USA som if\u00f8lge kommersiell politikk som for tiden er i kraft, n\u00e5r opptil 145%. Denne typen skatter tjener for \u00e5 gj\u00f8re importerte produkter dyrere for \u00e5 oppmuntre til intern produksjon. N\u00e5r det gjelder en multinasjonal som Sony, som opererer i global skala, representerer disse skattene en <strong>Direkte \u00f8kning i distribusjons- og salgskostnader<\/strong>. Og siden spillkonsollene ikke er blant de midlertidig unntatte produktene fra pliktene, finner Sony seg \u00e5 m\u00e5tte ta strategiske valg om hvor og hvordan de skal kompensere.<\/p>\n<p>En annen ikke -p\u00e5knyttet faktor ang\u00e5r<strong> valuta oppf\u00f8rsel<\/strong>. I en ustabil \u00f8konomisk sammenheng kan valutakurser &#8211; det vil si den relative verdien mellom en mynt og en annen &#8211; svinge raskt. For et japansk selskap som selger i euro, australske pund eller dollar, betyr en svekkelse av disse valutaene sammenlignet med Yen automatisk \u00e5 samle mindre til samme pris. F\u00f8lgelig er \u00f8kende priser en m\u00e5te \u00e5 holde inntektene stabile i yen. Sony har henvist til denne motivasjonen i sin offisielle pressemelding, og snakket om &laquo;flytende valutakurser&raquo; som et av elementene bak avgj\u00f8relsen.<\/p>\n<h2>De nye prisene p\u00e5 PS5 Digital Edition<\/h2>\n<p>DE <strong>Nye PS5 Digital Edition -priser<\/strong>n\u00e5 offisiell, er som f\u00f8lger:<\/p>\n<ul>\n<li><strong>Europa<\/strong>det gikk fra \u20ac 449.99 til <strong>499,99 \u20ac<\/strong>.<\/li>\n<li><strong>Storbritannia<\/strong>har g\u00e5tt fra 389,99 \u00a3 til <strong>429,99 \u00a3<\/strong>.<\/li>\n<li><strong>Australia<\/strong>gikk fra 649,95 aud $ a <strong>749,95 AUD $<\/strong>.<\/li>\n<li><strong>New Zealand<\/strong>det gikk fra 769,96 NZD $ a <strong>859,95 NZD $<\/strong>.<\/li>\n<\/ul>\n<p>Versjonen &laquo;<strong>standard<\/strong>&laquo;Av PlayStation 5 gjennomgikk han sm\u00e5 \u00f8kninger bare i Australia og New Zealand. Det faktum at \u00f8kningene har p\u00e5virket&raquo; Digital Edition &laquo;-versjonen av Play Station 5 ovenfor, sannsynligvis m\u00e5 s\u00f8kes i det faktum at denne modellen, som denne modellen, er uten fysisk leser, p\u00e5 at selskapet f\u00e5r til \u00e5 kj\u00f8pe den digitale versjonen.<\/p>\n<h2>\u00d8kningene ang\u00e5r kanskje ikke bare PS5<\/h2>\n<p>Et interessant aspekt ved denne historien er timingen etterfulgt av Sony. Kunngj\u00f8ringen om \u00f8kningene kom p\u00e5 et tidspunkt da direkte konkurrenter ogs\u00e5 evaluerer lignende strategier. Bare for \u00e5 gj\u00f8re deg til et konkret eksempel, <strong>Nintendo<\/strong> har enn\u00e5 ikke \u00e5pnet forh\u00e5ndsbestillingene til det nye <strong>Bryter 2<\/strong> For det nordamerikanske markedet, et tegn p\u00e5 at det ogs\u00e5 kan s\u00f8rge for en tilpasning av priser oppover.<\/p>\n<p>Kort sagt, hvis du lurte p\u00e5 hvorfor det \u00e5 kj\u00f8pe en PS5 i dag koster deg mer enn noen f\u00e5 m\u00e5neder siden, er ikke svaret \u00e5 bli s\u00f8kt i \u00f8nsket om fortjeneste av en multinasjonal som Sony, men i et antall <strong>Makro\u00f8konomiske faktorer<\/strong> som uunng\u00e5elig p\u00e5virker dypt p\u00e5 lommene til hver enkelt av oss. Vi m\u00e5 bare observere hvordan markedet vil reagere, og om disse \u00f8kningene vil bli den &laquo;nye normaliteten&raquo;.<\/p>\n<\/p><\/div>\n","protected":false},"excerpt":{"rendered":"<p>Salgsprisen p\u00e5 PlayStation 5 Digital Editition Av Sony har nylig \u00f8kt 10-15% I flere viktige<\/p>\n","protected":false},"author":1,"featured_media":3450,"comment_status":"closed","ping_status":"open","sticky":false,"template":"","format":"standard","meta":{"footnotes":""},"categories":[25],"tags":[1302,66,1299,1300,642,179,1301,81,1298,916],"class_list":["post-3449","post","type-post","status-publish","format-standard","has-post-thumbnail","hentry","category-teknologi","tag-derfor","tag-det","tag-digital","tag-edition","tag-europa","tag-har","tag-okt","tag-pa","tag-playstation","tag-prisen","generate-columns","tablet-grid-50","mobile-grid-100","grid-parent","grid-33","resize-featured-image"],"yoast_head":"<!-- This site is optimized with the Yoast SEO plugin v24.4 - https:\/\/yoast.com\/wordpress\/plugins\/seo\/ -->\n<title>Prisen p\u00e5 PlayStation 5 Digital Edition har \u00f8kt i Europa: det er derfor - Nordnesrepublikken<\/title>\n<meta name=\"robots\" content=\"index, follow, max-snippet:-1, max-image-preview:large, max-video-preview:-1\" \/>\n<link rel=\"canonical\" href=\"https:\/\/nordnesrepublikken.no\/index.php\/2025\/04\/17\/prisen-pa-playstation-5-digital-edition-har-okt-i-europa-det-er-derfor\/\" \/>\n<meta property=\"og:locale\" content=\"nb_NO\" \/>\n<meta property=\"og:type\" content=\"article\" \/>\n<meta property=\"og:title\" content=\"Prisen p\u00e5 PlayStation 5 Digital Edition har \u00f8kt i Europa: det er derfor - Nordnesrepublikken\" \/>\n<meta property=\"og:description\" content=\"Salgsprisen p\u00e5 PlayStation 5 Digital Editition Av Sony har nylig \u00f8kt 10-15% I flere viktige\" \/>\n<meta property=\"og:url\" content=\"https:\/\/nordnesrepublikken.no\/index.php\/2025\/04\/17\/prisen-pa-playstation-5-digital-edition-har-okt-i-europa-det-er-derfor\/\" \/>\n<meta property=\"og:site_name\" content=\"Nordnesrepublikken\" \/>\n<meta property=\"article:published_time\" content=\"2025-04-17T12:49:56+00:00\" \/>\n<meta property=\"article:modified_time\" content=\"2025-04-17T12:49:58+00:00\" \/>\n<meta property=\"og:image\" content=\"https:\/\/nordnesrepublikken.no\/wp-content\/uploads\/2025\/04\/1744894196_Prisen-pa-PlayStation-5-Digital-Edition-har-okt-i-Europa.jpg\" \/>\n\t<meta property=\"og:image:width\" content=\"2121\" \/>\n\t<meta property=\"og:image:height\" content=\"1414\" \/>\n\t<meta property=\"og:image:type\" content=\"image\/jpeg\" \/>\n<meta name=\"author\" content=\"Ole Andersen\" \/>\n<meta name=\"twitter:card\" content=\"summary_large_image\" \/>\n<meta name=\"twitter:label1\" content=\"Skrevet av\" \/>\n\t<meta name=\"twitter:data1\" content=\"Ole Andersen\" \/>\n\t<meta name=\"twitter:label2\" content=\"Ansl. lesetid\" \/>\n\t<meta name=\"twitter:data2\" content=\"3 minutter\" \/>\n<script type=\"application\/ld+json\" class=\"yoast-schema-graph\">{\"@context\":\"https:\/\/schema.org\",\"@graph\":[{\"@type\":\"Article\",\"@id\":\"https:\/\/nordnesrepublikken.no\/index.php\/2025\/04\/17\/prisen-pa-playstation-5-digital-edition-har-okt-i-europa-det-er-derfor\/#article\",\"isPartOf\":{\"@id\":\"https:\/\/nordnesrepublikken.no\/index.php\/2025\/04\/17\/prisen-pa-playstation-5-digital-edition-har-okt-i-europa-det-er-derfor\/\"},\"author\":{\"name\":\"Ole Andersen\",\"@id\":\"https:\/\/nordnesrepublikken.no\/#\/schema\/person\/2e7e81935bab77882fffb79296240ff1\"},\"headline\":\"Prisen p\u00e5 PlayStation 5 Digital Edition har \u00f8kt i Europa: det er derfor\",\"datePublished\":\"2025-04-17T12:49:56+00:00\",\"dateModified\":\"2025-04-17T12:49:58+00:00\",\"mainEntityOfPage\":{\"@id\":\"https:\/\/nordnesrepublikken.no\/index.php\/2025\/04\/17\/prisen-pa-playstation-5-digital-edition-har-okt-i-europa-det-er-derfor\/\"},\"wordCount\":678,\"publisher\":{\"@id\":\"https:\/\/nordnesrepublikken.no\/#organization\"},\"image\":{\"@id\":\"https:\/\/nordnesrepublikken.no\/index.php\/2025\/04\/17\/prisen-pa-playstation-5-digital-edition-har-okt-i-europa-det-er-derfor\/#primaryimage\"},\"thumbnailUrl\":\"https:\/\/nordnesrepublikken.no\/wp-content\/uploads\/2025\/04\/1744894196_Prisen-pa-PlayStation-5-Digital-Edition-har-okt-i-Europa.jpg\",\"keywords\":[\"derfor\",\"Det\",\"Digital\",\"Edition\",\"Europa\",\"har\",\"\u00f8kt\",\"p\u00e5\",\"PlayStation\",\"prisen\"],\"articleSection\":[\"Teknologi\"],\"inLanguage\":\"nb-NO\"},{\"@type\":\"WebPage\",\"@id\":\"https:\/\/nordnesrepublikken.no\/index.php\/2025\/04\/17\/prisen-pa-playstation-5-digital-edition-har-okt-i-europa-det-er-derfor\/\",\"url\":\"https:\/\/nordnesrepublikken.no\/index.php\/2025\/04\/17\/prisen-pa-playstation-5-digital-edition-har-okt-i-europa-det-er-derfor\/\",\"name\":\"Prisen p\u00e5 PlayStation 5 Digital Edition har \u00f8kt i Europa: det er derfor - Nordnesrepublikken\",\"isPartOf\":{\"@id\":\"https:\/\/nordnesrepublikken.no\/#website\"},\"primaryImageOfPage\":{\"@id\":\"https:\/\/nordnesrepublikken.no\/index.php\/2025\/04\/17\/prisen-pa-playstation-5-digital-edition-har-okt-i-europa-det-er-derfor\/#primaryimage\"},\"image\":{\"@id\":\"https:\/\/nordnesrepublikken.no\/index.php\/2025\/04\/17\/prisen-pa-playstation-5-digital-edition-har-okt-i-europa-det-er-derfor\/#primaryimage\"},\"thumbnailUrl\":\"https:\/\/nordnesrepublikken.no\/wp-content\/uploads\/2025\/04\/1744894196_Prisen-pa-PlayStation-5-Digital-Edition-har-okt-i-Europa.jpg\",\"datePublished\":\"2025-04-17T12:49:56+00:00\",\"dateModified\":\"2025-04-17T12:49:58+00:00\",\"breadcrumb\":{\"@id\":\"https:\/\/nordnesrepublikken.no\/index.php\/2025\/04\/17\/prisen-pa-playstation-5-digital-edition-har-okt-i-europa-det-er-derfor\/#breadcrumb\"},\"inLanguage\":\"nb-NO\",\"potentialAction\":[{\"@type\":\"ReadAction\",\"target\":[\"https:\/\/nordnesrepublikken.no\/index.php\/2025\/04\/17\/prisen-pa-playstation-5-digital-edition-har-okt-i-europa-det-er-derfor\/\"]}]},{\"@type\":\"ImageObject\",\"inLanguage\":\"nb-NO\",\"@id\":\"https:\/\/nordnesrepublikken.no\/index.php\/2025\/04\/17\/prisen-pa-playstation-5-digital-edition-har-okt-i-europa-det-er-derfor\/#primaryimage\",\"url\":\"https:\/\/nordnesrepublikken.no\/wp-content\/uploads\/2025\/04\/1744894196_Prisen-pa-PlayStation-5-Digital-Edition-har-okt-i-Europa.jpg\",\"contentUrl\":\"https:\/\/nordnesrepublikken.no\/wp-content\/uploads\/2025\/04\/1744894196_Prisen-pa-PlayStation-5-Digital-Edition-har-okt-i-Europa.jpg\",\"width\":2121,\"height\":1414,\"caption\":\"prezzo PS5\"},{\"@type\":\"BreadcrumbList\",\"@id\":\"https:\/\/nordnesrepublikken.no\/index.php\/2025\/04\/17\/prisen-pa-playstation-5-digital-edition-har-okt-i-europa-det-er-derfor\/#breadcrumb\",\"itemListElement\":[{\"@type\":\"ListItem\",\"position\":1,\"name\":\"Home\",\"item\":\"https:\/\/nordnesrepublikken.no\/\"},{\"@type\":\"ListItem\",\"position\":2,\"name\":\"Prisen p\u00e5 PlayStation 5 Digital Edition har \u00f8kt i Europa: det er derfor\"}]},{\"@type\":\"WebSite\",\"@id\":\"https:\/\/nordnesrepublikken.no\/#website\",\"url\":\"https:\/\/nordnesrepublikken.no\/\",\"name\":\"Nordnesrepublikken\",\"description\":\"Stemmer og Visjoner fra Republikkens Hjerte\",\"publisher\":{\"@id\":\"https:\/\/nordnesrepublikken.no\/#organization\"},\"potentialAction\":[{\"@type\":\"SearchAction\",\"target\":{\"@type\":\"EntryPoint\",\"urlTemplate\":\"https:\/\/nordnesrepublikken.no\/?s={search_term_string}\"},\"query-input\":{\"@type\":\"PropertyValueSpecification\",\"valueRequired\":true,\"valueName\":\"search_term_string\"}}],\"inLanguage\":\"nb-NO\"},{\"@type\":\"Organization\",\"@id\":\"https:\/\/nordnesrepublikken.no\/#organization\",\"name\":\"Nordnesrepublikken\",\"url\":\"https:\/\/nordnesrepublikken.no\/\",\"logo\":{\"@type\":\"ImageObject\",\"inLanguage\":\"nb-NO\",\"@id\":\"https:\/\/nordnesrepublikken.no\/#\/schema\/logo\/image\/\",\"url\":\"https:\/\/nordnesrepublikken.no\/wp-content\/uploads\/2025\/02\/cropped-nordnesrepublikken-2.png\",\"contentUrl\":\"https:\/\/nordnesrepublikken.no\/wp-content\/uploads\/2025\/02\/cropped-nordnesrepublikken-2.png\",\"width\":1248,\"height\":362,\"caption\":\"Nordnesrepublikken\"},\"image\":{\"@id\":\"https:\/\/nordnesrepublikken.no\/#\/schema\/logo\/image\/\"}},{\"@type\":\"Person\",\"@id\":\"https:\/\/nordnesrepublikken.no\/#\/schema\/person\/2e7e81935bab77882fffb79296240ff1\",\"name\":\"Ole Andersen\",\"image\":{\"@type\":\"ImageObject\",\"inLanguage\":\"nb-NO\",\"@id\":\"https:\/\/nordnesrepublikken.no\/#\/schema\/person\/image\/\",\"url\":\"https:\/\/nordnesrepublikken.no\/wp-content\/uploads\/2025\/02\/nordnesrepublikken-2-2-150x150.jpg\",\"contentUrl\":\"https:\/\/nordnesrepublikken.no\/wp-content\/uploads\/2025\/02\/nordnesrepublikken-2-2-150x150.jpg\",\"caption\":\"Ole Andersen\"},\"description\":\"Ettersom jeg vokste opp i Oslo, har jeg alltid v\u00e6rt fascinert av ordenes kraft og deres evne til \u00e5 skape endringer. Etter \u00e5 ha fullf\u00f8rt min utdannelse i kommunikasjon ved Universitetet i Bergen, fikk jeg muligheten til \u00e5 jobbe innen ulike medier, der jeg har s\u00f8kt \u00e5 belyse viktige samfunnssp\u00f8rsm\u00e5l. I dag, som redakt\u00f8r for Nordnesrepublikken, pr\u00f8ver jeg \u00e5 forene min kj\u00e6rlighet for journalistikk med min lidenskap for innovasjon og eventyr.\",\"sameAs\":[\"https:\/\/nordnesrepublikken.no\/\"]}]}<\/script>\n<!-- \/ Yoast SEO plugin. -->","yoast_head_json":{"title":"Prisen p\u00e5 PlayStation 5 Digital Edition har \u00f8kt i Europa: det er derfor - Nordnesrepublikken","robots":{"index":"index","follow":"follow","max-snippet":"max-snippet:-1","max-image-preview":"max-image-preview:large","max-video-preview":"max-video-preview:-1"},"canonical":"https:\/\/nordnesrepublikken.no\/index.php\/2025\/04\/17\/prisen-pa-playstation-5-digital-edition-har-okt-i-europa-det-er-derfor\/","og_locale":"nb_NO","og_type":"article","og_title":"Prisen p\u00e5 PlayStation 5 Digital Edition har \u00f8kt i Europa: det er derfor - Nordnesrepublikken","og_description":"Salgsprisen p\u00e5 PlayStation 5 Digital Editition Av Sony har nylig \u00f8kt 10-15% I flere viktige","og_url":"https:\/\/nordnesrepublikken.no\/index.php\/2025\/04\/17\/prisen-pa-playstation-5-digital-edition-har-okt-i-europa-det-er-derfor\/","og_site_name":"Nordnesrepublikken","article_published_time":"2025-04-17T12:49:56+00:00","article_modified_time":"2025-04-17T12:49:58+00:00","og_image":[{"width":2121,"height":1414,"url":"https:\/\/nordnesrepublikken.no\/wp-content\/uploads\/2025\/04\/1744894196_Prisen-pa-PlayStation-5-Digital-Edition-har-okt-i-Europa.jpg","type":"image\/jpeg"}],"author":"Ole Andersen","twitter_card":"summary_large_image","twitter_misc":{"Skrevet av":"Ole Andersen","Ansl. lesetid":"3 minutter"},"schema":{"@context":"https:\/\/schema.org","@graph":[{"@type":"Article","@id":"https:\/\/nordnesrepublikken.no\/index.php\/2025\/04\/17\/prisen-pa-playstation-5-digital-edition-har-okt-i-europa-det-er-derfor\/#article","isPartOf":{"@id":"https:\/\/nordnesrepublikken.no\/index.php\/2025\/04\/17\/prisen-pa-playstation-5-digital-edition-har-okt-i-europa-det-er-derfor\/"},"author":{"name":"Ole Andersen","@id":"https:\/\/nordnesrepublikken.no\/#\/schema\/person\/2e7e81935bab77882fffb79296240ff1"},"headline":"Prisen p\u00e5 PlayStation 5 Digital Edition har \u00f8kt i Europa: det er derfor","datePublished":"2025-04-17T12:49:56+00:00","dateModified":"2025-04-17T12:49:58+00:00","mainEntityOfPage":{"@id":"https:\/\/nordnesrepublikken.no\/index.php\/2025\/04\/17\/prisen-pa-playstation-5-digital-edition-har-okt-i-europa-det-er-derfor\/"},"wordCount":678,"publisher":{"@id":"https:\/\/nordnesrepublikken.no\/#organization"},"image":{"@id":"https:\/\/nordnesrepublikken.no\/index.php\/2025\/04\/17\/prisen-pa-playstation-5-digital-edition-har-okt-i-europa-det-er-derfor\/#primaryimage"},"thumbnailUrl":"https:\/\/nordnesrepublikken.no\/wp-content\/uploads\/2025\/04\/1744894196_Prisen-pa-PlayStation-5-Digital-Edition-har-okt-i-Europa.jpg","keywords":["derfor","Det","Digital","Edition","Europa","har","\u00f8kt","p\u00e5","PlayStation","prisen"],"articleSection":["Teknologi"],"inLanguage":"nb-NO"},{"@type":"WebPage","@id":"https:\/\/nordnesrepublikken.no\/index.php\/2025\/04\/17\/prisen-pa-playstation-5-digital-edition-har-okt-i-europa-det-er-derfor\/","url":"https:\/\/nordnesrepublikken.no\/index.php\/2025\/04\/17\/prisen-pa-playstation-5-digital-edition-har-okt-i-europa-det-er-derfor\/","name":"Prisen p\u00e5 PlayStation 5 Digital Edition har \u00f8kt i Europa: det er derfor - Nordnesrepublikken","isPartOf":{"@id":"https:\/\/nordnesrepublikken.no\/#website"},"primaryImageOfPage":{"@id":"https:\/\/nordnesrepublikken.no\/index.php\/2025\/04\/17\/prisen-pa-playstation-5-digital-edition-har-okt-i-europa-det-er-derfor\/#primaryimage"},"image":{"@id":"https:\/\/nordnesrepublikken.no\/index.php\/2025\/04\/17\/prisen-pa-playstation-5-digital-edition-har-okt-i-europa-det-er-derfor\/#primaryimage"},"thumbnailUrl":"https:\/\/nordnesrepublikken.no\/wp-content\/uploads\/2025\/04\/1744894196_Prisen-pa-PlayStation-5-Digital-Edition-har-okt-i-Europa.jpg","datePublished":"2025-04-17T12:49:56+00:00","dateModified":"2025-04-17T12:49:58+00:00","breadcrumb":{"@id":"https:\/\/nordnesrepublikken.no\/index.php\/2025\/04\/17\/prisen-pa-playstation-5-digital-edition-har-okt-i-europa-det-er-derfor\/#breadcrumb"},"inLanguage":"nb-NO","potentialAction":[{"@type":"ReadAction","target":["https:\/\/nordnesrepublikken.no\/index.php\/2025\/04\/17\/prisen-pa-playstation-5-digital-edition-har-okt-i-europa-det-er-derfor\/"]}]},{"@type":"ImageObject","inLanguage":"nb-NO","@id":"https:\/\/nordnesrepublikken.no\/index.php\/2025\/04\/17\/prisen-pa-playstation-5-digital-edition-har-okt-i-europa-det-er-derfor\/#primaryimage","url":"https:\/\/nordnesrepublikken.no\/wp-content\/uploads\/2025\/04\/1744894196_Prisen-pa-PlayStation-5-Digital-Edition-har-okt-i-Europa.jpg","contentUrl":"https:\/\/nordnesrepublikken.no\/wp-content\/uploads\/2025\/04\/1744894196_Prisen-pa-PlayStation-5-Digital-Edition-har-okt-i-Europa.jpg","width":2121,"height":1414,"caption":"prezzo PS5"},{"@type":"BreadcrumbList","@id":"https:\/\/nordnesrepublikken.no\/index.php\/2025\/04\/17\/prisen-pa-playstation-5-digital-edition-har-okt-i-europa-det-er-derfor\/#breadcrumb","itemListElement":[{"@type":"ListItem","position":1,"name":"Home","item":"https:\/\/nordnesrepublikken.no\/"},{"@type":"ListItem","position":2,"name":"Prisen p\u00e5 PlayStation 5 Digital Edition har \u00f8kt i Europa: det er derfor"}]},{"@type":"WebSite","@id":"https:\/\/nordnesrepublikken.no\/#website","url":"https:\/\/nordnesrepublikken.no\/","name":"Nordnesrepublikken","description":"Stemmer og Visjoner fra Republikkens Hjerte","publisher":{"@id":"https:\/\/nordnesrepublikken.no\/#organization"},"potentialAction":[{"@type":"SearchAction","target":{"@type":"EntryPoint","urlTemplate":"https:\/\/nordnesrepublikken.no\/?s={search_term_string}"},"query-input":{"@type":"PropertyValueSpecification","valueRequired":true,"valueName":"search_term_string"}}],"inLanguage":"nb-NO"},{"@type":"Organization","@id":"https:\/\/nordnesrepublikken.no\/#organization","name":"Nordnesrepublikken","url":"https:\/\/nordnesrepublikken.no\/","logo":{"@type":"ImageObject","inLanguage":"nb-NO","@id":"https:\/\/nordnesrepublikken.no\/#\/schema\/logo\/image\/","url":"https:\/\/nordnesrepublikken.no\/wp-content\/uploads\/2025\/02\/cropped-nordnesrepublikken-2.png","contentUrl":"https:\/\/nordnesrepublikken.no\/wp-content\/uploads\/2025\/02\/cropped-nordnesrepublikken-2.png","width":1248,"height":362,"caption":"Nordnesrepublikken"},"image":{"@id":"https:\/\/nordnesrepublikken.no\/#\/schema\/logo\/image\/"}},{"@type":"Person","@id":"https:\/\/nordnesrepublikken.no\/#\/schema\/person\/2e7e81935bab77882fffb79296240ff1","name":"Ole Andersen","image":{"@type":"ImageObject","inLanguage":"nb-NO","@id":"https:\/\/nordnesrepublikken.no\/#\/schema\/person\/image\/","url":"https:\/\/nordnesrepublikken.no\/wp-content\/uploads\/2025\/02\/nordnesrepublikken-2-2-150x150.jpg","contentUrl":"https:\/\/nordnesrepublikken.no\/wp-content\/uploads\/2025\/02\/nordnesrepublikken-2-2-150x150.jpg","caption":"Ole Andersen"},"description":"Ettersom jeg vokste opp i Oslo, har jeg alltid v\u00e6rt fascinert av ordenes kraft og deres evne til \u00e5 skape endringer. Etter \u00e5 ha fullf\u00f8rt min utdannelse i kommunikasjon ved Universitetet i Bergen, fikk jeg muligheten til \u00e5 jobbe innen ulike medier, der jeg har s\u00f8kt \u00e5 belyse viktige samfunnssp\u00f8rsm\u00e5l. I dag, som redakt\u00f8r for Nordnesrepublikken, pr\u00f8ver jeg \u00e5 forene min kj\u00e6rlighet for journalistikk med min lidenskap for innovasjon og eventyr.","sameAs":["https:\/\/nordnesrepublikken.no\/"]}]}},"_links":{"self":[{"href":"https:\/\/nordnesrepublikken.no\/index.php\/wp-json\/wp\/v2\/posts\/3449","targetHints":{"allow":["GET"]}}],"collection":[{"href":"https:\/\/nordnesrepublikken.no\/index.php\/wp-json\/wp\/v2\/posts"}],"about":[{"href":"https:\/\/nordnesrepublikken.no\/index.php\/wp-json\/wp\/v2\/types\/post"}],"author":[{"embeddable":true,"href":"https:\/\/nordnesrepublikken.no\/index.php\/wp-json\/wp\/v2\/users\/1"}],"replies":[{"embeddable":true,"href":"https:\/\/nordnesrepublikken.no\/index.php\/wp-json\/wp\/v2\/comments?post=3449"}],"version-history":[{"count":1,"href":"https:\/\/nordnesrepublikken.no\/index.php\/wp-json\/wp\/v2\/posts\/3449\/revisions"}],"predecessor-version":[{"id":3451,"href":"https:\/\/nordnesrepublikken.no\/index.php\/wp-json\/wp\/v2\/posts\/3449\/revisions\/3451"}],"wp:featuredmedia":[{"embeddable":true,"href":"https:\/\/nordnesrepublikken.no\/index.php\/wp-json\/wp\/v2\/media\/3450"}],"wp:attachment":[{"href":"https:\/\/nordnesrepublikken.no\/index.php\/wp-json\/wp\/v2\/media?parent=3449"}],"wp:term":[{"taxonomy":"category","embeddable":true,"href":"https:\/\/nordnesrepublikken.no\/index.php\/wp-json\/wp\/v2\/categories?post=3449"},{"taxonomy":"post_tag","embeddable":true,"href":"https:\/\/nordnesrepublikken.no\/index.php\/wp-json\/wp\/v2\/tags?post=3449"}],"curies":[{"name":"wp","href":"https:\/\/api.w.org\/{rel}","templated":true}]}}