{"id":3427,"date":"2025-04-16T23:50:14","date_gmt":"2025-04-16T21:50:14","guid":{"rendered":"https:\/\/nordnesrepublikken.no\/index.php\/2025\/04\/16\/hvordan-vil-fremtidens-verden-vaere-en-reise-mellom-ai-baerekraft-og-romfart\/"},"modified":"2025-04-16T23:50:16","modified_gmt":"2025-04-16T21:50:16","slug":"hvordan-vil-fremtidens-verden-vaere-en-reise-mellom-ai-baerekraft-og-romfart","status":"publish","type":"post","link":"https:\/\/nordnesrepublikken.no\/index.php\/2025\/04\/16\/hvordan-vil-fremtidens-verden-vaere-en-reise-mellom-ai-baerekraft-og-romfart\/","title":{"rendered":"Hvordan vil fremtidens verden v\u00e6re? En reise mellom AI, b\u00e6rekraft og romfart"},"content":{"rendered":"<div>\n<div class=\"cp_wrapper cp_wrapper--fw mb-30 mb-20@tablet\">\n<figure class=\"mm\"><picture class=\"img\" style=\"padding-top:56.25%\"><source  media=\"(min-width: 1024px)\"><source  media=\"(min-width: 768px)\"><\/source><\/source><\/picture><\/figure>\n<\/p><\/div>\n<p><strong>Hvordan vil fremtidens verden v\u00e6re?<\/strong> Dette er sp\u00f8rsm\u00e5let i sentrum for arrangementet dedikert til unge elever og elever p\u00e5 videreg\u00e5ende skole <em>Leonardo da Vinci<\/em> og av Falk Institute of Cologno Monzese og organisert av Cem Ambiente L<strong>&#8217;11 april<\/strong>. M\u00e5let var \u00e5 fortelle et selskap i konstant evolusjon: fra kunstig intelligens til b\u00e6rekraftig turisme, fra morgendagens mat til rask mote. Hver gjest har tilbudt sitt eget perspektiv p\u00e5 et stort spekter av temaer som teknologi, milj\u00f8, samfunn og inkludering.<\/p>\n<p>M\u00f8tet \u00e5pnet med et nysgjerrig blikk p\u00e5 hvordan fremtiden ble forestilt i fortiden, for eksempel innenlandske roboter, prototyper av elbiler og skoler med et telepatisk undervisningssystem. Noen av disse oppfinnelsene i dag kan f\u00e5 oss til \u00e5 smile, mens andre faktisk har blitt virkelighet, for eksempel kunstig intelligens. Bare AI var hovedpersonen i den f\u00f8rste intervensjonen, takket v\u00e6re journalisten <strong>Alberto<\/strong> <strong>Puliaphy<\/strong> (faktisk til avataren hans!) Og l\u00e6reren <strong>Gianluigi Bonanomi<\/strong>som har utforsket forholdet &#8211; fremdeles skal bygges &#8211; mellom AI og skole.<\/p>\n<p>Fra da av, et kalejdoskop av temaer: <strong>Gr\u00f8nn h\u00f8ytider<\/strong> Og <strong>parker<\/strong> <strong>Akvatisk<\/strong> b\u00e6rekraftig, <strong>lyd<\/strong> skjult av mat, den (mulige) fremtiden til <strong>insekter<\/strong> i oppvasken v\u00e5r, og den inkluderende opplevelsen av <strong>Pizzaut.<\/strong> Uten \u00e5 glemme den kontroversielle siden av <strong>Rask mote,<\/strong> Kampen mot plast, f\u00f8lelser som p\u00e5virker milj\u00f8valg og til slutt det store romlige sp\u00f8rsm\u00e5let: Vil vi noen gang ankomme Mars?<\/p>\n<p>En hendelse designet for \u00e5 stimulere sp\u00f8rsm\u00e5l i stedet for \u00e5 gi svar, med et klart m\u00e5l: \u00e5 forberede de nye generasjonene til \u00e5 bli klar over de bevisste hovedpersonene i verden som vil komme.<\/p>\n<\/p><\/div>\n","protected":false},"excerpt":{"rendered":"<p>Hvordan vil fremtidens verden v\u00e6re? Dette er sp\u00f8rsm\u00e5let i sentrum for arrangementet dedikert til unge<\/p>\n","protected":false},"author":1,"featured_media":3428,"comment_status":"closed","ping_status":"open","sticky":false,"template":"","format":"standard","meta":{"footnotes":""},"categories":[104],"tags":[1276,1275,112,212,169,1277,290,598,149],"class_list":["post-3427","post","type-post","status-publish","format-standard","has-post-thumbnail","hentry","category-samfunn","tag-baerekraft","tag-fremtidens","tag-hvordan","tag-mellom","tag-reise","tag-romfart","tag-vaere","tag-verden","tag-vil","generate-columns","tablet-grid-50","mobile-grid-100","grid-parent","grid-33","resize-featured-image"],"yoast_head":"<!-- This site is optimized with the Yoast SEO plugin v24.4 - https:\/\/yoast.com\/wordpress\/plugins\/seo\/ -->\n<title>Hvordan vil fremtidens verden v\u00e6re? En reise mellom AI, b\u00e6rekraft og romfart - Nordnesrepublikken<\/title>\n<meta name=\"robots\" content=\"index, follow, max-snippet:-1, max-image-preview:large, max-video-preview:-1\" \/>\n<link rel=\"canonical\" href=\"https:\/\/nordnesrepublikken.no\/index.php\/2025\/04\/16\/hvordan-vil-fremtidens-verden-vaere-en-reise-mellom-ai-baerekraft-og-romfart\/\" \/>\n<meta property=\"og:locale\" content=\"nb_NO\" \/>\n<meta property=\"og:type\" content=\"article\" \/>\n<meta property=\"og:title\" content=\"Hvordan vil fremtidens verden v\u00e6re? En reise mellom AI, b\u00e6rekraft og romfart - Nordnesrepublikken\" \/>\n<meta property=\"og:description\" content=\"Hvordan vil fremtidens verden v\u00e6re? Dette er sp\u00f8rsm\u00e5let i sentrum for arrangementet dedikert til unge\" \/>\n<meta property=\"og:url\" content=\"https:\/\/nordnesrepublikken.no\/index.php\/2025\/04\/16\/hvordan-vil-fremtidens-verden-vaere-en-reise-mellom-ai-baerekraft-og-romfart\/\" \/>\n<meta property=\"og:site_name\" content=\"Nordnesrepublikken\" \/>\n<meta property=\"article:published_time\" content=\"2025-04-16T21:50:14+00:00\" \/>\n<meta property=\"article:modified_time\" content=\"2025-04-16T21:50:16+00:00\" \/>\n<meta property=\"og:image\" content=\"https:\/\/nordnesrepublikken.no\/wp-content\/uploads\/2025\/04\/1744840214_Hvordan-vil-fremtidens-verden-vaere-En-reise-mellom-AI-baerekraft.jpg\" \/>\n\t<meta property=\"og:image:width\" content=\"2549\" \/>\n\t<meta property=\"og:image:height\" content=\"1491\" \/>\n\t<meta property=\"og:image:type\" content=\"image\/jpeg\" \/>\n<meta name=\"author\" content=\"Ole Andersen\" \/>\n<meta name=\"twitter:card\" content=\"summary_large_image\" \/>\n<meta name=\"twitter:label1\" content=\"Skrevet av\" \/>\n\t<meta name=\"twitter:data1\" content=\"Ole Andersen\" \/>\n\t<meta name=\"twitter:label2\" content=\"Ansl. lesetid\" \/>\n\t<meta name=\"twitter:data2\" content=\"1 minutt\" \/>\n<script type=\"application\/ld+json\" class=\"yoast-schema-graph\">{\"@context\":\"https:\/\/schema.org\",\"@graph\":[{\"@type\":\"Article\",\"@id\":\"https:\/\/nordnesrepublikken.no\/index.php\/2025\/04\/16\/hvordan-vil-fremtidens-verden-vaere-en-reise-mellom-ai-baerekraft-og-romfart\/#article\",\"isPartOf\":{\"@id\":\"https:\/\/nordnesrepublikken.no\/index.php\/2025\/04\/16\/hvordan-vil-fremtidens-verden-vaere-en-reise-mellom-ai-baerekraft-og-romfart\/\"},\"author\":{\"name\":\"Ole Andersen\",\"@id\":\"https:\/\/nordnesrepublikken.no\/#\/schema\/person\/2e7e81935bab77882fffb79296240ff1\"},\"headline\":\"Hvordan vil fremtidens verden v\u00e6re? En reise mellom AI, b\u00e6rekraft og romfart\",\"datePublished\":\"2025-04-16T21:50:14+00:00\",\"dateModified\":\"2025-04-16T21:50:16+00:00\",\"mainEntityOfPage\":{\"@id\":\"https:\/\/nordnesrepublikken.no\/index.php\/2025\/04\/16\/hvordan-vil-fremtidens-verden-vaere-en-reise-mellom-ai-baerekraft-og-romfart\/\"},\"wordCount\":283,\"publisher\":{\"@id\":\"https:\/\/nordnesrepublikken.no\/#organization\"},\"image\":{\"@id\":\"https:\/\/nordnesrepublikken.no\/index.php\/2025\/04\/16\/hvordan-vil-fremtidens-verden-vaere-en-reise-mellom-ai-baerekraft-og-romfart\/#primaryimage\"},\"thumbnailUrl\":\"https:\/\/nordnesrepublikken.no\/wp-content\/uploads\/2025\/04\/1744840214_Hvordan-vil-fremtidens-verden-vaere-En-reise-mellom-AI-baerekraft.jpg\",\"keywords\":[\"b\u00e6rekraft\",\"fremtidens\",\"Hvordan\",\"mellom\",\"reise\",\"romfart\",\"v\u00e6re\",\"verden\",\"vil\"],\"articleSection\":[\"Samfunn\"],\"inLanguage\":\"nb-NO\"},{\"@type\":\"WebPage\",\"@id\":\"https:\/\/nordnesrepublikken.no\/index.php\/2025\/04\/16\/hvordan-vil-fremtidens-verden-vaere-en-reise-mellom-ai-baerekraft-og-romfart\/\",\"url\":\"https:\/\/nordnesrepublikken.no\/index.php\/2025\/04\/16\/hvordan-vil-fremtidens-verden-vaere-en-reise-mellom-ai-baerekraft-og-romfart\/\",\"name\":\"Hvordan vil fremtidens verden v\u00e6re? En reise mellom AI, b\u00e6rekraft og romfart - Nordnesrepublikken\",\"isPartOf\":{\"@id\":\"https:\/\/nordnesrepublikken.no\/#website\"},\"primaryImageOfPage\":{\"@id\":\"https:\/\/nordnesrepublikken.no\/index.php\/2025\/04\/16\/hvordan-vil-fremtidens-verden-vaere-en-reise-mellom-ai-baerekraft-og-romfart\/#primaryimage\"},\"image\":{\"@id\":\"https:\/\/nordnesrepublikken.no\/index.php\/2025\/04\/16\/hvordan-vil-fremtidens-verden-vaere-en-reise-mellom-ai-baerekraft-og-romfart\/#primaryimage\"},\"thumbnailUrl\":\"https:\/\/nordnesrepublikken.no\/wp-content\/uploads\/2025\/04\/1744840214_Hvordan-vil-fremtidens-verden-vaere-En-reise-mellom-AI-baerekraft.jpg\",\"datePublished\":\"2025-04-16T21:50:14+00:00\",\"dateModified\":\"2025-04-16T21:50:16+00:00\",\"breadcrumb\":{\"@id\":\"https:\/\/nordnesrepublikken.no\/index.php\/2025\/04\/16\/hvordan-vil-fremtidens-verden-vaere-en-reise-mellom-ai-baerekraft-og-romfart\/#breadcrumb\"},\"inLanguage\":\"nb-NO\",\"potentialAction\":[{\"@type\":\"ReadAction\",\"target\":[\"https:\/\/nordnesrepublikken.no\/index.php\/2025\/04\/16\/hvordan-vil-fremtidens-verden-vaere-en-reise-mellom-ai-baerekraft-og-romfart\/\"]}]},{\"@type\":\"ImageObject\",\"inLanguage\":\"nb-NO\",\"@id\":\"https:\/\/nordnesrepublikken.no\/index.php\/2025\/04\/16\/hvordan-vil-fremtidens-verden-vaere-en-reise-mellom-ai-baerekraft-og-romfart\/#primaryimage\",\"url\":\"https:\/\/nordnesrepublikken.no\/wp-content\/uploads\/2025\/04\/1744840214_Hvordan-vil-fremtidens-verden-vaere-En-reise-mellom-AI-baerekraft.jpg\",\"contentUrl\":\"https:\/\/nordnesrepublikken.no\/wp-content\/uploads\/2025\/04\/1744840214_Hvordan-vil-fremtidens-verden-vaere-En-reise-mellom-AI-baerekraft.jpg\",\"width\":2549,\"height\":1491,\"caption\":\"Immagine\"},{\"@type\":\"BreadcrumbList\",\"@id\":\"https:\/\/nordnesrepublikken.no\/index.php\/2025\/04\/16\/hvordan-vil-fremtidens-verden-vaere-en-reise-mellom-ai-baerekraft-og-romfart\/#breadcrumb\",\"itemListElement\":[{\"@type\":\"ListItem\",\"position\":1,\"name\":\"Home\",\"item\":\"https:\/\/nordnesrepublikken.no\/\"},{\"@type\":\"ListItem\",\"position\":2,\"name\":\"Hvordan vil fremtidens verden v\u00e6re? En reise mellom AI, b\u00e6rekraft og romfart\"}]},{\"@type\":\"WebSite\",\"@id\":\"https:\/\/nordnesrepublikken.no\/#website\",\"url\":\"https:\/\/nordnesrepublikken.no\/\",\"name\":\"Nordnesrepublikken\",\"description\":\"Stemmer og Visjoner fra Republikkens Hjerte\",\"publisher\":{\"@id\":\"https:\/\/nordnesrepublikken.no\/#organization\"},\"potentialAction\":[{\"@type\":\"SearchAction\",\"target\":{\"@type\":\"EntryPoint\",\"urlTemplate\":\"https:\/\/nordnesrepublikken.no\/?s={search_term_string}\"},\"query-input\":{\"@type\":\"PropertyValueSpecification\",\"valueRequired\":true,\"valueName\":\"search_term_string\"}}],\"inLanguage\":\"nb-NO\"},{\"@type\":\"Organization\",\"@id\":\"https:\/\/nordnesrepublikken.no\/#organization\",\"name\":\"Nordnesrepublikken\",\"url\":\"https:\/\/nordnesrepublikken.no\/\",\"logo\":{\"@type\":\"ImageObject\",\"inLanguage\":\"nb-NO\",\"@id\":\"https:\/\/nordnesrepublikken.no\/#\/schema\/logo\/image\/\",\"url\":\"https:\/\/nordnesrepublikken.no\/wp-content\/uploads\/2025\/02\/cropped-nordnesrepublikken-2.png\",\"contentUrl\":\"https:\/\/nordnesrepublikken.no\/wp-content\/uploads\/2025\/02\/cropped-nordnesrepublikken-2.png\",\"width\":1248,\"height\":362,\"caption\":\"Nordnesrepublikken\"},\"image\":{\"@id\":\"https:\/\/nordnesrepublikken.no\/#\/schema\/logo\/image\/\"}},{\"@type\":\"Person\",\"@id\":\"https:\/\/nordnesrepublikken.no\/#\/schema\/person\/2e7e81935bab77882fffb79296240ff1\",\"name\":\"Ole Andersen\",\"image\":{\"@type\":\"ImageObject\",\"inLanguage\":\"nb-NO\",\"@id\":\"https:\/\/nordnesrepublikken.no\/#\/schema\/person\/image\/\",\"url\":\"https:\/\/nordnesrepublikken.no\/wp-content\/uploads\/2025\/02\/nordnesrepublikken-2-2-150x150.jpg\",\"contentUrl\":\"https:\/\/nordnesrepublikken.no\/wp-content\/uploads\/2025\/02\/nordnesrepublikken-2-2-150x150.jpg\",\"caption\":\"Ole Andersen\"},\"description\":\"Ettersom jeg vokste opp i Oslo, har jeg alltid v\u00e6rt fascinert av ordenes kraft og deres evne til \u00e5 skape endringer. Etter \u00e5 ha fullf\u00f8rt min utdannelse i kommunikasjon ved Universitetet i Bergen, fikk jeg muligheten til \u00e5 jobbe innen ulike medier, der jeg har s\u00f8kt \u00e5 belyse viktige samfunnssp\u00f8rsm\u00e5l. I dag, som redakt\u00f8r for Nordnesrepublikken, pr\u00f8ver jeg \u00e5 forene min kj\u00e6rlighet for journalistikk med min lidenskap for innovasjon og eventyr.\",\"sameAs\":[\"https:\/\/nordnesrepublikken.no\/\"]}]}<\/script>\n<!-- \/ Yoast SEO plugin. -->","yoast_head_json":{"title":"Hvordan vil fremtidens verden v\u00e6re? En reise mellom AI, b\u00e6rekraft og romfart - Nordnesrepublikken","robots":{"index":"index","follow":"follow","max-snippet":"max-snippet:-1","max-image-preview":"max-image-preview:large","max-video-preview":"max-video-preview:-1"},"canonical":"https:\/\/nordnesrepublikken.no\/index.php\/2025\/04\/16\/hvordan-vil-fremtidens-verden-vaere-en-reise-mellom-ai-baerekraft-og-romfart\/","og_locale":"nb_NO","og_type":"article","og_title":"Hvordan vil fremtidens verden v\u00e6re? En reise mellom AI, b\u00e6rekraft og romfart - Nordnesrepublikken","og_description":"Hvordan vil fremtidens verden v\u00e6re? Dette er sp\u00f8rsm\u00e5let i sentrum for arrangementet dedikert til unge","og_url":"https:\/\/nordnesrepublikken.no\/index.php\/2025\/04\/16\/hvordan-vil-fremtidens-verden-vaere-en-reise-mellom-ai-baerekraft-og-romfart\/","og_site_name":"Nordnesrepublikken","article_published_time":"2025-04-16T21:50:14+00:00","article_modified_time":"2025-04-16T21:50:16+00:00","og_image":[{"width":2549,"height":1491,"url":"https:\/\/nordnesrepublikken.no\/wp-content\/uploads\/2025\/04\/1744840214_Hvordan-vil-fremtidens-verden-vaere-En-reise-mellom-AI-baerekraft.jpg","type":"image\/jpeg"}],"author":"Ole Andersen","twitter_card":"summary_large_image","twitter_misc":{"Skrevet av":"Ole Andersen","Ansl. lesetid":"1 minutt"},"schema":{"@context":"https:\/\/schema.org","@graph":[{"@type":"Article","@id":"https:\/\/nordnesrepublikken.no\/index.php\/2025\/04\/16\/hvordan-vil-fremtidens-verden-vaere-en-reise-mellom-ai-baerekraft-og-romfart\/#article","isPartOf":{"@id":"https:\/\/nordnesrepublikken.no\/index.php\/2025\/04\/16\/hvordan-vil-fremtidens-verden-vaere-en-reise-mellom-ai-baerekraft-og-romfart\/"},"author":{"name":"Ole Andersen","@id":"https:\/\/nordnesrepublikken.no\/#\/schema\/person\/2e7e81935bab77882fffb79296240ff1"},"headline":"Hvordan vil fremtidens verden v\u00e6re? En reise mellom AI, b\u00e6rekraft og romfart","datePublished":"2025-04-16T21:50:14+00:00","dateModified":"2025-04-16T21:50:16+00:00","mainEntityOfPage":{"@id":"https:\/\/nordnesrepublikken.no\/index.php\/2025\/04\/16\/hvordan-vil-fremtidens-verden-vaere-en-reise-mellom-ai-baerekraft-og-romfart\/"},"wordCount":283,"publisher":{"@id":"https:\/\/nordnesrepublikken.no\/#organization"},"image":{"@id":"https:\/\/nordnesrepublikken.no\/index.php\/2025\/04\/16\/hvordan-vil-fremtidens-verden-vaere-en-reise-mellom-ai-baerekraft-og-romfart\/#primaryimage"},"thumbnailUrl":"https:\/\/nordnesrepublikken.no\/wp-content\/uploads\/2025\/04\/1744840214_Hvordan-vil-fremtidens-verden-vaere-En-reise-mellom-AI-baerekraft.jpg","keywords":["b\u00e6rekraft","fremtidens","Hvordan","mellom","reise","romfart","v\u00e6re","verden","vil"],"articleSection":["Samfunn"],"inLanguage":"nb-NO"},{"@type":"WebPage","@id":"https:\/\/nordnesrepublikken.no\/index.php\/2025\/04\/16\/hvordan-vil-fremtidens-verden-vaere-en-reise-mellom-ai-baerekraft-og-romfart\/","url":"https:\/\/nordnesrepublikken.no\/index.php\/2025\/04\/16\/hvordan-vil-fremtidens-verden-vaere-en-reise-mellom-ai-baerekraft-og-romfart\/","name":"Hvordan vil fremtidens verden v\u00e6re? En reise mellom AI, b\u00e6rekraft og romfart - Nordnesrepublikken","isPartOf":{"@id":"https:\/\/nordnesrepublikken.no\/#website"},"primaryImageOfPage":{"@id":"https:\/\/nordnesrepublikken.no\/index.php\/2025\/04\/16\/hvordan-vil-fremtidens-verden-vaere-en-reise-mellom-ai-baerekraft-og-romfart\/#primaryimage"},"image":{"@id":"https:\/\/nordnesrepublikken.no\/index.php\/2025\/04\/16\/hvordan-vil-fremtidens-verden-vaere-en-reise-mellom-ai-baerekraft-og-romfart\/#primaryimage"},"thumbnailUrl":"https:\/\/nordnesrepublikken.no\/wp-content\/uploads\/2025\/04\/1744840214_Hvordan-vil-fremtidens-verden-vaere-En-reise-mellom-AI-baerekraft.jpg","datePublished":"2025-04-16T21:50:14+00:00","dateModified":"2025-04-16T21:50:16+00:00","breadcrumb":{"@id":"https:\/\/nordnesrepublikken.no\/index.php\/2025\/04\/16\/hvordan-vil-fremtidens-verden-vaere-en-reise-mellom-ai-baerekraft-og-romfart\/#breadcrumb"},"inLanguage":"nb-NO","potentialAction":[{"@type":"ReadAction","target":["https:\/\/nordnesrepublikken.no\/index.php\/2025\/04\/16\/hvordan-vil-fremtidens-verden-vaere-en-reise-mellom-ai-baerekraft-og-romfart\/"]}]},{"@type":"ImageObject","inLanguage":"nb-NO","@id":"https:\/\/nordnesrepublikken.no\/index.php\/2025\/04\/16\/hvordan-vil-fremtidens-verden-vaere-en-reise-mellom-ai-baerekraft-og-romfart\/#primaryimage","url":"https:\/\/nordnesrepublikken.no\/wp-content\/uploads\/2025\/04\/1744840214_Hvordan-vil-fremtidens-verden-vaere-En-reise-mellom-AI-baerekraft.jpg","contentUrl":"https:\/\/nordnesrepublikken.no\/wp-content\/uploads\/2025\/04\/1744840214_Hvordan-vil-fremtidens-verden-vaere-En-reise-mellom-AI-baerekraft.jpg","width":2549,"height":1491,"caption":"Immagine"},{"@type":"BreadcrumbList","@id":"https:\/\/nordnesrepublikken.no\/index.php\/2025\/04\/16\/hvordan-vil-fremtidens-verden-vaere-en-reise-mellom-ai-baerekraft-og-romfart\/#breadcrumb","itemListElement":[{"@type":"ListItem","position":1,"name":"Home","item":"https:\/\/nordnesrepublikken.no\/"},{"@type":"ListItem","position":2,"name":"Hvordan vil fremtidens verden v\u00e6re? En reise mellom AI, b\u00e6rekraft og romfart"}]},{"@type":"WebSite","@id":"https:\/\/nordnesrepublikken.no\/#website","url":"https:\/\/nordnesrepublikken.no\/","name":"Nordnesrepublikken","description":"Stemmer og Visjoner fra Republikkens Hjerte","publisher":{"@id":"https:\/\/nordnesrepublikken.no\/#organization"},"potentialAction":[{"@type":"SearchAction","target":{"@type":"EntryPoint","urlTemplate":"https:\/\/nordnesrepublikken.no\/?s={search_term_string}"},"query-input":{"@type":"PropertyValueSpecification","valueRequired":true,"valueName":"search_term_string"}}],"inLanguage":"nb-NO"},{"@type":"Organization","@id":"https:\/\/nordnesrepublikken.no\/#organization","name":"Nordnesrepublikken","url":"https:\/\/nordnesrepublikken.no\/","logo":{"@type":"ImageObject","inLanguage":"nb-NO","@id":"https:\/\/nordnesrepublikken.no\/#\/schema\/logo\/image\/","url":"https:\/\/nordnesrepublikken.no\/wp-content\/uploads\/2025\/02\/cropped-nordnesrepublikken-2.png","contentUrl":"https:\/\/nordnesrepublikken.no\/wp-content\/uploads\/2025\/02\/cropped-nordnesrepublikken-2.png","width":1248,"height":362,"caption":"Nordnesrepublikken"},"image":{"@id":"https:\/\/nordnesrepublikken.no\/#\/schema\/logo\/image\/"}},{"@type":"Person","@id":"https:\/\/nordnesrepublikken.no\/#\/schema\/person\/2e7e81935bab77882fffb79296240ff1","name":"Ole Andersen","image":{"@type":"ImageObject","inLanguage":"nb-NO","@id":"https:\/\/nordnesrepublikken.no\/#\/schema\/person\/image\/","url":"https:\/\/nordnesrepublikken.no\/wp-content\/uploads\/2025\/02\/nordnesrepublikken-2-2-150x150.jpg","contentUrl":"https:\/\/nordnesrepublikken.no\/wp-content\/uploads\/2025\/02\/nordnesrepublikken-2-2-150x150.jpg","caption":"Ole Andersen"},"description":"Ettersom jeg vokste opp i Oslo, har jeg alltid v\u00e6rt fascinert av ordenes kraft og deres evne til \u00e5 skape endringer. Etter \u00e5 ha fullf\u00f8rt min utdannelse i kommunikasjon ved Universitetet i Bergen, fikk jeg muligheten til \u00e5 jobbe innen ulike medier, der jeg har s\u00f8kt \u00e5 belyse viktige samfunnssp\u00f8rsm\u00e5l. I dag, som redakt\u00f8r for Nordnesrepublikken, pr\u00f8ver jeg \u00e5 forene min kj\u00e6rlighet for journalistikk med min lidenskap for innovasjon og eventyr.","sameAs":["https:\/\/nordnesrepublikken.no\/"]}]}},"_links":{"self":[{"href":"https:\/\/nordnesrepublikken.no\/index.php\/wp-json\/wp\/v2\/posts\/3427","targetHints":{"allow":["GET"]}}],"collection":[{"href":"https:\/\/nordnesrepublikken.no\/index.php\/wp-json\/wp\/v2\/posts"}],"about":[{"href":"https:\/\/nordnesrepublikken.no\/index.php\/wp-json\/wp\/v2\/types\/post"}],"author":[{"embeddable":true,"href":"https:\/\/nordnesrepublikken.no\/index.php\/wp-json\/wp\/v2\/users\/1"}],"replies":[{"embeddable":true,"href":"https:\/\/nordnesrepublikken.no\/index.php\/wp-json\/wp\/v2\/comments?post=3427"}],"version-history":[{"count":1,"href":"https:\/\/nordnesrepublikken.no\/index.php\/wp-json\/wp\/v2\/posts\/3427\/revisions"}],"predecessor-version":[{"id":3429,"href":"https:\/\/nordnesrepublikken.no\/index.php\/wp-json\/wp\/v2\/posts\/3427\/revisions\/3429"}],"wp:featuredmedia":[{"embeddable":true,"href":"https:\/\/nordnesrepublikken.no\/index.php\/wp-json\/wp\/v2\/media\/3428"}],"wp:attachment":[{"href":"https:\/\/nordnesrepublikken.no\/index.php\/wp-json\/wp\/v2\/media?parent=3427"}],"wp:term":[{"taxonomy":"category","embeddable":true,"href":"https:\/\/nordnesrepublikken.no\/index.php\/wp-json\/wp\/v2\/categories?post=3427"},{"taxonomy":"post_tag","embeddable":true,"href":"https:\/\/nordnesrepublikken.no\/index.php\/wp-json\/wp\/v2\/tags?post=3427"}],"curies":[{"name":"wp","href":"https:\/\/api.w.org\/{rel}","templated":true}]}}