{"id":3413,"date":"2025-04-16T14:49:59","date_gmt":"2025-04-16T12:49:59","guid":{"rendered":"https:\/\/nordnesrepublikken.no\/index.php\/2025\/04\/16\/aeret-menneskelige-ofre-i-theotihuacan-stil\/"},"modified":"2025-04-16T14:50:08","modified_gmt":"2025-04-16T12:50:08","slug":"aeret-menneskelige-ofre-i-theotihuacan-stil","status":"publish","type":"post","link":"https:\/\/nordnesrepublikken.no\/index.php\/2025\/04\/16\/aeret-menneskelige-ofre-i-theotihuacan-stil\/","title":{"rendered":"\u00c6ret menneskelige ofre i Theotihuacan -stil"},"content":{"rendered":"<div>\n<div class=\"cp_wrapper cp_wrapper--fw mb-30 mb-20@tablet\">\n<figure class=\"mm\"><picture class=\"img\" style=\"padding-top:56.25%\"><source  media=\"(min-width: 1024px)\"><source  media=\"(min-width: 768px)\"><\/source><\/source><\/picture><\/figure>\n<\/p><\/div>\n<p>I et urban boligkompleks som dateres tilbake til det 4. \u00e5rhundre e.Kr. midt i jungelen av <strong>Guatemala<\/strong>fant arkeologer <strong>Et gammelt alter <\/strong>Spesielt rik p\u00e5 dekorasjoner som tydelig skiller seg fra de estetiske og konstruktive modellene som er typiske for maya -tradisjonen. I f\u00f8lge teamet som gjorde oppdagelsen, ble alteret brukt til <strong>ofre, <\/strong>&laquo;&raquo;<strong>Spesielt av barn<\/strong>&laquo;: <strong>Lorena Paiz<\/strong>Arkeologen i spissen for den utforskende ekspedisjonen bekreftet dette fradraget til Associated Press, fordi restene av tre barn i alderen som ikke var over 4 \u00e5r, ble funnet p\u00e5 tre sider av alteret.<\/p>\n<p>Oppdagelsen, som fant sted i byen <strong>Tikal<\/strong>ble nylig publisert i magasinet <em>Antikken<\/em>og kunne omskrive historien om forholdet mellom den gamle Maya -sivilisasjonen og de sentrale Mexico. Lenge f\u00f8r den aztekiske sivilisasjonen, som blomstret mellom det trettende og sekstende \u00e5rhundre, ble sentrale Mexico faktisk dominert av den mektige byen <strong>Teotihuacan<\/strong>fremdeles kjent i dag for st\u00f8rrelsen p\u00e5 hans <strong>pyramider<\/strong>.<\/p>\n<div class=\"cp_wrapper cp_wrapper--fw mb-50\">\n<figure class=\"mm\"><picture class=\"img\" style=\"padding-top:147.89473684211%\"><source  media=\"(min-width: 1024px)\"><source  media=\"(min-width: 768px)\"><img decoding=\"async\" loading=\"lazy\" src=\"https:\/\/nordnesrepublikken.no\/wp-content\/uploads\/2025\/04\/1744807798_266_AEret-menneskelige-ofre-i-Theotihuacan-stil.jpg\" alt=\"Bilde\" width=\"1520\" height=\"2248\"><\/source><\/source><\/picture><\/figure>\n<\/p><\/div>\n<p>Byen Tikal var en av de viktigste blant dem som ble grunnlagt av mayaene. F\u00f8r den n\u00e5dde sin maksimale prakt <strong>I andre halvdel av det f\u00f8rste \u00e5rtusenet<\/strong>antok historikere at senteret hadde havnet innenfor den politiske bane i byen <strong>Teotihuacan<\/strong>som p\u00e5 den tiden dominerte plat\u00e5et til det sentrale Mexico, mer enn 1200 km unna. Fortsatt i dag <strong>Vi vet ikke hvilke folk som valgte Teotihuacan som hovedstad<\/strong>ogs\u00e5 fordi navnet vi kjenner det i dag ble gitt av aztekerne til byen i \u00f8delegger mange \u00e5rhundrer senere.<\/p>\n<p>En amerikansk-fengslet forskningsgruppe som refererer til forskjellige amerikanske universiteter og den arkeologiske parken til Tikal har nylig publisert resultatene av <strong>Ny arkeologisk forskning<\/strong> som ser ut til \u00e5 st\u00f8tte teorien om en <strong>Sterk innblanding av Teotihuacan<\/strong> I det politiske livet til Mayan of Tikal. I et boligbygg i byen, datert til det 4. \u00e5rhundre. d. C., arkeologer har funnet et veldig forseggjort alter, som <strong>Han l\u00f8sner seg sterkt fra de kunstneriske og arkitektoniske kanonene i Maya -sivilisasjonen<\/strong>i et milj\u00f8 som var <strong>bevisst under jorden og deretter glemt<\/strong>.<\/p>\n<div class=\"cp_wrapper cp_wrapper--fw mb-50\">\n<figure class=\"mm\"><picture class=\"img\" style=\"padding-top:166.015625%\"><source  media=\"(min-width: 1024px)\"><source  media=\"(min-width: 768px)\"><img decoding=\"async\" loading=\"lazy\" src=\"https:\/\/nordnesrepublikken.no\/wp-content\/uploads\/2025\/04\/1744807799_254_AEret-menneskelige-ofre-i-Theotihuacan-stil.jpg\" alt=\"Bilde\" width=\"768\" height=\"1275\" class=\"js-seedtag-img\"><\/source><\/source><\/picture><\/figure>\n<\/p><\/div>\n<p>Alteret, b\u00e5de p\u00e5 grunn av prosesseringsteknikkene og av de billedlige grunnene som dekorerte det, ser ut til \u00e5 ha blitt laget <strong>av arbeidere fra Teotihuacan eller som hadde dannet seg i den byen<\/strong>. Ingen typiske elementer i maya -ikonografi er representert, men &laquo;<strong>Guds Guds<\/strong>&laquo;, Godt attesteret til Teotihuacan.<\/p>\n<p>Blant <strong>Tilbud<\/strong> I n\u00e6rheten av alteret er det ogs\u00e5 beinene til et barn, kanskje <strong>ofret<\/strong>og i n\u00e6rheten er ogs\u00e5 funnet <strong>To begravelser<\/strong> (Kanskje ogs\u00e5 ofre ofre), datert mellom III og 600 -tallet. DC Den f\u00f8rste, tilh\u00f8rende en voksen mannlig person, inkluderte en i utstyret <strong>Gr\u00f8nt Obidiana Blade<\/strong>typisk for Teotihuacan; Den andre begravelsen, som tilh\u00f8rte en 2-4 \u00e5r gammel gutt, presenterte en anomali: barnet hadde blitt begravet <strong>Sitter. <\/strong>Begge spesielle egenskaper tilh\u00f8rer kulturen til Teotihuacan og dessuten<strong>utslettelse<\/strong> av dette hellige omr\u00e5det, som fant sted gjennom interro, <strong>ble datert mellom det 6. og det syvende \u00e5rhundre<\/strong>i forbindelse med det mystiske <strong>slutt<\/strong> av den navnl\u00f8se sivilisasjonen som levde den.<\/p>\n<div class=\"cp_wrapper cp_wrapper--fw mb-50\">\n<figure class=\"mm\"><picture class=\"img\" style=\"padding-top:50.094756790903%\"><source  media=\"(min-width: 1024px)\"><source  media=\"(min-width: 768px)\"><img decoding=\"async\" loading=\"lazy\" src=\"https:\/\/nordnesrepublikken.no\/wp-content\/uploads\/2025\/04\/1744807799_349_AEret-menneskelige-ofre-i-Theotihuacan-stil.jpg\" alt=\"Bilde\" width=\"1583\" height=\"793\"><\/source><\/source><\/picture><\/figure>\n<\/p><\/div>\n<p>I lys av denne nye oppdagelsen, mener arkeologer at i en periode har byen Tikal v\u00e6rt vertskap for noen mennesker som <strong>De praktiserte religi\u00f8se ritualer uten tilknytning til maya -kulturen, men i n\u00e6rheten av Teotihuacan<\/strong>. Hypotese godkjent av utgravningene som skjedde p\u00e5 1980 -tallet, hvor arkeologer oppdaget en inskripsjon i Maya -karakterer som fortalte hvordan i \u00e5ret <strong>378 e.Kr.<\/strong> En slags &laquo;hadde skjedd i Tikal<strong>kupp<\/strong>&laquo;Som hadde brakt en fraksjon n\u00e6r Teotihuacan til makten.<\/p>\n<\/p><\/div>\n","protected":false},"excerpt":{"rendered":"<p>I et urban boligkompleks som dateres tilbake til det 4. \u00e5rhundre e.Kr. midt i jungelen<\/p>\n","protected":false},"author":1,"featured_media":3414,"comment_status":"closed","ping_status":"open","sticky":false,"template":"","format":"standard","meta":{"footnotes":""},"categories":[104],"tags":[1266,1267,506,1269,1268],"class_list":["post-3413","post","type-post","status-publish","format-standard","has-post-thumbnail","hentry","category-samfunn","tag-aeret","tag-menneskelige","tag-ofre","tag-stil","tag-theotihuacan","generate-columns","tablet-grid-50","mobile-grid-100","grid-parent","grid-33","resize-featured-image"],"yoast_head":"<!-- This site is optimized with the Yoast SEO plugin v24.4 - https:\/\/yoast.com\/wordpress\/plugins\/seo\/ -->\n<title>\u00c6ret menneskelige ofre i Theotihuacan -stil - Nordnesrepublikken<\/title>\n<meta name=\"robots\" content=\"index, follow, max-snippet:-1, max-image-preview:large, max-video-preview:-1\" \/>\n<link rel=\"canonical\" href=\"https:\/\/nordnesrepublikken.no\/index.php\/2025\/04\/16\/aeret-menneskelige-ofre-i-theotihuacan-stil\/\" \/>\n<meta property=\"og:locale\" content=\"nb_NO\" \/>\n<meta property=\"og:type\" content=\"article\" \/>\n<meta property=\"og:title\" content=\"\u00c6ret menneskelige ofre i Theotihuacan -stil - Nordnesrepublikken\" \/>\n<meta property=\"og:description\" content=\"I et urban boligkompleks som dateres tilbake til det 4. \u00e5rhundre e.Kr. midt i jungelen\" \/>\n<meta property=\"og:url\" content=\"https:\/\/nordnesrepublikken.no\/index.php\/2025\/04\/16\/aeret-menneskelige-ofre-i-theotihuacan-stil\/\" \/>\n<meta property=\"og:site_name\" content=\"Nordnesrepublikken\" \/>\n<meta property=\"article:published_time\" content=\"2025-04-16T12:49:59+00:00\" \/>\n<meta property=\"article:modified_time\" content=\"2025-04-16T12:50:08+00:00\" \/>\n<meta property=\"og:image\" content=\"https:\/\/nordnesrepublikken.no\/wp-content\/uploads\/2025\/04\/1744807800_AEret-menneskelige-ofre-i-Theotihuacan-stil-scaled.jpg\" \/>\n\t<meta property=\"og:image:width\" content=\"2560\" \/>\n\t<meta property=\"og:image:height\" content=\"1440\" \/>\n\t<meta property=\"og:image:type\" content=\"image\/jpeg\" \/>\n<meta name=\"author\" content=\"Ole Andersen\" \/>\n<meta name=\"twitter:card\" content=\"summary_large_image\" \/>\n<meta name=\"twitter:label1\" content=\"Skrevet av\" \/>\n\t<meta name=\"twitter:data1\" content=\"Ole Andersen\" \/>\n\t<meta name=\"twitter:label2\" content=\"Ansl. lesetid\" \/>\n\t<meta name=\"twitter:data2\" content=\"3 minutter\" \/>\n<script type=\"application\/ld+json\" class=\"yoast-schema-graph\">{\"@context\":\"https:\/\/schema.org\",\"@graph\":[{\"@type\":\"Article\",\"@id\":\"https:\/\/nordnesrepublikken.no\/index.php\/2025\/04\/16\/aeret-menneskelige-ofre-i-theotihuacan-stil\/#article\",\"isPartOf\":{\"@id\":\"https:\/\/nordnesrepublikken.no\/index.php\/2025\/04\/16\/aeret-menneskelige-ofre-i-theotihuacan-stil\/\"},\"author\":{\"name\":\"Ole Andersen\",\"@id\":\"https:\/\/nordnesrepublikken.no\/#\/schema\/person\/2e7e81935bab77882fffb79296240ff1\"},\"headline\":\"\u00c6ret menneskelige ofre i Theotihuacan -stil\",\"datePublished\":\"2025-04-16T12:49:59+00:00\",\"dateModified\":\"2025-04-16T12:50:08+00:00\",\"mainEntityOfPage\":{\"@id\":\"https:\/\/nordnesrepublikken.no\/index.php\/2025\/04\/16\/aeret-menneskelige-ofre-i-theotihuacan-stil\/\"},\"wordCount\":566,\"publisher\":{\"@id\":\"https:\/\/nordnesrepublikken.no\/#organization\"},\"image\":{\"@id\":\"https:\/\/nordnesrepublikken.no\/index.php\/2025\/04\/16\/aeret-menneskelige-ofre-i-theotihuacan-stil\/#primaryimage\"},\"thumbnailUrl\":\"https:\/\/nordnesrepublikken.no\/wp-content\/uploads\/2025\/04\/1744807800_AEret-menneskelige-ofre-i-Theotihuacan-stil-scaled.jpg\",\"keywords\":[\"\u00c6ret\",\"menneskelige\",\"ofre\",\"stil\",\"Theotihuacan\"],\"articleSection\":[\"Samfunn\"],\"inLanguage\":\"nb-NO\"},{\"@type\":\"WebPage\",\"@id\":\"https:\/\/nordnesrepublikken.no\/index.php\/2025\/04\/16\/aeret-menneskelige-ofre-i-theotihuacan-stil\/\",\"url\":\"https:\/\/nordnesrepublikken.no\/index.php\/2025\/04\/16\/aeret-menneskelige-ofre-i-theotihuacan-stil\/\",\"name\":\"\u00c6ret menneskelige ofre i Theotihuacan -stil - Nordnesrepublikken\",\"isPartOf\":{\"@id\":\"https:\/\/nordnesrepublikken.no\/#website\"},\"primaryImageOfPage\":{\"@id\":\"https:\/\/nordnesrepublikken.no\/index.php\/2025\/04\/16\/aeret-menneskelige-ofre-i-theotihuacan-stil\/#primaryimage\"},\"image\":{\"@id\":\"https:\/\/nordnesrepublikken.no\/index.php\/2025\/04\/16\/aeret-menneskelige-ofre-i-theotihuacan-stil\/#primaryimage\"},\"thumbnailUrl\":\"https:\/\/nordnesrepublikken.no\/wp-content\/uploads\/2025\/04\/1744807800_AEret-menneskelige-ofre-i-Theotihuacan-stil-scaled.jpg\",\"datePublished\":\"2025-04-16T12:49:59+00:00\",\"dateModified\":\"2025-04-16T12:50:08+00:00\",\"breadcrumb\":{\"@id\":\"https:\/\/nordnesrepublikken.no\/index.php\/2025\/04\/16\/aeret-menneskelige-ofre-i-theotihuacan-stil\/#breadcrumb\"},\"inLanguage\":\"nb-NO\",\"potentialAction\":[{\"@type\":\"ReadAction\",\"target\":[\"https:\/\/nordnesrepublikken.no\/index.php\/2025\/04\/16\/aeret-menneskelige-ofre-i-theotihuacan-stil\/\"]}]},{\"@type\":\"ImageObject\",\"inLanguage\":\"nb-NO\",\"@id\":\"https:\/\/nordnesrepublikken.no\/index.php\/2025\/04\/16\/aeret-menneskelige-ofre-i-theotihuacan-stil\/#primaryimage\",\"url\":\"https:\/\/nordnesrepublikken.no\/wp-content\/uploads\/2025\/04\/1744807800_AEret-menneskelige-ofre-i-Theotihuacan-stil-scaled.jpg\",\"contentUrl\":\"https:\/\/nordnesrepublikken.no\/wp-content\/uploads\/2025\/04\/1744807800_AEret-menneskelige-ofre-i-Theotihuacan-stil-scaled.jpg\",\"width\":2560,\"height\":1440,\"caption\":\"Immagine\"},{\"@type\":\"BreadcrumbList\",\"@id\":\"https:\/\/nordnesrepublikken.no\/index.php\/2025\/04\/16\/aeret-menneskelige-ofre-i-theotihuacan-stil\/#breadcrumb\",\"itemListElement\":[{\"@type\":\"ListItem\",\"position\":1,\"name\":\"Home\",\"item\":\"https:\/\/nordnesrepublikken.no\/\"},{\"@type\":\"ListItem\",\"position\":2,\"name\":\"\u00c6ret menneskelige ofre i Theotihuacan -stil\"}]},{\"@type\":\"WebSite\",\"@id\":\"https:\/\/nordnesrepublikken.no\/#website\",\"url\":\"https:\/\/nordnesrepublikken.no\/\",\"name\":\"Nordnesrepublikken\",\"description\":\"Stemmer og Visjoner fra Republikkens Hjerte\",\"publisher\":{\"@id\":\"https:\/\/nordnesrepublikken.no\/#organization\"},\"potentialAction\":[{\"@type\":\"SearchAction\",\"target\":{\"@type\":\"EntryPoint\",\"urlTemplate\":\"https:\/\/nordnesrepublikken.no\/?s={search_term_string}\"},\"query-input\":{\"@type\":\"PropertyValueSpecification\",\"valueRequired\":true,\"valueName\":\"search_term_string\"}}],\"inLanguage\":\"nb-NO\"},{\"@type\":\"Organization\",\"@id\":\"https:\/\/nordnesrepublikken.no\/#organization\",\"name\":\"Nordnesrepublikken\",\"url\":\"https:\/\/nordnesrepublikken.no\/\",\"logo\":{\"@type\":\"ImageObject\",\"inLanguage\":\"nb-NO\",\"@id\":\"https:\/\/nordnesrepublikken.no\/#\/schema\/logo\/image\/\",\"url\":\"https:\/\/nordnesrepublikken.no\/wp-content\/uploads\/2025\/02\/cropped-nordnesrepublikken-2.png\",\"contentUrl\":\"https:\/\/nordnesrepublikken.no\/wp-content\/uploads\/2025\/02\/cropped-nordnesrepublikken-2.png\",\"width\":1248,\"height\":362,\"caption\":\"Nordnesrepublikken\"},\"image\":{\"@id\":\"https:\/\/nordnesrepublikken.no\/#\/schema\/logo\/image\/\"}},{\"@type\":\"Person\",\"@id\":\"https:\/\/nordnesrepublikken.no\/#\/schema\/person\/2e7e81935bab77882fffb79296240ff1\",\"name\":\"Ole Andersen\",\"image\":{\"@type\":\"ImageObject\",\"inLanguage\":\"nb-NO\",\"@id\":\"https:\/\/nordnesrepublikken.no\/#\/schema\/person\/image\/\",\"url\":\"https:\/\/nordnesrepublikken.no\/wp-content\/uploads\/2025\/02\/nordnesrepublikken-2-2-150x150.jpg\",\"contentUrl\":\"https:\/\/nordnesrepublikken.no\/wp-content\/uploads\/2025\/02\/nordnesrepublikken-2-2-150x150.jpg\",\"caption\":\"Ole Andersen\"},\"description\":\"Ettersom jeg vokste opp i Oslo, har jeg alltid v\u00e6rt fascinert av ordenes kraft og deres evne til \u00e5 skape endringer. Etter \u00e5 ha fullf\u00f8rt min utdannelse i kommunikasjon ved Universitetet i Bergen, fikk jeg muligheten til \u00e5 jobbe innen ulike medier, der jeg har s\u00f8kt \u00e5 belyse viktige samfunnssp\u00f8rsm\u00e5l. I dag, som redakt\u00f8r for Nordnesrepublikken, pr\u00f8ver jeg \u00e5 forene min kj\u00e6rlighet for journalistikk med min lidenskap for innovasjon og eventyr.\",\"sameAs\":[\"https:\/\/nordnesrepublikken.no\/\"]}]}<\/script>\n<!-- \/ Yoast SEO plugin. -->","yoast_head_json":{"title":"\u00c6ret menneskelige ofre i Theotihuacan -stil - Nordnesrepublikken","robots":{"index":"index","follow":"follow","max-snippet":"max-snippet:-1","max-image-preview":"max-image-preview:large","max-video-preview":"max-video-preview:-1"},"canonical":"https:\/\/nordnesrepublikken.no\/index.php\/2025\/04\/16\/aeret-menneskelige-ofre-i-theotihuacan-stil\/","og_locale":"nb_NO","og_type":"article","og_title":"\u00c6ret menneskelige ofre i Theotihuacan -stil - Nordnesrepublikken","og_description":"I et urban boligkompleks som dateres tilbake til det 4. \u00e5rhundre e.Kr. midt i jungelen","og_url":"https:\/\/nordnesrepublikken.no\/index.php\/2025\/04\/16\/aeret-menneskelige-ofre-i-theotihuacan-stil\/","og_site_name":"Nordnesrepublikken","article_published_time":"2025-04-16T12:49:59+00:00","article_modified_time":"2025-04-16T12:50:08+00:00","og_image":[{"width":2560,"height":1440,"url":"https:\/\/nordnesrepublikken.no\/wp-content\/uploads\/2025\/04\/1744807800_AEret-menneskelige-ofre-i-Theotihuacan-stil-scaled.jpg","type":"image\/jpeg"}],"author":"Ole Andersen","twitter_card":"summary_large_image","twitter_misc":{"Skrevet av":"Ole Andersen","Ansl. lesetid":"3 minutter"},"schema":{"@context":"https:\/\/schema.org","@graph":[{"@type":"Article","@id":"https:\/\/nordnesrepublikken.no\/index.php\/2025\/04\/16\/aeret-menneskelige-ofre-i-theotihuacan-stil\/#article","isPartOf":{"@id":"https:\/\/nordnesrepublikken.no\/index.php\/2025\/04\/16\/aeret-menneskelige-ofre-i-theotihuacan-stil\/"},"author":{"name":"Ole Andersen","@id":"https:\/\/nordnesrepublikken.no\/#\/schema\/person\/2e7e81935bab77882fffb79296240ff1"},"headline":"\u00c6ret menneskelige ofre i Theotihuacan -stil","datePublished":"2025-04-16T12:49:59+00:00","dateModified":"2025-04-16T12:50:08+00:00","mainEntityOfPage":{"@id":"https:\/\/nordnesrepublikken.no\/index.php\/2025\/04\/16\/aeret-menneskelige-ofre-i-theotihuacan-stil\/"},"wordCount":566,"publisher":{"@id":"https:\/\/nordnesrepublikken.no\/#organization"},"image":{"@id":"https:\/\/nordnesrepublikken.no\/index.php\/2025\/04\/16\/aeret-menneskelige-ofre-i-theotihuacan-stil\/#primaryimage"},"thumbnailUrl":"https:\/\/nordnesrepublikken.no\/wp-content\/uploads\/2025\/04\/1744807800_AEret-menneskelige-ofre-i-Theotihuacan-stil-scaled.jpg","keywords":["\u00c6ret","menneskelige","ofre","stil","Theotihuacan"],"articleSection":["Samfunn"],"inLanguage":"nb-NO"},{"@type":"WebPage","@id":"https:\/\/nordnesrepublikken.no\/index.php\/2025\/04\/16\/aeret-menneskelige-ofre-i-theotihuacan-stil\/","url":"https:\/\/nordnesrepublikken.no\/index.php\/2025\/04\/16\/aeret-menneskelige-ofre-i-theotihuacan-stil\/","name":"\u00c6ret menneskelige ofre i Theotihuacan -stil - Nordnesrepublikken","isPartOf":{"@id":"https:\/\/nordnesrepublikken.no\/#website"},"primaryImageOfPage":{"@id":"https:\/\/nordnesrepublikken.no\/index.php\/2025\/04\/16\/aeret-menneskelige-ofre-i-theotihuacan-stil\/#primaryimage"},"image":{"@id":"https:\/\/nordnesrepublikken.no\/index.php\/2025\/04\/16\/aeret-menneskelige-ofre-i-theotihuacan-stil\/#primaryimage"},"thumbnailUrl":"https:\/\/nordnesrepublikken.no\/wp-content\/uploads\/2025\/04\/1744807800_AEret-menneskelige-ofre-i-Theotihuacan-stil-scaled.jpg","datePublished":"2025-04-16T12:49:59+00:00","dateModified":"2025-04-16T12:50:08+00:00","breadcrumb":{"@id":"https:\/\/nordnesrepublikken.no\/index.php\/2025\/04\/16\/aeret-menneskelige-ofre-i-theotihuacan-stil\/#breadcrumb"},"inLanguage":"nb-NO","potentialAction":[{"@type":"ReadAction","target":["https:\/\/nordnesrepublikken.no\/index.php\/2025\/04\/16\/aeret-menneskelige-ofre-i-theotihuacan-stil\/"]}]},{"@type":"ImageObject","inLanguage":"nb-NO","@id":"https:\/\/nordnesrepublikken.no\/index.php\/2025\/04\/16\/aeret-menneskelige-ofre-i-theotihuacan-stil\/#primaryimage","url":"https:\/\/nordnesrepublikken.no\/wp-content\/uploads\/2025\/04\/1744807800_AEret-menneskelige-ofre-i-Theotihuacan-stil-scaled.jpg","contentUrl":"https:\/\/nordnesrepublikken.no\/wp-content\/uploads\/2025\/04\/1744807800_AEret-menneskelige-ofre-i-Theotihuacan-stil-scaled.jpg","width":2560,"height":1440,"caption":"Immagine"},{"@type":"BreadcrumbList","@id":"https:\/\/nordnesrepublikken.no\/index.php\/2025\/04\/16\/aeret-menneskelige-ofre-i-theotihuacan-stil\/#breadcrumb","itemListElement":[{"@type":"ListItem","position":1,"name":"Home","item":"https:\/\/nordnesrepublikken.no\/"},{"@type":"ListItem","position":2,"name":"\u00c6ret menneskelige ofre i Theotihuacan -stil"}]},{"@type":"WebSite","@id":"https:\/\/nordnesrepublikken.no\/#website","url":"https:\/\/nordnesrepublikken.no\/","name":"Nordnesrepublikken","description":"Stemmer og Visjoner fra Republikkens Hjerte","publisher":{"@id":"https:\/\/nordnesrepublikken.no\/#organization"},"potentialAction":[{"@type":"SearchAction","target":{"@type":"EntryPoint","urlTemplate":"https:\/\/nordnesrepublikken.no\/?s={search_term_string}"},"query-input":{"@type":"PropertyValueSpecification","valueRequired":true,"valueName":"search_term_string"}}],"inLanguage":"nb-NO"},{"@type":"Organization","@id":"https:\/\/nordnesrepublikken.no\/#organization","name":"Nordnesrepublikken","url":"https:\/\/nordnesrepublikken.no\/","logo":{"@type":"ImageObject","inLanguage":"nb-NO","@id":"https:\/\/nordnesrepublikken.no\/#\/schema\/logo\/image\/","url":"https:\/\/nordnesrepublikken.no\/wp-content\/uploads\/2025\/02\/cropped-nordnesrepublikken-2.png","contentUrl":"https:\/\/nordnesrepublikken.no\/wp-content\/uploads\/2025\/02\/cropped-nordnesrepublikken-2.png","width":1248,"height":362,"caption":"Nordnesrepublikken"},"image":{"@id":"https:\/\/nordnesrepublikken.no\/#\/schema\/logo\/image\/"}},{"@type":"Person","@id":"https:\/\/nordnesrepublikken.no\/#\/schema\/person\/2e7e81935bab77882fffb79296240ff1","name":"Ole Andersen","image":{"@type":"ImageObject","inLanguage":"nb-NO","@id":"https:\/\/nordnesrepublikken.no\/#\/schema\/person\/image\/","url":"https:\/\/nordnesrepublikken.no\/wp-content\/uploads\/2025\/02\/nordnesrepublikken-2-2-150x150.jpg","contentUrl":"https:\/\/nordnesrepublikken.no\/wp-content\/uploads\/2025\/02\/nordnesrepublikken-2-2-150x150.jpg","caption":"Ole Andersen"},"description":"Ettersom jeg vokste opp i Oslo, har jeg alltid v\u00e6rt fascinert av ordenes kraft og deres evne til \u00e5 skape endringer. Etter \u00e5 ha fullf\u00f8rt min utdannelse i kommunikasjon ved Universitetet i Bergen, fikk jeg muligheten til \u00e5 jobbe innen ulike medier, der jeg har s\u00f8kt \u00e5 belyse viktige samfunnssp\u00f8rsm\u00e5l. I dag, som redakt\u00f8r for Nordnesrepublikken, pr\u00f8ver jeg \u00e5 forene min kj\u00e6rlighet for journalistikk med min lidenskap for innovasjon og eventyr.","sameAs":["https:\/\/nordnesrepublikken.no\/"]}]}},"_links":{"self":[{"href":"https:\/\/nordnesrepublikken.no\/index.php\/wp-json\/wp\/v2\/posts\/3413","targetHints":{"allow":["GET"]}}],"collection":[{"href":"https:\/\/nordnesrepublikken.no\/index.php\/wp-json\/wp\/v2\/posts"}],"about":[{"href":"https:\/\/nordnesrepublikken.no\/index.php\/wp-json\/wp\/v2\/types\/post"}],"author":[{"embeddable":true,"href":"https:\/\/nordnesrepublikken.no\/index.php\/wp-json\/wp\/v2\/users\/1"}],"replies":[{"embeddable":true,"href":"https:\/\/nordnesrepublikken.no\/index.php\/wp-json\/wp\/v2\/comments?post=3413"}],"version-history":[{"count":1,"href":"https:\/\/nordnesrepublikken.no\/index.php\/wp-json\/wp\/v2\/posts\/3413\/revisions"}],"predecessor-version":[{"id":3415,"href":"https:\/\/nordnesrepublikken.no\/index.php\/wp-json\/wp\/v2\/posts\/3413\/revisions\/3415"}],"wp:featuredmedia":[{"embeddable":true,"href":"https:\/\/nordnesrepublikken.no\/index.php\/wp-json\/wp\/v2\/media\/3414"}],"wp:attachment":[{"href":"https:\/\/nordnesrepublikken.no\/index.php\/wp-json\/wp\/v2\/media?parent=3413"}],"wp:term":[{"taxonomy":"category","embeddable":true,"href":"https:\/\/nordnesrepublikken.no\/index.php\/wp-json\/wp\/v2\/categories?post=3413"},{"taxonomy":"post_tag","embeddable":true,"href":"https:\/\/nordnesrepublikken.no\/index.php\/wp-json\/wp\/v2\/tags?post=3413"}],"curies":[{"name":"wp","href":"https:\/\/api.w.org\/{rel}","templated":true}]}}