{"id":3383,"date":"2025-04-15T23:49:45","date_gmt":"2025-04-15T21:49:45","guid":{"rendered":"https:\/\/nordnesrepublikken.no\/index.php\/2025\/04\/15\/brukere-av-gatwick-flyplass-star-overfor-paskeferie-elendighet\/"},"modified":"2025-04-15T23:49:45","modified_gmt":"2025-04-15T21:49:45","slug":"brukere-av-gatwick-flyplass-star-overfor-paskeferie-elendighet","status":"publish","type":"post","link":"https:\/\/nordnesrepublikken.no\/index.php\/2025\/04\/15\/brukere-av-gatwick-flyplass-star-overfor-paskeferie-elendighet\/","title":{"rendered":"Brukere av Gatwick flyplass st\u00e5r overfor p\u00e5skeferie -elendighet"},"content":{"rendered":"<p><\/p>\n<div class=\"wordpress-content\">\n                    <!-- Article Start --><\/p>\n<p><strong>Gatwick flyplass har truffet overskriftene igjen av alle gale grunner da personalet forbereder seg p\u00e5 streik over den fire dager lange p\u00e5skehelgen.<\/strong><\/p>\n<p>Hvis streikene skulle g\u00e5 foran, forventes det at opptil 50 kamper per dag ville bli p\u00e5virket av den industrielle handlingen. Dessuten vil ikke alle hvis ferieplaner blir p\u00e5virket av disse streikene ha rett til kompensasjon, noe som ytterligere \u00f8ker elendigheten. Dette er if\u00f8lge juridiske eksperter ved Skyrefund som har gitt beskjed om at flyplassansatte som tar beslutningen om \u00e5 streike, klassifiseres som &#8216;ekstraordin\u00e6re omstendigheter.&#8217;<\/p>\n<h2>Avbr\u00f8t reiseforsikring av kansellerte flyreiser p\u00e5 grunn av streik?<\/h2>\n<p>Avhengig av ferieforsikring kan det imidlertid v\u00e6re mulig \u00e5 gjenvinne eventuelle kostnader for feriet, og det kan dekke kostnader som f\u00f8lge av tapte forbindelser eller forsinkelser for\u00e5rsaket av streiken. Pass p\u00e5: Mange retningslinjer utelukker spesifikt omslag for streik, s\u00e5 det er viktig \u00e5 sjekke vilk\u00e5rene og betingelsene n\u00f8ye.<\/p>\n<div class=\"sra_unit\"><link rel=\"stylesheet\" id=\"block-sra\" href=\"https:\/\/euroweeklynews.com\/wp-content\/plugins\/snack-related-articles\/dist\/css\/snack-related.min.css?250312-193541\" type=\"text\/css\" media=\"all\">\n<\/div>\n<p>Ved denne anledningen er det bagasjebehandlerne som jobber for r\u00f8d h\u00e5ndtering som vurderer slik drastisk handling. Som medlemmer av den nest st\u00f8rste unionen, Unite, protesterer de over pensjoner og betalingsforsinkelser. Sun -avisen rapporterte at Unite regionale offiser David Taylor har beskrevet behandlingen av ansatte p\u00e5 flyplassen som en &#8216;skam&#8217; og oppfordret Gatwick -sjefer til \u00e5 betale utest\u00e5ende pensjoner.<\/p>\n<p>Han sa: &laquo;Vi krever at r\u00f8de h\u00e5ndtering betaler alle utest\u00e5ende pensjonsinnskudd umiddelbart, kompenserer personalet for pensjonisttilv\u00e6relse de har tapt, og forplikter seg til \u00e5 refundere dem for sene betalinger.&raquo;<\/p>\n<h2>N\u00e5r planlegges Gatwick Airport Strike \u00e5 finne sted?<\/h2>\n<p>Var det \u00e5 g\u00e5 foran, ville de absolutt gj\u00f8re f\u00f8lelsene sine kjent, ettersom dette er planlagt \u00e5 v\u00e6re en av \u00e5rets travleste reisehelger.  Allerede forventes det \u00e5 v\u00e6re folkemengder og lengre k\u00f8er enn normalt, s\u00e5 streikeaksjon som f\u00f8rer til kanselleringer er det siste som Storbritannias nest st\u00f8rste flyplass trenger p\u00e5 dette tidspunktet. For tiden er imidlertid streikene planlagt \u00e5 starte fredag \u200b\u200b18. april og fortsette hver dag i l\u00f8pet av p\u00e5skeferien til de tidlige timene 22. april.<\/p>\n<p>Som svar p\u00e5 den foresl\u00e5tte handlingen sa en talsperson for Gatwick: &laquo;Vi st\u00f8tter de p\u00e5virkede flyselskapene, som holder kontraktene direkte med r\u00f8d h\u00e5ndtering, med deres beredskapsplaner og er h\u00e5pefulle en resolusjon kan n\u00e5s foran den foresl\u00e5tte industrielle handlingen.&raquo;<\/p>\n<p>I l\u00f8pet av denne usikkerhetstiden anbefales reisende \u00e5 kontakte flyselskapene sine for den nyeste informasjonen som er spesielt relatert til flyvningene.<\/p>\n<p>                    <!-- Article End --><\/p><\/div>\n","protected":false},"excerpt":{"rendered":"<p>Gatwick flyplass har truffet overskriftene igjen av alle gale grunner da personalet forbereder seg p\u00e5<\/p>\n","protected":false},"author":1,"featured_media":3384,"comment_status":"closed","ping_status":"open","sticky":false,"template":"","format":"standard","meta":{"footnotes":""},"categories":[105],"tags":[1218,1229,979,1227,387,1228,386],"class_list":["post-3383","post","type-post","status-publish","format-standard","has-post-thumbnail","hentry","category-livsstil","tag-brukere","tag-elendighet","tag-flyplass","tag-gatwick","tag-overfor","tag-paskeferie","tag-star","generate-columns","tablet-grid-50","mobile-grid-100","grid-parent","grid-33"],"yoast_head":"<!-- This site is optimized with the Yoast SEO plugin v24.4 - https:\/\/yoast.com\/wordpress\/plugins\/seo\/ -->\n<title>Brukere av Gatwick flyplass st\u00e5r overfor p\u00e5skeferie -elendighet - Nordnesrepublikken<\/title>\n<meta name=\"robots\" content=\"index, follow, max-snippet:-1, max-image-preview:large, max-video-preview:-1\" \/>\n<link rel=\"canonical\" href=\"https:\/\/nordnesrepublikken.no\/index.php\/2025\/04\/15\/brukere-av-gatwick-flyplass-star-overfor-paskeferie-elendighet\/\" \/>\n<meta property=\"og:locale\" content=\"nb_NO\" \/>\n<meta property=\"og:type\" content=\"article\" \/>\n<meta property=\"og:title\" content=\"Brukere av Gatwick flyplass st\u00e5r overfor p\u00e5skeferie -elendighet - Nordnesrepublikken\" \/>\n<meta property=\"og:description\" content=\"Gatwick flyplass har truffet overskriftene igjen av alle gale grunner da personalet forbereder seg p\u00e5\" \/>\n<meta property=\"og:url\" content=\"https:\/\/nordnesrepublikken.no\/index.php\/2025\/04\/15\/brukere-av-gatwick-flyplass-star-overfor-paskeferie-elendighet\/\" \/>\n<meta property=\"og:site_name\" content=\"Nordnesrepublikken\" \/>\n<meta property=\"article:published_time\" content=\"2025-04-15T21:49:45+00:00\" \/>\n<meta property=\"og:image\" content=\"https:\/\/nordnesrepublikken.no\/wp-content\/uploads\/2025\/04\/1744753785_Brukere-av-Gatwick-flyplass-star-overfor-paskeferie-elendighet.jpg\" \/>\n\t<meta property=\"og:image:width\" content=\"1200\" \/>\n\t<meta property=\"og:image:height\" content=\"750\" \/>\n\t<meta property=\"og:image:type\" content=\"image\/jpeg\" \/>\n<meta name=\"author\" content=\"Ole Andersen\" \/>\n<meta name=\"twitter:card\" content=\"summary_large_image\" \/>\n<meta name=\"twitter:label1\" content=\"Skrevet av\" \/>\n\t<meta name=\"twitter:data1\" content=\"Ole Andersen\" \/>\n\t<meta name=\"twitter:label2\" content=\"Ansl. lesetid\" \/>\n\t<meta name=\"twitter:data2\" content=\"2 minutter\" \/>\n<script type=\"application\/ld+json\" class=\"yoast-schema-graph\">{\"@context\":\"https:\/\/schema.org\",\"@graph\":[{\"@type\":\"Article\",\"@id\":\"https:\/\/nordnesrepublikken.no\/index.php\/2025\/04\/15\/brukere-av-gatwick-flyplass-star-overfor-paskeferie-elendighet\/#article\",\"isPartOf\":{\"@id\":\"https:\/\/nordnesrepublikken.no\/index.php\/2025\/04\/15\/brukere-av-gatwick-flyplass-star-overfor-paskeferie-elendighet\/\"},\"author\":{\"name\":\"Ole Andersen\",\"@id\":\"https:\/\/nordnesrepublikken.no\/#\/schema\/person\/2e7e81935bab77882fffb79296240ff1\"},\"headline\":\"Brukere av Gatwick flyplass st\u00e5r overfor p\u00e5skeferie -elendighet\",\"datePublished\":\"2025-04-15T21:49:45+00:00\",\"mainEntityOfPage\":{\"@id\":\"https:\/\/nordnesrepublikken.no\/index.php\/2025\/04\/15\/brukere-av-gatwick-flyplass-star-overfor-paskeferie-elendighet\/\"},\"wordCount\":408,\"publisher\":{\"@id\":\"https:\/\/nordnesrepublikken.no\/#organization\"},\"image\":{\"@id\":\"https:\/\/nordnesrepublikken.no\/index.php\/2025\/04\/15\/brukere-av-gatwick-flyplass-star-overfor-paskeferie-elendighet\/#primaryimage\"},\"thumbnailUrl\":\"https:\/\/nordnesrepublikken.no\/wp-content\/uploads\/2025\/04\/1744753785_Brukere-av-Gatwick-flyplass-star-overfor-paskeferie-elendighet.jpg\",\"keywords\":[\"brukere\",\"elendighet\",\"flyplass\",\"Gatwick\",\"overfor\",\"p\u00e5skeferie\",\"st\u00e5r\"],\"articleSection\":[\"Livsstil\"],\"inLanguage\":\"nb-NO\"},{\"@type\":\"WebPage\",\"@id\":\"https:\/\/nordnesrepublikken.no\/index.php\/2025\/04\/15\/brukere-av-gatwick-flyplass-star-overfor-paskeferie-elendighet\/\",\"url\":\"https:\/\/nordnesrepublikken.no\/index.php\/2025\/04\/15\/brukere-av-gatwick-flyplass-star-overfor-paskeferie-elendighet\/\",\"name\":\"Brukere av Gatwick flyplass st\u00e5r overfor p\u00e5skeferie -elendighet - Nordnesrepublikken\",\"isPartOf\":{\"@id\":\"https:\/\/nordnesrepublikken.no\/#website\"},\"primaryImageOfPage\":{\"@id\":\"https:\/\/nordnesrepublikken.no\/index.php\/2025\/04\/15\/brukere-av-gatwick-flyplass-star-overfor-paskeferie-elendighet\/#primaryimage\"},\"image\":{\"@id\":\"https:\/\/nordnesrepublikken.no\/index.php\/2025\/04\/15\/brukere-av-gatwick-flyplass-star-overfor-paskeferie-elendighet\/#primaryimage\"},\"thumbnailUrl\":\"https:\/\/nordnesrepublikken.no\/wp-content\/uploads\/2025\/04\/1744753785_Brukere-av-Gatwick-flyplass-star-overfor-paskeferie-elendighet.jpg\",\"datePublished\":\"2025-04-15T21:49:45+00:00\",\"breadcrumb\":{\"@id\":\"https:\/\/nordnesrepublikken.no\/index.php\/2025\/04\/15\/brukere-av-gatwick-flyplass-star-overfor-paskeferie-elendighet\/#breadcrumb\"},\"inLanguage\":\"nb-NO\",\"potentialAction\":[{\"@type\":\"ReadAction\",\"target\":[\"https:\/\/nordnesrepublikken.no\/index.php\/2025\/04\/15\/brukere-av-gatwick-flyplass-star-overfor-paskeferie-elendighet\/\"]}]},{\"@type\":\"ImageObject\",\"inLanguage\":\"nb-NO\",\"@id\":\"https:\/\/nordnesrepublikken.no\/index.php\/2025\/04\/15\/brukere-av-gatwick-flyplass-star-overfor-paskeferie-elendighet\/#primaryimage\",\"url\":\"https:\/\/nordnesrepublikken.no\/wp-content\/uploads\/2025\/04\/1744753785_Brukere-av-Gatwick-flyplass-star-overfor-paskeferie-elendighet.jpg\",\"contentUrl\":\"https:\/\/nordnesrepublikken.no\/wp-content\/uploads\/2025\/04\/1744753785_Brukere-av-Gatwick-flyplass-star-overfor-paskeferie-elendighet.jpg\",\"width\":1200,\"height\":750,\"caption\":\"Brukere av Gatwick flyplass st\u00e5r overfor p\u00e5skeferie -elendighet\"},{\"@type\":\"BreadcrumbList\",\"@id\":\"https:\/\/nordnesrepublikken.no\/index.php\/2025\/04\/15\/brukere-av-gatwick-flyplass-star-overfor-paskeferie-elendighet\/#breadcrumb\",\"itemListElement\":[{\"@type\":\"ListItem\",\"position\":1,\"name\":\"Home\",\"item\":\"https:\/\/nordnesrepublikken.no\/\"},{\"@type\":\"ListItem\",\"position\":2,\"name\":\"Brukere av Gatwick flyplass st\u00e5r overfor p\u00e5skeferie -elendighet\"}]},{\"@type\":\"WebSite\",\"@id\":\"https:\/\/nordnesrepublikken.no\/#website\",\"url\":\"https:\/\/nordnesrepublikken.no\/\",\"name\":\"Nordnesrepublikken\",\"description\":\"Stemmer og Visjoner fra Republikkens Hjerte\",\"publisher\":{\"@id\":\"https:\/\/nordnesrepublikken.no\/#organization\"},\"potentialAction\":[{\"@type\":\"SearchAction\",\"target\":{\"@type\":\"EntryPoint\",\"urlTemplate\":\"https:\/\/nordnesrepublikken.no\/?s={search_term_string}\"},\"query-input\":{\"@type\":\"PropertyValueSpecification\",\"valueRequired\":true,\"valueName\":\"search_term_string\"}}],\"inLanguage\":\"nb-NO\"},{\"@type\":\"Organization\",\"@id\":\"https:\/\/nordnesrepublikken.no\/#organization\",\"name\":\"Nordnesrepublikken\",\"url\":\"https:\/\/nordnesrepublikken.no\/\",\"logo\":{\"@type\":\"ImageObject\",\"inLanguage\":\"nb-NO\",\"@id\":\"https:\/\/nordnesrepublikken.no\/#\/schema\/logo\/image\/\",\"url\":\"https:\/\/nordnesrepublikken.no\/wp-content\/uploads\/2025\/02\/cropped-nordnesrepublikken-2.png\",\"contentUrl\":\"https:\/\/nordnesrepublikken.no\/wp-content\/uploads\/2025\/02\/cropped-nordnesrepublikken-2.png\",\"width\":1248,\"height\":362,\"caption\":\"Nordnesrepublikken\"},\"image\":{\"@id\":\"https:\/\/nordnesrepublikken.no\/#\/schema\/logo\/image\/\"}},{\"@type\":\"Person\",\"@id\":\"https:\/\/nordnesrepublikken.no\/#\/schema\/person\/2e7e81935bab77882fffb79296240ff1\",\"name\":\"Ole Andersen\",\"image\":{\"@type\":\"ImageObject\",\"inLanguage\":\"nb-NO\",\"@id\":\"https:\/\/nordnesrepublikken.no\/#\/schema\/person\/image\/\",\"url\":\"https:\/\/nordnesrepublikken.no\/wp-content\/uploads\/2025\/02\/nordnesrepublikken-2-2-150x150.jpg\",\"contentUrl\":\"https:\/\/nordnesrepublikken.no\/wp-content\/uploads\/2025\/02\/nordnesrepublikken-2-2-150x150.jpg\",\"caption\":\"Ole Andersen\"},\"description\":\"Ettersom jeg vokste opp i Oslo, har jeg alltid v\u00e6rt fascinert av ordenes kraft og deres evne til \u00e5 skape endringer. Etter \u00e5 ha fullf\u00f8rt min utdannelse i kommunikasjon ved Universitetet i Bergen, fikk jeg muligheten til \u00e5 jobbe innen ulike medier, der jeg har s\u00f8kt \u00e5 belyse viktige samfunnssp\u00f8rsm\u00e5l. I dag, som redakt\u00f8r for Nordnesrepublikken, pr\u00f8ver jeg \u00e5 forene min kj\u00e6rlighet for journalistikk med min lidenskap for innovasjon og eventyr.\",\"sameAs\":[\"https:\/\/nordnesrepublikken.no\/\"]}]}<\/script>\n<!-- \/ Yoast SEO plugin. -->","yoast_head_json":{"title":"Brukere av Gatwick flyplass st\u00e5r overfor p\u00e5skeferie -elendighet - Nordnesrepublikken","robots":{"index":"index","follow":"follow","max-snippet":"max-snippet:-1","max-image-preview":"max-image-preview:large","max-video-preview":"max-video-preview:-1"},"canonical":"https:\/\/nordnesrepublikken.no\/index.php\/2025\/04\/15\/brukere-av-gatwick-flyplass-star-overfor-paskeferie-elendighet\/","og_locale":"nb_NO","og_type":"article","og_title":"Brukere av Gatwick flyplass st\u00e5r overfor p\u00e5skeferie -elendighet - Nordnesrepublikken","og_description":"Gatwick flyplass har truffet overskriftene igjen av alle gale grunner da personalet forbereder seg p\u00e5","og_url":"https:\/\/nordnesrepublikken.no\/index.php\/2025\/04\/15\/brukere-av-gatwick-flyplass-star-overfor-paskeferie-elendighet\/","og_site_name":"Nordnesrepublikken","article_published_time":"2025-04-15T21:49:45+00:00","og_image":[{"width":1200,"height":750,"url":"https:\/\/nordnesrepublikken.no\/wp-content\/uploads\/2025\/04\/1744753785_Brukere-av-Gatwick-flyplass-star-overfor-paskeferie-elendighet.jpg","type":"image\/jpeg"}],"author":"Ole Andersen","twitter_card":"summary_large_image","twitter_misc":{"Skrevet av":"Ole Andersen","Ansl. lesetid":"2 minutter"},"schema":{"@context":"https:\/\/schema.org","@graph":[{"@type":"Article","@id":"https:\/\/nordnesrepublikken.no\/index.php\/2025\/04\/15\/brukere-av-gatwick-flyplass-star-overfor-paskeferie-elendighet\/#article","isPartOf":{"@id":"https:\/\/nordnesrepublikken.no\/index.php\/2025\/04\/15\/brukere-av-gatwick-flyplass-star-overfor-paskeferie-elendighet\/"},"author":{"name":"Ole Andersen","@id":"https:\/\/nordnesrepublikken.no\/#\/schema\/person\/2e7e81935bab77882fffb79296240ff1"},"headline":"Brukere av Gatwick flyplass st\u00e5r overfor p\u00e5skeferie -elendighet","datePublished":"2025-04-15T21:49:45+00:00","mainEntityOfPage":{"@id":"https:\/\/nordnesrepublikken.no\/index.php\/2025\/04\/15\/brukere-av-gatwick-flyplass-star-overfor-paskeferie-elendighet\/"},"wordCount":408,"publisher":{"@id":"https:\/\/nordnesrepublikken.no\/#organization"},"image":{"@id":"https:\/\/nordnesrepublikken.no\/index.php\/2025\/04\/15\/brukere-av-gatwick-flyplass-star-overfor-paskeferie-elendighet\/#primaryimage"},"thumbnailUrl":"https:\/\/nordnesrepublikken.no\/wp-content\/uploads\/2025\/04\/1744753785_Brukere-av-Gatwick-flyplass-star-overfor-paskeferie-elendighet.jpg","keywords":["brukere","elendighet","flyplass","Gatwick","overfor","p\u00e5skeferie","st\u00e5r"],"articleSection":["Livsstil"],"inLanguage":"nb-NO"},{"@type":"WebPage","@id":"https:\/\/nordnesrepublikken.no\/index.php\/2025\/04\/15\/brukere-av-gatwick-flyplass-star-overfor-paskeferie-elendighet\/","url":"https:\/\/nordnesrepublikken.no\/index.php\/2025\/04\/15\/brukere-av-gatwick-flyplass-star-overfor-paskeferie-elendighet\/","name":"Brukere av Gatwick flyplass st\u00e5r overfor p\u00e5skeferie -elendighet - Nordnesrepublikken","isPartOf":{"@id":"https:\/\/nordnesrepublikken.no\/#website"},"primaryImageOfPage":{"@id":"https:\/\/nordnesrepublikken.no\/index.php\/2025\/04\/15\/brukere-av-gatwick-flyplass-star-overfor-paskeferie-elendighet\/#primaryimage"},"image":{"@id":"https:\/\/nordnesrepublikken.no\/index.php\/2025\/04\/15\/brukere-av-gatwick-flyplass-star-overfor-paskeferie-elendighet\/#primaryimage"},"thumbnailUrl":"https:\/\/nordnesrepublikken.no\/wp-content\/uploads\/2025\/04\/1744753785_Brukere-av-Gatwick-flyplass-star-overfor-paskeferie-elendighet.jpg","datePublished":"2025-04-15T21:49:45+00:00","breadcrumb":{"@id":"https:\/\/nordnesrepublikken.no\/index.php\/2025\/04\/15\/brukere-av-gatwick-flyplass-star-overfor-paskeferie-elendighet\/#breadcrumb"},"inLanguage":"nb-NO","potentialAction":[{"@type":"ReadAction","target":["https:\/\/nordnesrepublikken.no\/index.php\/2025\/04\/15\/brukere-av-gatwick-flyplass-star-overfor-paskeferie-elendighet\/"]}]},{"@type":"ImageObject","inLanguage":"nb-NO","@id":"https:\/\/nordnesrepublikken.no\/index.php\/2025\/04\/15\/brukere-av-gatwick-flyplass-star-overfor-paskeferie-elendighet\/#primaryimage","url":"https:\/\/nordnesrepublikken.no\/wp-content\/uploads\/2025\/04\/1744753785_Brukere-av-Gatwick-flyplass-star-overfor-paskeferie-elendighet.jpg","contentUrl":"https:\/\/nordnesrepublikken.no\/wp-content\/uploads\/2025\/04\/1744753785_Brukere-av-Gatwick-flyplass-star-overfor-paskeferie-elendighet.jpg","width":1200,"height":750,"caption":"Brukere av Gatwick flyplass st\u00e5r overfor p\u00e5skeferie -elendighet"},{"@type":"BreadcrumbList","@id":"https:\/\/nordnesrepublikken.no\/index.php\/2025\/04\/15\/brukere-av-gatwick-flyplass-star-overfor-paskeferie-elendighet\/#breadcrumb","itemListElement":[{"@type":"ListItem","position":1,"name":"Home","item":"https:\/\/nordnesrepublikken.no\/"},{"@type":"ListItem","position":2,"name":"Brukere av Gatwick flyplass st\u00e5r overfor p\u00e5skeferie -elendighet"}]},{"@type":"WebSite","@id":"https:\/\/nordnesrepublikken.no\/#website","url":"https:\/\/nordnesrepublikken.no\/","name":"Nordnesrepublikken","description":"Stemmer og Visjoner fra Republikkens Hjerte","publisher":{"@id":"https:\/\/nordnesrepublikken.no\/#organization"},"potentialAction":[{"@type":"SearchAction","target":{"@type":"EntryPoint","urlTemplate":"https:\/\/nordnesrepublikken.no\/?s={search_term_string}"},"query-input":{"@type":"PropertyValueSpecification","valueRequired":true,"valueName":"search_term_string"}}],"inLanguage":"nb-NO"},{"@type":"Organization","@id":"https:\/\/nordnesrepublikken.no\/#organization","name":"Nordnesrepublikken","url":"https:\/\/nordnesrepublikken.no\/","logo":{"@type":"ImageObject","inLanguage":"nb-NO","@id":"https:\/\/nordnesrepublikken.no\/#\/schema\/logo\/image\/","url":"https:\/\/nordnesrepublikken.no\/wp-content\/uploads\/2025\/02\/cropped-nordnesrepublikken-2.png","contentUrl":"https:\/\/nordnesrepublikken.no\/wp-content\/uploads\/2025\/02\/cropped-nordnesrepublikken-2.png","width":1248,"height":362,"caption":"Nordnesrepublikken"},"image":{"@id":"https:\/\/nordnesrepublikken.no\/#\/schema\/logo\/image\/"}},{"@type":"Person","@id":"https:\/\/nordnesrepublikken.no\/#\/schema\/person\/2e7e81935bab77882fffb79296240ff1","name":"Ole Andersen","image":{"@type":"ImageObject","inLanguage":"nb-NO","@id":"https:\/\/nordnesrepublikken.no\/#\/schema\/person\/image\/","url":"https:\/\/nordnesrepublikken.no\/wp-content\/uploads\/2025\/02\/nordnesrepublikken-2-2-150x150.jpg","contentUrl":"https:\/\/nordnesrepublikken.no\/wp-content\/uploads\/2025\/02\/nordnesrepublikken-2-2-150x150.jpg","caption":"Ole Andersen"},"description":"Ettersom jeg vokste opp i Oslo, har jeg alltid v\u00e6rt fascinert av ordenes kraft og deres evne til \u00e5 skape endringer. Etter \u00e5 ha fullf\u00f8rt min utdannelse i kommunikasjon ved Universitetet i Bergen, fikk jeg muligheten til \u00e5 jobbe innen ulike medier, der jeg har s\u00f8kt \u00e5 belyse viktige samfunnssp\u00f8rsm\u00e5l. I dag, som redakt\u00f8r for Nordnesrepublikken, pr\u00f8ver jeg \u00e5 forene min kj\u00e6rlighet for journalistikk med min lidenskap for innovasjon og eventyr.","sameAs":["https:\/\/nordnesrepublikken.no\/"]}]}},"_links":{"self":[{"href":"https:\/\/nordnesrepublikken.no\/index.php\/wp-json\/wp\/v2\/posts\/3383","targetHints":{"allow":["GET"]}}],"collection":[{"href":"https:\/\/nordnesrepublikken.no\/index.php\/wp-json\/wp\/v2\/posts"}],"about":[{"href":"https:\/\/nordnesrepublikken.no\/index.php\/wp-json\/wp\/v2\/types\/post"}],"author":[{"embeddable":true,"href":"https:\/\/nordnesrepublikken.no\/index.php\/wp-json\/wp\/v2\/users\/1"}],"replies":[{"embeddable":true,"href":"https:\/\/nordnesrepublikken.no\/index.php\/wp-json\/wp\/v2\/comments?post=3383"}],"version-history":[{"count":1,"href":"https:\/\/nordnesrepublikken.no\/index.php\/wp-json\/wp\/v2\/posts\/3383\/revisions"}],"predecessor-version":[{"id":3385,"href":"https:\/\/nordnesrepublikken.no\/index.php\/wp-json\/wp\/v2\/posts\/3383\/revisions\/3385"}],"wp:featuredmedia":[{"embeddable":true,"href":"https:\/\/nordnesrepublikken.no\/index.php\/wp-json\/wp\/v2\/media\/3384"}],"wp:attachment":[{"href":"https:\/\/nordnesrepublikken.no\/index.php\/wp-json\/wp\/v2\/media?parent=3383"}],"wp:term":[{"taxonomy":"category","embeddable":true,"href":"https:\/\/nordnesrepublikken.no\/index.php\/wp-json\/wp\/v2\/categories?post=3383"},{"taxonomy":"post_tag","embeddable":true,"href":"https:\/\/nordnesrepublikken.no\/index.php\/wp-json\/wp\/v2\/tags?post=3383"}],"curies":[{"name":"wp","href":"https:\/\/api.w.org\/{rel}","templated":true}]}}