{"id":3380,"date":"2025-04-15T20:50:13","date_gmt":"2025-04-15T18:50:13","guid":{"rendered":"https:\/\/nordnesrepublikken.no\/index.php\/2025\/04\/15\/ny-ingv-bulletin-pa-flegrei-feltene-loftet-av-jorda-er-stabil-men-oker-seismisiteten\/"},"modified":"2025-04-15T20:50:16","modified_gmt":"2025-04-15T18:50:16","slug":"ny-ingv-bulletin-pa-flegrei-feltene-loftet-av-jorda-er-stabil-men-oker-seismisiteten","status":"publish","type":"post","link":"https:\/\/nordnesrepublikken.no\/index.php\/2025\/04\/15\/ny-ingv-bulletin-pa-flegrei-feltene-loftet-av-jorda-er-stabil-men-oker-seismisiteten\/","title":{"rendered":"Ny INGV -bulletin p\u00e5 flegrei -feltene, l\u00f8ftet av jorda er stabil, men \u00f8ker seismisiteten"},"content":{"rendered":"<div>\n<div class=\"cp_wrapper cp_wrapper--fw mb-30 mb-20@tablet\">\n<figure class=\"mm\"><picture class=\"img\" style=\"padding-top:56.25%\"><source  media=\"(min-width: 1024px)\"><source  media=\"(min-width: 768px)\"><\/source><\/source><\/picture><\/figure>\n<\/p><\/div>\n<p>Den siste er publisert i dag 15. april 2025 <strong>Ukentlig bulletin<\/strong> overv\u00e5king av <strong>CAMPI FREGREI<\/strong> av ENGV (National Institute of Geophysics and Volcanology): Jordens l\u00f8ftehastighet p\u00e5 grunn av bradisisme er stabil med en gjennomsnittsverdi p\u00e5 <strong>20 millimeter per m\u00e5ned<\/strong> Etter det sterke sjokket av st\u00f8rrelsesorden 4.6 av 13. mars og st\u00f8rrelsesorden 3,9 av 15. mars. I denne perioden i Fogrei -feltene registrerte de seg selv <strong>118 Jordskjelv <\/strong>Med st\u00f8rrelsesorden mellom 0,0 og 2,9, i klar \u00f8kning sammenlignet med de 28 seismene som ble registrert i forrige uke. I stedet den geokjemiske aktiviteten, med en gjennomsnittstemperatur p\u00e5 <strong>97 \u00b0 C.<\/strong> P\u00e5 Fumarola di Pisciarelli, stabil sammenlignet med de siste ukene. Det er ingen indikasjoner p\u00e5 mulige utviklinger av scenariene som forventes p\u00e5 kort sikt i flegre -omr\u00e5det.<\/p>\n<h2><strong>L\u00f8fting av jorda i flegrei -feltene er stabil<\/strong><\/h2>\n<p>De 37 terrestriske og marine stasjonene som utgj\u00f8r GNSS -overv\u00e5kningsnettverket har ogs\u00e5 m\u00e5lt en gjennomsnittlig l\u00f8fthastighet for land i den siste uken <strong>20 millimeter per m\u00e5ned<\/strong> for totalt <strong>+26 cm i landdistriktet<\/strong> fra januar i fjor. Denne hastigheten holder seg stabil fra de to sterke jordskjelvene i midten av mars, og avtar sammenlignet med gjennomsnittsverdien for de foreg\u00e5ende ukene (30 millimeter per m\u00e5ned), st\u00f8rre enn perioden august 2024-februar 2025 (10 millimeter per m\u00e5ned) og p\u00e5 linje sammenlignet med f\u00f8rste halvdel av 2024.<\/p>\n<div class=\"cp_wrapper cp_wrapper--fw mb-50\">\n<figure class=\"mm\"><picture class=\"img\" style=\"padding-top:45.131244707875%\"><source  media=\"(min-width: 1024px)\"><source  media=\"(min-width: 768px)\"><img decoding=\"async\" loading=\"lazy\" src=\"https:\/\/nordnesrepublikken.no\/wp-content\/uploads\/2025\/04\/1744743013_407_Ny-INGV-bulletin-pa-flegrei-feltene-loftet-av-jorda-er.jpg\" alt=\"Terra Rione Lifting\" width=\"2362\" height=\"1066\"><\/source><\/source><\/picture><\/figure>\n<\/p><\/div>\n<h2><strong>Seismisitet og geokjemisk: Jordskjelv avtar, CO2 -stabil<\/strong><\/h2>\n<p>Antall jordskjelv som er registrert i referanseuken stiger betraktelig: fra 28 i uken fra 31. mars til 6. april til <strong>118 Sismi mellom 7 og 13. april<\/strong>. Dette er veldig overfladiske jordskjelv, som er typisk for omr\u00e5det, med en hendelse registrert p\u00e5 en dybde som er st\u00f8rre enn vanlig (10 km). Maksimal st\u00f8rrelse vokser ogs\u00e5, som st\u00e5r p\u00e5 M2.9 mot M2.0 i forrige uke. Stokkene skjedde under <strong>4 seismiske svermer<\/strong>:<\/p>\n<ul>\n<li>11 ristet 7. april med maksimal st\u00f8rrelse 2,4 i Agnano -omr\u00e5det;<\/li>\n<li>26 SBOSSE 8. april med maksimal st\u00f8rrelse 1,2 i Pozzuoli -omr\u00e5det;<\/li>\n<li>10 ristet 11. april med maksimal st\u00f8rrelse 2,2 i Pozzuoli-Agnano-omr\u00e5det;<\/li>\n<li>11 Ristet alltid 11. april med maksimal st\u00f8rrelse 2,9 i Pozzuoli -omr\u00e5det.<\/li>\n<\/ul>\n<div class=\"cp_wrapper cp_wrapper--fw mb-50\">\n<figure class=\"mm\"><picture class=\"img\" style=\"padding-top:72.8125%\"><source  media=\"(min-width: 1024px)\"><source  media=\"(min-width: 768px)\"><img decoding=\"async\" loading=\"lazy\" src=\"https:\/\/nordnesrepublikken.no\/wp-content\/uploads\/2025\/04\/1744743013_411_Ny-INGV-bulletin-pa-flegrei-feltene-loftet-av-jorda-er.jpg\" alt=\"FGREI CAMPI TERREMOTI\" width=\"1920\" height=\"1398\" class=\"js-seedtag-img\"><\/source><\/source><\/picture><\/figure>\n<\/p><\/div>\n<p>Ingen signifikant variasjon ogs\u00e5 i de geokjemiske parametrene til omr\u00e5det, noe som indikerer aktiviteten til det hydrotermiske systemet i Pisciarelli -omr\u00e5det: r\u00f8ykets temperatur forblir nesten konstant sammenlignet med de foreg\u00e5ende ukene og forblir i tr\u00e5d med den bradisismiske l\u00f8ftingstrendene de siste \u00e5rene.<\/p>\n<h2><strong>Sammendrag av INGV Bulletin 8. april 2025 <\/strong><\/h2>\n<p>Selv om seismisiteten til FeGrei -leirene har \u00f8kt de siste dagene, forblir aktiviteten til omr\u00e5det innenfor atferden som forventes i en fase &#8211; som denne &#8211; av positiv bradisisme.<\/p>\n<ul>\n<li><strong>Seismisitet:<\/strong> Seismisk aktivitet som vokser sammenlignet med de siste ukene (118 hendelser) med en maksimal st\u00f8rrelse \u00f8ker, men i alle fall innenfor grenser for mildmoderne intensitet.<\/li>\n<li><strong>Jord deformasjoner:<\/strong> Jordl\u00f8ftingstrenden startet i midten av March etter den seismiske sekvensen som kulminerte med de to sterke sjokkene p\u00e5 dag 13 og dag 15.<\/li>\n<li><strong>Geochimica:<\/strong> Parametrene som overv\u00e5kes i det viktigste Fumarola -omr\u00e5det i Pisciarelli forblir stabile, i tr\u00e5d med langvarige trender og uten betydelige variasjoner sammenlignet med de siste ukene.<\/li>\n<\/ul><\/div>\n","protected":false},"excerpt":{"rendered":"<p>Den siste er publisert i dag 15. april 2025 Ukentlig bulletin overv\u00e5king av CAMPI FREGREI<\/p>\n","protected":false},"author":1,"featured_media":3381,"comment_status":"closed","ping_status":"open","sticky":false,"template":"","format":"standard","meta":{"footnotes":""},"categories":[24],"tags":[1221,258,1222,261,1224,1223,355,313,81,1226,1225],"class_list":["post-3380","post","type-post","status-publish","format-standard","has-post-thumbnail","hentry","category-vitenskap","tag-bulletin","tag-feltene","tag-flegrei","tag-ingv","tag-jorda","tag-loftet","tag-men","tag-oker","tag-pa","tag-seismisiteten","tag-stabil","generate-columns","tablet-grid-50","mobile-grid-100","grid-parent","grid-33","resize-featured-image"],"yoast_head":"<!-- This site is optimized with the Yoast SEO plugin v24.4 - https:\/\/yoast.com\/wordpress\/plugins\/seo\/ -->\n<title>Ny INGV -bulletin p\u00e5 flegrei -feltene, l\u00f8ftet av jorda er stabil, men \u00f8ker seismisiteten - Nordnesrepublikken<\/title>\n<meta name=\"robots\" content=\"index, follow, max-snippet:-1, max-image-preview:large, max-video-preview:-1\" \/>\n<link rel=\"canonical\" href=\"https:\/\/nordnesrepublikken.no\/index.php\/2025\/04\/15\/ny-ingv-bulletin-pa-flegrei-feltene-loftet-av-jorda-er-stabil-men-oker-seismisiteten\/\" \/>\n<meta property=\"og:locale\" content=\"nb_NO\" \/>\n<meta property=\"og:type\" content=\"article\" \/>\n<meta property=\"og:title\" content=\"Ny INGV -bulletin p\u00e5 flegrei -feltene, l\u00f8ftet av jorda er stabil, men \u00f8ker seismisiteten - Nordnesrepublikken\" \/>\n<meta property=\"og:description\" content=\"Den siste er publisert i dag 15. april 2025 Ukentlig bulletin overv\u00e5king av CAMPI FREGREI\" \/>\n<meta property=\"og:url\" content=\"https:\/\/nordnesrepublikken.no\/index.php\/2025\/04\/15\/ny-ingv-bulletin-pa-flegrei-feltene-loftet-av-jorda-er-stabil-men-oker-seismisiteten\/\" \/>\n<meta property=\"og:site_name\" content=\"Nordnesrepublikken\" \/>\n<meta property=\"article:published_time\" content=\"2025-04-15T18:50:13+00:00\" \/>\n<meta property=\"article:modified_time\" content=\"2025-04-15T18:50:16+00:00\" \/>\n<meta property=\"og:image\" content=\"https:\/\/nordnesrepublikken.no\/wp-content\/uploads\/2025\/04\/1744743013_Ny-INGV-bulletin-pa-flegrei-feltene-loftet-av-jorda-er.jpg\" \/>\n\t<meta property=\"og:image:width\" content=\"2526\" \/>\n\t<meta property=\"og:image:height\" content=\"1418\" \/>\n\t<meta property=\"og:image:type\" content=\"image\/jpeg\" \/>\n<meta name=\"author\" content=\"Ole Andersen\" \/>\n<meta name=\"twitter:card\" content=\"summary_large_image\" \/>\n<meta name=\"twitter:label1\" content=\"Skrevet av\" \/>\n\t<meta name=\"twitter:data1\" content=\"Ole Andersen\" \/>\n\t<meta name=\"twitter:label2\" content=\"Ansl. lesetid\" \/>\n\t<meta name=\"twitter:data2\" content=\"2 minutter\" \/>\n<script type=\"application\/ld+json\" class=\"yoast-schema-graph\">{\"@context\":\"https:\/\/schema.org\",\"@graph\":[{\"@type\":\"Article\",\"@id\":\"https:\/\/nordnesrepublikken.no\/index.php\/2025\/04\/15\/ny-ingv-bulletin-pa-flegrei-feltene-loftet-av-jorda-er-stabil-men-oker-seismisiteten\/#article\",\"isPartOf\":{\"@id\":\"https:\/\/nordnesrepublikken.no\/index.php\/2025\/04\/15\/ny-ingv-bulletin-pa-flegrei-feltene-loftet-av-jorda-er-stabil-men-oker-seismisiteten\/\"},\"author\":{\"name\":\"Ole Andersen\",\"@id\":\"https:\/\/nordnesrepublikken.no\/#\/schema\/person\/2e7e81935bab77882fffb79296240ff1\"},\"headline\":\"Ny INGV -bulletin p\u00e5 flegrei -feltene, l\u00f8ftet av jorda er stabil, men \u00f8ker seismisiteten\",\"datePublished\":\"2025-04-15T18:50:13+00:00\",\"dateModified\":\"2025-04-15T18:50:16+00:00\",\"mainEntityOfPage\":{\"@id\":\"https:\/\/nordnesrepublikken.no\/index.php\/2025\/04\/15\/ny-ingv-bulletin-pa-flegrei-feltene-loftet-av-jorda-er-stabil-men-oker-seismisiteten\/\"},\"wordCount\":505,\"publisher\":{\"@id\":\"https:\/\/nordnesrepublikken.no\/#organization\"},\"image\":{\"@id\":\"https:\/\/nordnesrepublikken.no\/index.php\/2025\/04\/15\/ny-ingv-bulletin-pa-flegrei-feltene-loftet-av-jorda-er-stabil-men-oker-seismisiteten\/#primaryimage\"},\"thumbnailUrl\":\"https:\/\/nordnesrepublikken.no\/wp-content\/uploads\/2025\/04\/1744743013_Ny-INGV-bulletin-pa-flegrei-feltene-loftet-av-jorda-er.jpg\",\"keywords\":[\"bulletin\",\"feltene\",\"flegrei\",\"INGV\",\"jorda\",\"l\u00f8ftet\",\"men\",\"\u00f8ker\",\"p\u00e5\",\"seismisiteten\",\"stabil\"],\"articleSection\":[\"Vitenskap\"],\"inLanguage\":\"nb-NO\"},{\"@type\":\"WebPage\",\"@id\":\"https:\/\/nordnesrepublikken.no\/index.php\/2025\/04\/15\/ny-ingv-bulletin-pa-flegrei-feltene-loftet-av-jorda-er-stabil-men-oker-seismisiteten\/\",\"url\":\"https:\/\/nordnesrepublikken.no\/index.php\/2025\/04\/15\/ny-ingv-bulletin-pa-flegrei-feltene-loftet-av-jorda-er-stabil-men-oker-seismisiteten\/\",\"name\":\"Ny INGV -bulletin p\u00e5 flegrei -feltene, l\u00f8ftet av jorda er stabil, men \u00f8ker seismisiteten - Nordnesrepublikken\",\"isPartOf\":{\"@id\":\"https:\/\/nordnesrepublikken.no\/#website\"},\"primaryImageOfPage\":{\"@id\":\"https:\/\/nordnesrepublikken.no\/index.php\/2025\/04\/15\/ny-ingv-bulletin-pa-flegrei-feltene-loftet-av-jorda-er-stabil-men-oker-seismisiteten\/#primaryimage\"},\"image\":{\"@id\":\"https:\/\/nordnesrepublikken.no\/index.php\/2025\/04\/15\/ny-ingv-bulletin-pa-flegrei-feltene-loftet-av-jorda-er-stabil-men-oker-seismisiteten\/#primaryimage\"},\"thumbnailUrl\":\"https:\/\/nordnesrepublikken.no\/wp-content\/uploads\/2025\/04\/1744743013_Ny-INGV-bulletin-pa-flegrei-feltene-loftet-av-jorda-er.jpg\",\"datePublished\":\"2025-04-15T18:50:13+00:00\",\"dateModified\":\"2025-04-15T18:50:16+00:00\",\"breadcrumb\":{\"@id\":\"https:\/\/nordnesrepublikken.no\/index.php\/2025\/04\/15\/ny-ingv-bulletin-pa-flegrei-feltene-loftet-av-jorda-er-stabil-men-oker-seismisiteten\/#breadcrumb\"},\"inLanguage\":\"nb-NO\",\"potentialAction\":[{\"@type\":\"ReadAction\",\"target\":[\"https:\/\/nordnesrepublikken.no\/index.php\/2025\/04\/15\/ny-ingv-bulletin-pa-flegrei-feltene-loftet-av-jorda-er-stabil-men-oker-seismisiteten\/\"]}]},{\"@type\":\"ImageObject\",\"inLanguage\":\"nb-NO\",\"@id\":\"https:\/\/nordnesrepublikken.no\/index.php\/2025\/04\/15\/ny-ingv-bulletin-pa-flegrei-feltene-loftet-av-jorda-er-stabil-men-oker-seismisiteten\/#primaryimage\",\"url\":\"https:\/\/nordnesrepublikken.no\/wp-content\/uploads\/2025\/04\/1744743013_Ny-INGV-bulletin-pa-flegrei-feltene-loftet-av-jorda-er.jpg\",\"contentUrl\":\"https:\/\/nordnesrepublikken.no\/wp-content\/uploads\/2025\/04\/1744743013_Ny-INGV-bulletin-pa-flegrei-feltene-loftet-av-jorda-er.jpg\",\"width\":2526,\"height\":1418,\"caption\":\"bollettino campi flegrei\"},{\"@type\":\"BreadcrumbList\",\"@id\":\"https:\/\/nordnesrepublikken.no\/index.php\/2025\/04\/15\/ny-ingv-bulletin-pa-flegrei-feltene-loftet-av-jorda-er-stabil-men-oker-seismisiteten\/#breadcrumb\",\"itemListElement\":[{\"@type\":\"ListItem\",\"position\":1,\"name\":\"Home\",\"item\":\"https:\/\/nordnesrepublikken.no\/\"},{\"@type\":\"ListItem\",\"position\":2,\"name\":\"Ny INGV -bulletin p\u00e5 flegrei -feltene, l\u00f8ftet av jorda er stabil, men \u00f8ker seismisiteten\"}]},{\"@type\":\"WebSite\",\"@id\":\"https:\/\/nordnesrepublikken.no\/#website\",\"url\":\"https:\/\/nordnesrepublikken.no\/\",\"name\":\"Nordnesrepublikken\",\"description\":\"Stemmer og Visjoner fra Republikkens Hjerte\",\"publisher\":{\"@id\":\"https:\/\/nordnesrepublikken.no\/#organization\"},\"potentialAction\":[{\"@type\":\"SearchAction\",\"target\":{\"@type\":\"EntryPoint\",\"urlTemplate\":\"https:\/\/nordnesrepublikken.no\/?s={search_term_string}\"},\"query-input\":{\"@type\":\"PropertyValueSpecification\",\"valueRequired\":true,\"valueName\":\"search_term_string\"}}],\"inLanguage\":\"nb-NO\"},{\"@type\":\"Organization\",\"@id\":\"https:\/\/nordnesrepublikken.no\/#organization\",\"name\":\"Nordnesrepublikken\",\"url\":\"https:\/\/nordnesrepublikken.no\/\",\"logo\":{\"@type\":\"ImageObject\",\"inLanguage\":\"nb-NO\",\"@id\":\"https:\/\/nordnesrepublikken.no\/#\/schema\/logo\/image\/\",\"url\":\"https:\/\/nordnesrepublikken.no\/wp-content\/uploads\/2025\/02\/cropped-nordnesrepublikken-2.png\",\"contentUrl\":\"https:\/\/nordnesrepublikken.no\/wp-content\/uploads\/2025\/02\/cropped-nordnesrepublikken-2.png\",\"width\":1248,\"height\":362,\"caption\":\"Nordnesrepublikken\"},\"image\":{\"@id\":\"https:\/\/nordnesrepublikken.no\/#\/schema\/logo\/image\/\"}},{\"@type\":\"Person\",\"@id\":\"https:\/\/nordnesrepublikken.no\/#\/schema\/person\/2e7e81935bab77882fffb79296240ff1\",\"name\":\"Ole Andersen\",\"image\":{\"@type\":\"ImageObject\",\"inLanguage\":\"nb-NO\",\"@id\":\"https:\/\/nordnesrepublikken.no\/#\/schema\/person\/image\/\",\"url\":\"https:\/\/nordnesrepublikken.no\/wp-content\/uploads\/2025\/02\/nordnesrepublikken-2-2-150x150.jpg\",\"contentUrl\":\"https:\/\/nordnesrepublikken.no\/wp-content\/uploads\/2025\/02\/nordnesrepublikken-2-2-150x150.jpg\",\"caption\":\"Ole Andersen\"},\"description\":\"Ettersom jeg vokste opp i Oslo, har jeg alltid v\u00e6rt fascinert av ordenes kraft og deres evne til \u00e5 skape endringer. Etter \u00e5 ha fullf\u00f8rt min utdannelse i kommunikasjon ved Universitetet i Bergen, fikk jeg muligheten til \u00e5 jobbe innen ulike medier, der jeg har s\u00f8kt \u00e5 belyse viktige samfunnssp\u00f8rsm\u00e5l. I dag, som redakt\u00f8r for Nordnesrepublikken, pr\u00f8ver jeg \u00e5 forene min kj\u00e6rlighet for journalistikk med min lidenskap for innovasjon og eventyr.\",\"sameAs\":[\"https:\/\/nordnesrepublikken.no\/\"]}]}<\/script>\n<!-- \/ Yoast SEO plugin. -->","yoast_head_json":{"title":"Ny INGV -bulletin p\u00e5 flegrei -feltene, l\u00f8ftet av jorda er stabil, men \u00f8ker seismisiteten - Nordnesrepublikken","robots":{"index":"index","follow":"follow","max-snippet":"max-snippet:-1","max-image-preview":"max-image-preview:large","max-video-preview":"max-video-preview:-1"},"canonical":"https:\/\/nordnesrepublikken.no\/index.php\/2025\/04\/15\/ny-ingv-bulletin-pa-flegrei-feltene-loftet-av-jorda-er-stabil-men-oker-seismisiteten\/","og_locale":"nb_NO","og_type":"article","og_title":"Ny INGV -bulletin p\u00e5 flegrei -feltene, l\u00f8ftet av jorda er stabil, men \u00f8ker seismisiteten - Nordnesrepublikken","og_description":"Den siste er publisert i dag 15. april 2025 Ukentlig bulletin overv\u00e5king av CAMPI FREGREI","og_url":"https:\/\/nordnesrepublikken.no\/index.php\/2025\/04\/15\/ny-ingv-bulletin-pa-flegrei-feltene-loftet-av-jorda-er-stabil-men-oker-seismisiteten\/","og_site_name":"Nordnesrepublikken","article_published_time":"2025-04-15T18:50:13+00:00","article_modified_time":"2025-04-15T18:50:16+00:00","og_image":[{"width":2526,"height":1418,"url":"https:\/\/nordnesrepublikken.no\/wp-content\/uploads\/2025\/04\/1744743013_Ny-INGV-bulletin-pa-flegrei-feltene-loftet-av-jorda-er.jpg","type":"image\/jpeg"}],"author":"Ole Andersen","twitter_card":"summary_large_image","twitter_misc":{"Skrevet av":"Ole Andersen","Ansl. lesetid":"2 minutter"},"schema":{"@context":"https:\/\/schema.org","@graph":[{"@type":"Article","@id":"https:\/\/nordnesrepublikken.no\/index.php\/2025\/04\/15\/ny-ingv-bulletin-pa-flegrei-feltene-loftet-av-jorda-er-stabil-men-oker-seismisiteten\/#article","isPartOf":{"@id":"https:\/\/nordnesrepublikken.no\/index.php\/2025\/04\/15\/ny-ingv-bulletin-pa-flegrei-feltene-loftet-av-jorda-er-stabil-men-oker-seismisiteten\/"},"author":{"name":"Ole Andersen","@id":"https:\/\/nordnesrepublikken.no\/#\/schema\/person\/2e7e81935bab77882fffb79296240ff1"},"headline":"Ny INGV -bulletin p\u00e5 flegrei -feltene, l\u00f8ftet av jorda er stabil, men \u00f8ker seismisiteten","datePublished":"2025-04-15T18:50:13+00:00","dateModified":"2025-04-15T18:50:16+00:00","mainEntityOfPage":{"@id":"https:\/\/nordnesrepublikken.no\/index.php\/2025\/04\/15\/ny-ingv-bulletin-pa-flegrei-feltene-loftet-av-jorda-er-stabil-men-oker-seismisiteten\/"},"wordCount":505,"publisher":{"@id":"https:\/\/nordnesrepublikken.no\/#organization"},"image":{"@id":"https:\/\/nordnesrepublikken.no\/index.php\/2025\/04\/15\/ny-ingv-bulletin-pa-flegrei-feltene-loftet-av-jorda-er-stabil-men-oker-seismisiteten\/#primaryimage"},"thumbnailUrl":"https:\/\/nordnesrepublikken.no\/wp-content\/uploads\/2025\/04\/1744743013_Ny-INGV-bulletin-pa-flegrei-feltene-loftet-av-jorda-er.jpg","keywords":["bulletin","feltene","flegrei","INGV","jorda","l\u00f8ftet","men","\u00f8ker","p\u00e5","seismisiteten","stabil"],"articleSection":["Vitenskap"],"inLanguage":"nb-NO"},{"@type":"WebPage","@id":"https:\/\/nordnesrepublikken.no\/index.php\/2025\/04\/15\/ny-ingv-bulletin-pa-flegrei-feltene-loftet-av-jorda-er-stabil-men-oker-seismisiteten\/","url":"https:\/\/nordnesrepublikken.no\/index.php\/2025\/04\/15\/ny-ingv-bulletin-pa-flegrei-feltene-loftet-av-jorda-er-stabil-men-oker-seismisiteten\/","name":"Ny INGV -bulletin p\u00e5 flegrei -feltene, l\u00f8ftet av jorda er stabil, men \u00f8ker seismisiteten - Nordnesrepublikken","isPartOf":{"@id":"https:\/\/nordnesrepublikken.no\/#website"},"primaryImageOfPage":{"@id":"https:\/\/nordnesrepublikken.no\/index.php\/2025\/04\/15\/ny-ingv-bulletin-pa-flegrei-feltene-loftet-av-jorda-er-stabil-men-oker-seismisiteten\/#primaryimage"},"image":{"@id":"https:\/\/nordnesrepublikken.no\/index.php\/2025\/04\/15\/ny-ingv-bulletin-pa-flegrei-feltene-loftet-av-jorda-er-stabil-men-oker-seismisiteten\/#primaryimage"},"thumbnailUrl":"https:\/\/nordnesrepublikken.no\/wp-content\/uploads\/2025\/04\/1744743013_Ny-INGV-bulletin-pa-flegrei-feltene-loftet-av-jorda-er.jpg","datePublished":"2025-04-15T18:50:13+00:00","dateModified":"2025-04-15T18:50:16+00:00","breadcrumb":{"@id":"https:\/\/nordnesrepublikken.no\/index.php\/2025\/04\/15\/ny-ingv-bulletin-pa-flegrei-feltene-loftet-av-jorda-er-stabil-men-oker-seismisiteten\/#breadcrumb"},"inLanguage":"nb-NO","potentialAction":[{"@type":"ReadAction","target":["https:\/\/nordnesrepublikken.no\/index.php\/2025\/04\/15\/ny-ingv-bulletin-pa-flegrei-feltene-loftet-av-jorda-er-stabil-men-oker-seismisiteten\/"]}]},{"@type":"ImageObject","inLanguage":"nb-NO","@id":"https:\/\/nordnesrepublikken.no\/index.php\/2025\/04\/15\/ny-ingv-bulletin-pa-flegrei-feltene-loftet-av-jorda-er-stabil-men-oker-seismisiteten\/#primaryimage","url":"https:\/\/nordnesrepublikken.no\/wp-content\/uploads\/2025\/04\/1744743013_Ny-INGV-bulletin-pa-flegrei-feltene-loftet-av-jorda-er.jpg","contentUrl":"https:\/\/nordnesrepublikken.no\/wp-content\/uploads\/2025\/04\/1744743013_Ny-INGV-bulletin-pa-flegrei-feltene-loftet-av-jorda-er.jpg","width":2526,"height":1418,"caption":"bollettino campi flegrei"},{"@type":"BreadcrumbList","@id":"https:\/\/nordnesrepublikken.no\/index.php\/2025\/04\/15\/ny-ingv-bulletin-pa-flegrei-feltene-loftet-av-jorda-er-stabil-men-oker-seismisiteten\/#breadcrumb","itemListElement":[{"@type":"ListItem","position":1,"name":"Home","item":"https:\/\/nordnesrepublikken.no\/"},{"@type":"ListItem","position":2,"name":"Ny INGV -bulletin p\u00e5 flegrei -feltene, l\u00f8ftet av jorda er stabil, men \u00f8ker seismisiteten"}]},{"@type":"WebSite","@id":"https:\/\/nordnesrepublikken.no\/#website","url":"https:\/\/nordnesrepublikken.no\/","name":"Nordnesrepublikken","description":"Stemmer og Visjoner fra Republikkens Hjerte","publisher":{"@id":"https:\/\/nordnesrepublikken.no\/#organization"},"potentialAction":[{"@type":"SearchAction","target":{"@type":"EntryPoint","urlTemplate":"https:\/\/nordnesrepublikken.no\/?s={search_term_string}"},"query-input":{"@type":"PropertyValueSpecification","valueRequired":true,"valueName":"search_term_string"}}],"inLanguage":"nb-NO"},{"@type":"Organization","@id":"https:\/\/nordnesrepublikken.no\/#organization","name":"Nordnesrepublikken","url":"https:\/\/nordnesrepublikken.no\/","logo":{"@type":"ImageObject","inLanguage":"nb-NO","@id":"https:\/\/nordnesrepublikken.no\/#\/schema\/logo\/image\/","url":"https:\/\/nordnesrepublikken.no\/wp-content\/uploads\/2025\/02\/cropped-nordnesrepublikken-2.png","contentUrl":"https:\/\/nordnesrepublikken.no\/wp-content\/uploads\/2025\/02\/cropped-nordnesrepublikken-2.png","width":1248,"height":362,"caption":"Nordnesrepublikken"},"image":{"@id":"https:\/\/nordnesrepublikken.no\/#\/schema\/logo\/image\/"}},{"@type":"Person","@id":"https:\/\/nordnesrepublikken.no\/#\/schema\/person\/2e7e81935bab77882fffb79296240ff1","name":"Ole Andersen","image":{"@type":"ImageObject","inLanguage":"nb-NO","@id":"https:\/\/nordnesrepublikken.no\/#\/schema\/person\/image\/","url":"https:\/\/nordnesrepublikken.no\/wp-content\/uploads\/2025\/02\/nordnesrepublikken-2-2-150x150.jpg","contentUrl":"https:\/\/nordnesrepublikken.no\/wp-content\/uploads\/2025\/02\/nordnesrepublikken-2-2-150x150.jpg","caption":"Ole Andersen"},"description":"Ettersom jeg vokste opp i Oslo, har jeg alltid v\u00e6rt fascinert av ordenes kraft og deres evne til \u00e5 skape endringer. Etter \u00e5 ha fullf\u00f8rt min utdannelse i kommunikasjon ved Universitetet i Bergen, fikk jeg muligheten til \u00e5 jobbe innen ulike medier, der jeg har s\u00f8kt \u00e5 belyse viktige samfunnssp\u00f8rsm\u00e5l. I dag, som redakt\u00f8r for Nordnesrepublikken, pr\u00f8ver jeg \u00e5 forene min kj\u00e6rlighet for journalistikk med min lidenskap for innovasjon og eventyr.","sameAs":["https:\/\/nordnesrepublikken.no\/"]}]}},"_links":{"self":[{"href":"https:\/\/nordnesrepublikken.no\/index.php\/wp-json\/wp\/v2\/posts\/3380","targetHints":{"allow":["GET"]}}],"collection":[{"href":"https:\/\/nordnesrepublikken.no\/index.php\/wp-json\/wp\/v2\/posts"}],"about":[{"href":"https:\/\/nordnesrepublikken.no\/index.php\/wp-json\/wp\/v2\/types\/post"}],"author":[{"embeddable":true,"href":"https:\/\/nordnesrepublikken.no\/index.php\/wp-json\/wp\/v2\/users\/1"}],"replies":[{"embeddable":true,"href":"https:\/\/nordnesrepublikken.no\/index.php\/wp-json\/wp\/v2\/comments?post=3380"}],"version-history":[{"count":1,"href":"https:\/\/nordnesrepublikken.no\/index.php\/wp-json\/wp\/v2\/posts\/3380\/revisions"}],"predecessor-version":[{"id":3382,"href":"https:\/\/nordnesrepublikken.no\/index.php\/wp-json\/wp\/v2\/posts\/3380\/revisions\/3382"}],"wp:featuredmedia":[{"embeddable":true,"href":"https:\/\/nordnesrepublikken.no\/index.php\/wp-json\/wp\/v2\/media\/3381"}],"wp:attachment":[{"href":"https:\/\/nordnesrepublikken.no\/index.php\/wp-json\/wp\/v2\/media?parent=3380"}],"wp:term":[{"taxonomy":"category","embeddable":true,"href":"https:\/\/nordnesrepublikken.no\/index.php\/wp-json\/wp\/v2\/categories?post=3380"},{"taxonomy":"post_tag","embeddable":true,"href":"https:\/\/nordnesrepublikken.no\/index.php\/wp-json\/wp\/v2\/tags?post=3380"}],"curies":[{"name":"wp","href":"https:\/\/api.w.org\/{rel}","templated":true}]}}