{"id":3348,"date":"2025-04-15T00:50:34","date_gmt":"2025-04-14T22:50:34","guid":{"rendered":"https:\/\/nordnesrepublikken.no\/index.php\/2025\/04\/15\/hva-som-er-inni-og-hvordan-det-ble-bygget\/"},"modified":"2025-04-15T00:50:35","modified_gmt":"2025-04-14T22:50:35","slug":"hva-som-er-inni-og-hvordan-det-ble-bygget","status":"publish","type":"post","link":"https:\/\/nordnesrepublikken.no\/index.php\/2025\/04\/15\/hva-som-er-inni-og-hvordan-det-ble-bygget\/","title":{"rendered":"Hva som er inni og hvordan det ble bygget"},"content":{"rendered":"<div>\n<div class=\"cp_wrapper cp_wrapper--fw mb-30 mb-20@tablet\">\n<figure class=\"mm\"><picture class=\"img\" style=\"padding-top:56.25%\"><source  media=\"(min-width: 1024px)\"><source  media=\"(min-width: 768px)\"><\/source><\/source><\/picture><\/figure>\n<\/p><\/div>\n<p><strong>Central Park<\/strong> Det er en av de mest kjente parkene i verden: ligger i Manhattan -distriktet A <strong>New York<\/strong> Mellom Hudson River og East River har han et omr\u00e5de av Ben <strong>3,41 km<sup>2<\/sup><\/strong>. Inni er det titalls km gang- og sykkelstier, samt innsj\u00f8er, museer, dyrehage, konsertrom og mye mer. Kort sagt, det er en av de viktigste attraksjonene i Big Apple &#8230; selv om ikke alle vet at inntil for noen ti\u00e5r siden i dette samme omr\u00e5det var det bare hus og parken ble bygget ved bordet etter \u00e5 ha revet hele boligomr\u00e5der. Manhattan Public Park Rocks<\/p>\n<h2 id=\"come-e-fatto-central-park\">Som Central Park er ferdig og hva som er inni<\/h2>\n<p>Som forventet ligger Central Park i hjertet av New York, mellom Hudson River og East River. Parken m\u00e5ler om <strong>4 km lang<\/strong> Til <strong>800 meter<\/strong> <strong>bredde<\/strong> og har en total overflate av <strong>3,41 km<sup>2<\/sup><\/strong>. For \u00e5 f\u00e5 en ide, er det mer enn overflaten til fyrsted\u00f8mmet M\u00fcnchen og Vatikanbyen satt sammen, men &#8211; liten nysgjerrighet &#8211; er samtidig omtrent halvparten av parken til Villa Reale i Monza.<\/p>\n<p>Inne i parken er det mer enn<strong> 93 km<\/strong> Av fotgjengerstier, selv om det er interessant at i det siste ikke alle kunne bli reist til fots: en del av rutene var faktisk fotgjenger, som i dag, mens andre baner var reservert for hester i travet og andre bare for vogner. Det var en m\u00e5te \u00e5 redusere trafikk ulemper &#8230; selv om dette faktisk skapte en &laquo;klasse&raquo; -divisjon den gangen, med de fattige p\u00e5 turstier og de rike p\u00e5 de som var p\u00e5 hesteryggen: ogs\u00e5 av denne grunn ble det besluttet \u00e5 gj\u00f8re dem alle gang- og sykkelstier.<\/p>\n<p>Men Central Park er ikke bare gangstier: det er mange inni <strong>Interessepunkter<\/strong> som gj\u00f8r det til et unikt sted i verden: Jeg snakker for eksempel <strong>Metropolitan Museum of Art<\/strong>fra <strong>fontene<\/strong> og av <strong>Bethesda Terrace,<\/strong> av dyrehagen eller de mange <strong>innsj\u00f8er<\/strong> laget i den. Fordi ja, innsj\u00f8ene ble ogs\u00e5 laget spesielt for parken, f\u00f8r de ikke eksisterte.<\/p>\n<p>De eneste autentiske tingene i Central Park er &#8230; steinene.<\/p>\n<h2 id=\"le-rocce-di-central-park\">Rocks of the Manhattan Public Park<\/h2>\n<p>Disse har v\u00e6rt der f\u00f8r det var parken, siden f\u00f8r New York eksisterte og, tenk, de er en alder som i noen tilfeller kommer til <strong>1,1 milliarder \u00e5r<\/strong>. Blant disse er noen spesielt bemerkelsesverdige, for eksempel <strong>Rock Vista<\/strong>som <strong>Belvedere Castle.<\/strong> Blant annet &#8211; liten anekdote &#8211; her m\u00e5tte de opprinnelig oppst\u00e5 to slott, men midlene til parken var ferdig, og derfor i stedet for dette andre slottet for \u00e5 spare penger, ble det besluttet \u00e5 lage en <strong>Tre baldakin<\/strong>.<\/p>\n<div class=\"cp_wrapper cp_wrapper--fw mb-50\">\n<figure class=\"mm\"><picture class=\"img\" style=\"padding-top:75%\"><source  media=\"(min-width: 1024px)\"><source  media=\"(min-width: 768px)\"><img decoding=\"async\" loading=\"lazy\" src=\"https:\/\/nordnesrepublikken.no\/wp-content\/uploads\/2025\/04\/1744671034_961_Hva-som-er-inni-og-hvordan-det-ble-bygget.jpg\" alt=\"Bilde\" width=\"1024\" height=\"768\"><\/source><\/source><\/picture><\/figure>\n<\/p><\/div>\n<p>Apropos midler og prosjekter, jeg tror det er p\u00e5 tide \u00e5 ta et sprang i tide og g\u00e5 for \u00e5 se hvordan ideen om \u00e5 lage en s\u00e5 flott park ble f\u00f8dt midt i byen.<\/p>\n<h2 id=\"il-progetto-di-central-park\">Central Parks prosjekt i New York<\/h2>\n<p>Vi er alle sammen<strong>&#8216;Begynnelsen av det nittende \u00e5rhundre<\/strong>: Byen New York utvides raskt og den klassiske nettstrukturen som vi alle vet blir mer og tettere. Dette, som det er lett \u00e5 gjette, forhindret opprettelsen av en park som er verdig dette navnet. Ja, det var gr\u00f8nne omr\u00e5der, men de var sm\u00e5 sparsomme spredt her og der. Situasjonen begynte \u00e5 endre seg i 1853, da de h\u00f8ye kontorene i landet bestemte seg for \u00e5 lage <strong>et gr\u00f8nt omr\u00e5de<\/strong> For alle innbyggere &#8230; men &#8230; hvor ville det blitt bygget hvis \u00f8ya Manhattan nesten var totalt dekket med hus?<\/p>\n<p>Enkelt, noen nabolag gikk <strong>revet.<\/strong> Hovedomr\u00e5det som er involvert i denne maksimolisjonen av riving ville ha v\u00e6rt den mellom <strong>59. og 106. vei<\/strong>dermed inkludert <strong>Seneca Village.<\/strong> Seneca-landsbyen var et samfunn der mange eks-skift bodde og jobbet. La oss huske at vi er i midten av nittende \u00e5rhundre, og slutten av slaveriet hadde blitt bestemt i noen \u00e5r.<\/p>\n<div class=\"cp_wrapper cp_wrapper--fw mb-50\">\n<figure class=\"mm\"><picture class=\"img\" style=\"padding-top:70.036429872495%\"><source  media=\"(min-width: 1024px)\"><source  media=\"(min-width: 768px)\"><img decoding=\"async\" loading=\"lazy\" src=\"https:\/\/nordnesrepublikken.no\/wp-content\/uploads\/2025\/04\/1744671034_909_Hva-som-er-inni-og-hvordan-det-ble-bygget.jpg\" alt=\"Bilde\" width=\"1098\" height=\"769\" class=\"js-seedtag-img\"><\/source><\/source><\/picture><\/figure>\n<\/p><\/div>\n<p>P\u00e5 det tidspunktet hadde regjeringen myndighet til \u00e5 kunne ekspropriasjonshus av privatpersoner hvis visse offentlige arbeider m\u00e5tte utf\u00f8res, men for \u00e5 unng\u00e5 \u00e5 passere som &laquo;dominerende&raquo;, bestemte de seg for \u00e5 implementere en \u00e6rekrenkende strategi mot innbyggerne i Seneca -landsbyen: gjennom aviser og offentlige uttalelser, det var \u00e5 utnytte den latente rasismen til den nye avisen og en offentlige uttalelser, det var \u00e5 utnytte den latente rasismen til den nye york i disse \u00e5rene, og det var en god uttalelse, det var \u00e5 utnytte innbyggerne i Seneca -landsbyen: det ville v\u00e6re en god uttalelse, det var en god uttalelse, det var \u00e5 utnytte innbyggerne i Seneca -landsbyen: det ville v\u00e6re en god uttalelse, det var det som var en god uttalelse. uavhengig av parken.<\/p>\n<p>Mens denne kampanjen var i gang, ble det besluttet \u00e5 ringe en konkurranse i New York Times om \u00e5 bestemme hvilken arkitekt som skulle takle prosjektet.<\/p>\n<h2 id=\"la-costruzione-del-parco\">Byggingen av parken<\/h2>\n<p>For \u00e5 overvinne denne kunngj\u00f8ringen var det n\u00f8dvendig \u00e5 presentere prosjekter som inkluderer visse elementer, blant dem vi finner:<\/p>\n<ul>\n<li>veier som vil tillate \u00e5 krysse parken til side;<\/li>\n<li>en fontene;<\/li>\n<li>et cricketfelt;<\/li>\n<li>et omr\u00e5de dedikert til sk\u00f8yter om vinteren;<\/li>\n<li>Et konserthus.<\/li>\n<\/ul>\n<p>Det vinnende prosjektet ville ha f\u00e5tt et budsjett p\u00e5 <strong>1,5 millioner dollar<\/strong>som i dag vil v\u00e6re ekvivalent med noe s\u00e5nt som <strong>60 millioner dollar<\/strong>. Totalt ble presentert <strong>32 forskjellige prosjekter<\/strong>. Blant disse var de som foreslo elegante hager i europeisk stil, andre tilb\u00f8d Terraces Gardens, men til slutt 28. april 1858 ble vinneren valgt. De var den gr\u00f8nne planen, arbeidet til designerne og arkitektene <strong>Frederick Law Olmsted<\/strong> Og <strong>Calvert Vaux.<\/strong> Ideen deres var veldig lik det vi ser i dag, derfor en hage som er fullstendig studert ved bordet, men det ville gi f\u00f8lelsen av \u00e5 v\u00e6re et nesten uforurenset naturomr\u00e5de.<\/p>\n<p>P\u00e5 dette tidspunktet kan konstruksjonsarbeidene starte: <strong>Seneca Village<\/strong> Og alle husene som kom tilbake i fremtidens parker ble revet og tvang <strong>1600 mennesker<\/strong> \u00e5 bli tvunget &#8211; bak en liten statskompensasjon anses som utilstrekkelig. Etter \u00e5 ha rasert alt til bakken &#8211; med unntak av basisbergartene som fremdeles er til stede i dag &#8211; bygninger, planter tr\u00e6r og gj\u00f8r alt du trenger for \u00e5 gj\u00f8re den sentrale parken til stedet vi kjenner i dag.<\/p>\n<\/p><\/div>\n","protected":false},"excerpt":{"rendered":"<p>Central Park Det er en av de mest kjente parkene i verden: ligger i Manhattan<\/p>\n","protected":false},"author":1,"featured_media":3349,"comment_status":"closed","ping_status":"open","sticky":false,"template":"","format":"standard","meta":{"footnotes":""},"categories":[26],"tags":[373,1043,66,144,112,1133,31],"class_list":["post-3348","post","type-post","status-publish","format-standard","has-post-thumbnail","hentry","category-miljo","tag-ble","tag-bygget","tag-det","tag-hva","tag-hvordan","tag-inni","tag-som","generate-columns","tablet-grid-50","mobile-grid-100","grid-parent","grid-33","resize-featured-image"],"yoast_head":"<!-- This site is optimized with the Yoast SEO plugin v24.4 - https:\/\/yoast.com\/wordpress\/plugins\/seo\/ -->\n<title>Hva som er inni og hvordan det ble bygget - Nordnesrepublikken<\/title>\n<meta name=\"robots\" content=\"index, follow, max-snippet:-1, max-image-preview:large, max-video-preview:-1\" \/>\n<link rel=\"canonical\" href=\"https:\/\/nordnesrepublikken.no\/index.php\/2025\/04\/15\/hva-som-er-inni-og-hvordan-det-ble-bygget\/\" \/>\n<meta property=\"og:locale\" content=\"nb_NO\" \/>\n<meta property=\"og:type\" content=\"article\" \/>\n<meta property=\"og:title\" content=\"Hva som er inni og hvordan det ble bygget - Nordnesrepublikken\" \/>\n<meta property=\"og:description\" content=\"Central Park Det er en av de mest kjente parkene i verden: ligger i Manhattan\" \/>\n<meta property=\"og:url\" content=\"https:\/\/nordnesrepublikken.no\/index.php\/2025\/04\/15\/hva-som-er-inni-og-hvordan-det-ble-bygget\/\" \/>\n<meta property=\"og:site_name\" content=\"Nordnesrepublikken\" \/>\n<meta property=\"article:published_time\" content=\"2025-04-14T22:50:34+00:00\" \/>\n<meta property=\"article:modified_time\" content=\"2025-04-14T22:50:35+00:00\" \/>\n<meta property=\"og:image\" content=\"https:\/\/nordnesrepublikken.no\/wp-content\/uploads\/2025\/04\/1744671034_Hva-som-er-inni-og-hvordan-det-ble-bygget.jpg\" \/>\n\t<meta property=\"og:image:width\" content=\"1280\" \/>\n\t<meta property=\"og:image:height\" content=\"720\" \/>\n\t<meta property=\"og:image:type\" content=\"image\/jpeg\" \/>\n<meta name=\"author\" content=\"Ole Andersen\" \/>\n<meta name=\"twitter:card\" content=\"summary_large_image\" \/>\n<meta name=\"twitter:label1\" content=\"Skrevet av\" \/>\n\t<meta name=\"twitter:data1\" content=\"Ole Andersen\" \/>\n\t<meta name=\"twitter:label2\" content=\"Ansl. lesetid\" \/>\n\t<meta name=\"twitter:data2\" content=\"5 minutter\" \/>\n<script type=\"application\/ld+json\" class=\"yoast-schema-graph\">{\"@context\":\"https:\/\/schema.org\",\"@graph\":[{\"@type\":\"Article\",\"@id\":\"https:\/\/nordnesrepublikken.no\/index.php\/2025\/04\/15\/hva-som-er-inni-og-hvordan-det-ble-bygget\/#article\",\"isPartOf\":{\"@id\":\"https:\/\/nordnesrepublikken.no\/index.php\/2025\/04\/15\/hva-som-er-inni-og-hvordan-det-ble-bygget\/\"},\"author\":{\"name\":\"Ole Andersen\",\"@id\":\"https:\/\/nordnesrepublikken.no\/#\/schema\/person\/2e7e81935bab77882fffb79296240ff1\"},\"headline\":\"Hva som er inni og hvordan det ble bygget\",\"datePublished\":\"2025-04-14T22:50:34+00:00\",\"dateModified\":\"2025-04-14T22:50:35+00:00\",\"mainEntityOfPage\":{\"@id\":\"https:\/\/nordnesrepublikken.no\/index.php\/2025\/04\/15\/hva-som-er-inni-og-hvordan-det-ble-bygget\/\"},\"wordCount\":993,\"publisher\":{\"@id\":\"https:\/\/nordnesrepublikken.no\/#organization\"},\"image\":{\"@id\":\"https:\/\/nordnesrepublikken.no\/index.php\/2025\/04\/15\/hva-som-er-inni-og-hvordan-det-ble-bygget\/#primaryimage\"},\"thumbnailUrl\":\"https:\/\/nordnesrepublikken.no\/wp-content\/uploads\/2025\/04\/1744671034_Hva-som-er-inni-og-hvordan-det-ble-bygget.jpg\",\"keywords\":[\"ble\",\"bygget\",\"Det\",\"Hva\",\"Hvordan\",\"inni\",\"som\"],\"articleSection\":[\"Milj\u00f8\"],\"inLanguage\":\"nb-NO\"},{\"@type\":\"WebPage\",\"@id\":\"https:\/\/nordnesrepublikken.no\/index.php\/2025\/04\/15\/hva-som-er-inni-og-hvordan-det-ble-bygget\/\",\"url\":\"https:\/\/nordnesrepublikken.no\/index.php\/2025\/04\/15\/hva-som-er-inni-og-hvordan-det-ble-bygget\/\",\"name\":\"Hva som er inni og hvordan det ble bygget - Nordnesrepublikken\",\"isPartOf\":{\"@id\":\"https:\/\/nordnesrepublikken.no\/#website\"},\"primaryImageOfPage\":{\"@id\":\"https:\/\/nordnesrepublikken.no\/index.php\/2025\/04\/15\/hva-som-er-inni-og-hvordan-det-ble-bygget\/#primaryimage\"},\"image\":{\"@id\":\"https:\/\/nordnesrepublikken.no\/index.php\/2025\/04\/15\/hva-som-er-inni-og-hvordan-det-ble-bygget\/#primaryimage\"},\"thumbnailUrl\":\"https:\/\/nordnesrepublikken.no\/wp-content\/uploads\/2025\/04\/1744671034_Hva-som-er-inni-og-hvordan-det-ble-bygget.jpg\",\"datePublished\":\"2025-04-14T22:50:34+00:00\",\"dateModified\":\"2025-04-14T22:50:35+00:00\",\"breadcrumb\":{\"@id\":\"https:\/\/nordnesrepublikken.no\/index.php\/2025\/04\/15\/hva-som-er-inni-og-hvordan-det-ble-bygget\/#breadcrumb\"},\"inLanguage\":\"nb-NO\",\"potentialAction\":[{\"@type\":\"ReadAction\",\"target\":[\"https:\/\/nordnesrepublikken.no\/index.php\/2025\/04\/15\/hva-som-er-inni-og-hvordan-det-ble-bygget\/\"]}]},{\"@type\":\"ImageObject\",\"inLanguage\":\"nb-NO\",\"@id\":\"https:\/\/nordnesrepublikken.no\/index.php\/2025\/04\/15\/hva-som-er-inni-og-hvordan-det-ble-bygget\/#primaryimage\",\"url\":\"https:\/\/nordnesrepublikken.no\/wp-content\/uploads\/2025\/04\/1744671034_Hva-som-er-inni-og-hvordan-det-ble-bygget.jpg\",\"contentUrl\":\"https:\/\/nordnesrepublikken.no\/wp-content\/uploads\/2025\/04\/1744671034_Hva-som-er-inni-og-hvordan-det-ble-bygget.jpg\",\"width\":1280,\"height\":720,\"caption\":\"Immagine\"},{\"@type\":\"BreadcrumbList\",\"@id\":\"https:\/\/nordnesrepublikken.no\/index.php\/2025\/04\/15\/hva-som-er-inni-og-hvordan-det-ble-bygget\/#breadcrumb\",\"itemListElement\":[{\"@type\":\"ListItem\",\"position\":1,\"name\":\"Home\",\"item\":\"https:\/\/nordnesrepublikken.no\/\"},{\"@type\":\"ListItem\",\"position\":2,\"name\":\"Hva som er inni og hvordan det ble bygget\"}]},{\"@type\":\"WebSite\",\"@id\":\"https:\/\/nordnesrepublikken.no\/#website\",\"url\":\"https:\/\/nordnesrepublikken.no\/\",\"name\":\"Nordnesrepublikken\",\"description\":\"Stemmer og Visjoner fra Republikkens Hjerte\",\"publisher\":{\"@id\":\"https:\/\/nordnesrepublikken.no\/#organization\"},\"potentialAction\":[{\"@type\":\"SearchAction\",\"target\":{\"@type\":\"EntryPoint\",\"urlTemplate\":\"https:\/\/nordnesrepublikken.no\/?s={search_term_string}\"},\"query-input\":{\"@type\":\"PropertyValueSpecification\",\"valueRequired\":true,\"valueName\":\"search_term_string\"}}],\"inLanguage\":\"nb-NO\"},{\"@type\":\"Organization\",\"@id\":\"https:\/\/nordnesrepublikken.no\/#organization\",\"name\":\"Nordnesrepublikken\",\"url\":\"https:\/\/nordnesrepublikken.no\/\",\"logo\":{\"@type\":\"ImageObject\",\"inLanguage\":\"nb-NO\",\"@id\":\"https:\/\/nordnesrepublikken.no\/#\/schema\/logo\/image\/\",\"url\":\"https:\/\/nordnesrepublikken.no\/wp-content\/uploads\/2025\/02\/cropped-nordnesrepublikken-2.png\",\"contentUrl\":\"https:\/\/nordnesrepublikken.no\/wp-content\/uploads\/2025\/02\/cropped-nordnesrepublikken-2.png\",\"width\":1248,\"height\":362,\"caption\":\"Nordnesrepublikken\"},\"image\":{\"@id\":\"https:\/\/nordnesrepublikken.no\/#\/schema\/logo\/image\/\"}},{\"@type\":\"Person\",\"@id\":\"https:\/\/nordnesrepublikken.no\/#\/schema\/person\/2e7e81935bab77882fffb79296240ff1\",\"name\":\"Ole Andersen\",\"image\":{\"@type\":\"ImageObject\",\"inLanguage\":\"nb-NO\",\"@id\":\"https:\/\/nordnesrepublikken.no\/#\/schema\/person\/image\/\",\"url\":\"https:\/\/nordnesrepublikken.no\/wp-content\/uploads\/2025\/02\/nordnesrepublikken-2-2-150x150.jpg\",\"contentUrl\":\"https:\/\/nordnesrepublikken.no\/wp-content\/uploads\/2025\/02\/nordnesrepublikken-2-2-150x150.jpg\",\"caption\":\"Ole Andersen\"},\"description\":\"Ettersom jeg vokste opp i Oslo, har jeg alltid v\u00e6rt fascinert av ordenes kraft og deres evne til \u00e5 skape endringer. Etter \u00e5 ha fullf\u00f8rt min utdannelse i kommunikasjon ved Universitetet i Bergen, fikk jeg muligheten til \u00e5 jobbe innen ulike medier, der jeg har s\u00f8kt \u00e5 belyse viktige samfunnssp\u00f8rsm\u00e5l. I dag, som redakt\u00f8r for Nordnesrepublikken, pr\u00f8ver jeg \u00e5 forene min kj\u00e6rlighet for journalistikk med min lidenskap for innovasjon og eventyr.\",\"sameAs\":[\"https:\/\/nordnesrepublikken.no\/\"]}]}<\/script>\n<!-- \/ Yoast SEO plugin. -->","yoast_head_json":{"title":"Hva som er inni og hvordan det ble bygget - Nordnesrepublikken","robots":{"index":"index","follow":"follow","max-snippet":"max-snippet:-1","max-image-preview":"max-image-preview:large","max-video-preview":"max-video-preview:-1"},"canonical":"https:\/\/nordnesrepublikken.no\/index.php\/2025\/04\/15\/hva-som-er-inni-og-hvordan-det-ble-bygget\/","og_locale":"nb_NO","og_type":"article","og_title":"Hva som er inni og hvordan det ble bygget - Nordnesrepublikken","og_description":"Central Park Det er en av de mest kjente parkene i verden: ligger i Manhattan","og_url":"https:\/\/nordnesrepublikken.no\/index.php\/2025\/04\/15\/hva-som-er-inni-og-hvordan-det-ble-bygget\/","og_site_name":"Nordnesrepublikken","article_published_time":"2025-04-14T22:50:34+00:00","article_modified_time":"2025-04-14T22:50:35+00:00","og_image":[{"width":1280,"height":720,"url":"https:\/\/nordnesrepublikken.no\/wp-content\/uploads\/2025\/04\/1744671034_Hva-som-er-inni-og-hvordan-det-ble-bygget.jpg","type":"image\/jpeg"}],"author":"Ole Andersen","twitter_card":"summary_large_image","twitter_misc":{"Skrevet av":"Ole Andersen","Ansl. lesetid":"5 minutter"},"schema":{"@context":"https:\/\/schema.org","@graph":[{"@type":"Article","@id":"https:\/\/nordnesrepublikken.no\/index.php\/2025\/04\/15\/hva-som-er-inni-og-hvordan-det-ble-bygget\/#article","isPartOf":{"@id":"https:\/\/nordnesrepublikken.no\/index.php\/2025\/04\/15\/hva-som-er-inni-og-hvordan-det-ble-bygget\/"},"author":{"name":"Ole Andersen","@id":"https:\/\/nordnesrepublikken.no\/#\/schema\/person\/2e7e81935bab77882fffb79296240ff1"},"headline":"Hva som er inni og hvordan det ble bygget","datePublished":"2025-04-14T22:50:34+00:00","dateModified":"2025-04-14T22:50:35+00:00","mainEntityOfPage":{"@id":"https:\/\/nordnesrepublikken.no\/index.php\/2025\/04\/15\/hva-som-er-inni-og-hvordan-det-ble-bygget\/"},"wordCount":993,"publisher":{"@id":"https:\/\/nordnesrepublikken.no\/#organization"},"image":{"@id":"https:\/\/nordnesrepublikken.no\/index.php\/2025\/04\/15\/hva-som-er-inni-og-hvordan-det-ble-bygget\/#primaryimage"},"thumbnailUrl":"https:\/\/nordnesrepublikken.no\/wp-content\/uploads\/2025\/04\/1744671034_Hva-som-er-inni-og-hvordan-det-ble-bygget.jpg","keywords":["ble","bygget","Det","Hva","Hvordan","inni","som"],"articleSection":["Milj\u00f8"],"inLanguage":"nb-NO"},{"@type":"WebPage","@id":"https:\/\/nordnesrepublikken.no\/index.php\/2025\/04\/15\/hva-som-er-inni-og-hvordan-det-ble-bygget\/","url":"https:\/\/nordnesrepublikken.no\/index.php\/2025\/04\/15\/hva-som-er-inni-og-hvordan-det-ble-bygget\/","name":"Hva som er inni og hvordan det ble bygget - Nordnesrepublikken","isPartOf":{"@id":"https:\/\/nordnesrepublikken.no\/#website"},"primaryImageOfPage":{"@id":"https:\/\/nordnesrepublikken.no\/index.php\/2025\/04\/15\/hva-som-er-inni-og-hvordan-det-ble-bygget\/#primaryimage"},"image":{"@id":"https:\/\/nordnesrepublikken.no\/index.php\/2025\/04\/15\/hva-som-er-inni-og-hvordan-det-ble-bygget\/#primaryimage"},"thumbnailUrl":"https:\/\/nordnesrepublikken.no\/wp-content\/uploads\/2025\/04\/1744671034_Hva-som-er-inni-og-hvordan-det-ble-bygget.jpg","datePublished":"2025-04-14T22:50:34+00:00","dateModified":"2025-04-14T22:50:35+00:00","breadcrumb":{"@id":"https:\/\/nordnesrepublikken.no\/index.php\/2025\/04\/15\/hva-som-er-inni-og-hvordan-det-ble-bygget\/#breadcrumb"},"inLanguage":"nb-NO","potentialAction":[{"@type":"ReadAction","target":["https:\/\/nordnesrepublikken.no\/index.php\/2025\/04\/15\/hva-som-er-inni-og-hvordan-det-ble-bygget\/"]}]},{"@type":"ImageObject","inLanguage":"nb-NO","@id":"https:\/\/nordnesrepublikken.no\/index.php\/2025\/04\/15\/hva-som-er-inni-og-hvordan-det-ble-bygget\/#primaryimage","url":"https:\/\/nordnesrepublikken.no\/wp-content\/uploads\/2025\/04\/1744671034_Hva-som-er-inni-og-hvordan-det-ble-bygget.jpg","contentUrl":"https:\/\/nordnesrepublikken.no\/wp-content\/uploads\/2025\/04\/1744671034_Hva-som-er-inni-og-hvordan-det-ble-bygget.jpg","width":1280,"height":720,"caption":"Immagine"},{"@type":"BreadcrumbList","@id":"https:\/\/nordnesrepublikken.no\/index.php\/2025\/04\/15\/hva-som-er-inni-og-hvordan-det-ble-bygget\/#breadcrumb","itemListElement":[{"@type":"ListItem","position":1,"name":"Home","item":"https:\/\/nordnesrepublikken.no\/"},{"@type":"ListItem","position":2,"name":"Hva som er inni og hvordan det ble bygget"}]},{"@type":"WebSite","@id":"https:\/\/nordnesrepublikken.no\/#website","url":"https:\/\/nordnesrepublikken.no\/","name":"Nordnesrepublikken","description":"Stemmer og Visjoner fra Republikkens Hjerte","publisher":{"@id":"https:\/\/nordnesrepublikken.no\/#organization"},"potentialAction":[{"@type":"SearchAction","target":{"@type":"EntryPoint","urlTemplate":"https:\/\/nordnesrepublikken.no\/?s={search_term_string}"},"query-input":{"@type":"PropertyValueSpecification","valueRequired":true,"valueName":"search_term_string"}}],"inLanguage":"nb-NO"},{"@type":"Organization","@id":"https:\/\/nordnesrepublikken.no\/#organization","name":"Nordnesrepublikken","url":"https:\/\/nordnesrepublikken.no\/","logo":{"@type":"ImageObject","inLanguage":"nb-NO","@id":"https:\/\/nordnesrepublikken.no\/#\/schema\/logo\/image\/","url":"https:\/\/nordnesrepublikken.no\/wp-content\/uploads\/2025\/02\/cropped-nordnesrepublikken-2.png","contentUrl":"https:\/\/nordnesrepublikken.no\/wp-content\/uploads\/2025\/02\/cropped-nordnesrepublikken-2.png","width":1248,"height":362,"caption":"Nordnesrepublikken"},"image":{"@id":"https:\/\/nordnesrepublikken.no\/#\/schema\/logo\/image\/"}},{"@type":"Person","@id":"https:\/\/nordnesrepublikken.no\/#\/schema\/person\/2e7e81935bab77882fffb79296240ff1","name":"Ole Andersen","image":{"@type":"ImageObject","inLanguage":"nb-NO","@id":"https:\/\/nordnesrepublikken.no\/#\/schema\/person\/image\/","url":"https:\/\/nordnesrepublikken.no\/wp-content\/uploads\/2025\/02\/nordnesrepublikken-2-2-150x150.jpg","contentUrl":"https:\/\/nordnesrepublikken.no\/wp-content\/uploads\/2025\/02\/nordnesrepublikken-2-2-150x150.jpg","caption":"Ole Andersen"},"description":"Ettersom jeg vokste opp i Oslo, har jeg alltid v\u00e6rt fascinert av ordenes kraft og deres evne til \u00e5 skape endringer. Etter \u00e5 ha fullf\u00f8rt min utdannelse i kommunikasjon ved Universitetet i Bergen, fikk jeg muligheten til \u00e5 jobbe innen ulike medier, der jeg har s\u00f8kt \u00e5 belyse viktige samfunnssp\u00f8rsm\u00e5l. I dag, som redakt\u00f8r for Nordnesrepublikken, pr\u00f8ver jeg \u00e5 forene min kj\u00e6rlighet for journalistikk med min lidenskap for innovasjon og eventyr.","sameAs":["https:\/\/nordnesrepublikken.no\/"]}]}},"_links":{"self":[{"href":"https:\/\/nordnesrepublikken.no\/index.php\/wp-json\/wp\/v2\/posts\/3348","targetHints":{"allow":["GET"]}}],"collection":[{"href":"https:\/\/nordnesrepublikken.no\/index.php\/wp-json\/wp\/v2\/posts"}],"about":[{"href":"https:\/\/nordnesrepublikken.no\/index.php\/wp-json\/wp\/v2\/types\/post"}],"author":[{"embeddable":true,"href":"https:\/\/nordnesrepublikken.no\/index.php\/wp-json\/wp\/v2\/users\/1"}],"replies":[{"embeddable":true,"href":"https:\/\/nordnesrepublikken.no\/index.php\/wp-json\/wp\/v2\/comments?post=3348"}],"version-history":[{"count":1,"href":"https:\/\/nordnesrepublikken.no\/index.php\/wp-json\/wp\/v2\/posts\/3348\/revisions"}],"predecessor-version":[{"id":3350,"href":"https:\/\/nordnesrepublikken.no\/index.php\/wp-json\/wp\/v2\/posts\/3348\/revisions\/3350"}],"wp:featuredmedia":[{"embeddable":true,"href":"https:\/\/nordnesrepublikken.no\/index.php\/wp-json\/wp\/v2\/media\/3349"}],"wp:attachment":[{"href":"https:\/\/nordnesrepublikken.no\/index.php\/wp-json\/wp\/v2\/media?parent=3348"}],"wp:term":[{"taxonomy":"category","embeddable":true,"href":"https:\/\/nordnesrepublikken.no\/index.php\/wp-json\/wp\/v2\/categories?post=3348"},{"taxonomy":"post_tag","embeddable":true,"href":"https:\/\/nordnesrepublikken.no\/index.php\/wp-json\/wp\/v2\/tags?post=3348"}],"curies":[{"name":"wp","href":"https:\/\/api.w.org\/{rel}","templated":true}]}}