{"id":3339,"date":"2025-04-14T20:49:47","date_gmt":"2025-04-14T18:49:47","guid":{"rendered":"https:\/\/nordnesrepublikken.no\/index.php\/2025\/04\/14\/hvordan-bo-i-la-stradonada\/"},"modified":"2025-04-14T20:49:52","modified_gmt":"2025-04-14T18:49:52","slug":"hvordan-bo-i-la-stradonada","status":"publish","type":"post","link":"https:\/\/nordnesrepublikken.no\/index.php\/2025\/04\/14\/hvordan-bo-i-la-stradonada\/","title":{"rendered":"Hvordan bo i La Stradonada"},"content":{"rendered":"<div>\n<div class=\"cp_wrapper cp_wrapper--fw mb-30 mb-20@tablet\">\n<figure class=\"mm\"><picture class=\"img\" style=\"padding-top:56.25%\"><source  media=\"(min-width: 1024px)\"><source  media=\"(min-width: 768px)\"><\/source><\/source><\/picture><\/figure>\n<\/p><\/div>\n<p><strong>Det stivner<\/strong> Det er den h\u00f8yeste byen i verden, som ligger rundt <strong>5100 m h\u00f8yde <\/strong>I de peruanske Andesfjellene. Det er en del av <strong>District of Ananea<\/strong> som strekker seg over den vestlige siden av en gren av <strong>Nevado Ananea Grande<\/strong> med utsikt over byen og at innbyggerne har kallenavnet <em>Den sovende<\/em>p\u00e5 grunn av den fjellrike profilen til toppene hans som ser ut til \u00e5 trekke den fra en liggende kvinne. Gitt h\u00f8yden er levek\u00e5rene harde og spesielt uoverkommelige,<strong>Luft er sjelden<\/strong>er det ikke mulig \u00e5 garantere viktige tjenester, det er verken skoler eller sykehus, men det teller en befolkning p\u00e5 rundt 82 000 innbyggere.<\/p>\n<h2>Liv og farer i gruvene i La Stradonada<\/h2>\n<p>Byen st\u00e5r p\u00e5 en<strong> gruvedrift<\/strong> som direkte involverer rundt 40 000 mennesker som, uavhengig av relaterte risikoer eller ved \u00e5 akseptere dem etter behov, tilbringer mesteparten av dagene sine i <strong>smale og kvelende tunneler<\/strong>puster daglig <strong>skade <\/strong>Av<strong> metan <\/strong>Og<strong> Cyanid<\/strong>. Videre ansl\u00e5s det at p\u00e5 grunn av gruveaktiviteten omtrent 15 tonn av <strong>Kvikks\u00f8lv<\/strong> per \u00e5r i <strong>Vassdrag<\/strong> Stivheten i lagunen, som senere havnet i Titicaca -sj\u00f8en gjennom Ramis -elven.<\/p>\n<div class=\"cp_wrapper cp_wrapper--fw mb-50\">\n<figure class=\"mm\"><picture class=\"img\" style=\"padding-top:66.666666666667%\"><source  media=\"(min-width: 1024px)\"><source  media=\"(min-width: 768px)\"><img decoding=\"async\" loading=\"lazy\" src=\"https:\/\/nordnesrepublikken.no\/wp-content\/uploads\/2025\/04\/1744656586_977_Hvordan-bo-i-La-Stradonada.jpg\" alt=\"Gruvearbeidere l\u00e5ser henne opp\" width=\"3072\" height=\"2048\"><\/source><\/source><\/picture><\/figure>\n<\/p><\/div>\n<p>Kort sagt, omr\u00e5det er sterkt forurenset, risikoen for folkehelsen og de involverte \u00f8kosystemene er veldig h\u00f8y, ogs\u00e5 med tanke p\u00e5 at vannene i elvene som er involvert i avhending av kvikks\u00f8lv brukes av befolkningen til innenlandsk bruk. Gjennomsnittsalderen er<strong> 30-35 \u00e5r<\/strong>omtrent halvparten av den av en gjennomsnittlig peruansk, en situasjon som ikke er overraskende med tanke p\u00e5 <strong>Mangel p\u00e5 grunnleggende tjenester<\/strong> Som avl\u00f8pssystemet, en organisasjon for avfallsinnsamling, frav\u00e6ret av str\u00f8m og oppvarming, alle ting som gj\u00f8r<strong>Urban og usunt bymilj\u00f8<\/strong>.<\/p>\n<h2>Stivheten og mangelen p\u00e5 oksygen: Hvordan innbyggerne overlever<\/h2>\n<p>I byen den <strong>turisme<\/strong> Det er sterkt <strong>ikke anbefalt<\/strong>det er ingen mottakelsesinfrastrukturer, og i mangel av offentlige institusjoner dominerer kriminaliteten: frekvensen av <strong>vold<\/strong> det er veldig h\u00f8yt; Ogs\u00e5 takket v\u00e6re mangel p\u00e5 oksygen som for en turist til og med kan v\u00e6re d\u00f8delig hvis ikke behandlet riktig, med bruk av sylindere og masker.<\/p>\n<div class=\"cp_wrapper cp_wrapper--fw mb-50\">\n<figure class=\"mm\"><picture class=\"img\" style=\"padding-top:66.666666666667%\"><source  media=\"(min-width: 1024px)\"><source  media=\"(min-width: 768px)\"><img decoding=\"async\" loading=\"lazy\" src=\"https:\/\/nordnesrepublikken.no\/wp-content\/uploads\/2025\/04\/1744656587_615_Hvordan-bo-i-La-Stradonada.jpg\" alt=\"Kommersielt omr\u00e5de La Streeta\" width=\"3072\" height=\"2048\" class=\"js-seedtag-img\"><\/source><\/source><\/picture><\/figure>\n<\/p><\/div>\n<p>Internasjonal forskning publisert i magasinet <em>Hemasphere<\/em> som<strong>University of Milan<\/strong> og franskmennene en av <strong>Grenoble<\/strong> Faktisk fremhevet han hvordan menneskekroppens evne til \u00e5 tilpasse seg selv de mest ekstreme forhold har tillatt <strong>Lokale innbyggere<\/strong> for \u00e5 kompensere for mangelen p\u00e5 oksygen (<strong>hypoksi<\/strong>) indusert fra den h\u00f8ye h\u00f8yden som syntetiserer store mengder av<strong> hemoglobin<\/strong>som er n\u00f8dvendig for \u00e5 transportere oksygen til kroppen. Resultatene fra forskningen viser at til tross for den progressive \u00f8kningen av r\u00f8de blodlegemer og massen av hemoglobin, oppst\u00e5r ikke den p\u00e5f\u00f8lgende mangelen p\u00e5 jern som er nyttig for produksjon av disse cellene. Selv under ekstreme forhold, slik som innbyggerne i La Stradonada, som presenterer en <strong>hematokrit<\/strong> Mer enn 70% p\u00e5 grunn av doblingen av det totale volumet av erytrocytter, forblir jernniv\u00e5ene tilstrekkelig.<\/p>\n<p>Dette fenomenet er muliggjort av den h\u00f8ye tilstedev\u00e6relsen av <strong>Ceruloplasmina<\/strong>et essensielt protein for jernabsorpsjon, hvis produksjon stimuleres av mangelen p\u00e5 oksygen. Funnene til studien kan vise seg \u00e5 v\u00e6re <strong>Nyttig for \u00e5 st\u00f8tte pasienter med luftveissykdommer<\/strong> Preget av alvorlig kronisk hypoksi eller av hematologiske patologier som polycythemia, der det er en betydelig \u00f8kning i r\u00f8de blodlegemer. Det er demonstrasjonen av hvor mye menneskekroppen kan tilpasse seg <strong>Ekstreme livsforhold<\/strong>men selv om det absolutt er mulig \u00e5 tilpasse seg de milj\u00f8messige, kan boligforholdene i byen knapt betraktes som sivile.<\/p>\n<div class=\"cp_wrapper  mb-50\">\n<div class=\"cbx\">\n<div class=\"cbx__collection\">\n<p>Kilder<\/p>\n<div class=\"cbx__sources\">                                                                                                                          ANSA geomagazin                                                                                 <\/p>\n<p>Kvikks\u00f8lv i en h\u00f8y h\u00f8yde og Andes -str\u00f8m med sterk innvirkning av h\u00e5ndverksaurif\u00e6r gruvedrift (La Stradonada, Puno, Peru), Alfredo Ludwig Loza del Carpio, Yenny Ccancapa Salcedo, Universidad Nacional Del Altiplan Puno Puno<\/p>\n<\/p><\/div>\n<\/p><\/div>\n<\/p><\/div>\n<\/p><\/div>\n<\/p><\/div>\n","protected":false},"excerpt":{"rendered":"<p>Det stivner Det er den h\u00f8yeste byen i verden, som ligger rundt 5100 m h\u00f8yde<\/p>\n","protected":false},"author":1,"featured_media":3340,"comment_status":"closed","ping_status":"open","sticky":false,"template":"","format":"standard","meta":{"footnotes":""},"categories":[104],"tags":[112,1159],"class_list":["post-3339","post","type-post","status-publish","format-standard","has-post-thumbnail","hentry","category-samfunn","tag-hvordan","tag-stradonada","generate-columns","tablet-grid-50","mobile-grid-100","grid-parent","grid-33","resize-featured-image"],"yoast_head":"<!-- This site is optimized with the Yoast SEO plugin v24.4 - https:\/\/yoast.com\/wordpress\/plugins\/seo\/ -->\n<title>Hvordan bo i La Stradonada - Nordnesrepublikken<\/title>\n<meta name=\"robots\" content=\"index, follow, max-snippet:-1, max-image-preview:large, max-video-preview:-1\" \/>\n<link rel=\"canonical\" href=\"https:\/\/nordnesrepublikken.no\/index.php\/2025\/04\/14\/hvordan-bo-i-la-stradonada\/\" \/>\n<meta property=\"og:locale\" content=\"nb_NO\" \/>\n<meta property=\"og:type\" content=\"article\" \/>\n<meta property=\"og:title\" content=\"Hvordan bo i La Stradonada - Nordnesrepublikken\" \/>\n<meta property=\"og:description\" content=\"Det stivner Det er den h\u00f8yeste byen i verden, som ligger rundt 5100 m h\u00f8yde\" \/>\n<meta property=\"og:url\" content=\"https:\/\/nordnesrepublikken.no\/index.php\/2025\/04\/14\/hvordan-bo-i-la-stradonada\/\" \/>\n<meta property=\"og:site_name\" content=\"Nordnesrepublikken\" \/>\n<meta property=\"article:published_time\" content=\"2025-04-14T18:49:47+00:00\" \/>\n<meta property=\"article:modified_time\" content=\"2025-04-14T18:49:52+00:00\" \/>\n<meta property=\"og:image\" content=\"https:\/\/nordnesrepublikken.no\/wp-content\/uploads\/2025\/04\/1744656587_Hvordan-bo-i-La-Stradonada-scaled.jpg\" \/>\n\t<meta property=\"og:image:width\" content=\"2560\" \/>\n\t<meta property=\"og:image:height\" content=\"1707\" \/>\n\t<meta property=\"og:image:type\" content=\"image\/jpeg\" \/>\n<meta name=\"author\" content=\"Ole Andersen\" \/>\n<meta name=\"twitter:card\" content=\"summary_large_image\" \/>\n<meta name=\"twitter:label1\" content=\"Skrevet av\" \/>\n\t<meta name=\"twitter:data1\" content=\"Ole Andersen\" \/>\n\t<meta name=\"twitter:label2\" content=\"Ansl. lesetid\" \/>\n\t<meta name=\"twitter:data2\" content=\"3 minutter\" \/>\n<script type=\"application\/ld+json\" class=\"yoast-schema-graph\">{\"@context\":\"https:\/\/schema.org\",\"@graph\":[{\"@type\":\"Article\",\"@id\":\"https:\/\/nordnesrepublikken.no\/index.php\/2025\/04\/14\/hvordan-bo-i-la-stradonada\/#article\",\"isPartOf\":{\"@id\":\"https:\/\/nordnesrepublikken.no\/index.php\/2025\/04\/14\/hvordan-bo-i-la-stradonada\/\"},\"author\":{\"name\":\"Ole Andersen\",\"@id\":\"https:\/\/nordnesrepublikken.no\/#\/schema\/person\/2e7e81935bab77882fffb79296240ff1\"},\"headline\":\"Hvordan bo i La Stradonada\",\"datePublished\":\"2025-04-14T18:49:47+00:00\",\"dateModified\":\"2025-04-14T18:49:52+00:00\",\"mainEntityOfPage\":{\"@id\":\"https:\/\/nordnesrepublikken.no\/index.php\/2025\/04\/14\/hvordan-bo-i-la-stradonada\/\"},\"wordCount\":595,\"publisher\":{\"@id\":\"https:\/\/nordnesrepublikken.no\/#organization\"},\"image\":{\"@id\":\"https:\/\/nordnesrepublikken.no\/index.php\/2025\/04\/14\/hvordan-bo-i-la-stradonada\/#primaryimage\"},\"thumbnailUrl\":\"https:\/\/nordnesrepublikken.no\/wp-content\/uploads\/2025\/04\/1744656587_Hvordan-bo-i-La-Stradonada-scaled.jpg\",\"keywords\":[\"Hvordan\",\"Stradonada\"],\"articleSection\":[\"Samfunn\"],\"inLanguage\":\"nb-NO\"},{\"@type\":\"WebPage\",\"@id\":\"https:\/\/nordnesrepublikken.no\/index.php\/2025\/04\/14\/hvordan-bo-i-la-stradonada\/\",\"url\":\"https:\/\/nordnesrepublikken.no\/index.php\/2025\/04\/14\/hvordan-bo-i-la-stradonada\/\",\"name\":\"Hvordan bo i La Stradonada - Nordnesrepublikken\",\"isPartOf\":{\"@id\":\"https:\/\/nordnesrepublikken.no\/#website\"},\"primaryImageOfPage\":{\"@id\":\"https:\/\/nordnesrepublikken.no\/index.php\/2025\/04\/14\/hvordan-bo-i-la-stradonada\/#primaryimage\"},\"image\":{\"@id\":\"https:\/\/nordnesrepublikken.no\/index.php\/2025\/04\/14\/hvordan-bo-i-la-stradonada\/#primaryimage\"},\"thumbnailUrl\":\"https:\/\/nordnesrepublikken.no\/wp-content\/uploads\/2025\/04\/1744656587_Hvordan-bo-i-La-Stradonada-scaled.jpg\",\"datePublished\":\"2025-04-14T18:49:47+00:00\",\"dateModified\":\"2025-04-14T18:49:52+00:00\",\"breadcrumb\":{\"@id\":\"https:\/\/nordnesrepublikken.no\/index.php\/2025\/04\/14\/hvordan-bo-i-la-stradonada\/#breadcrumb\"},\"inLanguage\":\"nb-NO\",\"potentialAction\":[{\"@type\":\"ReadAction\",\"target\":[\"https:\/\/nordnesrepublikken.no\/index.php\/2025\/04\/14\/hvordan-bo-i-la-stradonada\/\"]}]},{\"@type\":\"ImageObject\",\"inLanguage\":\"nb-NO\",\"@id\":\"https:\/\/nordnesrepublikken.no\/index.php\/2025\/04\/14\/hvordan-bo-i-la-stradonada\/#primaryimage\",\"url\":\"https:\/\/nordnesrepublikken.no\/wp-content\/uploads\/2025\/04\/1744656587_Hvordan-bo-i-La-Stradonada-scaled.jpg\",\"contentUrl\":\"https:\/\/nordnesrepublikken.no\/wp-content\/uploads\/2025\/04\/1744656587_Hvordan-bo-i-La-Stradonada-scaled.jpg\",\"width\":2560,\"height\":1707,\"caption\":\"La Rincorada\"},{\"@type\":\"BreadcrumbList\",\"@id\":\"https:\/\/nordnesrepublikken.no\/index.php\/2025\/04\/14\/hvordan-bo-i-la-stradonada\/#breadcrumb\",\"itemListElement\":[{\"@type\":\"ListItem\",\"position\":1,\"name\":\"Home\",\"item\":\"https:\/\/nordnesrepublikken.no\/\"},{\"@type\":\"ListItem\",\"position\":2,\"name\":\"Hvordan bo i La Stradonada\"}]},{\"@type\":\"WebSite\",\"@id\":\"https:\/\/nordnesrepublikken.no\/#website\",\"url\":\"https:\/\/nordnesrepublikken.no\/\",\"name\":\"Nordnesrepublikken\",\"description\":\"Stemmer og Visjoner fra Republikkens Hjerte\",\"publisher\":{\"@id\":\"https:\/\/nordnesrepublikken.no\/#organization\"},\"potentialAction\":[{\"@type\":\"SearchAction\",\"target\":{\"@type\":\"EntryPoint\",\"urlTemplate\":\"https:\/\/nordnesrepublikken.no\/?s={search_term_string}\"},\"query-input\":{\"@type\":\"PropertyValueSpecification\",\"valueRequired\":true,\"valueName\":\"search_term_string\"}}],\"inLanguage\":\"nb-NO\"},{\"@type\":\"Organization\",\"@id\":\"https:\/\/nordnesrepublikken.no\/#organization\",\"name\":\"Nordnesrepublikken\",\"url\":\"https:\/\/nordnesrepublikken.no\/\",\"logo\":{\"@type\":\"ImageObject\",\"inLanguage\":\"nb-NO\",\"@id\":\"https:\/\/nordnesrepublikken.no\/#\/schema\/logo\/image\/\",\"url\":\"https:\/\/nordnesrepublikken.no\/wp-content\/uploads\/2025\/02\/cropped-nordnesrepublikken-2.png\",\"contentUrl\":\"https:\/\/nordnesrepublikken.no\/wp-content\/uploads\/2025\/02\/cropped-nordnesrepublikken-2.png\",\"width\":1248,\"height\":362,\"caption\":\"Nordnesrepublikken\"},\"image\":{\"@id\":\"https:\/\/nordnesrepublikken.no\/#\/schema\/logo\/image\/\"}},{\"@type\":\"Person\",\"@id\":\"https:\/\/nordnesrepublikken.no\/#\/schema\/person\/2e7e81935bab77882fffb79296240ff1\",\"name\":\"Ole Andersen\",\"image\":{\"@type\":\"ImageObject\",\"inLanguage\":\"nb-NO\",\"@id\":\"https:\/\/nordnesrepublikken.no\/#\/schema\/person\/image\/\",\"url\":\"https:\/\/nordnesrepublikken.no\/wp-content\/uploads\/2025\/02\/nordnesrepublikken-2-2-150x150.jpg\",\"contentUrl\":\"https:\/\/nordnesrepublikken.no\/wp-content\/uploads\/2025\/02\/nordnesrepublikken-2-2-150x150.jpg\",\"caption\":\"Ole Andersen\"},\"description\":\"Ettersom jeg vokste opp i Oslo, har jeg alltid v\u00e6rt fascinert av ordenes kraft og deres evne til \u00e5 skape endringer. Etter \u00e5 ha fullf\u00f8rt min utdannelse i kommunikasjon ved Universitetet i Bergen, fikk jeg muligheten til \u00e5 jobbe innen ulike medier, der jeg har s\u00f8kt \u00e5 belyse viktige samfunnssp\u00f8rsm\u00e5l. I dag, som redakt\u00f8r for Nordnesrepublikken, pr\u00f8ver jeg \u00e5 forene min kj\u00e6rlighet for journalistikk med min lidenskap for innovasjon og eventyr.\",\"sameAs\":[\"https:\/\/nordnesrepublikken.no\/\"]}]}<\/script>\n<!-- \/ Yoast SEO plugin. -->","yoast_head_json":{"title":"Hvordan bo i La Stradonada - Nordnesrepublikken","robots":{"index":"index","follow":"follow","max-snippet":"max-snippet:-1","max-image-preview":"max-image-preview:large","max-video-preview":"max-video-preview:-1"},"canonical":"https:\/\/nordnesrepublikken.no\/index.php\/2025\/04\/14\/hvordan-bo-i-la-stradonada\/","og_locale":"nb_NO","og_type":"article","og_title":"Hvordan bo i La Stradonada - Nordnesrepublikken","og_description":"Det stivner Det er den h\u00f8yeste byen i verden, som ligger rundt 5100 m h\u00f8yde","og_url":"https:\/\/nordnesrepublikken.no\/index.php\/2025\/04\/14\/hvordan-bo-i-la-stradonada\/","og_site_name":"Nordnesrepublikken","article_published_time":"2025-04-14T18:49:47+00:00","article_modified_time":"2025-04-14T18:49:52+00:00","og_image":[{"width":2560,"height":1707,"url":"https:\/\/nordnesrepublikken.no\/wp-content\/uploads\/2025\/04\/1744656587_Hvordan-bo-i-La-Stradonada-scaled.jpg","type":"image\/jpeg"}],"author":"Ole Andersen","twitter_card":"summary_large_image","twitter_misc":{"Skrevet av":"Ole Andersen","Ansl. lesetid":"3 minutter"},"schema":{"@context":"https:\/\/schema.org","@graph":[{"@type":"Article","@id":"https:\/\/nordnesrepublikken.no\/index.php\/2025\/04\/14\/hvordan-bo-i-la-stradonada\/#article","isPartOf":{"@id":"https:\/\/nordnesrepublikken.no\/index.php\/2025\/04\/14\/hvordan-bo-i-la-stradonada\/"},"author":{"name":"Ole Andersen","@id":"https:\/\/nordnesrepublikken.no\/#\/schema\/person\/2e7e81935bab77882fffb79296240ff1"},"headline":"Hvordan bo i La Stradonada","datePublished":"2025-04-14T18:49:47+00:00","dateModified":"2025-04-14T18:49:52+00:00","mainEntityOfPage":{"@id":"https:\/\/nordnesrepublikken.no\/index.php\/2025\/04\/14\/hvordan-bo-i-la-stradonada\/"},"wordCount":595,"publisher":{"@id":"https:\/\/nordnesrepublikken.no\/#organization"},"image":{"@id":"https:\/\/nordnesrepublikken.no\/index.php\/2025\/04\/14\/hvordan-bo-i-la-stradonada\/#primaryimage"},"thumbnailUrl":"https:\/\/nordnesrepublikken.no\/wp-content\/uploads\/2025\/04\/1744656587_Hvordan-bo-i-La-Stradonada-scaled.jpg","keywords":["Hvordan","Stradonada"],"articleSection":["Samfunn"],"inLanguage":"nb-NO"},{"@type":"WebPage","@id":"https:\/\/nordnesrepublikken.no\/index.php\/2025\/04\/14\/hvordan-bo-i-la-stradonada\/","url":"https:\/\/nordnesrepublikken.no\/index.php\/2025\/04\/14\/hvordan-bo-i-la-stradonada\/","name":"Hvordan bo i La Stradonada - Nordnesrepublikken","isPartOf":{"@id":"https:\/\/nordnesrepublikken.no\/#website"},"primaryImageOfPage":{"@id":"https:\/\/nordnesrepublikken.no\/index.php\/2025\/04\/14\/hvordan-bo-i-la-stradonada\/#primaryimage"},"image":{"@id":"https:\/\/nordnesrepublikken.no\/index.php\/2025\/04\/14\/hvordan-bo-i-la-stradonada\/#primaryimage"},"thumbnailUrl":"https:\/\/nordnesrepublikken.no\/wp-content\/uploads\/2025\/04\/1744656587_Hvordan-bo-i-La-Stradonada-scaled.jpg","datePublished":"2025-04-14T18:49:47+00:00","dateModified":"2025-04-14T18:49:52+00:00","breadcrumb":{"@id":"https:\/\/nordnesrepublikken.no\/index.php\/2025\/04\/14\/hvordan-bo-i-la-stradonada\/#breadcrumb"},"inLanguage":"nb-NO","potentialAction":[{"@type":"ReadAction","target":["https:\/\/nordnesrepublikken.no\/index.php\/2025\/04\/14\/hvordan-bo-i-la-stradonada\/"]}]},{"@type":"ImageObject","inLanguage":"nb-NO","@id":"https:\/\/nordnesrepublikken.no\/index.php\/2025\/04\/14\/hvordan-bo-i-la-stradonada\/#primaryimage","url":"https:\/\/nordnesrepublikken.no\/wp-content\/uploads\/2025\/04\/1744656587_Hvordan-bo-i-La-Stradonada-scaled.jpg","contentUrl":"https:\/\/nordnesrepublikken.no\/wp-content\/uploads\/2025\/04\/1744656587_Hvordan-bo-i-La-Stradonada-scaled.jpg","width":2560,"height":1707,"caption":"La Rincorada"},{"@type":"BreadcrumbList","@id":"https:\/\/nordnesrepublikken.no\/index.php\/2025\/04\/14\/hvordan-bo-i-la-stradonada\/#breadcrumb","itemListElement":[{"@type":"ListItem","position":1,"name":"Home","item":"https:\/\/nordnesrepublikken.no\/"},{"@type":"ListItem","position":2,"name":"Hvordan bo i La Stradonada"}]},{"@type":"WebSite","@id":"https:\/\/nordnesrepublikken.no\/#website","url":"https:\/\/nordnesrepublikken.no\/","name":"Nordnesrepublikken","description":"Stemmer og Visjoner fra Republikkens Hjerte","publisher":{"@id":"https:\/\/nordnesrepublikken.no\/#organization"},"potentialAction":[{"@type":"SearchAction","target":{"@type":"EntryPoint","urlTemplate":"https:\/\/nordnesrepublikken.no\/?s={search_term_string}"},"query-input":{"@type":"PropertyValueSpecification","valueRequired":true,"valueName":"search_term_string"}}],"inLanguage":"nb-NO"},{"@type":"Organization","@id":"https:\/\/nordnesrepublikken.no\/#organization","name":"Nordnesrepublikken","url":"https:\/\/nordnesrepublikken.no\/","logo":{"@type":"ImageObject","inLanguage":"nb-NO","@id":"https:\/\/nordnesrepublikken.no\/#\/schema\/logo\/image\/","url":"https:\/\/nordnesrepublikken.no\/wp-content\/uploads\/2025\/02\/cropped-nordnesrepublikken-2.png","contentUrl":"https:\/\/nordnesrepublikken.no\/wp-content\/uploads\/2025\/02\/cropped-nordnesrepublikken-2.png","width":1248,"height":362,"caption":"Nordnesrepublikken"},"image":{"@id":"https:\/\/nordnesrepublikken.no\/#\/schema\/logo\/image\/"}},{"@type":"Person","@id":"https:\/\/nordnesrepublikken.no\/#\/schema\/person\/2e7e81935bab77882fffb79296240ff1","name":"Ole Andersen","image":{"@type":"ImageObject","inLanguage":"nb-NO","@id":"https:\/\/nordnesrepublikken.no\/#\/schema\/person\/image\/","url":"https:\/\/nordnesrepublikken.no\/wp-content\/uploads\/2025\/02\/nordnesrepublikken-2-2-150x150.jpg","contentUrl":"https:\/\/nordnesrepublikken.no\/wp-content\/uploads\/2025\/02\/nordnesrepublikken-2-2-150x150.jpg","caption":"Ole Andersen"},"description":"Ettersom jeg vokste opp i Oslo, har jeg alltid v\u00e6rt fascinert av ordenes kraft og deres evne til \u00e5 skape endringer. Etter \u00e5 ha fullf\u00f8rt min utdannelse i kommunikasjon ved Universitetet i Bergen, fikk jeg muligheten til \u00e5 jobbe innen ulike medier, der jeg har s\u00f8kt \u00e5 belyse viktige samfunnssp\u00f8rsm\u00e5l. I dag, som redakt\u00f8r for Nordnesrepublikken, pr\u00f8ver jeg \u00e5 forene min kj\u00e6rlighet for journalistikk med min lidenskap for innovasjon og eventyr.","sameAs":["https:\/\/nordnesrepublikken.no\/"]}]}},"_links":{"self":[{"href":"https:\/\/nordnesrepublikken.no\/index.php\/wp-json\/wp\/v2\/posts\/3339","targetHints":{"allow":["GET"]}}],"collection":[{"href":"https:\/\/nordnesrepublikken.no\/index.php\/wp-json\/wp\/v2\/posts"}],"about":[{"href":"https:\/\/nordnesrepublikken.no\/index.php\/wp-json\/wp\/v2\/types\/post"}],"author":[{"embeddable":true,"href":"https:\/\/nordnesrepublikken.no\/index.php\/wp-json\/wp\/v2\/users\/1"}],"replies":[{"embeddable":true,"href":"https:\/\/nordnesrepublikken.no\/index.php\/wp-json\/wp\/v2\/comments?post=3339"}],"version-history":[{"count":1,"href":"https:\/\/nordnesrepublikken.no\/index.php\/wp-json\/wp\/v2\/posts\/3339\/revisions"}],"predecessor-version":[{"id":3341,"href":"https:\/\/nordnesrepublikken.no\/index.php\/wp-json\/wp\/v2\/posts\/3339\/revisions\/3341"}],"wp:featuredmedia":[{"embeddable":true,"href":"https:\/\/nordnesrepublikken.no\/index.php\/wp-json\/wp\/v2\/media\/3340"}],"wp:attachment":[{"href":"https:\/\/nordnesrepublikken.no\/index.php\/wp-json\/wp\/v2\/media?parent=3339"}],"wp:term":[{"taxonomy":"category","embeddable":true,"href":"https:\/\/nordnesrepublikken.no\/index.php\/wp-json\/wp\/v2\/categories?post=3339"},{"taxonomy":"post_tag","embeddable":true,"href":"https:\/\/nordnesrepublikken.no\/index.php\/wp-json\/wp\/v2\/tags?post=3339"}],"curies":[{"name":"wp","href":"https:\/\/api.w.org\/{rel}","templated":true}]}}