{"id":3318,"date":"2025-04-13T23:50:13","date_gmt":"2025-04-13T21:50:13","guid":{"rendered":"https:\/\/nordnesrepublikken.no\/index.php\/2025\/04\/13\/var-det-tyrkiske-toalettet-til-tyrkisk-i-turkiye-den-sanne-historien-om-vannbadet\/"},"modified":"2025-04-13T23:50:19","modified_gmt":"2025-04-13T21:50:19","slug":"var-det-tyrkiske-toalettet-til-tyrkisk-i-turkiye-den-sanne-historien-om-vannbadet","status":"publish","type":"post","link":"https:\/\/nordnesrepublikken.no\/index.php\/2025\/04\/13\/var-det-tyrkiske-toalettet-til-tyrkisk-i-turkiye-den-sanne-historien-om-vannbadet\/","title":{"rendered":"Var det tyrkiske toalettet til tyrkisk i T\u00fcrkiye? Den sanne historien om vannbadet"},"content":{"rendered":"<div>\n<div class=\"cp_wrapper cp_wrapper--fw mb-30 mb-20@tablet\">\n<figure class=\"mm\"><picture class=\"img\" style=\"padding-top:56.25%\"><source  media=\"(min-width: 1024px)\"><source  media=\"(min-width: 768px)\"><\/source><\/source><\/picture><\/figure>\n<\/p><\/div>\n<p>&laquo;&raquo;<strong>Tyrkisk toalett<\/strong>&laquo;Det er et helsepersonell som best\u00e5r av en <strong>hull<\/strong> <strong>plassert n\u00e6r gulvet <\/strong>som brukes i en krysset stilling, er opprinnelsen veldig gammel og ikke, <strong>De er ikke tyrkiske<\/strong>. Ikke overraskende, p\u00e5 engelsk kalles det <em><strong>Squatting toalett<\/strong><\/em>  (Toalett fra Crouches), <strong><em>Hocktoilette<\/em><\/strong>  P\u00e5 tysk, i motsetning til &laquo;sittende toalettet&raquo;, det vil si toaletter fra \u00e5 sitte. Ved \u00e5 unng\u00e5 kontakt, b\u00f8r tyrkisken v\u00e6re mer hygienisk enn toalettet vi er vant til i Vesten. Det &laquo;tyrkiske badet&raquo; er utbredt i <strong>Ulike land i verden<\/strong>spesielt i Asia og Afrika, men det er uvanlig i Europa. Opprinnelsen til navnet m\u00e5 spores i det faktum at europeerne gjenoppdaget det i moderne tid takket v\u00e6re <strong>Ottoman<\/strong>et tyrkisk dynasti som mellom det femtende og attende \u00e5rhundre erobret store territorier i Europa og i Nord -Afrika.<\/p>\n<h2><strong>Hva er det tyrkiske toalettet<\/strong><\/h2>\n<p>Tyrkisk toalett er en <strong>Helsetjenester<\/strong> Ligger p\u00e5 gulvniv\u00e5et, best\u00e5ende av et hull og generelt av to plattformer for \u00e5 hvile f\u00f8ttene. For \u00e5 bruke den, m\u00e5 du ta <strong>Huket stilling<\/strong>. Toalettene kan v\u00e6re laget av forskjellige materialer: porselen, st\u00f8pejern og generelt er de utstyrt med en <strong>Jack<\/strong>. Det anses som mer hygienisk enn toalettet fordi det har fordelen av <strong>Begrens spredningen av infeksjoner<\/strong>som involverer frav\u00e6ret av kontakt mellom personen som bruker det og toalettet selv. Denne funksjonen er spesielt nyttig p\u00e5 offentlige bad, brukt av et stort antall mennesker. For \u00e5 tillate deres bruk til eldre eller funksjonshemninger, som ikke kan huke, vanligvis en stol med en &#8216;<strong>\u00c5pning p\u00e5 \u00f8kten<\/strong>.<\/p>\n<h2><strong>Fordi det tyrkiske toalettet kalles det<\/strong><\/h2>\n<p>Det &laquo;tyrkiske badet&raquo; har dette navnet for europeerne \u00e5 vite det takket v\u00e6re <strong>Ottomanske tyrkere<\/strong>som i moderne tid allerede brukte den. Opprinnelsen g\u00e5r imidlertid tapt i t\u00e5ken av tid og er mye <strong>mer eldgamle enn de tyrkiske folks utseende<\/strong>. Toaletter av denne typen eksisterte for eksempel selv p\u00e5 tidspunktet for<strong>Romerriket<\/strong>. I middelalderen, men i Europa for vane \u00e5 bruke dem, og derfor, da europeerne gjenoppdaget dem takket v\u00e6re de osmanske tyrkerne, kalt dem &laquo;til det tyrkiske&raquo; gikk tapt: det var en av &laquo;<strong>Turcherie &laquo;<\/strong>det vil si elementene i den osmanske kulturen som ble etterlignet i Europa eller som selv uten \u00e5 bli etterlignet, vakte beundring hos europeerne. Blant disse<strong>oppmerksomhet p\u00e5 hygiene<\/strong>vitnet blant annet ved spredning av <strong><em>Hammam <\/em><\/strong>(<strong>Tyrkiske bad<\/strong>) i imperiets territorier.<\/p>\n<div class=\"cp_wrapper cp_wrapper--fw mb-50\">\n<figure class=\"mm\"><picture class=\"img\" style=\"padding-top:71.770833333333%\"><source  media=\"(min-width: 1024px)\"><source  media=\"(min-width: 768px)\"><img decoding=\"async\" loading=\"lazy\" src=\"https:\/\/nordnesrepublikken.no\/wp-content\/uploads\/2025\/04\/1744581013_992_Var-det-tyrkiske-toalettet-til-tyrkisk-i-Turkiye-Den-sanne.jpg\" alt=\"Det osmanske riket ved maksimal utvidelse (studiepoeng Chamboz)\" width=\"1920\" height=\"1378\"><\/source><\/source><\/picture><\/figure>\n<\/p><\/div>\n<p>Toalettet til osmannerne var imidlertid annerledes enn i dag, fordi det var<strong> fratatt <\/strong>av et element: det<strong> Jack<\/strong>som er lagt til alle typer toaletter, b\u00e5de &laquo;til det tyrkiske&raquo; og &laquo;sittende&raquo;, bare p\u00e5 1800 -tallet. De f\u00f8rste prosjektene ble allerede foresl\u00e5tt p\u00e5 1500 -tallet, men selve s\u00f8ppelet ble oppfunnet p\u00e5 slutten av 1700 -tallet i Storbritannia og spredte seg til Europa og andre kontinenter i det f\u00f8lgende \u00e5rhundre.<\/p>\n<h2><strong>Der det tyrkiske toalettet er utbredt<\/strong><\/h2>\n<p>I Italia er vi ikke vant til \u00e5 se mange tyrkiske toaletter, om ikke i offentlige virksomheter, men de er utbredt i mange land: i det meste av <strong>Asiatiske stater<\/strong>inkludert de to st\u00f8rste, India og Kina, s\u00e5 vel som i<strong>Afrika Subsaharan<\/strong>spesielt i landlige og mindre utviklede omr\u00e5der, og det meste av <strong>Midt<\/strong>. I disse territoriene er det tyrkiske toalettet ofte ogs\u00e5 til stede i <strong>private hjem<\/strong>. Det tyrkiske toalettet er i stedet ikke utbredt i Latin -Amerika og enda mindre inn <strong>Vest<\/strong> (Vest -Europa, Nord -Amerika, Oceania), blir tydelig utklasset av toalettet. Det tyrkiske badet brukes <strong>Ogs\u00e5 i T\u00fcrkiye<\/strong>men ikke mer enn du gj\u00f8r i de andre landene i Midt\u00f8sten, siden det til tross for navnet ikke kommer fra T\u00fcrkiye.<\/p>\n<div class=\"cp_wrapper cp_wrapper--fw mb-50\">\n<figure class=\"mm\"><picture class=\"img\" style=\"padding-top:56.25%\"><source  media=\"(min-width: 1024px)\"><source  media=\"(min-width: 768px)\"><img decoding=\"async\" loading=\"lazy\" src=\"https:\/\/nordnesrepublikken.no\/wp-content\/uploads\/2025\/04\/1744581013_888_Var-det-tyrkiske-toalettet-til-tyrkisk-i-Turkiye-Den-sanne.jpg\" alt=\"Offentlig toalett i Japan\" width=\"1920\" height=\"1080\" class=\"js-seedtag-img\"><\/source><\/source><\/picture><\/figure>\n<\/p><\/div>\n<\/p><\/div>\n","protected":false},"excerpt":{"rendered":"<p>&laquo;&raquo;Tyrkisk toalett&laquo;Det er et helsepersonell som best\u00e5r av en hull plassert n\u00e6r gulvet som brukes<\/p>\n","protected":false},"author":1,"featured_media":3319,"comment_status":"closed","ping_status":"open","sticky":false,"template":"","format":"standard","meta":{"footnotes":""},"categories":[104],"tags":[74,66,521,1129,117,1126,1128,1127,1125,1130,100],"class_list":["post-3318","post","type-post","status-publish","format-standard","has-post-thumbnail","hentry","category-samfunn","tag-den","tag-det","tag-historien","tag-sanne","tag-til","tag-toalettet","tag-turkiye","tag-tyrkisk","tag-tyrkiske","tag-vannbadet","tag-var","generate-columns","tablet-grid-50","mobile-grid-100","grid-parent","grid-33","resize-featured-image"],"yoast_head":"<!-- This site is optimized with the Yoast SEO plugin v24.4 - https:\/\/yoast.com\/wordpress\/plugins\/seo\/ -->\n<title>Var det tyrkiske toalettet til tyrkisk i T\u00fcrkiye? Den sanne historien om vannbadet - Nordnesrepublikken<\/title>\n<meta name=\"robots\" content=\"index, follow, max-snippet:-1, max-image-preview:large, max-video-preview:-1\" \/>\n<link rel=\"canonical\" href=\"https:\/\/nordnesrepublikken.no\/index.php\/2025\/04\/13\/var-det-tyrkiske-toalettet-til-tyrkisk-i-turkiye-den-sanne-historien-om-vannbadet\/\" \/>\n<meta property=\"og:locale\" content=\"nb_NO\" \/>\n<meta property=\"og:type\" content=\"article\" \/>\n<meta property=\"og:title\" content=\"Var det tyrkiske toalettet til tyrkisk i T\u00fcrkiye? Den sanne historien om vannbadet - Nordnesrepublikken\" \/>\n<meta property=\"og:description\" content=\"&laquo;&raquo;Tyrkisk toalett&laquo;Det er et helsepersonell som best\u00e5r av en hull plassert n\u00e6r gulvet som brukes\" \/>\n<meta property=\"og:url\" content=\"https:\/\/nordnesrepublikken.no\/index.php\/2025\/04\/13\/var-det-tyrkiske-toalettet-til-tyrkisk-i-turkiye-den-sanne-historien-om-vannbadet\/\" \/>\n<meta property=\"og:site_name\" content=\"Nordnesrepublikken\" \/>\n<meta property=\"article:published_time\" content=\"2025-04-13T21:50:13+00:00\" \/>\n<meta property=\"article:modified_time\" content=\"2025-04-13T21:50:19+00:00\" \/>\n<meta property=\"og:image\" content=\"https:\/\/nordnesrepublikken.no\/wp-content\/uploads\/2025\/04\/1744581013_Var-det-tyrkiske-toalettet-til-tyrkisk-i-Turkiye-Den-sanne-scaled.jpg\" \/>\n\t<meta property=\"og:image:width\" content=\"2560\" \/>\n\t<meta property=\"og:image:height\" content=\"1746\" \/>\n\t<meta property=\"og:image:type\" content=\"image\/jpeg\" \/>\n<meta name=\"author\" content=\"Ole Andersen\" \/>\n<meta name=\"twitter:card\" content=\"summary_large_image\" \/>\n<meta name=\"twitter:label1\" content=\"Skrevet av\" \/>\n\t<meta name=\"twitter:data1\" content=\"Ole Andersen\" \/>\n\t<meta name=\"twitter:label2\" content=\"Ansl. lesetid\" \/>\n\t<meta name=\"twitter:data2\" content=\"3 minutter\" \/>\n<script type=\"application\/ld+json\" class=\"yoast-schema-graph\">{\"@context\":\"https:\/\/schema.org\",\"@graph\":[{\"@type\":\"Article\",\"@id\":\"https:\/\/nordnesrepublikken.no\/index.php\/2025\/04\/13\/var-det-tyrkiske-toalettet-til-tyrkisk-i-turkiye-den-sanne-historien-om-vannbadet\/#article\",\"isPartOf\":{\"@id\":\"https:\/\/nordnesrepublikken.no\/index.php\/2025\/04\/13\/var-det-tyrkiske-toalettet-til-tyrkisk-i-turkiye-den-sanne-historien-om-vannbadet\/\"},\"author\":{\"name\":\"Ole Andersen\",\"@id\":\"https:\/\/nordnesrepublikken.no\/#\/schema\/person\/2e7e81935bab77882fffb79296240ff1\"},\"headline\":\"Var det tyrkiske toalettet til tyrkisk i T\u00fcrkiye? Den sanne historien om vannbadet\",\"datePublished\":\"2025-04-13T21:50:13+00:00\",\"dateModified\":\"2025-04-13T21:50:19+00:00\",\"mainEntityOfPage\":{\"@id\":\"https:\/\/nordnesrepublikken.no\/index.php\/2025\/04\/13\/var-det-tyrkiske-toalettet-til-tyrkisk-i-turkiye-den-sanne-historien-om-vannbadet\/\"},\"wordCount\":593,\"publisher\":{\"@id\":\"https:\/\/nordnesrepublikken.no\/#organization\"},\"image\":{\"@id\":\"https:\/\/nordnesrepublikken.no\/index.php\/2025\/04\/13\/var-det-tyrkiske-toalettet-til-tyrkisk-i-turkiye-den-sanne-historien-om-vannbadet\/#primaryimage\"},\"thumbnailUrl\":\"https:\/\/nordnesrepublikken.no\/wp-content\/uploads\/2025\/04\/1744581013_Var-det-tyrkiske-toalettet-til-tyrkisk-i-Turkiye-Den-sanne-scaled.jpg\",\"keywords\":[\"den\",\"Det\",\"Historien\",\"sanne\",\"til\",\"toalettet\",\"T\u00fcrkiye\",\"tyrkisk\",\"tyrkiske\",\"vannbadet\",\"var\"],\"articleSection\":[\"Samfunn\"],\"inLanguage\":\"nb-NO\"},{\"@type\":\"WebPage\",\"@id\":\"https:\/\/nordnesrepublikken.no\/index.php\/2025\/04\/13\/var-det-tyrkiske-toalettet-til-tyrkisk-i-turkiye-den-sanne-historien-om-vannbadet\/\",\"url\":\"https:\/\/nordnesrepublikken.no\/index.php\/2025\/04\/13\/var-det-tyrkiske-toalettet-til-tyrkisk-i-turkiye-den-sanne-historien-om-vannbadet\/\",\"name\":\"Var det tyrkiske toalettet til tyrkisk i T\u00fcrkiye? Den sanne historien om vannbadet - Nordnesrepublikken\",\"isPartOf\":{\"@id\":\"https:\/\/nordnesrepublikken.no\/#website\"},\"primaryImageOfPage\":{\"@id\":\"https:\/\/nordnesrepublikken.no\/index.php\/2025\/04\/13\/var-det-tyrkiske-toalettet-til-tyrkisk-i-turkiye-den-sanne-historien-om-vannbadet\/#primaryimage\"},\"image\":{\"@id\":\"https:\/\/nordnesrepublikken.no\/index.php\/2025\/04\/13\/var-det-tyrkiske-toalettet-til-tyrkisk-i-turkiye-den-sanne-historien-om-vannbadet\/#primaryimage\"},\"thumbnailUrl\":\"https:\/\/nordnesrepublikken.no\/wp-content\/uploads\/2025\/04\/1744581013_Var-det-tyrkiske-toalettet-til-tyrkisk-i-Turkiye-Den-sanne-scaled.jpg\",\"datePublished\":\"2025-04-13T21:50:13+00:00\",\"dateModified\":\"2025-04-13T21:50:19+00:00\",\"breadcrumb\":{\"@id\":\"https:\/\/nordnesrepublikken.no\/index.php\/2025\/04\/13\/var-det-tyrkiske-toalettet-til-tyrkisk-i-turkiye-den-sanne-historien-om-vannbadet\/#breadcrumb\"},\"inLanguage\":\"nb-NO\",\"potentialAction\":[{\"@type\":\"ReadAction\",\"target\":[\"https:\/\/nordnesrepublikken.no\/index.php\/2025\/04\/13\/var-det-tyrkiske-toalettet-til-tyrkisk-i-turkiye-den-sanne-historien-om-vannbadet\/\"]}]},{\"@type\":\"ImageObject\",\"inLanguage\":\"nb-NO\",\"@id\":\"https:\/\/nordnesrepublikken.no\/index.php\/2025\/04\/13\/var-det-tyrkiske-toalettet-til-tyrkisk-i-turkiye-den-sanne-historien-om-vannbadet\/#primaryimage\",\"url\":\"https:\/\/nordnesrepublikken.no\/wp-content\/uploads\/2025\/04\/1744581013_Var-det-tyrkiske-toalettet-til-tyrkisk-i-Turkiye-Den-sanne-scaled.jpg\",\"contentUrl\":\"https:\/\/nordnesrepublikken.no\/wp-content\/uploads\/2025\/04\/1744581013_Var-det-tyrkiske-toalettet-til-tyrkisk-i-Turkiye-Den-sanne-scaled.jpg\",\"width\":2560,\"height\":1746,\"caption\":\"turca\"},{\"@type\":\"BreadcrumbList\",\"@id\":\"https:\/\/nordnesrepublikken.no\/index.php\/2025\/04\/13\/var-det-tyrkiske-toalettet-til-tyrkisk-i-turkiye-den-sanne-historien-om-vannbadet\/#breadcrumb\",\"itemListElement\":[{\"@type\":\"ListItem\",\"position\":1,\"name\":\"Home\",\"item\":\"https:\/\/nordnesrepublikken.no\/\"},{\"@type\":\"ListItem\",\"position\":2,\"name\":\"Var det tyrkiske toalettet til tyrkisk i T\u00fcrkiye? Den sanne historien om vannbadet\"}]},{\"@type\":\"WebSite\",\"@id\":\"https:\/\/nordnesrepublikken.no\/#website\",\"url\":\"https:\/\/nordnesrepublikken.no\/\",\"name\":\"Nordnesrepublikken\",\"description\":\"Stemmer og Visjoner fra Republikkens Hjerte\",\"publisher\":{\"@id\":\"https:\/\/nordnesrepublikken.no\/#organization\"},\"potentialAction\":[{\"@type\":\"SearchAction\",\"target\":{\"@type\":\"EntryPoint\",\"urlTemplate\":\"https:\/\/nordnesrepublikken.no\/?s={search_term_string}\"},\"query-input\":{\"@type\":\"PropertyValueSpecification\",\"valueRequired\":true,\"valueName\":\"search_term_string\"}}],\"inLanguage\":\"nb-NO\"},{\"@type\":\"Organization\",\"@id\":\"https:\/\/nordnesrepublikken.no\/#organization\",\"name\":\"Nordnesrepublikken\",\"url\":\"https:\/\/nordnesrepublikken.no\/\",\"logo\":{\"@type\":\"ImageObject\",\"inLanguage\":\"nb-NO\",\"@id\":\"https:\/\/nordnesrepublikken.no\/#\/schema\/logo\/image\/\",\"url\":\"https:\/\/nordnesrepublikken.no\/wp-content\/uploads\/2025\/02\/cropped-nordnesrepublikken-2.png\",\"contentUrl\":\"https:\/\/nordnesrepublikken.no\/wp-content\/uploads\/2025\/02\/cropped-nordnesrepublikken-2.png\",\"width\":1248,\"height\":362,\"caption\":\"Nordnesrepublikken\"},\"image\":{\"@id\":\"https:\/\/nordnesrepublikken.no\/#\/schema\/logo\/image\/\"}},{\"@type\":\"Person\",\"@id\":\"https:\/\/nordnesrepublikken.no\/#\/schema\/person\/2e7e81935bab77882fffb79296240ff1\",\"name\":\"Ole Andersen\",\"image\":{\"@type\":\"ImageObject\",\"inLanguage\":\"nb-NO\",\"@id\":\"https:\/\/nordnesrepublikken.no\/#\/schema\/person\/image\/\",\"url\":\"https:\/\/nordnesrepublikken.no\/wp-content\/uploads\/2025\/02\/nordnesrepublikken-2-2-150x150.jpg\",\"contentUrl\":\"https:\/\/nordnesrepublikken.no\/wp-content\/uploads\/2025\/02\/nordnesrepublikken-2-2-150x150.jpg\",\"caption\":\"Ole Andersen\"},\"description\":\"Ettersom jeg vokste opp i Oslo, har jeg alltid v\u00e6rt fascinert av ordenes kraft og deres evne til \u00e5 skape endringer. Etter \u00e5 ha fullf\u00f8rt min utdannelse i kommunikasjon ved Universitetet i Bergen, fikk jeg muligheten til \u00e5 jobbe innen ulike medier, der jeg har s\u00f8kt \u00e5 belyse viktige samfunnssp\u00f8rsm\u00e5l. I dag, som redakt\u00f8r for Nordnesrepublikken, pr\u00f8ver jeg \u00e5 forene min kj\u00e6rlighet for journalistikk med min lidenskap for innovasjon og eventyr.\",\"sameAs\":[\"https:\/\/nordnesrepublikken.no\/\"]}]}<\/script>\n<!-- \/ Yoast SEO plugin. -->","yoast_head_json":{"title":"Var det tyrkiske toalettet til tyrkisk i T\u00fcrkiye? Den sanne historien om vannbadet - Nordnesrepublikken","robots":{"index":"index","follow":"follow","max-snippet":"max-snippet:-1","max-image-preview":"max-image-preview:large","max-video-preview":"max-video-preview:-1"},"canonical":"https:\/\/nordnesrepublikken.no\/index.php\/2025\/04\/13\/var-det-tyrkiske-toalettet-til-tyrkisk-i-turkiye-den-sanne-historien-om-vannbadet\/","og_locale":"nb_NO","og_type":"article","og_title":"Var det tyrkiske toalettet til tyrkisk i T\u00fcrkiye? Den sanne historien om vannbadet - Nordnesrepublikken","og_description":"&laquo;&raquo;Tyrkisk toalett&laquo;Det er et helsepersonell som best\u00e5r av en hull plassert n\u00e6r gulvet som brukes","og_url":"https:\/\/nordnesrepublikken.no\/index.php\/2025\/04\/13\/var-det-tyrkiske-toalettet-til-tyrkisk-i-turkiye-den-sanne-historien-om-vannbadet\/","og_site_name":"Nordnesrepublikken","article_published_time":"2025-04-13T21:50:13+00:00","article_modified_time":"2025-04-13T21:50:19+00:00","og_image":[{"width":2560,"height":1746,"url":"https:\/\/nordnesrepublikken.no\/wp-content\/uploads\/2025\/04\/1744581013_Var-det-tyrkiske-toalettet-til-tyrkisk-i-Turkiye-Den-sanne-scaled.jpg","type":"image\/jpeg"}],"author":"Ole Andersen","twitter_card":"summary_large_image","twitter_misc":{"Skrevet av":"Ole Andersen","Ansl. lesetid":"3 minutter"},"schema":{"@context":"https:\/\/schema.org","@graph":[{"@type":"Article","@id":"https:\/\/nordnesrepublikken.no\/index.php\/2025\/04\/13\/var-det-tyrkiske-toalettet-til-tyrkisk-i-turkiye-den-sanne-historien-om-vannbadet\/#article","isPartOf":{"@id":"https:\/\/nordnesrepublikken.no\/index.php\/2025\/04\/13\/var-det-tyrkiske-toalettet-til-tyrkisk-i-turkiye-den-sanne-historien-om-vannbadet\/"},"author":{"name":"Ole Andersen","@id":"https:\/\/nordnesrepublikken.no\/#\/schema\/person\/2e7e81935bab77882fffb79296240ff1"},"headline":"Var det tyrkiske toalettet til tyrkisk i T\u00fcrkiye? Den sanne historien om vannbadet","datePublished":"2025-04-13T21:50:13+00:00","dateModified":"2025-04-13T21:50:19+00:00","mainEntityOfPage":{"@id":"https:\/\/nordnesrepublikken.no\/index.php\/2025\/04\/13\/var-det-tyrkiske-toalettet-til-tyrkisk-i-turkiye-den-sanne-historien-om-vannbadet\/"},"wordCount":593,"publisher":{"@id":"https:\/\/nordnesrepublikken.no\/#organization"},"image":{"@id":"https:\/\/nordnesrepublikken.no\/index.php\/2025\/04\/13\/var-det-tyrkiske-toalettet-til-tyrkisk-i-turkiye-den-sanne-historien-om-vannbadet\/#primaryimage"},"thumbnailUrl":"https:\/\/nordnesrepublikken.no\/wp-content\/uploads\/2025\/04\/1744581013_Var-det-tyrkiske-toalettet-til-tyrkisk-i-Turkiye-Den-sanne-scaled.jpg","keywords":["den","Det","Historien","sanne","til","toalettet","T\u00fcrkiye","tyrkisk","tyrkiske","vannbadet","var"],"articleSection":["Samfunn"],"inLanguage":"nb-NO"},{"@type":"WebPage","@id":"https:\/\/nordnesrepublikken.no\/index.php\/2025\/04\/13\/var-det-tyrkiske-toalettet-til-tyrkisk-i-turkiye-den-sanne-historien-om-vannbadet\/","url":"https:\/\/nordnesrepublikken.no\/index.php\/2025\/04\/13\/var-det-tyrkiske-toalettet-til-tyrkisk-i-turkiye-den-sanne-historien-om-vannbadet\/","name":"Var det tyrkiske toalettet til tyrkisk i T\u00fcrkiye? Den sanne historien om vannbadet - Nordnesrepublikken","isPartOf":{"@id":"https:\/\/nordnesrepublikken.no\/#website"},"primaryImageOfPage":{"@id":"https:\/\/nordnesrepublikken.no\/index.php\/2025\/04\/13\/var-det-tyrkiske-toalettet-til-tyrkisk-i-turkiye-den-sanne-historien-om-vannbadet\/#primaryimage"},"image":{"@id":"https:\/\/nordnesrepublikken.no\/index.php\/2025\/04\/13\/var-det-tyrkiske-toalettet-til-tyrkisk-i-turkiye-den-sanne-historien-om-vannbadet\/#primaryimage"},"thumbnailUrl":"https:\/\/nordnesrepublikken.no\/wp-content\/uploads\/2025\/04\/1744581013_Var-det-tyrkiske-toalettet-til-tyrkisk-i-Turkiye-Den-sanne-scaled.jpg","datePublished":"2025-04-13T21:50:13+00:00","dateModified":"2025-04-13T21:50:19+00:00","breadcrumb":{"@id":"https:\/\/nordnesrepublikken.no\/index.php\/2025\/04\/13\/var-det-tyrkiske-toalettet-til-tyrkisk-i-turkiye-den-sanne-historien-om-vannbadet\/#breadcrumb"},"inLanguage":"nb-NO","potentialAction":[{"@type":"ReadAction","target":["https:\/\/nordnesrepublikken.no\/index.php\/2025\/04\/13\/var-det-tyrkiske-toalettet-til-tyrkisk-i-turkiye-den-sanne-historien-om-vannbadet\/"]}]},{"@type":"ImageObject","inLanguage":"nb-NO","@id":"https:\/\/nordnesrepublikken.no\/index.php\/2025\/04\/13\/var-det-tyrkiske-toalettet-til-tyrkisk-i-turkiye-den-sanne-historien-om-vannbadet\/#primaryimage","url":"https:\/\/nordnesrepublikken.no\/wp-content\/uploads\/2025\/04\/1744581013_Var-det-tyrkiske-toalettet-til-tyrkisk-i-Turkiye-Den-sanne-scaled.jpg","contentUrl":"https:\/\/nordnesrepublikken.no\/wp-content\/uploads\/2025\/04\/1744581013_Var-det-tyrkiske-toalettet-til-tyrkisk-i-Turkiye-Den-sanne-scaled.jpg","width":2560,"height":1746,"caption":"turca"},{"@type":"BreadcrumbList","@id":"https:\/\/nordnesrepublikken.no\/index.php\/2025\/04\/13\/var-det-tyrkiske-toalettet-til-tyrkisk-i-turkiye-den-sanne-historien-om-vannbadet\/#breadcrumb","itemListElement":[{"@type":"ListItem","position":1,"name":"Home","item":"https:\/\/nordnesrepublikken.no\/"},{"@type":"ListItem","position":2,"name":"Var det tyrkiske toalettet til tyrkisk i T\u00fcrkiye? Den sanne historien om vannbadet"}]},{"@type":"WebSite","@id":"https:\/\/nordnesrepublikken.no\/#website","url":"https:\/\/nordnesrepublikken.no\/","name":"Nordnesrepublikken","description":"Stemmer og Visjoner fra Republikkens Hjerte","publisher":{"@id":"https:\/\/nordnesrepublikken.no\/#organization"},"potentialAction":[{"@type":"SearchAction","target":{"@type":"EntryPoint","urlTemplate":"https:\/\/nordnesrepublikken.no\/?s={search_term_string}"},"query-input":{"@type":"PropertyValueSpecification","valueRequired":true,"valueName":"search_term_string"}}],"inLanguage":"nb-NO"},{"@type":"Organization","@id":"https:\/\/nordnesrepublikken.no\/#organization","name":"Nordnesrepublikken","url":"https:\/\/nordnesrepublikken.no\/","logo":{"@type":"ImageObject","inLanguage":"nb-NO","@id":"https:\/\/nordnesrepublikken.no\/#\/schema\/logo\/image\/","url":"https:\/\/nordnesrepublikken.no\/wp-content\/uploads\/2025\/02\/cropped-nordnesrepublikken-2.png","contentUrl":"https:\/\/nordnesrepublikken.no\/wp-content\/uploads\/2025\/02\/cropped-nordnesrepublikken-2.png","width":1248,"height":362,"caption":"Nordnesrepublikken"},"image":{"@id":"https:\/\/nordnesrepublikken.no\/#\/schema\/logo\/image\/"}},{"@type":"Person","@id":"https:\/\/nordnesrepublikken.no\/#\/schema\/person\/2e7e81935bab77882fffb79296240ff1","name":"Ole Andersen","image":{"@type":"ImageObject","inLanguage":"nb-NO","@id":"https:\/\/nordnesrepublikken.no\/#\/schema\/person\/image\/","url":"https:\/\/nordnesrepublikken.no\/wp-content\/uploads\/2025\/02\/nordnesrepublikken-2-2-150x150.jpg","contentUrl":"https:\/\/nordnesrepublikken.no\/wp-content\/uploads\/2025\/02\/nordnesrepublikken-2-2-150x150.jpg","caption":"Ole Andersen"},"description":"Ettersom jeg vokste opp i Oslo, har jeg alltid v\u00e6rt fascinert av ordenes kraft og deres evne til \u00e5 skape endringer. Etter \u00e5 ha fullf\u00f8rt min utdannelse i kommunikasjon ved Universitetet i Bergen, fikk jeg muligheten til \u00e5 jobbe innen ulike medier, der jeg har s\u00f8kt \u00e5 belyse viktige samfunnssp\u00f8rsm\u00e5l. I dag, som redakt\u00f8r for Nordnesrepublikken, pr\u00f8ver jeg \u00e5 forene min kj\u00e6rlighet for journalistikk med min lidenskap for innovasjon og eventyr.","sameAs":["https:\/\/nordnesrepublikken.no\/"]}]}},"_links":{"self":[{"href":"https:\/\/nordnesrepublikken.no\/index.php\/wp-json\/wp\/v2\/posts\/3318","targetHints":{"allow":["GET"]}}],"collection":[{"href":"https:\/\/nordnesrepublikken.no\/index.php\/wp-json\/wp\/v2\/posts"}],"about":[{"href":"https:\/\/nordnesrepublikken.no\/index.php\/wp-json\/wp\/v2\/types\/post"}],"author":[{"embeddable":true,"href":"https:\/\/nordnesrepublikken.no\/index.php\/wp-json\/wp\/v2\/users\/1"}],"replies":[{"embeddable":true,"href":"https:\/\/nordnesrepublikken.no\/index.php\/wp-json\/wp\/v2\/comments?post=3318"}],"version-history":[{"count":1,"href":"https:\/\/nordnesrepublikken.no\/index.php\/wp-json\/wp\/v2\/posts\/3318\/revisions"}],"predecessor-version":[{"id":3320,"href":"https:\/\/nordnesrepublikken.no\/index.php\/wp-json\/wp\/v2\/posts\/3318\/revisions\/3320"}],"wp:featuredmedia":[{"embeddable":true,"href":"https:\/\/nordnesrepublikken.no\/index.php\/wp-json\/wp\/v2\/media\/3319"}],"wp:attachment":[{"href":"https:\/\/nordnesrepublikken.no\/index.php\/wp-json\/wp\/v2\/media?parent=3318"}],"wp:term":[{"taxonomy":"category","embeddable":true,"href":"https:\/\/nordnesrepublikken.no\/index.php\/wp-json\/wp\/v2\/categories?post=3318"},{"taxonomy":"post_tag","embeddable":true,"href":"https:\/\/nordnesrepublikken.no\/index.php\/wp-json\/wp\/v2\/tags?post=3318"}],"curies":[{"name":"wp","href":"https:\/\/api.w.org\/{rel}","templated":true}]}}