{"id":3306,"date":"2025-04-13T16:49:30","date_gmt":"2025-04-13T14:49:30","guid":{"rendered":"https:\/\/nordnesrepublikken.no\/index.php\/2025\/04\/13\/hva-de-er-og-forskjellen-med-andre-sprak\/"},"modified":"2025-04-13T16:49:37","modified_gmt":"2025-04-13T14:49:37","slug":"hva-de-er-og-forskjellen-med-andre-sprak","status":"publish","type":"post","link":"https:\/\/nordnesrepublikken.no\/index.php\/2025\/04\/13\/hva-de-er-og-forskjellen-med-andre-sprak\/","title":{"rendered":"Hva de er og forskjellen med andre spr\u00e5k"},"content":{"rendered":"<div>\n<div class=\"cp_wrapper cp_wrapper--fw mb-30 mb-20@tablet\">\n<figure class=\"mm\"><picture class=\"img\" style=\"padding-top:56.25%\"><source  media=\"(min-width: 1024px)\"><source  media=\"(min-width: 768px)\"><\/source><\/source><\/picture><\/figure>\n<\/p><\/div>\n<p>Har du noen gang h\u00f8rt om <strong>Agglutinerende spr\u00e5k?<\/strong> De er spr\u00e5k som <em>Tysk<\/em>The <em>Japansk<\/em>, <em>ungareren<\/em> og <em>Tyrkisk<\/em>hvis karakteristikk er at ordene er dannet med<strong>agglutinasjon<\/strong>eller gjennom foreningen av Morfemi, som hver er b\u00e6rer av en spesifikk og uendret betydning. Denne prosessen lar deg bygge selv komplekse termer gjennom<strong>Tillegg av prefikser og suffiksering til r\u00f8ttene til ord<\/strong>Imidlertid etterlater alle autonome og gjenkjennelige morfeme. Med andre ord, som modul\u00e6re murstein, opprettholder hver del av ordet betydningen og kombinerer de andre uten \u00e5 endre seg, slik at du kan lage enda veldig lange og komplekse termer.<\/p>\n<h2>Hva er de agglutinerende spr\u00e5kene og hva er egenskapene<\/h2>\n<p>Hovedfunksjonen ved agglutinerende spr\u00e5k ligger i <strong>\u00e5penhet<\/strong> Og <strong>regelmessighet<\/strong> av deres morfologiske struktur. Hver morfem som er lagt til roten, formidler en enkelt grammatisk informasjon, for eksempel verbal tid, sak, antall eller person. Blant de mest kjente agglutinerende spr\u00e5kene finner vi urailspr\u00e5k, tunge spr\u00e5k, baskisk, japanerne, koreaneren, esperanto, tyrkiske og spr\u00e5kene quechua. Her er praktiske eksempler for \u00e5 forst\u00e5 strukturen til disse spr\u00e5kene:<\/p>\n<ul>\n<li>I <strong>Ungarsk<\/strong>ordet &laquo;<em>H\u00e1z<\/em>&laquo;Det betyr&raquo; hjem &laquo;. Legge til suffikset&raquo;-<em>Ak<\/em>&laquo;Du f\u00e5r&raquo;<em>H\u00e1zak<\/em>&laquo;(&raquo; Hus &laquo;), mens med tillegg av&raquo;-<em>forby<\/em>&laquo;Det dannes&raquo;<em>H\u00e1zban<\/em>&laquo;(&raquo; i huset &laquo;). Ved \u00e5 kombinere begge suffikser, f\u00e5r du&raquo;<em>H\u00e1zakban<\/em>&laquo;(&raquo; i husene &laquo;).<\/li>\n<li>De<b> Tyrkisk<\/b> Det er preget av en vanlig morfologi, der suffikser tilsettes i rekkef\u00f8lge til roten for \u00e5 endre betydningen av ordet. For eksempel: &laquo;<em>EV<\/em>&laquo;betyr&raquo; hjem &laquo;,&raquo;<em>Evler<\/em>&laquo;Det vil indikere&raquo; hus &laquo;, og&raquo;<em>Evlerde<\/em>&laquo;Det vil bety&raquo; i husene &laquo;.<\/li>\n<li>De<b> Japansk,<\/b> og p\u00e5 samme m\u00e5te <b>Koreansk <\/b>Noe som ligner ham i strukturen, han bruker partikler og suffikser for \u00e5 indikere grammatiske funksjoner. For eksempel verbet &laquo;<em>Taberu<\/em>&laquo;betyr&raquo; \u00e5 spise &laquo;, mens&raquo;<em>Tabemasu<\/em>&laquo;Det er den h\u00f8flige formen for det samme verbet.<\/li>\n<\/ul>\n<p>I &#8216;<strong>l\u00e6ring<\/strong> Av denne typen spr\u00e5k er fordelene for studentene bemerkelsesverdige, ettersom regelmessigheten og forutsigbarheten til morfologiske strukturer ofte gj\u00f8r dannelsen og tolkningen av ord enklere. I hovedsak, n\u00e5r de grunnleggende morfemene og kombinasjonsreglene har l\u00e6rt, blir konstruksjonen av nye vilk\u00e5r enklere og mer intuitive. P\u00e5 den annen side kan imidlertid nettopp denne egenskapen representere en utfordring, ettersom behovet for \u00e5 mestre s\u00e5 mange bomber krever oppmerksomhet, praksis og presis bruk av bruk.<\/p>\n<h2><b>Forskjeller med andre spr\u00e5klige typer<\/b><\/h2>\n<p>I spr\u00e5kvitenskap er det flere m\u00e5ter \u00e5 klassifisere spr\u00e5k p\u00e5, og en av disse er <strong>morfologisk type<\/strong>som er basert p\u00e5 den interne strukturen til ordene som skiller fire hovedspr\u00e5klige kategorier: den <em>Isolerende, fleksivt, innlemmer spr\u00e5k <\/em>og<em> agglutinating.<\/em><\/p>\n<p>I <strong>spr\u00e5k<\/strong> <strong>fleksiv<\/strong>som <strong>Latin <\/strong>ol &#8216;<strong>Italiensk<\/strong>, <strong>Et enkelt morfem kan v\u00e6re b\u00e6rer av mer grammatisk informasjon<\/strong>. Et eksempel vi finner det i det latinske ordet &laquo;<em>Rosarum<\/em>&laquo;, i hvilken slutt&raquo;-<em>Arum<\/em>&laquo;Det indikerer samtidig den genitive saken og flertallsnummeret. <strong>isolerende spr\u00e5k<\/strong> I stedet, som <strong>Kinesisk<\/strong>har en fortsatt annen struktur, der ord for det meste er monomorfe og grammatiske forhold, uttrykker seg gjennom ordens rekkef\u00f8lge eller bruk av separate funksjonelle ord. I <strong>Agglutinerende spr\u00e5k<\/strong>P\u00e5 den annen side unng\u00e5s fusjonen av flere betydninger i en enkelt morfem, hver representerer en enkelt grammatisk funksjon. For de som er interessert i studiet av spr\u00e5k, tilbyr kunnskap om agglutinering interessante ideer om mangfoldet og kompleksiteten i globale spr\u00e5klige strukturer.<\/p>\n<\/p><\/div>\n","protected":false},"excerpt":{"rendered":"<p>Har du noen gang h\u00f8rt om Agglutinerende spr\u00e5k? De er spr\u00e5k som TyskThe Japansk, ungareren<\/p>\n","protected":false},"author":1,"featured_media":3307,"comment_status":"closed","ping_status":"open","sticky":false,"template":"","format":"standard","meta":{"footnotes":""},"categories":[104],"tags":[222,659,144,79,1114],"class_list":["post-3306","post","type-post","status-publish","format-standard","has-post-thumbnail","hentry","category-samfunn","tag-andre","tag-forskjellen","tag-hva","tag-med","tag-sprak","generate-columns","tablet-grid-50","mobile-grid-100","grid-parent","grid-33","resize-featured-image"],"yoast_head":"<!-- This site is optimized with the Yoast SEO plugin v24.4 - https:\/\/yoast.com\/wordpress\/plugins\/seo\/ -->\n<title>Hva de er og forskjellen med andre spr\u00e5k - Nordnesrepublikken<\/title>\n<meta name=\"robots\" content=\"index, follow, max-snippet:-1, max-image-preview:large, max-video-preview:-1\" \/>\n<link rel=\"canonical\" href=\"https:\/\/nordnesrepublikken.no\/index.php\/2025\/04\/13\/hva-de-er-og-forskjellen-med-andre-sprak\/\" \/>\n<meta property=\"og:locale\" content=\"nb_NO\" \/>\n<meta property=\"og:type\" content=\"article\" \/>\n<meta property=\"og:title\" content=\"Hva de er og forskjellen med andre spr\u00e5k - Nordnesrepublikken\" \/>\n<meta property=\"og:description\" content=\"Har du noen gang h\u00f8rt om Agglutinerende spr\u00e5k? De er spr\u00e5k som TyskThe Japansk, ungareren\" \/>\n<meta property=\"og:url\" content=\"https:\/\/nordnesrepublikken.no\/index.php\/2025\/04\/13\/hva-de-er-og-forskjellen-med-andre-sprak\/\" \/>\n<meta property=\"og:site_name\" content=\"Nordnesrepublikken\" \/>\n<meta property=\"article:published_time\" content=\"2025-04-13T14:49:30+00:00\" \/>\n<meta property=\"article:modified_time\" content=\"2025-04-13T14:49:37+00:00\" \/>\n<meta property=\"og:image\" content=\"https:\/\/nordnesrepublikken.no\/wp-content\/uploads\/2025\/04\/1744555771_Hva-de-er-og-forskjellen-med-andre-sprak-scaled.jpg\" \/>\n\t<meta property=\"og:image:width\" content=\"2560\" \/>\n\t<meta property=\"og:image:height\" content=\"1920\" \/>\n\t<meta property=\"og:image:type\" content=\"image\/jpeg\" \/>\n<meta name=\"author\" content=\"Ole Andersen\" \/>\n<meta name=\"twitter:card\" content=\"summary_large_image\" \/>\n<meta name=\"twitter:label1\" content=\"Skrevet av\" \/>\n\t<meta name=\"twitter:data1\" content=\"Ole Andersen\" \/>\n\t<meta name=\"twitter:label2\" content=\"Ansl. lesetid\" \/>\n\t<meta name=\"twitter:data2\" content=\"3 minutter\" \/>\n<script type=\"application\/ld+json\" class=\"yoast-schema-graph\">{\"@context\":\"https:\/\/schema.org\",\"@graph\":[{\"@type\":\"Article\",\"@id\":\"https:\/\/nordnesrepublikken.no\/index.php\/2025\/04\/13\/hva-de-er-og-forskjellen-med-andre-sprak\/#article\",\"isPartOf\":{\"@id\":\"https:\/\/nordnesrepublikken.no\/index.php\/2025\/04\/13\/hva-de-er-og-forskjellen-med-andre-sprak\/\"},\"author\":{\"name\":\"Ole Andersen\",\"@id\":\"https:\/\/nordnesrepublikken.no\/#\/schema\/person\/2e7e81935bab77882fffb79296240ff1\"},\"headline\":\"Hva de er og forskjellen med andre spr\u00e5k\",\"datePublished\":\"2025-04-13T14:49:30+00:00\",\"dateModified\":\"2025-04-13T14:49:37+00:00\",\"mainEntityOfPage\":{\"@id\":\"https:\/\/nordnesrepublikken.no\/index.php\/2025\/04\/13\/hva-de-er-og-forskjellen-med-andre-sprak\/\"},\"wordCount\":550,\"publisher\":{\"@id\":\"https:\/\/nordnesrepublikken.no\/#organization\"},\"image\":{\"@id\":\"https:\/\/nordnesrepublikken.no\/index.php\/2025\/04\/13\/hva-de-er-og-forskjellen-med-andre-sprak\/#primaryimage\"},\"thumbnailUrl\":\"https:\/\/nordnesrepublikken.no\/wp-content\/uploads\/2025\/04\/1744555771_Hva-de-er-og-forskjellen-med-andre-sprak-scaled.jpg\",\"keywords\":[\"andre\",\"forskjellen\",\"Hva\",\"med\",\"spr\u00e5k\"],\"articleSection\":[\"Samfunn\"],\"inLanguage\":\"nb-NO\"},{\"@type\":\"WebPage\",\"@id\":\"https:\/\/nordnesrepublikken.no\/index.php\/2025\/04\/13\/hva-de-er-og-forskjellen-med-andre-sprak\/\",\"url\":\"https:\/\/nordnesrepublikken.no\/index.php\/2025\/04\/13\/hva-de-er-og-forskjellen-med-andre-sprak\/\",\"name\":\"Hva de er og forskjellen med andre spr\u00e5k - Nordnesrepublikken\",\"isPartOf\":{\"@id\":\"https:\/\/nordnesrepublikken.no\/#website\"},\"primaryImageOfPage\":{\"@id\":\"https:\/\/nordnesrepublikken.no\/index.php\/2025\/04\/13\/hva-de-er-og-forskjellen-med-andre-sprak\/#primaryimage\"},\"image\":{\"@id\":\"https:\/\/nordnesrepublikken.no\/index.php\/2025\/04\/13\/hva-de-er-og-forskjellen-med-andre-sprak\/#primaryimage\"},\"thumbnailUrl\":\"https:\/\/nordnesrepublikken.no\/wp-content\/uploads\/2025\/04\/1744555771_Hva-de-er-og-forskjellen-med-andre-sprak-scaled.jpg\",\"datePublished\":\"2025-04-13T14:49:30+00:00\",\"dateModified\":\"2025-04-13T14:49:37+00:00\",\"breadcrumb\":{\"@id\":\"https:\/\/nordnesrepublikken.no\/index.php\/2025\/04\/13\/hva-de-er-og-forskjellen-med-andre-sprak\/#breadcrumb\"},\"inLanguage\":\"nb-NO\",\"potentialAction\":[{\"@type\":\"ReadAction\",\"target\":[\"https:\/\/nordnesrepublikken.no\/index.php\/2025\/04\/13\/hva-de-er-og-forskjellen-med-andre-sprak\/\"]}]},{\"@type\":\"ImageObject\",\"inLanguage\":\"nb-NO\",\"@id\":\"https:\/\/nordnesrepublikken.no\/index.php\/2025\/04\/13\/hva-de-er-og-forskjellen-med-andre-sprak\/#primaryimage\",\"url\":\"https:\/\/nordnesrepublikken.no\/wp-content\/uploads\/2025\/04\/1744555771_Hva-de-er-og-forskjellen-med-andre-sprak-scaled.jpg\",\"contentUrl\":\"https:\/\/nordnesrepublikken.no\/wp-content\/uploads\/2025\/04\/1744555771_Hva-de-er-og-forskjellen-med-andre-sprak-scaled.jpg\",\"width\":2560,\"height\":1920,\"caption\":\"lingue agglutinanti\"},{\"@type\":\"BreadcrumbList\",\"@id\":\"https:\/\/nordnesrepublikken.no\/index.php\/2025\/04\/13\/hva-de-er-og-forskjellen-med-andre-sprak\/#breadcrumb\",\"itemListElement\":[{\"@type\":\"ListItem\",\"position\":1,\"name\":\"Home\",\"item\":\"https:\/\/nordnesrepublikken.no\/\"},{\"@type\":\"ListItem\",\"position\":2,\"name\":\"Hva de er og forskjellen med andre spr\u00e5k\"}]},{\"@type\":\"WebSite\",\"@id\":\"https:\/\/nordnesrepublikken.no\/#website\",\"url\":\"https:\/\/nordnesrepublikken.no\/\",\"name\":\"Nordnesrepublikken\",\"description\":\"Stemmer og Visjoner fra Republikkens Hjerte\",\"publisher\":{\"@id\":\"https:\/\/nordnesrepublikken.no\/#organization\"},\"potentialAction\":[{\"@type\":\"SearchAction\",\"target\":{\"@type\":\"EntryPoint\",\"urlTemplate\":\"https:\/\/nordnesrepublikken.no\/?s={search_term_string}\"},\"query-input\":{\"@type\":\"PropertyValueSpecification\",\"valueRequired\":true,\"valueName\":\"search_term_string\"}}],\"inLanguage\":\"nb-NO\"},{\"@type\":\"Organization\",\"@id\":\"https:\/\/nordnesrepublikken.no\/#organization\",\"name\":\"Nordnesrepublikken\",\"url\":\"https:\/\/nordnesrepublikken.no\/\",\"logo\":{\"@type\":\"ImageObject\",\"inLanguage\":\"nb-NO\",\"@id\":\"https:\/\/nordnesrepublikken.no\/#\/schema\/logo\/image\/\",\"url\":\"https:\/\/nordnesrepublikken.no\/wp-content\/uploads\/2025\/02\/cropped-nordnesrepublikken-2.png\",\"contentUrl\":\"https:\/\/nordnesrepublikken.no\/wp-content\/uploads\/2025\/02\/cropped-nordnesrepublikken-2.png\",\"width\":1248,\"height\":362,\"caption\":\"Nordnesrepublikken\"},\"image\":{\"@id\":\"https:\/\/nordnesrepublikken.no\/#\/schema\/logo\/image\/\"}},{\"@type\":\"Person\",\"@id\":\"https:\/\/nordnesrepublikken.no\/#\/schema\/person\/2e7e81935bab77882fffb79296240ff1\",\"name\":\"Ole Andersen\",\"image\":{\"@type\":\"ImageObject\",\"inLanguage\":\"nb-NO\",\"@id\":\"https:\/\/nordnesrepublikken.no\/#\/schema\/person\/image\/\",\"url\":\"https:\/\/nordnesrepublikken.no\/wp-content\/uploads\/2025\/02\/nordnesrepublikken-2-2-150x150.jpg\",\"contentUrl\":\"https:\/\/nordnesrepublikken.no\/wp-content\/uploads\/2025\/02\/nordnesrepublikken-2-2-150x150.jpg\",\"caption\":\"Ole Andersen\"},\"description\":\"Ettersom jeg vokste opp i Oslo, har jeg alltid v\u00e6rt fascinert av ordenes kraft og deres evne til \u00e5 skape endringer. Etter \u00e5 ha fullf\u00f8rt min utdannelse i kommunikasjon ved Universitetet i Bergen, fikk jeg muligheten til \u00e5 jobbe innen ulike medier, der jeg har s\u00f8kt \u00e5 belyse viktige samfunnssp\u00f8rsm\u00e5l. I dag, som redakt\u00f8r for Nordnesrepublikken, pr\u00f8ver jeg \u00e5 forene min kj\u00e6rlighet for journalistikk med min lidenskap for innovasjon og eventyr.\",\"sameAs\":[\"https:\/\/nordnesrepublikken.no\/\"]}]}<\/script>\n<!-- \/ Yoast SEO plugin. -->","yoast_head_json":{"title":"Hva de er og forskjellen med andre spr\u00e5k - Nordnesrepublikken","robots":{"index":"index","follow":"follow","max-snippet":"max-snippet:-1","max-image-preview":"max-image-preview:large","max-video-preview":"max-video-preview:-1"},"canonical":"https:\/\/nordnesrepublikken.no\/index.php\/2025\/04\/13\/hva-de-er-og-forskjellen-med-andre-sprak\/","og_locale":"nb_NO","og_type":"article","og_title":"Hva de er og forskjellen med andre spr\u00e5k - Nordnesrepublikken","og_description":"Har du noen gang h\u00f8rt om Agglutinerende spr\u00e5k? De er spr\u00e5k som TyskThe Japansk, ungareren","og_url":"https:\/\/nordnesrepublikken.no\/index.php\/2025\/04\/13\/hva-de-er-og-forskjellen-med-andre-sprak\/","og_site_name":"Nordnesrepublikken","article_published_time":"2025-04-13T14:49:30+00:00","article_modified_time":"2025-04-13T14:49:37+00:00","og_image":[{"width":2560,"height":1920,"url":"https:\/\/nordnesrepublikken.no\/wp-content\/uploads\/2025\/04\/1744555771_Hva-de-er-og-forskjellen-med-andre-sprak-scaled.jpg","type":"image\/jpeg"}],"author":"Ole Andersen","twitter_card":"summary_large_image","twitter_misc":{"Skrevet av":"Ole Andersen","Ansl. lesetid":"3 minutter"},"schema":{"@context":"https:\/\/schema.org","@graph":[{"@type":"Article","@id":"https:\/\/nordnesrepublikken.no\/index.php\/2025\/04\/13\/hva-de-er-og-forskjellen-med-andre-sprak\/#article","isPartOf":{"@id":"https:\/\/nordnesrepublikken.no\/index.php\/2025\/04\/13\/hva-de-er-og-forskjellen-med-andre-sprak\/"},"author":{"name":"Ole Andersen","@id":"https:\/\/nordnesrepublikken.no\/#\/schema\/person\/2e7e81935bab77882fffb79296240ff1"},"headline":"Hva de er og forskjellen med andre spr\u00e5k","datePublished":"2025-04-13T14:49:30+00:00","dateModified":"2025-04-13T14:49:37+00:00","mainEntityOfPage":{"@id":"https:\/\/nordnesrepublikken.no\/index.php\/2025\/04\/13\/hva-de-er-og-forskjellen-med-andre-sprak\/"},"wordCount":550,"publisher":{"@id":"https:\/\/nordnesrepublikken.no\/#organization"},"image":{"@id":"https:\/\/nordnesrepublikken.no\/index.php\/2025\/04\/13\/hva-de-er-og-forskjellen-med-andre-sprak\/#primaryimage"},"thumbnailUrl":"https:\/\/nordnesrepublikken.no\/wp-content\/uploads\/2025\/04\/1744555771_Hva-de-er-og-forskjellen-med-andre-sprak-scaled.jpg","keywords":["andre","forskjellen","Hva","med","spr\u00e5k"],"articleSection":["Samfunn"],"inLanguage":"nb-NO"},{"@type":"WebPage","@id":"https:\/\/nordnesrepublikken.no\/index.php\/2025\/04\/13\/hva-de-er-og-forskjellen-med-andre-sprak\/","url":"https:\/\/nordnesrepublikken.no\/index.php\/2025\/04\/13\/hva-de-er-og-forskjellen-med-andre-sprak\/","name":"Hva de er og forskjellen med andre spr\u00e5k - Nordnesrepublikken","isPartOf":{"@id":"https:\/\/nordnesrepublikken.no\/#website"},"primaryImageOfPage":{"@id":"https:\/\/nordnesrepublikken.no\/index.php\/2025\/04\/13\/hva-de-er-og-forskjellen-med-andre-sprak\/#primaryimage"},"image":{"@id":"https:\/\/nordnesrepublikken.no\/index.php\/2025\/04\/13\/hva-de-er-og-forskjellen-med-andre-sprak\/#primaryimage"},"thumbnailUrl":"https:\/\/nordnesrepublikken.no\/wp-content\/uploads\/2025\/04\/1744555771_Hva-de-er-og-forskjellen-med-andre-sprak-scaled.jpg","datePublished":"2025-04-13T14:49:30+00:00","dateModified":"2025-04-13T14:49:37+00:00","breadcrumb":{"@id":"https:\/\/nordnesrepublikken.no\/index.php\/2025\/04\/13\/hva-de-er-og-forskjellen-med-andre-sprak\/#breadcrumb"},"inLanguage":"nb-NO","potentialAction":[{"@type":"ReadAction","target":["https:\/\/nordnesrepublikken.no\/index.php\/2025\/04\/13\/hva-de-er-og-forskjellen-med-andre-sprak\/"]}]},{"@type":"ImageObject","inLanguage":"nb-NO","@id":"https:\/\/nordnesrepublikken.no\/index.php\/2025\/04\/13\/hva-de-er-og-forskjellen-med-andre-sprak\/#primaryimage","url":"https:\/\/nordnesrepublikken.no\/wp-content\/uploads\/2025\/04\/1744555771_Hva-de-er-og-forskjellen-med-andre-sprak-scaled.jpg","contentUrl":"https:\/\/nordnesrepublikken.no\/wp-content\/uploads\/2025\/04\/1744555771_Hva-de-er-og-forskjellen-med-andre-sprak-scaled.jpg","width":2560,"height":1920,"caption":"lingue agglutinanti"},{"@type":"BreadcrumbList","@id":"https:\/\/nordnesrepublikken.no\/index.php\/2025\/04\/13\/hva-de-er-og-forskjellen-med-andre-sprak\/#breadcrumb","itemListElement":[{"@type":"ListItem","position":1,"name":"Home","item":"https:\/\/nordnesrepublikken.no\/"},{"@type":"ListItem","position":2,"name":"Hva de er og forskjellen med andre spr\u00e5k"}]},{"@type":"WebSite","@id":"https:\/\/nordnesrepublikken.no\/#website","url":"https:\/\/nordnesrepublikken.no\/","name":"Nordnesrepublikken","description":"Stemmer og Visjoner fra Republikkens Hjerte","publisher":{"@id":"https:\/\/nordnesrepublikken.no\/#organization"},"potentialAction":[{"@type":"SearchAction","target":{"@type":"EntryPoint","urlTemplate":"https:\/\/nordnesrepublikken.no\/?s={search_term_string}"},"query-input":{"@type":"PropertyValueSpecification","valueRequired":true,"valueName":"search_term_string"}}],"inLanguage":"nb-NO"},{"@type":"Organization","@id":"https:\/\/nordnesrepublikken.no\/#organization","name":"Nordnesrepublikken","url":"https:\/\/nordnesrepublikken.no\/","logo":{"@type":"ImageObject","inLanguage":"nb-NO","@id":"https:\/\/nordnesrepublikken.no\/#\/schema\/logo\/image\/","url":"https:\/\/nordnesrepublikken.no\/wp-content\/uploads\/2025\/02\/cropped-nordnesrepublikken-2.png","contentUrl":"https:\/\/nordnesrepublikken.no\/wp-content\/uploads\/2025\/02\/cropped-nordnesrepublikken-2.png","width":1248,"height":362,"caption":"Nordnesrepublikken"},"image":{"@id":"https:\/\/nordnesrepublikken.no\/#\/schema\/logo\/image\/"}},{"@type":"Person","@id":"https:\/\/nordnesrepublikken.no\/#\/schema\/person\/2e7e81935bab77882fffb79296240ff1","name":"Ole Andersen","image":{"@type":"ImageObject","inLanguage":"nb-NO","@id":"https:\/\/nordnesrepublikken.no\/#\/schema\/person\/image\/","url":"https:\/\/nordnesrepublikken.no\/wp-content\/uploads\/2025\/02\/nordnesrepublikken-2-2-150x150.jpg","contentUrl":"https:\/\/nordnesrepublikken.no\/wp-content\/uploads\/2025\/02\/nordnesrepublikken-2-2-150x150.jpg","caption":"Ole Andersen"},"description":"Ettersom jeg vokste opp i Oslo, har jeg alltid v\u00e6rt fascinert av ordenes kraft og deres evne til \u00e5 skape endringer. Etter \u00e5 ha fullf\u00f8rt min utdannelse i kommunikasjon ved Universitetet i Bergen, fikk jeg muligheten til \u00e5 jobbe innen ulike medier, der jeg har s\u00f8kt \u00e5 belyse viktige samfunnssp\u00f8rsm\u00e5l. I dag, som redakt\u00f8r for Nordnesrepublikken, pr\u00f8ver jeg \u00e5 forene min kj\u00e6rlighet for journalistikk med min lidenskap for innovasjon og eventyr.","sameAs":["https:\/\/nordnesrepublikken.no\/"]}]}},"_links":{"self":[{"href":"https:\/\/nordnesrepublikken.no\/index.php\/wp-json\/wp\/v2\/posts\/3306","targetHints":{"allow":["GET"]}}],"collection":[{"href":"https:\/\/nordnesrepublikken.no\/index.php\/wp-json\/wp\/v2\/posts"}],"about":[{"href":"https:\/\/nordnesrepublikken.no\/index.php\/wp-json\/wp\/v2\/types\/post"}],"author":[{"embeddable":true,"href":"https:\/\/nordnesrepublikken.no\/index.php\/wp-json\/wp\/v2\/users\/1"}],"replies":[{"embeddable":true,"href":"https:\/\/nordnesrepublikken.no\/index.php\/wp-json\/wp\/v2\/comments?post=3306"}],"version-history":[{"count":1,"href":"https:\/\/nordnesrepublikken.no\/index.php\/wp-json\/wp\/v2\/posts\/3306\/revisions"}],"predecessor-version":[{"id":3308,"href":"https:\/\/nordnesrepublikken.no\/index.php\/wp-json\/wp\/v2\/posts\/3306\/revisions\/3308"}],"wp:featuredmedia":[{"embeddable":true,"href":"https:\/\/nordnesrepublikken.no\/index.php\/wp-json\/wp\/v2\/media\/3307"}],"wp:attachment":[{"href":"https:\/\/nordnesrepublikken.no\/index.php\/wp-json\/wp\/v2\/media?parent=3306"}],"wp:term":[{"taxonomy":"category","embeddable":true,"href":"https:\/\/nordnesrepublikken.no\/index.php\/wp-json\/wp\/v2\/categories?post=3306"},{"taxonomy":"post_tag","embeddable":true,"href":"https:\/\/nordnesrepublikken.no\/index.php\/wp-json\/wp\/v2\/tags?post=3306"}],"curies":[{"name":"wp","href":"https:\/\/api.w.org\/{rel}","templated":true}]}}