{"id":3267,"date":"2025-04-12T11:49:46","date_gmt":"2025-04-12T09:49:46","guid":{"rendered":"https:\/\/nordnesrepublikken.no\/index.php\/2025\/04\/12\/hellig-uke-i-palma\/"},"modified":"2025-04-12T11:49:47","modified_gmt":"2025-04-12T09:49:47","slug":"hellig-uke-i-palma","status":"publish","type":"post","link":"https:\/\/nordnesrepublikken.no\/index.php\/2025\/04\/12\/hellig-uke-i-palma\/","title":{"rendered":"Hellig uke i Palma"},"content":{"rendered":"<p><\/p>\n<div class=\"wordpress-content\">\n                    <!-- Article Start --><\/p>\n<p><strong>Palma de Mallorcas hellige uke 2025 l\u00f8per fra 11. til 20. april, og tilbyr en dyp blanding av religi\u00f8s hengivenhet og kulturarv. <\/strong><\/p>\n<p>Bes\u00f8kende og lokalbefolkningen kan v\u00e6re vitne til byens ikoniske prosesjoner. En kraftig feiring av tro, tradisjon og fellesskap.<\/p>\n<h2>Holy Week 2025 i Palma<\/h2>\n<p>Holy Week 2025 i Palma de Mallorca vil finne sted fra 11. til 20. april, og tilbyr innbyggere og turister en unik mulighet til \u00e5 oppleve en av \u00f8yas viktigste religi\u00f8se tradisjoner p\u00e5 n\u00e6rt hold. Prosesjonene, som slynger seg gjennom hovedgatene i byen, tiltrekker tusenvis av trofaste og bes\u00f8kende som s\u00f8ker \u00e5 fordype seg i den dype religi\u00f8se \u00e5nden til arrangementet.<\/p>\n<div class=\"sra_unit\"><link rel=\"stylesheet\" id=\"block-sra\" href=\"https:\/\/euroweeklynews.com\/wp-content\/plugins\/snack-related-articles\/dist\/css\/snack-related.min.css?250312-193541\" type=\"text\/css\" media=\"all\">\n<\/div>\n<p><strong>En tid med tradisjon og hengivenhet<\/strong><\/p>\n<p>Feiringen begynner fredag \u200b\u200b11. april og avsluttes s\u00f8ndag 20. april:<\/p>\n<p class=\"\" data-start=\"201\" data-end=\"264\"><strong data-start=\"201\" data-end=\"264\">Fredag \u200b\u200bav sorg (11. april): Prosesjon av standardene<\/strong><\/p>\n<ul data-start=\"266\" data-end=\"464\">\n<li class=\"\" data-start=\"266\" data-end=\"369\">\n<p class=\"\" data-start=\"268\" data-end=\"369\"><strong data-start=\"268\" data-end=\"287\">Avgangstid:<\/strong> <span class=\"relative -mx-px my-(-0.2rem) rounded px-px py-(0.2rem) transition-colors duration-100 ease-in-out\">19:00 timer<\/span>\u200b<\/p>\n<\/li>\n<li class=\"\" data-start=\"370\" data-end=\"464\">\n<p class=\"\" data-start=\"372\" data-end=\"464\"><strong data-start=\"372\" data-end=\"382\">Rute:<\/strong> <span class=\"relative -mx-px my-(-0.2rem) rounded px-px py-(0.2rem) transition-colors duration-100 ease-in-out\">Church of San Felipe Neri \u2192 C\/ D&#8217;En Vilanova \u2192 Pla\u00e7a de la Mare de D\u00e9u de la Salut \u2192 C\/ Sant Miquel \u2192 Pla\u00e7a Major \u2192 Pla\u00e7a del Marqu\u00e8s de Palmer \u2192 C\/ Col\u00f3n \u2192 Pla\u00e7a De Cort \u2192 C\/ Palau Real \u2192<\/span>\u200b<\/p>\n<\/li>\n<\/ul>\n<p class=\"\" data-start=\"466\" data-end=\"543\"><strong data-start=\"466\" data-end=\"543\">Palm s\u00f8ndag (13. april): Procession of Jesus til Jerusalem inntreden<\/strong><\/p>\n<ul data-start=\"545\" data-end=\"743\">\n<li class=\"\" data-start=\"545\" data-end=\"648\">\n<p class=\"\" data-start=\"547\" data-end=\"648\"><strong data-start=\"547\" data-end=\"566\">Avgangstid:<\/strong> <span class=\"relative -mx-px my-(-0.2rem) rounded px-px py-(0.2rem) transition-colors duration-100 ease-in-out\">18:00 timer<\/span>\u200b<\/p>\n<\/li>\n<li class=\"\" data-start=\"649\" data-end=\"743\">\n<p class=\"\" data-start=\"651\" data-end=\"743\"><strong data-start=\"651\" data-end=\"661\">Rute:<\/strong> <span class=\"relative -mx-px my-(-0.2rem) rounded px-px py-(0.2rem) transition-colors duration-100 ease-in-out\">Parish of Sant Jaume \u2192 C\/ Sant Jaume \u2192 Pla\u00e7a Joan Carles I \u2192 Passeig Del F\u00f8dt \u2192 C\/ Sant Feliu \u2192 C\/ Sant Gaiet\u00e0 \u2192 C\/ Ca&#8217;n ASPRER \u2192 JUME III \u2192 C\/ Del Bar\u00f3 De Santa \u2192 C\/ Boneng\/ Boneng ( Concepci\u00f3 \u2192 unnfangelseskirken<\/span>\u200b<\/p>\n<\/li>\n<\/ul>\n<p class=\"\" data-start=\"745\" data-end=\"809\"><strong data-start=\"745\" data-end=\"809\">Hellig mandag (14. april): Prosesjon av god tilgivelse<\/strong><\/p>\n<ul data-start=\"811\" data-end=\"1017\">\n<li class=\"\" data-start=\"811\" data-end=\"918\">\n<p class=\"\" data-start=\"813\" data-end=\"918\"><strong data-start=\"813\" data-end=\"832\">Avgangstid:<\/strong> <span class=\"relative -mx-px my-(-0.2rem) rounded px-px py-(0.2rem) transition-colors duration-100 ease-in-out\">20:30 timer<\/span>\u200b<\/p>\n<\/li>\n<li class=\"\" data-start=\"919\" data-end=\"1017\">\n<p class=\"\" data-start=\"921\" data-end=\"1017\"><strong data-start=\"921\" data-end=\"931\">Rute:<\/strong> <span class=\"relative -mx-px my-(-0.2rem) rounded px-px py-(0.2rem) transition-colors duration-100 ease-in-out\">Parish of the Sacred Heart \u2192 C\/ Reina Violant \u2192 C\/ Nun\u00f3 San\u00e7 \u2192 C\/ Son Ventallol \u2192 C\/ Jacint Verdaguer \u2192 Pla\u00e7a Santa Elisabet \u2192 C\/ Reina Violant \u2192 Church of the Sacred Heart<\/span>\u200b<\/p>\n<\/li>\n<\/ul>\n<p class=\"\" data-start=\"1019\" data-end=\"1084\"><strong data-start=\"1019\" data-end=\"1084\">Hellig tirsdag (15. april): Prosesjon av jomfruen til Carmen<\/strong><\/p>\n<ul data-start=\"1086\" data-end=\"1292\">\n<li class=\"\" data-start=\"1086\" data-end=\"1193\">\n<p class=\"\" data-start=\"1088\" data-end=\"1193\"><strong data-start=\"1088\" data-end=\"1107\">Avgangstid:<\/strong> <span class=\"relative -mx-px my-(-0.2rem) rounded px-px py-(0.2rem) transition-colors duration-100 ease-in-out\">19:00 timer<\/span>\u200b<\/p>\n<\/li>\n<li class=\"\" data-start=\"1194\" data-end=\"1292\">\n<p class=\"\" data-start=\"1196\" data-end=\"1292\"><strong data-start=\"1196\" data-end=\"1206\">Rute:<\/strong> <span class=\"relative -mx-px my-(-0.2rem) rounded px-px py-(0.2rem) transition-colors duration-100 ease-in-out\">Parish of Our Lady of Carmen (Es Coll) \u2192 Pla\u00e7a de la Esggl\u00e9sia \u2192 C\/ de Bartomeu Castell \u2192 C\/ del Cardenal Rossell \u2192 C\/ de Trafalgar \u2192 C\/ de l&#8217;Illa De Corf\u00fa \u2192 C\/ de Josep Mascar I Passarius \u2192 C\/ de arapiles \u2192 \u2192<\/span>\u200b<\/p>\n<\/li>\n<\/ul>\n<p class=\"\" data-start=\"1294\" data-end=\"1362\"><strong data-start=\"1294\" data-end=\"1362\">Hellig onsdag (16. april): Prosesjon av veien til Getsemane<\/strong><\/p>\n<ul data-start=\"1364\" data-end=\"1570\">\n<li class=\"\" data-start=\"1364\" data-end=\"1471\">\n<p class=\"\" data-start=\"1366\" data-end=\"1471\"><strong data-start=\"1366\" data-end=\"1385\">Avgangstid:<\/strong> <span class=\"relative -mx-px my-(-0.2rem) rounded px-px py-(0.2rem) transition-colors duration-100 ease-in-out\">21:00 timer<\/span>\u200b<\/p>\n<\/li>\n<li class=\"\" data-start=\"1472\" data-end=\"1570\">\n<p class=\"\" data-start=\"1474\" data-end=\"1570\"><strong data-start=\"1474\" data-end=\"1484\">Rute:<\/strong> <span class=\"relative -mx-px my-(-0.2rem) rounded px-px py-(0.2rem) transition-colors duration-100 ease-in-out\">V\u00e5r Frue av ensomhet \u2192 Pla\u00e7a M\u00ednims \u2192 C\/ Manacor \u2192 C\/ Sant Rafel \u2192 C\/ Sureda \u2192 C\/ Reyes Cat\u00f3licos \u2192 Pla\u00e7a Miquel Dol\u00e7 \u2192 C\/ Reyes Cat\u00f3licos \u2192 \u2192 Church of the Sacred Heart<\/span>\u200b<\/p>\n<\/li>\n<\/ul>\n<p class=\"\" data-start=\"1572\" data-end=\"1648\"><strong data-start=\"1572\" data-end=\"1648\">Maundy torsdag (17. april): Procession of the Holy Christ of the Blood<\/strong><\/p>\n<ul data-start=\"1650\" data-end=\"1856\">\n<li class=\"\" data-start=\"1650\" data-end=\"1757\">\n<p class=\"\" data-start=\"1652\" data-end=\"1757\"><strong data-start=\"1652\" data-end=\"1671\">Avgangstid:<\/strong> <span class=\"relative -mx-px my-(-0.2rem) rounded px-px py-(0.2rem) transition-colors duration-100 ease-in-out\">19:00 timer<\/span>\u200b<\/p>\n<\/li>\n<li class=\"\" data-start=\"1758\" data-end=\"1856\">\n<p class=\"\" data-start=\"1760\" data-end=\"1856\"><strong data-start=\"1760\" data-end=\"1770\">Rute:<\/strong> <span class=\"relative -mx-px my-(-0.2rem) rounded px-px py-(0.2rem) transition-colors duration-100 ease-in-out\">Kirken til kunngj\u00f8ringen \u2192 Pla\u00e7a de l&#8217;yhospital \u2192 Costa de l&#8217;Hospital \u2192 Costa de la sang \u2192 La Rambla \u2192 C\/ OMS \u2192 C\/ Sant Miquel \u2192 Pla\u00e7a Major \u2192 Pla\u00e7a del Marqu\u00e8s de Palmer \u2192 C\/ Col\u00f3n \u2192 Pla\u00e7a Decort \u2192 Palau \u2192 Palau \u2192 Palau re \u2192 Palau re \u2192 Cathy \u2192 Palca De Palmer \u2192 C Catha.<\/span>\u200b<\/p>\n<\/li>\n<\/ul>\n<p class=\"\" data-start=\"1858\" data-end=\"1917\"><strong data-start=\"1858\" data-end=\"1917\">Langfredag \u200b\u200b(18. april): Procession of the Holy Burial<\/strong><\/p>\n<ul data-start=\"1919\" data-end=\"2125\">\n<li class=\"\" data-start=\"1919\" data-end=\"2026\">\n<p class=\"\" data-start=\"1921\" data-end=\"2026\"><strong data-start=\"1921\" data-end=\"1940\">Avgangstid:<\/strong> <span class=\"relative -mx-px my-(-0.2rem) rounded px-px py-(0.2rem) transition-colors duration-100 ease-in-out\">19:00 timer<\/span>\u200b<\/p>\n<\/li>\n<li class=\"\" data-start=\"2027\" data-end=\"2125\">\n<p class=\"\" data-start=\"2029\" data-end=\"2125\"><strong data-start=\"2029\" data-end=\"2039\">Rute:<\/strong> <span class=\"relative -mx-px my-(-0.2rem) rounded px-px py-(0.2rem) transition-colors duration-100 ease-in-out\">Basilica of Sant Francesc \u2192 Pla\u00e7a Sant Francesc \u2192 C\/ Sant Francesc \u2192 Pla\u00e7a de Santa Eul\u00e0lia \u2192 C\/ de la Cadena \u2192 Pla\u00e7a de Cort \u2192 C\/ Col\u00f3n \u2192 C\/ de la Bosseria \u2192 Pla\u00e7a d&#8217;en Coll \u2192 Ca \u2192 \u2192 C\/ Esparteria \u2192 Pla\u00e7a del Mercadal \u2192 C\/ de la Ferreria \u2192 Pla\u00e7a de Sant Antoni \u2192 C\/ Dels Socors \u2192 Church of Socors<\/span>\u200b<\/p>\n<\/li>\n<\/ul>\n<p class=\"\" data-start=\"2127\" data-end=\"2186\"><strong data-start=\"2127\" data-end=\"2186\">P\u00e5skedag (20. april): Procession of the Encounter<\/strong><\/p>\n<ul data-start=\"2188\" data-end=\"2394\">\n<li class=\"\" data-start=\"2188\" data-end=\"2295\">\n<p class=\"\" data-start=\"2190\" data-end=\"2295\"><strong data-start=\"2190\" data-end=\"2209\">Avgangstid:<\/strong> <span class=\"relative -mx-px my-(-0.2rem) rounded px-px py-(0.2rem) transition-colors duration-100 ease-in-out\">10:15 timer<\/span>\u200b<\/p>\n<\/li>\n<li class=\"\" data-start=\"2296\" data-end=\"2394\">\n<p class=\"\" data-start=\"2298\" data-end=\"2394\"><strong data-start=\"2298\" data-end=\"2308\">Rute:<\/strong> <span class=\"relative -mx-px my-(-0.2rem) rounded px-px py-(0.2rem) transition-colors duration-100 ease-in-out\">Cathedral of Mallorca \u2192 Pla\u00e7a de la Seu \u2192 C\/ de l&#8217;Apuntadors \u2192 Pla\u00e7a del Mercat \u2192 C\/ de la Riera \u2192 Pla\u00e7a d&#8217;Espanya \u2192 C\/ de Manacor \u2192 Pla\u00e7a Miquel Dol\u00e7 \u2192 C\/ de la Reina Maria \u2192 Pla\u00e7a Miquel Dol\u00e7 \u2192 C\/ de la Reina \u2192 Pla Heca Miquel Dol\u00e7 \u2192 C\/ de la Reina \u2192 Pla De la Reina \u2192 C\/ de la Reina \u2192 Pla De la Reina \u2192 C\/ De la Reina \u2192 C\/ de la Reina \u2192 C\/ de. Pla\u00e7a major \u2192 c\/ de la concepci\u00f3 \u2192 unnfangelseskirken<\/span>\u200b<\/p>\n<\/li>\n<\/ul>\n<p class=\"\" data-start=\"63\" data-end=\"336\">I l\u00f8pet av p\u00e5sken 2025, <strong>Skoleferier p\u00e5 Mallorca<\/strong> vil strekke seg fra torsdag 17. april til s\u00f8ndag 27. april, inkludert. I tillegg er mandag 21. april, kjent som p\u00e5skedag eller &laquo;Segona Festa&raquo;, en helligdag i flere kommuner p\u00e5 \u00f8ya, inkludert Palma.<\/p>\n<p class=\"\" data-start=\"338\" data-end=\"524\">Som for <strong>Offentlige tjenester<\/strong>Offentlig transport i Mallorca vil v\u00e6re gratis gjennom p\u00e5skeuken. Dette tiltaket har som m\u00e5l \u00e5 lette mobilitet for innbyggere under religi\u00f8se og kulturelle festligheter.<\/p>\n<p class=\"\" data-start=\"526\" data-end=\"769\">Dessuten <strong>Consell de Mallorca har organisert et spesielt program<\/strong> med over 20 kulturelle aktiviteter mellom 17. mars og 13. april. Disse inkluderer utstillinger, konserter og konferanser som beriker kulturtilbudet i l\u00f8pet av denne perioden.<\/p>\n<p>Prosesjonene er ikke bare handlinger med religi\u00f8s hengivenhet, men ogs\u00e5 kulturelle skjermer som fremhever Palmas mest forankrede tradisjoner, og fyller byen med h\u00f8ytidelighet, musikk og en spesiell atmosf\u00e6re. Det anbefales \u00e5 sjekke timeplanene og rutene, da disse kan endres.<\/p>\n<p>Finn flere artikler om lokale feiringer og arrangementer p\u00e5 Balears\u00f8yene.<\/p>\n<p>Finn flere artikler om musikalske begivenheter og kulturelle opplevelser p\u00e5 Mallorca.<\/p>\n<p>                    <!-- Article End --><\/p><\/div>\n","protected":false},"excerpt":{"rendered":"<p>Palma de Mallorcas hellige uke 2025 l\u00f8per fra 11. til 20. april, og tilbyr en<\/p>\n","protected":false},"author":1,"featured_media":3268,"comment_status":"closed","ping_status":"open","sticky":false,"template":"","format":"standard","meta":{"footnotes":""},"categories":[105],"tags":[1065,1067,1066],"class_list":["post-3267","post","type-post","status-publish","format-standard","has-post-thumbnail","hentry","category-livsstil","tag-hellig","tag-palma","tag-uke","generate-columns","tablet-grid-50","mobile-grid-100","grid-parent","grid-33","resize-featured-image"],"yoast_head":"<!-- This site is optimized with the Yoast SEO plugin v24.4 - https:\/\/yoast.com\/wordpress\/plugins\/seo\/ -->\n<title>Hellig uke i Palma - Nordnesrepublikken<\/title>\n<meta name=\"robots\" content=\"index, follow, max-snippet:-1, max-image-preview:large, max-video-preview:-1\" \/>\n<link rel=\"canonical\" href=\"https:\/\/nordnesrepublikken.no\/index.php\/2025\/04\/12\/hellig-uke-i-palma\/\" \/>\n<meta property=\"og:locale\" content=\"nb_NO\" \/>\n<meta property=\"og:type\" content=\"article\" \/>\n<meta property=\"og:title\" content=\"Hellig uke i Palma - Nordnesrepublikken\" \/>\n<meta property=\"og:description\" content=\"Palma de Mallorcas hellige uke 2025 l\u00f8per fra 11. til 20. april, og tilbyr en\" \/>\n<meta property=\"og:url\" content=\"https:\/\/nordnesrepublikken.no\/index.php\/2025\/04\/12\/hellig-uke-i-palma\/\" \/>\n<meta property=\"og:site_name\" content=\"Nordnesrepublikken\" \/>\n<meta property=\"article:published_time\" content=\"2025-04-12T09:49:46+00:00\" \/>\n<meta property=\"article:modified_time\" content=\"2025-04-12T09:49:47+00:00\" \/>\n<meta property=\"og:image\" content=\"https:\/\/nordnesrepublikken.no\/wp-content\/uploads\/2025\/04\/1744451386_Hellig-uke-i-Palma.jpg\" \/>\n\t<meta property=\"og:image:width\" content=\"1200\" \/>\n\t<meta property=\"og:image:height\" content=\"799\" \/>\n\t<meta property=\"og:image:type\" content=\"image\/jpeg\" \/>\n<meta name=\"author\" content=\"Ole Andersen\" \/>\n<meta name=\"twitter:card\" content=\"summary_large_image\" \/>\n<meta name=\"twitter:label1\" content=\"Skrevet av\" \/>\n\t<meta name=\"twitter:data1\" content=\"Ole Andersen\" \/>\n\t<meta name=\"twitter:label2\" content=\"Ansl. lesetid\" \/>\n\t<meta name=\"twitter:data2\" content=\"4 minutter\" \/>\n<script type=\"application\/ld+json\" class=\"yoast-schema-graph\">{\"@context\":\"https:\/\/schema.org\",\"@graph\":[{\"@type\":\"Article\",\"@id\":\"https:\/\/nordnesrepublikken.no\/index.php\/2025\/04\/12\/hellig-uke-i-palma\/#article\",\"isPartOf\":{\"@id\":\"https:\/\/nordnesrepublikken.no\/index.php\/2025\/04\/12\/hellig-uke-i-palma\/\"},\"author\":{\"name\":\"Ole Andersen\",\"@id\":\"https:\/\/nordnesrepublikken.no\/#\/schema\/person\/2e7e81935bab77882fffb79296240ff1\"},\"headline\":\"Hellig uke i Palma\",\"datePublished\":\"2025-04-12T09:49:46+00:00\",\"dateModified\":\"2025-04-12T09:49:47+00:00\",\"mainEntityOfPage\":{\"@id\":\"https:\/\/nordnesrepublikken.no\/index.php\/2025\/04\/12\/hellig-uke-i-palma\/\"},\"wordCount\":756,\"publisher\":{\"@id\":\"https:\/\/nordnesrepublikken.no\/#organization\"},\"image\":{\"@id\":\"https:\/\/nordnesrepublikken.no\/index.php\/2025\/04\/12\/hellig-uke-i-palma\/#primaryimage\"},\"thumbnailUrl\":\"https:\/\/nordnesrepublikken.no\/wp-content\/uploads\/2025\/04\/1744451386_Hellig-uke-i-Palma.jpg\",\"keywords\":[\"Hellig\",\"Palma\",\"uke\"],\"articleSection\":[\"Livsstil\"],\"inLanguage\":\"nb-NO\"},{\"@type\":\"WebPage\",\"@id\":\"https:\/\/nordnesrepublikken.no\/index.php\/2025\/04\/12\/hellig-uke-i-palma\/\",\"url\":\"https:\/\/nordnesrepublikken.no\/index.php\/2025\/04\/12\/hellig-uke-i-palma\/\",\"name\":\"Hellig uke i Palma - Nordnesrepublikken\",\"isPartOf\":{\"@id\":\"https:\/\/nordnesrepublikken.no\/#website\"},\"primaryImageOfPage\":{\"@id\":\"https:\/\/nordnesrepublikken.no\/index.php\/2025\/04\/12\/hellig-uke-i-palma\/#primaryimage\"},\"image\":{\"@id\":\"https:\/\/nordnesrepublikken.no\/index.php\/2025\/04\/12\/hellig-uke-i-palma\/#primaryimage\"},\"thumbnailUrl\":\"https:\/\/nordnesrepublikken.no\/wp-content\/uploads\/2025\/04\/1744451386_Hellig-uke-i-Palma.jpg\",\"datePublished\":\"2025-04-12T09:49:46+00:00\",\"dateModified\":\"2025-04-12T09:49:47+00:00\",\"breadcrumb\":{\"@id\":\"https:\/\/nordnesrepublikken.no\/index.php\/2025\/04\/12\/hellig-uke-i-palma\/#breadcrumb\"},\"inLanguage\":\"nb-NO\",\"potentialAction\":[{\"@type\":\"ReadAction\",\"target\":[\"https:\/\/nordnesrepublikken.no\/index.php\/2025\/04\/12\/hellig-uke-i-palma\/\"]}]},{\"@type\":\"ImageObject\",\"inLanguage\":\"nb-NO\",\"@id\":\"https:\/\/nordnesrepublikken.no\/index.php\/2025\/04\/12\/hellig-uke-i-palma\/#primaryimage\",\"url\":\"https:\/\/nordnesrepublikken.no\/wp-content\/uploads\/2025\/04\/1744451386_Hellig-uke-i-Palma.jpg\",\"contentUrl\":\"https:\/\/nordnesrepublikken.no\/wp-content\/uploads\/2025\/04\/1744451386_Hellig-uke-i-Palma.jpg\",\"width\":1200,\"height\":799,\"caption\":\"Hellig uke i Palma\"},{\"@type\":\"BreadcrumbList\",\"@id\":\"https:\/\/nordnesrepublikken.no\/index.php\/2025\/04\/12\/hellig-uke-i-palma\/#breadcrumb\",\"itemListElement\":[{\"@type\":\"ListItem\",\"position\":1,\"name\":\"Home\",\"item\":\"https:\/\/nordnesrepublikken.no\/\"},{\"@type\":\"ListItem\",\"position\":2,\"name\":\"Hellig uke i Palma\"}]},{\"@type\":\"WebSite\",\"@id\":\"https:\/\/nordnesrepublikken.no\/#website\",\"url\":\"https:\/\/nordnesrepublikken.no\/\",\"name\":\"Nordnesrepublikken\",\"description\":\"Stemmer og Visjoner fra Republikkens Hjerte\",\"publisher\":{\"@id\":\"https:\/\/nordnesrepublikken.no\/#organization\"},\"potentialAction\":[{\"@type\":\"SearchAction\",\"target\":{\"@type\":\"EntryPoint\",\"urlTemplate\":\"https:\/\/nordnesrepublikken.no\/?s={search_term_string}\"},\"query-input\":{\"@type\":\"PropertyValueSpecification\",\"valueRequired\":true,\"valueName\":\"search_term_string\"}}],\"inLanguage\":\"nb-NO\"},{\"@type\":\"Organization\",\"@id\":\"https:\/\/nordnesrepublikken.no\/#organization\",\"name\":\"Nordnesrepublikken\",\"url\":\"https:\/\/nordnesrepublikken.no\/\",\"logo\":{\"@type\":\"ImageObject\",\"inLanguage\":\"nb-NO\",\"@id\":\"https:\/\/nordnesrepublikken.no\/#\/schema\/logo\/image\/\",\"url\":\"https:\/\/nordnesrepublikken.no\/wp-content\/uploads\/2025\/02\/cropped-nordnesrepublikken-2.png\",\"contentUrl\":\"https:\/\/nordnesrepublikken.no\/wp-content\/uploads\/2025\/02\/cropped-nordnesrepublikken-2.png\",\"width\":1248,\"height\":362,\"caption\":\"Nordnesrepublikken\"},\"image\":{\"@id\":\"https:\/\/nordnesrepublikken.no\/#\/schema\/logo\/image\/\"}},{\"@type\":\"Person\",\"@id\":\"https:\/\/nordnesrepublikken.no\/#\/schema\/person\/2e7e81935bab77882fffb79296240ff1\",\"name\":\"Ole Andersen\",\"image\":{\"@type\":\"ImageObject\",\"inLanguage\":\"nb-NO\",\"@id\":\"https:\/\/nordnesrepublikken.no\/#\/schema\/person\/image\/\",\"url\":\"https:\/\/nordnesrepublikken.no\/wp-content\/uploads\/2025\/02\/nordnesrepublikken-2-2-150x150.jpg\",\"contentUrl\":\"https:\/\/nordnesrepublikken.no\/wp-content\/uploads\/2025\/02\/nordnesrepublikken-2-2-150x150.jpg\",\"caption\":\"Ole Andersen\"},\"description\":\"Ettersom jeg vokste opp i Oslo, har jeg alltid v\u00e6rt fascinert av ordenes kraft og deres evne til \u00e5 skape endringer. Etter \u00e5 ha fullf\u00f8rt min utdannelse i kommunikasjon ved Universitetet i Bergen, fikk jeg muligheten til \u00e5 jobbe innen ulike medier, der jeg har s\u00f8kt \u00e5 belyse viktige samfunnssp\u00f8rsm\u00e5l. I dag, som redakt\u00f8r for Nordnesrepublikken, pr\u00f8ver jeg \u00e5 forene min kj\u00e6rlighet for journalistikk med min lidenskap for innovasjon og eventyr.\",\"sameAs\":[\"https:\/\/nordnesrepublikken.no\/\"]}]}<\/script>\n<!-- \/ Yoast SEO plugin. -->","yoast_head_json":{"title":"Hellig uke i Palma - Nordnesrepublikken","robots":{"index":"index","follow":"follow","max-snippet":"max-snippet:-1","max-image-preview":"max-image-preview:large","max-video-preview":"max-video-preview:-1"},"canonical":"https:\/\/nordnesrepublikken.no\/index.php\/2025\/04\/12\/hellig-uke-i-palma\/","og_locale":"nb_NO","og_type":"article","og_title":"Hellig uke i Palma - Nordnesrepublikken","og_description":"Palma de Mallorcas hellige uke 2025 l\u00f8per fra 11. til 20. april, og tilbyr en","og_url":"https:\/\/nordnesrepublikken.no\/index.php\/2025\/04\/12\/hellig-uke-i-palma\/","og_site_name":"Nordnesrepublikken","article_published_time":"2025-04-12T09:49:46+00:00","article_modified_time":"2025-04-12T09:49:47+00:00","og_image":[{"width":1200,"height":799,"url":"https:\/\/nordnesrepublikken.no\/wp-content\/uploads\/2025\/04\/1744451386_Hellig-uke-i-Palma.jpg","type":"image\/jpeg"}],"author":"Ole Andersen","twitter_card":"summary_large_image","twitter_misc":{"Skrevet av":"Ole Andersen","Ansl. lesetid":"4 minutter"},"schema":{"@context":"https:\/\/schema.org","@graph":[{"@type":"Article","@id":"https:\/\/nordnesrepublikken.no\/index.php\/2025\/04\/12\/hellig-uke-i-palma\/#article","isPartOf":{"@id":"https:\/\/nordnesrepublikken.no\/index.php\/2025\/04\/12\/hellig-uke-i-palma\/"},"author":{"name":"Ole Andersen","@id":"https:\/\/nordnesrepublikken.no\/#\/schema\/person\/2e7e81935bab77882fffb79296240ff1"},"headline":"Hellig uke i Palma","datePublished":"2025-04-12T09:49:46+00:00","dateModified":"2025-04-12T09:49:47+00:00","mainEntityOfPage":{"@id":"https:\/\/nordnesrepublikken.no\/index.php\/2025\/04\/12\/hellig-uke-i-palma\/"},"wordCount":756,"publisher":{"@id":"https:\/\/nordnesrepublikken.no\/#organization"},"image":{"@id":"https:\/\/nordnesrepublikken.no\/index.php\/2025\/04\/12\/hellig-uke-i-palma\/#primaryimage"},"thumbnailUrl":"https:\/\/nordnesrepublikken.no\/wp-content\/uploads\/2025\/04\/1744451386_Hellig-uke-i-Palma.jpg","keywords":["Hellig","Palma","uke"],"articleSection":["Livsstil"],"inLanguage":"nb-NO"},{"@type":"WebPage","@id":"https:\/\/nordnesrepublikken.no\/index.php\/2025\/04\/12\/hellig-uke-i-palma\/","url":"https:\/\/nordnesrepublikken.no\/index.php\/2025\/04\/12\/hellig-uke-i-palma\/","name":"Hellig uke i Palma - Nordnesrepublikken","isPartOf":{"@id":"https:\/\/nordnesrepublikken.no\/#website"},"primaryImageOfPage":{"@id":"https:\/\/nordnesrepublikken.no\/index.php\/2025\/04\/12\/hellig-uke-i-palma\/#primaryimage"},"image":{"@id":"https:\/\/nordnesrepublikken.no\/index.php\/2025\/04\/12\/hellig-uke-i-palma\/#primaryimage"},"thumbnailUrl":"https:\/\/nordnesrepublikken.no\/wp-content\/uploads\/2025\/04\/1744451386_Hellig-uke-i-Palma.jpg","datePublished":"2025-04-12T09:49:46+00:00","dateModified":"2025-04-12T09:49:47+00:00","breadcrumb":{"@id":"https:\/\/nordnesrepublikken.no\/index.php\/2025\/04\/12\/hellig-uke-i-palma\/#breadcrumb"},"inLanguage":"nb-NO","potentialAction":[{"@type":"ReadAction","target":["https:\/\/nordnesrepublikken.no\/index.php\/2025\/04\/12\/hellig-uke-i-palma\/"]}]},{"@type":"ImageObject","inLanguage":"nb-NO","@id":"https:\/\/nordnesrepublikken.no\/index.php\/2025\/04\/12\/hellig-uke-i-palma\/#primaryimage","url":"https:\/\/nordnesrepublikken.no\/wp-content\/uploads\/2025\/04\/1744451386_Hellig-uke-i-Palma.jpg","contentUrl":"https:\/\/nordnesrepublikken.no\/wp-content\/uploads\/2025\/04\/1744451386_Hellig-uke-i-Palma.jpg","width":1200,"height":799,"caption":"Hellig uke i Palma"},{"@type":"BreadcrumbList","@id":"https:\/\/nordnesrepublikken.no\/index.php\/2025\/04\/12\/hellig-uke-i-palma\/#breadcrumb","itemListElement":[{"@type":"ListItem","position":1,"name":"Home","item":"https:\/\/nordnesrepublikken.no\/"},{"@type":"ListItem","position":2,"name":"Hellig uke i Palma"}]},{"@type":"WebSite","@id":"https:\/\/nordnesrepublikken.no\/#website","url":"https:\/\/nordnesrepublikken.no\/","name":"Nordnesrepublikken","description":"Stemmer og Visjoner fra Republikkens Hjerte","publisher":{"@id":"https:\/\/nordnesrepublikken.no\/#organization"},"potentialAction":[{"@type":"SearchAction","target":{"@type":"EntryPoint","urlTemplate":"https:\/\/nordnesrepublikken.no\/?s={search_term_string}"},"query-input":{"@type":"PropertyValueSpecification","valueRequired":true,"valueName":"search_term_string"}}],"inLanguage":"nb-NO"},{"@type":"Organization","@id":"https:\/\/nordnesrepublikken.no\/#organization","name":"Nordnesrepublikken","url":"https:\/\/nordnesrepublikken.no\/","logo":{"@type":"ImageObject","inLanguage":"nb-NO","@id":"https:\/\/nordnesrepublikken.no\/#\/schema\/logo\/image\/","url":"https:\/\/nordnesrepublikken.no\/wp-content\/uploads\/2025\/02\/cropped-nordnesrepublikken-2.png","contentUrl":"https:\/\/nordnesrepublikken.no\/wp-content\/uploads\/2025\/02\/cropped-nordnesrepublikken-2.png","width":1248,"height":362,"caption":"Nordnesrepublikken"},"image":{"@id":"https:\/\/nordnesrepublikken.no\/#\/schema\/logo\/image\/"}},{"@type":"Person","@id":"https:\/\/nordnesrepublikken.no\/#\/schema\/person\/2e7e81935bab77882fffb79296240ff1","name":"Ole Andersen","image":{"@type":"ImageObject","inLanguage":"nb-NO","@id":"https:\/\/nordnesrepublikken.no\/#\/schema\/person\/image\/","url":"https:\/\/nordnesrepublikken.no\/wp-content\/uploads\/2025\/02\/nordnesrepublikken-2-2-150x150.jpg","contentUrl":"https:\/\/nordnesrepublikken.no\/wp-content\/uploads\/2025\/02\/nordnesrepublikken-2-2-150x150.jpg","caption":"Ole Andersen"},"description":"Ettersom jeg vokste opp i Oslo, har jeg alltid v\u00e6rt fascinert av ordenes kraft og deres evne til \u00e5 skape endringer. Etter \u00e5 ha fullf\u00f8rt min utdannelse i kommunikasjon ved Universitetet i Bergen, fikk jeg muligheten til \u00e5 jobbe innen ulike medier, der jeg har s\u00f8kt \u00e5 belyse viktige samfunnssp\u00f8rsm\u00e5l. I dag, som redakt\u00f8r for Nordnesrepublikken, pr\u00f8ver jeg \u00e5 forene min kj\u00e6rlighet for journalistikk med min lidenskap for innovasjon og eventyr.","sameAs":["https:\/\/nordnesrepublikken.no\/"]}]}},"_links":{"self":[{"href":"https:\/\/nordnesrepublikken.no\/index.php\/wp-json\/wp\/v2\/posts\/3267","targetHints":{"allow":["GET"]}}],"collection":[{"href":"https:\/\/nordnesrepublikken.no\/index.php\/wp-json\/wp\/v2\/posts"}],"about":[{"href":"https:\/\/nordnesrepublikken.no\/index.php\/wp-json\/wp\/v2\/types\/post"}],"author":[{"embeddable":true,"href":"https:\/\/nordnesrepublikken.no\/index.php\/wp-json\/wp\/v2\/users\/1"}],"replies":[{"embeddable":true,"href":"https:\/\/nordnesrepublikken.no\/index.php\/wp-json\/wp\/v2\/comments?post=3267"}],"version-history":[{"count":1,"href":"https:\/\/nordnesrepublikken.no\/index.php\/wp-json\/wp\/v2\/posts\/3267\/revisions"}],"predecessor-version":[{"id":3269,"href":"https:\/\/nordnesrepublikken.no\/index.php\/wp-json\/wp\/v2\/posts\/3267\/revisions\/3269"}],"wp:featuredmedia":[{"embeddable":true,"href":"https:\/\/nordnesrepublikken.no\/index.php\/wp-json\/wp\/v2\/media\/3268"}],"wp:attachment":[{"href":"https:\/\/nordnesrepublikken.no\/index.php\/wp-json\/wp\/v2\/media?parent=3267"}],"wp:term":[{"taxonomy":"category","embeddable":true,"href":"https:\/\/nordnesrepublikken.no\/index.php\/wp-json\/wp\/v2\/categories?post=3267"},{"taxonomy":"post_tag","embeddable":true,"href":"https:\/\/nordnesrepublikken.no\/index.php\/wp-json\/wp\/v2\/tags?post=3267"}],"curies":[{"name":"wp","href":"https:\/\/api.w.org\/{rel}","templated":true}]}}