{"id":3225,"date":"2025-04-11T08:50:14","date_gmt":"2025-04-11T06:50:14","guid":{"rendered":"https:\/\/nordnesrepublikken.no\/index.php\/2025\/04\/11\/den-gangen-da-et-tog-brot-ut-veggen-til-en-stasjon-i-paris-montparnasse-ulykken\/"},"modified":"2025-04-11T08:50:17","modified_gmt":"2025-04-11T06:50:17","slug":"den-gangen-da-et-tog-brot-ut-veggen-til-en-stasjon-i-paris-montparnasse-ulykken","status":"publish","type":"post","link":"https:\/\/nordnesrepublikken.no\/index.php\/2025\/04\/11\/den-gangen-da-et-tog-brot-ut-veggen-til-en-stasjon-i-paris-montparnasse-ulykken\/","title":{"rendered":"Den gangen da et tog br\u00f8t ut veggen til en stasjon i Paris: Montparnasse -ulykken"},"content":{"rendered":"<div>\n<div class=\"cp_wrapper cp_wrapper--fw mb-30 mb-20@tablet\">\n<figure class=\"mm\"><picture class=\"img\" style=\"padding-top:56.25%\"><source  media=\"(min-width: 1024px)\"><source  media=\"(min-width: 768px)\"><\/source><\/source><\/picture><\/figure>\n<\/p><\/div>\n<p>EN <strong>uvanlig jernbaneulykke<\/strong> p\u00e5 stasjonen <strong>Montparnasse<\/strong> Av <strong>Paris <\/strong>de<strong> 22. oktober 1895<\/strong>til<strong> 15:55<\/strong>: Et tog, og pr\u00f8vde \u00e5 gjenopprette forsinkelsen som ble akkumulert under reisen, stoppet ikke p\u00e5 slutten av banen, br\u00f8t veggen p\u00e5 stasjonen og avsporet midt p\u00e5 veien. Dessverre i ulykken var det<strong> 1 offer og 5 skadet<\/strong>inkludert to passasjerer, en brannmann og to jernbaneansatte. Tror du at han ble s\u00e5 godt kjent den gangen at han mange \u00e5r senere ogs\u00e5 ble tatt opp av Martin Scorsese i sin film <em>Hugo Cabret<\/em>. Men hvordan skjedde noe slikt?<\/p>\n<h2>Gjenoppbyggingen av ulykken<\/h2>\n<p>Det aktuelle toget var<strong>Express nummer 56<\/strong> kommer fra <strong>Grandville,<\/strong> i Normandie. Kj\u00f8ret\u00f8yet var sammensatt av et damplokomotiv, en kullvogn, to bagasjevogner og ti passasjervogner, inkludert en stuevogn og en siste vogn for bagasjetransport. Om bord de var til stede <strong>131 passasjerer<\/strong>.<\/p>\n<p>Dessverre, under reisen samlet toget av forsinkelsen p\u00e5 Versailles-chantier stasjonen, og av denne grunn sj\u00e5f\u00f8ren <strong>Pellerine Guillame<\/strong> Han bestemte seg for \u00e5 \u00f8ke hastigheten for \u00e5 gjenopprette tid. Dessverre n\u00e5r kj\u00f8ret\u00f8yet var for n\u00e6r stasjonen, inns\u00e5 han at <strong>bremsesystem<\/strong> Det var mangelfullt og at derfor aldri ville ha klart \u00e5 stoppe i tide. De pr\u00f8vde da \u00e5 betjene<strong> N\u00f8dbremser<\/strong>men dessverre ikke engang de var tilstrekkelige: toget klarte ikke \u00e5 stoppe i tid, overskred avvisningen p\u00e5 slutten av sporene og traff stasjonen til omtrent omtrent <strong>40 km\/t<\/strong>havner p\u00e5 gaten, i n\u00e6rheten av et kiosk. Det eneste offeret var ikke om bord i toget, men hun var selger av aviser utenfor stasjonen, slike <strong>Marie-Augustine Aguillard<\/strong>som ble d\u00f8delig rammet av en kollapset del av murverk.<\/p>\n<div class=\"cp_wrapper cp_wrapper--fw mb-50\">\n<figure class=\"mm\"><picture class=\"img\" style=\"padding-top:84.375%\"><source  media=\"(min-width: 1024px)\"><source  media=\"(min-width: 768px)\"><img decoding=\"async\" loading=\"lazy\" src=\"https:\/\/nordnesrepublikken.no\/wp-content\/uploads\/2025\/04\/1744354214_414_Den-gangen-da-et-tog-brot-ut-veggen-til-en.jpg\" alt=\"Bilde\" width=\"960\" height=\"810\"><\/source><\/source><\/picture><\/figure>\n<\/p><\/div>\n<h2>Konsekvensene av ulykken<\/h2>\n<p>Som forventet, kom nyhetene raskt om turen til alle forsidene i verden &#8211; ogs\u00e5 med tanke p\u00e5 det faktum at lokomotivet hadde holdt seg <strong>vesentlig<\/strong> <strong>integrert<\/strong>. Tror du at den gang til \u00e5 inneholde hakkede koteletter og journalister de ble sendt <strong>120 kommunale vakter,<\/strong> hvorav 20 p\u00e5 hesteryggen og 100 til fots. Selv noen mennesker ble s\u00e5 sykelig tiltrukket av dette arrangementet at de tok billetter for \u00e5 komme inn p\u00e5 stasjonen uten \u00e5 virkelig m\u00e5tte ta et tog, men bare for \u00e5 f\u00e5 muligheten til \u00e5 se skrotet fra inne i bygningen.<\/p>\n<p>Og i stedet hva som skjedde med sj\u00e5f\u00f8rene? <strong>Pellerine Guillame<\/strong> Han ble d\u00f8mt til <strong>To m\u00e5neders fengsel<\/strong> Og han m\u00e5tte betale en bot p\u00e5 50 franc &#8211; det vil si omtrent<strong> 22 tusen euro n\u00e5v\u00e6rende<\/strong> &#8211; mens <strong>Albert Mariette<\/strong>den andre piloten i vervet, m\u00e5tte &laquo;bare&raquo; betale <strong>25 franc<\/strong>tilsvarer omtrent <strong>11 tusen euro<\/strong>.<\/p>\n<\/p><\/div>\n","protected":false},"excerpt":{"rendered":"<p>EN uvanlig jernbaneulykke p\u00e5 stasjonen Montparnasse Av Paris de 22. oktober 1895til 15:55: Et tog,<\/p>\n","protected":false},"author":1,"featured_media":3226,"comment_status":"closed","ping_status":"open","sticky":false,"template":"","format":"standard","meta":{"footnotes":""},"categories":[104],"tags":[1008,74,1006,1011,980,1010,117,1007,265,1009],"class_list":["post-3225","post","type-post","status-publish","format-standard","has-post-thumbnail","hentry","category-samfunn","tag-brot","tag-den","tag-gangen","tag-montparnasse","tag-paris","tag-stasjon","tag-til","tag-tog","tag-ulykken","tag-veggen","generate-columns","tablet-grid-50","mobile-grid-100","grid-parent","grid-33","resize-featured-image"],"yoast_head":"<!-- This site is optimized with the Yoast SEO plugin v24.4 - https:\/\/yoast.com\/wordpress\/plugins\/seo\/ -->\n<title>Den gangen da et tog br\u00f8t ut veggen til en stasjon i Paris: Montparnasse -ulykken - Nordnesrepublikken<\/title>\n<meta name=\"robots\" content=\"index, follow, max-snippet:-1, max-image-preview:large, max-video-preview:-1\" \/>\n<link rel=\"canonical\" href=\"https:\/\/nordnesrepublikken.no\/index.php\/2025\/04\/11\/den-gangen-da-et-tog-brot-ut-veggen-til-en-stasjon-i-paris-montparnasse-ulykken\/\" \/>\n<meta property=\"og:locale\" content=\"nb_NO\" \/>\n<meta property=\"og:type\" content=\"article\" \/>\n<meta property=\"og:title\" content=\"Den gangen da et tog br\u00f8t ut veggen til en stasjon i Paris: Montparnasse -ulykken - Nordnesrepublikken\" \/>\n<meta property=\"og:description\" content=\"EN uvanlig jernbaneulykke p\u00e5 stasjonen Montparnasse Av Paris de 22. oktober 1895til 15:55: Et tog,\" \/>\n<meta property=\"og:url\" content=\"https:\/\/nordnesrepublikken.no\/index.php\/2025\/04\/11\/den-gangen-da-et-tog-brot-ut-veggen-til-en-stasjon-i-paris-montparnasse-ulykken\/\" \/>\n<meta property=\"og:site_name\" content=\"Nordnesrepublikken\" \/>\n<meta property=\"article:published_time\" content=\"2025-04-11T06:50:14+00:00\" \/>\n<meta property=\"article:modified_time\" content=\"2025-04-11T06:50:17+00:00\" \/>\n<meta property=\"og:image\" content=\"https:\/\/nordnesrepublikken.no\/wp-content\/uploads\/2025\/04\/1744354214_Den-gangen-da-et-tog-brot-ut-veggen-til-en.jpg\" \/>\n\t<meta property=\"og:image:width\" content=\"2549\" \/>\n\t<meta property=\"og:image:height\" content=\"1491\" \/>\n\t<meta property=\"og:image:type\" content=\"image\/jpeg\" \/>\n<meta name=\"author\" content=\"Ole Andersen\" \/>\n<meta name=\"twitter:card\" content=\"summary_large_image\" \/>\n<meta name=\"twitter:label1\" content=\"Skrevet av\" \/>\n\t<meta name=\"twitter:data1\" content=\"Ole Andersen\" \/>\n\t<meta name=\"twitter:label2\" content=\"Ansl. lesetid\" \/>\n\t<meta name=\"twitter:data2\" content=\"2 minutter\" \/>\n<script type=\"application\/ld+json\" class=\"yoast-schema-graph\">{\"@context\":\"https:\/\/schema.org\",\"@graph\":[{\"@type\":\"Article\",\"@id\":\"https:\/\/nordnesrepublikken.no\/index.php\/2025\/04\/11\/den-gangen-da-et-tog-brot-ut-veggen-til-en-stasjon-i-paris-montparnasse-ulykken\/#article\",\"isPartOf\":{\"@id\":\"https:\/\/nordnesrepublikken.no\/index.php\/2025\/04\/11\/den-gangen-da-et-tog-brot-ut-veggen-til-en-stasjon-i-paris-montparnasse-ulykken\/\"},\"author\":{\"name\":\"Ole Andersen\",\"@id\":\"https:\/\/nordnesrepublikken.no\/#\/schema\/person\/2e7e81935bab77882fffb79296240ff1\"},\"headline\":\"Den gangen da et tog br\u00f8t ut veggen til en stasjon i Paris: Montparnasse -ulykken\",\"datePublished\":\"2025-04-11T06:50:14+00:00\",\"dateModified\":\"2025-04-11T06:50:17+00:00\",\"mainEntityOfPage\":{\"@id\":\"https:\/\/nordnesrepublikken.no\/index.php\/2025\/04\/11\/den-gangen-da-et-tog-brot-ut-veggen-til-en-stasjon-i-paris-montparnasse-ulykken\/\"},\"wordCount\":418,\"publisher\":{\"@id\":\"https:\/\/nordnesrepublikken.no\/#organization\"},\"image\":{\"@id\":\"https:\/\/nordnesrepublikken.no\/index.php\/2025\/04\/11\/den-gangen-da-et-tog-brot-ut-veggen-til-en-stasjon-i-paris-montparnasse-ulykken\/#primaryimage\"},\"thumbnailUrl\":\"https:\/\/nordnesrepublikken.no\/wp-content\/uploads\/2025\/04\/1744354214_Den-gangen-da-et-tog-brot-ut-veggen-til-en.jpg\",\"keywords\":[\"br\u00f8t\",\"den\",\"gangen\",\"Montparnasse\",\"Paris\",\"stasjon\",\"til\",\"tog\",\"ulykken\",\"veggen\"],\"articleSection\":[\"Samfunn\"],\"inLanguage\":\"nb-NO\"},{\"@type\":\"WebPage\",\"@id\":\"https:\/\/nordnesrepublikken.no\/index.php\/2025\/04\/11\/den-gangen-da-et-tog-brot-ut-veggen-til-en-stasjon-i-paris-montparnasse-ulykken\/\",\"url\":\"https:\/\/nordnesrepublikken.no\/index.php\/2025\/04\/11\/den-gangen-da-et-tog-brot-ut-veggen-til-en-stasjon-i-paris-montparnasse-ulykken\/\",\"name\":\"Den gangen da et tog br\u00f8t ut veggen til en stasjon i Paris: Montparnasse -ulykken - Nordnesrepublikken\",\"isPartOf\":{\"@id\":\"https:\/\/nordnesrepublikken.no\/#website\"},\"primaryImageOfPage\":{\"@id\":\"https:\/\/nordnesrepublikken.no\/index.php\/2025\/04\/11\/den-gangen-da-et-tog-brot-ut-veggen-til-en-stasjon-i-paris-montparnasse-ulykken\/#primaryimage\"},\"image\":{\"@id\":\"https:\/\/nordnesrepublikken.no\/index.php\/2025\/04\/11\/den-gangen-da-et-tog-brot-ut-veggen-til-en-stasjon-i-paris-montparnasse-ulykken\/#primaryimage\"},\"thumbnailUrl\":\"https:\/\/nordnesrepublikken.no\/wp-content\/uploads\/2025\/04\/1744354214_Den-gangen-da-et-tog-brot-ut-veggen-til-en.jpg\",\"datePublished\":\"2025-04-11T06:50:14+00:00\",\"dateModified\":\"2025-04-11T06:50:17+00:00\",\"breadcrumb\":{\"@id\":\"https:\/\/nordnesrepublikken.no\/index.php\/2025\/04\/11\/den-gangen-da-et-tog-brot-ut-veggen-til-en-stasjon-i-paris-montparnasse-ulykken\/#breadcrumb\"},\"inLanguage\":\"nb-NO\",\"potentialAction\":[{\"@type\":\"ReadAction\",\"target\":[\"https:\/\/nordnesrepublikken.no\/index.php\/2025\/04\/11\/den-gangen-da-et-tog-brot-ut-veggen-til-en-stasjon-i-paris-montparnasse-ulykken\/\"]}]},{\"@type\":\"ImageObject\",\"inLanguage\":\"nb-NO\",\"@id\":\"https:\/\/nordnesrepublikken.no\/index.php\/2025\/04\/11\/den-gangen-da-et-tog-brot-ut-veggen-til-en-stasjon-i-paris-montparnasse-ulykken\/#primaryimage\",\"url\":\"https:\/\/nordnesrepublikken.no\/wp-content\/uploads\/2025\/04\/1744354214_Den-gangen-da-et-tog-brot-ut-veggen-til-en.jpg\",\"contentUrl\":\"https:\/\/nordnesrepublikken.no\/wp-content\/uploads\/2025\/04\/1744354214_Den-gangen-da-et-tog-brot-ut-veggen-til-en.jpg\",\"width\":2549,\"height\":1491,\"caption\":\"Immagine\"},{\"@type\":\"BreadcrumbList\",\"@id\":\"https:\/\/nordnesrepublikken.no\/index.php\/2025\/04\/11\/den-gangen-da-et-tog-brot-ut-veggen-til-en-stasjon-i-paris-montparnasse-ulykken\/#breadcrumb\",\"itemListElement\":[{\"@type\":\"ListItem\",\"position\":1,\"name\":\"Home\",\"item\":\"https:\/\/nordnesrepublikken.no\/\"},{\"@type\":\"ListItem\",\"position\":2,\"name\":\"Den gangen da et tog br\u00f8t ut veggen til en stasjon i Paris: Montparnasse -ulykken\"}]},{\"@type\":\"WebSite\",\"@id\":\"https:\/\/nordnesrepublikken.no\/#website\",\"url\":\"https:\/\/nordnesrepublikken.no\/\",\"name\":\"Nordnesrepublikken\",\"description\":\"Stemmer og Visjoner fra Republikkens Hjerte\",\"publisher\":{\"@id\":\"https:\/\/nordnesrepublikken.no\/#organization\"},\"potentialAction\":[{\"@type\":\"SearchAction\",\"target\":{\"@type\":\"EntryPoint\",\"urlTemplate\":\"https:\/\/nordnesrepublikken.no\/?s={search_term_string}\"},\"query-input\":{\"@type\":\"PropertyValueSpecification\",\"valueRequired\":true,\"valueName\":\"search_term_string\"}}],\"inLanguage\":\"nb-NO\"},{\"@type\":\"Organization\",\"@id\":\"https:\/\/nordnesrepublikken.no\/#organization\",\"name\":\"Nordnesrepublikken\",\"url\":\"https:\/\/nordnesrepublikken.no\/\",\"logo\":{\"@type\":\"ImageObject\",\"inLanguage\":\"nb-NO\",\"@id\":\"https:\/\/nordnesrepublikken.no\/#\/schema\/logo\/image\/\",\"url\":\"https:\/\/nordnesrepublikken.no\/wp-content\/uploads\/2025\/02\/cropped-nordnesrepublikken-2.png\",\"contentUrl\":\"https:\/\/nordnesrepublikken.no\/wp-content\/uploads\/2025\/02\/cropped-nordnesrepublikken-2.png\",\"width\":1248,\"height\":362,\"caption\":\"Nordnesrepublikken\"},\"image\":{\"@id\":\"https:\/\/nordnesrepublikken.no\/#\/schema\/logo\/image\/\"}},{\"@type\":\"Person\",\"@id\":\"https:\/\/nordnesrepublikken.no\/#\/schema\/person\/2e7e81935bab77882fffb79296240ff1\",\"name\":\"Ole Andersen\",\"image\":{\"@type\":\"ImageObject\",\"inLanguage\":\"nb-NO\",\"@id\":\"https:\/\/nordnesrepublikken.no\/#\/schema\/person\/image\/\",\"url\":\"https:\/\/nordnesrepublikken.no\/wp-content\/uploads\/2025\/02\/nordnesrepublikken-2-2-150x150.jpg\",\"contentUrl\":\"https:\/\/nordnesrepublikken.no\/wp-content\/uploads\/2025\/02\/nordnesrepublikken-2-2-150x150.jpg\",\"caption\":\"Ole Andersen\"},\"description\":\"Ettersom jeg vokste opp i Oslo, har jeg alltid v\u00e6rt fascinert av ordenes kraft og deres evne til \u00e5 skape endringer. Etter \u00e5 ha fullf\u00f8rt min utdannelse i kommunikasjon ved Universitetet i Bergen, fikk jeg muligheten til \u00e5 jobbe innen ulike medier, der jeg har s\u00f8kt \u00e5 belyse viktige samfunnssp\u00f8rsm\u00e5l. I dag, som redakt\u00f8r for Nordnesrepublikken, pr\u00f8ver jeg \u00e5 forene min kj\u00e6rlighet for journalistikk med min lidenskap for innovasjon og eventyr.\",\"sameAs\":[\"https:\/\/nordnesrepublikken.no\/\"]}]}<\/script>\n<!-- \/ Yoast SEO plugin. -->","yoast_head_json":{"title":"Den gangen da et tog br\u00f8t ut veggen til en stasjon i Paris: Montparnasse -ulykken - Nordnesrepublikken","robots":{"index":"index","follow":"follow","max-snippet":"max-snippet:-1","max-image-preview":"max-image-preview:large","max-video-preview":"max-video-preview:-1"},"canonical":"https:\/\/nordnesrepublikken.no\/index.php\/2025\/04\/11\/den-gangen-da-et-tog-brot-ut-veggen-til-en-stasjon-i-paris-montparnasse-ulykken\/","og_locale":"nb_NO","og_type":"article","og_title":"Den gangen da et tog br\u00f8t ut veggen til en stasjon i Paris: Montparnasse -ulykken - Nordnesrepublikken","og_description":"EN uvanlig jernbaneulykke p\u00e5 stasjonen Montparnasse Av Paris de 22. oktober 1895til 15:55: Et tog,","og_url":"https:\/\/nordnesrepublikken.no\/index.php\/2025\/04\/11\/den-gangen-da-et-tog-brot-ut-veggen-til-en-stasjon-i-paris-montparnasse-ulykken\/","og_site_name":"Nordnesrepublikken","article_published_time":"2025-04-11T06:50:14+00:00","article_modified_time":"2025-04-11T06:50:17+00:00","og_image":[{"width":2549,"height":1491,"url":"https:\/\/nordnesrepublikken.no\/wp-content\/uploads\/2025\/04\/1744354214_Den-gangen-da-et-tog-brot-ut-veggen-til-en.jpg","type":"image\/jpeg"}],"author":"Ole Andersen","twitter_card":"summary_large_image","twitter_misc":{"Skrevet av":"Ole Andersen","Ansl. lesetid":"2 minutter"},"schema":{"@context":"https:\/\/schema.org","@graph":[{"@type":"Article","@id":"https:\/\/nordnesrepublikken.no\/index.php\/2025\/04\/11\/den-gangen-da-et-tog-brot-ut-veggen-til-en-stasjon-i-paris-montparnasse-ulykken\/#article","isPartOf":{"@id":"https:\/\/nordnesrepublikken.no\/index.php\/2025\/04\/11\/den-gangen-da-et-tog-brot-ut-veggen-til-en-stasjon-i-paris-montparnasse-ulykken\/"},"author":{"name":"Ole Andersen","@id":"https:\/\/nordnesrepublikken.no\/#\/schema\/person\/2e7e81935bab77882fffb79296240ff1"},"headline":"Den gangen da et tog br\u00f8t ut veggen til en stasjon i Paris: Montparnasse -ulykken","datePublished":"2025-04-11T06:50:14+00:00","dateModified":"2025-04-11T06:50:17+00:00","mainEntityOfPage":{"@id":"https:\/\/nordnesrepublikken.no\/index.php\/2025\/04\/11\/den-gangen-da-et-tog-brot-ut-veggen-til-en-stasjon-i-paris-montparnasse-ulykken\/"},"wordCount":418,"publisher":{"@id":"https:\/\/nordnesrepublikken.no\/#organization"},"image":{"@id":"https:\/\/nordnesrepublikken.no\/index.php\/2025\/04\/11\/den-gangen-da-et-tog-brot-ut-veggen-til-en-stasjon-i-paris-montparnasse-ulykken\/#primaryimage"},"thumbnailUrl":"https:\/\/nordnesrepublikken.no\/wp-content\/uploads\/2025\/04\/1744354214_Den-gangen-da-et-tog-brot-ut-veggen-til-en.jpg","keywords":["br\u00f8t","den","gangen","Montparnasse","Paris","stasjon","til","tog","ulykken","veggen"],"articleSection":["Samfunn"],"inLanguage":"nb-NO"},{"@type":"WebPage","@id":"https:\/\/nordnesrepublikken.no\/index.php\/2025\/04\/11\/den-gangen-da-et-tog-brot-ut-veggen-til-en-stasjon-i-paris-montparnasse-ulykken\/","url":"https:\/\/nordnesrepublikken.no\/index.php\/2025\/04\/11\/den-gangen-da-et-tog-brot-ut-veggen-til-en-stasjon-i-paris-montparnasse-ulykken\/","name":"Den gangen da et tog br\u00f8t ut veggen til en stasjon i Paris: Montparnasse -ulykken - Nordnesrepublikken","isPartOf":{"@id":"https:\/\/nordnesrepublikken.no\/#website"},"primaryImageOfPage":{"@id":"https:\/\/nordnesrepublikken.no\/index.php\/2025\/04\/11\/den-gangen-da-et-tog-brot-ut-veggen-til-en-stasjon-i-paris-montparnasse-ulykken\/#primaryimage"},"image":{"@id":"https:\/\/nordnesrepublikken.no\/index.php\/2025\/04\/11\/den-gangen-da-et-tog-brot-ut-veggen-til-en-stasjon-i-paris-montparnasse-ulykken\/#primaryimage"},"thumbnailUrl":"https:\/\/nordnesrepublikken.no\/wp-content\/uploads\/2025\/04\/1744354214_Den-gangen-da-et-tog-brot-ut-veggen-til-en.jpg","datePublished":"2025-04-11T06:50:14+00:00","dateModified":"2025-04-11T06:50:17+00:00","breadcrumb":{"@id":"https:\/\/nordnesrepublikken.no\/index.php\/2025\/04\/11\/den-gangen-da-et-tog-brot-ut-veggen-til-en-stasjon-i-paris-montparnasse-ulykken\/#breadcrumb"},"inLanguage":"nb-NO","potentialAction":[{"@type":"ReadAction","target":["https:\/\/nordnesrepublikken.no\/index.php\/2025\/04\/11\/den-gangen-da-et-tog-brot-ut-veggen-til-en-stasjon-i-paris-montparnasse-ulykken\/"]}]},{"@type":"ImageObject","inLanguage":"nb-NO","@id":"https:\/\/nordnesrepublikken.no\/index.php\/2025\/04\/11\/den-gangen-da-et-tog-brot-ut-veggen-til-en-stasjon-i-paris-montparnasse-ulykken\/#primaryimage","url":"https:\/\/nordnesrepublikken.no\/wp-content\/uploads\/2025\/04\/1744354214_Den-gangen-da-et-tog-brot-ut-veggen-til-en.jpg","contentUrl":"https:\/\/nordnesrepublikken.no\/wp-content\/uploads\/2025\/04\/1744354214_Den-gangen-da-et-tog-brot-ut-veggen-til-en.jpg","width":2549,"height":1491,"caption":"Immagine"},{"@type":"BreadcrumbList","@id":"https:\/\/nordnesrepublikken.no\/index.php\/2025\/04\/11\/den-gangen-da-et-tog-brot-ut-veggen-til-en-stasjon-i-paris-montparnasse-ulykken\/#breadcrumb","itemListElement":[{"@type":"ListItem","position":1,"name":"Home","item":"https:\/\/nordnesrepublikken.no\/"},{"@type":"ListItem","position":2,"name":"Den gangen da et tog br\u00f8t ut veggen til en stasjon i Paris: Montparnasse -ulykken"}]},{"@type":"WebSite","@id":"https:\/\/nordnesrepublikken.no\/#website","url":"https:\/\/nordnesrepublikken.no\/","name":"Nordnesrepublikken","description":"Stemmer og Visjoner fra Republikkens Hjerte","publisher":{"@id":"https:\/\/nordnesrepublikken.no\/#organization"},"potentialAction":[{"@type":"SearchAction","target":{"@type":"EntryPoint","urlTemplate":"https:\/\/nordnesrepublikken.no\/?s={search_term_string}"},"query-input":{"@type":"PropertyValueSpecification","valueRequired":true,"valueName":"search_term_string"}}],"inLanguage":"nb-NO"},{"@type":"Organization","@id":"https:\/\/nordnesrepublikken.no\/#organization","name":"Nordnesrepublikken","url":"https:\/\/nordnesrepublikken.no\/","logo":{"@type":"ImageObject","inLanguage":"nb-NO","@id":"https:\/\/nordnesrepublikken.no\/#\/schema\/logo\/image\/","url":"https:\/\/nordnesrepublikken.no\/wp-content\/uploads\/2025\/02\/cropped-nordnesrepublikken-2.png","contentUrl":"https:\/\/nordnesrepublikken.no\/wp-content\/uploads\/2025\/02\/cropped-nordnesrepublikken-2.png","width":1248,"height":362,"caption":"Nordnesrepublikken"},"image":{"@id":"https:\/\/nordnesrepublikken.no\/#\/schema\/logo\/image\/"}},{"@type":"Person","@id":"https:\/\/nordnesrepublikken.no\/#\/schema\/person\/2e7e81935bab77882fffb79296240ff1","name":"Ole Andersen","image":{"@type":"ImageObject","inLanguage":"nb-NO","@id":"https:\/\/nordnesrepublikken.no\/#\/schema\/person\/image\/","url":"https:\/\/nordnesrepublikken.no\/wp-content\/uploads\/2025\/02\/nordnesrepublikken-2-2-150x150.jpg","contentUrl":"https:\/\/nordnesrepublikken.no\/wp-content\/uploads\/2025\/02\/nordnesrepublikken-2-2-150x150.jpg","caption":"Ole Andersen"},"description":"Ettersom jeg vokste opp i Oslo, har jeg alltid v\u00e6rt fascinert av ordenes kraft og deres evne til \u00e5 skape endringer. Etter \u00e5 ha fullf\u00f8rt min utdannelse i kommunikasjon ved Universitetet i Bergen, fikk jeg muligheten til \u00e5 jobbe innen ulike medier, der jeg har s\u00f8kt \u00e5 belyse viktige samfunnssp\u00f8rsm\u00e5l. I dag, som redakt\u00f8r for Nordnesrepublikken, pr\u00f8ver jeg \u00e5 forene min kj\u00e6rlighet for journalistikk med min lidenskap for innovasjon og eventyr.","sameAs":["https:\/\/nordnesrepublikken.no\/"]}]}},"_links":{"self":[{"href":"https:\/\/nordnesrepublikken.no\/index.php\/wp-json\/wp\/v2\/posts\/3225","targetHints":{"allow":["GET"]}}],"collection":[{"href":"https:\/\/nordnesrepublikken.no\/index.php\/wp-json\/wp\/v2\/posts"}],"about":[{"href":"https:\/\/nordnesrepublikken.no\/index.php\/wp-json\/wp\/v2\/types\/post"}],"author":[{"embeddable":true,"href":"https:\/\/nordnesrepublikken.no\/index.php\/wp-json\/wp\/v2\/users\/1"}],"replies":[{"embeddable":true,"href":"https:\/\/nordnesrepublikken.no\/index.php\/wp-json\/wp\/v2\/comments?post=3225"}],"version-history":[{"count":1,"href":"https:\/\/nordnesrepublikken.no\/index.php\/wp-json\/wp\/v2\/posts\/3225\/revisions"}],"predecessor-version":[{"id":3227,"href":"https:\/\/nordnesrepublikken.no\/index.php\/wp-json\/wp\/v2\/posts\/3225\/revisions\/3227"}],"wp:featuredmedia":[{"embeddable":true,"href":"https:\/\/nordnesrepublikken.no\/index.php\/wp-json\/wp\/v2\/media\/3226"}],"wp:attachment":[{"href":"https:\/\/nordnesrepublikken.no\/index.php\/wp-json\/wp\/v2\/media?parent=3225"}],"wp:term":[{"taxonomy":"category","embeddable":true,"href":"https:\/\/nordnesrepublikken.no\/index.php\/wp-json\/wp\/v2\/categories?post=3225"},{"taxonomy":"post_tag","embeddable":true,"href":"https:\/\/nordnesrepublikken.no\/index.php\/wp-json\/wp\/v2\/tags?post=3225"}],"curies":[{"name":"wp","href":"https:\/\/api.w.org\/{rel}","templated":true}]}}